{"id":86374,"date":"2025-07-22T11:43:33","date_gmt":"2025-07-22T14:43:33","guid":{"rendered":"https:\/\/cleitonpinheiro.com.br\/site\/?p=86374"},"modified":"2025-07-25T10:08:47","modified_gmt":"2025-07-25T13:08:47","slug":"confira-lista-de-sorteados-do-nota-palmense-premiada-deste-mes-de-julho","status":"publish","type":"post","link":"https:\/\/cleitonpinheiro.com.br\/site\/confira-lista-de-sorteados-do-nota-palmense-premiada-deste-mes-de-julho\/","title":{"rendered":"Confira lista de sorteados do Nota Palmense Premiada deste m\u00eas de julho"},"content":{"rendered":"\n<figure class=\"wp-block-image size-large\"><img fetchpriority=\"high\" decoding=\"async\" width=\"1024\" height=\"683\" src=\"https:\/\/cleitonpinheiro.com.br\/site\/wp-content\/uploads\/2025\/07\/1G6A1668-1536x1024-1-1024x683.jpg\" alt=\"\" class=\"wp-image-86375\" srcset=\"https:\/\/cleitonpinheiro.com.br\/site\/wp-content\/uploads\/2025\/07\/1G6A1668-1536x1024-1-1024x683.jpg 1024w, https:\/\/cleitonpinheiro.com.br\/site\/wp-content\/uploads\/2025\/07\/1G6A1668-1536x1024-1-300x200.jpg 300w, https:\/\/cleitonpinheiro.com.br\/site\/wp-content\/uploads\/2025\/07\/1G6A1668-1536x1024-1-768x512.jpg 768w, https:\/\/cleitonpinheiro.com.br\/site\/wp-content\/uploads\/2025\/07\/1G6A1668-1536x1024-1.jpg 1536w\" sizes=\"(max-width: 1024px) 100vw, 1024px\" \/><figcaption class=\"wp-element-caption\">Foto: Regiane Rocha<\/figcaption><\/figure>\n\n\n\n<p>Com 9.314 cupons convertidos dentro do prazo, o sorteio do Nota Palmense Premiada realizado no s\u00e1bado, 19, contemplou 31 contribuintes. O primeiro colocado receber\u00e1 a premia\u00e7\u00e3o de R$ 10 mil. Os sorteados da 2\u00aa ao 31\u00aa posi\u00e7\u00e3o ganharam R$ 500,00 cada. A lista completa com os sorteados j\u00e1 est\u00e1 dispon\u00edvel e pode ser conferida&nbsp;<a href=\"https:\/\/notapremiada.palmas.to.gov.br\/programa\/sorteios\/\">clicando aqui.<\/a><\/p>\n\n\n\n<p>Para receber a premia\u00e7\u00e3o, o contribuinte sorteado deve enviar as c\u00f3pias dos documentos pessoais, dados banc\u00e1rios e N\u00famero de Identifica\u00e7\u00e3o do Trabalhador (NIT), para o e-mail&nbsp;<a href=\"mailto:notapalmensepremiada@gmail.com\">notapalmensepremiada@gmail.com<\/a>. Isso deve ser feito dentro do prazo de 90 dias.<\/p>\n\n\n\n<h2 class=\"wp-block-heading\">Pr\u00f3ximo sorteio<\/h2>\n\n\n\n<p>Os palmenses interessados em participar do pr\u00f3ximo sorteio do Programa Nota Palmense Premiada j\u00e1 podem converter seus cupons no site oficial. O prazo segue aberto at\u00e9 o dia 31 deste m\u00eas de julho. A realiza\u00e7\u00e3o ser\u00e1 no dia 16 de agosto de 2025.<\/p>\n\n\n\n<p>Texto: Cyntia Miranda &#8211; Prefeitura de Palmas<\/p>\n","protected":false},"excerpt":{"rendered":"<p>Com 9.314 cupons convertidos dentro do prazo, o sorteio do Nota Palmense Premiada realizado no s\u00e1bado, 19, contemplou 31 contribuintes. O primeiro colocado receber\u00e1 a premia\u00e7\u00e3o de R$ 10 mil. Os sorteados da 2\u00aa ao 31\u00aa posi\u00e7\u00e3o ganharam R$ 500,00 cada. A lista completa com os sorteados j\u00e1 est\u00e1 dispon\u00edvel e pode ser conferida&nbsp;clicando aqui. [&hellip;]<\/p>\n","protected":false},"author":13,"featured_media":86375,"comment_status":"open","ping_status":"open","sticky":false,"template":"","format":"standard","meta":{"_acf_changed":false,"footnotes":""},"categories":[22,898,21],"tags":[],"class_list":["post-86374","post","type-post","status-publish","format-standard","has-post-thumbnail","hentry","category-cidades","category-manchete-segundaria","category-todas-noticias"],"acf":[],"yoast_head":"<!-- This site is optimized with the Yoast SEO plugin v24.4 - https:\/\/yoast.com\/wordpress\/plugins\/seo\/ -->\n<title>Confira lista de sorteados do Nota Palmense Premiada deste m\u00eas de julho - PORTAL DE NOT\u00cdCIAS CLEITON PINHEIRO<\/title>\n<meta name=\"robots\" content=\"index, follow, max-snippet:-1, max-image-preview:large, max-video-preview:-1\" \/>\n<link rel=\"canonical\" href=\"https:\/\/cleitonpinheiro.com.br\/site\/confira-lista-de-sorteados-do-nota-palmense-premiada-deste-mes-de-julho\/\" \/>\n<meta property=\"og:locale\" content=\"pt_BR\" \/>\n<meta property=\"og:type\" content=\"article\" \/>\n<meta property=\"og:title\" content=\"Confira lista de sorteados do Nota Palmense Premiada deste m\u00eas de julho - PORTAL DE NOT\u00cdCIAS CLEITON PINHEIRO\" \/>\n<meta property=\"og:description\" content=\"Com 9.314 cupons convertidos dentro do prazo, o sorteio do Nota Palmense Premiada realizado no s\u00e1bado, 19, contemplou 31 contribuintes. O primeiro colocado receber\u00e1 a premia\u00e7\u00e3o de R$ 10 mil. Os sorteados da 2\u00aa ao 31\u00aa posi\u00e7\u00e3o ganharam R$ 500,00 cada. A lista completa com os sorteados j\u00e1 est\u00e1 dispon\u00edvel e pode ser conferida&nbsp;clicando aqui. [&hellip;]\" \/>\n<meta property=\"og:url\" content=\"https:\/\/cleitonpinheiro.com.br\/site\/confira-lista-de-sorteados-do-nota-palmense-premiada-deste-mes-de-julho\/\" \/>\n<meta property=\"og:site_name\" content=\"PORTAL DE NOT\u00cdCIAS CLEITON PINHEIRO\" \/>\n<meta property=\"article:publisher\" content=\"https:\/\/www.facebook.com\/portalcpnoticias\/\" \/>\n<meta property=\"article:published_time\" content=\"2025-07-22T14:43:33+00:00\" \/>\n<meta property=\"article:modified_time\" content=\"2025-07-25T13:08:47+00:00\" \/>\n<meta property=\"og:image\" content=\"https:\/\/cleitonpinheiro.com.br\/site\/wp-content\/uploads\/2025\/07\/1G6A1668-1536x1024-1.jpg\" \/>\n\t<meta property=\"og:image:width\" content=\"1536\" \/>\n\t<meta property=\"og:image:height\" content=\"1024\" \/>\n\t<meta property=\"og:image:type\" content=\"image\/jpeg\" \/>\n<meta name=\"author\" content=\"Reda\u00e7\u00e3o CP\" \/>\n<meta name=\"twitter:card\" content=\"summary_large_image\" \/>\n<meta name=\"twitter:label1\" content=\"Escrito por\" \/>\n\t<meta name=\"twitter:data1\" content=\"Reda\u00e7\u00e3o CP\" \/>\n\t<meta name=\"twitter:label2\" content=\"Est. tempo de leitura\" \/>\n\t<meta name=\"twitter:data2\" content=\"2 minutos\" \/>\n<script type=\"application\/ld+json\" class=\"yoast-schema-graph\">{\"@context\":\"https:\/\/schema.org\",\"@graph\":[{\"@type\":\"Article\",\"@id\":\"https:\/\/cleitonpinheiro.com.br\/site\/confira-lista-de-sorteados-do-nota-palmense-premiada-deste-mes-de-julho\/#article\",\"isPartOf\":{\"@id\":\"https:\/\/cleitonpinheiro.com.br\/site\/confira-lista-de-sorteados-do-nota-palmense-premiada-deste-mes-de-julho\/\"},\"author\":{\"name\":\"Reda\u00e7\u00e3o CP\",\"@id\":\"https:\/\/cleitonpinheiro.com.br\/site\/#\/schema\/person\/8f04544e0bc40a1b68775b08360f87db\"},\"headline\":\"Confira lista de sorteados do Nota Palmense Premiada deste m\u00eas de julho\",\"datePublished\":\"2025-07-22T14:43:33+00:00\",\"dateModified\":\"2025-07-25T13:08:47+00:00\",\"mainEntityOfPage\":{\"@id\":\"https:\/\/cleitonpinheiro.com.br\/site\/confira-lista-de-sorteados-do-nota-palmense-premiada-deste-mes-de-julho\/\"},\"wordCount\":167,\"commentCount\":0,\"publisher\":{\"@id\":\"https:\/\/cleitonpinheiro.com.br\/site\/#organization\"},\"image\":{\"@id\":\"https:\/\/cleitonpinheiro.com.br\/site\/confira-lista-de-sorteados-do-nota-palmense-premiada-deste-mes-de-julho\/#primaryimage\"},\"thumbnailUrl\":\"https:\/\/cleitonpinheiro.com.br\/site\/wp-content\/uploads\/2025\/07\/1G6A1668-1536x1024-1.jpg\",\"articleSection\":[\"CIDADES\",\"MANCHETE SEGUND\u00c1RIA\",\"TODAS NOTICIAS\"],\"inLanguage\":\"pt-BR\",\"potentialAction\":[{\"@type\":\"CommentAction\",\"name\":\"Comment\",\"target\":[\"https:\/\/cleitonpinheiro.com.br\/site\/confira-lista-de-sorteados-do-nota-palmense-premiada-deste-mes-de-julho\/#respond\"]}]},{\"@type\":\"WebPage\",\"@id\":\"https:\/\/cleitonpinheiro.com.br\/site\/confira-lista-de-sorteados-do-nota-palmense-premiada-deste-mes-de-julho\/\",\"url\":\"https:\/\/cleitonpinheiro.com.br\/site\/confira-lista-de-sorteados-do-nota-palmense-premiada-deste-mes-de-julho\/\",\"name\":\"Confira lista de sorteados do Nota Palmense Premiada deste m\u00eas de julho - PORTAL DE NOT\u00cdCIAS CLEITON PINHEIRO\",\"isPartOf\":{\"@id\":\"https:\/\/cleitonpinheiro.com.br\/site\/#website\"},\"primaryImageOfPage\":{\"@id\":\"https:\/\/cleitonpinheiro.com.br\/site\/confira-lista-de-sorteados-do-nota-palmense-premiada-deste-mes-de-julho\/#primaryimage\"},\"image\":{\"@id\":\"https:\/\/cleitonpinheiro.com.br\/site\/confira-lista-de-sorteados-do-nota-palmense-premiada-deste-mes-de-julho\/#primaryimage\"},\"thumbnailUrl\":\"https:\/\/cleitonpinheiro.com.br\/site\/wp-content\/uploads\/2025\/07\/1G6A1668-1536x1024-1.jpg\",\"datePublished\":\"2025-07-22T14:43:33+00:00\",\"dateModified\":\"2025-07-25T13:08:47+00:00\",\"breadcrumb\":{\"@id\":\"https:\/\/cleitonpinheiro.com.br\/site\/confira-lista-de-sorteados-do-nota-palmense-premiada-deste-mes-de-julho\/#breadcrumb\"},\"inLanguage\":\"pt-BR\",\"potentialAction\":[{\"@type\":\"ReadAction\",\"target\":[\"https:\/\/cleitonpinheiro.com.br\/site\/confira-lista-de-sorteados-do-nota-palmense-premiada-deste-mes-de-julho\/\"]}]},{\"@type\":\"ImageObject\",\"inLanguage\":\"pt-BR\",\"@id\":\"https:\/\/cleitonpinheiro.com.br\/site\/confira-lista-de-sorteados-do-nota-palmense-premiada-deste-mes-de-julho\/#primaryimage\",\"url\":\"https:\/\/cleitonpinheiro.com.br\/site\/wp-content\/uploads\/2025\/07\/1G6A1668-1536x1024-1.jpg\",\"contentUrl\":\"https:\/\/cleitonpinheiro.com.br\/site\/wp-content\/uploads\/2025\/07\/1G6A1668-1536x1024-1.jpg\",\"width\":1536,\"height\":1024,\"caption\":\"Foto: Regiane Rocha\"},{\"@type\":\"BreadcrumbList\",\"@id\":\"https:\/\/cleitonpinheiro.com.br\/site\/confira-lista-de-sorteados-do-nota-palmense-premiada-deste-mes-de-julho\/#breadcrumb\",\"itemListElement\":[{\"@type\":\"ListItem\",\"position\":1,\"name\":\"In\u00edcio\",\"item\":\"https:\/\/cleitonpinheiro.com.br\/site\/\"},{\"@type\":\"ListItem\",\"position\":2,\"name\":\"Confira lista de sorteados do Nota Palmense Premiada deste m\u00eas de julho\"}]},{\"@type\":\"WebSite\",\"@id\":\"https:\/\/cleitonpinheiro.com.br\/site\/#website\",\"url\":\"https:\/\/cleitonpinheiro.com.br\/site\/\",\"name\":\"PORTAL DE NOT\u00cdCIAS CLEITON PINHEIRO\",\"description\":\"FALANDO A VERDADE\",\"publisher\":{\"@id\":\"https:\/\/cleitonpinheiro.com.br\/site\/#organization\"},\"potentialAction\":[{\"@type\":\"SearchAction\",\"target\":{\"@type\":\"EntryPoint\",\"urlTemplate\":\"https:\/\/cleitonpinheiro.com.br\/site\/?s={search_term_string}\"},\"query-input\":{\"@type\":\"PropertyValueSpecification\",\"valueRequired\":true,\"valueName\":\"search_term_string\"}}],\"inLanguage\":\"pt-BR\"},{\"@type\":\"Organization\",\"@id\":\"https:\/\/cleitonpinheiro.com.br\/site\/#organization\",\"name\":\"CPNOT\u00cdCIAS\",\"url\":\"https:\/\/cleitonpinheiro.com.br\/site\/\",\"logo\":{\"@type\":\"ImageObject\",\"inLanguage\":\"pt-BR\",\"@id\":\"https:\/\/cleitonpinheiro.com.br\/site\/#\/schema\/logo\/image\/\",\"url\":\"https:\/\/cleitonpinheiro.com.br\/site\/wp-content\/uploads\/2022\/08\/Logo-pequena-2.png\",\"contentUrl\":\"https:\/\/cleitonpinheiro.com.br\/site\/wp-content\/uploads\/2022\/08\/Logo-pequena-2.png\",\"width\":500,\"height\":500,\"caption\":\"CPNOT\u00cdCIAS\"},\"image\":{\"@id\":\"https:\/\/cleitonpinheiro.com.br\/site\/#\/schema\/logo\/image\/\"},\"sameAs\":[\"https:\/\/www.facebook.com\/portalcpnoticias\/\"]},{\"@type\":\"Person\",\"@id\":\"https:\/\/cleitonpinheiro.com.br\/site\/#\/schema\/person\/8f04544e0bc40a1b68775b08360f87db\",\"name\":\"Reda\u00e7\u00e3o CP\",\"image\":{\"@type\":\"ImageObject\",\"inLanguage\":\"pt-BR\",\"@id\":\"https:\/\/cleitonpinheiro.com.br\/site\/#\/schema\/person\/image\/\",\"url\":\"https:\/\/secure.gravatar.com\/avatar\/0bcf19cb29fdc8fc588c490c7ae1b3e174dac268586a63fbe1d1893a0f9020cd?s=96&r=g\",\"contentUrl\":\"https:\/\/secure.gravatar.com\/avatar\/0bcf19cb29fdc8fc588c490c7ae1b3e174dac268586a63fbe1d1893a0f9020cd?s=96&r=g\",\"caption\":\"Reda\u00e7\u00e3o CP\"},\"url\":\"https:\/\/cleitonpinheiro.com.br\/site\/author\/redacao\/\"}]}<\/script>\n<!-- \/ Yoast SEO plugin. -->","yoast_head_json":{"title":"Confira lista de sorteados do Nota Palmense Premiada deste m\u00eas de julho - PORTAL DE NOT\u00cdCIAS CLEITON PINHEIRO","robots":{"index":"index","follow":"follow","max-snippet":"max-snippet:-1","max-image-preview":"max-image-preview:large","max-video-preview":"max-video-preview:-1"},"canonical":"https:\/\/cleitonpinheiro.com.br\/site\/confira-lista-de-sorteados-do-nota-palmense-premiada-deste-mes-de-julho\/","og_locale":"pt_BR","og_type":"article","og_title":"Confira lista de sorteados do Nota Palmense Premiada deste m\u00eas de julho - PORTAL DE NOT\u00cdCIAS CLEITON PINHEIRO","og_description":"Com 9.314 cupons convertidos dentro do prazo, o sorteio do Nota Palmense Premiada realizado no s\u00e1bado, 19, contemplou 31 contribuintes. O primeiro colocado receber\u00e1 a premia\u00e7\u00e3o de R$ 10 mil. Os sorteados da 2\u00aa ao 31\u00aa posi\u00e7\u00e3o ganharam R$ 500,00 cada. A lista completa com os sorteados j\u00e1 est\u00e1 dispon\u00edvel e pode ser conferida&nbsp;clicando aqui. [&hellip;]","og_url":"https:\/\/cleitonpinheiro.com.br\/site\/confira-lista-de-sorteados-do-nota-palmense-premiada-deste-mes-de-julho\/","og_site_name":"PORTAL DE NOT\u00cdCIAS CLEITON PINHEIRO","article_publisher":"https:\/\/www.facebook.com\/portalcpnoticias\/","article_published_time":"2025-07-22T14:43:33+00:00","article_modified_time":"2025-07-25T13:08:47+00:00","og_image":[{"width":1536,"height":1024,"url":"https:\/\/cleitonpinheiro.com.br\/site\/wp-content\/uploads\/2025\/07\/1G6A1668-1536x1024-1.jpg","type":"image\/jpeg"}],"author":"Reda\u00e7\u00e3o CP","twitter_card":"summary_large_image","twitter_misc":{"Escrito por":"Reda\u00e7\u00e3o CP","Est. tempo de leitura":"2 minutos"},"schema":{"@context":"https:\/\/schema.org","@graph":[{"@type":"Article","@id":"https:\/\/cleitonpinheiro.com.br\/site\/confira-lista-de-sorteados-do-nota-palmense-premiada-deste-mes-de-julho\/#article","isPartOf":{"@id":"https:\/\/cleitonpinheiro.com.br\/site\/confira-lista-de-sorteados-do-nota-palmense-premiada-deste-mes-de-julho\/"},"author":{"name":"Reda\u00e7\u00e3o CP","@id":"https:\/\/cleitonpinheiro.com.br\/site\/#\/schema\/person\/8f04544e0bc40a1b68775b08360f87db"},"headline":"Confira lista de sorteados do Nota Palmense Premiada deste m\u00eas de julho","datePublished":"2025-07-22T14:43:33+00:00","dateModified":"2025-07-25T13:08:47+00:00","mainEntityOfPage":{"@id":"https:\/\/cleitonpinheiro.com.br\/site\/confira-lista-de-sorteados-do-nota-palmense-premiada-deste-mes-de-julho\/"},"wordCount":167,"commentCount":0,"publisher":{"@id":"https:\/\/cleitonpinheiro.com.br\/site\/#organization"},"image":{"@id":"https:\/\/cleitonpinheiro.com.br\/site\/confira-lista-de-sorteados-do-nota-palmense-premiada-deste-mes-de-julho\/#primaryimage"},"thumbnailUrl":"https:\/\/cleitonpinheiro.com.br\/site\/wp-content\/uploads\/2025\/07\/1G6A1668-1536x1024-1.jpg","articleSection":["CIDADES","MANCHETE SEGUND\u00c1RIA","TODAS NOTICIAS"],"inLanguage":"pt-BR","potentialAction":[{"@type":"CommentAction","name":"Comment","target":["https:\/\/cleitonpinheiro.com.br\/site\/confira-lista-de-sorteados-do-nota-palmense-premiada-deste-mes-de-julho\/#respond"]}]},{"@type":"WebPage","@id":"https:\/\/cleitonpinheiro.com.br\/site\/confira-lista-de-sorteados-do-nota-palmense-premiada-deste-mes-de-julho\/","url":"https:\/\/cleitonpinheiro.com.br\/site\/confira-lista-de-sorteados-do-nota-palmense-premiada-deste-mes-de-julho\/","name":"Confira lista de sorteados do Nota Palmense Premiada deste m\u00eas de julho - PORTAL DE NOT\u00cdCIAS CLEITON PINHEIRO","isPartOf":{"@id":"https:\/\/cleitonpinheiro.com.br\/site\/#website"},"primaryImageOfPage":{"@id":"https:\/\/cleitonpinheiro.com.br\/site\/confira-lista-de-sorteados-do-nota-palmense-premiada-deste-mes-de-julho\/#primaryimage"},"image":{"@id":"https:\/\/cleitonpinheiro.com.br\/site\/confira-lista-de-sorteados-do-nota-palmense-premiada-deste-mes-de-julho\/#primaryimage"},"thumbnailUrl":"https:\/\/cleitonpinheiro.com.br\/site\/wp-content\/uploads\/2025\/07\/1G6A1668-1536x1024-1.jpg","datePublished":"2025-07-22T14:43:33+00:00","dateModified":"2025-07-25T13:08:47+00:00","breadcrumb":{"@id":"https:\/\/cleitonpinheiro.com.br\/site\/confira-lista-de-sorteados-do-nota-palmense-premiada-deste-mes-de-julho\/#breadcrumb"},"inLanguage":"pt-BR","potentialAction":[{"@type":"ReadAction","target":["https:\/\/cleitonpinheiro.com.br\/site\/confira-lista-de-sorteados-do-nota-palmense-premiada-deste-mes-de-julho\/"]}]},{"@type":"ImageObject","inLanguage":"pt-BR","@id":"https:\/\/cleitonpinheiro.com.br\/site\/confira-lista-de-sorteados-do-nota-palmense-premiada-deste-mes-de-julho\/#primaryimage","url":"https:\/\/cleitonpinheiro.com.br\/site\/wp-content\/uploads\/2025\/07\/1G6A1668-1536x1024-1.jpg","contentUrl":"https:\/\/cleitonpinheiro.com.br\/site\/wp-content\/uploads\/2025\/07\/1G6A1668-1536x1024-1.jpg","width":1536,"height":1024,"caption":"Foto: Regiane Rocha"},{"@type":"BreadcrumbList","@id":"https:\/\/cleitonpinheiro.com.br\/site\/confira-lista-de-sorteados-do-nota-palmense-premiada-deste-mes-de-julho\/#breadcrumb","itemListElement":[{"@type":"ListItem","position":1,"name":"In\u00edcio","item":"https:\/\/cleitonpinheiro.com.br\/site\/"},{"@type":"ListItem","position":2,"name":"Confira lista de sorteados do Nota Palmense Premiada deste m\u00eas de julho"}]},{"@type":"WebSite","@id":"https:\/\/cleitonpinheiro.com.br\/site\/#website","url":"https:\/\/cleitonpinheiro.com.br\/site\/","name":"PORTAL DE NOT\u00cdCIAS CLEITON PINHEIRO","description":"FALANDO A VERDADE","publisher":{"@id":"https:\/\/cleitonpinheiro.com.br\/site\/#organization"},"potentialAction":[{"@type":"SearchAction","target":{"@type":"EntryPoint","urlTemplate":"https:\/\/cleitonpinheiro.com.br\/site\/?s={search_term_string}"},"query-input":{"@type":"PropertyValueSpecification","valueRequired":true,"valueName":"search_term_string"}}],"inLanguage":"pt-BR"},{"@type":"Organization","@id":"https:\/\/cleitonpinheiro.com.br\/site\/#organization","name":"CPNOT\u00cdCIAS","url":"https:\/\/cleitonpinheiro.com.br\/site\/","logo":{"@type":"ImageObject","inLanguage":"pt-BR","@id":"https:\/\/cleitonpinheiro.com.br\/site\/#\/schema\/logo\/image\/","url":"https:\/\/cleitonpinheiro.com.br\/site\/wp-content\/uploads\/2022\/08\/Logo-pequena-2.png","contentUrl":"https:\/\/cleitonpinheiro.com.br\/site\/wp-content\/uploads\/2022\/08\/Logo-pequena-2.png","width":500,"height":500,"caption":"CPNOT\u00cdCIAS"},"image":{"@id":"https:\/\/cleitonpinheiro.com.br\/site\/#\/schema\/logo\/image\/"},"sameAs":["https:\/\/www.facebook.com\/portalcpnoticias\/"]},{"@type":"Person","@id":"https:\/\/cleitonpinheiro.com.br\/site\/#\/schema\/person\/8f04544e0bc40a1b68775b08360f87db","name":"Reda\u00e7\u00e3o CP","image":{"@type":"ImageObject","inLanguage":"pt-BR","@id":"https:\/\/cleitonpinheiro.com.br\/site\/#\/schema\/person\/image\/","url":"https:\/\/secure.gravatar.com\/avatar\/0bcf19cb29fdc8fc588c490c7ae1b3e174dac268586a63fbe1d1893a0f9020cd?s=96&r=g","contentUrl":"https:\/\/secure.gravatar.com\/avatar\/0bcf19cb29fdc8fc588c490c7ae1b3e174dac268586a63fbe1d1893a0f9020cd?s=96&r=g","caption":"Reda\u00e7\u00e3o CP"},"url":"https:\/\/cleitonpinheiro.com.br\/site\/author\/redacao\/"}]}},"views":130,"_links":{"self":[{"href":"https:\/\/cleitonpinheiro.com.br\/site\/wp-json\/wp\/v2\/posts\/86374","targetHints":{"allow":["GET"]}}],"collection":[{"href":"https:\/\/cleitonpinheiro.com.br\/site\/wp-json\/wp\/v2\/posts"}],"about":[{"href":"https:\/\/cleitonpinheiro.com.br\/site\/wp-json\/wp\/v2\/types\/post"}],"author":[{"embeddable":true,"href":"https:\/\/cleitonpinheiro.com.br\/site\/wp-json\/wp\/v2\/users\/13"}],"replies":[{"embeddable":true,"href":"https:\/\/cleitonpinheiro.com.br\/site\/wp-json\/wp\/v2\/comments?post=86374"}],"version-history":[{"count":1,"href":"https:\/\/cleitonpinheiro.com.br\/site\/wp-json\/wp\/v2\/posts\/86374\/revisions"}],"predecessor-version":[{"id":86376,"href":"https:\/\/cleitonpinheiro.com.br\/site\/wp-json\/wp\/v2\/posts\/86374\/revisions\/86376"}],"wp:featuredmedia":[{"embeddable":true,"href":"https:\/\/cleitonpinheiro.com.br\/site\/wp-json\/wp\/v2\/media\/86375"}],"wp:attachment":[{"href":"https:\/\/cleitonpinheiro.com.br\/site\/wp-json\/wp\/v2\/media?parent=86374"}],"wp:term":[{"taxonomy":"category","embeddable":true,"href":"https:\/\/cleitonpinheiro.com.br\/site\/wp-json\/wp\/v2\/categories?post=86374"},{"taxonomy":"post_tag","embeddable":true,"href":"https:\/\/cleitonpinheiro.com.br\/site\/wp-json\/wp\/v2\/tags?post=86374"}],"curies":[{"name":"wp","href":"https:\/\/api.w.org\/{rel}","templated":true}]}}