{"id":86383,"date":"2025-07-24T17:00:34","date_gmt":"2025-07-24T20:00:34","guid":{"rendered":"https:\/\/cleitonpinheiro.com.br\/site\/?p=86383"},"modified":"2025-07-25T10:08:55","modified_gmt":"2025-07-25T13:08:55","slug":"prefeitura-de-palmas-convoca-a-populacao-a-atualizar-o-cartao-de-vacina-e-ampliar-a-cobertura-vacinal-do-sarampo","status":"publish","type":"post","link":"https:\/\/cleitonpinheiro.com.br\/site\/prefeitura-de-palmas-convoca-a-populacao-a-atualizar-o-cartao-de-vacina-e-ampliar-a-cobertura-vacinal-do-sarampo\/","title":{"rendered":"Prefeitura de Palmas convoca a popula\u00e7\u00e3o a atualizar o cart\u00e3o de vacina e ampliar a cobertura vacinal do sarampo"},"content":{"rendered":"\n<figure class=\"wp-block-image size-large\"><img fetchpriority=\"high\" decoding=\"async\" width=\"1024\" height=\"682\" src=\"https:\/\/cleitonpinheiro.com.br\/site\/wp-content\/uploads\/2024\/09\/vacinacao-3-1024x682.jpeg\" alt=\"\" class=\"wp-image-81218\" srcset=\"https:\/\/cleitonpinheiro.com.br\/site\/wp-content\/uploads\/2024\/09\/vacinacao-3-1024x682.jpeg 1024w, https:\/\/cleitonpinheiro.com.br\/site\/wp-content\/uploads\/2024\/09\/vacinacao-3-300x200.jpeg 300w, https:\/\/cleitonpinheiro.com.br\/site\/wp-content\/uploads\/2024\/09\/vacinacao-3-768x512.jpeg 768w, https:\/\/cleitonpinheiro.com.br\/site\/wp-content\/uploads\/2024\/09\/vacinacao-3-1536x1023.jpeg 1536w, https:\/\/cleitonpinheiro.com.br\/site\/wp-content\/uploads\/2024\/09\/vacinacao-3.jpeg 1600w\" sizes=\"(max-width: 1024px) 100vw, 1024px\" \/><\/figure>\n\n\n\n<p>A cobertura vacinal da tr\u00edplice viral, que protege contra o sarampo, a caxumba e a rub\u00e9ola, est\u00e1 abaixo da meta em Palmas, aumentando o risco do retorno de uma doen\u00e7a altamente contagiosa e com potencial para complica\u00e7\u00f5es graves e at\u00e9 mortes. Para a Prefeitura de Palmas, a solu\u00e7\u00e3o \u00e9 simples, gratuita e dispon\u00edvel no Sistema \u00danico de Sa\u00fade (SUS): a vacina.<\/p>\n\n\n\n<p>Apenas 72,90% do p\u00fablico-alvo recebeu a primeira dose da vacina, enquanto a meta recomendada \u00e9 de 95% para garantir a prote\u00e7\u00e3o da comunidade. O n\u00famero \u00e9 ainda mais alarmante na segunda dose, com uma cobertura de apenas 45,44%, muito distante da meta de 95%.<\/p>\n\n\n\n<p>\u201cA vacina\u00e7\u00e3o \u00e9 um ato de responsabilidade individual e coletiva. Manter a cobertura vacinal em dia \u00e9 a \u00fanica forma eficaz de evitar o sarampo e proteger a todos, especialmente os mais vulner\u00e1veis\u201d, explica a secret\u00e1ria municipal de Sa\u00fade (Semus), Dhieine Caminski. Ela detalha que a Semus realizar\u00e1 no segundo semestre uma a\u00e7\u00e3o de mobiliza\u00e7\u00e3o em Palmas em prol da imuniza\u00e7\u00e3o de crian\u00e7as e adultos, o Miss\u00e3o Imunizar.<\/p>\n\n\n\n<p>O sarampo \u00e9 uma doen\u00e7a viral que representa um s\u00e9rio risco para a sa\u00fade p\u00fablica. A infec\u00e7\u00e3o pode levar a complica\u00e7\u00f5es graves, como pneumonia e encefalite (inflama\u00e7\u00e3o do c\u00e9rebro), al\u00e9m de sequelas permanentes, como surdez e danos neurol\u00f3gicos, podendo ser fatal.<\/p>\n\n\n\n<p><strong>Quem deve se vacinar?<\/strong><\/p>\n\n\n\n<p>A Secretaria Municipal de Sa\u00fade (Semus) refor\u00e7a a import\u00e2ncia de a popula\u00e7\u00e3o verificar a caderneta de vacina\u00e7\u00e3o e procurar uma das unidades de sa\u00fade para garantir a imuniza\u00e7\u00e3o. O esquema vacinal \u00e9 espec\u00edfico para cada faixa et\u00e1ria:<\/p>\n\n\n\n<p>\u2013 Beb\u00eas: a primeira dose da tr\u00edplice viral deve ser administrada com 1 ano de idade e a segunda dose, aos 1 ano e tr\u00eas meses;<\/p>\n\n\n\n<p>\u2013 Crian\u00e7as (15 meses a 4 anos, 11 meses e 29 dias): crian\u00e7as nesta faixa et\u00e1ria que n\u00e3o foram vacinadas devem receber as duas doses, com um intervalo de 30 dias entre elas.<\/p>\n\n\n\n<p>\u2013 Adultos (30 a 49 anos): pessoas nesta faixa et\u00e1ria que n\u00e3o foram vacinadas anteriormente devem tomar uma dose da vacina.<\/p>\n\n\n\n<p>\u2013 Profissionais de Sa\u00fade: independentemente da idade, todos os profissionais de sa\u00fade devem comprovar ter recebido duas doses da vacina tr\u00edplice viral.<\/p>\n\n\n\n<p><strong>Funcionamento<\/strong><\/p>\n\n\n\n<p>Todas as Unidades de Sa\u00fade da Fam\u00edlia (USFs) contam com salas de vacina e est\u00e3o preparadas para realizar a atualiza\u00e7\u00e3o do cart\u00e3o de vacina\u00e7\u00e3o dos usu\u00e1rios. Para isso, basta que o paciente procure a unidade de refer\u00eancia das 8 \u00e0s 18 horas levando os documentos pessoais, o Cart\u00e3o SUS e o cart\u00e3o de vacina.<\/p>\n","protected":false},"excerpt":{"rendered":"<p>A cobertura vacinal da tr\u00edplice viral, que protege contra o sarampo, a caxumba e a rub\u00e9ola, est\u00e1 abaixo da meta em Palmas, aumentando o risco do retorno de uma doen\u00e7a altamente contagiosa e com potencial para complica\u00e7\u00f5es graves e at\u00e9 mortes. Para a Prefeitura de Palmas, a solu\u00e7\u00e3o \u00e9 simples, gratuita e dispon\u00edvel no Sistema [&hellip;]<\/p>\n","protected":false},"author":13,"featured_media":85185,"comment_status":"open","ping_status":"open","sticky":false,"template":"","format":"standard","meta":{"_acf_changed":false,"footnotes":""},"categories":[22,898,21],"tags":[],"class_list":["post-86383","post","type-post","status-publish","format-standard","has-post-thumbnail","hentry","category-cidades","category-manchete-segundaria","category-todas-noticias"],"acf":[],"yoast_head":"<!-- This site is optimized with the Yoast SEO plugin v24.4 - https:\/\/yoast.com\/wordpress\/plugins\/seo\/ -->\n<title>Prefeitura de Palmas convoca a popula\u00e7\u00e3o a atualizar o cart\u00e3o de vacina e ampliar a cobertura vacinal do sarampo - PORTAL DE NOT\u00cdCIAS CLEITON PINHEIRO<\/title>\n<meta name=\"robots\" content=\"index, follow, max-snippet:-1, max-image-preview:large, max-video-preview:-1\" \/>\n<link rel=\"canonical\" href=\"https:\/\/cleitonpinheiro.com.br\/site\/prefeitura-de-palmas-convoca-a-populacao-a-atualizar-o-cartao-de-vacina-e-ampliar-a-cobertura-vacinal-do-sarampo\/\" \/>\n<meta property=\"og:locale\" content=\"pt_BR\" \/>\n<meta property=\"og:type\" content=\"article\" \/>\n<meta property=\"og:title\" content=\"Prefeitura de Palmas convoca a popula\u00e7\u00e3o a atualizar o cart\u00e3o de vacina e ampliar a cobertura vacinal do sarampo - PORTAL DE NOT\u00cdCIAS CLEITON PINHEIRO\" \/>\n<meta property=\"og:description\" content=\"A cobertura vacinal da tr\u00edplice viral, que protege contra o sarampo, a caxumba e a rub\u00e9ola, est\u00e1 abaixo da meta em Palmas, aumentando o risco do retorno de uma doen\u00e7a altamente contagiosa e com potencial para complica\u00e7\u00f5es graves e at\u00e9 mortes. Para a Prefeitura de Palmas, a solu\u00e7\u00e3o \u00e9 simples, gratuita e dispon\u00edvel no Sistema [&hellip;]\" \/>\n<meta property=\"og:url\" content=\"https:\/\/cleitonpinheiro.com.br\/site\/prefeitura-de-palmas-convoca-a-populacao-a-atualizar-o-cartao-de-vacina-e-ampliar-a-cobertura-vacinal-do-sarampo\/\" \/>\n<meta property=\"og:site_name\" content=\"PORTAL DE NOT\u00cdCIAS CLEITON PINHEIRO\" \/>\n<meta property=\"article:publisher\" content=\"https:\/\/www.facebook.com\/portalcpnoticias\/\" \/>\n<meta property=\"article:published_time\" content=\"2025-07-24T20:00:34+00:00\" \/>\n<meta property=\"article:modified_time\" content=\"2025-07-25T13:08:55+00:00\" \/>\n<meta property=\"og:image\" content=\"https:\/\/cleitonpinheiro.com.br\/site\/wp-content\/uploads\/2025\/04\/rr.jpg\" \/>\n\t<meta property=\"og:image:width\" content=\"2048\" \/>\n\t<meta property=\"og:image:height\" content=\"1365\" \/>\n\t<meta property=\"og:image:type\" content=\"image\/jpeg\" \/>\n<meta name=\"author\" content=\"Reda\u00e7\u00e3o CP\" \/>\n<meta name=\"twitter:card\" content=\"summary_large_image\" \/>\n<meta name=\"twitter:label1\" content=\"Escrito por\" \/>\n\t<meta name=\"twitter:data1\" content=\"Reda\u00e7\u00e3o CP\" \/>\n\t<meta name=\"twitter:label2\" content=\"Est. tempo de leitura\" \/>\n\t<meta name=\"twitter:data2\" content=\"3 minutos\" \/>\n<script type=\"application\/ld+json\" class=\"yoast-schema-graph\">{\"@context\":\"https:\/\/schema.org\",\"@graph\":[{\"@type\":\"Article\",\"@id\":\"https:\/\/cleitonpinheiro.com.br\/site\/prefeitura-de-palmas-convoca-a-populacao-a-atualizar-o-cartao-de-vacina-e-ampliar-a-cobertura-vacinal-do-sarampo\/#article\",\"isPartOf\":{\"@id\":\"https:\/\/cleitonpinheiro.com.br\/site\/prefeitura-de-palmas-convoca-a-populacao-a-atualizar-o-cartao-de-vacina-e-ampliar-a-cobertura-vacinal-do-sarampo\/\"},\"author\":{\"name\":\"Reda\u00e7\u00e3o CP\",\"@id\":\"https:\/\/cleitonpinheiro.com.br\/site\/#\/schema\/person\/8f04544e0bc40a1b68775b08360f87db\"},\"headline\":\"Prefeitura de Palmas convoca a popula\u00e7\u00e3o a atualizar o cart\u00e3o de vacina e ampliar a cobertura vacinal do sarampo\",\"datePublished\":\"2025-07-24T20:00:34+00:00\",\"dateModified\":\"2025-07-25T13:08:55+00:00\",\"mainEntityOfPage\":{\"@id\":\"https:\/\/cleitonpinheiro.com.br\/site\/prefeitura-de-palmas-convoca-a-populacao-a-atualizar-o-cartao-de-vacina-e-ampliar-a-cobertura-vacinal-do-sarampo\/\"},\"wordCount\":467,\"commentCount\":0,\"publisher\":{\"@id\":\"https:\/\/cleitonpinheiro.com.br\/site\/#organization\"},\"image\":{\"@id\":\"https:\/\/cleitonpinheiro.com.br\/site\/prefeitura-de-palmas-convoca-a-populacao-a-atualizar-o-cartao-de-vacina-e-ampliar-a-cobertura-vacinal-do-sarampo\/#primaryimage\"},\"thumbnailUrl\":\"https:\/\/cleitonpinheiro.com.br\/site\/wp-content\/uploads\/2025\/04\/rr.jpg\",\"articleSection\":[\"CIDADES\",\"MANCHETE SEGUND\u00c1RIA\",\"TODAS NOTICIAS\"],\"inLanguage\":\"pt-BR\",\"potentialAction\":[{\"@type\":\"CommentAction\",\"name\":\"Comment\",\"target\":[\"https:\/\/cleitonpinheiro.com.br\/site\/prefeitura-de-palmas-convoca-a-populacao-a-atualizar-o-cartao-de-vacina-e-ampliar-a-cobertura-vacinal-do-sarampo\/#respond\"]}]},{\"@type\":\"WebPage\",\"@id\":\"https:\/\/cleitonpinheiro.com.br\/site\/prefeitura-de-palmas-convoca-a-populacao-a-atualizar-o-cartao-de-vacina-e-ampliar-a-cobertura-vacinal-do-sarampo\/\",\"url\":\"https:\/\/cleitonpinheiro.com.br\/site\/prefeitura-de-palmas-convoca-a-populacao-a-atualizar-o-cartao-de-vacina-e-ampliar-a-cobertura-vacinal-do-sarampo\/\",\"name\":\"Prefeitura de Palmas convoca a popula\u00e7\u00e3o a atualizar o cart\u00e3o de vacina e ampliar a cobertura vacinal do sarampo - PORTAL DE NOT\u00cdCIAS CLEITON PINHEIRO\",\"isPartOf\":{\"@id\":\"https:\/\/cleitonpinheiro.com.br\/site\/#website\"},\"primaryImageOfPage\":{\"@id\":\"https:\/\/cleitonpinheiro.com.br\/site\/prefeitura-de-palmas-convoca-a-populacao-a-atualizar-o-cartao-de-vacina-e-ampliar-a-cobertura-vacinal-do-sarampo\/#primaryimage\"},\"image\":{\"@id\":\"https:\/\/cleitonpinheiro.com.br\/site\/prefeitura-de-palmas-convoca-a-populacao-a-atualizar-o-cartao-de-vacina-e-ampliar-a-cobertura-vacinal-do-sarampo\/#primaryimage\"},\"thumbnailUrl\":\"https:\/\/cleitonpinheiro.com.br\/site\/wp-content\/uploads\/2025\/04\/rr.jpg\",\"datePublished\":\"2025-07-24T20:00:34+00:00\",\"dateModified\":\"2025-07-25T13:08:55+00:00\",\"breadcrumb\":{\"@id\":\"https:\/\/cleitonpinheiro.com.br\/site\/prefeitura-de-palmas-convoca-a-populacao-a-atualizar-o-cartao-de-vacina-e-ampliar-a-cobertura-vacinal-do-sarampo\/#breadcrumb\"},\"inLanguage\":\"pt-BR\",\"potentialAction\":[{\"@type\":\"ReadAction\",\"target\":[\"https:\/\/cleitonpinheiro.com.br\/site\/prefeitura-de-palmas-convoca-a-populacao-a-atualizar-o-cartao-de-vacina-e-ampliar-a-cobertura-vacinal-do-sarampo\/\"]}]},{\"@type\":\"ImageObject\",\"inLanguage\":\"pt-BR\",\"@id\":\"https:\/\/cleitonpinheiro.com.br\/site\/prefeitura-de-palmas-convoca-a-populacao-a-atualizar-o-cartao-de-vacina-e-ampliar-a-cobertura-vacinal-do-sarampo\/#primaryimage\",\"url\":\"https:\/\/cleitonpinheiro.com.br\/site\/wp-content\/uploads\/2025\/04\/rr.jpg\",\"contentUrl\":\"https:\/\/cleitonpinheiro.com.br\/site\/wp-content\/uploads\/2025\/04\/rr.jpg\",\"width\":2048,\"height\":1365,\"caption\":\"Data: 04\/04\/2024. In\u00edcio de vacina\u00e7\u00e3o no CMEI Sementes do amanha.\"},{\"@type\":\"BreadcrumbList\",\"@id\":\"https:\/\/cleitonpinheiro.com.br\/site\/prefeitura-de-palmas-convoca-a-populacao-a-atualizar-o-cartao-de-vacina-e-ampliar-a-cobertura-vacinal-do-sarampo\/#breadcrumb\",\"itemListElement\":[{\"@type\":\"ListItem\",\"position\":1,\"name\":\"In\u00edcio\",\"item\":\"https:\/\/cleitonpinheiro.com.br\/site\/\"},{\"@type\":\"ListItem\",\"position\":2,\"name\":\"Prefeitura de Palmas convoca a popula\u00e7\u00e3o a atualizar o cart\u00e3o de vacina e ampliar a cobertura vacinal do sarampo\"}]},{\"@type\":\"WebSite\",\"@id\":\"https:\/\/cleitonpinheiro.com.br\/site\/#website\",\"url\":\"https:\/\/cleitonpinheiro.com.br\/site\/\",\"name\":\"PORTAL DE NOT\u00cdCIAS CLEITON PINHEIRO\",\"description\":\"FALANDO A VERDADE\",\"publisher\":{\"@id\":\"https:\/\/cleitonpinheiro.com.br\/site\/#organization\"},\"potentialAction\":[{\"@type\":\"SearchAction\",\"target\":{\"@type\":\"EntryPoint\",\"urlTemplate\":\"https:\/\/cleitonpinheiro.com.br\/site\/?s={search_term_string}\"},\"query-input\":{\"@type\":\"PropertyValueSpecification\",\"valueRequired\":true,\"valueName\":\"search_term_string\"}}],\"inLanguage\":\"pt-BR\"},{\"@type\":\"Organization\",\"@id\":\"https:\/\/cleitonpinheiro.com.br\/site\/#organization\",\"name\":\"CPNOT\u00cdCIAS\",\"url\":\"https:\/\/cleitonpinheiro.com.br\/site\/\",\"logo\":{\"@type\":\"ImageObject\",\"inLanguage\":\"pt-BR\",\"@id\":\"https:\/\/cleitonpinheiro.com.br\/site\/#\/schema\/logo\/image\/\",\"url\":\"https:\/\/cleitonpinheiro.com.br\/site\/wp-content\/uploads\/2022\/08\/Logo-pequena-2.png\",\"contentUrl\":\"https:\/\/cleitonpinheiro.com.br\/site\/wp-content\/uploads\/2022\/08\/Logo-pequena-2.png\",\"width\":500,\"height\":500,\"caption\":\"CPNOT\u00cdCIAS\"},\"image\":{\"@id\":\"https:\/\/cleitonpinheiro.com.br\/site\/#\/schema\/logo\/image\/\"},\"sameAs\":[\"https:\/\/www.facebook.com\/portalcpnoticias\/\"]},{\"@type\":\"Person\",\"@id\":\"https:\/\/cleitonpinheiro.com.br\/site\/#\/schema\/person\/8f04544e0bc40a1b68775b08360f87db\",\"name\":\"Reda\u00e7\u00e3o CP\",\"image\":{\"@type\":\"ImageObject\",\"inLanguage\":\"pt-BR\",\"@id\":\"https:\/\/cleitonpinheiro.com.br\/site\/#\/schema\/person\/image\/\",\"url\":\"https:\/\/secure.gravatar.com\/avatar\/0bcf19cb29fdc8fc588c490c7ae1b3e174dac268586a63fbe1d1893a0f9020cd?s=96&r=g\",\"contentUrl\":\"https:\/\/secure.gravatar.com\/avatar\/0bcf19cb29fdc8fc588c490c7ae1b3e174dac268586a63fbe1d1893a0f9020cd?s=96&r=g\",\"caption\":\"Reda\u00e7\u00e3o CP\"},\"url\":\"https:\/\/cleitonpinheiro.com.br\/site\/author\/redacao\/\"}]}<\/script>\n<!-- \/ Yoast SEO plugin. -->","yoast_head_json":{"title":"Prefeitura de Palmas convoca a popula\u00e7\u00e3o a atualizar o cart\u00e3o de vacina e ampliar a cobertura vacinal do sarampo - PORTAL DE NOT\u00cdCIAS CLEITON PINHEIRO","robots":{"index":"index","follow":"follow","max-snippet":"max-snippet:-1","max-image-preview":"max-image-preview:large","max-video-preview":"max-video-preview:-1"},"canonical":"https:\/\/cleitonpinheiro.com.br\/site\/prefeitura-de-palmas-convoca-a-populacao-a-atualizar-o-cartao-de-vacina-e-ampliar-a-cobertura-vacinal-do-sarampo\/","og_locale":"pt_BR","og_type":"article","og_title":"Prefeitura de Palmas convoca a popula\u00e7\u00e3o a atualizar o cart\u00e3o de vacina e ampliar a cobertura vacinal do sarampo - PORTAL DE NOT\u00cdCIAS CLEITON PINHEIRO","og_description":"A cobertura vacinal da tr\u00edplice viral, que protege contra o sarampo, a caxumba e a rub\u00e9ola, est\u00e1 abaixo da meta em Palmas, aumentando o risco do retorno de uma doen\u00e7a altamente contagiosa e com potencial para complica\u00e7\u00f5es graves e at\u00e9 mortes. Para a Prefeitura de Palmas, a solu\u00e7\u00e3o \u00e9 simples, gratuita e dispon\u00edvel no Sistema [&hellip;]","og_url":"https:\/\/cleitonpinheiro.com.br\/site\/prefeitura-de-palmas-convoca-a-populacao-a-atualizar-o-cartao-de-vacina-e-ampliar-a-cobertura-vacinal-do-sarampo\/","og_site_name":"PORTAL DE NOT\u00cdCIAS CLEITON PINHEIRO","article_publisher":"https:\/\/www.facebook.com\/portalcpnoticias\/","article_published_time":"2025-07-24T20:00:34+00:00","article_modified_time":"2025-07-25T13:08:55+00:00","og_image":[{"width":2048,"height":1365,"url":"https:\/\/cleitonpinheiro.com.br\/site\/wp-content\/uploads\/2025\/04\/rr.jpg","type":"image\/jpeg"}],"author":"Reda\u00e7\u00e3o CP","twitter_card":"summary_large_image","twitter_misc":{"Escrito por":"Reda\u00e7\u00e3o CP","Est. tempo de leitura":"3 minutos"},"schema":{"@context":"https:\/\/schema.org","@graph":[{"@type":"Article","@id":"https:\/\/cleitonpinheiro.com.br\/site\/prefeitura-de-palmas-convoca-a-populacao-a-atualizar-o-cartao-de-vacina-e-ampliar-a-cobertura-vacinal-do-sarampo\/#article","isPartOf":{"@id":"https:\/\/cleitonpinheiro.com.br\/site\/prefeitura-de-palmas-convoca-a-populacao-a-atualizar-o-cartao-de-vacina-e-ampliar-a-cobertura-vacinal-do-sarampo\/"},"author":{"name":"Reda\u00e7\u00e3o CP","@id":"https:\/\/cleitonpinheiro.com.br\/site\/#\/schema\/person\/8f04544e0bc40a1b68775b08360f87db"},"headline":"Prefeitura de Palmas convoca a popula\u00e7\u00e3o a atualizar o cart\u00e3o de vacina e ampliar a cobertura vacinal do sarampo","datePublished":"2025-07-24T20:00:34+00:00","dateModified":"2025-07-25T13:08:55+00:00","mainEntityOfPage":{"@id":"https:\/\/cleitonpinheiro.com.br\/site\/prefeitura-de-palmas-convoca-a-populacao-a-atualizar-o-cartao-de-vacina-e-ampliar-a-cobertura-vacinal-do-sarampo\/"},"wordCount":467,"commentCount":0,"publisher":{"@id":"https:\/\/cleitonpinheiro.com.br\/site\/#organization"},"image":{"@id":"https:\/\/cleitonpinheiro.com.br\/site\/prefeitura-de-palmas-convoca-a-populacao-a-atualizar-o-cartao-de-vacina-e-ampliar-a-cobertura-vacinal-do-sarampo\/#primaryimage"},"thumbnailUrl":"https:\/\/cleitonpinheiro.com.br\/site\/wp-content\/uploads\/2025\/04\/rr.jpg","articleSection":["CIDADES","MANCHETE SEGUND\u00c1RIA","TODAS NOTICIAS"],"inLanguage":"pt-BR","potentialAction":[{"@type":"CommentAction","name":"Comment","target":["https:\/\/cleitonpinheiro.com.br\/site\/prefeitura-de-palmas-convoca-a-populacao-a-atualizar-o-cartao-de-vacina-e-ampliar-a-cobertura-vacinal-do-sarampo\/#respond"]}]},{"@type":"WebPage","@id":"https:\/\/cleitonpinheiro.com.br\/site\/prefeitura-de-palmas-convoca-a-populacao-a-atualizar-o-cartao-de-vacina-e-ampliar-a-cobertura-vacinal-do-sarampo\/","url":"https:\/\/cleitonpinheiro.com.br\/site\/prefeitura-de-palmas-convoca-a-populacao-a-atualizar-o-cartao-de-vacina-e-ampliar-a-cobertura-vacinal-do-sarampo\/","name":"Prefeitura de Palmas convoca a popula\u00e7\u00e3o a atualizar o cart\u00e3o de vacina e ampliar a cobertura vacinal do sarampo - PORTAL DE NOT\u00cdCIAS CLEITON PINHEIRO","isPartOf":{"@id":"https:\/\/cleitonpinheiro.com.br\/site\/#website"},"primaryImageOfPage":{"@id":"https:\/\/cleitonpinheiro.com.br\/site\/prefeitura-de-palmas-convoca-a-populacao-a-atualizar-o-cartao-de-vacina-e-ampliar-a-cobertura-vacinal-do-sarampo\/#primaryimage"},"image":{"@id":"https:\/\/cleitonpinheiro.com.br\/site\/prefeitura-de-palmas-convoca-a-populacao-a-atualizar-o-cartao-de-vacina-e-ampliar-a-cobertura-vacinal-do-sarampo\/#primaryimage"},"thumbnailUrl":"https:\/\/cleitonpinheiro.com.br\/site\/wp-content\/uploads\/2025\/04\/rr.jpg","datePublished":"2025-07-24T20:00:34+00:00","dateModified":"2025-07-25T13:08:55+00:00","breadcrumb":{"@id":"https:\/\/cleitonpinheiro.com.br\/site\/prefeitura-de-palmas-convoca-a-populacao-a-atualizar-o-cartao-de-vacina-e-ampliar-a-cobertura-vacinal-do-sarampo\/#breadcrumb"},"inLanguage":"pt-BR","potentialAction":[{"@type":"ReadAction","target":["https:\/\/cleitonpinheiro.com.br\/site\/prefeitura-de-palmas-convoca-a-populacao-a-atualizar-o-cartao-de-vacina-e-ampliar-a-cobertura-vacinal-do-sarampo\/"]}]},{"@type":"ImageObject","inLanguage":"pt-BR","@id":"https:\/\/cleitonpinheiro.com.br\/site\/prefeitura-de-palmas-convoca-a-populacao-a-atualizar-o-cartao-de-vacina-e-ampliar-a-cobertura-vacinal-do-sarampo\/#primaryimage","url":"https:\/\/cleitonpinheiro.com.br\/site\/wp-content\/uploads\/2025\/04\/rr.jpg","contentUrl":"https:\/\/cleitonpinheiro.com.br\/site\/wp-content\/uploads\/2025\/04\/rr.jpg","width":2048,"height":1365,"caption":"Data: 04\/04\/2024. In\u00edcio de vacina\u00e7\u00e3o no CMEI Sementes do amanha."},{"@type":"BreadcrumbList","@id":"https:\/\/cleitonpinheiro.com.br\/site\/prefeitura-de-palmas-convoca-a-populacao-a-atualizar-o-cartao-de-vacina-e-ampliar-a-cobertura-vacinal-do-sarampo\/#breadcrumb","itemListElement":[{"@type":"ListItem","position":1,"name":"In\u00edcio","item":"https:\/\/cleitonpinheiro.com.br\/site\/"},{"@type":"ListItem","position":2,"name":"Prefeitura de Palmas convoca a popula\u00e7\u00e3o a atualizar o cart\u00e3o de vacina e ampliar a cobertura vacinal do sarampo"}]},{"@type":"WebSite","@id":"https:\/\/cleitonpinheiro.com.br\/site\/#website","url":"https:\/\/cleitonpinheiro.com.br\/site\/","name":"PORTAL DE NOT\u00cdCIAS CLEITON PINHEIRO","description":"FALANDO A VERDADE","publisher":{"@id":"https:\/\/cleitonpinheiro.com.br\/site\/#organization"},"potentialAction":[{"@type":"SearchAction","target":{"@type":"EntryPoint","urlTemplate":"https:\/\/cleitonpinheiro.com.br\/site\/?s={search_term_string}"},"query-input":{"@type":"PropertyValueSpecification","valueRequired":true,"valueName":"search_term_string"}}],"inLanguage":"pt-BR"},{"@type":"Organization","@id":"https:\/\/cleitonpinheiro.com.br\/site\/#organization","name":"CPNOT\u00cdCIAS","url":"https:\/\/cleitonpinheiro.com.br\/site\/","logo":{"@type":"ImageObject","inLanguage":"pt-BR","@id":"https:\/\/cleitonpinheiro.com.br\/site\/#\/schema\/logo\/image\/","url":"https:\/\/cleitonpinheiro.com.br\/site\/wp-content\/uploads\/2022\/08\/Logo-pequena-2.png","contentUrl":"https:\/\/cleitonpinheiro.com.br\/site\/wp-content\/uploads\/2022\/08\/Logo-pequena-2.png","width":500,"height":500,"caption":"CPNOT\u00cdCIAS"},"image":{"@id":"https:\/\/cleitonpinheiro.com.br\/site\/#\/schema\/logo\/image\/"},"sameAs":["https:\/\/www.facebook.com\/portalcpnoticias\/"]},{"@type":"Person","@id":"https:\/\/cleitonpinheiro.com.br\/site\/#\/schema\/person\/8f04544e0bc40a1b68775b08360f87db","name":"Reda\u00e7\u00e3o CP","image":{"@type":"ImageObject","inLanguage":"pt-BR","@id":"https:\/\/cleitonpinheiro.com.br\/site\/#\/schema\/person\/image\/","url":"https:\/\/secure.gravatar.com\/avatar\/0bcf19cb29fdc8fc588c490c7ae1b3e174dac268586a63fbe1d1893a0f9020cd?s=96&r=g","contentUrl":"https:\/\/secure.gravatar.com\/avatar\/0bcf19cb29fdc8fc588c490c7ae1b3e174dac268586a63fbe1d1893a0f9020cd?s=96&r=g","caption":"Reda\u00e7\u00e3o CP"},"url":"https:\/\/cleitonpinheiro.com.br\/site\/author\/redacao\/"}]}},"views":126,"_links":{"self":[{"href":"https:\/\/cleitonpinheiro.com.br\/site\/wp-json\/wp\/v2\/posts\/86383","targetHints":{"allow":["GET"]}}],"collection":[{"href":"https:\/\/cleitonpinheiro.com.br\/site\/wp-json\/wp\/v2\/posts"}],"about":[{"href":"https:\/\/cleitonpinheiro.com.br\/site\/wp-json\/wp\/v2\/types\/post"}],"author":[{"embeddable":true,"href":"https:\/\/cleitonpinheiro.com.br\/site\/wp-json\/wp\/v2\/users\/13"}],"replies":[{"embeddable":true,"href":"https:\/\/cleitonpinheiro.com.br\/site\/wp-json\/wp\/v2\/comments?post=86383"}],"version-history":[{"count":1,"href":"https:\/\/cleitonpinheiro.com.br\/site\/wp-json\/wp\/v2\/posts\/86383\/revisions"}],"predecessor-version":[{"id":86384,"href":"https:\/\/cleitonpinheiro.com.br\/site\/wp-json\/wp\/v2\/posts\/86383\/revisions\/86384"}],"wp:featuredmedia":[{"embeddable":true,"href":"https:\/\/cleitonpinheiro.com.br\/site\/wp-json\/wp\/v2\/media\/85185"}],"wp:attachment":[{"href":"https:\/\/cleitonpinheiro.com.br\/site\/wp-json\/wp\/v2\/media?parent=86383"}],"wp:term":[{"taxonomy":"category","embeddable":true,"href":"https:\/\/cleitonpinheiro.com.br\/site\/wp-json\/wp\/v2\/categories?post=86383"},{"taxonomy":"post_tag","embeddable":true,"href":"https:\/\/cleitonpinheiro.com.br\/site\/wp-json\/wp\/v2\/tags?post=86383"}],"curies":[{"name":"wp","href":"https:\/\/api.w.org\/{rel}","templated":true}]}}