{"id":86385,"date":"2025-07-24T17:13:31","date_gmt":"2025-07-24T20:13:31","guid":{"rendered":"https:\/\/cleitonpinheiro.com.br\/site\/?p=86385"},"modified":"2025-07-24T17:13:35","modified_gmt":"2025-07-24T20:13:35","slug":"sobe-para-seis-o-numero-de-casos-de-sarampo-em-campos-lindos","status":"publish","type":"post","link":"https:\/\/cleitonpinheiro.com.br\/site\/sobe-para-seis-o-numero-de-casos-de-sarampo-em-campos-lindos\/","title":{"rendered":"Sobe para seis o n\u00famero de casos de sarampo em Campos Lindos"},"content":{"rendered":"\n<figure class=\"wp-block-image aligncenter size-full\"><img fetchpriority=\"high\" decoding=\"async\" width=\"296\" height=\"170\" src=\"https:\/\/cleitonpinheiro.com.br\/site\/wp-content\/uploads\/2025\/07\/sarampo.jpg\" alt=\"\" class=\"wp-image-86386\"\/><\/figure>\n\n\n\n<p>A Secretaria de Estado da Sa\u00fade do Tocantins (SES-TO) comunica a confirma\u00e7\u00e3o de mais quatro casos de sarampo no munic\u00edpio de Campos Lindos, ocorrida nesta ter\u00e7a-feira, 22. As amostras, com resultado IgM reagente, foram analisadas pelo Laborat\u00f3rio de Sa\u00fade P\u00fablica do Estado (Lacen-TO), totalizando seis casos na localidade.<\/p>\n\n\n\n<p>Os novos pacientes s\u00e3o duas mulheres, de 15 e 24 anos, e dois homens, de 21 e 27 anos. Assim como os dois casos iniciais, registrados na segunda-feira, 21, todos possuem hist\u00f3rico de contato entre si, n\u00e3o s\u00e3o vacinados e manifestaram os sintomas cl\u00e1ssicos da doen\u00e7a. Os pacientes encontram-se em cuidados domiciliares, e amostras adicionais foram enviadas para o laborat\u00f3rio de refer\u00eancia nacional da Fiocruz (RJ) para confirma\u00e7\u00e3o definitiva.<\/p>\n\n\n\n<h2 class=\"wp-block-heading\"><strong>Resposta de Sa\u00fade P\u00fablica<\/strong> <\/h2>\n\n\n\n<p>Para intensificar as a\u00e7\u00f5es de campo, a SES-TO deslocou mais dois profissionais de vigil\u00e2ncia em sa\u00fade, somando dez t\u00e9cnicos que, em parceria com o Minist\u00e9rio da Sa\u00fade e a equipe municipal, realizam as medidas de conten\u00e7\u00e3o. As a\u00e7\u00f5es priorit\u00e1rias incluem a orienta\u00e7\u00e3o de isolamento e a vacina\u00e7\u00e3o de todos os contatos das pessoas infectadas. Adicionalmente, a Pasta distribuiu uma nota t\u00e9cnica e um informativo com diretrizes de vigil\u00e2ncia aos 139 munic\u00edpios tocantinenses.<\/p>\n\n\n\n<h2 class=\"wp-block-heading\"><strong>Preven\u00e7\u00e3o e Alerta<\/strong> <\/h2>\n\n\n\n<p>O sarampo \u00e9 uma doen\u00e7a infecciosa aguda e altamente transmiss\u00edvel por via a\u00e9rea. A preven\u00e7\u00e3o \u00e9 feita por meio da vacina\u00e7\u00e3o, dispon\u00edvel gratuitamente pelo SUS para a popula\u00e7\u00e3o de 12 meses a 59 anos. A SES-TO alerta para a cobertura vacinal no estado, que em 2025 est\u00e1 em 86% para a primeira dose e 55% para a segunda, n\u00edveis insuficientes para atingir a meta de 95% de imuniza\u00e7\u00e3o.<\/p>\n\n\n\n<p>Al\u00e9m da vacina, recomenda-se o isolamento de casos suspeitos ou confirmados por pelo menos quatro dias ap\u00f3s o in\u00edcio das manchas na pele, bem como a higieniza\u00e7\u00e3o das m\u00e3os e de superf\u00edcies. N\u00e3o h\u00e1 tratamento espec\u00edfico para o sarampo, sendo os medicamentos utilizados apenas para aliviar os sintomas. Ao apresentar sinais da doen\u00e7a, procure o servi\u00e7o de sa\u00fade mais pr\u00f3ximo.<\/p>\n\n\n\n<p><\/p>\n","protected":false},"excerpt":{"rendered":"<p>A Secretaria de Estado da Sa\u00fade do Tocantins (SES-TO) comunica a confirma\u00e7\u00e3o de mais quatro casos de sarampo no munic\u00edpio de Campos Lindos, ocorrida nesta ter\u00e7a-feira, 22. As amostras, com resultado IgM reagente, foram analisadas pelo Laborat\u00f3rio de Sa\u00fade P\u00fablica do Estado (Lacen-TO), totalizando seis casos na localidade. Os novos pacientes s\u00e3o duas mulheres, de [&hellip;]<\/p>\n","protected":false},"author":13,"featured_media":86386,"comment_status":"open","ping_status":"open","sticky":false,"template":"","format":"standard","meta":{"_acf_changed":false,"footnotes":""},"categories":[8,898,21],"tags":[],"class_list":["post-86385","post","type-post","status-publish","format-standard","has-post-thumbnail","hentry","category-estado","category-manchete-segundaria","category-todas-noticias"],"acf":[],"yoast_head":"<!-- This site is optimized with the Yoast SEO plugin v24.4 - https:\/\/yoast.com\/wordpress\/plugins\/seo\/ -->\n<title>Sobe para seis o n\u00famero de casos de sarampo em Campos Lindos - PORTAL DE NOT\u00cdCIAS CLEITON PINHEIRO<\/title>\n<meta name=\"robots\" content=\"index, follow, max-snippet:-1, max-image-preview:large, max-video-preview:-1\" \/>\n<link rel=\"canonical\" href=\"https:\/\/cleitonpinheiro.com.br\/site\/sobe-para-seis-o-numero-de-casos-de-sarampo-em-campos-lindos\/\" \/>\n<meta property=\"og:locale\" content=\"pt_BR\" \/>\n<meta property=\"og:type\" content=\"article\" \/>\n<meta property=\"og:title\" content=\"Sobe para seis o n\u00famero de casos de sarampo em Campos Lindos - PORTAL DE NOT\u00cdCIAS CLEITON PINHEIRO\" \/>\n<meta property=\"og:description\" content=\"A Secretaria de Estado da Sa\u00fade do Tocantins (SES-TO) comunica a confirma\u00e7\u00e3o de mais quatro casos de sarampo no munic\u00edpio de Campos Lindos, ocorrida nesta ter\u00e7a-feira, 22. As amostras, com resultado IgM reagente, foram analisadas pelo Laborat\u00f3rio de Sa\u00fade P\u00fablica do Estado (Lacen-TO), totalizando seis casos na localidade. Os novos pacientes s\u00e3o duas mulheres, de [&hellip;]\" \/>\n<meta property=\"og:url\" content=\"https:\/\/cleitonpinheiro.com.br\/site\/sobe-para-seis-o-numero-de-casos-de-sarampo-em-campos-lindos\/\" \/>\n<meta property=\"og:site_name\" content=\"PORTAL DE NOT\u00cdCIAS CLEITON PINHEIRO\" \/>\n<meta property=\"article:publisher\" content=\"https:\/\/www.facebook.com\/portalcpnoticias\/\" \/>\n<meta property=\"article:published_time\" content=\"2025-07-24T20:13:31+00:00\" \/>\n<meta property=\"article:modified_time\" content=\"2025-07-24T20:13:35+00:00\" \/>\n<meta property=\"og:image\" content=\"https:\/\/cleitonpinheiro.com.br\/site\/wp-content\/uploads\/2025\/07\/sarampo.jpg\" \/>\n\t<meta property=\"og:image:width\" content=\"296\" \/>\n\t<meta property=\"og:image:height\" content=\"170\" \/>\n\t<meta property=\"og:image:type\" content=\"image\/jpeg\" \/>\n<meta name=\"author\" content=\"Reda\u00e7\u00e3o CP\" \/>\n<meta name=\"twitter:card\" content=\"summary_large_image\" \/>\n<meta name=\"twitter:label1\" content=\"Escrito por\" \/>\n\t<meta name=\"twitter:data1\" content=\"Reda\u00e7\u00e3o CP\" \/>\n\t<meta name=\"twitter:label2\" content=\"Est. tempo de leitura\" \/>\n\t<meta name=\"twitter:data2\" content=\"3 minutos\" \/>\n<script type=\"application\/ld+json\" class=\"yoast-schema-graph\">{\"@context\":\"https:\/\/schema.org\",\"@graph\":[{\"@type\":\"Article\",\"@id\":\"https:\/\/cleitonpinheiro.com.br\/site\/sobe-para-seis-o-numero-de-casos-de-sarampo-em-campos-lindos\/#article\",\"isPartOf\":{\"@id\":\"https:\/\/cleitonpinheiro.com.br\/site\/sobe-para-seis-o-numero-de-casos-de-sarampo-em-campos-lindos\/\"},\"author\":{\"name\":\"Reda\u00e7\u00e3o CP\",\"@id\":\"https:\/\/cleitonpinheiro.com.br\/site\/#\/schema\/person\/8f04544e0bc40a1b68775b08360f87db\"},\"headline\":\"Sobe para seis o n\u00famero de casos de sarampo em Campos Lindos\",\"datePublished\":\"2025-07-24T20:13:31+00:00\",\"dateModified\":\"2025-07-24T20:13:35+00:00\",\"mainEntityOfPage\":{\"@id\":\"https:\/\/cleitonpinheiro.com.br\/site\/sobe-para-seis-o-numero-de-casos-de-sarampo-em-campos-lindos\/\"},\"wordCount\":376,\"commentCount\":0,\"publisher\":{\"@id\":\"https:\/\/cleitonpinheiro.com.br\/site\/#organization\"},\"image\":{\"@id\":\"https:\/\/cleitonpinheiro.com.br\/site\/sobe-para-seis-o-numero-de-casos-de-sarampo-em-campos-lindos\/#primaryimage\"},\"thumbnailUrl\":\"https:\/\/cleitonpinheiro.com.br\/site\/wp-content\/uploads\/2025\/07\/sarampo.jpg\",\"articleSection\":[\"ESTADO\",\"MANCHETE SEGUND\u00c1RIA\",\"TODAS NOTICIAS\"],\"inLanguage\":\"pt-BR\",\"potentialAction\":[{\"@type\":\"CommentAction\",\"name\":\"Comment\",\"target\":[\"https:\/\/cleitonpinheiro.com.br\/site\/sobe-para-seis-o-numero-de-casos-de-sarampo-em-campos-lindos\/#respond\"]}]},{\"@type\":\"WebPage\",\"@id\":\"https:\/\/cleitonpinheiro.com.br\/site\/sobe-para-seis-o-numero-de-casos-de-sarampo-em-campos-lindos\/\",\"url\":\"https:\/\/cleitonpinheiro.com.br\/site\/sobe-para-seis-o-numero-de-casos-de-sarampo-em-campos-lindos\/\",\"name\":\"Sobe para seis o n\u00famero de casos de sarampo em Campos Lindos - PORTAL DE NOT\u00cdCIAS CLEITON PINHEIRO\",\"isPartOf\":{\"@id\":\"https:\/\/cleitonpinheiro.com.br\/site\/#website\"},\"primaryImageOfPage\":{\"@id\":\"https:\/\/cleitonpinheiro.com.br\/site\/sobe-para-seis-o-numero-de-casos-de-sarampo-em-campos-lindos\/#primaryimage\"},\"image\":{\"@id\":\"https:\/\/cleitonpinheiro.com.br\/site\/sobe-para-seis-o-numero-de-casos-de-sarampo-em-campos-lindos\/#primaryimage\"},\"thumbnailUrl\":\"https:\/\/cleitonpinheiro.com.br\/site\/wp-content\/uploads\/2025\/07\/sarampo.jpg\",\"datePublished\":\"2025-07-24T20:13:31+00:00\",\"dateModified\":\"2025-07-24T20:13:35+00:00\",\"breadcrumb\":{\"@id\":\"https:\/\/cleitonpinheiro.com.br\/site\/sobe-para-seis-o-numero-de-casos-de-sarampo-em-campos-lindos\/#breadcrumb\"},\"inLanguage\":\"pt-BR\",\"potentialAction\":[{\"@type\":\"ReadAction\",\"target\":[\"https:\/\/cleitonpinheiro.com.br\/site\/sobe-para-seis-o-numero-de-casos-de-sarampo-em-campos-lindos\/\"]}]},{\"@type\":\"ImageObject\",\"inLanguage\":\"pt-BR\",\"@id\":\"https:\/\/cleitonpinheiro.com.br\/site\/sobe-para-seis-o-numero-de-casos-de-sarampo-em-campos-lindos\/#primaryimage\",\"url\":\"https:\/\/cleitonpinheiro.com.br\/site\/wp-content\/uploads\/2025\/07\/sarampo.jpg\",\"contentUrl\":\"https:\/\/cleitonpinheiro.com.br\/site\/wp-content\/uploads\/2025\/07\/sarampo.jpg\",\"width\":296,\"height\":170},{\"@type\":\"BreadcrumbList\",\"@id\":\"https:\/\/cleitonpinheiro.com.br\/site\/sobe-para-seis-o-numero-de-casos-de-sarampo-em-campos-lindos\/#breadcrumb\",\"itemListElement\":[{\"@type\":\"ListItem\",\"position\":1,\"name\":\"In\u00edcio\",\"item\":\"https:\/\/cleitonpinheiro.com.br\/site\/\"},{\"@type\":\"ListItem\",\"position\":2,\"name\":\"Sobe para seis o n\u00famero de casos de sarampo em Campos Lindos\"}]},{\"@type\":\"WebSite\",\"@id\":\"https:\/\/cleitonpinheiro.com.br\/site\/#website\",\"url\":\"https:\/\/cleitonpinheiro.com.br\/site\/\",\"name\":\"PORTAL DE NOT\u00cdCIAS CLEITON PINHEIRO\",\"description\":\"FALANDO A VERDADE\",\"publisher\":{\"@id\":\"https:\/\/cleitonpinheiro.com.br\/site\/#organization\"},\"potentialAction\":[{\"@type\":\"SearchAction\",\"target\":{\"@type\":\"EntryPoint\",\"urlTemplate\":\"https:\/\/cleitonpinheiro.com.br\/site\/?s={search_term_string}\"},\"query-input\":{\"@type\":\"PropertyValueSpecification\",\"valueRequired\":true,\"valueName\":\"search_term_string\"}}],\"inLanguage\":\"pt-BR\"},{\"@type\":\"Organization\",\"@id\":\"https:\/\/cleitonpinheiro.com.br\/site\/#organization\",\"name\":\"CPNOT\u00cdCIAS\",\"url\":\"https:\/\/cleitonpinheiro.com.br\/site\/\",\"logo\":{\"@type\":\"ImageObject\",\"inLanguage\":\"pt-BR\",\"@id\":\"https:\/\/cleitonpinheiro.com.br\/site\/#\/schema\/logo\/image\/\",\"url\":\"https:\/\/cleitonpinheiro.com.br\/site\/wp-content\/uploads\/2022\/08\/Logo-pequena-2.png\",\"contentUrl\":\"https:\/\/cleitonpinheiro.com.br\/site\/wp-content\/uploads\/2022\/08\/Logo-pequena-2.png\",\"width\":500,\"height\":500,\"caption\":\"CPNOT\u00cdCIAS\"},\"image\":{\"@id\":\"https:\/\/cleitonpinheiro.com.br\/site\/#\/schema\/logo\/image\/\"},\"sameAs\":[\"https:\/\/www.facebook.com\/portalcpnoticias\/\"]},{\"@type\":\"Person\",\"@id\":\"https:\/\/cleitonpinheiro.com.br\/site\/#\/schema\/person\/8f04544e0bc40a1b68775b08360f87db\",\"name\":\"Reda\u00e7\u00e3o CP\",\"image\":{\"@type\":\"ImageObject\",\"inLanguage\":\"pt-BR\",\"@id\":\"https:\/\/cleitonpinheiro.com.br\/site\/#\/schema\/person\/image\/\",\"url\":\"https:\/\/secure.gravatar.com\/avatar\/0bcf19cb29fdc8fc588c490c7ae1b3e174dac268586a63fbe1d1893a0f9020cd?s=96&r=g\",\"contentUrl\":\"https:\/\/secure.gravatar.com\/avatar\/0bcf19cb29fdc8fc588c490c7ae1b3e174dac268586a63fbe1d1893a0f9020cd?s=96&r=g\",\"caption\":\"Reda\u00e7\u00e3o CP\"},\"url\":\"https:\/\/cleitonpinheiro.com.br\/site\/author\/redacao\/\"}]}<\/script>\n<!-- \/ Yoast SEO plugin. -->","yoast_head_json":{"title":"Sobe para seis o n\u00famero de casos de sarampo em Campos Lindos - PORTAL DE NOT\u00cdCIAS CLEITON PINHEIRO","robots":{"index":"index","follow":"follow","max-snippet":"max-snippet:-1","max-image-preview":"max-image-preview:large","max-video-preview":"max-video-preview:-1"},"canonical":"https:\/\/cleitonpinheiro.com.br\/site\/sobe-para-seis-o-numero-de-casos-de-sarampo-em-campos-lindos\/","og_locale":"pt_BR","og_type":"article","og_title":"Sobe para seis o n\u00famero de casos de sarampo em Campos Lindos - PORTAL DE NOT\u00cdCIAS CLEITON PINHEIRO","og_description":"A Secretaria de Estado da Sa\u00fade do Tocantins (SES-TO) comunica a confirma\u00e7\u00e3o de mais quatro casos de sarampo no munic\u00edpio de Campos Lindos, ocorrida nesta ter\u00e7a-feira, 22. As amostras, com resultado IgM reagente, foram analisadas pelo Laborat\u00f3rio de Sa\u00fade P\u00fablica do Estado (Lacen-TO), totalizando seis casos na localidade. Os novos pacientes s\u00e3o duas mulheres, de [&hellip;]","og_url":"https:\/\/cleitonpinheiro.com.br\/site\/sobe-para-seis-o-numero-de-casos-de-sarampo-em-campos-lindos\/","og_site_name":"PORTAL DE NOT\u00cdCIAS CLEITON PINHEIRO","article_publisher":"https:\/\/www.facebook.com\/portalcpnoticias\/","article_published_time":"2025-07-24T20:13:31+00:00","article_modified_time":"2025-07-24T20:13:35+00:00","og_image":[{"width":296,"height":170,"url":"https:\/\/cleitonpinheiro.com.br\/site\/wp-content\/uploads\/2025\/07\/sarampo.jpg","type":"image\/jpeg"}],"author":"Reda\u00e7\u00e3o CP","twitter_card":"summary_large_image","twitter_misc":{"Escrito por":"Reda\u00e7\u00e3o CP","Est. tempo de leitura":"3 minutos"},"schema":{"@context":"https:\/\/schema.org","@graph":[{"@type":"Article","@id":"https:\/\/cleitonpinheiro.com.br\/site\/sobe-para-seis-o-numero-de-casos-de-sarampo-em-campos-lindos\/#article","isPartOf":{"@id":"https:\/\/cleitonpinheiro.com.br\/site\/sobe-para-seis-o-numero-de-casos-de-sarampo-em-campos-lindos\/"},"author":{"name":"Reda\u00e7\u00e3o CP","@id":"https:\/\/cleitonpinheiro.com.br\/site\/#\/schema\/person\/8f04544e0bc40a1b68775b08360f87db"},"headline":"Sobe para seis o n\u00famero de casos de sarampo em Campos Lindos","datePublished":"2025-07-24T20:13:31+00:00","dateModified":"2025-07-24T20:13:35+00:00","mainEntityOfPage":{"@id":"https:\/\/cleitonpinheiro.com.br\/site\/sobe-para-seis-o-numero-de-casos-de-sarampo-em-campos-lindos\/"},"wordCount":376,"commentCount":0,"publisher":{"@id":"https:\/\/cleitonpinheiro.com.br\/site\/#organization"},"image":{"@id":"https:\/\/cleitonpinheiro.com.br\/site\/sobe-para-seis-o-numero-de-casos-de-sarampo-em-campos-lindos\/#primaryimage"},"thumbnailUrl":"https:\/\/cleitonpinheiro.com.br\/site\/wp-content\/uploads\/2025\/07\/sarampo.jpg","articleSection":["ESTADO","MANCHETE SEGUND\u00c1RIA","TODAS NOTICIAS"],"inLanguage":"pt-BR","potentialAction":[{"@type":"CommentAction","name":"Comment","target":["https:\/\/cleitonpinheiro.com.br\/site\/sobe-para-seis-o-numero-de-casos-de-sarampo-em-campos-lindos\/#respond"]}]},{"@type":"WebPage","@id":"https:\/\/cleitonpinheiro.com.br\/site\/sobe-para-seis-o-numero-de-casos-de-sarampo-em-campos-lindos\/","url":"https:\/\/cleitonpinheiro.com.br\/site\/sobe-para-seis-o-numero-de-casos-de-sarampo-em-campos-lindos\/","name":"Sobe para seis o n\u00famero de casos de sarampo em Campos Lindos - PORTAL DE NOT\u00cdCIAS CLEITON PINHEIRO","isPartOf":{"@id":"https:\/\/cleitonpinheiro.com.br\/site\/#website"},"primaryImageOfPage":{"@id":"https:\/\/cleitonpinheiro.com.br\/site\/sobe-para-seis-o-numero-de-casos-de-sarampo-em-campos-lindos\/#primaryimage"},"image":{"@id":"https:\/\/cleitonpinheiro.com.br\/site\/sobe-para-seis-o-numero-de-casos-de-sarampo-em-campos-lindos\/#primaryimage"},"thumbnailUrl":"https:\/\/cleitonpinheiro.com.br\/site\/wp-content\/uploads\/2025\/07\/sarampo.jpg","datePublished":"2025-07-24T20:13:31+00:00","dateModified":"2025-07-24T20:13:35+00:00","breadcrumb":{"@id":"https:\/\/cleitonpinheiro.com.br\/site\/sobe-para-seis-o-numero-de-casos-de-sarampo-em-campos-lindos\/#breadcrumb"},"inLanguage":"pt-BR","potentialAction":[{"@type":"ReadAction","target":["https:\/\/cleitonpinheiro.com.br\/site\/sobe-para-seis-o-numero-de-casos-de-sarampo-em-campos-lindos\/"]}]},{"@type":"ImageObject","inLanguage":"pt-BR","@id":"https:\/\/cleitonpinheiro.com.br\/site\/sobe-para-seis-o-numero-de-casos-de-sarampo-em-campos-lindos\/#primaryimage","url":"https:\/\/cleitonpinheiro.com.br\/site\/wp-content\/uploads\/2025\/07\/sarampo.jpg","contentUrl":"https:\/\/cleitonpinheiro.com.br\/site\/wp-content\/uploads\/2025\/07\/sarampo.jpg","width":296,"height":170},{"@type":"BreadcrumbList","@id":"https:\/\/cleitonpinheiro.com.br\/site\/sobe-para-seis-o-numero-de-casos-de-sarampo-em-campos-lindos\/#breadcrumb","itemListElement":[{"@type":"ListItem","position":1,"name":"In\u00edcio","item":"https:\/\/cleitonpinheiro.com.br\/site\/"},{"@type":"ListItem","position":2,"name":"Sobe para seis o n\u00famero de casos de sarampo em Campos Lindos"}]},{"@type":"WebSite","@id":"https:\/\/cleitonpinheiro.com.br\/site\/#website","url":"https:\/\/cleitonpinheiro.com.br\/site\/","name":"PORTAL DE NOT\u00cdCIAS CLEITON PINHEIRO","description":"FALANDO A VERDADE","publisher":{"@id":"https:\/\/cleitonpinheiro.com.br\/site\/#organization"},"potentialAction":[{"@type":"SearchAction","target":{"@type":"EntryPoint","urlTemplate":"https:\/\/cleitonpinheiro.com.br\/site\/?s={search_term_string}"},"query-input":{"@type":"PropertyValueSpecification","valueRequired":true,"valueName":"search_term_string"}}],"inLanguage":"pt-BR"},{"@type":"Organization","@id":"https:\/\/cleitonpinheiro.com.br\/site\/#organization","name":"CPNOT\u00cdCIAS","url":"https:\/\/cleitonpinheiro.com.br\/site\/","logo":{"@type":"ImageObject","inLanguage":"pt-BR","@id":"https:\/\/cleitonpinheiro.com.br\/site\/#\/schema\/logo\/image\/","url":"https:\/\/cleitonpinheiro.com.br\/site\/wp-content\/uploads\/2022\/08\/Logo-pequena-2.png","contentUrl":"https:\/\/cleitonpinheiro.com.br\/site\/wp-content\/uploads\/2022\/08\/Logo-pequena-2.png","width":500,"height":500,"caption":"CPNOT\u00cdCIAS"},"image":{"@id":"https:\/\/cleitonpinheiro.com.br\/site\/#\/schema\/logo\/image\/"},"sameAs":["https:\/\/www.facebook.com\/portalcpnoticias\/"]},{"@type":"Person","@id":"https:\/\/cleitonpinheiro.com.br\/site\/#\/schema\/person\/8f04544e0bc40a1b68775b08360f87db","name":"Reda\u00e7\u00e3o CP","image":{"@type":"ImageObject","inLanguage":"pt-BR","@id":"https:\/\/cleitonpinheiro.com.br\/site\/#\/schema\/person\/image\/","url":"https:\/\/secure.gravatar.com\/avatar\/0bcf19cb29fdc8fc588c490c7ae1b3e174dac268586a63fbe1d1893a0f9020cd?s=96&r=g","contentUrl":"https:\/\/secure.gravatar.com\/avatar\/0bcf19cb29fdc8fc588c490c7ae1b3e174dac268586a63fbe1d1893a0f9020cd?s=96&r=g","caption":"Reda\u00e7\u00e3o CP"},"url":"https:\/\/cleitonpinheiro.com.br\/site\/author\/redacao\/"}]}},"views":137,"_links":{"self":[{"href":"https:\/\/cleitonpinheiro.com.br\/site\/wp-json\/wp\/v2\/posts\/86385","targetHints":{"allow":["GET"]}}],"collection":[{"href":"https:\/\/cleitonpinheiro.com.br\/site\/wp-json\/wp\/v2\/posts"}],"about":[{"href":"https:\/\/cleitonpinheiro.com.br\/site\/wp-json\/wp\/v2\/types\/post"}],"author":[{"embeddable":true,"href":"https:\/\/cleitonpinheiro.com.br\/site\/wp-json\/wp\/v2\/users\/13"}],"replies":[{"embeddable":true,"href":"https:\/\/cleitonpinheiro.com.br\/site\/wp-json\/wp\/v2\/comments?post=86385"}],"version-history":[{"count":1,"href":"https:\/\/cleitonpinheiro.com.br\/site\/wp-json\/wp\/v2\/posts\/86385\/revisions"}],"predecessor-version":[{"id":86387,"href":"https:\/\/cleitonpinheiro.com.br\/site\/wp-json\/wp\/v2\/posts\/86385\/revisions\/86387"}],"wp:featuredmedia":[{"embeddable":true,"href":"https:\/\/cleitonpinheiro.com.br\/site\/wp-json\/wp\/v2\/media\/86386"}],"wp:attachment":[{"href":"https:\/\/cleitonpinheiro.com.br\/site\/wp-json\/wp\/v2\/media?parent=86385"}],"wp:term":[{"taxonomy":"category","embeddable":true,"href":"https:\/\/cleitonpinheiro.com.br\/site\/wp-json\/wp\/v2\/categories?post=86385"},{"taxonomy":"post_tag","embeddable":true,"href":"https:\/\/cleitonpinheiro.com.br\/site\/wp-json\/wp\/v2\/tags?post=86385"}],"curies":[{"name":"wp","href":"https:\/\/api.w.org\/{rel}","templated":true}]}}