{"id":86401,"date":"2025-07-25T12:43:39","date_gmt":"2025-07-25T15:43:39","guid":{"rendered":"https:\/\/cleitonpinheiro.com.br\/site\/?p=86401"},"modified":"2025-07-25T12:43:44","modified_gmt":"2025-07-25T15:43:44","slug":"marcos-do-val-contraria-ordem-do-stf-e-viaja-para-os-estados-unidos","status":"publish","type":"post","link":"https:\/\/cleitonpinheiro.com.br\/site\/marcos-do-val-contraria-ordem-do-stf-e-viaja-para-os-estados-unidos\/","title":{"rendered":"Marcos do Val contraria ordem do STF e viaja para os Estados Unidos"},"content":{"rendered":"\n<figure class=\"wp-block-image size-large\"><img fetchpriority=\"high\" decoding=\"async\" width=\"1024\" height=\"613\" src=\"https:\/\/cleitonpinheiro.com.br\/site\/wp-content\/uploads\/2023\/11\/stf_1908200972-1024x613.webp\" alt=\"\" class=\"wp-image-75675\" srcset=\"https:\/\/cleitonpinheiro.com.br\/site\/wp-content\/uploads\/2023\/11\/stf_1908200972-1024x613.webp 1024w, https:\/\/cleitonpinheiro.com.br\/site\/wp-content\/uploads\/2023\/11\/stf_1908200972-300x179.webp 300w, https:\/\/cleitonpinheiro.com.br\/site\/wp-content\/uploads\/2023\/11\/stf_1908200972-768x459.webp 768w, https:\/\/cleitonpinheiro.com.br\/site\/wp-content\/uploads\/2023\/11\/stf_1908200972.webp 1170w\" sizes=\"(max-width: 1024px) 100vw, 1024px\" \/><figcaption class=\"wp-element-caption\">Foto: Marcello Casal Jr\/Ag\u00eancia Brasil<\/figcaption><\/figure>\n\n\n\n<p>O senador Marcos do Val (Podemos-ES) confirmou nesta quinta-feira (24) ter viajado aos Estados Unidos, apesar de ter seus passaportes bloqueados pelo Supremo Tribunal Federal (STF).<\/p>\n\n\n\n<p>De acordo com nota divulgada pela assessoria do parlamentar, a viagem foi realizada com um passaporte diplom\u00e1tico que ficou com Marcos do Val apesar de uma ordem do ministro do STF Alexandre de Moraes, de agosto do ano passado, ter determinado a apreens\u00e3o do documento.<\/p>\n\n\n\n<p>\u201cO passaporte diplom\u00e1tico encontra-se plenamente v\u00e1lido at\u00e9 31 de julho de 2027, sem qualquer restri\u00e7\u00e3o. Em 22 de julho de 2025, a Embaixada dos Estados Unidos da Am\u00e9rica, em Bras\u00edlia, renovou o visto oficial (B1\/B2) do Senador, com validade at\u00e9 16 de julho de 2035, o que atesta o pleno reconhecimento internacional de sua legitimidade e regularidade diplom\u00e1tica\u201d, diz a nota do parlamentar.<\/p>\n\n\n\n<p>A Pol\u00edcia Federal (PF) fez buscas em endere\u00e7os pessoais e profissionais de Val, mas \u00e0 \u00e9poca n\u00e3o encontrou o passaporte diplom\u00e1tico. Em fevereiro, a decis\u00e3o pela apreens\u00e3o e o bloqueio do documento foi confirmada por unanimidade pela Primeira Turma do Supremo, composto por cinco ministros: al\u00e9m do pr\u00f3prio Moraes, Cristiano Zanin, Luiz Fux, Fl\u00e1vio Dino e C\u00e1rmen L\u00facia.<\/p>\n\n\n\n<p>A medida foi determinada em uma apura\u00e7\u00e3o na qual o parlamentar \u00e9 investigado por supostamente promover uma campanha para intimidar e constranger investigadores da Pol\u00edcia Federal (PF). Na mesma decis\u00e3o, foi determinado ainda o bloqueio das redes sociais de Marcos do Val, que foi proibido de se manifestar por essas plataformas na internet.<\/p>\n\n\n\n<p>Neste m\u00eas, Marcos do Val protocolou um pedido no Supremo para viajar de f\u00e9rias com a fam\u00edlia para os Estados Unidos, mas teve o pedido negado por Moraes. N\u00e3o est\u00e1 claro como o parlamentar deixou o pa\u00eds mesmo com uma ordem pendente de apreens\u00e3o de seu passaporte.<\/p>\n","protected":false},"excerpt":{"rendered":"<p>O senador Marcos do Val (Podemos-ES) confirmou nesta quinta-feira (24) ter viajado aos Estados Unidos, apesar de ter seus passaportes bloqueados pelo Supremo Tribunal Federal (STF). De acordo com nota divulgada pela assessoria do parlamentar, a viagem foi realizada com um passaporte diplom\u00e1tico que ficou com Marcos do Val apesar de uma ordem do ministro [&hellip;]<\/p>\n","protected":false},"author":13,"featured_media":75675,"comment_status":"open","ping_status":"open","sticky":false,"template":"","format":"standard","meta":{"_acf_changed":false,"footnotes":""},"categories":[19,20,21],"tags":[],"class_list":["post-86401","post","type-post","status-publish","format-standard","has-post-thumbnail","hentry","category-brasil-mundo","category-noticias-em-destaque","category-todas-noticias"],"acf":[],"yoast_head":"<!-- This site is optimized with the Yoast SEO plugin v24.4 - https:\/\/yoast.com\/wordpress\/plugins\/seo\/ -->\n<title>Marcos do Val contraria ordem do STF e viaja para os Estados Unidos - PORTAL DE NOT\u00cdCIAS CLEITON PINHEIRO<\/title>\n<meta name=\"robots\" content=\"index, follow, max-snippet:-1, max-image-preview:large, max-video-preview:-1\" \/>\n<link rel=\"canonical\" href=\"https:\/\/cleitonpinheiro.com.br\/site\/marcos-do-val-contraria-ordem-do-stf-e-viaja-para-os-estados-unidos\/\" \/>\n<meta property=\"og:locale\" content=\"pt_BR\" \/>\n<meta property=\"og:type\" content=\"article\" \/>\n<meta property=\"og:title\" content=\"Marcos do Val contraria ordem do STF e viaja para os Estados Unidos - PORTAL DE NOT\u00cdCIAS CLEITON PINHEIRO\" \/>\n<meta property=\"og:description\" content=\"O senador Marcos do Val (Podemos-ES) confirmou nesta quinta-feira (24) ter viajado aos Estados Unidos, apesar de ter seus passaportes bloqueados pelo Supremo Tribunal Federal (STF). De acordo com nota divulgada pela assessoria do parlamentar, a viagem foi realizada com um passaporte diplom\u00e1tico que ficou com Marcos do Val apesar de uma ordem do ministro [&hellip;]\" \/>\n<meta property=\"og:url\" content=\"https:\/\/cleitonpinheiro.com.br\/site\/marcos-do-val-contraria-ordem-do-stf-e-viaja-para-os-estados-unidos\/\" \/>\n<meta property=\"og:site_name\" content=\"PORTAL DE NOT\u00cdCIAS CLEITON PINHEIRO\" \/>\n<meta property=\"article:publisher\" content=\"https:\/\/www.facebook.com\/portalcpnoticias\/\" \/>\n<meta property=\"article:published_time\" content=\"2025-07-25T15:43:39+00:00\" \/>\n<meta property=\"article:modified_time\" content=\"2025-07-25T15:43:44+00:00\" \/>\n<meta property=\"og:image\" content=\"https:\/\/cleitonpinheiro.com.br\/site\/wp-content\/uploads\/2023\/11\/stf_1908200972.webp\" \/>\n\t<meta property=\"og:image:width\" content=\"1170\" \/>\n\t<meta property=\"og:image:height\" content=\"700\" \/>\n\t<meta property=\"og:image:type\" content=\"image\/webp\" \/>\n<meta name=\"author\" content=\"Reda\u00e7\u00e3o CP\" \/>\n<meta name=\"twitter:card\" content=\"summary_large_image\" \/>\n<meta name=\"twitter:label1\" content=\"Escrito por\" \/>\n\t<meta name=\"twitter:data1\" content=\"Reda\u00e7\u00e3o CP\" \/>\n\t<meta name=\"twitter:label2\" content=\"Est. tempo de leitura\" \/>\n\t<meta name=\"twitter:data2\" content=\"3 minutos\" \/>\n<script type=\"application\/ld+json\" class=\"yoast-schema-graph\">{\"@context\":\"https:\/\/schema.org\",\"@graph\":[{\"@type\":\"Article\",\"@id\":\"https:\/\/cleitonpinheiro.com.br\/site\/marcos-do-val-contraria-ordem-do-stf-e-viaja-para-os-estados-unidos\/#article\",\"isPartOf\":{\"@id\":\"https:\/\/cleitonpinheiro.com.br\/site\/marcos-do-val-contraria-ordem-do-stf-e-viaja-para-os-estados-unidos\/\"},\"author\":{\"name\":\"Reda\u00e7\u00e3o CP\",\"@id\":\"https:\/\/cleitonpinheiro.com.br\/site\/#\/schema\/person\/8f04544e0bc40a1b68775b08360f87db\"},\"headline\":\"Marcos do Val contraria ordem do STF e viaja para os Estados Unidos\",\"datePublished\":\"2025-07-25T15:43:39+00:00\",\"dateModified\":\"2025-07-25T15:43:44+00:00\",\"mainEntityOfPage\":{\"@id\":\"https:\/\/cleitonpinheiro.com.br\/site\/marcos-do-val-contraria-ordem-do-stf-e-viaja-para-os-estados-unidos\/\"},\"wordCount\":332,\"commentCount\":0,\"publisher\":{\"@id\":\"https:\/\/cleitonpinheiro.com.br\/site\/#organization\"},\"image\":{\"@id\":\"https:\/\/cleitonpinheiro.com.br\/site\/marcos-do-val-contraria-ordem-do-stf-e-viaja-para-os-estados-unidos\/#primaryimage\"},\"thumbnailUrl\":\"https:\/\/cleitonpinheiro.com.br\/site\/wp-content\/uploads\/2023\/11\/stf_1908200972.webp\",\"articleSection\":[\"BRASIL \/ MUNDO\",\"NOT\u00cdCIAS EM DESTAQUE\",\"TODAS NOTICIAS\"],\"inLanguage\":\"pt-BR\",\"potentialAction\":[{\"@type\":\"CommentAction\",\"name\":\"Comment\",\"target\":[\"https:\/\/cleitonpinheiro.com.br\/site\/marcos-do-val-contraria-ordem-do-stf-e-viaja-para-os-estados-unidos\/#respond\"]}]},{\"@type\":\"WebPage\",\"@id\":\"https:\/\/cleitonpinheiro.com.br\/site\/marcos-do-val-contraria-ordem-do-stf-e-viaja-para-os-estados-unidos\/\",\"url\":\"https:\/\/cleitonpinheiro.com.br\/site\/marcos-do-val-contraria-ordem-do-stf-e-viaja-para-os-estados-unidos\/\",\"name\":\"Marcos do Val contraria ordem do STF e viaja para os Estados Unidos - PORTAL DE NOT\u00cdCIAS CLEITON PINHEIRO\",\"isPartOf\":{\"@id\":\"https:\/\/cleitonpinheiro.com.br\/site\/#website\"},\"primaryImageOfPage\":{\"@id\":\"https:\/\/cleitonpinheiro.com.br\/site\/marcos-do-val-contraria-ordem-do-stf-e-viaja-para-os-estados-unidos\/#primaryimage\"},\"image\":{\"@id\":\"https:\/\/cleitonpinheiro.com.br\/site\/marcos-do-val-contraria-ordem-do-stf-e-viaja-para-os-estados-unidos\/#primaryimage\"},\"thumbnailUrl\":\"https:\/\/cleitonpinheiro.com.br\/site\/wp-content\/uploads\/2023\/11\/stf_1908200972.webp\",\"datePublished\":\"2025-07-25T15:43:39+00:00\",\"dateModified\":\"2025-07-25T15:43:44+00:00\",\"breadcrumb\":{\"@id\":\"https:\/\/cleitonpinheiro.com.br\/site\/marcos-do-val-contraria-ordem-do-stf-e-viaja-para-os-estados-unidos\/#breadcrumb\"},\"inLanguage\":\"pt-BR\",\"potentialAction\":[{\"@type\":\"ReadAction\",\"target\":[\"https:\/\/cleitonpinheiro.com.br\/site\/marcos-do-val-contraria-ordem-do-stf-e-viaja-para-os-estados-unidos\/\"]}]},{\"@type\":\"ImageObject\",\"inLanguage\":\"pt-BR\",\"@id\":\"https:\/\/cleitonpinheiro.com.br\/site\/marcos-do-val-contraria-ordem-do-stf-e-viaja-para-os-estados-unidos\/#primaryimage\",\"url\":\"https:\/\/cleitonpinheiro.com.br\/site\/wp-content\/uploads\/2023\/11\/stf_1908200972.webp\",\"contentUrl\":\"https:\/\/cleitonpinheiro.com.br\/site\/wp-content\/uploads\/2023\/11\/stf_1908200972.webp\",\"width\":1170,\"height\":700,\"caption\":\"Foto: Marcello Casal Jr\/Ag\u00eancia Brasil\"},{\"@type\":\"BreadcrumbList\",\"@id\":\"https:\/\/cleitonpinheiro.com.br\/site\/marcos-do-val-contraria-ordem-do-stf-e-viaja-para-os-estados-unidos\/#breadcrumb\",\"itemListElement\":[{\"@type\":\"ListItem\",\"position\":1,\"name\":\"In\u00edcio\",\"item\":\"https:\/\/cleitonpinheiro.com.br\/site\/\"},{\"@type\":\"ListItem\",\"position\":2,\"name\":\"Marcos do Val contraria ordem do STF e viaja para os Estados Unidos\"}]},{\"@type\":\"WebSite\",\"@id\":\"https:\/\/cleitonpinheiro.com.br\/site\/#website\",\"url\":\"https:\/\/cleitonpinheiro.com.br\/site\/\",\"name\":\"PORTAL DE NOT\u00cdCIAS CLEITON PINHEIRO\",\"description\":\"FALANDO A VERDADE\",\"publisher\":{\"@id\":\"https:\/\/cleitonpinheiro.com.br\/site\/#organization\"},\"potentialAction\":[{\"@type\":\"SearchAction\",\"target\":{\"@type\":\"EntryPoint\",\"urlTemplate\":\"https:\/\/cleitonpinheiro.com.br\/site\/?s={search_term_string}\"},\"query-input\":{\"@type\":\"PropertyValueSpecification\",\"valueRequired\":true,\"valueName\":\"search_term_string\"}}],\"inLanguage\":\"pt-BR\"},{\"@type\":\"Organization\",\"@id\":\"https:\/\/cleitonpinheiro.com.br\/site\/#organization\",\"name\":\"CPNOT\u00cdCIAS\",\"url\":\"https:\/\/cleitonpinheiro.com.br\/site\/\",\"logo\":{\"@type\":\"ImageObject\",\"inLanguage\":\"pt-BR\",\"@id\":\"https:\/\/cleitonpinheiro.com.br\/site\/#\/schema\/logo\/image\/\",\"url\":\"https:\/\/cleitonpinheiro.com.br\/site\/wp-content\/uploads\/2022\/08\/Logo-pequena-2.png\",\"contentUrl\":\"https:\/\/cleitonpinheiro.com.br\/site\/wp-content\/uploads\/2022\/08\/Logo-pequena-2.png\",\"width\":500,\"height\":500,\"caption\":\"CPNOT\u00cdCIAS\"},\"image\":{\"@id\":\"https:\/\/cleitonpinheiro.com.br\/site\/#\/schema\/logo\/image\/\"},\"sameAs\":[\"https:\/\/www.facebook.com\/portalcpnoticias\/\"]},{\"@type\":\"Person\",\"@id\":\"https:\/\/cleitonpinheiro.com.br\/site\/#\/schema\/person\/8f04544e0bc40a1b68775b08360f87db\",\"name\":\"Reda\u00e7\u00e3o CP\",\"image\":{\"@type\":\"ImageObject\",\"inLanguage\":\"pt-BR\",\"@id\":\"https:\/\/cleitonpinheiro.com.br\/site\/#\/schema\/person\/image\/\",\"url\":\"https:\/\/secure.gravatar.com\/avatar\/0bcf19cb29fdc8fc588c490c7ae1b3e174dac268586a63fbe1d1893a0f9020cd?s=96&r=g\",\"contentUrl\":\"https:\/\/secure.gravatar.com\/avatar\/0bcf19cb29fdc8fc588c490c7ae1b3e174dac268586a63fbe1d1893a0f9020cd?s=96&r=g\",\"caption\":\"Reda\u00e7\u00e3o CP\"},\"url\":\"https:\/\/cleitonpinheiro.com.br\/site\/author\/redacao\/\"}]}<\/script>\n<!-- \/ Yoast SEO plugin. -->","yoast_head_json":{"title":"Marcos do Val contraria ordem do STF e viaja para os Estados Unidos - PORTAL DE NOT\u00cdCIAS CLEITON PINHEIRO","robots":{"index":"index","follow":"follow","max-snippet":"max-snippet:-1","max-image-preview":"max-image-preview:large","max-video-preview":"max-video-preview:-1"},"canonical":"https:\/\/cleitonpinheiro.com.br\/site\/marcos-do-val-contraria-ordem-do-stf-e-viaja-para-os-estados-unidos\/","og_locale":"pt_BR","og_type":"article","og_title":"Marcos do Val contraria ordem do STF e viaja para os Estados Unidos - PORTAL DE NOT\u00cdCIAS CLEITON PINHEIRO","og_description":"O senador Marcos do Val (Podemos-ES) confirmou nesta quinta-feira (24) ter viajado aos Estados Unidos, apesar de ter seus passaportes bloqueados pelo Supremo Tribunal Federal (STF). De acordo com nota divulgada pela assessoria do parlamentar, a viagem foi realizada com um passaporte diplom\u00e1tico que ficou com Marcos do Val apesar de uma ordem do ministro [&hellip;]","og_url":"https:\/\/cleitonpinheiro.com.br\/site\/marcos-do-val-contraria-ordem-do-stf-e-viaja-para-os-estados-unidos\/","og_site_name":"PORTAL DE NOT\u00cdCIAS CLEITON PINHEIRO","article_publisher":"https:\/\/www.facebook.com\/portalcpnoticias\/","article_published_time":"2025-07-25T15:43:39+00:00","article_modified_time":"2025-07-25T15:43:44+00:00","og_image":[{"width":1170,"height":700,"url":"https:\/\/cleitonpinheiro.com.br\/site\/wp-content\/uploads\/2023\/11\/stf_1908200972.webp","type":"image\/webp"}],"author":"Reda\u00e7\u00e3o CP","twitter_card":"summary_large_image","twitter_misc":{"Escrito por":"Reda\u00e7\u00e3o CP","Est. tempo de leitura":"3 minutos"},"schema":{"@context":"https:\/\/schema.org","@graph":[{"@type":"Article","@id":"https:\/\/cleitonpinheiro.com.br\/site\/marcos-do-val-contraria-ordem-do-stf-e-viaja-para-os-estados-unidos\/#article","isPartOf":{"@id":"https:\/\/cleitonpinheiro.com.br\/site\/marcos-do-val-contraria-ordem-do-stf-e-viaja-para-os-estados-unidos\/"},"author":{"name":"Reda\u00e7\u00e3o CP","@id":"https:\/\/cleitonpinheiro.com.br\/site\/#\/schema\/person\/8f04544e0bc40a1b68775b08360f87db"},"headline":"Marcos do Val contraria ordem do STF e viaja para os Estados Unidos","datePublished":"2025-07-25T15:43:39+00:00","dateModified":"2025-07-25T15:43:44+00:00","mainEntityOfPage":{"@id":"https:\/\/cleitonpinheiro.com.br\/site\/marcos-do-val-contraria-ordem-do-stf-e-viaja-para-os-estados-unidos\/"},"wordCount":332,"commentCount":0,"publisher":{"@id":"https:\/\/cleitonpinheiro.com.br\/site\/#organization"},"image":{"@id":"https:\/\/cleitonpinheiro.com.br\/site\/marcos-do-val-contraria-ordem-do-stf-e-viaja-para-os-estados-unidos\/#primaryimage"},"thumbnailUrl":"https:\/\/cleitonpinheiro.com.br\/site\/wp-content\/uploads\/2023\/11\/stf_1908200972.webp","articleSection":["BRASIL \/ MUNDO","NOT\u00cdCIAS EM DESTAQUE","TODAS NOTICIAS"],"inLanguage":"pt-BR","potentialAction":[{"@type":"CommentAction","name":"Comment","target":["https:\/\/cleitonpinheiro.com.br\/site\/marcos-do-val-contraria-ordem-do-stf-e-viaja-para-os-estados-unidos\/#respond"]}]},{"@type":"WebPage","@id":"https:\/\/cleitonpinheiro.com.br\/site\/marcos-do-val-contraria-ordem-do-stf-e-viaja-para-os-estados-unidos\/","url":"https:\/\/cleitonpinheiro.com.br\/site\/marcos-do-val-contraria-ordem-do-stf-e-viaja-para-os-estados-unidos\/","name":"Marcos do Val contraria ordem do STF e viaja para os Estados Unidos - PORTAL DE NOT\u00cdCIAS CLEITON PINHEIRO","isPartOf":{"@id":"https:\/\/cleitonpinheiro.com.br\/site\/#website"},"primaryImageOfPage":{"@id":"https:\/\/cleitonpinheiro.com.br\/site\/marcos-do-val-contraria-ordem-do-stf-e-viaja-para-os-estados-unidos\/#primaryimage"},"image":{"@id":"https:\/\/cleitonpinheiro.com.br\/site\/marcos-do-val-contraria-ordem-do-stf-e-viaja-para-os-estados-unidos\/#primaryimage"},"thumbnailUrl":"https:\/\/cleitonpinheiro.com.br\/site\/wp-content\/uploads\/2023\/11\/stf_1908200972.webp","datePublished":"2025-07-25T15:43:39+00:00","dateModified":"2025-07-25T15:43:44+00:00","breadcrumb":{"@id":"https:\/\/cleitonpinheiro.com.br\/site\/marcos-do-val-contraria-ordem-do-stf-e-viaja-para-os-estados-unidos\/#breadcrumb"},"inLanguage":"pt-BR","potentialAction":[{"@type":"ReadAction","target":["https:\/\/cleitonpinheiro.com.br\/site\/marcos-do-val-contraria-ordem-do-stf-e-viaja-para-os-estados-unidos\/"]}]},{"@type":"ImageObject","inLanguage":"pt-BR","@id":"https:\/\/cleitonpinheiro.com.br\/site\/marcos-do-val-contraria-ordem-do-stf-e-viaja-para-os-estados-unidos\/#primaryimage","url":"https:\/\/cleitonpinheiro.com.br\/site\/wp-content\/uploads\/2023\/11\/stf_1908200972.webp","contentUrl":"https:\/\/cleitonpinheiro.com.br\/site\/wp-content\/uploads\/2023\/11\/stf_1908200972.webp","width":1170,"height":700,"caption":"Foto: Marcello Casal Jr\/Ag\u00eancia Brasil"},{"@type":"BreadcrumbList","@id":"https:\/\/cleitonpinheiro.com.br\/site\/marcos-do-val-contraria-ordem-do-stf-e-viaja-para-os-estados-unidos\/#breadcrumb","itemListElement":[{"@type":"ListItem","position":1,"name":"In\u00edcio","item":"https:\/\/cleitonpinheiro.com.br\/site\/"},{"@type":"ListItem","position":2,"name":"Marcos do Val contraria ordem do STF e viaja para os Estados Unidos"}]},{"@type":"WebSite","@id":"https:\/\/cleitonpinheiro.com.br\/site\/#website","url":"https:\/\/cleitonpinheiro.com.br\/site\/","name":"PORTAL DE NOT\u00cdCIAS CLEITON PINHEIRO","description":"FALANDO A VERDADE","publisher":{"@id":"https:\/\/cleitonpinheiro.com.br\/site\/#organization"},"potentialAction":[{"@type":"SearchAction","target":{"@type":"EntryPoint","urlTemplate":"https:\/\/cleitonpinheiro.com.br\/site\/?s={search_term_string}"},"query-input":{"@type":"PropertyValueSpecification","valueRequired":true,"valueName":"search_term_string"}}],"inLanguage":"pt-BR"},{"@type":"Organization","@id":"https:\/\/cleitonpinheiro.com.br\/site\/#organization","name":"CPNOT\u00cdCIAS","url":"https:\/\/cleitonpinheiro.com.br\/site\/","logo":{"@type":"ImageObject","inLanguage":"pt-BR","@id":"https:\/\/cleitonpinheiro.com.br\/site\/#\/schema\/logo\/image\/","url":"https:\/\/cleitonpinheiro.com.br\/site\/wp-content\/uploads\/2022\/08\/Logo-pequena-2.png","contentUrl":"https:\/\/cleitonpinheiro.com.br\/site\/wp-content\/uploads\/2022\/08\/Logo-pequena-2.png","width":500,"height":500,"caption":"CPNOT\u00cdCIAS"},"image":{"@id":"https:\/\/cleitonpinheiro.com.br\/site\/#\/schema\/logo\/image\/"},"sameAs":["https:\/\/www.facebook.com\/portalcpnoticias\/"]},{"@type":"Person","@id":"https:\/\/cleitonpinheiro.com.br\/site\/#\/schema\/person\/8f04544e0bc40a1b68775b08360f87db","name":"Reda\u00e7\u00e3o CP","image":{"@type":"ImageObject","inLanguage":"pt-BR","@id":"https:\/\/cleitonpinheiro.com.br\/site\/#\/schema\/person\/image\/","url":"https:\/\/secure.gravatar.com\/avatar\/0bcf19cb29fdc8fc588c490c7ae1b3e174dac268586a63fbe1d1893a0f9020cd?s=96&r=g","contentUrl":"https:\/\/secure.gravatar.com\/avatar\/0bcf19cb29fdc8fc588c490c7ae1b3e174dac268586a63fbe1d1893a0f9020cd?s=96&r=g","caption":"Reda\u00e7\u00e3o CP"},"url":"https:\/\/cleitonpinheiro.com.br\/site\/author\/redacao\/"}]}},"views":179,"_links":{"self":[{"href":"https:\/\/cleitonpinheiro.com.br\/site\/wp-json\/wp\/v2\/posts\/86401","targetHints":{"allow":["GET"]}}],"collection":[{"href":"https:\/\/cleitonpinheiro.com.br\/site\/wp-json\/wp\/v2\/posts"}],"about":[{"href":"https:\/\/cleitonpinheiro.com.br\/site\/wp-json\/wp\/v2\/types\/post"}],"author":[{"embeddable":true,"href":"https:\/\/cleitonpinheiro.com.br\/site\/wp-json\/wp\/v2\/users\/13"}],"replies":[{"embeddable":true,"href":"https:\/\/cleitonpinheiro.com.br\/site\/wp-json\/wp\/v2\/comments?post=86401"}],"version-history":[{"count":1,"href":"https:\/\/cleitonpinheiro.com.br\/site\/wp-json\/wp\/v2\/posts\/86401\/revisions"}],"predecessor-version":[{"id":86402,"href":"https:\/\/cleitonpinheiro.com.br\/site\/wp-json\/wp\/v2\/posts\/86401\/revisions\/86402"}],"wp:featuredmedia":[{"embeddable":true,"href":"https:\/\/cleitonpinheiro.com.br\/site\/wp-json\/wp\/v2\/media\/75675"}],"wp:attachment":[{"href":"https:\/\/cleitonpinheiro.com.br\/site\/wp-json\/wp\/v2\/media?parent=86401"}],"wp:term":[{"taxonomy":"category","embeddable":true,"href":"https:\/\/cleitonpinheiro.com.br\/site\/wp-json\/wp\/v2\/categories?post=86401"},{"taxonomy":"post_tag","embeddable":true,"href":"https:\/\/cleitonpinheiro.com.br\/site\/wp-json\/wp\/v2\/tags?post=86401"}],"curies":[{"name":"wp","href":"https:\/\/api.w.org\/{rel}","templated":true}]}}