{"id":86409,"date":"2025-07-28T13:32:40","date_gmt":"2025-07-28T16:32:40","guid":{"rendered":"https:\/\/cleitonpinheiro.com.br\/site\/?p=86409"},"modified":"2025-07-28T13:32:45","modified_gmt":"2025-07-28T16:32:45","slug":"lula-sanciona-credito-consignado-para-clt-incluindo-motoristas-de-app","status":"publish","type":"post","link":"https:\/\/cleitonpinheiro.com.br\/site\/lula-sanciona-credito-consignado-para-clt-incluindo-motoristas-de-app\/","title":{"rendered":"Lula sanciona cr\u00e9dito consignado para CLT, incluindo motoristas de app"},"content":{"rendered":"\n<figure class=\"wp-block-image size-large\"><img fetchpriority=\"high\" decoding=\"async\" width=\"1024\" height=\"613\" src=\"https:\/\/cleitonpinheiro.com.br\/site\/wp-content\/uploads\/2025\/07\/img_2471-1024x613.webp\" alt=\"\" class=\"wp-image-86410\" srcset=\"https:\/\/cleitonpinheiro.com.br\/site\/wp-content\/uploads\/2025\/07\/img_2471-1024x613.webp 1024w, https:\/\/cleitonpinheiro.com.br\/site\/wp-content\/uploads\/2025\/07\/img_2471-300x179.webp 300w, https:\/\/cleitonpinheiro.com.br\/site\/wp-content\/uploads\/2025\/07\/img_2471-768x459.webp 768w, https:\/\/cleitonpinheiro.com.br\/site\/wp-content\/uploads\/2025\/07\/img_2471.webp 1170w\" sizes=\"(max-width: 1024px) 100vw, 1024px\" \/><figcaption class=\"wp-element-caption\">\u00a9 Rovena Rosa\/Ag\u00eancia Brasil\n<\/figcaption><\/figure>\n\n\n\n<p>O presidente Luiz In\u00e1cio Lula da Silva sancionou nesta sexta-feira (25) a lei que institui o Cr\u00e9dito do Trabalhador, voltado a empregados da iniciativa privada com carteira assinada (CLT). Lula tamb\u00e9m aprovou a inclus\u00e3o de motoristas e entregadores de aplicativos, feita pelo Congresso Nacional durante a tramita\u00e7\u00e3o da mat\u00e9ria.<\/p>\n\n\n\n<p>A norma foi publicada no Di\u00e1rio Oficial da Uni\u00e3o, informou o Pal\u00e1cio do Planalto.<\/p>\n\n\n\n<p>O consignado CLT foi institu\u00eddo por Medida Provis\u00f3ria (MP) do governo federal em mar\u00e7o, mas dependia da aprova\u00e7\u00e3o final dos parlamentares para n\u00e3o perder a validade.<\/p>\n\n\n\n<p>Desde ent\u00e3o, de acordo com dados do governo federal, o programa j\u00e1 movimentou R$ 21 bilh\u00f5es em empr\u00e9stimos, por meio de 4.075.565 contratos que abrangem mais de 3,1 milh\u00f5es de trabalhadores. A m\u00e9dia de cr\u00e9dito por trabalhador \u00e9 de R$ 6.781,69, com prazo m\u00e9dio de 19 meses para pagamento das parcelas.<\/p>\n\n\n\n<p>O Minist\u00e9rio do Trabalho e Emprego (MTE) informou que cerca de 60% dos empr\u00e9stimos est\u00e3o concentrados em trabalhadores que recebem at\u00e9 quatro sal\u00e1rios m\u00ednimos, segmento que, segundo a pasta, n\u00e3o tinham acesso a cr\u00e9dito com condi\u00e7\u00f5es mais vantajosas. Atualmente, a m\u00e9dia dos juros cobrados no consignado CLT \u00e9 de 3,56% ao m\u00eas.<\/p>\n\n\n\n<p>Para benefici\u00e1rios do Instituto Nacional do Seguro Social (INSS), o teto estabelecido \u00e9 ainda mais baixo, atualmente fixado em 1,80% ao m\u00eas. Em outra ponta, o empr\u00e9stimo pessoal n\u00e3o consignado apresenta taxas m\u00e9dias que variam entre 6,50% e 8,77% ao m\u00eas, com uma m\u00e9dia geral de 8,1%, valores consideravelmente mais elevados.<\/p>\n\n\n\n<p>Pela lei, o MTE ser\u00e1 respons\u00e1vel por fiscalizar se os empregadores est\u00e3o cumprindo corretamente a obriga\u00e7\u00e3o de realizar todos os procedimentos necess\u00e1rios para a operacionaliza\u00e7\u00e3o dos descontos e o repasse dos valores das presta\u00e7\u00f5es contratadas em opera\u00e7\u00f5es de cr\u00e9dito consignado. Segundo a pasta, caso sejam identificados descontos indevidos ou a aus\u00eancia de repasse dos valores aos bancos, o empregador poder\u00e1 ser penalizado com multa administrativa.<\/p>\n\n\n\n<p>A nova lei tamb\u00e9m estabelece a cria\u00e7\u00e3o do Comit\u00ea Gestor das Opera\u00e7\u00f5es de Cr\u00e9dito Consignado, que definir\u00e1 par\u00e2metros, elementos, os termos e as condi\u00e7\u00f5es dos contratos, bem como a execu\u00e7\u00e3o dessas opera\u00e7\u00f5es. O Comit\u00ea ser\u00e1 composto por representantes da Casa Civil, do Minist\u00e9rio do Trabalho e Emprego, que coordenar\u00e1 o grupo, e do Minist\u00e9rio da Fazenda.<\/p>\n\n\n\n<p>Motoristas de aplicativo<br>No caso do cr\u00e9dito aos motoristas de transporte de passageiros por aplicativo, a concess\u00e3o depender\u00e1 da exist\u00eancia de conv\u00eanio entre a plataforma \u00e0 qual o trabalhador est\u00e1 ligado e institui\u00e7\u00f5es de cr\u00e9dito. Neste caso, ao contratar empr\u00e9stimo, o trabalhador oferecer\u00e1 como garantia os valores recebidos no aplicativo.<\/p>\n\n\n\n<p>Na san\u00e7\u00e3o da nova lei, o presidente da Rep\u00fablica vetou dispositivos relacionados ao compartilhamento de dados pessoais entre institui\u00e7\u00f5es consignat\u00e1rias, por entender que violam a Lei Geral de Prote\u00e7\u00e3o de Dados (LGPD).<\/p>\n\n\n\n<p>Al\u00e9m da san\u00e7\u00e3o, Lula assinou o Decreto n\u00b0 12.564, que exige o uso de mecanismos de verifica\u00e7\u00e3o biom\u00e9trica e de identifica\u00e7\u00e3o do trabalhador na assinatura dos contratos, em conformidade com a LGPD. No caso de portabilidade de empr\u00e9stimos consignados, as novas taxas de juros dever\u00e3o ser inferiores \u00e0s da opera\u00e7\u00e3o original. O trabalhador poder\u00e1 comprometer at\u00e9 35% do seu sal\u00e1rio com o pagamento das parcelas do empr\u00e9stimo.<\/p>\n\n\n\n<p>Cr\u00e9dito<br>O trabalhador que deseja acessar o cr\u00e9dito dever\u00e1 faz\u00ea-lo diretamente no site ou aplicativo dos bancos e na p\u00e1gina da Carteira de Trabalho Digital na internet ou no aplicativo de mesmo nome. Ao acessar, o trabalhador pode autorizar o compartilhamento dos dados do eSocial, sistema eletr\u00f4nico que unifica informa\u00e7\u00f5es trabalhistas, para pedir a proposta de cr\u00e9dito.<\/p>\n\n\n\n<p>Ap\u00f3s a autoriza\u00e7\u00e3o de uso dos dados, o trabalhador recebe as ofertas em at\u00e9 24 horas, analisa a melhor op\u00e7\u00e3o e faz a contrata\u00e7\u00e3o no canal eletr\u00f4nico do banco. A partir de 25 de abril, os bancos tamb\u00e9m poder\u00e3o operar a linha do consignado privado dentro de suas plataformas digitais.<\/p>\n\n\n\n<p>As parcelas do cr\u00e9dito consignado ser\u00e3o descontadas na folha do trabalhador mensalmente, por meio do eSocial, at\u00e9 a margem consign\u00e1vel de 35% do sal\u00e1rio bruto, incluindo comiss\u00f5es, abonos e demais benef\u00edcios. Ap\u00f3s a contrata\u00e7\u00e3o, o trabalhador acompanha mensalmente as atualiza\u00e7\u00f5es do pagamento.<\/p>\n\n\n\n<p>Al\u00e9m disso, os trabalhadores com outros empr\u00e9stimos consignados ativos podem migrar o contrato existente para o novo modelo dentro de um mesmo banco e entre bancos diferentes. O relat\u00f3rio diz que nas opera\u00e7\u00f5es de portabilidade dever\u00e1 haver &#8220;taxa de juros inferior \u00e0 taxa de juros da opera\u00e7\u00e3o origin\u00e1ria&#8221;.<\/p>\n\n\n\n<p>No caso de desligamento, o valor devido ser\u00e1 descontado das verbas rescis\u00f3rias, observado o limite legal de 10% do saldo do Fundo de Garantia do Tempo de Servi\u00e7o (FGTS) e 100% da multa rescis\u00f3ria.<\/p>\n\n\n\n<p>Se o valor descontado for insuficiente, o pagamento das parcelas \u00e9 interrompido, sendo retomado quando o trabalhador conseguir outro emprego CLT. Nesse caso, o valor das presta\u00e7\u00f5es ser\u00e1 corrigido. O trabalhador tamb\u00e9m poder\u00e1 procurar o banco para acertar uma nova forma de pagamento.<\/p>\n","protected":false},"excerpt":{"rendered":"<p>O presidente Luiz In\u00e1cio Lula da Silva sancionou nesta sexta-feira (25) a lei que institui o Cr\u00e9dito do Trabalhador, voltado a empregados da iniciativa privada com carteira assinada (CLT). Lula tamb\u00e9m aprovou a inclus\u00e3o de motoristas e entregadores de aplicativos, feita pelo Congresso Nacional durante a tramita\u00e7\u00e3o da mat\u00e9ria. A norma foi publicada no Di\u00e1rio [&hellip;]<\/p>\n","protected":false},"author":13,"featured_media":86410,"comment_status":"open","ping_status":"open","sticky":false,"template":"","format":"standard","meta":{"_acf_changed":false,"footnotes":""},"categories":[19,898,21],"tags":[],"class_list":["post-86409","post","type-post","status-publish","format-standard","has-post-thumbnail","hentry","category-brasil-mundo","category-manchete-segundaria","category-todas-noticias"],"acf":[],"yoast_head":"<!-- This site is optimized with the Yoast SEO plugin v24.4 - https:\/\/yoast.com\/wordpress\/plugins\/seo\/ -->\n<title>Lula sanciona cr\u00e9dito consignado para CLT, incluindo motoristas de app - PORTAL DE NOT\u00cdCIAS CLEITON PINHEIRO<\/title>\n<meta name=\"robots\" content=\"index, follow, max-snippet:-1, max-image-preview:large, max-video-preview:-1\" \/>\n<link rel=\"canonical\" href=\"https:\/\/cleitonpinheiro.com.br\/site\/lula-sanciona-credito-consignado-para-clt-incluindo-motoristas-de-app\/\" \/>\n<meta property=\"og:locale\" content=\"pt_BR\" \/>\n<meta property=\"og:type\" content=\"article\" \/>\n<meta property=\"og:title\" content=\"Lula sanciona cr\u00e9dito consignado para CLT, incluindo motoristas de app - PORTAL DE NOT\u00cdCIAS CLEITON PINHEIRO\" \/>\n<meta property=\"og:description\" content=\"O presidente Luiz In\u00e1cio Lula da Silva sancionou nesta sexta-feira (25) a lei que institui o Cr\u00e9dito do Trabalhador, voltado a empregados da iniciativa privada com carteira assinada (CLT). Lula tamb\u00e9m aprovou a inclus\u00e3o de motoristas e entregadores de aplicativos, feita pelo Congresso Nacional durante a tramita\u00e7\u00e3o da mat\u00e9ria. A norma foi publicada no Di\u00e1rio [&hellip;]\" \/>\n<meta property=\"og:url\" content=\"https:\/\/cleitonpinheiro.com.br\/site\/lula-sanciona-credito-consignado-para-clt-incluindo-motoristas-de-app\/\" \/>\n<meta property=\"og:site_name\" content=\"PORTAL DE NOT\u00cdCIAS CLEITON PINHEIRO\" \/>\n<meta property=\"article:publisher\" content=\"https:\/\/www.facebook.com\/portalcpnoticias\/\" \/>\n<meta property=\"article:published_time\" content=\"2025-07-28T16:32:40+00:00\" \/>\n<meta property=\"article:modified_time\" content=\"2025-07-28T16:32:45+00:00\" \/>\n<meta property=\"og:image\" content=\"https:\/\/cleitonpinheiro.com.br\/site\/wp-content\/uploads\/2025\/07\/img_2471.webp\" \/>\n\t<meta property=\"og:image:width\" content=\"1170\" \/>\n\t<meta property=\"og:image:height\" content=\"700\" \/>\n\t<meta property=\"og:image:type\" content=\"image\/webp\" \/>\n<meta name=\"author\" content=\"Reda\u00e7\u00e3o CP\" \/>\n<meta name=\"twitter:card\" content=\"summary_large_image\" \/>\n<meta name=\"twitter:label1\" content=\"Escrito por\" \/>\n\t<meta name=\"twitter:data1\" content=\"Reda\u00e7\u00e3o CP\" \/>\n\t<meta name=\"twitter:label2\" content=\"Est. tempo de leitura\" \/>\n\t<meta name=\"twitter:data2\" content=\"5 minutos\" \/>\n<script type=\"application\/ld+json\" class=\"yoast-schema-graph\">{\"@context\":\"https:\/\/schema.org\",\"@graph\":[{\"@type\":\"Article\",\"@id\":\"https:\/\/cleitonpinheiro.com.br\/site\/lula-sanciona-credito-consignado-para-clt-incluindo-motoristas-de-app\/#article\",\"isPartOf\":{\"@id\":\"https:\/\/cleitonpinheiro.com.br\/site\/lula-sanciona-credito-consignado-para-clt-incluindo-motoristas-de-app\/\"},\"author\":{\"name\":\"Reda\u00e7\u00e3o CP\",\"@id\":\"https:\/\/cleitonpinheiro.com.br\/site\/#\/schema\/person\/8f04544e0bc40a1b68775b08360f87db\"},\"headline\":\"Lula sanciona cr\u00e9dito consignado para CLT, incluindo motoristas de app\",\"datePublished\":\"2025-07-28T16:32:40+00:00\",\"dateModified\":\"2025-07-28T16:32:45+00:00\",\"mainEntityOfPage\":{\"@id\":\"https:\/\/cleitonpinheiro.com.br\/site\/lula-sanciona-credito-consignado-para-clt-incluindo-motoristas-de-app\/\"},\"wordCount\":889,\"commentCount\":0,\"publisher\":{\"@id\":\"https:\/\/cleitonpinheiro.com.br\/site\/#organization\"},\"image\":{\"@id\":\"https:\/\/cleitonpinheiro.com.br\/site\/lula-sanciona-credito-consignado-para-clt-incluindo-motoristas-de-app\/#primaryimage\"},\"thumbnailUrl\":\"https:\/\/cleitonpinheiro.com.br\/site\/wp-content\/uploads\/2025\/07\/img_2471.webp\",\"articleSection\":[\"BRASIL \/ MUNDO\",\"MANCHETE SEGUND\u00c1RIA\",\"TODAS NOTICIAS\"],\"inLanguage\":\"pt-BR\",\"potentialAction\":[{\"@type\":\"CommentAction\",\"name\":\"Comment\",\"target\":[\"https:\/\/cleitonpinheiro.com.br\/site\/lula-sanciona-credito-consignado-para-clt-incluindo-motoristas-de-app\/#respond\"]}]},{\"@type\":\"WebPage\",\"@id\":\"https:\/\/cleitonpinheiro.com.br\/site\/lula-sanciona-credito-consignado-para-clt-incluindo-motoristas-de-app\/\",\"url\":\"https:\/\/cleitonpinheiro.com.br\/site\/lula-sanciona-credito-consignado-para-clt-incluindo-motoristas-de-app\/\",\"name\":\"Lula sanciona cr\u00e9dito consignado para CLT, incluindo motoristas de app - PORTAL DE NOT\u00cdCIAS CLEITON PINHEIRO\",\"isPartOf\":{\"@id\":\"https:\/\/cleitonpinheiro.com.br\/site\/#website\"},\"primaryImageOfPage\":{\"@id\":\"https:\/\/cleitonpinheiro.com.br\/site\/lula-sanciona-credito-consignado-para-clt-incluindo-motoristas-de-app\/#primaryimage\"},\"image\":{\"@id\":\"https:\/\/cleitonpinheiro.com.br\/site\/lula-sanciona-credito-consignado-para-clt-incluindo-motoristas-de-app\/#primaryimage\"},\"thumbnailUrl\":\"https:\/\/cleitonpinheiro.com.br\/site\/wp-content\/uploads\/2025\/07\/img_2471.webp\",\"datePublished\":\"2025-07-28T16:32:40+00:00\",\"dateModified\":\"2025-07-28T16:32:45+00:00\",\"breadcrumb\":{\"@id\":\"https:\/\/cleitonpinheiro.com.br\/site\/lula-sanciona-credito-consignado-para-clt-incluindo-motoristas-de-app\/#breadcrumb\"},\"inLanguage\":\"pt-BR\",\"potentialAction\":[{\"@type\":\"ReadAction\",\"target\":[\"https:\/\/cleitonpinheiro.com.br\/site\/lula-sanciona-credito-consignado-para-clt-incluindo-motoristas-de-app\/\"]}]},{\"@type\":\"ImageObject\",\"inLanguage\":\"pt-BR\",\"@id\":\"https:\/\/cleitonpinheiro.com.br\/site\/lula-sanciona-credito-consignado-para-clt-incluindo-motoristas-de-app\/#primaryimage\",\"url\":\"https:\/\/cleitonpinheiro.com.br\/site\/wp-content\/uploads\/2025\/07\/img_2471.webp\",\"contentUrl\":\"https:\/\/cleitonpinheiro.com.br\/site\/wp-content\/uploads\/2025\/07\/img_2471.webp\",\"width\":1170,\"height\":700,\"caption\":\"\u00a9 Rovena Rosa\/Ag\u00eancia Brasil\"},{\"@type\":\"BreadcrumbList\",\"@id\":\"https:\/\/cleitonpinheiro.com.br\/site\/lula-sanciona-credito-consignado-para-clt-incluindo-motoristas-de-app\/#breadcrumb\",\"itemListElement\":[{\"@type\":\"ListItem\",\"position\":1,\"name\":\"In\u00edcio\",\"item\":\"https:\/\/cleitonpinheiro.com.br\/site\/\"},{\"@type\":\"ListItem\",\"position\":2,\"name\":\"Lula sanciona cr\u00e9dito consignado para CLT, incluindo motoristas de app\"}]},{\"@type\":\"WebSite\",\"@id\":\"https:\/\/cleitonpinheiro.com.br\/site\/#website\",\"url\":\"https:\/\/cleitonpinheiro.com.br\/site\/\",\"name\":\"PORTAL DE NOT\u00cdCIAS CLEITON PINHEIRO\",\"description\":\"FALANDO A VERDADE\",\"publisher\":{\"@id\":\"https:\/\/cleitonpinheiro.com.br\/site\/#organization\"},\"potentialAction\":[{\"@type\":\"SearchAction\",\"target\":{\"@type\":\"EntryPoint\",\"urlTemplate\":\"https:\/\/cleitonpinheiro.com.br\/site\/?s={search_term_string}\"},\"query-input\":{\"@type\":\"PropertyValueSpecification\",\"valueRequired\":true,\"valueName\":\"search_term_string\"}}],\"inLanguage\":\"pt-BR\"},{\"@type\":\"Organization\",\"@id\":\"https:\/\/cleitonpinheiro.com.br\/site\/#organization\",\"name\":\"CPNOT\u00cdCIAS\",\"url\":\"https:\/\/cleitonpinheiro.com.br\/site\/\",\"logo\":{\"@type\":\"ImageObject\",\"inLanguage\":\"pt-BR\",\"@id\":\"https:\/\/cleitonpinheiro.com.br\/site\/#\/schema\/logo\/image\/\",\"url\":\"https:\/\/cleitonpinheiro.com.br\/site\/wp-content\/uploads\/2022\/08\/Logo-pequena-2.png\",\"contentUrl\":\"https:\/\/cleitonpinheiro.com.br\/site\/wp-content\/uploads\/2022\/08\/Logo-pequena-2.png\",\"width\":500,\"height\":500,\"caption\":\"CPNOT\u00cdCIAS\"},\"image\":{\"@id\":\"https:\/\/cleitonpinheiro.com.br\/site\/#\/schema\/logo\/image\/\"},\"sameAs\":[\"https:\/\/www.facebook.com\/portalcpnoticias\/\"]},{\"@type\":\"Person\",\"@id\":\"https:\/\/cleitonpinheiro.com.br\/site\/#\/schema\/person\/8f04544e0bc40a1b68775b08360f87db\",\"name\":\"Reda\u00e7\u00e3o CP\",\"image\":{\"@type\":\"ImageObject\",\"inLanguage\":\"pt-BR\",\"@id\":\"https:\/\/cleitonpinheiro.com.br\/site\/#\/schema\/person\/image\/\",\"url\":\"https:\/\/secure.gravatar.com\/avatar\/0bcf19cb29fdc8fc588c490c7ae1b3e174dac268586a63fbe1d1893a0f9020cd?s=96&r=g\",\"contentUrl\":\"https:\/\/secure.gravatar.com\/avatar\/0bcf19cb29fdc8fc588c490c7ae1b3e174dac268586a63fbe1d1893a0f9020cd?s=96&r=g\",\"caption\":\"Reda\u00e7\u00e3o CP\"},\"url\":\"https:\/\/cleitonpinheiro.com.br\/site\/author\/redacao\/\"}]}<\/script>\n<!-- \/ Yoast SEO plugin. -->","yoast_head_json":{"title":"Lula sanciona cr\u00e9dito consignado para CLT, incluindo motoristas de app - PORTAL DE NOT\u00cdCIAS CLEITON PINHEIRO","robots":{"index":"index","follow":"follow","max-snippet":"max-snippet:-1","max-image-preview":"max-image-preview:large","max-video-preview":"max-video-preview:-1"},"canonical":"https:\/\/cleitonpinheiro.com.br\/site\/lula-sanciona-credito-consignado-para-clt-incluindo-motoristas-de-app\/","og_locale":"pt_BR","og_type":"article","og_title":"Lula sanciona cr\u00e9dito consignado para CLT, incluindo motoristas de app - PORTAL DE NOT\u00cdCIAS CLEITON PINHEIRO","og_description":"O presidente Luiz In\u00e1cio Lula da Silva sancionou nesta sexta-feira (25) a lei que institui o Cr\u00e9dito do Trabalhador, voltado a empregados da iniciativa privada com carteira assinada (CLT). Lula tamb\u00e9m aprovou a inclus\u00e3o de motoristas e entregadores de aplicativos, feita pelo Congresso Nacional durante a tramita\u00e7\u00e3o da mat\u00e9ria. A norma foi publicada no Di\u00e1rio [&hellip;]","og_url":"https:\/\/cleitonpinheiro.com.br\/site\/lula-sanciona-credito-consignado-para-clt-incluindo-motoristas-de-app\/","og_site_name":"PORTAL DE NOT\u00cdCIAS CLEITON PINHEIRO","article_publisher":"https:\/\/www.facebook.com\/portalcpnoticias\/","article_published_time":"2025-07-28T16:32:40+00:00","article_modified_time":"2025-07-28T16:32:45+00:00","og_image":[{"width":1170,"height":700,"url":"https:\/\/cleitonpinheiro.com.br\/site\/wp-content\/uploads\/2025\/07\/img_2471.webp","type":"image\/webp"}],"author":"Reda\u00e7\u00e3o CP","twitter_card":"summary_large_image","twitter_misc":{"Escrito por":"Reda\u00e7\u00e3o CP","Est. tempo de leitura":"5 minutos"},"schema":{"@context":"https:\/\/schema.org","@graph":[{"@type":"Article","@id":"https:\/\/cleitonpinheiro.com.br\/site\/lula-sanciona-credito-consignado-para-clt-incluindo-motoristas-de-app\/#article","isPartOf":{"@id":"https:\/\/cleitonpinheiro.com.br\/site\/lula-sanciona-credito-consignado-para-clt-incluindo-motoristas-de-app\/"},"author":{"name":"Reda\u00e7\u00e3o CP","@id":"https:\/\/cleitonpinheiro.com.br\/site\/#\/schema\/person\/8f04544e0bc40a1b68775b08360f87db"},"headline":"Lula sanciona cr\u00e9dito consignado para CLT, incluindo motoristas de app","datePublished":"2025-07-28T16:32:40+00:00","dateModified":"2025-07-28T16:32:45+00:00","mainEntityOfPage":{"@id":"https:\/\/cleitonpinheiro.com.br\/site\/lula-sanciona-credito-consignado-para-clt-incluindo-motoristas-de-app\/"},"wordCount":889,"commentCount":0,"publisher":{"@id":"https:\/\/cleitonpinheiro.com.br\/site\/#organization"},"image":{"@id":"https:\/\/cleitonpinheiro.com.br\/site\/lula-sanciona-credito-consignado-para-clt-incluindo-motoristas-de-app\/#primaryimage"},"thumbnailUrl":"https:\/\/cleitonpinheiro.com.br\/site\/wp-content\/uploads\/2025\/07\/img_2471.webp","articleSection":["BRASIL \/ MUNDO","MANCHETE SEGUND\u00c1RIA","TODAS NOTICIAS"],"inLanguage":"pt-BR","potentialAction":[{"@type":"CommentAction","name":"Comment","target":["https:\/\/cleitonpinheiro.com.br\/site\/lula-sanciona-credito-consignado-para-clt-incluindo-motoristas-de-app\/#respond"]}]},{"@type":"WebPage","@id":"https:\/\/cleitonpinheiro.com.br\/site\/lula-sanciona-credito-consignado-para-clt-incluindo-motoristas-de-app\/","url":"https:\/\/cleitonpinheiro.com.br\/site\/lula-sanciona-credito-consignado-para-clt-incluindo-motoristas-de-app\/","name":"Lula sanciona cr\u00e9dito consignado para CLT, incluindo motoristas de app - PORTAL DE NOT\u00cdCIAS CLEITON PINHEIRO","isPartOf":{"@id":"https:\/\/cleitonpinheiro.com.br\/site\/#website"},"primaryImageOfPage":{"@id":"https:\/\/cleitonpinheiro.com.br\/site\/lula-sanciona-credito-consignado-para-clt-incluindo-motoristas-de-app\/#primaryimage"},"image":{"@id":"https:\/\/cleitonpinheiro.com.br\/site\/lula-sanciona-credito-consignado-para-clt-incluindo-motoristas-de-app\/#primaryimage"},"thumbnailUrl":"https:\/\/cleitonpinheiro.com.br\/site\/wp-content\/uploads\/2025\/07\/img_2471.webp","datePublished":"2025-07-28T16:32:40+00:00","dateModified":"2025-07-28T16:32:45+00:00","breadcrumb":{"@id":"https:\/\/cleitonpinheiro.com.br\/site\/lula-sanciona-credito-consignado-para-clt-incluindo-motoristas-de-app\/#breadcrumb"},"inLanguage":"pt-BR","potentialAction":[{"@type":"ReadAction","target":["https:\/\/cleitonpinheiro.com.br\/site\/lula-sanciona-credito-consignado-para-clt-incluindo-motoristas-de-app\/"]}]},{"@type":"ImageObject","inLanguage":"pt-BR","@id":"https:\/\/cleitonpinheiro.com.br\/site\/lula-sanciona-credito-consignado-para-clt-incluindo-motoristas-de-app\/#primaryimage","url":"https:\/\/cleitonpinheiro.com.br\/site\/wp-content\/uploads\/2025\/07\/img_2471.webp","contentUrl":"https:\/\/cleitonpinheiro.com.br\/site\/wp-content\/uploads\/2025\/07\/img_2471.webp","width":1170,"height":700,"caption":"\u00a9 Rovena Rosa\/Ag\u00eancia Brasil"},{"@type":"BreadcrumbList","@id":"https:\/\/cleitonpinheiro.com.br\/site\/lula-sanciona-credito-consignado-para-clt-incluindo-motoristas-de-app\/#breadcrumb","itemListElement":[{"@type":"ListItem","position":1,"name":"In\u00edcio","item":"https:\/\/cleitonpinheiro.com.br\/site\/"},{"@type":"ListItem","position":2,"name":"Lula sanciona cr\u00e9dito consignado para CLT, incluindo motoristas de app"}]},{"@type":"WebSite","@id":"https:\/\/cleitonpinheiro.com.br\/site\/#website","url":"https:\/\/cleitonpinheiro.com.br\/site\/","name":"PORTAL DE NOT\u00cdCIAS CLEITON PINHEIRO","description":"FALANDO A VERDADE","publisher":{"@id":"https:\/\/cleitonpinheiro.com.br\/site\/#organization"},"potentialAction":[{"@type":"SearchAction","target":{"@type":"EntryPoint","urlTemplate":"https:\/\/cleitonpinheiro.com.br\/site\/?s={search_term_string}"},"query-input":{"@type":"PropertyValueSpecification","valueRequired":true,"valueName":"search_term_string"}}],"inLanguage":"pt-BR"},{"@type":"Organization","@id":"https:\/\/cleitonpinheiro.com.br\/site\/#organization","name":"CPNOT\u00cdCIAS","url":"https:\/\/cleitonpinheiro.com.br\/site\/","logo":{"@type":"ImageObject","inLanguage":"pt-BR","@id":"https:\/\/cleitonpinheiro.com.br\/site\/#\/schema\/logo\/image\/","url":"https:\/\/cleitonpinheiro.com.br\/site\/wp-content\/uploads\/2022\/08\/Logo-pequena-2.png","contentUrl":"https:\/\/cleitonpinheiro.com.br\/site\/wp-content\/uploads\/2022\/08\/Logo-pequena-2.png","width":500,"height":500,"caption":"CPNOT\u00cdCIAS"},"image":{"@id":"https:\/\/cleitonpinheiro.com.br\/site\/#\/schema\/logo\/image\/"},"sameAs":["https:\/\/www.facebook.com\/portalcpnoticias\/"]},{"@type":"Person","@id":"https:\/\/cleitonpinheiro.com.br\/site\/#\/schema\/person\/8f04544e0bc40a1b68775b08360f87db","name":"Reda\u00e7\u00e3o CP","image":{"@type":"ImageObject","inLanguage":"pt-BR","@id":"https:\/\/cleitonpinheiro.com.br\/site\/#\/schema\/person\/image\/","url":"https:\/\/secure.gravatar.com\/avatar\/0bcf19cb29fdc8fc588c490c7ae1b3e174dac268586a63fbe1d1893a0f9020cd?s=96&r=g","contentUrl":"https:\/\/secure.gravatar.com\/avatar\/0bcf19cb29fdc8fc588c490c7ae1b3e174dac268586a63fbe1d1893a0f9020cd?s=96&r=g","caption":"Reda\u00e7\u00e3o CP"},"url":"https:\/\/cleitonpinheiro.com.br\/site\/author\/redacao\/"}]}},"views":121,"_links":{"self":[{"href":"https:\/\/cleitonpinheiro.com.br\/site\/wp-json\/wp\/v2\/posts\/86409","targetHints":{"allow":["GET"]}}],"collection":[{"href":"https:\/\/cleitonpinheiro.com.br\/site\/wp-json\/wp\/v2\/posts"}],"about":[{"href":"https:\/\/cleitonpinheiro.com.br\/site\/wp-json\/wp\/v2\/types\/post"}],"author":[{"embeddable":true,"href":"https:\/\/cleitonpinheiro.com.br\/site\/wp-json\/wp\/v2\/users\/13"}],"replies":[{"embeddable":true,"href":"https:\/\/cleitonpinheiro.com.br\/site\/wp-json\/wp\/v2\/comments?post=86409"}],"version-history":[{"count":1,"href":"https:\/\/cleitonpinheiro.com.br\/site\/wp-json\/wp\/v2\/posts\/86409\/revisions"}],"predecessor-version":[{"id":86411,"href":"https:\/\/cleitonpinheiro.com.br\/site\/wp-json\/wp\/v2\/posts\/86409\/revisions\/86411"}],"wp:featuredmedia":[{"embeddable":true,"href":"https:\/\/cleitonpinheiro.com.br\/site\/wp-json\/wp\/v2\/media\/86410"}],"wp:attachment":[{"href":"https:\/\/cleitonpinheiro.com.br\/site\/wp-json\/wp\/v2\/media?parent=86409"}],"wp:term":[{"taxonomy":"category","embeddable":true,"href":"https:\/\/cleitonpinheiro.com.br\/site\/wp-json\/wp\/v2\/categories?post=86409"},{"taxonomy":"post_tag","embeddable":true,"href":"https:\/\/cleitonpinheiro.com.br\/site\/wp-json\/wp\/v2\/tags?post=86409"}],"curies":[{"name":"wp","href":"https:\/\/api.w.org\/{rel}","templated":true}]}}