{"id":86412,"date":"2025-07-28T14:36:47","date_gmt":"2025-07-28T17:36:47","guid":{"rendered":"https:\/\/cleitonpinheiro.com.br\/site\/?p=86412"},"modified":"2025-07-28T14:36:51","modified_gmt":"2025-07-28T17:36:51","slug":"aumento-da-licenca-paternidade-sera-tema-no-congresso-apos-recesso","status":"publish","type":"post","link":"https:\/\/cleitonpinheiro.com.br\/site\/aumento-da-licenca-paternidade-sera-tema-no-congresso-apos-recesso\/","title":{"rendered":"Aumento da licen\u00e7a-paternidade ser\u00e1 tema no Congresso ap\u00f3s recesso"},"content":{"rendered":"\n<figure class=\"wp-block-image size-large\"><img fetchpriority=\"high\" decoding=\"async\" width=\"1024\" height=\"613\" src=\"https:\/\/cleitonpinheiro.com.br\/site\/wp-content\/uploads\/2025\/07\/193222-3-1024x613.webp\" alt=\"\" class=\"wp-image-86413\" srcset=\"https:\/\/cleitonpinheiro.com.br\/site\/wp-content\/uploads\/2025\/07\/193222-3-1024x613.webp 1024w, https:\/\/cleitonpinheiro.com.br\/site\/wp-content\/uploads\/2025\/07\/193222-3-300x179.webp 300w, https:\/\/cleitonpinheiro.com.br\/site\/wp-content\/uploads\/2025\/07\/193222-3-768x459.webp 768w, https:\/\/cleitonpinheiro.com.br\/site\/wp-content\/uploads\/2025\/07\/193222-3.webp 1170w\" sizes=\"(max-width: 1024px) 100vw, 1024px\" \/><\/figure>\n\n\n\n<p><strong>Com o fim do prazo dado pelo Supremo Tribunal Federal (STF) para que o Congresso regulamente a licen\u00e7a paternidade, o parlamento deve se debru\u00e7ar sobre o tema na volta do recesso parlamentar, em 4 de agosto<\/strong>. Em dezembro de 2023, o STF deu 18 meses para o Congresso&nbsp;<a href=\"https:\/\/agenciabrasil.ebc.com.br\/justica\/noticia\/2023-12\/stf-determina-ao-congresso-regulamentacao-da-licenca-paternidade\" target=\"_blank\" rel=\"noreferrer noopener\">regulamentar&nbsp;esse direito<\/a>. O prazo venceu em julho.<img decoding=\"async\" src=\"https:\/\/agenciabrasil.ebc.com.br\/ebc.png?id=1652150&amp;o=node\"><img decoding=\"async\" src=\"https:\/\/agenciabrasil.ebc.com.br\/ebc.gif?id=1652150&amp;o=node\"><\/p>\n\n\n\n<p>A decis\u00e3o do STF veio ap\u00f3s julgamento de uma a\u00e7\u00e3o apresentada pela Confedera\u00e7\u00e3o Nacional dos Trabalhadores da Sa\u00fade (CNTS). Prevaleceu no julgamento o voto do ministro Lu\u00eds Roberto Barroso para reconhecer a omiss\u00e3o do Congresso em aprovar a regulamenta\u00e7\u00e3o da norma. O entendimento foi seguido pelos demais ministros.<\/p>\n\n\n\n<p>Atualmente, a licen\u00e7a para pais \u00e9 de cinco dias consecutivos nos casos de nascimento de filho, ado\u00e7\u00e3o ou de guarda compartilhada. O direito est\u00e1 previsto na Consolida\u00e7\u00e3o das Leis do Trabalho (CLT) e foi criado com a promulga\u00e7\u00e3o da Constitui\u00e7\u00e3o de 1988.<\/p>\n\n\n\n<p><strong>Pelo Ato das Disposi\u00e7\u00f5es Constitucionais Transit\u00f3rias (ADCT), regras criadas com a promulga\u00e7\u00e3o da Constitui\u00e7\u00e3o, a licen\u00e7a de cinco dias deveria permanecer at\u00e9 o Congresso aprovar uma lei complementar para implementa\u00e7\u00e3o definitiva, vota\u00e7\u00e3o que at\u00e9 hoje, ap\u00f3s 37 anos, n\u00e3o ocorreu.<\/strong><\/p>\n\n\n\n<p>Diversos projetos em tramita\u00e7\u00e3o no Congresso&nbsp;preveem per\u00edodos que estabelecem a licen\u00e7a de 15, 20 ou at\u00e9 60 dias.<\/p>\n\n\n\n<p><strong>No rol de projetos, a C\u00e2mara dos Deputados \u201csai\u201d na frente e j\u00e1 pode aprovar no plen\u00e1rio o projeto de Lei (PL 3935\/08) que aumenta de cinco para 15 dias a licen\u00e7a-paternidade. Isso vai valer tanto para o pai biol\u00f3gico quanto para o adotivo. O projeto tamb\u00e9m garante ao pai estabilidade de 30 dias no emprego ap\u00f3s o t\u00e9rmino da licen\u00e7a.<\/strong><\/p>\n\n\n\n<p>A proposta, que tramita desde 2008 e j\u00e1 foi aprovada pelo Senado, teve o regime de urg\u00eancia aprovado antes do recesso parlamentar. Com isso, o texto pode ir a vota\u00e7\u00e3o diretamente no plen\u00e1rio, sem ter que passar por comiss\u00e3o da Casa.<\/p>\n\n\n\n<p><strong>J\u00e1 o Senado debate diversos projetos para a regulamenta\u00e7\u00e3o da licen\u00e7a-paternidade. Uma delas \u00e9 a proposta de Emenda \u00e0 Constitui\u00e7\u00e3o (PEC) 58\/2023, que estende a licen\u00e7a-paternidade para 20 dias e amplia a licen\u00e7a-maternidade de 120 para 180 dias, inclusive em casos de ado\u00e7\u00e3o<\/strong>. O texto est\u00e1 em tramita\u00e7\u00e3o na Comiss\u00e3o de Constitui\u00e7\u00e3o e Justi\u00e7a (CCJ).<\/p>\n\n\n\n<p><strong>Outro projeto em tramita\u00e7\u00e3o na Casa \u00e9 o PL 6063\/2024, que estabelece 180 dias de licen\u00e7a-maternidade e 60 dias de paternidade. A mat\u00e9ria prev\u00ea ainda um acr\u00e9scimo nos per\u00edodos em caso de nascimentos m\u00faltiplos.<\/strong>&nbsp;A mat\u00e9ria ainda est\u00e1 em an\u00e1lise na Comiss\u00e3o de Direitos Humanos (CDH).<\/p>\n\n\n\n<p><strong>Um outro projeto, o PL 3773\/2023, amplia gradualmente a licen\u00e7a-paternidade, come\u00e7ando em 30 dias e chegando a 60.<\/strong>&nbsp;O texto&nbsp;estabelece ainda o chamado \u201csal\u00e1rio-parentalidade\u201d, um benef\u00edcio previdenci\u00e1rio a ser pago durante o afastamento. A mat\u00e9ria&nbsp;est\u00e1 em tramita\u00e7\u00e3o na Comiss\u00e3o de Assuntos Sociais (CAS).<\/p>\n\n\n\n<p>Outras duas propostas em tramita\u00e7\u00e3o no Senado:&nbsp; o PL 139\/2022&nbsp;prev\u00ea 60 dias \u00fateis de licen\u00e7a-paternidade e o compartilhamento de at\u00e9 30 dias da licen\u00e7a-maternidade com o pai, enquanto o PL 6136\/2023&nbsp;prop\u00f5e compartilhar at\u00e9 60 dias da licen\u00e7a-maternidade e dobrar seu prazo em caso de defici\u00eancia do rec\u00e9m-nascido.&nbsp;<\/p>\n\n\n\n<h2 class=\"wp-block-heading\">Frente Parlamentar<\/h2>\n\n\n\n<p>Na semana passada, a&nbsp;<a href=\"https:\/\/agenciabrasil.ebc.com.br\/politica\/noticia\/2025-07\/parlamentares-buscam-consenso-para-licenca-paternidade-de-60-dias\" target=\"_blank\" rel=\"noreferrer noopener\">Frente Parlamentar Mista pela Licen\u00e7a Paternidade<\/a>&nbsp;e a bancada feminina no Congresso Nacional realizaram uma atividade para articular apoio &nbsp;para que a regulamenta\u00e7\u00e3o da licen\u00e7a paternidade no Brasil garanta um per\u00edodo de 60 dias para os genitores, ainda que implementado de forma gradual, a partir de 30 dias.<\/p>\n\n\n\n<p>\u201cA gente acha que \u00e9 poss\u00edvel ampliar a licen\u00e7a paternidade no Brasil, [mas] n\u00e3o \u00e9 da noite para o dia. E \u00e9 isso que a gente est\u00e1 negociando. Ent\u00e3o, esse texto mais antigo, que \u00e9 o primeiro da \u00e1rvore [de projetos de lei], que veio do Senado, fala em 15 dias. O que a gente trouxe nos \u00faltimos tempos \u00e9 chegar a 60 dias. Para isso, topamos negociar quanto tempo a gente leva para fazer essa transi\u00e7\u00e3o, com quantos dias a gente come\u00e7a. Ent\u00e3o, \u00e9 isso que est\u00e1 em debate\u201d, afirmou a deputada federal T\u00e1bata Amaral (PSB-SP), que \u00e9 presidente da Frente Parlamentar.<\/p>\n\n\n\n<p><strong>Pelo menos 10 pa\u00edses, entre os quais a Espanha, a Holanda e a Finl\u00e2ndia, concedem licen\u00e7a paternidade de 30 dias ou mais. Na maioria dos pa\u00edses, a licen\u00e7a ainda \u00e9 inferior a 15 dias.&nbsp; &nbsp;<\/strong><\/p>\n\n\n\n<p><\/p>\n","protected":false},"excerpt":{"rendered":"<p>Com o fim do prazo dado pelo Supremo Tribunal Federal (STF) para que o Congresso regulamente a licen\u00e7a paternidade, o parlamento deve se debru\u00e7ar sobre o tema na volta do recesso parlamentar, em 4 de agosto. Em dezembro de 2023, o STF deu 18 meses para o Congresso&nbsp;regulamentar&nbsp;esse direito. O prazo venceu em julho. A [&hellip;]<\/p>\n","protected":false},"author":13,"featured_media":86413,"comment_status":"open","ping_status":"open","sticky":false,"template":"","format":"standard","meta":{"_acf_changed":false,"footnotes":""},"categories":[19,898,21],"tags":[],"class_list":["post-86412","post","type-post","status-publish","format-standard","has-post-thumbnail","hentry","category-brasil-mundo","category-manchete-segundaria","category-todas-noticias"],"acf":[],"yoast_head":"<!-- This site is optimized with the Yoast SEO plugin v24.4 - https:\/\/yoast.com\/wordpress\/plugins\/seo\/ -->\n<title>Aumento da licen\u00e7a-paternidade ser\u00e1 tema no Congresso ap\u00f3s recesso - PORTAL DE NOT\u00cdCIAS CLEITON PINHEIRO<\/title>\n<meta name=\"robots\" content=\"index, follow, max-snippet:-1, max-image-preview:large, max-video-preview:-1\" \/>\n<link rel=\"canonical\" href=\"https:\/\/cleitonpinheiro.com.br\/site\/aumento-da-licenca-paternidade-sera-tema-no-congresso-apos-recesso\/\" \/>\n<meta property=\"og:locale\" content=\"pt_BR\" \/>\n<meta property=\"og:type\" content=\"article\" \/>\n<meta property=\"og:title\" content=\"Aumento da licen\u00e7a-paternidade ser\u00e1 tema no Congresso ap\u00f3s recesso - PORTAL DE NOT\u00cdCIAS CLEITON PINHEIRO\" \/>\n<meta property=\"og:description\" content=\"Com o fim do prazo dado pelo Supremo Tribunal Federal (STF) para que o Congresso regulamente a licen\u00e7a paternidade, o parlamento deve se debru\u00e7ar sobre o tema na volta do recesso parlamentar, em 4 de agosto. Em dezembro de 2023, o STF deu 18 meses para o Congresso&nbsp;regulamentar&nbsp;esse direito. O prazo venceu em julho. A [&hellip;]\" \/>\n<meta property=\"og:url\" content=\"https:\/\/cleitonpinheiro.com.br\/site\/aumento-da-licenca-paternidade-sera-tema-no-congresso-apos-recesso\/\" \/>\n<meta property=\"og:site_name\" content=\"PORTAL DE NOT\u00cdCIAS CLEITON PINHEIRO\" \/>\n<meta property=\"article:publisher\" content=\"https:\/\/www.facebook.com\/portalcpnoticias\/\" \/>\n<meta property=\"article:published_time\" content=\"2025-07-28T17:36:47+00:00\" \/>\n<meta property=\"article:modified_time\" content=\"2025-07-28T17:36:51+00:00\" \/>\n<meta property=\"og:image\" content=\"https:\/\/cleitonpinheiro.com.br\/site\/wp-content\/uploads\/2025\/07\/193222-3.webp\" \/>\n\t<meta property=\"og:image:width\" content=\"1170\" \/>\n\t<meta property=\"og:image:height\" content=\"700\" \/>\n\t<meta property=\"og:image:type\" content=\"image\/webp\" \/>\n<meta name=\"author\" content=\"Reda\u00e7\u00e3o CP\" \/>\n<meta name=\"twitter:card\" content=\"summary_large_image\" \/>\n<meta name=\"twitter:label1\" content=\"Escrito por\" \/>\n\t<meta name=\"twitter:data1\" content=\"Reda\u00e7\u00e3o CP\" \/>\n\t<meta name=\"twitter:label2\" content=\"Est. tempo de leitura\" \/>\n\t<meta name=\"twitter:data2\" content=\"5 minutos\" \/>\n<script type=\"application\/ld+json\" class=\"yoast-schema-graph\">{\"@context\":\"https:\/\/schema.org\",\"@graph\":[{\"@type\":\"Article\",\"@id\":\"https:\/\/cleitonpinheiro.com.br\/site\/aumento-da-licenca-paternidade-sera-tema-no-congresso-apos-recesso\/#article\",\"isPartOf\":{\"@id\":\"https:\/\/cleitonpinheiro.com.br\/site\/aumento-da-licenca-paternidade-sera-tema-no-congresso-apos-recesso\/\"},\"author\":{\"name\":\"Reda\u00e7\u00e3o CP\",\"@id\":\"https:\/\/cleitonpinheiro.com.br\/site\/#\/schema\/person\/8f04544e0bc40a1b68775b08360f87db\"},\"headline\":\"Aumento da licen\u00e7a-paternidade ser\u00e1 tema no Congresso ap\u00f3s recesso\",\"datePublished\":\"2025-07-28T17:36:47+00:00\",\"dateModified\":\"2025-07-28T17:36:51+00:00\",\"mainEntityOfPage\":{\"@id\":\"https:\/\/cleitonpinheiro.com.br\/site\/aumento-da-licenca-paternidade-sera-tema-no-congresso-apos-recesso\/\"},\"wordCount\":764,\"commentCount\":0,\"publisher\":{\"@id\":\"https:\/\/cleitonpinheiro.com.br\/site\/#organization\"},\"image\":{\"@id\":\"https:\/\/cleitonpinheiro.com.br\/site\/aumento-da-licenca-paternidade-sera-tema-no-congresso-apos-recesso\/#primaryimage\"},\"thumbnailUrl\":\"https:\/\/cleitonpinheiro.com.br\/site\/wp-content\/uploads\/2025\/07\/193222-3.webp\",\"articleSection\":[\"BRASIL \/ MUNDO\",\"MANCHETE SEGUND\u00c1RIA\",\"TODAS NOTICIAS\"],\"inLanguage\":\"pt-BR\",\"potentialAction\":[{\"@type\":\"CommentAction\",\"name\":\"Comment\",\"target\":[\"https:\/\/cleitonpinheiro.com.br\/site\/aumento-da-licenca-paternidade-sera-tema-no-congresso-apos-recesso\/#respond\"]}]},{\"@type\":\"WebPage\",\"@id\":\"https:\/\/cleitonpinheiro.com.br\/site\/aumento-da-licenca-paternidade-sera-tema-no-congresso-apos-recesso\/\",\"url\":\"https:\/\/cleitonpinheiro.com.br\/site\/aumento-da-licenca-paternidade-sera-tema-no-congresso-apos-recesso\/\",\"name\":\"Aumento da licen\u00e7a-paternidade ser\u00e1 tema no Congresso ap\u00f3s recesso - PORTAL DE NOT\u00cdCIAS CLEITON PINHEIRO\",\"isPartOf\":{\"@id\":\"https:\/\/cleitonpinheiro.com.br\/site\/#website\"},\"primaryImageOfPage\":{\"@id\":\"https:\/\/cleitonpinheiro.com.br\/site\/aumento-da-licenca-paternidade-sera-tema-no-congresso-apos-recesso\/#primaryimage\"},\"image\":{\"@id\":\"https:\/\/cleitonpinheiro.com.br\/site\/aumento-da-licenca-paternidade-sera-tema-no-congresso-apos-recesso\/#primaryimage\"},\"thumbnailUrl\":\"https:\/\/cleitonpinheiro.com.br\/site\/wp-content\/uploads\/2025\/07\/193222-3.webp\",\"datePublished\":\"2025-07-28T17:36:47+00:00\",\"dateModified\":\"2025-07-28T17:36:51+00:00\",\"breadcrumb\":{\"@id\":\"https:\/\/cleitonpinheiro.com.br\/site\/aumento-da-licenca-paternidade-sera-tema-no-congresso-apos-recesso\/#breadcrumb\"},\"inLanguage\":\"pt-BR\",\"potentialAction\":[{\"@type\":\"ReadAction\",\"target\":[\"https:\/\/cleitonpinheiro.com.br\/site\/aumento-da-licenca-paternidade-sera-tema-no-congresso-apos-recesso\/\"]}]},{\"@type\":\"ImageObject\",\"inLanguage\":\"pt-BR\",\"@id\":\"https:\/\/cleitonpinheiro.com.br\/site\/aumento-da-licenca-paternidade-sera-tema-no-congresso-apos-recesso\/#primaryimage\",\"url\":\"https:\/\/cleitonpinheiro.com.br\/site\/wp-content\/uploads\/2025\/07\/193222-3.webp\",\"contentUrl\":\"https:\/\/cleitonpinheiro.com.br\/site\/wp-content\/uploads\/2025\/07\/193222-3.webp\",\"width\":1170,\"height\":700},{\"@type\":\"BreadcrumbList\",\"@id\":\"https:\/\/cleitonpinheiro.com.br\/site\/aumento-da-licenca-paternidade-sera-tema-no-congresso-apos-recesso\/#breadcrumb\",\"itemListElement\":[{\"@type\":\"ListItem\",\"position\":1,\"name\":\"In\u00edcio\",\"item\":\"https:\/\/cleitonpinheiro.com.br\/site\/\"},{\"@type\":\"ListItem\",\"position\":2,\"name\":\"Aumento da licen\u00e7a-paternidade ser\u00e1 tema no Congresso ap\u00f3s recesso\"}]},{\"@type\":\"WebSite\",\"@id\":\"https:\/\/cleitonpinheiro.com.br\/site\/#website\",\"url\":\"https:\/\/cleitonpinheiro.com.br\/site\/\",\"name\":\"PORTAL DE NOT\u00cdCIAS CLEITON PINHEIRO\",\"description\":\"FALANDO A VERDADE\",\"publisher\":{\"@id\":\"https:\/\/cleitonpinheiro.com.br\/site\/#organization\"},\"potentialAction\":[{\"@type\":\"SearchAction\",\"target\":{\"@type\":\"EntryPoint\",\"urlTemplate\":\"https:\/\/cleitonpinheiro.com.br\/site\/?s={search_term_string}\"},\"query-input\":{\"@type\":\"PropertyValueSpecification\",\"valueRequired\":true,\"valueName\":\"search_term_string\"}}],\"inLanguage\":\"pt-BR\"},{\"@type\":\"Organization\",\"@id\":\"https:\/\/cleitonpinheiro.com.br\/site\/#organization\",\"name\":\"CPNOT\u00cdCIAS\",\"url\":\"https:\/\/cleitonpinheiro.com.br\/site\/\",\"logo\":{\"@type\":\"ImageObject\",\"inLanguage\":\"pt-BR\",\"@id\":\"https:\/\/cleitonpinheiro.com.br\/site\/#\/schema\/logo\/image\/\",\"url\":\"https:\/\/cleitonpinheiro.com.br\/site\/wp-content\/uploads\/2022\/08\/Logo-pequena-2.png\",\"contentUrl\":\"https:\/\/cleitonpinheiro.com.br\/site\/wp-content\/uploads\/2022\/08\/Logo-pequena-2.png\",\"width\":500,\"height\":500,\"caption\":\"CPNOT\u00cdCIAS\"},\"image\":{\"@id\":\"https:\/\/cleitonpinheiro.com.br\/site\/#\/schema\/logo\/image\/\"},\"sameAs\":[\"https:\/\/www.facebook.com\/portalcpnoticias\/\"]},{\"@type\":\"Person\",\"@id\":\"https:\/\/cleitonpinheiro.com.br\/site\/#\/schema\/person\/8f04544e0bc40a1b68775b08360f87db\",\"name\":\"Reda\u00e7\u00e3o CP\",\"image\":{\"@type\":\"ImageObject\",\"inLanguage\":\"pt-BR\",\"@id\":\"https:\/\/cleitonpinheiro.com.br\/site\/#\/schema\/person\/image\/\",\"url\":\"https:\/\/secure.gravatar.com\/avatar\/0bcf19cb29fdc8fc588c490c7ae1b3e174dac268586a63fbe1d1893a0f9020cd?s=96&r=g\",\"contentUrl\":\"https:\/\/secure.gravatar.com\/avatar\/0bcf19cb29fdc8fc588c490c7ae1b3e174dac268586a63fbe1d1893a0f9020cd?s=96&r=g\",\"caption\":\"Reda\u00e7\u00e3o CP\"},\"url\":\"https:\/\/cleitonpinheiro.com.br\/site\/author\/redacao\/\"}]}<\/script>\n<!-- \/ Yoast SEO plugin. -->","yoast_head_json":{"title":"Aumento da licen\u00e7a-paternidade ser\u00e1 tema no Congresso ap\u00f3s recesso - PORTAL DE NOT\u00cdCIAS CLEITON PINHEIRO","robots":{"index":"index","follow":"follow","max-snippet":"max-snippet:-1","max-image-preview":"max-image-preview:large","max-video-preview":"max-video-preview:-1"},"canonical":"https:\/\/cleitonpinheiro.com.br\/site\/aumento-da-licenca-paternidade-sera-tema-no-congresso-apos-recesso\/","og_locale":"pt_BR","og_type":"article","og_title":"Aumento da licen\u00e7a-paternidade ser\u00e1 tema no Congresso ap\u00f3s recesso - PORTAL DE NOT\u00cdCIAS CLEITON PINHEIRO","og_description":"Com o fim do prazo dado pelo Supremo Tribunal Federal (STF) para que o Congresso regulamente a licen\u00e7a paternidade, o parlamento deve se debru\u00e7ar sobre o tema na volta do recesso parlamentar, em 4 de agosto. Em dezembro de 2023, o STF deu 18 meses para o Congresso&nbsp;regulamentar&nbsp;esse direito. O prazo venceu em julho. A [&hellip;]","og_url":"https:\/\/cleitonpinheiro.com.br\/site\/aumento-da-licenca-paternidade-sera-tema-no-congresso-apos-recesso\/","og_site_name":"PORTAL DE NOT\u00cdCIAS CLEITON PINHEIRO","article_publisher":"https:\/\/www.facebook.com\/portalcpnoticias\/","article_published_time":"2025-07-28T17:36:47+00:00","article_modified_time":"2025-07-28T17:36:51+00:00","og_image":[{"width":1170,"height":700,"url":"https:\/\/cleitonpinheiro.com.br\/site\/wp-content\/uploads\/2025\/07\/193222-3.webp","type":"image\/webp"}],"author":"Reda\u00e7\u00e3o CP","twitter_card":"summary_large_image","twitter_misc":{"Escrito por":"Reda\u00e7\u00e3o CP","Est. tempo de leitura":"5 minutos"},"schema":{"@context":"https:\/\/schema.org","@graph":[{"@type":"Article","@id":"https:\/\/cleitonpinheiro.com.br\/site\/aumento-da-licenca-paternidade-sera-tema-no-congresso-apos-recesso\/#article","isPartOf":{"@id":"https:\/\/cleitonpinheiro.com.br\/site\/aumento-da-licenca-paternidade-sera-tema-no-congresso-apos-recesso\/"},"author":{"name":"Reda\u00e7\u00e3o CP","@id":"https:\/\/cleitonpinheiro.com.br\/site\/#\/schema\/person\/8f04544e0bc40a1b68775b08360f87db"},"headline":"Aumento da licen\u00e7a-paternidade ser\u00e1 tema no Congresso ap\u00f3s recesso","datePublished":"2025-07-28T17:36:47+00:00","dateModified":"2025-07-28T17:36:51+00:00","mainEntityOfPage":{"@id":"https:\/\/cleitonpinheiro.com.br\/site\/aumento-da-licenca-paternidade-sera-tema-no-congresso-apos-recesso\/"},"wordCount":764,"commentCount":0,"publisher":{"@id":"https:\/\/cleitonpinheiro.com.br\/site\/#organization"},"image":{"@id":"https:\/\/cleitonpinheiro.com.br\/site\/aumento-da-licenca-paternidade-sera-tema-no-congresso-apos-recesso\/#primaryimage"},"thumbnailUrl":"https:\/\/cleitonpinheiro.com.br\/site\/wp-content\/uploads\/2025\/07\/193222-3.webp","articleSection":["BRASIL \/ MUNDO","MANCHETE SEGUND\u00c1RIA","TODAS NOTICIAS"],"inLanguage":"pt-BR","potentialAction":[{"@type":"CommentAction","name":"Comment","target":["https:\/\/cleitonpinheiro.com.br\/site\/aumento-da-licenca-paternidade-sera-tema-no-congresso-apos-recesso\/#respond"]}]},{"@type":"WebPage","@id":"https:\/\/cleitonpinheiro.com.br\/site\/aumento-da-licenca-paternidade-sera-tema-no-congresso-apos-recesso\/","url":"https:\/\/cleitonpinheiro.com.br\/site\/aumento-da-licenca-paternidade-sera-tema-no-congresso-apos-recesso\/","name":"Aumento da licen\u00e7a-paternidade ser\u00e1 tema no Congresso ap\u00f3s recesso - PORTAL DE NOT\u00cdCIAS CLEITON PINHEIRO","isPartOf":{"@id":"https:\/\/cleitonpinheiro.com.br\/site\/#website"},"primaryImageOfPage":{"@id":"https:\/\/cleitonpinheiro.com.br\/site\/aumento-da-licenca-paternidade-sera-tema-no-congresso-apos-recesso\/#primaryimage"},"image":{"@id":"https:\/\/cleitonpinheiro.com.br\/site\/aumento-da-licenca-paternidade-sera-tema-no-congresso-apos-recesso\/#primaryimage"},"thumbnailUrl":"https:\/\/cleitonpinheiro.com.br\/site\/wp-content\/uploads\/2025\/07\/193222-3.webp","datePublished":"2025-07-28T17:36:47+00:00","dateModified":"2025-07-28T17:36:51+00:00","breadcrumb":{"@id":"https:\/\/cleitonpinheiro.com.br\/site\/aumento-da-licenca-paternidade-sera-tema-no-congresso-apos-recesso\/#breadcrumb"},"inLanguage":"pt-BR","potentialAction":[{"@type":"ReadAction","target":["https:\/\/cleitonpinheiro.com.br\/site\/aumento-da-licenca-paternidade-sera-tema-no-congresso-apos-recesso\/"]}]},{"@type":"ImageObject","inLanguage":"pt-BR","@id":"https:\/\/cleitonpinheiro.com.br\/site\/aumento-da-licenca-paternidade-sera-tema-no-congresso-apos-recesso\/#primaryimage","url":"https:\/\/cleitonpinheiro.com.br\/site\/wp-content\/uploads\/2025\/07\/193222-3.webp","contentUrl":"https:\/\/cleitonpinheiro.com.br\/site\/wp-content\/uploads\/2025\/07\/193222-3.webp","width":1170,"height":700},{"@type":"BreadcrumbList","@id":"https:\/\/cleitonpinheiro.com.br\/site\/aumento-da-licenca-paternidade-sera-tema-no-congresso-apos-recesso\/#breadcrumb","itemListElement":[{"@type":"ListItem","position":1,"name":"In\u00edcio","item":"https:\/\/cleitonpinheiro.com.br\/site\/"},{"@type":"ListItem","position":2,"name":"Aumento da licen\u00e7a-paternidade ser\u00e1 tema no Congresso ap\u00f3s recesso"}]},{"@type":"WebSite","@id":"https:\/\/cleitonpinheiro.com.br\/site\/#website","url":"https:\/\/cleitonpinheiro.com.br\/site\/","name":"PORTAL DE NOT\u00cdCIAS CLEITON PINHEIRO","description":"FALANDO A VERDADE","publisher":{"@id":"https:\/\/cleitonpinheiro.com.br\/site\/#organization"},"potentialAction":[{"@type":"SearchAction","target":{"@type":"EntryPoint","urlTemplate":"https:\/\/cleitonpinheiro.com.br\/site\/?s={search_term_string}"},"query-input":{"@type":"PropertyValueSpecification","valueRequired":true,"valueName":"search_term_string"}}],"inLanguage":"pt-BR"},{"@type":"Organization","@id":"https:\/\/cleitonpinheiro.com.br\/site\/#organization","name":"CPNOT\u00cdCIAS","url":"https:\/\/cleitonpinheiro.com.br\/site\/","logo":{"@type":"ImageObject","inLanguage":"pt-BR","@id":"https:\/\/cleitonpinheiro.com.br\/site\/#\/schema\/logo\/image\/","url":"https:\/\/cleitonpinheiro.com.br\/site\/wp-content\/uploads\/2022\/08\/Logo-pequena-2.png","contentUrl":"https:\/\/cleitonpinheiro.com.br\/site\/wp-content\/uploads\/2022\/08\/Logo-pequena-2.png","width":500,"height":500,"caption":"CPNOT\u00cdCIAS"},"image":{"@id":"https:\/\/cleitonpinheiro.com.br\/site\/#\/schema\/logo\/image\/"},"sameAs":["https:\/\/www.facebook.com\/portalcpnoticias\/"]},{"@type":"Person","@id":"https:\/\/cleitonpinheiro.com.br\/site\/#\/schema\/person\/8f04544e0bc40a1b68775b08360f87db","name":"Reda\u00e7\u00e3o CP","image":{"@type":"ImageObject","inLanguage":"pt-BR","@id":"https:\/\/cleitonpinheiro.com.br\/site\/#\/schema\/person\/image\/","url":"https:\/\/secure.gravatar.com\/avatar\/0bcf19cb29fdc8fc588c490c7ae1b3e174dac268586a63fbe1d1893a0f9020cd?s=96&r=g","contentUrl":"https:\/\/secure.gravatar.com\/avatar\/0bcf19cb29fdc8fc588c490c7ae1b3e174dac268586a63fbe1d1893a0f9020cd?s=96&r=g","caption":"Reda\u00e7\u00e3o CP"},"url":"https:\/\/cleitonpinheiro.com.br\/site\/author\/redacao\/"}]}},"views":121,"_links":{"self":[{"href":"https:\/\/cleitonpinheiro.com.br\/site\/wp-json\/wp\/v2\/posts\/86412","targetHints":{"allow":["GET"]}}],"collection":[{"href":"https:\/\/cleitonpinheiro.com.br\/site\/wp-json\/wp\/v2\/posts"}],"about":[{"href":"https:\/\/cleitonpinheiro.com.br\/site\/wp-json\/wp\/v2\/types\/post"}],"author":[{"embeddable":true,"href":"https:\/\/cleitonpinheiro.com.br\/site\/wp-json\/wp\/v2\/users\/13"}],"replies":[{"embeddable":true,"href":"https:\/\/cleitonpinheiro.com.br\/site\/wp-json\/wp\/v2\/comments?post=86412"}],"version-history":[{"count":1,"href":"https:\/\/cleitonpinheiro.com.br\/site\/wp-json\/wp\/v2\/posts\/86412\/revisions"}],"predecessor-version":[{"id":86414,"href":"https:\/\/cleitonpinheiro.com.br\/site\/wp-json\/wp\/v2\/posts\/86412\/revisions\/86414"}],"wp:featuredmedia":[{"embeddable":true,"href":"https:\/\/cleitonpinheiro.com.br\/site\/wp-json\/wp\/v2\/media\/86413"}],"wp:attachment":[{"href":"https:\/\/cleitonpinheiro.com.br\/site\/wp-json\/wp\/v2\/media?parent=86412"}],"wp:term":[{"taxonomy":"category","embeddable":true,"href":"https:\/\/cleitonpinheiro.com.br\/site\/wp-json\/wp\/v2\/categories?post=86412"},{"taxonomy":"post_tag","embeddable":true,"href":"https:\/\/cleitonpinheiro.com.br\/site\/wp-json\/wp\/v2\/tags?post=86412"}],"curies":[{"name":"wp","href":"https:\/\/api.w.org\/{rel}","templated":true}]}}