{"id":86420,"date":"2025-07-28T15:36:59","date_gmt":"2025-07-28T18:36:59","guid":{"rendered":"https:\/\/cleitonpinheiro.com.br\/site\/?p=86420"},"modified":"2025-07-28T15:37:03","modified_gmt":"2025-07-28T18:37:03","slug":"campos-lindos-nove-casos-de-sarampo-confirmados-e-sete-em-investigacao","status":"publish","type":"post","link":"https:\/\/cleitonpinheiro.com.br\/site\/campos-lindos-nove-casos-de-sarampo-confirmados-e-sete-em-investigacao\/","title":{"rendered":"Campos Lindos: nove casos de sarampo confirmados e sete em investiga\u00e7\u00e3o"},"content":{"rendered":"\n<figure class=\"wp-block-image aligncenter size-full\"><img fetchpriority=\"high\" decoding=\"async\" width=\"296\" height=\"170\" src=\"https:\/\/cleitonpinheiro.com.br\/site\/wp-content\/uploads\/2025\/07\/sarampo.jpg\" alt=\"\" class=\"wp-image-86386\"\/><\/figure>\n\n\n\n<p>A Secretaria de Estado da Sa\u00fade (SES-TO) informa que o Tocantins notificou, at\u00e9 o domingo, 27, 16 casos de sarampo em Campos Lindos, a 560km de Palmas. Destes, nove foram confirmados e sete seguem em investiga\u00e7\u00e3o. Todos os casos t\u00eam hist\u00f3ricos de contatos com pessoas que estiveram em viagem por pa\u00eds onde o v\u00edrus circula; n\u00e3o vacinados; manifestaram sintomas cl\u00e1ssicos e em cuidados domiciliares.<\/p>\n\n\n\n<p>A SES-TO destaca que desde o s\u00e1bado 19 de julho, mant\u00e9m profissionais de vigil\u00e2ncia em sa\u00fade no munic\u00edpio, para as a\u00e7\u00f5es de conten\u00e7\u00e3o necess\u00e1rias, como orienta\u00e7\u00f5es de isolamento e vacina\u00e7\u00e3o dos contatos das pessoas confirmadas. Atualmente, a Pasta conta com 10 t\u00e9cnicos que juntamente com quatro profissionais do Minist\u00e9rio da Sa\u00fade (MS) e as equipes municipais fazem o trabalho de campo. At\u00e9 o momento, 410 casas foram visitadas e 913 doses da vacina foram aplicadas. Al\u00e9m disso, a Pasta enviou nota t\u00e9cnica aos 139 munic\u00edpios e um informativo com todas as orienta\u00e7\u00f5es necess\u00e1rias \u00e0s \u00e1reas de vigil\u00e2ncias municipais.<\/p>\n\n\n\n<p><strong>A doen\u00e7a<\/strong><\/p>\n\n\n\n<p>O sarampo \u00e9 uma doen\u00e7a infecciosa aguda, de natureza viral, altamente transmiss\u00edvel, por via a\u00e9rea, ao tossir, espirrar, falar ou respirar.&nbsp;&nbsp; Ao ser contaminado, o paciente tem de sete a 14 dias de per\u00edodo de incuba\u00e7\u00e3o e a transmiss\u00e3o pode ocorrer entre seis dias antes e quatro dias ap\u00f3s o aparecimento dos sintomas que compreendem corpo e febre alta, manchas avermelhadas, tosse, coriza e conjuntivite. Podem ocorrer complica\u00e7\u00f5es como pneumonia, encefalite e \u00f3bito.<\/p>\n\n\n\n<p><strong>Preven\u00e7\u00e3o<\/strong><\/p>\n\n\n\n<p>O sarampo tem preven\u00e7\u00e3o por vacina\u00e7\u00e3o e na rotina dos servi\u00e7os de sa\u00fade, todas as pessoas de 12 meses a 59 anos de idade t\u00eam indica\u00e7\u00e3o para serem vacinadas e o Sistema \u00danico de Sa\u00fade (SUS), oferece gratuitamente, as vacinas tr\u00edplice viral (sarampo, caxumba e rub\u00e9ola) e tetraviral (sarampo, caxumba, rub\u00e9ola e varicela).<\/p>\n\n\n\n<p>Al\u00e9m das doses de rotina estabelecidas no Calend\u00e1rio Nacional de Vacina\u00e7\u00e3o, a imuniza\u00e7\u00e3o para o sarampo pode ser indicada para crian\u00e7as de seis meses a menores de um ano, em localidades com o surto da doen\u00e7a. Adolescentes e adultos n\u00e3o vacinados ou com esquema incompleto contra o sarampo devem iniciar ou completar o esquema vacinal de acordo com a situa\u00e7\u00e3o encontrada.<\/p>\n\n\n\n<p>No Tocantins, a vacina tr\u00edplice viral \u00e9 a mais disseminada e teve cobertura vacinal em 2024, de 93% na primeira dose e apenas 80% na segunda e o preconizado \u00e9 de 95% da popula\u00e7\u00e3o alvo imunizada. Em 2025, at\u00e9 o momento, 86% com a primeira dose e 55% com a segunda. Todas as mais de 300 salas de vacina\u00e7\u00e3o do Estado est\u00e3o devidamente abastecidas com o referido imunizante.<\/p>\n\n\n\n<p>Al\u00e9m da vacina\u00e7\u00e3o, o isolamento \u00e9 outra forma de evitar a transmiss\u00e3o. Desta forma, a pessoa com suspeita ou confirma\u00e7\u00e3o de sarampo deve evitar a ida ao trabalho ou escola por pelo menos quatro dias, a partir da data de aparecimento do exantema, al\u00e9m de evitar o contato com pessoas que s\u00e3o mais vulner\u00e1veis \u00e0 infec\u00e7\u00e3o, como crian\u00e7as pequenas e mulheres gr\u00e1vidas.<\/p>\n\n\n\n<p>Outras medidas para evitar a transmiss\u00e3o s\u00e3o: limpeza regular de superf\u00edcies; isolamento domiciliar para a pessoa que estiver com suspeita no per\u00edodo de transmiss\u00e3o; distanciamento social em locais de atendimento de pessoas com suspeita da doen\u00e7a; cobrir a boca ao tossir ou espirrar e o uso de len\u00e7os descart\u00e1veis e higiene das m\u00e3os com \u00e1gua e sab\u00e3o, e\/ou \u00e1lcool em gel.<\/p>\n\n\n\n<p><strong>Tratamento<\/strong><\/p>\n\n\n\n<p>N\u00e3o existe tratamento espec\u00edfico para o sarampo e os medicamentos s\u00e3o utilizados para reduzir o desconforto ocasionado pelos sintomas da doen\u00e7a. A orienta\u00e7\u00e3o da SES-TO \u00e9 procurar o servi\u00e7o de sa\u00fade mais pr\u00f3ximo, caso apresente os sintomas, para a prescri\u00e7\u00e3o m\u00e9dica adequada.<\/p>\n\n\n\n<p><\/p>\n","protected":false},"excerpt":{"rendered":"<p>A Secretaria de Estado da Sa\u00fade (SES-TO) informa que o Tocantins notificou, at\u00e9 o domingo, 27, 16 casos de sarampo em Campos Lindos, a 560km de Palmas. Destes, nove foram confirmados e sete seguem em investiga\u00e7\u00e3o. Todos os casos t\u00eam hist\u00f3ricos de contatos com pessoas que estiveram em viagem por pa\u00eds onde o v\u00edrus circula; [&hellip;]<\/p>\n","protected":false},"author":13,"featured_media":86386,"comment_status":"open","ping_status":"open","sticky":false,"template":"","format":"standard","meta":{"_acf_changed":false,"footnotes":""},"categories":[8,898,21],"tags":[],"class_list":["post-86420","post","type-post","status-publish","format-standard","has-post-thumbnail","hentry","category-estado","category-manchete-segundaria","category-todas-noticias"],"acf":[],"yoast_head":"<!-- This site is optimized with the Yoast SEO plugin v24.4 - https:\/\/yoast.com\/wordpress\/plugins\/seo\/ -->\n<title>Campos Lindos: nove casos de sarampo confirmados e sete em investiga\u00e7\u00e3o - PORTAL DE NOT\u00cdCIAS CLEITON PINHEIRO<\/title>\n<meta name=\"robots\" content=\"index, follow, max-snippet:-1, max-image-preview:large, max-video-preview:-1\" \/>\n<link rel=\"canonical\" href=\"https:\/\/cleitonpinheiro.com.br\/site\/campos-lindos-nove-casos-de-sarampo-confirmados-e-sete-em-investigacao\/\" \/>\n<meta property=\"og:locale\" content=\"pt_BR\" \/>\n<meta property=\"og:type\" content=\"article\" \/>\n<meta property=\"og:title\" content=\"Campos Lindos: nove casos de sarampo confirmados e sete em investiga\u00e7\u00e3o - PORTAL DE NOT\u00cdCIAS CLEITON PINHEIRO\" \/>\n<meta property=\"og:description\" content=\"A Secretaria de Estado da Sa\u00fade (SES-TO) informa que o Tocantins notificou, at\u00e9 o domingo, 27, 16 casos de sarampo em Campos Lindos, a 560km de Palmas. Destes, nove foram confirmados e sete seguem em investiga\u00e7\u00e3o. Todos os casos t\u00eam hist\u00f3ricos de contatos com pessoas que estiveram em viagem por pa\u00eds onde o v\u00edrus circula; [&hellip;]\" \/>\n<meta property=\"og:url\" content=\"https:\/\/cleitonpinheiro.com.br\/site\/campos-lindos-nove-casos-de-sarampo-confirmados-e-sete-em-investigacao\/\" \/>\n<meta property=\"og:site_name\" content=\"PORTAL DE NOT\u00cdCIAS CLEITON PINHEIRO\" \/>\n<meta property=\"article:publisher\" content=\"https:\/\/www.facebook.com\/portalcpnoticias\/\" \/>\n<meta property=\"article:published_time\" content=\"2025-07-28T18:36:59+00:00\" \/>\n<meta property=\"article:modified_time\" content=\"2025-07-28T18:37:03+00:00\" \/>\n<meta property=\"og:image\" content=\"https:\/\/cleitonpinheiro.com.br\/site\/wp-content\/uploads\/2025\/07\/sarampo.jpg\" \/>\n\t<meta property=\"og:image:width\" content=\"296\" \/>\n\t<meta property=\"og:image:height\" content=\"170\" \/>\n\t<meta property=\"og:image:type\" content=\"image\/jpeg\" \/>\n<meta name=\"author\" content=\"Reda\u00e7\u00e3o CP\" \/>\n<meta name=\"twitter:card\" content=\"summary_large_image\" \/>\n<meta name=\"twitter:label1\" content=\"Escrito por\" \/>\n\t<meta name=\"twitter:data1\" content=\"Reda\u00e7\u00e3o CP\" \/>\n\t<meta name=\"twitter:label2\" content=\"Est. tempo de leitura\" \/>\n\t<meta name=\"twitter:data2\" content=\"4 minutos\" \/>\n<script type=\"application\/ld+json\" class=\"yoast-schema-graph\">{\"@context\":\"https:\/\/schema.org\",\"@graph\":[{\"@type\":\"Article\",\"@id\":\"https:\/\/cleitonpinheiro.com.br\/site\/campos-lindos-nove-casos-de-sarampo-confirmados-e-sete-em-investigacao\/#article\",\"isPartOf\":{\"@id\":\"https:\/\/cleitonpinheiro.com.br\/site\/campos-lindos-nove-casos-de-sarampo-confirmados-e-sete-em-investigacao\/\"},\"author\":{\"name\":\"Reda\u00e7\u00e3o CP\",\"@id\":\"https:\/\/cleitonpinheiro.com.br\/site\/#\/schema\/person\/8f04544e0bc40a1b68775b08360f87db\"},\"headline\":\"Campos Lindos: nove casos de sarampo confirmados e sete em investiga\u00e7\u00e3o\",\"datePublished\":\"2025-07-28T18:36:59+00:00\",\"dateModified\":\"2025-07-28T18:37:03+00:00\",\"mainEntityOfPage\":{\"@id\":\"https:\/\/cleitonpinheiro.com.br\/site\/campos-lindos-nove-casos-de-sarampo-confirmados-e-sete-em-investigacao\/\"},\"wordCount\":666,\"commentCount\":0,\"publisher\":{\"@id\":\"https:\/\/cleitonpinheiro.com.br\/site\/#organization\"},\"image\":{\"@id\":\"https:\/\/cleitonpinheiro.com.br\/site\/campos-lindos-nove-casos-de-sarampo-confirmados-e-sete-em-investigacao\/#primaryimage\"},\"thumbnailUrl\":\"https:\/\/cleitonpinheiro.com.br\/site\/wp-content\/uploads\/2025\/07\/sarampo.jpg\",\"articleSection\":[\"ESTADO\",\"MANCHETE SEGUND\u00c1RIA\",\"TODAS NOTICIAS\"],\"inLanguage\":\"pt-BR\",\"potentialAction\":[{\"@type\":\"CommentAction\",\"name\":\"Comment\",\"target\":[\"https:\/\/cleitonpinheiro.com.br\/site\/campos-lindos-nove-casos-de-sarampo-confirmados-e-sete-em-investigacao\/#respond\"]}]},{\"@type\":\"WebPage\",\"@id\":\"https:\/\/cleitonpinheiro.com.br\/site\/campos-lindos-nove-casos-de-sarampo-confirmados-e-sete-em-investigacao\/\",\"url\":\"https:\/\/cleitonpinheiro.com.br\/site\/campos-lindos-nove-casos-de-sarampo-confirmados-e-sete-em-investigacao\/\",\"name\":\"Campos Lindos: nove casos de sarampo confirmados e sete em investiga\u00e7\u00e3o - PORTAL DE NOT\u00cdCIAS CLEITON PINHEIRO\",\"isPartOf\":{\"@id\":\"https:\/\/cleitonpinheiro.com.br\/site\/#website\"},\"primaryImageOfPage\":{\"@id\":\"https:\/\/cleitonpinheiro.com.br\/site\/campos-lindos-nove-casos-de-sarampo-confirmados-e-sete-em-investigacao\/#primaryimage\"},\"image\":{\"@id\":\"https:\/\/cleitonpinheiro.com.br\/site\/campos-lindos-nove-casos-de-sarampo-confirmados-e-sete-em-investigacao\/#primaryimage\"},\"thumbnailUrl\":\"https:\/\/cleitonpinheiro.com.br\/site\/wp-content\/uploads\/2025\/07\/sarampo.jpg\",\"datePublished\":\"2025-07-28T18:36:59+00:00\",\"dateModified\":\"2025-07-28T18:37:03+00:00\",\"breadcrumb\":{\"@id\":\"https:\/\/cleitonpinheiro.com.br\/site\/campos-lindos-nove-casos-de-sarampo-confirmados-e-sete-em-investigacao\/#breadcrumb\"},\"inLanguage\":\"pt-BR\",\"potentialAction\":[{\"@type\":\"ReadAction\",\"target\":[\"https:\/\/cleitonpinheiro.com.br\/site\/campos-lindos-nove-casos-de-sarampo-confirmados-e-sete-em-investigacao\/\"]}]},{\"@type\":\"ImageObject\",\"inLanguage\":\"pt-BR\",\"@id\":\"https:\/\/cleitonpinheiro.com.br\/site\/campos-lindos-nove-casos-de-sarampo-confirmados-e-sete-em-investigacao\/#primaryimage\",\"url\":\"https:\/\/cleitonpinheiro.com.br\/site\/wp-content\/uploads\/2025\/07\/sarampo.jpg\",\"contentUrl\":\"https:\/\/cleitonpinheiro.com.br\/site\/wp-content\/uploads\/2025\/07\/sarampo.jpg\",\"width\":296,\"height\":170},{\"@type\":\"BreadcrumbList\",\"@id\":\"https:\/\/cleitonpinheiro.com.br\/site\/campos-lindos-nove-casos-de-sarampo-confirmados-e-sete-em-investigacao\/#breadcrumb\",\"itemListElement\":[{\"@type\":\"ListItem\",\"position\":1,\"name\":\"In\u00edcio\",\"item\":\"https:\/\/cleitonpinheiro.com.br\/site\/\"},{\"@type\":\"ListItem\",\"position\":2,\"name\":\"Campos Lindos: nove casos de sarampo confirmados e sete em investiga\u00e7\u00e3o\"}]},{\"@type\":\"WebSite\",\"@id\":\"https:\/\/cleitonpinheiro.com.br\/site\/#website\",\"url\":\"https:\/\/cleitonpinheiro.com.br\/site\/\",\"name\":\"PORTAL DE NOT\u00cdCIAS CLEITON PINHEIRO\",\"description\":\"FALANDO A VERDADE\",\"publisher\":{\"@id\":\"https:\/\/cleitonpinheiro.com.br\/site\/#organization\"},\"potentialAction\":[{\"@type\":\"SearchAction\",\"target\":{\"@type\":\"EntryPoint\",\"urlTemplate\":\"https:\/\/cleitonpinheiro.com.br\/site\/?s={search_term_string}\"},\"query-input\":{\"@type\":\"PropertyValueSpecification\",\"valueRequired\":true,\"valueName\":\"search_term_string\"}}],\"inLanguage\":\"pt-BR\"},{\"@type\":\"Organization\",\"@id\":\"https:\/\/cleitonpinheiro.com.br\/site\/#organization\",\"name\":\"CPNOT\u00cdCIAS\",\"url\":\"https:\/\/cleitonpinheiro.com.br\/site\/\",\"logo\":{\"@type\":\"ImageObject\",\"inLanguage\":\"pt-BR\",\"@id\":\"https:\/\/cleitonpinheiro.com.br\/site\/#\/schema\/logo\/image\/\",\"url\":\"https:\/\/cleitonpinheiro.com.br\/site\/wp-content\/uploads\/2022\/08\/Logo-pequena-2.png\",\"contentUrl\":\"https:\/\/cleitonpinheiro.com.br\/site\/wp-content\/uploads\/2022\/08\/Logo-pequena-2.png\",\"width\":500,\"height\":500,\"caption\":\"CPNOT\u00cdCIAS\"},\"image\":{\"@id\":\"https:\/\/cleitonpinheiro.com.br\/site\/#\/schema\/logo\/image\/\"},\"sameAs\":[\"https:\/\/www.facebook.com\/portalcpnoticias\/\"]},{\"@type\":\"Person\",\"@id\":\"https:\/\/cleitonpinheiro.com.br\/site\/#\/schema\/person\/8f04544e0bc40a1b68775b08360f87db\",\"name\":\"Reda\u00e7\u00e3o CP\",\"image\":{\"@type\":\"ImageObject\",\"inLanguage\":\"pt-BR\",\"@id\":\"https:\/\/cleitonpinheiro.com.br\/site\/#\/schema\/person\/image\/\",\"url\":\"https:\/\/secure.gravatar.com\/avatar\/0bcf19cb29fdc8fc588c490c7ae1b3e174dac268586a63fbe1d1893a0f9020cd?s=96&r=g\",\"contentUrl\":\"https:\/\/secure.gravatar.com\/avatar\/0bcf19cb29fdc8fc588c490c7ae1b3e174dac268586a63fbe1d1893a0f9020cd?s=96&r=g\",\"caption\":\"Reda\u00e7\u00e3o CP\"},\"url\":\"https:\/\/cleitonpinheiro.com.br\/site\/author\/redacao\/\"}]}<\/script>\n<!-- \/ Yoast SEO plugin. -->","yoast_head_json":{"title":"Campos Lindos: nove casos de sarampo confirmados e sete em investiga\u00e7\u00e3o - PORTAL DE NOT\u00cdCIAS CLEITON PINHEIRO","robots":{"index":"index","follow":"follow","max-snippet":"max-snippet:-1","max-image-preview":"max-image-preview:large","max-video-preview":"max-video-preview:-1"},"canonical":"https:\/\/cleitonpinheiro.com.br\/site\/campos-lindos-nove-casos-de-sarampo-confirmados-e-sete-em-investigacao\/","og_locale":"pt_BR","og_type":"article","og_title":"Campos Lindos: nove casos de sarampo confirmados e sete em investiga\u00e7\u00e3o - PORTAL DE NOT\u00cdCIAS CLEITON PINHEIRO","og_description":"A Secretaria de Estado da Sa\u00fade (SES-TO) informa que o Tocantins notificou, at\u00e9 o domingo, 27, 16 casos de sarampo em Campos Lindos, a 560km de Palmas. Destes, nove foram confirmados e sete seguem em investiga\u00e7\u00e3o. Todos os casos t\u00eam hist\u00f3ricos de contatos com pessoas que estiveram em viagem por pa\u00eds onde o v\u00edrus circula; [&hellip;]","og_url":"https:\/\/cleitonpinheiro.com.br\/site\/campos-lindos-nove-casos-de-sarampo-confirmados-e-sete-em-investigacao\/","og_site_name":"PORTAL DE NOT\u00cdCIAS CLEITON PINHEIRO","article_publisher":"https:\/\/www.facebook.com\/portalcpnoticias\/","article_published_time":"2025-07-28T18:36:59+00:00","article_modified_time":"2025-07-28T18:37:03+00:00","og_image":[{"width":296,"height":170,"url":"https:\/\/cleitonpinheiro.com.br\/site\/wp-content\/uploads\/2025\/07\/sarampo.jpg","type":"image\/jpeg"}],"author":"Reda\u00e7\u00e3o CP","twitter_card":"summary_large_image","twitter_misc":{"Escrito por":"Reda\u00e7\u00e3o CP","Est. tempo de leitura":"4 minutos"},"schema":{"@context":"https:\/\/schema.org","@graph":[{"@type":"Article","@id":"https:\/\/cleitonpinheiro.com.br\/site\/campos-lindos-nove-casos-de-sarampo-confirmados-e-sete-em-investigacao\/#article","isPartOf":{"@id":"https:\/\/cleitonpinheiro.com.br\/site\/campos-lindos-nove-casos-de-sarampo-confirmados-e-sete-em-investigacao\/"},"author":{"name":"Reda\u00e7\u00e3o CP","@id":"https:\/\/cleitonpinheiro.com.br\/site\/#\/schema\/person\/8f04544e0bc40a1b68775b08360f87db"},"headline":"Campos Lindos: nove casos de sarampo confirmados e sete em investiga\u00e7\u00e3o","datePublished":"2025-07-28T18:36:59+00:00","dateModified":"2025-07-28T18:37:03+00:00","mainEntityOfPage":{"@id":"https:\/\/cleitonpinheiro.com.br\/site\/campos-lindos-nove-casos-de-sarampo-confirmados-e-sete-em-investigacao\/"},"wordCount":666,"commentCount":0,"publisher":{"@id":"https:\/\/cleitonpinheiro.com.br\/site\/#organization"},"image":{"@id":"https:\/\/cleitonpinheiro.com.br\/site\/campos-lindos-nove-casos-de-sarampo-confirmados-e-sete-em-investigacao\/#primaryimage"},"thumbnailUrl":"https:\/\/cleitonpinheiro.com.br\/site\/wp-content\/uploads\/2025\/07\/sarampo.jpg","articleSection":["ESTADO","MANCHETE SEGUND\u00c1RIA","TODAS NOTICIAS"],"inLanguage":"pt-BR","potentialAction":[{"@type":"CommentAction","name":"Comment","target":["https:\/\/cleitonpinheiro.com.br\/site\/campos-lindos-nove-casos-de-sarampo-confirmados-e-sete-em-investigacao\/#respond"]}]},{"@type":"WebPage","@id":"https:\/\/cleitonpinheiro.com.br\/site\/campos-lindos-nove-casos-de-sarampo-confirmados-e-sete-em-investigacao\/","url":"https:\/\/cleitonpinheiro.com.br\/site\/campos-lindos-nove-casos-de-sarampo-confirmados-e-sete-em-investigacao\/","name":"Campos Lindos: nove casos de sarampo confirmados e sete em investiga\u00e7\u00e3o - PORTAL DE NOT\u00cdCIAS CLEITON PINHEIRO","isPartOf":{"@id":"https:\/\/cleitonpinheiro.com.br\/site\/#website"},"primaryImageOfPage":{"@id":"https:\/\/cleitonpinheiro.com.br\/site\/campos-lindos-nove-casos-de-sarampo-confirmados-e-sete-em-investigacao\/#primaryimage"},"image":{"@id":"https:\/\/cleitonpinheiro.com.br\/site\/campos-lindos-nove-casos-de-sarampo-confirmados-e-sete-em-investigacao\/#primaryimage"},"thumbnailUrl":"https:\/\/cleitonpinheiro.com.br\/site\/wp-content\/uploads\/2025\/07\/sarampo.jpg","datePublished":"2025-07-28T18:36:59+00:00","dateModified":"2025-07-28T18:37:03+00:00","breadcrumb":{"@id":"https:\/\/cleitonpinheiro.com.br\/site\/campos-lindos-nove-casos-de-sarampo-confirmados-e-sete-em-investigacao\/#breadcrumb"},"inLanguage":"pt-BR","potentialAction":[{"@type":"ReadAction","target":["https:\/\/cleitonpinheiro.com.br\/site\/campos-lindos-nove-casos-de-sarampo-confirmados-e-sete-em-investigacao\/"]}]},{"@type":"ImageObject","inLanguage":"pt-BR","@id":"https:\/\/cleitonpinheiro.com.br\/site\/campos-lindos-nove-casos-de-sarampo-confirmados-e-sete-em-investigacao\/#primaryimage","url":"https:\/\/cleitonpinheiro.com.br\/site\/wp-content\/uploads\/2025\/07\/sarampo.jpg","contentUrl":"https:\/\/cleitonpinheiro.com.br\/site\/wp-content\/uploads\/2025\/07\/sarampo.jpg","width":296,"height":170},{"@type":"BreadcrumbList","@id":"https:\/\/cleitonpinheiro.com.br\/site\/campos-lindos-nove-casos-de-sarampo-confirmados-e-sete-em-investigacao\/#breadcrumb","itemListElement":[{"@type":"ListItem","position":1,"name":"In\u00edcio","item":"https:\/\/cleitonpinheiro.com.br\/site\/"},{"@type":"ListItem","position":2,"name":"Campos Lindos: nove casos de sarampo confirmados e sete em investiga\u00e7\u00e3o"}]},{"@type":"WebSite","@id":"https:\/\/cleitonpinheiro.com.br\/site\/#website","url":"https:\/\/cleitonpinheiro.com.br\/site\/","name":"PORTAL DE NOT\u00cdCIAS CLEITON PINHEIRO","description":"FALANDO A VERDADE","publisher":{"@id":"https:\/\/cleitonpinheiro.com.br\/site\/#organization"},"potentialAction":[{"@type":"SearchAction","target":{"@type":"EntryPoint","urlTemplate":"https:\/\/cleitonpinheiro.com.br\/site\/?s={search_term_string}"},"query-input":{"@type":"PropertyValueSpecification","valueRequired":true,"valueName":"search_term_string"}}],"inLanguage":"pt-BR"},{"@type":"Organization","@id":"https:\/\/cleitonpinheiro.com.br\/site\/#organization","name":"CPNOT\u00cdCIAS","url":"https:\/\/cleitonpinheiro.com.br\/site\/","logo":{"@type":"ImageObject","inLanguage":"pt-BR","@id":"https:\/\/cleitonpinheiro.com.br\/site\/#\/schema\/logo\/image\/","url":"https:\/\/cleitonpinheiro.com.br\/site\/wp-content\/uploads\/2022\/08\/Logo-pequena-2.png","contentUrl":"https:\/\/cleitonpinheiro.com.br\/site\/wp-content\/uploads\/2022\/08\/Logo-pequena-2.png","width":500,"height":500,"caption":"CPNOT\u00cdCIAS"},"image":{"@id":"https:\/\/cleitonpinheiro.com.br\/site\/#\/schema\/logo\/image\/"},"sameAs":["https:\/\/www.facebook.com\/portalcpnoticias\/"]},{"@type":"Person","@id":"https:\/\/cleitonpinheiro.com.br\/site\/#\/schema\/person\/8f04544e0bc40a1b68775b08360f87db","name":"Reda\u00e7\u00e3o CP","image":{"@type":"ImageObject","inLanguage":"pt-BR","@id":"https:\/\/cleitonpinheiro.com.br\/site\/#\/schema\/person\/image\/","url":"https:\/\/secure.gravatar.com\/avatar\/0bcf19cb29fdc8fc588c490c7ae1b3e174dac268586a63fbe1d1893a0f9020cd?s=96&r=g","contentUrl":"https:\/\/secure.gravatar.com\/avatar\/0bcf19cb29fdc8fc588c490c7ae1b3e174dac268586a63fbe1d1893a0f9020cd?s=96&r=g","caption":"Reda\u00e7\u00e3o CP"},"url":"https:\/\/cleitonpinheiro.com.br\/site\/author\/redacao\/"}]}},"views":132,"_links":{"self":[{"href":"https:\/\/cleitonpinheiro.com.br\/site\/wp-json\/wp\/v2\/posts\/86420","targetHints":{"allow":["GET"]}}],"collection":[{"href":"https:\/\/cleitonpinheiro.com.br\/site\/wp-json\/wp\/v2\/posts"}],"about":[{"href":"https:\/\/cleitonpinheiro.com.br\/site\/wp-json\/wp\/v2\/types\/post"}],"author":[{"embeddable":true,"href":"https:\/\/cleitonpinheiro.com.br\/site\/wp-json\/wp\/v2\/users\/13"}],"replies":[{"embeddable":true,"href":"https:\/\/cleitonpinheiro.com.br\/site\/wp-json\/wp\/v2\/comments?post=86420"}],"version-history":[{"count":1,"href":"https:\/\/cleitonpinheiro.com.br\/site\/wp-json\/wp\/v2\/posts\/86420\/revisions"}],"predecessor-version":[{"id":86421,"href":"https:\/\/cleitonpinheiro.com.br\/site\/wp-json\/wp\/v2\/posts\/86420\/revisions\/86421"}],"wp:featuredmedia":[{"embeddable":true,"href":"https:\/\/cleitonpinheiro.com.br\/site\/wp-json\/wp\/v2\/media\/86386"}],"wp:attachment":[{"href":"https:\/\/cleitonpinheiro.com.br\/site\/wp-json\/wp\/v2\/media?parent=86420"}],"wp:term":[{"taxonomy":"category","embeddable":true,"href":"https:\/\/cleitonpinheiro.com.br\/site\/wp-json\/wp\/v2\/categories?post=86420"},{"taxonomy":"post_tag","embeddable":true,"href":"https:\/\/cleitonpinheiro.com.br\/site\/wp-json\/wp\/v2\/tags?post=86420"}],"curies":[{"name":"wp","href":"https:\/\/api.w.org\/{rel}","templated":true}]}}