{"id":86423,"date":"2025-07-28T18:23:37","date_gmt":"2025-07-28T21:23:37","guid":{"rendered":"https:\/\/cleitonpinheiro.com.br\/site\/?p=86423"},"modified":"2025-07-28T18:23:42","modified_gmt":"2025-07-28T21:23:42","slug":"ministerio-publico-eleitoral-pede-cassacao-dos-mandatos-do-prefeito-e-vice-de-goiatins","status":"publish","type":"post","link":"https:\/\/cleitonpinheiro.com.br\/site\/ministerio-publico-eleitoral-pede-cassacao-dos-mandatos-do-prefeito-e-vice-de-goiatins\/","title":{"rendered":"Minist\u00e9rio P\u00fablico Eleitoral pede cassa\u00e7\u00e3o dos mandatos do prefeito e vice de Goiatins"},"content":{"rendered":"\n<figure class=\"wp-block-image size-large\"><img fetchpriority=\"high\" decoding=\"async\" width=\"1024\" height=\"766\" src=\"https:\/\/cleitonpinheiro.com.br\/site\/wp-content\/uploads\/2025\/07\/Entrada-da-cidade-1024x766.png\" alt=\"\" class=\"wp-image-86425\" srcset=\"https:\/\/cleitonpinheiro.com.br\/site\/wp-content\/uploads\/2025\/07\/Entrada-da-cidade-1024x766.png 1024w, https:\/\/cleitonpinheiro.com.br\/site\/wp-content\/uploads\/2025\/07\/Entrada-da-cidade-300x224.png 300w, https:\/\/cleitonpinheiro.com.br\/site\/wp-content\/uploads\/2025\/07\/Entrada-da-cidade-768x575.png 768w, https:\/\/cleitonpinheiro.com.br\/site\/wp-content\/uploads\/2025\/07\/Entrada-da-cidade.png 1108w\" sizes=\"(max-width: 1024px) 100vw, 1024px\" \/><\/figure>\n\n\n\n<p>O Minist\u00e9rio P\u00fablico do Tocantins (MPTO), por meio da Promotoria Eleitoral que atua junto \u00e0 32\u00aa Zona Eleitoral de Goiatins, manifestou-se pela cassa\u00e7\u00e3o dos diplomas do prefeito reeleito de Goiatins, Manoel Natalino Pereira Soares, e de seu vice, Jos\u00e9 Am\u00e9rico Aquino Sousa Filho. Em parecer protocolado na sexta-feira, 25, a promotora eleitoral Jeniffer Medrado Ribeiro Siqueira concluiu pela proced\u00eancia integral de uma A\u00e7\u00e3o de Investiga\u00e7\u00e3o Judicial Eleitoral (Aije) que apura a pr\u00e1tica de uma s\u00e9rie de irregularidades graves durante as elei\u00e7\u00f5es de 2024.<\/p>\n\n\n\n<p>A a\u00e7\u00e3o foi originalmente proposta pelo candidato Max Cruz da Luz. O parecer do MP Eleitoral corrobora as den\u00fancias e aponta um robusto conjunto de provas que demonstram a ocorr\u00eancia sistem\u00e1tica de abuso de poder pol\u00edtico e econ\u00f4mico, condutas vedadas a agentes p\u00fablicos e capta\u00e7\u00e3o il\u00edcita de sufr\u00e1gio (compra de votos).<\/p>\n\n\n\n<p>Segundo a manifesta\u00e7\u00e3o ministerial, a chapa eleita utilizou a m\u00e1quina p\u00fablica de forma indevida para obter vantagem eleitoral. Entre as pr\u00e1ticas comprovadas, destaca-se o aumento de R$ 333.939,05 nas despesas com combust\u00edvel do munic\u00edpio durante o per\u00edodo eleitoral, em compara\u00e7\u00e3o com o ano anterior. Al\u00e9m disso, foram identificadas contrata\u00e7\u00f5es irregulares de quase dois mil diaristas, com um custo superior a R$ 2,5 milh\u00f5es para os cofres p\u00fablicos, e oferecimento de empregos em troca de votos.<\/p>\n\n\n\n<p>Irregularidades influenciaram resultado eleitoral<\/p>\n\n\n\n<p>Depoimentos de testemunhas e provas documentais confirmaram a utiliza\u00e7\u00e3o de ve\u00edculos e servidores da prefeitura para o transporte gratuito de materiais de constru\u00e7\u00e3o e a realiza\u00e7\u00e3o de mudan\u00e7as particulares para eleitores. Para o Minist\u00e9rio P\u00fablico, essas a\u00e7\u00f5es influenciaram diretamente o resultado da elei\u00e7\u00e3o, que foi decidida por uma margem de apenas 16 votos.<\/p>\n\n\n\n<p>Diante da &#8220;extrema gravidade das condutas&#8221; e do seu car\u00e1ter &#8220;sistem\u00e1tico e organizado&#8221;, o MP Eleitoral requereu \u00e0 Justi\u00e7a a aplica\u00e7\u00e3o das san\u00e7\u00f5es m\u00e1ximas previstas na legisla\u00e7\u00e3o. Os pedidos incluem:<\/p>\n\n\n\n<ul class=\"wp-block-list\">\n<li>A cassa\u00e7\u00e3o dos diplomas do prefeito e do vice-prefeito.<\/li>\n\n\n\n<li>A declara\u00e7\u00e3o de inelegibilidade de ambos pelo prazo de oito anos.<\/li>\n\n\n\n<li>A aplica\u00e7\u00e3o de multas nos valores m\u00e1ximos pelas condutas vedadas e pela capta\u00e7\u00e3o il\u00edcita de votos, conforme os artigos 22, XIV, da Lei Complementar n\u00ba 64\/90, e 41-A e 73, \u00a7 5\u00ba, da Lei n\u00ba 9.504\/97.<\/li>\n<\/ul>\n\n\n\n<p>No documento, a promotora enfatizou que os atos representaram &#8220;um ataque \u00e0 higidez democr\u00e1tica&#8221; e comprometeram, de forma irrevers\u00edvel, &#8220;a legitimidade do mandato obtido e a representatividade democr\u00e1tica do governo constitu\u00eddo&#8221;. O parecer ressalta a necessidade de uma resposta en\u00e9rgica do Poder Judici\u00e1rio para proteger a soberania popular e coibir futuras viola\u00e7\u00f5es \u00e0 lei eleitoral.<\/p>\n\n\n\n<p>O caso agora aguarda a decis\u00e3o da Justi\u00e7a Eleitoral da 32\u00aa Zona de Goiatins.<\/p>\n","protected":false},"excerpt":{"rendered":"<p>O Minist\u00e9rio P\u00fablico do Tocantins (MPTO), por meio da Promotoria Eleitoral que atua junto \u00e0 32\u00aa Zona Eleitoral de Goiatins, manifestou-se pela cassa\u00e7\u00e3o dos diplomas do prefeito reeleito de Goiatins, Manoel Natalino Pereira Soares, e de seu vice, Jos\u00e9 Am\u00e9rico Aquino Sousa Filho. Em parecer protocolado na sexta-feira, 25, a promotora eleitoral Jeniffer Medrado Ribeiro [&hellip;]<\/p>\n","protected":false},"author":13,"featured_media":86425,"comment_status":"open","ping_status":"open","sticky":false,"template":"","format":"standard","meta":{"_acf_changed":false,"footnotes":""},"categories":[898,23,21],"tags":[],"class_list":["post-86423","post","type-post","status-publish","format-standard","has-post-thumbnail","hentry","category-manchete-segundaria","category-politica","category-todas-noticias"],"acf":[],"yoast_head":"<!-- This site is optimized with the Yoast SEO plugin v24.4 - https:\/\/yoast.com\/wordpress\/plugins\/seo\/ -->\n<title>Minist\u00e9rio P\u00fablico Eleitoral pede cassa\u00e7\u00e3o dos mandatos do prefeito e vice de Goiatins - PORTAL DE NOT\u00cdCIAS CLEITON PINHEIRO<\/title>\n<meta name=\"robots\" content=\"index, follow, max-snippet:-1, max-image-preview:large, max-video-preview:-1\" \/>\n<link rel=\"canonical\" href=\"https:\/\/cleitonpinheiro.com.br\/site\/ministerio-publico-eleitoral-pede-cassacao-dos-mandatos-do-prefeito-e-vice-de-goiatins\/\" \/>\n<meta property=\"og:locale\" content=\"pt_BR\" \/>\n<meta property=\"og:type\" content=\"article\" \/>\n<meta property=\"og:title\" content=\"Minist\u00e9rio P\u00fablico Eleitoral pede cassa\u00e7\u00e3o dos mandatos do prefeito e vice de Goiatins - PORTAL DE NOT\u00cdCIAS CLEITON PINHEIRO\" \/>\n<meta property=\"og:description\" content=\"O Minist\u00e9rio P\u00fablico do Tocantins (MPTO), por meio da Promotoria Eleitoral que atua junto \u00e0 32\u00aa Zona Eleitoral de Goiatins, manifestou-se pela cassa\u00e7\u00e3o dos diplomas do prefeito reeleito de Goiatins, Manoel Natalino Pereira Soares, e de seu vice, Jos\u00e9 Am\u00e9rico Aquino Sousa Filho. Em parecer protocolado na sexta-feira, 25, a promotora eleitoral Jeniffer Medrado Ribeiro [&hellip;]\" \/>\n<meta property=\"og:url\" content=\"https:\/\/cleitonpinheiro.com.br\/site\/ministerio-publico-eleitoral-pede-cassacao-dos-mandatos-do-prefeito-e-vice-de-goiatins\/\" \/>\n<meta property=\"og:site_name\" content=\"PORTAL DE NOT\u00cdCIAS CLEITON PINHEIRO\" \/>\n<meta property=\"article:publisher\" content=\"https:\/\/www.facebook.com\/portalcpnoticias\/\" \/>\n<meta property=\"article:published_time\" content=\"2025-07-28T21:23:37+00:00\" \/>\n<meta property=\"article:modified_time\" content=\"2025-07-28T21:23:42+00:00\" \/>\n<meta property=\"og:image\" content=\"https:\/\/cleitonpinheiro.com.br\/site\/wp-content\/uploads\/2025\/07\/Entrada-da-cidade.png\" \/>\n\t<meta property=\"og:image:width\" content=\"1108\" \/>\n\t<meta property=\"og:image:height\" content=\"829\" \/>\n\t<meta property=\"og:image:type\" content=\"image\/png\" \/>\n<meta name=\"author\" content=\"Reda\u00e7\u00e3o CP\" \/>\n<meta name=\"twitter:card\" content=\"summary_large_image\" \/>\n<meta name=\"twitter:label1\" content=\"Escrito por\" \/>\n\t<meta name=\"twitter:data1\" content=\"Reda\u00e7\u00e3o CP\" \/>\n\t<meta name=\"twitter:label2\" content=\"Est. tempo de leitura\" \/>\n\t<meta name=\"twitter:data2\" content=\"3 minutos\" \/>\n<script type=\"application\/ld+json\" class=\"yoast-schema-graph\">{\"@context\":\"https:\/\/schema.org\",\"@graph\":[{\"@type\":\"Article\",\"@id\":\"https:\/\/cleitonpinheiro.com.br\/site\/ministerio-publico-eleitoral-pede-cassacao-dos-mandatos-do-prefeito-e-vice-de-goiatins\/#article\",\"isPartOf\":{\"@id\":\"https:\/\/cleitonpinheiro.com.br\/site\/ministerio-publico-eleitoral-pede-cassacao-dos-mandatos-do-prefeito-e-vice-de-goiatins\/\"},\"author\":{\"name\":\"Reda\u00e7\u00e3o CP\",\"@id\":\"https:\/\/cleitonpinheiro.com.br\/site\/#\/schema\/person\/8f04544e0bc40a1b68775b08360f87db\"},\"headline\":\"Minist\u00e9rio P\u00fablico Eleitoral pede cassa\u00e7\u00e3o dos mandatos do prefeito e vice de Goiatins\",\"datePublished\":\"2025-07-28T21:23:37+00:00\",\"dateModified\":\"2025-07-28T21:23:42+00:00\",\"mainEntityOfPage\":{\"@id\":\"https:\/\/cleitonpinheiro.com.br\/site\/ministerio-publico-eleitoral-pede-cassacao-dos-mandatos-do-prefeito-e-vice-de-goiatins\/\"},\"wordCount\":483,\"commentCount\":0,\"publisher\":{\"@id\":\"https:\/\/cleitonpinheiro.com.br\/site\/#organization\"},\"image\":{\"@id\":\"https:\/\/cleitonpinheiro.com.br\/site\/ministerio-publico-eleitoral-pede-cassacao-dos-mandatos-do-prefeito-e-vice-de-goiatins\/#primaryimage\"},\"thumbnailUrl\":\"https:\/\/cleitonpinheiro.com.br\/site\/wp-content\/uploads\/2025\/07\/Entrada-da-cidade.png\",\"articleSection\":[\"MANCHETE SEGUND\u00c1RIA\",\"POL\u00cdTICA\",\"TODAS NOTICIAS\"],\"inLanguage\":\"pt-BR\",\"potentialAction\":[{\"@type\":\"CommentAction\",\"name\":\"Comment\",\"target\":[\"https:\/\/cleitonpinheiro.com.br\/site\/ministerio-publico-eleitoral-pede-cassacao-dos-mandatos-do-prefeito-e-vice-de-goiatins\/#respond\"]}]},{\"@type\":\"WebPage\",\"@id\":\"https:\/\/cleitonpinheiro.com.br\/site\/ministerio-publico-eleitoral-pede-cassacao-dos-mandatos-do-prefeito-e-vice-de-goiatins\/\",\"url\":\"https:\/\/cleitonpinheiro.com.br\/site\/ministerio-publico-eleitoral-pede-cassacao-dos-mandatos-do-prefeito-e-vice-de-goiatins\/\",\"name\":\"Minist\u00e9rio P\u00fablico Eleitoral pede cassa\u00e7\u00e3o dos mandatos do prefeito e vice de Goiatins - PORTAL DE NOT\u00cdCIAS CLEITON PINHEIRO\",\"isPartOf\":{\"@id\":\"https:\/\/cleitonpinheiro.com.br\/site\/#website\"},\"primaryImageOfPage\":{\"@id\":\"https:\/\/cleitonpinheiro.com.br\/site\/ministerio-publico-eleitoral-pede-cassacao-dos-mandatos-do-prefeito-e-vice-de-goiatins\/#primaryimage\"},\"image\":{\"@id\":\"https:\/\/cleitonpinheiro.com.br\/site\/ministerio-publico-eleitoral-pede-cassacao-dos-mandatos-do-prefeito-e-vice-de-goiatins\/#primaryimage\"},\"thumbnailUrl\":\"https:\/\/cleitonpinheiro.com.br\/site\/wp-content\/uploads\/2025\/07\/Entrada-da-cidade.png\",\"datePublished\":\"2025-07-28T21:23:37+00:00\",\"dateModified\":\"2025-07-28T21:23:42+00:00\",\"breadcrumb\":{\"@id\":\"https:\/\/cleitonpinheiro.com.br\/site\/ministerio-publico-eleitoral-pede-cassacao-dos-mandatos-do-prefeito-e-vice-de-goiatins\/#breadcrumb\"},\"inLanguage\":\"pt-BR\",\"potentialAction\":[{\"@type\":\"ReadAction\",\"target\":[\"https:\/\/cleitonpinheiro.com.br\/site\/ministerio-publico-eleitoral-pede-cassacao-dos-mandatos-do-prefeito-e-vice-de-goiatins\/\"]}]},{\"@type\":\"ImageObject\",\"inLanguage\":\"pt-BR\",\"@id\":\"https:\/\/cleitonpinheiro.com.br\/site\/ministerio-publico-eleitoral-pede-cassacao-dos-mandatos-do-prefeito-e-vice-de-goiatins\/#primaryimage\",\"url\":\"https:\/\/cleitonpinheiro.com.br\/site\/wp-content\/uploads\/2025\/07\/Entrada-da-cidade.png\",\"contentUrl\":\"https:\/\/cleitonpinheiro.com.br\/site\/wp-content\/uploads\/2025\/07\/Entrada-da-cidade.png\",\"width\":1108,\"height\":829},{\"@type\":\"BreadcrumbList\",\"@id\":\"https:\/\/cleitonpinheiro.com.br\/site\/ministerio-publico-eleitoral-pede-cassacao-dos-mandatos-do-prefeito-e-vice-de-goiatins\/#breadcrumb\",\"itemListElement\":[{\"@type\":\"ListItem\",\"position\":1,\"name\":\"In\u00edcio\",\"item\":\"https:\/\/cleitonpinheiro.com.br\/site\/\"},{\"@type\":\"ListItem\",\"position\":2,\"name\":\"Minist\u00e9rio P\u00fablico Eleitoral pede cassa\u00e7\u00e3o dos mandatos do prefeito e vice de Goiatins\"}]},{\"@type\":\"WebSite\",\"@id\":\"https:\/\/cleitonpinheiro.com.br\/site\/#website\",\"url\":\"https:\/\/cleitonpinheiro.com.br\/site\/\",\"name\":\"PORTAL DE NOT\u00cdCIAS CLEITON PINHEIRO\",\"description\":\"FALANDO A VERDADE\",\"publisher\":{\"@id\":\"https:\/\/cleitonpinheiro.com.br\/site\/#organization\"},\"potentialAction\":[{\"@type\":\"SearchAction\",\"target\":{\"@type\":\"EntryPoint\",\"urlTemplate\":\"https:\/\/cleitonpinheiro.com.br\/site\/?s={search_term_string}\"},\"query-input\":{\"@type\":\"PropertyValueSpecification\",\"valueRequired\":true,\"valueName\":\"search_term_string\"}}],\"inLanguage\":\"pt-BR\"},{\"@type\":\"Organization\",\"@id\":\"https:\/\/cleitonpinheiro.com.br\/site\/#organization\",\"name\":\"CPNOT\u00cdCIAS\",\"url\":\"https:\/\/cleitonpinheiro.com.br\/site\/\",\"logo\":{\"@type\":\"ImageObject\",\"inLanguage\":\"pt-BR\",\"@id\":\"https:\/\/cleitonpinheiro.com.br\/site\/#\/schema\/logo\/image\/\",\"url\":\"https:\/\/cleitonpinheiro.com.br\/site\/wp-content\/uploads\/2022\/08\/Logo-pequena-2.png\",\"contentUrl\":\"https:\/\/cleitonpinheiro.com.br\/site\/wp-content\/uploads\/2022\/08\/Logo-pequena-2.png\",\"width\":500,\"height\":500,\"caption\":\"CPNOT\u00cdCIAS\"},\"image\":{\"@id\":\"https:\/\/cleitonpinheiro.com.br\/site\/#\/schema\/logo\/image\/\"},\"sameAs\":[\"https:\/\/www.facebook.com\/portalcpnoticias\/\"]},{\"@type\":\"Person\",\"@id\":\"https:\/\/cleitonpinheiro.com.br\/site\/#\/schema\/person\/8f04544e0bc40a1b68775b08360f87db\",\"name\":\"Reda\u00e7\u00e3o CP\",\"image\":{\"@type\":\"ImageObject\",\"inLanguage\":\"pt-BR\",\"@id\":\"https:\/\/cleitonpinheiro.com.br\/site\/#\/schema\/person\/image\/\",\"url\":\"https:\/\/secure.gravatar.com\/avatar\/0bcf19cb29fdc8fc588c490c7ae1b3e174dac268586a63fbe1d1893a0f9020cd?s=96&r=g\",\"contentUrl\":\"https:\/\/secure.gravatar.com\/avatar\/0bcf19cb29fdc8fc588c490c7ae1b3e174dac268586a63fbe1d1893a0f9020cd?s=96&r=g\",\"caption\":\"Reda\u00e7\u00e3o CP\"},\"url\":\"https:\/\/cleitonpinheiro.com.br\/site\/author\/redacao\/\"}]}<\/script>\n<!-- \/ Yoast SEO plugin. -->","yoast_head_json":{"title":"Minist\u00e9rio P\u00fablico Eleitoral pede cassa\u00e7\u00e3o dos mandatos do prefeito e vice de Goiatins - PORTAL DE NOT\u00cdCIAS CLEITON PINHEIRO","robots":{"index":"index","follow":"follow","max-snippet":"max-snippet:-1","max-image-preview":"max-image-preview:large","max-video-preview":"max-video-preview:-1"},"canonical":"https:\/\/cleitonpinheiro.com.br\/site\/ministerio-publico-eleitoral-pede-cassacao-dos-mandatos-do-prefeito-e-vice-de-goiatins\/","og_locale":"pt_BR","og_type":"article","og_title":"Minist\u00e9rio P\u00fablico Eleitoral pede cassa\u00e7\u00e3o dos mandatos do prefeito e vice de Goiatins - PORTAL DE NOT\u00cdCIAS CLEITON PINHEIRO","og_description":"O Minist\u00e9rio P\u00fablico do Tocantins (MPTO), por meio da Promotoria Eleitoral que atua junto \u00e0 32\u00aa Zona Eleitoral de Goiatins, manifestou-se pela cassa\u00e7\u00e3o dos diplomas do prefeito reeleito de Goiatins, Manoel Natalino Pereira Soares, e de seu vice, Jos\u00e9 Am\u00e9rico Aquino Sousa Filho. Em parecer protocolado na sexta-feira, 25, a promotora eleitoral Jeniffer Medrado Ribeiro [&hellip;]","og_url":"https:\/\/cleitonpinheiro.com.br\/site\/ministerio-publico-eleitoral-pede-cassacao-dos-mandatos-do-prefeito-e-vice-de-goiatins\/","og_site_name":"PORTAL DE NOT\u00cdCIAS CLEITON PINHEIRO","article_publisher":"https:\/\/www.facebook.com\/portalcpnoticias\/","article_published_time":"2025-07-28T21:23:37+00:00","article_modified_time":"2025-07-28T21:23:42+00:00","og_image":[{"width":1108,"height":829,"url":"https:\/\/cleitonpinheiro.com.br\/site\/wp-content\/uploads\/2025\/07\/Entrada-da-cidade.png","type":"image\/png"}],"author":"Reda\u00e7\u00e3o CP","twitter_card":"summary_large_image","twitter_misc":{"Escrito por":"Reda\u00e7\u00e3o CP","Est. tempo de leitura":"3 minutos"},"schema":{"@context":"https:\/\/schema.org","@graph":[{"@type":"Article","@id":"https:\/\/cleitonpinheiro.com.br\/site\/ministerio-publico-eleitoral-pede-cassacao-dos-mandatos-do-prefeito-e-vice-de-goiatins\/#article","isPartOf":{"@id":"https:\/\/cleitonpinheiro.com.br\/site\/ministerio-publico-eleitoral-pede-cassacao-dos-mandatos-do-prefeito-e-vice-de-goiatins\/"},"author":{"name":"Reda\u00e7\u00e3o CP","@id":"https:\/\/cleitonpinheiro.com.br\/site\/#\/schema\/person\/8f04544e0bc40a1b68775b08360f87db"},"headline":"Minist\u00e9rio P\u00fablico Eleitoral pede cassa\u00e7\u00e3o dos mandatos do prefeito e vice de Goiatins","datePublished":"2025-07-28T21:23:37+00:00","dateModified":"2025-07-28T21:23:42+00:00","mainEntityOfPage":{"@id":"https:\/\/cleitonpinheiro.com.br\/site\/ministerio-publico-eleitoral-pede-cassacao-dos-mandatos-do-prefeito-e-vice-de-goiatins\/"},"wordCount":483,"commentCount":0,"publisher":{"@id":"https:\/\/cleitonpinheiro.com.br\/site\/#organization"},"image":{"@id":"https:\/\/cleitonpinheiro.com.br\/site\/ministerio-publico-eleitoral-pede-cassacao-dos-mandatos-do-prefeito-e-vice-de-goiatins\/#primaryimage"},"thumbnailUrl":"https:\/\/cleitonpinheiro.com.br\/site\/wp-content\/uploads\/2025\/07\/Entrada-da-cidade.png","articleSection":["MANCHETE SEGUND\u00c1RIA","POL\u00cdTICA","TODAS NOTICIAS"],"inLanguage":"pt-BR","potentialAction":[{"@type":"CommentAction","name":"Comment","target":["https:\/\/cleitonpinheiro.com.br\/site\/ministerio-publico-eleitoral-pede-cassacao-dos-mandatos-do-prefeito-e-vice-de-goiatins\/#respond"]}]},{"@type":"WebPage","@id":"https:\/\/cleitonpinheiro.com.br\/site\/ministerio-publico-eleitoral-pede-cassacao-dos-mandatos-do-prefeito-e-vice-de-goiatins\/","url":"https:\/\/cleitonpinheiro.com.br\/site\/ministerio-publico-eleitoral-pede-cassacao-dos-mandatos-do-prefeito-e-vice-de-goiatins\/","name":"Minist\u00e9rio P\u00fablico Eleitoral pede cassa\u00e7\u00e3o dos mandatos do prefeito e vice de Goiatins - PORTAL DE NOT\u00cdCIAS CLEITON PINHEIRO","isPartOf":{"@id":"https:\/\/cleitonpinheiro.com.br\/site\/#website"},"primaryImageOfPage":{"@id":"https:\/\/cleitonpinheiro.com.br\/site\/ministerio-publico-eleitoral-pede-cassacao-dos-mandatos-do-prefeito-e-vice-de-goiatins\/#primaryimage"},"image":{"@id":"https:\/\/cleitonpinheiro.com.br\/site\/ministerio-publico-eleitoral-pede-cassacao-dos-mandatos-do-prefeito-e-vice-de-goiatins\/#primaryimage"},"thumbnailUrl":"https:\/\/cleitonpinheiro.com.br\/site\/wp-content\/uploads\/2025\/07\/Entrada-da-cidade.png","datePublished":"2025-07-28T21:23:37+00:00","dateModified":"2025-07-28T21:23:42+00:00","breadcrumb":{"@id":"https:\/\/cleitonpinheiro.com.br\/site\/ministerio-publico-eleitoral-pede-cassacao-dos-mandatos-do-prefeito-e-vice-de-goiatins\/#breadcrumb"},"inLanguage":"pt-BR","potentialAction":[{"@type":"ReadAction","target":["https:\/\/cleitonpinheiro.com.br\/site\/ministerio-publico-eleitoral-pede-cassacao-dos-mandatos-do-prefeito-e-vice-de-goiatins\/"]}]},{"@type":"ImageObject","inLanguage":"pt-BR","@id":"https:\/\/cleitonpinheiro.com.br\/site\/ministerio-publico-eleitoral-pede-cassacao-dos-mandatos-do-prefeito-e-vice-de-goiatins\/#primaryimage","url":"https:\/\/cleitonpinheiro.com.br\/site\/wp-content\/uploads\/2025\/07\/Entrada-da-cidade.png","contentUrl":"https:\/\/cleitonpinheiro.com.br\/site\/wp-content\/uploads\/2025\/07\/Entrada-da-cidade.png","width":1108,"height":829},{"@type":"BreadcrumbList","@id":"https:\/\/cleitonpinheiro.com.br\/site\/ministerio-publico-eleitoral-pede-cassacao-dos-mandatos-do-prefeito-e-vice-de-goiatins\/#breadcrumb","itemListElement":[{"@type":"ListItem","position":1,"name":"In\u00edcio","item":"https:\/\/cleitonpinheiro.com.br\/site\/"},{"@type":"ListItem","position":2,"name":"Minist\u00e9rio P\u00fablico Eleitoral pede cassa\u00e7\u00e3o dos mandatos do prefeito e vice de Goiatins"}]},{"@type":"WebSite","@id":"https:\/\/cleitonpinheiro.com.br\/site\/#website","url":"https:\/\/cleitonpinheiro.com.br\/site\/","name":"PORTAL DE NOT\u00cdCIAS CLEITON PINHEIRO","description":"FALANDO A VERDADE","publisher":{"@id":"https:\/\/cleitonpinheiro.com.br\/site\/#organization"},"potentialAction":[{"@type":"SearchAction","target":{"@type":"EntryPoint","urlTemplate":"https:\/\/cleitonpinheiro.com.br\/site\/?s={search_term_string}"},"query-input":{"@type":"PropertyValueSpecification","valueRequired":true,"valueName":"search_term_string"}}],"inLanguage":"pt-BR"},{"@type":"Organization","@id":"https:\/\/cleitonpinheiro.com.br\/site\/#organization","name":"CPNOT\u00cdCIAS","url":"https:\/\/cleitonpinheiro.com.br\/site\/","logo":{"@type":"ImageObject","inLanguage":"pt-BR","@id":"https:\/\/cleitonpinheiro.com.br\/site\/#\/schema\/logo\/image\/","url":"https:\/\/cleitonpinheiro.com.br\/site\/wp-content\/uploads\/2022\/08\/Logo-pequena-2.png","contentUrl":"https:\/\/cleitonpinheiro.com.br\/site\/wp-content\/uploads\/2022\/08\/Logo-pequena-2.png","width":500,"height":500,"caption":"CPNOT\u00cdCIAS"},"image":{"@id":"https:\/\/cleitonpinheiro.com.br\/site\/#\/schema\/logo\/image\/"},"sameAs":["https:\/\/www.facebook.com\/portalcpnoticias\/"]},{"@type":"Person","@id":"https:\/\/cleitonpinheiro.com.br\/site\/#\/schema\/person\/8f04544e0bc40a1b68775b08360f87db","name":"Reda\u00e7\u00e3o CP","image":{"@type":"ImageObject","inLanguage":"pt-BR","@id":"https:\/\/cleitonpinheiro.com.br\/site\/#\/schema\/person\/image\/","url":"https:\/\/secure.gravatar.com\/avatar\/0bcf19cb29fdc8fc588c490c7ae1b3e174dac268586a63fbe1d1893a0f9020cd?s=96&r=g","contentUrl":"https:\/\/secure.gravatar.com\/avatar\/0bcf19cb29fdc8fc588c490c7ae1b3e174dac268586a63fbe1d1893a0f9020cd?s=96&r=g","caption":"Reda\u00e7\u00e3o CP"},"url":"https:\/\/cleitonpinheiro.com.br\/site\/author\/redacao\/"}]}},"views":135,"_links":{"self":[{"href":"https:\/\/cleitonpinheiro.com.br\/site\/wp-json\/wp\/v2\/posts\/86423","targetHints":{"allow":["GET"]}}],"collection":[{"href":"https:\/\/cleitonpinheiro.com.br\/site\/wp-json\/wp\/v2\/posts"}],"about":[{"href":"https:\/\/cleitonpinheiro.com.br\/site\/wp-json\/wp\/v2\/types\/post"}],"author":[{"embeddable":true,"href":"https:\/\/cleitonpinheiro.com.br\/site\/wp-json\/wp\/v2\/users\/13"}],"replies":[{"embeddable":true,"href":"https:\/\/cleitonpinheiro.com.br\/site\/wp-json\/wp\/v2\/comments?post=86423"}],"version-history":[{"count":1,"href":"https:\/\/cleitonpinheiro.com.br\/site\/wp-json\/wp\/v2\/posts\/86423\/revisions"}],"predecessor-version":[{"id":86426,"href":"https:\/\/cleitonpinheiro.com.br\/site\/wp-json\/wp\/v2\/posts\/86423\/revisions\/86426"}],"wp:featuredmedia":[{"embeddable":true,"href":"https:\/\/cleitonpinheiro.com.br\/site\/wp-json\/wp\/v2\/media\/86425"}],"wp:attachment":[{"href":"https:\/\/cleitonpinheiro.com.br\/site\/wp-json\/wp\/v2\/media?parent=86423"}],"wp:term":[{"taxonomy":"category","embeddable":true,"href":"https:\/\/cleitonpinheiro.com.br\/site\/wp-json\/wp\/v2\/categories?post=86423"},{"taxonomy":"post_tag","embeddable":true,"href":"https:\/\/cleitonpinheiro.com.br\/site\/wp-json\/wp\/v2\/tags?post=86423"}],"curies":[{"name":"wp","href":"https:\/\/api.w.org\/{rel}","templated":true}]}}