{"id":86439,"date":"2025-07-31T11:01:56","date_gmt":"2025-07-31T14:01:56","guid":{"rendered":"https:\/\/cleitonpinheiro.com.br\/site\/?p=86439"},"modified":"2025-08-01T15:26:19","modified_gmt":"2025-08-01T18:26:19","slug":"ajusp-to-alerta-associados-sobre-envio-de-documentacao-para-as-acoes-judiciais-em-andamento","status":"publish","type":"post","link":"https:\/\/cleitonpinheiro.com.br\/site\/ajusp-to-alerta-associados-sobre-envio-de-documentacao-para-as-acoes-judiciais-em-andamento\/","title":{"rendered":"Ajusp-TO alerta associados sobre envio de documenta\u00e7\u00e3o para as a\u00e7\u00f5es judiciais em andamento"},"content":{"rendered":"\n<figure class=\"wp-block-image size-large\"><img decoding=\"async\" src=\"https:\/\/cleitonpinheiro.com.br\/site\/wp-content\/uploads\/2024\/12\/luta-ajusp-1024x1024.png\" alt=\"\" class=\"wp-image-83529\"\/><\/figure>\n\n\n\n<p>Associado (a), voc\u00ea sabia que a Associa\u00e7\u00e3o de Assist\u00eancia Jur\u00eddica dos Servidores P\u00fablicos no Estado do Tocantins (AJUSP-TO) tem diversas A\u00e7\u00f5es Judiciais em andamento, sejam individuais ou coletivas, em busca de garantir os direitos da categoria? A AJUSP-TO nasceu com o objetivo de trabalhar forte na defesa e no cumprimento dos direitos dos associados, prestando assist\u00eancia jur\u00eddica de qualidade, e garantindo que direitos individuais e\/ou coletivos n\u00e3o sejam violados.<\/p>\n\n\n\n<p>Nesse sentido, \u00e9 importante que o associado saiba quais s\u00e3o as principais a\u00e7\u00f5es judiciais em andamento e verifique se j\u00e1 enviou a documenta\u00e7\u00e3o para a AJUSP-TO, se est\u00e1 inclu\u00eddo no rol de servidores que ser\u00e3o beneficiados logo que sair a decis\u00e3o da Justi\u00e7a. Confira:<\/p>\n\n\n\n<ul class=\"wp-block-list\">\n<li><strong>JUROS E CORRE\u00c7\u00c3O MONET\u00c1RIA DOS RETROATIVOS (PASSIVOS) DAS PROGRESS\u00d5ES E DATA-BASE:<\/strong>Os passivos s\u00e3o os valores gerados pelo n\u00e3o pagamento do direito do servidor p\u00fablico, no per\u00edodo determinado pela lei. Quando isso acontece, at\u00e9 que haja o pagamento, v\u00e3o sendo gerados valores retroativos que precisam ser pagos. Foi o que aconteceu com as datas-bases de 2019 a 2021 e tamb\u00e9m com as progress\u00f5es de 2014 a 2023, que foram objeto de acordo e est\u00e3o sendo pagos de forma parcelada pelo Governo do Tocantins. Ocorre que, no c\u00e1lculo feito pelo Governo, n\u00e3o foram considerados os juros e nem a corre\u00e7\u00e3o monet\u00e1ria. Por isso, a AJUSP-TO est\u00e1 ingressando na Justi\u00e7a para garantir que o servidor receba o seu direito;<\/li>\n<\/ul>\n\n\n\n<ul class=\"wp-block-list\">\n<li><strong>RETROATIVOS DOS 25% NO PER\u00cdDO DE 2008 A 2012:<\/strong>\u00a0Sobre o reajuste de 25%, cabe lembrar que, em 08 de fevereiro de 2023, a ADI 4013 transitou em julgado no Supremo Tribunal Federal (STF), e reconheceu como leg\u00edtimo o direito dos servidores p\u00fablicos do Quadro Geral e dos Profissionais da Sa\u00fade aos<strong>\u00a025%.<\/strong>\u00a0Ocorre que, at\u00e9 o presente momento, o Governo do Tocantins n\u00e3o cumpriu a decis\u00e3o do STF e n\u00e3o implementou o direito aos 25% no contracheque do servidor p\u00fablico.\u00a0A A\u00e7\u00e3o Judicial mencionada aqui se refere somente aos RETROATIVOS de 2008 a 2012 e \u00e9 diferente da A\u00e7\u00e3o Coletiva de implanta\u00e7\u00e3o do Reajuste de 25%, ou seja, implanta\u00e7\u00e3o do direito no contracheque do servidor.<\/li>\n<\/ul>\n\n\n\n<ul class=\"wp-block-list\">\n<li><strong>DIFEREN\u00c7A DE 1,15% DA DATA-BASE 2025:<\/strong>\u00a0A\u00e7\u00e3o Coletiva com Pedido de Repara\u00e7\u00e3o de Perda Salarial Real (1,15%), referente \u00e0 Data-base 2025, dos servidores p\u00fablicos do Poder Executivo Estadual. Em 13 de maio de 2025, o Estado do Tocantins editou a Lei n\u00ba 4.671, concedendo a revis\u00e3o geral anual (data-base) com percentual de 4,17%. Ocorre que o INPC apurado no per\u00edodo entre outubro de 2024 e abril de 2025 gerou um percentual de 5,32%, conforme dados oficiais do IBGE. O que a AJUSP-TO verificou \u00e9 que o Governo do Tocantins utilizou, na hora de fechar o \u00edndice da Data-base 2025, o m\u00eas de refer\u00eancia de Janeiro de 2025, quando devia ter utilizado o de Abril de 2025. Esse pagamento parcial gera uma perda real de 1,15% nos vencimentos dos servidores.<\/li>\n<\/ul>\n\n\n\n<p><strong>DOCUMENTA\u00c7\u00c3O<\/strong><\/p>\n\n\n\n<p>Cada a\u00e7\u00e3o judicial, exige uma documenta\u00e7\u00e3o espec\u00edfica que o associado precisa organizar e enviar assinada para a AJUSP-TO. Por isso, em caso de d\u00favidas, entre em contato com nossa equipe de atendimento para verificar quais s\u00e3o os documentos necess\u00e1rios para a A\u00e7\u00e3o Judicial que voc\u00ea deseja ingressar.<\/p>\n\n\n\n<p>Cabe lembrar ainda que, alguns direitos prescrevem com o tempo, ou seja, h\u00e1 a perda do direito de acionar judicialmente, devido ao tempo transcorrido. Por isso, o associado precisa estar atento aos informes da AJUSP-TO para n\u00e3o perder os prazos legais.<\/p>\n\n\n\n<p>Contatos da AJUSP-TO: whatsapp (63) 92252-4313 ou e-mail:&nbsp;<a href=\"mailto:atendimento.ajusp.to@gmail.com\">atendimento.ajusp.to@gmail.com<\/a>.&nbsp;<em>(Assessoria de Comunica\u00e7\u00e3o AJUSP-TO)<\/em><\/p>\n","protected":false},"excerpt":{"rendered":"<p>Associado (a), voc\u00ea sabia que a Associa\u00e7\u00e3o de Assist\u00eancia Jur\u00eddica dos Servidores P\u00fablicos no Estado do Tocantins (AJUSP-TO) tem diversas A\u00e7\u00f5es Judiciais em andamento, sejam individuais ou coletivas, em busca de garantir os direitos da categoria? A AJUSP-TO nasceu com o objetivo de trabalhar forte na defesa e no cumprimento dos direitos dos associados, prestando [&hellip;]<\/p>\n","protected":false},"author":13,"featured_media":0,"comment_status":"open","ping_status":"open","sticky":false,"template":"","format":"standard","meta":{"_acf_changed":false,"footnotes":""},"categories":[25,898,21],"tags":[],"class_list":["post-86439","post","type-post","status-publish","format-standard","hentry","category-funcionalismo","category-manchete-segundaria","category-todas-noticias"],"acf":[],"yoast_head":"<!-- This site is optimized with the Yoast SEO plugin v24.4 - https:\/\/yoast.com\/wordpress\/plugins\/seo\/ -->\n<title>Ajusp-TO alerta associados sobre envio de documenta\u00e7\u00e3o para as a\u00e7\u00f5es judiciais em andamento - PORTAL DE NOT\u00cdCIAS CLEITON PINHEIRO<\/title>\n<meta name=\"robots\" content=\"index, follow, max-snippet:-1, max-image-preview:large, max-video-preview:-1\" \/>\n<link rel=\"canonical\" href=\"https:\/\/cleitonpinheiro.com.br\/site\/ajusp-to-alerta-associados-sobre-envio-de-documentacao-para-as-acoes-judiciais-em-andamento\/\" \/>\n<meta property=\"og:locale\" content=\"pt_BR\" \/>\n<meta property=\"og:type\" content=\"article\" \/>\n<meta property=\"og:title\" content=\"Ajusp-TO alerta associados sobre envio de documenta\u00e7\u00e3o para as a\u00e7\u00f5es judiciais em andamento - PORTAL DE NOT\u00cdCIAS CLEITON PINHEIRO\" \/>\n<meta property=\"og:description\" content=\"Associado (a), voc\u00ea sabia que a Associa\u00e7\u00e3o de Assist\u00eancia Jur\u00eddica dos Servidores P\u00fablicos no Estado do Tocantins (AJUSP-TO) tem diversas A\u00e7\u00f5es Judiciais em andamento, sejam individuais ou coletivas, em busca de garantir os direitos da categoria? A AJUSP-TO nasceu com o objetivo de trabalhar forte na defesa e no cumprimento dos direitos dos associados, prestando [&hellip;]\" \/>\n<meta property=\"og:url\" content=\"https:\/\/cleitonpinheiro.com.br\/site\/ajusp-to-alerta-associados-sobre-envio-de-documentacao-para-as-acoes-judiciais-em-andamento\/\" \/>\n<meta property=\"og:site_name\" content=\"PORTAL DE NOT\u00cdCIAS CLEITON PINHEIRO\" \/>\n<meta property=\"article:publisher\" content=\"https:\/\/www.facebook.com\/portalcpnoticias\/\" \/>\n<meta property=\"article:published_time\" content=\"2025-07-31T14:01:56+00:00\" \/>\n<meta property=\"article:modified_time\" content=\"2025-08-01T18:26:19+00:00\" \/>\n<meta property=\"og:image\" content=\"https:\/\/cleitonpinheiro.com.br\/site\/wp-content\/uploads\/2024\/12\/luta-ajusp.png\" \/>\n\t<meta property=\"og:image:width\" content=\"1080\" \/>\n\t<meta property=\"og:image:height\" content=\"1080\" \/>\n\t<meta property=\"og:image:type\" content=\"image\/png\" \/>\n<meta name=\"author\" content=\"Reda\u00e7\u00e3o CP\" \/>\n<meta name=\"twitter:card\" content=\"summary_large_image\" \/>\n<meta name=\"twitter:label1\" content=\"Escrito por\" \/>\n\t<meta name=\"twitter:data1\" content=\"Reda\u00e7\u00e3o CP\" \/>\n\t<meta name=\"twitter:label2\" content=\"Est. tempo de leitura\" \/>\n\t<meta name=\"twitter:data2\" content=\"4 minutos\" \/>\n<script type=\"application\/ld+json\" class=\"yoast-schema-graph\">{\"@context\":\"https:\/\/schema.org\",\"@graph\":[{\"@type\":\"Article\",\"@id\":\"https:\/\/cleitonpinheiro.com.br\/site\/ajusp-to-alerta-associados-sobre-envio-de-documentacao-para-as-acoes-judiciais-em-andamento\/#article\",\"isPartOf\":{\"@id\":\"https:\/\/cleitonpinheiro.com.br\/site\/ajusp-to-alerta-associados-sobre-envio-de-documentacao-para-as-acoes-judiciais-em-andamento\/\"},\"author\":{\"name\":\"Reda\u00e7\u00e3o CP\",\"@id\":\"https:\/\/cleitonpinheiro.com.br\/site\/#\/schema\/person\/8f04544e0bc40a1b68775b08360f87db\"},\"headline\":\"Ajusp-TO alerta associados sobre envio de documenta\u00e7\u00e3o para as a\u00e7\u00f5es judiciais em andamento\",\"datePublished\":\"2025-07-31T14:01:56+00:00\",\"dateModified\":\"2025-08-01T18:26:19+00:00\",\"mainEntityOfPage\":{\"@id\":\"https:\/\/cleitonpinheiro.com.br\/site\/ajusp-to-alerta-associados-sobre-envio-de-documentacao-para-as-acoes-judiciais-em-andamento\/\"},\"wordCount\":624,\"commentCount\":0,\"publisher\":{\"@id\":\"https:\/\/cleitonpinheiro.com.br\/site\/#organization\"},\"image\":{\"@id\":\"https:\/\/cleitonpinheiro.com.br\/site\/ajusp-to-alerta-associados-sobre-envio-de-documentacao-para-as-acoes-judiciais-em-andamento\/#primaryimage\"},\"thumbnailUrl\":\"https:\/\/cleitonpinheiro.com.br\/site\/wp-content\/uploads\/2024\/12\/luta-ajusp-1024x1024.png\",\"articleSection\":[\"FUNCIONALISMO\",\"MANCHETE SEGUND\u00c1RIA\",\"TODAS NOTICIAS\"],\"inLanguage\":\"pt-BR\",\"potentialAction\":[{\"@type\":\"CommentAction\",\"name\":\"Comment\",\"target\":[\"https:\/\/cleitonpinheiro.com.br\/site\/ajusp-to-alerta-associados-sobre-envio-de-documentacao-para-as-acoes-judiciais-em-andamento\/#respond\"]}]},{\"@type\":\"WebPage\",\"@id\":\"https:\/\/cleitonpinheiro.com.br\/site\/ajusp-to-alerta-associados-sobre-envio-de-documentacao-para-as-acoes-judiciais-em-andamento\/\",\"url\":\"https:\/\/cleitonpinheiro.com.br\/site\/ajusp-to-alerta-associados-sobre-envio-de-documentacao-para-as-acoes-judiciais-em-andamento\/\",\"name\":\"Ajusp-TO alerta associados sobre envio de documenta\u00e7\u00e3o para as a\u00e7\u00f5es judiciais em andamento - PORTAL DE NOT\u00cdCIAS CLEITON PINHEIRO\",\"isPartOf\":{\"@id\":\"https:\/\/cleitonpinheiro.com.br\/site\/#website\"},\"primaryImageOfPage\":{\"@id\":\"https:\/\/cleitonpinheiro.com.br\/site\/ajusp-to-alerta-associados-sobre-envio-de-documentacao-para-as-acoes-judiciais-em-andamento\/#primaryimage\"},\"image\":{\"@id\":\"https:\/\/cleitonpinheiro.com.br\/site\/ajusp-to-alerta-associados-sobre-envio-de-documentacao-para-as-acoes-judiciais-em-andamento\/#primaryimage\"},\"thumbnailUrl\":\"https:\/\/cleitonpinheiro.com.br\/site\/wp-content\/uploads\/2024\/12\/luta-ajusp-1024x1024.png\",\"datePublished\":\"2025-07-31T14:01:56+00:00\",\"dateModified\":\"2025-08-01T18:26:19+00:00\",\"breadcrumb\":{\"@id\":\"https:\/\/cleitonpinheiro.com.br\/site\/ajusp-to-alerta-associados-sobre-envio-de-documentacao-para-as-acoes-judiciais-em-andamento\/#breadcrumb\"},\"inLanguage\":\"pt-BR\",\"potentialAction\":[{\"@type\":\"ReadAction\",\"target\":[\"https:\/\/cleitonpinheiro.com.br\/site\/ajusp-to-alerta-associados-sobre-envio-de-documentacao-para-as-acoes-judiciais-em-andamento\/\"]}]},{\"@type\":\"ImageObject\",\"inLanguage\":\"pt-BR\",\"@id\":\"https:\/\/cleitonpinheiro.com.br\/site\/ajusp-to-alerta-associados-sobre-envio-de-documentacao-para-as-acoes-judiciais-em-andamento\/#primaryimage\",\"url\":\"\",\"contentUrl\":\"\"},{\"@type\":\"BreadcrumbList\",\"@id\":\"https:\/\/cleitonpinheiro.com.br\/site\/ajusp-to-alerta-associados-sobre-envio-de-documentacao-para-as-acoes-judiciais-em-andamento\/#breadcrumb\",\"itemListElement\":[{\"@type\":\"ListItem\",\"position\":1,\"name\":\"In\u00edcio\",\"item\":\"https:\/\/cleitonpinheiro.com.br\/site\/\"},{\"@type\":\"ListItem\",\"position\":2,\"name\":\"Ajusp-TO alerta associados sobre envio de documenta\u00e7\u00e3o para as a\u00e7\u00f5es judiciais em andamento\"}]},{\"@type\":\"WebSite\",\"@id\":\"https:\/\/cleitonpinheiro.com.br\/site\/#website\",\"url\":\"https:\/\/cleitonpinheiro.com.br\/site\/\",\"name\":\"PORTAL DE NOT\u00cdCIAS CLEITON PINHEIRO\",\"description\":\"FALANDO A VERDADE\",\"publisher\":{\"@id\":\"https:\/\/cleitonpinheiro.com.br\/site\/#organization\"},\"potentialAction\":[{\"@type\":\"SearchAction\",\"target\":{\"@type\":\"EntryPoint\",\"urlTemplate\":\"https:\/\/cleitonpinheiro.com.br\/site\/?s={search_term_string}\"},\"query-input\":{\"@type\":\"PropertyValueSpecification\",\"valueRequired\":true,\"valueName\":\"search_term_string\"}}],\"inLanguage\":\"pt-BR\"},{\"@type\":\"Organization\",\"@id\":\"https:\/\/cleitonpinheiro.com.br\/site\/#organization\",\"name\":\"CPNOT\u00cdCIAS\",\"url\":\"https:\/\/cleitonpinheiro.com.br\/site\/\",\"logo\":{\"@type\":\"ImageObject\",\"inLanguage\":\"pt-BR\",\"@id\":\"https:\/\/cleitonpinheiro.com.br\/site\/#\/schema\/logo\/image\/\",\"url\":\"https:\/\/cleitonpinheiro.com.br\/site\/wp-content\/uploads\/2022\/08\/Logo-pequena-2.png\",\"contentUrl\":\"https:\/\/cleitonpinheiro.com.br\/site\/wp-content\/uploads\/2022\/08\/Logo-pequena-2.png\",\"width\":500,\"height\":500,\"caption\":\"CPNOT\u00cdCIAS\"},\"image\":{\"@id\":\"https:\/\/cleitonpinheiro.com.br\/site\/#\/schema\/logo\/image\/\"},\"sameAs\":[\"https:\/\/www.facebook.com\/portalcpnoticias\/\"]},{\"@type\":\"Person\",\"@id\":\"https:\/\/cleitonpinheiro.com.br\/site\/#\/schema\/person\/8f04544e0bc40a1b68775b08360f87db\",\"name\":\"Reda\u00e7\u00e3o CP\",\"image\":{\"@type\":\"ImageObject\",\"inLanguage\":\"pt-BR\",\"@id\":\"https:\/\/cleitonpinheiro.com.br\/site\/#\/schema\/person\/image\/\",\"url\":\"https:\/\/secure.gravatar.com\/avatar\/0bcf19cb29fdc8fc588c490c7ae1b3e174dac268586a63fbe1d1893a0f9020cd?s=96&r=g\",\"contentUrl\":\"https:\/\/secure.gravatar.com\/avatar\/0bcf19cb29fdc8fc588c490c7ae1b3e174dac268586a63fbe1d1893a0f9020cd?s=96&r=g\",\"caption\":\"Reda\u00e7\u00e3o CP\"},\"url\":\"https:\/\/cleitonpinheiro.com.br\/site\/author\/redacao\/\"}]}<\/script>\n<!-- \/ Yoast SEO plugin. -->","yoast_head_json":{"title":"Ajusp-TO alerta associados sobre envio de documenta\u00e7\u00e3o para as a\u00e7\u00f5es judiciais em andamento - PORTAL DE NOT\u00cdCIAS CLEITON PINHEIRO","robots":{"index":"index","follow":"follow","max-snippet":"max-snippet:-1","max-image-preview":"max-image-preview:large","max-video-preview":"max-video-preview:-1"},"canonical":"https:\/\/cleitonpinheiro.com.br\/site\/ajusp-to-alerta-associados-sobre-envio-de-documentacao-para-as-acoes-judiciais-em-andamento\/","og_locale":"pt_BR","og_type":"article","og_title":"Ajusp-TO alerta associados sobre envio de documenta\u00e7\u00e3o para as a\u00e7\u00f5es judiciais em andamento - PORTAL DE NOT\u00cdCIAS CLEITON PINHEIRO","og_description":"Associado (a), voc\u00ea sabia que a Associa\u00e7\u00e3o de Assist\u00eancia Jur\u00eddica dos Servidores P\u00fablicos no Estado do Tocantins (AJUSP-TO) tem diversas A\u00e7\u00f5es Judiciais em andamento, sejam individuais ou coletivas, em busca de garantir os direitos da categoria? A AJUSP-TO nasceu com o objetivo de trabalhar forte na defesa e no cumprimento dos direitos dos associados, prestando [&hellip;]","og_url":"https:\/\/cleitonpinheiro.com.br\/site\/ajusp-to-alerta-associados-sobre-envio-de-documentacao-para-as-acoes-judiciais-em-andamento\/","og_site_name":"PORTAL DE NOT\u00cdCIAS CLEITON PINHEIRO","article_publisher":"https:\/\/www.facebook.com\/portalcpnoticias\/","article_published_time":"2025-07-31T14:01:56+00:00","article_modified_time":"2025-08-01T18:26:19+00:00","og_image":[{"width":1080,"height":1080,"url":"https:\/\/cleitonpinheiro.com.br\/site\/wp-content\/uploads\/2024\/12\/luta-ajusp.png","type":"image\/png"}],"author":"Reda\u00e7\u00e3o CP","twitter_card":"summary_large_image","twitter_misc":{"Escrito por":"Reda\u00e7\u00e3o CP","Est. tempo de leitura":"4 minutos"},"schema":{"@context":"https:\/\/schema.org","@graph":[{"@type":"Article","@id":"https:\/\/cleitonpinheiro.com.br\/site\/ajusp-to-alerta-associados-sobre-envio-de-documentacao-para-as-acoes-judiciais-em-andamento\/#article","isPartOf":{"@id":"https:\/\/cleitonpinheiro.com.br\/site\/ajusp-to-alerta-associados-sobre-envio-de-documentacao-para-as-acoes-judiciais-em-andamento\/"},"author":{"name":"Reda\u00e7\u00e3o CP","@id":"https:\/\/cleitonpinheiro.com.br\/site\/#\/schema\/person\/8f04544e0bc40a1b68775b08360f87db"},"headline":"Ajusp-TO alerta associados sobre envio de documenta\u00e7\u00e3o para as a\u00e7\u00f5es judiciais em andamento","datePublished":"2025-07-31T14:01:56+00:00","dateModified":"2025-08-01T18:26:19+00:00","mainEntityOfPage":{"@id":"https:\/\/cleitonpinheiro.com.br\/site\/ajusp-to-alerta-associados-sobre-envio-de-documentacao-para-as-acoes-judiciais-em-andamento\/"},"wordCount":624,"commentCount":0,"publisher":{"@id":"https:\/\/cleitonpinheiro.com.br\/site\/#organization"},"image":{"@id":"https:\/\/cleitonpinheiro.com.br\/site\/ajusp-to-alerta-associados-sobre-envio-de-documentacao-para-as-acoes-judiciais-em-andamento\/#primaryimage"},"thumbnailUrl":"https:\/\/cleitonpinheiro.com.br\/site\/wp-content\/uploads\/2024\/12\/luta-ajusp-1024x1024.png","articleSection":["FUNCIONALISMO","MANCHETE SEGUND\u00c1RIA","TODAS NOTICIAS"],"inLanguage":"pt-BR","potentialAction":[{"@type":"CommentAction","name":"Comment","target":["https:\/\/cleitonpinheiro.com.br\/site\/ajusp-to-alerta-associados-sobre-envio-de-documentacao-para-as-acoes-judiciais-em-andamento\/#respond"]}]},{"@type":"WebPage","@id":"https:\/\/cleitonpinheiro.com.br\/site\/ajusp-to-alerta-associados-sobre-envio-de-documentacao-para-as-acoes-judiciais-em-andamento\/","url":"https:\/\/cleitonpinheiro.com.br\/site\/ajusp-to-alerta-associados-sobre-envio-de-documentacao-para-as-acoes-judiciais-em-andamento\/","name":"Ajusp-TO alerta associados sobre envio de documenta\u00e7\u00e3o para as a\u00e7\u00f5es judiciais em andamento - PORTAL DE NOT\u00cdCIAS CLEITON PINHEIRO","isPartOf":{"@id":"https:\/\/cleitonpinheiro.com.br\/site\/#website"},"primaryImageOfPage":{"@id":"https:\/\/cleitonpinheiro.com.br\/site\/ajusp-to-alerta-associados-sobre-envio-de-documentacao-para-as-acoes-judiciais-em-andamento\/#primaryimage"},"image":{"@id":"https:\/\/cleitonpinheiro.com.br\/site\/ajusp-to-alerta-associados-sobre-envio-de-documentacao-para-as-acoes-judiciais-em-andamento\/#primaryimage"},"thumbnailUrl":"https:\/\/cleitonpinheiro.com.br\/site\/wp-content\/uploads\/2024\/12\/luta-ajusp-1024x1024.png","datePublished":"2025-07-31T14:01:56+00:00","dateModified":"2025-08-01T18:26:19+00:00","breadcrumb":{"@id":"https:\/\/cleitonpinheiro.com.br\/site\/ajusp-to-alerta-associados-sobre-envio-de-documentacao-para-as-acoes-judiciais-em-andamento\/#breadcrumb"},"inLanguage":"pt-BR","potentialAction":[{"@type":"ReadAction","target":["https:\/\/cleitonpinheiro.com.br\/site\/ajusp-to-alerta-associados-sobre-envio-de-documentacao-para-as-acoes-judiciais-em-andamento\/"]}]},{"@type":"ImageObject","inLanguage":"pt-BR","@id":"https:\/\/cleitonpinheiro.com.br\/site\/ajusp-to-alerta-associados-sobre-envio-de-documentacao-para-as-acoes-judiciais-em-andamento\/#primaryimage","url":"","contentUrl":""},{"@type":"BreadcrumbList","@id":"https:\/\/cleitonpinheiro.com.br\/site\/ajusp-to-alerta-associados-sobre-envio-de-documentacao-para-as-acoes-judiciais-em-andamento\/#breadcrumb","itemListElement":[{"@type":"ListItem","position":1,"name":"In\u00edcio","item":"https:\/\/cleitonpinheiro.com.br\/site\/"},{"@type":"ListItem","position":2,"name":"Ajusp-TO alerta associados sobre envio de documenta\u00e7\u00e3o para as a\u00e7\u00f5es judiciais em andamento"}]},{"@type":"WebSite","@id":"https:\/\/cleitonpinheiro.com.br\/site\/#website","url":"https:\/\/cleitonpinheiro.com.br\/site\/","name":"PORTAL DE NOT\u00cdCIAS CLEITON PINHEIRO","description":"FALANDO A VERDADE","publisher":{"@id":"https:\/\/cleitonpinheiro.com.br\/site\/#organization"},"potentialAction":[{"@type":"SearchAction","target":{"@type":"EntryPoint","urlTemplate":"https:\/\/cleitonpinheiro.com.br\/site\/?s={search_term_string}"},"query-input":{"@type":"PropertyValueSpecification","valueRequired":true,"valueName":"search_term_string"}}],"inLanguage":"pt-BR"},{"@type":"Organization","@id":"https:\/\/cleitonpinheiro.com.br\/site\/#organization","name":"CPNOT\u00cdCIAS","url":"https:\/\/cleitonpinheiro.com.br\/site\/","logo":{"@type":"ImageObject","inLanguage":"pt-BR","@id":"https:\/\/cleitonpinheiro.com.br\/site\/#\/schema\/logo\/image\/","url":"https:\/\/cleitonpinheiro.com.br\/site\/wp-content\/uploads\/2022\/08\/Logo-pequena-2.png","contentUrl":"https:\/\/cleitonpinheiro.com.br\/site\/wp-content\/uploads\/2022\/08\/Logo-pequena-2.png","width":500,"height":500,"caption":"CPNOT\u00cdCIAS"},"image":{"@id":"https:\/\/cleitonpinheiro.com.br\/site\/#\/schema\/logo\/image\/"},"sameAs":["https:\/\/www.facebook.com\/portalcpnoticias\/"]},{"@type":"Person","@id":"https:\/\/cleitonpinheiro.com.br\/site\/#\/schema\/person\/8f04544e0bc40a1b68775b08360f87db","name":"Reda\u00e7\u00e3o CP","image":{"@type":"ImageObject","inLanguage":"pt-BR","@id":"https:\/\/cleitonpinheiro.com.br\/site\/#\/schema\/person\/image\/","url":"https:\/\/secure.gravatar.com\/avatar\/0bcf19cb29fdc8fc588c490c7ae1b3e174dac268586a63fbe1d1893a0f9020cd?s=96&r=g","contentUrl":"https:\/\/secure.gravatar.com\/avatar\/0bcf19cb29fdc8fc588c490c7ae1b3e174dac268586a63fbe1d1893a0f9020cd?s=96&r=g","caption":"Reda\u00e7\u00e3o CP"},"url":"https:\/\/cleitonpinheiro.com.br\/site\/author\/redacao\/"}]}},"views":211,"_links":{"self":[{"href":"https:\/\/cleitonpinheiro.com.br\/site\/wp-json\/wp\/v2\/posts\/86439","targetHints":{"allow":["GET"]}}],"collection":[{"href":"https:\/\/cleitonpinheiro.com.br\/site\/wp-json\/wp\/v2\/posts"}],"about":[{"href":"https:\/\/cleitonpinheiro.com.br\/site\/wp-json\/wp\/v2\/types\/post"}],"author":[{"embeddable":true,"href":"https:\/\/cleitonpinheiro.com.br\/site\/wp-json\/wp\/v2\/users\/13"}],"replies":[{"embeddable":true,"href":"https:\/\/cleitonpinheiro.com.br\/site\/wp-json\/wp\/v2\/comments?post=86439"}],"version-history":[{"count":1,"href":"https:\/\/cleitonpinheiro.com.br\/site\/wp-json\/wp\/v2\/posts\/86439\/revisions"}],"predecessor-version":[{"id":86440,"href":"https:\/\/cleitonpinheiro.com.br\/site\/wp-json\/wp\/v2\/posts\/86439\/revisions\/86440"}],"wp:attachment":[{"href":"https:\/\/cleitonpinheiro.com.br\/site\/wp-json\/wp\/v2\/media?parent=86439"}],"wp:term":[{"taxonomy":"category","embeddable":true,"href":"https:\/\/cleitonpinheiro.com.br\/site\/wp-json\/wp\/v2\/categories?post=86439"},{"taxonomy":"post_tag","embeddable":true,"href":"https:\/\/cleitonpinheiro.com.br\/site\/wp-json\/wp\/v2\/tags?post=86439"}],"curies":[{"name":"wp","href":"https:\/\/api.w.org\/{rel}","templated":true}]}}