{"id":86450,"date":"2025-07-30T15:48:32","date_gmt":"2025-07-30T18:48:32","guid":{"rendered":"https:\/\/cleitonpinheiro.com.br\/site\/?p=86450"},"modified":"2025-08-01T16:21:39","modified_gmt":"2025-08-01T19:21:39","slug":"nomeacao-de-supervisor-no-parque-do-cantao-gera-criticas-de-inspetores","status":"publish","type":"post","link":"https:\/\/cleitonpinheiro.com.br\/site\/nomeacao-de-supervisor-no-parque-do-cantao-gera-criticas-de-inspetores\/","title":{"rendered":"Nomea\u00e7\u00e3o de supervisor no Parque do Cant\u00e3o gera cr\u00edticas de inspetores"},"content":{"rendered":"\n<figure class=\"wp-block-image size-full\"><img fetchpriority=\"high\" decoding=\"async\" width=\"750\" height=\"499\" src=\"https:\/\/cleitonpinheiro.com.br\/site\/wp-content\/uploads\/2025\/08\/245729.jpeg\" alt=\"\" class=\"wp-image-86451\" srcset=\"https:\/\/cleitonpinheiro.com.br\/site\/wp-content\/uploads\/2025\/08\/245729.jpeg 750w, https:\/\/cleitonpinheiro.com.br\/site\/wp-content\/uploads\/2025\/08\/245729-300x200.jpeg 300w\" sizes=\"(max-width: 750px) 100vw, 750px\" \/><\/figure>\n\n\n\n<p>Uma nomea\u00e7\u00e3o pol\u00edtica para a supervis\u00e3o do Parque Estadual do Cant\u00e3o est\u00e1 gerando forte rea\u00e7\u00e3o dentro do Instituto Natureza do Tocantins (Naturatins). Inspetores de Recursos Naturais do \u00f3rg\u00e3o divulgaram uma nota de rep\u00fadio, argumentando que a troca de uma supervisora experiente por uma indica\u00e7\u00e3o pol\u00edtica sem qualifica\u00e7\u00e3o t\u00e9cnica representa um risco grave \u00e0 gest\u00e3o ambiental e \u00e0 credibilidade da institui\u00e7\u00e3o.<\/p>\n\n\n\n<p>A nota, assinada pelos inspetores, critica a substitui\u00e7\u00e3o de uma servidora com &#8220;experi\u00eancia t\u00e9cnica&#8221; e &#8220;hist\u00f3rico de atua\u00e7\u00e3o comprometida&#8221; por Cl\u00e9ber Pinto Cavalcante. O novo supervisor, conforme o documento, tem um hist\u00f3rico pol\u00edtico controverso e n\u00e3o possui experi\u00eancia comprovada em conserva\u00e7\u00e3o ambiental.<\/p>\n\n\n\n<p>O Parque Estadual do Cant\u00e3o \u00e9 uma \u00e1rea estrat\u00e9gica, com mais de 90 mil hectares, fundamental para a biodiversidade e os servi\u00e7os ambientais do Tocantins. A nomea\u00e7\u00e3o de um indiv\u00edduo sem preparo para gerir uma \u00e1rea t\u00e3o sens\u00edvel \u00e9 vista como um &#8220;precedente nocivo&#8221; que pode fragilizar a gest\u00e3o e abrir portas para &#8220;interfer\u00eancias indevidas&#8221;.<\/p>\n\n\n\n<p>Os inspetores exigem que a nomea\u00e7\u00e3o seja revista imediatamente e que um(a) servidor(a) qualificado(a) tecnicamente retorne ao cargo. A manifesta\u00e7\u00e3o destaca a import\u00e2ncia de que a gest\u00e3o de unidades de conserva\u00e7\u00e3o seja guiada por crit\u00e9rios t\u00e9cnicos e transparentes, e n\u00e3o por interesses pol\u00edticos.<\/p>\n","protected":false},"excerpt":{"rendered":"<p>Uma nomea\u00e7\u00e3o pol\u00edtica para a supervis\u00e3o do Parque Estadual do Cant\u00e3o est\u00e1 gerando forte rea\u00e7\u00e3o dentro do Instituto Natureza do Tocantins (Naturatins). Inspetores de Recursos Naturais do \u00f3rg\u00e3o divulgaram uma nota de rep\u00fadio, argumentando que a troca de uma supervisora experiente por uma indica\u00e7\u00e3o pol\u00edtica sem qualifica\u00e7\u00e3o t\u00e9cnica representa um risco grave \u00e0 gest\u00e3o ambiental [&hellip;]<\/p>\n","protected":false},"author":13,"featured_media":86451,"comment_status":"open","ping_status":"open","sticky":false,"template":"","format":"standard","meta":{"_acf_changed":false,"footnotes":""},"categories":[898,23,21],"tags":[],"class_list":["post-86450","post","type-post","status-publish","format-standard","has-post-thumbnail","hentry","category-manchete-segundaria","category-politica","category-todas-noticias"],"acf":[],"yoast_head":"<!-- This site is optimized with the Yoast SEO plugin v24.4 - https:\/\/yoast.com\/wordpress\/plugins\/seo\/ -->\n<title>Nomea\u00e7\u00e3o de supervisor no Parque do Cant\u00e3o gera cr\u00edticas de inspetores - PORTAL DE NOT\u00cdCIAS CLEITON PINHEIRO<\/title>\n<meta name=\"robots\" content=\"index, follow, max-snippet:-1, max-image-preview:large, max-video-preview:-1\" \/>\n<link rel=\"canonical\" href=\"https:\/\/cleitonpinheiro.com.br\/site\/nomeacao-de-supervisor-no-parque-do-cantao-gera-criticas-de-inspetores\/\" \/>\n<meta property=\"og:locale\" content=\"pt_BR\" \/>\n<meta property=\"og:type\" content=\"article\" \/>\n<meta property=\"og:title\" content=\"Nomea\u00e7\u00e3o de supervisor no Parque do Cant\u00e3o gera cr\u00edticas de inspetores - PORTAL DE NOT\u00cdCIAS CLEITON PINHEIRO\" \/>\n<meta property=\"og:description\" content=\"Uma nomea\u00e7\u00e3o pol\u00edtica para a supervis\u00e3o do Parque Estadual do Cant\u00e3o est\u00e1 gerando forte rea\u00e7\u00e3o dentro do Instituto Natureza do Tocantins (Naturatins). Inspetores de Recursos Naturais do \u00f3rg\u00e3o divulgaram uma nota de rep\u00fadio, argumentando que a troca de uma supervisora experiente por uma indica\u00e7\u00e3o pol\u00edtica sem qualifica\u00e7\u00e3o t\u00e9cnica representa um risco grave \u00e0 gest\u00e3o ambiental [&hellip;]\" \/>\n<meta property=\"og:url\" content=\"https:\/\/cleitonpinheiro.com.br\/site\/nomeacao-de-supervisor-no-parque-do-cantao-gera-criticas-de-inspetores\/\" \/>\n<meta property=\"og:site_name\" content=\"PORTAL DE NOT\u00cdCIAS CLEITON PINHEIRO\" \/>\n<meta property=\"article:publisher\" content=\"https:\/\/www.facebook.com\/portalcpnoticias\/\" \/>\n<meta property=\"article:published_time\" content=\"2025-07-30T18:48:32+00:00\" \/>\n<meta property=\"article:modified_time\" content=\"2025-08-01T19:21:39+00:00\" \/>\n<meta property=\"og:image\" content=\"https:\/\/cleitonpinheiro.com.br\/site\/wp-content\/uploads\/2025\/08\/245729.jpeg\" \/>\n\t<meta property=\"og:image:width\" content=\"750\" \/>\n\t<meta property=\"og:image:height\" content=\"499\" \/>\n\t<meta property=\"og:image:type\" content=\"image\/jpeg\" \/>\n<meta name=\"author\" content=\"Reda\u00e7\u00e3o CP\" \/>\n<meta name=\"twitter:card\" content=\"summary_large_image\" \/>\n<meta name=\"twitter:label1\" content=\"Escrito por\" \/>\n\t<meta name=\"twitter:data1\" content=\"Reda\u00e7\u00e3o CP\" \/>\n\t<meta name=\"twitter:label2\" content=\"Est. tempo de leitura\" \/>\n\t<meta name=\"twitter:data2\" content=\"2 minutos\" \/>\n<script type=\"application\/ld+json\" class=\"yoast-schema-graph\">{\"@context\":\"https:\/\/schema.org\",\"@graph\":[{\"@type\":\"Article\",\"@id\":\"https:\/\/cleitonpinheiro.com.br\/site\/nomeacao-de-supervisor-no-parque-do-cantao-gera-criticas-de-inspetores\/#article\",\"isPartOf\":{\"@id\":\"https:\/\/cleitonpinheiro.com.br\/site\/nomeacao-de-supervisor-no-parque-do-cantao-gera-criticas-de-inspetores\/\"},\"author\":{\"name\":\"Reda\u00e7\u00e3o CP\",\"@id\":\"https:\/\/cleitonpinheiro.com.br\/site\/#\/schema\/person\/8f04544e0bc40a1b68775b08360f87db\"},\"headline\":\"Nomea\u00e7\u00e3o de supervisor no Parque do Cant\u00e3o gera cr\u00edticas de inspetores\",\"datePublished\":\"2025-07-30T18:48:32+00:00\",\"dateModified\":\"2025-08-01T19:21:39+00:00\",\"mainEntityOfPage\":{\"@id\":\"https:\/\/cleitonpinheiro.com.br\/site\/nomeacao-de-supervisor-no-parque-do-cantao-gera-criticas-de-inspetores\/\"},\"wordCount\":254,\"commentCount\":0,\"publisher\":{\"@id\":\"https:\/\/cleitonpinheiro.com.br\/site\/#organization\"},\"image\":{\"@id\":\"https:\/\/cleitonpinheiro.com.br\/site\/nomeacao-de-supervisor-no-parque-do-cantao-gera-criticas-de-inspetores\/#primaryimage\"},\"thumbnailUrl\":\"https:\/\/cleitonpinheiro.com.br\/site\/wp-content\/uploads\/2025\/08\/245729.jpeg\",\"articleSection\":[\"MANCHETE SEGUND\u00c1RIA\",\"POL\u00cdTICA\",\"TODAS NOTICIAS\"],\"inLanguage\":\"pt-BR\",\"potentialAction\":[{\"@type\":\"CommentAction\",\"name\":\"Comment\",\"target\":[\"https:\/\/cleitonpinheiro.com.br\/site\/nomeacao-de-supervisor-no-parque-do-cantao-gera-criticas-de-inspetores\/#respond\"]}]},{\"@type\":\"WebPage\",\"@id\":\"https:\/\/cleitonpinheiro.com.br\/site\/nomeacao-de-supervisor-no-parque-do-cantao-gera-criticas-de-inspetores\/\",\"url\":\"https:\/\/cleitonpinheiro.com.br\/site\/nomeacao-de-supervisor-no-parque-do-cantao-gera-criticas-de-inspetores\/\",\"name\":\"Nomea\u00e7\u00e3o de supervisor no Parque do Cant\u00e3o gera cr\u00edticas de inspetores - PORTAL DE NOT\u00cdCIAS CLEITON PINHEIRO\",\"isPartOf\":{\"@id\":\"https:\/\/cleitonpinheiro.com.br\/site\/#website\"},\"primaryImageOfPage\":{\"@id\":\"https:\/\/cleitonpinheiro.com.br\/site\/nomeacao-de-supervisor-no-parque-do-cantao-gera-criticas-de-inspetores\/#primaryimage\"},\"image\":{\"@id\":\"https:\/\/cleitonpinheiro.com.br\/site\/nomeacao-de-supervisor-no-parque-do-cantao-gera-criticas-de-inspetores\/#primaryimage\"},\"thumbnailUrl\":\"https:\/\/cleitonpinheiro.com.br\/site\/wp-content\/uploads\/2025\/08\/245729.jpeg\",\"datePublished\":\"2025-07-30T18:48:32+00:00\",\"dateModified\":\"2025-08-01T19:21:39+00:00\",\"breadcrumb\":{\"@id\":\"https:\/\/cleitonpinheiro.com.br\/site\/nomeacao-de-supervisor-no-parque-do-cantao-gera-criticas-de-inspetores\/#breadcrumb\"},\"inLanguage\":\"pt-BR\",\"potentialAction\":[{\"@type\":\"ReadAction\",\"target\":[\"https:\/\/cleitonpinheiro.com.br\/site\/nomeacao-de-supervisor-no-parque-do-cantao-gera-criticas-de-inspetores\/\"]}]},{\"@type\":\"ImageObject\",\"inLanguage\":\"pt-BR\",\"@id\":\"https:\/\/cleitonpinheiro.com.br\/site\/nomeacao-de-supervisor-no-parque-do-cantao-gera-criticas-de-inspetores\/#primaryimage\",\"url\":\"https:\/\/cleitonpinheiro.com.br\/site\/wp-content\/uploads\/2025\/08\/245729.jpeg\",\"contentUrl\":\"https:\/\/cleitonpinheiro.com.br\/site\/wp-content\/uploads\/2025\/08\/245729.jpeg\",\"width\":750,\"height\":499},{\"@type\":\"BreadcrumbList\",\"@id\":\"https:\/\/cleitonpinheiro.com.br\/site\/nomeacao-de-supervisor-no-parque-do-cantao-gera-criticas-de-inspetores\/#breadcrumb\",\"itemListElement\":[{\"@type\":\"ListItem\",\"position\":1,\"name\":\"In\u00edcio\",\"item\":\"https:\/\/cleitonpinheiro.com.br\/site\/\"},{\"@type\":\"ListItem\",\"position\":2,\"name\":\"Nomea\u00e7\u00e3o de supervisor no Parque do Cant\u00e3o gera cr\u00edticas de inspetores\"}]},{\"@type\":\"WebSite\",\"@id\":\"https:\/\/cleitonpinheiro.com.br\/site\/#website\",\"url\":\"https:\/\/cleitonpinheiro.com.br\/site\/\",\"name\":\"PORTAL DE NOT\u00cdCIAS CLEITON PINHEIRO\",\"description\":\"FALANDO A VERDADE\",\"publisher\":{\"@id\":\"https:\/\/cleitonpinheiro.com.br\/site\/#organization\"},\"potentialAction\":[{\"@type\":\"SearchAction\",\"target\":{\"@type\":\"EntryPoint\",\"urlTemplate\":\"https:\/\/cleitonpinheiro.com.br\/site\/?s={search_term_string}\"},\"query-input\":{\"@type\":\"PropertyValueSpecification\",\"valueRequired\":true,\"valueName\":\"search_term_string\"}}],\"inLanguage\":\"pt-BR\"},{\"@type\":\"Organization\",\"@id\":\"https:\/\/cleitonpinheiro.com.br\/site\/#organization\",\"name\":\"CPNOT\u00cdCIAS\",\"url\":\"https:\/\/cleitonpinheiro.com.br\/site\/\",\"logo\":{\"@type\":\"ImageObject\",\"inLanguage\":\"pt-BR\",\"@id\":\"https:\/\/cleitonpinheiro.com.br\/site\/#\/schema\/logo\/image\/\",\"url\":\"https:\/\/cleitonpinheiro.com.br\/site\/wp-content\/uploads\/2022\/08\/Logo-pequena-2.png\",\"contentUrl\":\"https:\/\/cleitonpinheiro.com.br\/site\/wp-content\/uploads\/2022\/08\/Logo-pequena-2.png\",\"width\":500,\"height\":500,\"caption\":\"CPNOT\u00cdCIAS\"},\"image\":{\"@id\":\"https:\/\/cleitonpinheiro.com.br\/site\/#\/schema\/logo\/image\/\"},\"sameAs\":[\"https:\/\/www.facebook.com\/portalcpnoticias\/\"]},{\"@type\":\"Person\",\"@id\":\"https:\/\/cleitonpinheiro.com.br\/site\/#\/schema\/person\/8f04544e0bc40a1b68775b08360f87db\",\"name\":\"Reda\u00e7\u00e3o CP\",\"image\":{\"@type\":\"ImageObject\",\"inLanguage\":\"pt-BR\",\"@id\":\"https:\/\/cleitonpinheiro.com.br\/site\/#\/schema\/person\/image\/\",\"url\":\"https:\/\/secure.gravatar.com\/avatar\/0bcf19cb29fdc8fc588c490c7ae1b3e174dac268586a63fbe1d1893a0f9020cd?s=96&r=g\",\"contentUrl\":\"https:\/\/secure.gravatar.com\/avatar\/0bcf19cb29fdc8fc588c490c7ae1b3e174dac268586a63fbe1d1893a0f9020cd?s=96&r=g\",\"caption\":\"Reda\u00e7\u00e3o CP\"},\"url\":\"https:\/\/cleitonpinheiro.com.br\/site\/author\/redacao\/\"}]}<\/script>\n<!-- \/ Yoast SEO plugin. -->","yoast_head_json":{"title":"Nomea\u00e7\u00e3o de supervisor no Parque do Cant\u00e3o gera cr\u00edticas de inspetores - PORTAL DE NOT\u00cdCIAS CLEITON PINHEIRO","robots":{"index":"index","follow":"follow","max-snippet":"max-snippet:-1","max-image-preview":"max-image-preview:large","max-video-preview":"max-video-preview:-1"},"canonical":"https:\/\/cleitonpinheiro.com.br\/site\/nomeacao-de-supervisor-no-parque-do-cantao-gera-criticas-de-inspetores\/","og_locale":"pt_BR","og_type":"article","og_title":"Nomea\u00e7\u00e3o de supervisor no Parque do Cant\u00e3o gera cr\u00edticas de inspetores - PORTAL DE NOT\u00cdCIAS CLEITON PINHEIRO","og_description":"Uma nomea\u00e7\u00e3o pol\u00edtica para a supervis\u00e3o do Parque Estadual do Cant\u00e3o est\u00e1 gerando forte rea\u00e7\u00e3o dentro do Instituto Natureza do Tocantins (Naturatins). Inspetores de Recursos Naturais do \u00f3rg\u00e3o divulgaram uma nota de rep\u00fadio, argumentando que a troca de uma supervisora experiente por uma indica\u00e7\u00e3o pol\u00edtica sem qualifica\u00e7\u00e3o t\u00e9cnica representa um risco grave \u00e0 gest\u00e3o ambiental [&hellip;]","og_url":"https:\/\/cleitonpinheiro.com.br\/site\/nomeacao-de-supervisor-no-parque-do-cantao-gera-criticas-de-inspetores\/","og_site_name":"PORTAL DE NOT\u00cdCIAS CLEITON PINHEIRO","article_publisher":"https:\/\/www.facebook.com\/portalcpnoticias\/","article_published_time":"2025-07-30T18:48:32+00:00","article_modified_time":"2025-08-01T19:21:39+00:00","og_image":[{"width":750,"height":499,"url":"https:\/\/cleitonpinheiro.com.br\/site\/wp-content\/uploads\/2025\/08\/245729.jpeg","type":"image\/jpeg"}],"author":"Reda\u00e7\u00e3o CP","twitter_card":"summary_large_image","twitter_misc":{"Escrito por":"Reda\u00e7\u00e3o CP","Est. tempo de leitura":"2 minutos"},"schema":{"@context":"https:\/\/schema.org","@graph":[{"@type":"Article","@id":"https:\/\/cleitonpinheiro.com.br\/site\/nomeacao-de-supervisor-no-parque-do-cantao-gera-criticas-de-inspetores\/#article","isPartOf":{"@id":"https:\/\/cleitonpinheiro.com.br\/site\/nomeacao-de-supervisor-no-parque-do-cantao-gera-criticas-de-inspetores\/"},"author":{"name":"Reda\u00e7\u00e3o CP","@id":"https:\/\/cleitonpinheiro.com.br\/site\/#\/schema\/person\/8f04544e0bc40a1b68775b08360f87db"},"headline":"Nomea\u00e7\u00e3o de supervisor no Parque do Cant\u00e3o gera cr\u00edticas de inspetores","datePublished":"2025-07-30T18:48:32+00:00","dateModified":"2025-08-01T19:21:39+00:00","mainEntityOfPage":{"@id":"https:\/\/cleitonpinheiro.com.br\/site\/nomeacao-de-supervisor-no-parque-do-cantao-gera-criticas-de-inspetores\/"},"wordCount":254,"commentCount":0,"publisher":{"@id":"https:\/\/cleitonpinheiro.com.br\/site\/#organization"},"image":{"@id":"https:\/\/cleitonpinheiro.com.br\/site\/nomeacao-de-supervisor-no-parque-do-cantao-gera-criticas-de-inspetores\/#primaryimage"},"thumbnailUrl":"https:\/\/cleitonpinheiro.com.br\/site\/wp-content\/uploads\/2025\/08\/245729.jpeg","articleSection":["MANCHETE SEGUND\u00c1RIA","POL\u00cdTICA","TODAS NOTICIAS"],"inLanguage":"pt-BR","potentialAction":[{"@type":"CommentAction","name":"Comment","target":["https:\/\/cleitonpinheiro.com.br\/site\/nomeacao-de-supervisor-no-parque-do-cantao-gera-criticas-de-inspetores\/#respond"]}]},{"@type":"WebPage","@id":"https:\/\/cleitonpinheiro.com.br\/site\/nomeacao-de-supervisor-no-parque-do-cantao-gera-criticas-de-inspetores\/","url":"https:\/\/cleitonpinheiro.com.br\/site\/nomeacao-de-supervisor-no-parque-do-cantao-gera-criticas-de-inspetores\/","name":"Nomea\u00e7\u00e3o de supervisor no Parque do Cant\u00e3o gera cr\u00edticas de inspetores - PORTAL DE NOT\u00cdCIAS CLEITON PINHEIRO","isPartOf":{"@id":"https:\/\/cleitonpinheiro.com.br\/site\/#website"},"primaryImageOfPage":{"@id":"https:\/\/cleitonpinheiro.com.br\/site\/nomeacao-de-supervisor-no-parque-do-cantao-gera-criticas-de-inspetores\/#primaryimage"},"image":{"@id":"https:\/\/cleitonpinheiro.com.br\/site\/nomeacao-de-supervisor-no-parque-do-cantao-gera-criticas-de-inspetores\/#primaryimage"},"thumbnailUrl":"https:\/\/cleitonpinheiro.com.br\/site\/wp-content\/uploads\/2025\/08\/245729.jpeg","datePublished":"2025-07-30T18:48:32+00:00","dateModified":"2025-08-01T19:21:39+00:00","breadcrumb":{"@id":"https:\/\/cleitonpinheiro.com.br\/site\/nomeacao-de-supervisor-no-parque-do-cantao-gera-criticas-de-inspetores\/#breadcrumb"},"inLanguage":"pt-BR","potentialAction":[{"@type":"ReadAction","target":["https:\/\/cleitonpinheiro.com.br\/site\/nomeacao-de-supervisor-no-parque-do-cantao-gera-criticas-de-inspetores\/"]}]},{"@type":"ImageObject","inLanguage":"pt-BR","@id":"https:\/\/cleitonpinheiro.com.br\/site\/nomeacao-de-supervisor-no-parque-do-cantao-gera-criticas-de-inspetores\/#primaryimage","url":"https:\/\/cleitonpinheiro.com.br\/site\/wp-content\/uploads\/2025\/08\/245729.jpeg","contentUrl":"https:\/\/cleitonpinheiro.com.br\/site\/wp-content\/uploads\/2025\/08\/245729.jpeg","width":750,"height":499},{"@type":"BreadcrumbList","@id":"https:\/\/cleitonpinheiro.com.br\/site\/nomeacao-de-supervisor-no-parque-do-cantao-gera-criticas-de-inspetores\/#breadcrumb","itemListElement":[{"@type":"ListItem","position":1,"name":"In\u00edcio","item":"https:\/\/cleitonpinheiro.com.br\/site\/"},{"@type":"ListItem","position":2,"name":"Nomea\u00e7\u00e3o de supervisor no Parque do Cant\u00e3o gera cr\u00edticas de inspetores"}]},{"@type":"WebSite","@id":"https:\/\/cleitonpinheiro.com.br\/site\/#website","url":"https:\/\/cleitonpinheiro.com.br\/site\/","name":"PORTAL DE NOT\u00cdCIAS CLEITON PINHEIRO","description":"FALANDO A VERDADE","publisher":{"@id":"https:\/\/cleitonpinheiro.com.br\/site\/#organization"},"potentialAction":[{"@type":"SearchAction","target":{"@type":"EntryPoint","urlTemplate":"https:\/\/cleitonpinheiro.com.br\/site\/?s={search_term_string}"},"query-input":{"@type":"PropertyValueSpecification","valueRequired":true,"valueName":"search_term_string"}}],"inLanguage":"pt-BR"},{"@type":"Organization","@id":"https:\/\/cleitonpinheiro.com.br\/site\/#organization","name":"CPNOT\u00cdCIAS","url":"https:\/\/cleitonpinheiro.com.br\/site\/","logo":{"@type":"ImageObject","inLanguage":"pt-BR","@id":"https:\/\/cleitonpinheiro.com.br\/site\/#\/schema\/logo\/image\/","url":"https:\/\/cleitonpinheiro.com.br\/site\/wp-content\/uploads\/2022\/08\/Logo-pequena-2.png","contentUrl":"https:\/\/cleitonpinheiro.com.br\/site\/wp-content\/uploads\/2022\/08\/Logo-pequena-2.png","width":500,"height":500,"caption":"CPNOT\u00cdCIAS"},"image":{"@id":"https:\/\/cleitonpinheiro.com.br\/site\/#\/schema\/logo\/image\/"},"sameAs":["https:\/\/www.facebook.com\/portalcpnoticias\/"]},{"@type":"Person","@id":"https:\/\/cleitonpinheiro.com.br\/site\/#\/schema\/person\/8f04544e0bc40a1b68775b08360f87db","name":"Reda\u00e7\u00e3o CP","image":{"@type":"ImageObject","inLanguage":"pt-BR","@id":"https:\/\/cleitonpinheiro.com.br\/site\/#\/schema\/person\/image\/","url":"https:\/\/secure.gravatar.com\/avatar\/0bcf19cb29fdc8fc588c490c7ae1b3e174dac268586a63fbe1d1893a0f9020cd?s=96&r=g","contentUrl":"https:\/\/secure.gravatar.com\/avatar\/0bcf19cb29fdc8fc588c490c7ae1b3e174dac268586a63fbe1d1893a0f9020cd?s=96&r=g","caption":"Reda\u00e7\u00e3o CP"},"url":"https:\/\/cleitonpinheiro.com.br\/site\/author\/redacao\/"}]}},"views":117,"_links":{"self":[{"href":"https:\/\/cleitonpinheiro.com.br\/site\/wp-json\/wp\/v2\/posts\/86450","targetHints":{"allow":["GET"]}}],"collection":[{"href":"https:\/\/cleitonpinheiro.com.br\/site\/wp-json\/wp\/v2\/posts"}],"about":[{"href":"https:\/\/cleitonpinheiro.com.br\/site\/wp-json\/wp\/v2\/types\/post"}],"author":[{"embeddable":true,"href":"https:\/\/cleitonpinheiro.com.br\/site\/wp-json\/wp\/v2\/users\/13"}],"replies":[{"embeddable":true,"href":"https:\/\/cleitonpinheiro.com.br\/site\/wp-json\/wp\/v2\/comments?post=86450"}],"version-history":[{"count":1,"href":"https:\/\/cleitonpinheiro.com.br\/site\/wp-json\/wp\/v2\/posts\/86450\/revisions"}],"predecessor-version":[{"id":86452,"href":"https:\/\/cleitonpinheiro.com.br\/site\/wp-json\/wp\/v2\/posts\/86450\/revisions\/86452"}],"wp:featuredmedia":[{"embeddable":true,"href":"https:\/\/cleitonpinheiro.com.br\/site\/wp-json\/wp\/v2\/media\/86451"}],"wp:attachment":[{"href":"https:\/\/cleitonpinheiro.com.br\/site\/wp-json\/wp\/v2\/media?parent=86450"}],"wp:term":[{"taxonomy":"category","embeddable":true,"href":"https:\/\/cleitonpinheiro.com.br\/site\/wp-json\/wp\/v2\/categories?post=86450"},{"taxonomy":"post_tag","embeddable":true,"href":"https:\/\/cleitonpinheiro.com.br\/site\/wp-json\/wp\/v2\/tags?post=86450"}],"curies":[{"name":"wp","href":"https:\/\/api.w.org\/{rel}","templated":true}]}}