{"id":86480,"date":"2025-08-06T15:14:14","date_gmt":"2025-08-06T18:14:14","guid":{"rendered":"https:\/\/cleitonpinheiro.com.br\/site\/?p=86480"},"modified":"2025-08-06T15:55:54","modified_gmt":"2025-08-06T18:55:54","slug":"voo-para-araguaina-um-passo-importante-para-a-regiao","status":"publish","type":"post","link":"https:\/\/cleitonpinheiro.com.br\/site\/voo-para-araguaina-um-passo-importante-para-a-regiao\/","title":{"rendered":"Voo para Aragua\u00edna: um passo importante para a regi\u00e3o"},"content":{"rendered":"\n<figure class=\"wp-block-image size-large\"><img fetchpriority=\"high\" decoding=\"async\" width=\"1024\" height=\"613\" src=\"https:\/\/cleitonpinheiro.com.br\/site\/wp-content\/uploads\/2025\/03\/aviao_da_latam_bairro_de_jabaquara_rvrsa_abr_221020214302-1024x613.webp\" alt=\"\" class=\"wp-image-84818\" srcset=\"https:\/\/cleitonpinheiro.com.br\/site\/wp-content\/uploads\/2025\/03\/aviao_da_latam_bairro_de_jabaquara_rvrsa_abr_221020214302-1024x613.webp 1024w, https:\/\/cleitonpinheiro.com.br\/site\/wp-content\/uploads\/2025\/03\/aviao_da_latam_bairro_de_jabaquara_rvrsa_abr_221020214302-300x179.webp 300w, https:\/\/cleitonpinheiro.com.br\/site\/wp-content\/uploads\/2025\/03\/aviao_da_latam_bairro_de_jabaquara_rvrsa_abr_221020214302-768x459.webp 768w, https:\/\/cleitonpinheiro.com.br\/site\/wp-content\/uploads\/2025\/03\/aviao_da_latam_bairro_de_jabaquara_rvrsa_abr_221020214302.webp 1170w\" sizes=\"(max-width: 1024px) 100vw, 1024px\" \/><figcaption class=\"wp-element-caption\">\u00a9 Rovena Rosa\/Ag\u00eancia Brasil\n<\/figcaption><\/figure>\n\n\n\n<p>O prefeito <strong>Wagner Rodrigues (UB)<\/strong> celebrou o retorno dos voos para Aragua\u00edna, destacando que o resultado \u00e9 fruto de anos de investimentos e trabalho cont\u00ednuo. &#8220;Aragua\u00edna est\u00e1 mais uma vez recebendo o reconhecimento que tanto merece&#8221;, afirmou, &#8220;Estamos com a sensa\u00e7\u00e3o de dever cumprido&#8221;.<\/p>\n\n\n\n<hr class=\"wp-block-separator has-alpha-channel-opacity\"\/>\n\n\n\n<h3 class=\"wp-block-heading\">O Fim de uma era de Deslocamentos<\/h3>\n\n\n\n<p>Desde abril de 2024, passageiros de Aragua\u00edna precisavam viajar at\u00e9 Palmas (TO), Imperatriz (MA) ou Marab\u00e1 (PA) para embarcar em voos de longa dist\u00e2ncia. Agora, com a retomada dos servi\u00e7os a\u00e9reos, o subsecret\u00e1rio de Desenvolvimento Econ\u00f4mico, Agricultura, Meio Ambiente e Turismo de Aragua\u00edna, <strong>Helter Dantas<\/strong>, refor\u00e7ou a import\u00e2ncia do apoio da popula\u00e7\u00e3o. Ele pediu para que a comunidade utilize os voos locais, ressaltando que o custo do deslocamento para outras cidades \u00e9, muitas vezes, similar ao da passagem a\u00e9rea de Aragua\u00edna.<\/p>\n\n\n\n<hr class=\"wp-block-separator has-alpha-channel-opacity\"\/>\n\n\n\n<h3 class=\"wp-block-heading\">Investimentos e melhorias no aeroporto<\/h3>\n\n\n\n<p>Para viabilizar o retorno dos voos, a Prefeitura de Aragua\u00edna realizou um grande investimento no aeroporto, que incluiu:<\/p>\n\n\n\n<ul class=\"wp-block-list\">\n<li><strong>Amplia\u00e7\u00e3o e moderniza\u00e7\u00e3o da pista:<\/strong> A pista foi ampliada e recebeu um novo sistema de drenagem. A \u00e1rea de seguran\u00e7a tamb\u00e9m foi limpa e nivelada.<\/li>\n\n\n\n<li><strong>Novos equipamentos:<\/strong> Foram instalados o <strong>Indicador de Percurso de Aproxima\u00e7\u00e3o de Precis\u00e3o (PAPI)<\/strong> e a <strong>Esta\u00e7\u00e3o Prestadora de Servi\u00e7o de Telecomunica\u00e7\u00f5es e de Tr\u00e1fego A\u00e9reo (EPTA)<\/strong>, validados pelo CINDACTA e pelo GEIV. O aeroporto tamb\u00e9m recebeu um <strong>Caminh\u00e3o de Combate a Inc\u00eandio (CCI Ap2)<\/strong>.<\/li>\n\n\n\n<li><strong>Reestrutura\u00e7\u00e3o do terminal:<\/strong> Est\u00e3o previstas obras para ampliar o terminal de passageiros para mais de 2 mil metros quadrados, construir uma nova \u00e1rea de giro e um novo estacionamento, e refor\u00e7ar a pista.<\/li>\n\n\n\n<li><strong>Acesso facilitado:<\/strong> A Prefeitura de Aragua\u00edna est\u00e1 financiando a duplica\u00e7\u00e3o da Avenida Dion\u00edsio Farias, que conecta o aeroporto \u00e0 BR-153.<\/li>\n\n\n\n<li><strong>Realoca\u00e7\u00e3o de fam\u00edlias:<\/strong> Fam\u00edlias que moravam na \u00e1rea de impacto do aeroporto foram realocadas para garantir a seguran\u00e7a de todos.<\/li>\n<\/ul>\n\n\n\n<p>O prefeito Wagner Rodrigues e o deputado federal <strong>Alexandre Guimar\u00e3es (MDB)<\/strong> anunciaram a not\u00edcia nas redes sociais. Eles agradeceram o apoio do ministro de Portos e Aeroportos, <strong>Silvio Costa Filho (Republicanos)<\/strong>, e dos governos federal e estadual.<\/p>\n","protected":false},"excerpt":{"rendered":"<p>O prefeito Wagner Rodrigues (UB) celebrou o retorno dos voos para Aragua\u00edna, destacando que o resultado \u00e9 fruto de anos de investimentos e trabalho cont\u00ednuo. &#8220;Aragua\u00edna est\u00e1 mais uma vez recebendo o reconhecimento que tanto merece&#8221;, afirmou, &#8220;Estamos com a sensa\u00e7\u00e3o de dever cumprido&#8221;. O Fim de uma era de Deslocamentos Desde abril de 2024, [&hellip;]<\/p>\n","protected":false},"author":13,"featured_media":84818,"comment_status":"open","ping_status":"open","sticky":false,"template":"","format":"standard","meta":{"_acf_changed":false,"footnotes":""},"categories":[22,898,21],"tags":[],"class_list":["post-86480","post","type-post","status-publish","format-standard","has-post-thumbnail","hentry","category-cidades","category-manchete-segundaria","category-todas-noticias"],"acf":[],"yoast_head":"<!-- This site is optimized with the Yoast SEO plugin v24.4 - https:\/\/yoast.com\/wordpress\/plugins\/seo\/ -->\n<title>Voo para Aragua\u00edna: um passo importante para a regi\u00e3o - PORTAL DE NOT\u00cdCIAS CLEITON PINHEIRO<\/title>\n<meta name=\"robots\" content=\"index, follow, max-snippet:-1, max-image-preview:large, max-video-preview:-1\" \/>\n<link rel=\"canonical\" href=\"https:\/\/cleitonpinheiro.com.br\/site\/voo-para-araguaina-um-passo-importante-para-a-regiao\/\" \/>\n<meta property=\"og:locale\" content=\"pt_BR\" \/>\n<meta property=\"og:type\" content=\"article\" \/>\n<meta property=\"og:title\" content=\"Voo para Aragua\u00edna: um passo importante para a regi\u00e3o - PORTAL DE NOT\u00cdCIAS CLEITON PINHEIRO\" \/>\n<meta property=\"og:description\" content=\"O prefeito Wagner Rodrigues (UB) celebrou o retorno dos voos para Aragua\u00edna, destacando que o resultado \u00e9 fruto de anos de investimentos e trabalho cont\u00ednuo. &#8220;Aragua\u00edna est\u00e1 mais uma vez recebendo o reconhecimento que tanto merece&#8221;, afirmou, &#8220;Estamos com a sensa\u00e7\u00e3o de dever cumprido&#8221;. O Fim de uma era de Deslocamentos Desde abril de 2024, [&hellip;]\" \/>\n<meta property=\"og:url\" content=\"https:\/\/cleitonpinheiro.com.br\/site\/voo-para-araguaina-um-passo-importante-para-a-regiao\/\" \/>\n<meta property=\"og:site_name\" content=\"PORTAL DE NOT\u00cdCIAS CLEITON PINHEIRO\" \/>\n<meta property=\"article:publisher\" content=\"https:\/\/www.facebook.com\/portalcpnoticias\/\" \/>\n<meta property=\"article:published_time\" content=\"2025-08-06T18:14:14+00:00\" \/>\n<meta property=\"article:modified_time\" content=\"2025-08-06T18:55:54+00:00\" \/>\n<meta property=\"og:image\" content=\"https:\/\/cleitonpinheiro.com.br\/site\/wp-content\/uploads\/2025\/03\/aviao_da_latam_bairro_de_jabaquara_rvrsa_abr_221020214302.webp\" \/>\n\t<meta property=\"og:image:width\" content=\"1170\" \/>\n\t<meta property=\"og:image:height\" content=\"700\" \/>\n\t<meta property=\"og:image:type\" content=\"image\/webp\" \/>\n<meta name=\"author\" content=\"Reda\u00e7\u00e3o CP\" \/>\n<meta name=\"twitter:card\" content=\"summary_large_image\" \/>\n<meta name=\"twitter:label1\" content=\"Escrito por\" \/>\n\t<meta name=\"twitter:data1\" content=\"Reda\u00e7\u00e3o CP\" \/>\n\t<meta name=\"twitter:label2\" content=\"Est. tempo de leitura\" \/>\n\t<meta name=\"twitter:data2\" content=\"3 minutos\" \/>\n<script type=\"application\/ld+json\" class=\"yoast-schema-graph\">{\"@context\":\"https:\/\/schema.org\",\"@graph\":[{\"@type\":\"Article\",\"@id\":\"https:\/\/cleitonpinheiro.com.br\/site\/voo-para-araguaina-um-passo-importante-para-a-regiao\/#article\",\"isPartOf\":{\"@id\":\"https:\/\/cleitonpinheiro.com.br\/site\/voo-para-araguaina-um-passo-importante-para-a-regiao\/\"},\"author\":{\"name\":\"Reda\u00e7\u00e3o CP\",\"@id\":\"https:\/\/cleitonpinheiro.com.br\/site\/#\/schema\/person\/8f04544e0bc40a1b68775b08360f87db\"},\"headline\":\"Voo para Aragua\u00edna: um passo importante para a regi\u00e3o\",\"datePublished\":\"2025-08-06T18:14:14+00:00\",\"dateModified\":\"2025-08-06T18:55:54+00:00\",\"mainEntityOfPage\":{\"@id\":\"https:\/\/cleitonpinheiro.com.br\/site\/voo-para-araguaina-um-passo-importante-para-a-regiao\/\"},\"wordCount\":388,\"commentCount\":0,\"publisher\":{\"@id\":\"https:\/\/cleitonpinheiro.com.br\/site\/#organization\"},\"image\":{\"@id\":\"https:\/\/cleitonpinheiro.com.br\/site\/voo-para-araguaina-um-passo-importante-para-a-regiao\/#primaryimage\"},\"thumbnailUrl\":\"https:\/\/cleitonpinheiro.com.br\/site\/wp-content\/uploads\/2025\/03\/aviao_da_latam_bairro_de_jabaquara_rvrsa_abr_221020214302.webp\",\"articleSection\":[\"CIDADES\",\"MANCHETE SEGUND\u00c1RIA\",\"TODAS NOTICIAS\"],\"inLanguage\":\"pt-BR\",\"potentialAction\":[{\"@type\":\"CommentAction\",\"name\":\"Comment\",\"target\":[\"https:\/\/cleitonpinheiro.com.br\/site\/voo-para-araguaina-um-passo-importante-para-a-regiao\/#respond\"]}]},{\"@type\":\"WebPage\",\"@id\":\"https:\/\/cleitonpinheiro.com.br\/site\/voo-para-araguaina-um-passo-importante-para-a-regiao\/\",\"url\":\"https:\/\/cleitonpinheiro.com.br\/site\/voo-para-araguaina-um-passo-importante-para-a-regiao\/\",\"name\":\"Voo para Aragua\u00edna: um passo importante para a regi\u00e3o - PORTAL DE NOT\u00cdCIAS CLEITON PINHEIRO\",\"isPartOf\":{\"@id\":\"https:\/\/cleitonpinheiro.com.br\/site\/#website\"},\"primaryImageOfPage\":{\"@id\":\"https:\/\/cleitonpinheiro.com.br\/site\/voo-para-araguaina-um-passo-importante-para-a-regiao\/#primaryimage\"},\"image\":{\"@id\":\"https:\/\/cleitonpinheiro.com.br\/site\/voo-para-araguaina-um-passo-importante-para-a-regiao\/#primaryimage\"},\"thumbnailUrl\":\"https:\/\/cleitonpinheiro.com.br\/site\/wp-content\/uploads\/2025\/03\/aviao_da_latam_bairro_de_jabaquara_rvrsa_abr_221020214302.webp\",\"datePublished\":\"2025-08-06T18:14:14+00:00\",\"dateModified\":\"2025-08-06T18:55:54+00:00\",\"breadcrumb\":{\"@id\":\"https:\/\/cleitonpinheiro.com.br\/site\/voo-para-araguaina-um-passo-importante-para-a-regiao\/#breadcrumb\"},\"inLanguage\":\"pt-BR\",\"potentialAction\":[{\"@type\":\"ReadAction\",\"target\":[\"https:\/\/cleitonpinheiro.com.br\/site\/voo-para-araguaina-um-passo-importante-para-a-regiao\/\"]}]},{\"@type\":\"ImageObject\",\"inLanguage\":\"pt-BR\",\"@id\":\"https:\/\/cleitonpinheiro.com.br\/site\/voo-para-araguaina-um-passo-importante-para-a-regiao\/#primaryimage\",\"url\":\"https:\/\/cleitonpinheiro.com.br\/site\/wp-content\/uploads\/2025\/03\/aviao_da_latam_bairro_de_jabaquara_rvrsa_abr_221020214302.webp\",\"contentUrl\":\"https:\/\/cleitonpinheiro.com.br\/site\/wp-content\/uploads\/2025\/03\/aviao_da_latam_bairro_de_jabaquara_rvrsa_abr_221020214302.webp\",\"width\":1170,\"height\":700,\"caption\":\"\u00a9 Rovena Rosa\/Ag\u00eancia Brasil\"},{\"@type\":\"BreadcrumbList\",\"@id\":\"https:\/\/cleitonpinheiro.com.br\/site\/voo-para-araguaina-um-passo-importante-para-a-regiao\/#breadcrumb\",\"itemListElement\":[{\"@type\":\"ListItem\",\"position\":1,\"name\":\"In\u00edcio\",\"item\":\"https:\/\/cleitonpinheiro.com.br\/site\/\"},{\"@type\":\"ListItem\",\"position\":2,\"name\":\"Voo para Aragua\u00edna: um passo importante para a regi\u00e3o\"}]},{\"@type\":\"WebSite\",\"@id\":\"https:\/\/cleitonpinheiro.com.br\/site\/#website\",\"url\":\"https:\/\/cleitonpinheiro.com.br\/site\/\",\"name\":\"PORTAL DE NOT\u00cdCIAS CLEITON PINHEIRO\",\"description\":\"FALANDO A VERDADE\",\"publisher\":{\"@id\":\"https:\/\/cleitonpinheiro.com.br\/site\/#organization\"},\"potentialAction\":[{\"@type\":\"SearchAction\",\"target\":{\"@type\":\"EntryPoint\",\"urlTemplate\":\"https:\/\/cleitonpinheiro.com.br\/site\/?s={search_term_string}\"},\"query-input\":{\"@type\":\"PropertyValueSpecification\",\"valueRequired\":true,\"valueName\":\"search_term_string\"}}],\"inLanguage\":\"pt-BR\"},{\"@type\":\"Organization\",\"@id\":\"https:\/\/cleitonpinheiro.com.br\/site\/#organization\",\"name\":\"CPNOT\u00cdCIAS\",\"url\":\"https:\/\/cleitonpinheiro.com.br\/site\/\",\"logo\":{\"@type\":\"ImageObject\",\"inLanguage\":\"pt-BR\",\"@id\":\"https:\/\/cleitonpinheiro.com.br\/site\/#\/schema\/logo\/image\/\",\"url\":\"https:\/\/cleitonpinheiro.com.br\/site\/wp-content\/uploads\/2022\/08\/Logo-pequena-2.png\",\"contentUrl\":\"https:\/\/cleitonpinheiro.com.br\/site\/wp-content\/uploads\/2022\/08\/Logo-pequena-2.png\",\"width\":500,\"height\":500,\"caption\":\"CPNOT\u00cdCIAS\"},\"image\":{\"@id\":\"https:\/\/cleitonpinheiro.com.br\/site\/#\/schema\/logo\/image\/\"},\"sameAs\":[\"https:\/\/www.facebook.com\/portalcpnoticias\/\"]},{\"@type\":\"Person\",\"@id\":\"https:\/\/cleitonpinheiro.com.br\/site\/#\/schema\/person\/8f04544e0bc40a1b68775b08360f87db\",\"name\":\"Reda\u00e7\u00e3o CP\",\"image\":{\"@type\":\"ImageObject\",\"inLanguage\":\"pt-BR\",\"@id\":\"https:\/\/cleitonpinheiro.com.br\/site\/#\/schema\/person\/image\/\",\"url\":\"https:\/\/secure.gravatar.com\/avatar\/0bcf19cb29fdc8fc588c490c7ae1b3e174dac268586a63fbe1d1893a0f9020cd?s=96&r=g\",\"contentUrl\":\"https:\/\/secure.gravatar.com\/avatar\/0bcf19cb29fdc8fc588c490c7ae1b3e174dac268586a63fbe1d1893a0f9020cd?s=96&r=g\",\"caption\":\"Reda\u00e7\u00e3o CP\"},\"url\":\"https:\/\/cleitonpinheiro.com.br\/site\/author\/redacao\/\"}]}<\/script>\n<!-- \/ Yoast SEO plugin. -->","yoast_head_json":{"title":"Voo para Aragua\u00edna: um passo importante para a regi\u00e3o - PORTAL DE NOT\u00cdCIAS CLEITON PINHEIRO","robots":{"index":"index","follow":"follow","max-snippet":"max-snippet:-1","max-image-preview":"max-image-preview:large","max-video-preview":"max-video-preview:-1"},"canonical":"https:\/\/cleitonpinheiro.com.br\/site\/voo-para-araguaina-um-passo-importante-para-a-regiao\/","og_locale":"pt_BR","og_type":"article","og_title":"Voo para Aragua\u00edna: um passo importante para a regi\u00e3o - PORTAL DE NOT\u00cdCIAS CLEITON PINHEIRO","og_description":"O prefeito Wagner Rodrigues (UB) celebrou o retorno dos voos para Aragua\u00edna, destacando que o resultado \u00e9 fruto de anos de investimentos e trabalho cont\u00ednuo. &#8220;Aragua\u00edna est\u00e1 mais uma vez recebendo o reconhecimento que tanto merece&#8221;, afirmou, &#8220;Estamos com a sensa\u00e7\u00e3o de dever cumprido&#8221;. O Fim de uma era de Deslocamentos Desde abril de 2024, [&hellip;]","og_url":"https:\/\/cleitonpinheiro.com.br\/site\/voo-para-araguaina-um-passo-importante-para-a-regiao\/","og_site_name":"PORTAL DE NOT\u00cdCIAS CLEITON PINHEIRO","article_publisher":"https:\/\/www.facebook.com\/portalcpnoticias\/","article_published_time":"2025-08-06T18:14:14+00:00","article_modified_time":"2025-08-06T18:55:54+00:00","og_image":[{"width":1170,"height":700,"url":"https:\/\/cleitonpinheiro.com.br\/site\/wp-content\/uploads\/2025\/03\/aviao_da_latam_bairro_de_jabaquara_rvrsa_abr_221020214302.webp","type":"image\/webp"}],"author":"Reda\u00e7\u00e3o CP","twitter_card":"summary_large_image","twitter_misc":{"Escrito por":"Reda\u00e7\u00e3o CP","Est. tempo de leitura":"3 minutos"},"schema":{"@context":"https:\/\/schema.org","@graph":[{"@type":"Article","@id":"https:\/\/cleitonpinheiro.com.br\/site\/voo-para-araguaina-um-passo-importante-para-a-regiao\/#article","isPartOf":{"@id":"https:\/\/cleitonpinheiro.com.br\/site\/voo-para-araguaina-um-passo-importante-para-a-regiao\/"},"author":{"name":"Reda\u00e7\u00e3o CP","@id":"https:\/\/cleitonpinheiro.com.br\/site\/#\/schema\/person\/8f04544e0bc40a1b68775b08360f87db"},"headline":"Voo para Aragua\u00edna: um passo importante para a regi\u00e3o","datePublished":"2025-08-06T18:14:14+00:00","dateModified":"2025-08-06T18:55:54+00:00","mainEntityOfPage":{"@id":"https:\/\/cleitonpinheiro.com.br\/site\/voo-para-araguaina-um-passo-importante-para-a-regiao\/"},"wordCount":388,"commentCount":0,"publisher":{"@id":"https:\/\/cleitonpinheiro.com.br\/site\/#organization"},"image":{"@id":"https:\/\/cleitonpinheiro.com.br\/site\/voo-para-araguaina-um-passo-importante-para-a-regiao\/#primaryimage"},"thumbnailUrl":"https:\/\/cleitonpinheiro.com.br\/site\/wp-content\/uploads\/2025\/03\/aviao_da_latam_bairro_de_jabaquara_rvrsa_abr_221020214302.webp","articleSection":["CIDADES","MANCHETE SEGUND\u00c1RIA","TODAS NOTICIAS"],"inLanguage":"pt-BR","potentialAction":[{"@type":"CommentAction","name":"Comment","target":["https:\/\/cleitonpinheiro.com.br\/site\/voo-para-araguaina-um-passo-importante-para-a-regiao\/#respond"]}]},{"@type":"WebPage","@id":"https:\/\/cleitonpinheiro.com.br\/site\/voo-para-araguaina-um-passo-importante-para-a-regiao\/","url":"https:\/\/cleitonpinheiro.com.br\/site\/voo-para-araguaina-um-passo-importante-para-a-regiao\/","name":"Voo para Aragua\u00edna: um passo importante para a regi\u00e3o - PORTAL DE NOT\u00cdCIAS CLEITON PINHEIRO","isPartOf":{"@id":"https:\/\/cleitonpinheiro.com.br\/site\/#website"},"primaryImageOfPage":{"@id":"https:\/\/cleitonpinheiro.com.br\/site\/voo-para-araguaina-um-passo-importante-para-a-regiao\/#primaryimage"},"image":{"@id":"https:\/\/cleitonpinheiro.com.br\/site\/voo-para-araguaina-um-passo-importante-para-a-regiao\/#primaryimage"},"thumbnailUrl":"https:\/\/cleitonpinheiro.com.br\/site\/wp-content\/uploads\/2025\/03\/aviao_da_latam_bairro_de_jabaquara_rvrsa_abr_221020214302.webp","datePublished":"2025-08-06T18:14:14+00:00","dateModified":"2025-08-06T18:55:54+00:00","breadcrumb":{"@id":"https:\/\/cleitonpinheiro.com.br\/site\/voo-para-araguaina-um-passo-importante-para-a-regiao\/#breadcrumb"},"inLanguage":"pt-BR","potentialAction":[{"@type":"ReadAction","target":["https:\/\/cleitonpinheiro.com.br\/site\/voo-para-araguaina-um-passo-importante-para-a-regiao\/"]}]},{"@type":"ImageObject","inLanguage":"pt-BR","@id":"https:\/\/cleitonpinheiro.com.br\/site\/voo-para-araguaina-um-passo-importante-para-a-regiao\/#primaryimage","url":"https:\/\/cleitonpinheiro.com.br\/site\/wp-content\/uploads\/2025\/03\/aviao_da_latam_bairro_de_jabaquara_rvrsa_abr_221020214302.webp","contentUrl":"https:\/\/cleitonpinheiro.com.br\/site\/wp-content\/uploads\/2025\/03\/aviao_da_latam_bairro_de_jabaquara_rvrsa_abr_221020214302.webp","width":1170,"height":700,"caption":"\u00a9 Rovena Rosa\/Ag\u00eancia Brasil"},{"@type":"BreadcrumbList","@id":"https:\/\/cleitonpinheiro.com.br\/site\/voo-para-araguaina-um-passo-importante-para-a-regiao\/#breadcrumb","itemListElement":[{"@type":"ListItem","position":1,"name":"In\u00edcio","item":"https:\/\/cleitonpinheiro.com.br\/site\/"},{"@type":"ListItem","position":2,"name":"Voo para Aragua\u00edna: um passo importante para a regi\u00e3o"}]},{"@type":"WebSite","@id":"https:\/\/cleitonpinheiro.com.br\/site\/#website","url":"https:\/\/cleitonpinheiro.com.br\/site\/","name":"PORTAL DE NOT\u00cdCIAS CLEITON PINHEIRO","description":"FALANDO A VERDADE","publisher":{"@id":"https:\/\/cleitonpinheiro.com.br\/site\/#organization"},"potentialAction":[{"@type":"SearchAction","target":{"@type":"EntryPoint","urlTemplate":"https:\/\/cleitonpinheiro.com.br\/site\/?s={search_term_string}"},"query-input":{"@type":"PropertyValueSpecification","valueRequired":true,"valueName":"search_term_string"}}],"inLanguage":"pt-BR"},{"@type":"Organization","@id":"https:\/\/cleitonpinheiro.com.br\/site\/#organization","name":"CPNOT\u00cdCIAS","url":"https:\/\/cleitonpinheiro.com.br\/site\/","logo":{"@type":"ImageObject","inLanguage":"pt-BR","@id":"https:\/\/cleitonpinheiro.com.br\/site\/#\/schema\/logo\/image\/","url":"https:\/\/cleitonpinheiro.com.br\/site\/wp-content\/uploads\/2022\/08\/Logo-pequena-2.png","contentUrl":"https:\/\/cleitonpinheiro.com.br\/site\/wp-content\/uploads\/2022\/08\/Logo-pequena-2.png","width":500,"height":500,"caption":"CPNOT\u00cdCIAS"},"image":{"@id":"https:\/\/cleitonpinheiro.com.br\/site\/#\/schema\/logo\/image\/"},"sameAs":["https:\/\/www.facebook.com\/portalcpnoticias\/"]},{"@type":"Person","@id":"https:\/\/cleitonpinheiro.com.br\/site\/#\/schema\/person\/8f04544e0bc40a1b68775b08360f87db","name":"Reda\u00e7\u00e3o CP","image":{"@type":"ImageObject","inLanguage":"pt-BR","@id":"https:\/\/cleitonpinheiro.com.br\/site\/#\/schema\/person\/image\/","url":"https:\/\/secure.gravatar.com\/avatar\/0bcf19cb29fdc8fc588c490c7ae1b3e174dac268586a63fbe1d1893a0f9020cd?s=96&r=g","contentUrl":"https:\/\/secure.gravatar.com\/avatar\/0bcf19cb29fdc8fc588c490c7ae1b3e174dac268586a63fbe1d1893a0f9020cd?s=96&r=g","caption":"Reda\u00e7\u00e3o CP"},"url":"https:\/\/cleitonpinheiro.com.br\/site\/author\/redacao\/"}]}},"views":102,"_links":{"self":[{"href":"https:\/\/cleitonpinheiro.com.br\/site\/wp-json\/wp\/v2\/posts\/86480","targetHints":{"allow":["GET"]}}],"collection":[{"href":"https:\/\/cleitonpinheiro.com.br\/site\/wp-json\/wp\/v2\/posts"}],"about":[{"href":"https:\/\/cleitonpinheiro.com.br\/site\/wp-json\/wp\/v2\/types\/post"}],"author":[{"embeddable":true,"href":"https:\/\/cleitonpinheiro.com.br\/site\/wp-json\/wp\/v2\/users\/13"}],"replies":[{"embeddable":true,"href":"https:\/\/cleitonpinheiro.com.br\/site\/wp-json\/wp\/v2\/comments?post=86480"}],"version-history":[{"count":1,"href":"https:\/\/cleitonpinheiro.com.br\/site\/wp-json\/wp\/v2\/posts\/86480\/revisions"}],"predecessor-version":[{"id":86481,"href":"https:\/\/cleitonpinheiro.com.br\/site\/wp-json\/wp\/v2\/posts\/86480\/revisions\/86481"}],"wp:featuredmedia":[{"embeddable":true,"href":"https:\/\/cleitonpinheiro.com.br\/site\/wp-json\/wp\/v2\/media\/84818"}],"wp:attachment":[{"href":"https:\/\/cleitonpinheiro.com.br\/site\/wp-json\/wp\/v2\/media?parent=86480"}],"wp:term":[{"taxonomy":"category","embeddable":true,"href":"https:\/\/cleitonpinheiro.com.br\/site\/wp-json\/wp\/v2\/categories?post=86480"},{"taxonomy":"post_tag","embeddable":true,"href":"https:\/\/cleitonpinheiro.com.br\/site\/wp-json\/wp\/v2\/tags?post=86480"}],"curies":[{"name":"wp","href":"https:\/\/api.w.org\/{rel}","templated":true}]}}