{"id":86483,"date":"2025-08-06T16:16:35","date_gmt":"2025-08-06T19:16:35","guid":{"rendered":"https:\/\/cleitonpinheiro.com.br\/site\/?p=86483"},"modified":"2025-08-06T16:16:39","modified_gmt":"2025-08-06T19:16:39","slug":"tarifaco-sobre-parte-de-exportacoes-brasileiras-entra-em-vigor-hoje","status":"publish","type":"post","link":"https:\/\/cleitonpinheiro.com.br\/site\/tarifaco-sobre-parte-de-exportacoes-brasileiras-entra-em-vigor-hoje\/","title":{"rendered":"Tarifa\u00e7o sobre parte de exporta\u00e7\u00f5es brasileiras entra em vigor hoje"},"content":{"rendered":"\n<figure class=\"wp-block-image size-large\"><img fetchpriority=\"high\" decoding=\"async\" width=\"1024\" height=\"613\" src=\"https:\/\/cleitonpinheiro.com.br\/site\/wp-content\/uploads\/2025\/08\/c7ce57c4-3ca3-44b5-a68b-9e4e44e7e8bb-1024x613.webp\" alt=\"\" class=\"wp-image-86484\" srcset=\"https:\/\/cleitonpinheiro.com.br\/site\/wp-content\/uploads\/2025\/08\/c7ce57c4-3ca3-44b5-a68b-9e4e44e7e8bb-1024x613.webp 1024w, https:\/\/cleitonpinheiro.com.br\/site\/wp-content\/uploads\/2025\/08\/c7ce57c4-3ca3-44b5-a68b-9e4e44e7e8bb-300x179.webp 300w, https:\/\/cleitonpinheiro.com.br\/site\/wp-content\/uploads\/2025\/08\/c7ce57c4-3ca3-44b5-a68b-9e4e44e7e8bb-768x459.webp 768w, https:\/\/cleitonpinheiro.com.br\/site\/wp-content\/uploads\/2025\/08\/c7ce57c4-3ca3-44b5-a68b-9e4e44e7e8bb.webp 1170w\" sizes=\"(max-width: 1024px) 100vw, 1024px\" \/><figcaption class=\"wp-element-caption\">\u00a9 Divulga\u00e7\u00e3o\/Porto de Santos\n<\/figcaption><\/figure>\n\n\n\n<p>Entraram em vigor, nesta quarta-feira (6), as tarifas de 50% impostas sobre parte das exporta\u00e7\u00f5es brasileiras para os Estados Unidos. A medida, assinada na semana passada pelo presidente norte-americano Donald Trump,&nbsp;<a href=\"https:\/\/agenciabrasil.ebc.com.br\/economia\/noticia\/2025-07\/tarifaco-pode-afetar-36-das-exportacoes-para-os-eua-diz-alckmin\" target=\"_blank\" rel=\"noreferrer noopener\">afeta 35,9% das mercadorias enviadas ao mercado estadunidense<\/a>, o que representa&nbsp;<a href=\"https:\/\/agenciabrasil.ebc.com.br\/economia\/noticia\/2025-08\/haddad-diz-que-tarifaco-afetara-4-das-exportacoes-brasileiras\" target=\"_blank\" rel=\"noreferrer noopener\">4% das exporta\u00e7\u00f5es brasileiras<\/a>.&nbsp;<a href=\"https:\/\/agenciabrasil.ebc.com.br\/internacional\/noticia\/2025-07\/confira-lista-de-quase-700-produtos-que-nao-serao-taxados-pelos-eua\" target=\"_blank\" rel=\"noreferrer noopener\">Cerca de 700 produtos do Brasil ficaram fora do tarifa\u00e7o<\/a>.&nbsp;<img decoding=\"async\" src=\"https:\/\/agenciabrasil.ebc.com.br\/ebc.png?id=1653292&amp;o=node\"><img decoding=\"async\" src=\"https:\/\/agenciabrasil.ebc.com.br\/ebc.gif?id=1653292&amp;o=node\"><\/p>\n\n\n\n<p>Caf\u00e9, frutas e carnes est\u00e3o entre os produtos que passam a pagar uma sobretaxa de 50%.&nbsp;<a href=\"https:\/\/agenciabrasil.ebc.com.br\/internacional\/noticia\/2025-07\/tarifaco-de-trump-deixa-de-fora-aeronaves-minerios-e-suco-de-laranja\" target=\"_blank\" rel=\"noreferrer noopener\">Ficaram de fora dessa taxa<\/a>&nbsp;suco e polpa de laranja, combust\u00edveis, min\u00e9rios, fertilizantes e aeronaves civis, incluindo seus motores, pe\u00e7as e componentes, polpa de madeira, celulose, metais preciosos, energia e produtos energ\u00e9ticos.<\/p>\n\n\n\n<p>O tarifa\u00e7o imposto ao Brasil faz parte da&nbsp;<a href=\"https:\/\/agenciabrasil.ebc.com.br\/economia\/noticia\/2025-04\/entenda-guerra-de-tarifas-de-trump-e-consequencias-para-brasil\" target=\"_blank\" rel=\"noreferrer noopener\">nova pol\u00edtica da Casa Branca<\/a>, inaugurada por Donald Trump, de elevar as tarifas contra parceiros comerciais na tentativa de reverter \u00e0 relativa perda de competitividade da economia americana para a China nas \u00faltimas d\u00e9cadas.&nbsp;<\/p>\n\n\n\n<p><strong>No dia 2 de abril, Trump iniciou a guerra comercial impondo barreiras alfandeg\u00e1rias a pa\u00edses de acordo com o tamanho do d\u00e9ficit que os Estados Unidos t\u00eam com cada na\u00e7\u00e3o.<\/strong>&nbsp;Como os EUA t\u00eam super\u00e1vit com o Brasil, foi imposta, em abril, a taxa mais baixa, de 10%.<\/p>\n\n\n\n<p>Por\u00e9m, no in\u00edcio de julho, Trump elevou a tarifa para 50% contra o Brasil em retalia\u00e7\u00e3o a decis\u00f5es que, segundo ele,&nbsp;<a href=\"https:\/\/agenciabrasil.ebc.com.br\/internacional\/noticia\/2025-07\/big-techs-dos-eua-influenciaram-sancao-de-trump-contra-o-brasil\" target=\"_blank\" rel=\"noreferrer noopener\">prejudicariam as big techs estadunidenses<\/a>&nbsp;e em resposta ao julgamento do ex-presidente Jair Bolsonaro, acusado de liderar uma tentativa de golpe de Estado ap\u00f3s perder o pleito de 2022.<\/p>\n\n\n\n<p><a href=\"https:\/\/agenciabrasil.ebc.com.br\/internacional\/noticia\/2025-07\/sancao-de-trump-contra-brasil-e-chantagem-politica-e-mira-o-brics\" target=\"_blank\" rel=\"noreferrer noopener\">Especialistas consultados pela&nbsp;<strong>Ag\u00eancia Brasil<\/strong><\/a>&nbsp;avaliam que a medida \u00e9 uma chantagem pol\u00edtica com objetivo de atingir o Brics, o bloco de pot\u00eancias emergentes que tem sido encarado por Washington como uma amea\u00e7a \u00e0 hegemonia estadunidense no mundo, em especial, devido \u00e0 proposta de substituir o d\u00f3lar nas trocas comerciais.<\/p>\n\n\n\n<p><a href=\"https:\/\/www.whatsapp.com\/channel\/0029VaoRTgrInlqYLSk59B2M\" target=\"_blank\" rel=\"noreferrer noopener\">&gt;&gt; Siga o canal da&nbsp;<strong>Ag\u00eancia Brasil&nbsp;<\/strong>no WhatsApp<\/a><\/p>\n\n\n\n<h2 class=\"wp-block-heading\">Lula<\/h2>\n\n\n\n<p><a href=\"https:\/\/agenciabrasil.ebc.com.br\/politica\/noticia\/2025-08\/lula-descarta-desafiar-eua-mas-diz-brasil-nao-e-republiqueta\" target=\"_blank\" rel=\"noreferrer noopener\">Em pronunciamento no domingo (3)<\/a>, o presidente Luiz In\u00e1cio Lula da Silva ressaltou que n\u00e3o quer desafiar os Estados Unidos, mas que o Brasil n\u00e3o pode ser tratado como uma \u201crepubliqueta\u201d. O presidente disse ainda que pais n\u00e3o abre m\u00e3o de usar moedas alternativas ao d\u00f3lar.&nbsp;<\/p>\n\n\n\n<p>O governo brasileiro informou ainda que o plano de conting\u00eancia para auxiliar as empresas afetadas pelo tarifa\u00e7o ser\u00e1 implementado nos pr\u00f3ximos dias, com linhas de cr\u00e9dito e poss\u00edveis contratos com o governo federal para substituir eventuais perdas nas exporta\u00e7\u00f5es.<\/p>\n\n\n\n<h2 class=\"wp-block-heading\">Negocia\u00e7\u00f5es<\/h2>\n\n\n\n<p><strong>Ap\u00f3s a confirma\u00e7\u00e3o da imposi\u00e7\u00e3o das tarifas na semana passada, a Secretaria de Tesouro dos Estados Unidos entrou em contato com o Minist\u00e9rio da Fazenda para iniciar as negocia\u00e7\u00f5es sobre as tarifas, ao mesmo tempo que Trump anunciou estar disposto a conversar, pessoalmente, com o presidente Lula.<\/strong><\/p>\n\n\n\n<p>J\u00e1 nesta semana, o ministro da Fazenda, Fernando Haddad, disse que as terras raras e minerais cr\u00edticos podem ser objeto de negocia\u00e7\u00e3o entre Brasil e Estados Unidos. Esses min\u00e9rios s\u00e3o essenciais para a ind\u00fastria de tecnologia, e \u00e9 um dos principais motivos de disputa entre Pequim e Washington.<\/p>\n\n\n\n<p>\u201cTemos minerais cr\u00edticos e terras raras. Os Estados Unidos n\u00e3o s\u00e3o ricos nesses minerais. Podemos fazer acordos de coopera\u00e7\u00e3o para produzir baterias mais eficientes\u201d,&nbsp;<a href=\"https:\/\/agenciabrasil.ebc.com.br\/economia\/noticia\/2025-08\/minerais-criticos-e-terras-raras-podem-entrar-em-negociacoes-com-eua\" target=\"_blank\" rel=\"noreferrer noopener\">disse Haddad em entrevista a uma rede de televis\u00e3o<\/a>.<\/p>\n\n\n\n<p>Ainda segundo o ministro da Fazenda, o setor cafeeiro acredita que pode ser beneficiado por um acordo com os EUA para excluir o produto da lista de mercadorias tarifadas. No mesmo dia que Trump assinou o tarifa\u00e7o, a&nbsp;<a href=\"https:\/\/agenciabrasil.ebc.com.br\/economia\/noticia\/2025-08\/china-aprova-que-183-novas-empresas-brasileiras-exportem-cafe-ao-pais\" target=\"_blank\" rel=\"noreferrer noopener\">China habilitou 183 empresas brasileiras para exportar caf\u00e9 para o pa\u00eds asi\u00e1tico<\/a>.<\/p>\n\n\n\n<p><\/p>\n","protected":false},"excerpt":{"rendered":"<p>Entraram em vigor, nesta quarta-feira (6), as tarifas de 50% impostas sobre parte das exporta\u00e7\u00f5es brasileiras para os Estados Unidos. A medida, assinada na semana passada pelo presidente norte-americano Donald Trump,&nbsp;afeta 35,9% das mercadorias enviadas ao mercado estadunidense, o que representa&nbsp;4% das exporta\u00e7\u00f5es brasileiras.&nbsp;Cerca de 700 produtos do Brasil ficaram fora do tarifa\u00e7o.&nbsp; Caf\u00e9, frutas [&hellip;]<\/p>\n","protected":false},"author":13,"featured_media":86484,"comment_status":"open","ping_status":"open","sticky":false,"template":"","format":"standard","meta":{"_acf_changed":false,"footnotes":""},"categories":[19,898,21],"tags":[],"class_list":["post-86483","post","type-post","status-publish","format-standard","has-post-thumbnail","hentry","category-brasil-mundo","category-manchete-segundaria","category-todas-noticias"],"acf":[],"yoast_head":"<!-- This site is optimized with the Yoast SEO plugin v24.4 - https:\/\/yoast.com\/wordpress\/plugins\/seo\/ -->\n<title>Tarifa\u00e7o sobre parte de exporta\u00e7\u00f5es brasileiras entra em vigor hoje - PORTAL DE NOT\u00cdCIAS CLEITON PINHEIRO<\/title>\n<meta name=\"robots\" content=\"index, follow, max-snippet:-1, max-image-preview:large, max-video-preview:-1\" \/>\n<link rel=\"canonical\" href=\"https:\/\/cleitonpinheiro.com.br\/site\/tarifaco-sobre-parte-de-exportacoes-brasileiras-entra-em-vigor-hoje\/\" \/>\n<meta property=\"og:locale\" content=\"pt_BR\" \/>\n<meta property=\"og:type\" content=\"article\" \/>\n<meta property=\"og:title\" content=\"Tarifa\u00e7o sobre parte de exporta\u00e7\u00f5es brasileiras entra em vigor hoje - PORTAL DE NOT\u00cdCIAS CLEITON PINHEIRO\" \/>\n<meta property=\"og:description\" content=\"Entraram em vigor, nesta quarta-feira (6), as tarifas de 50% impostas sobre parte das exporta\u00e7\u00f5es brasileiras para os Estados Unidos. A medida, assinada na semana passada pelo presidente norte-americano Donald Trump,&nbsp;afeta 35,9% das mercadorias enviadas ao mercado estadunidense, o que representa&nbsp;4% das exporta\u00e7\u00f5es brasileiras.&nbsp;Cerca de 700 produtos do Brasil ficaram fora do tarifa\u00e7o.&nbsp; Caf\u00e9, frutas [&hellip;]\" \/>\n<meta property=\"og:url\" content=\"https:\/\/cleitonpinheiro.com.br\/site\/tarifaco-sobre-parte-de-exportacoes-brasileiras-entra-em-vigor-hoje\/\" \/>\n<meta property=\"og:site_name\" content=\"PORTAL DE NOT\u00cdCIAS CLEITON PINHEIRO\" \/>\n<meta property=\"article:publisher\" content=\"https:\/\/www.facebook.com\/portalcpnoticias\/\" \/>\n<meta property=\"article:published_time\" content=\"2025-08-06T19:16:35+00:00\" \/>\n<meta property=\"article:modified_time\" content=\"2025-08-06T19:16:39+00:00\" \/>\n<meta property=\"og:image\" content=\"https:\/\/cleitonpinheiro.com.br\/site\/wp-content\/uploads\/2025\/08\/c7ce57c4-3ca3-44b5-a68b-9e4e44e7e8bb.webp\" \/>\n\t<meta property=\"og:image:width\" content=\"1170\" \/>\n\t<meta property=\"og:image:height\" content=\"700\" \/>\n\t<meta property=\"og:image:type\" content=\"image\/webp\" \/>\n<meta name=\"author\" content=\"Reda\u00e7\u00e3o CP\" \/>\n<meta name=\"twitter:card\" content=\"summary_large_image\" \/>\n<meta name=\"twitter:label1\" content=\"Escrito por\" \/>\n\t<meta name=\"twitter:data1\" content=\"Reda\u00e7\u00e3o CP\" \/>\n\t<meta name=\"twitter:label2\" content=\"Est. tempo de leitura\" \/>\n\t<meta name=\"twitter:data2\" content=\"4 minutos\" \/>\n<script type=\"application\/ld+json\" class=\"yoast-schema-graph\">{\"@context\":\"https:\/\/schema.org\",\"@graph\":[{\"@type\":\"Article\",\"@id\":\"https:\/\/cleitonpinheiro.com.br\/site\/tarifaco-sobre-parte-de-exportacoes-brasileiras-entra-em-vigor-hoje\/#article\",\"isPartOf\":{\"@id\":\"https:\/\/cleitonpinheiro.com.br\/site\/tarifaco-sobre-parte-de-exportacoes-brasileiras-entra-em-vigor-hoje\/\"},\"author\":{\"name\":\"Reda\u00e7\u00e3o CP\",\"@id\":\"https:\/\/cleitonpinheiro.com.br\/site\/#\/schema\/person\/8f04544e0bc40a1b68775b08360f87db\"},\"headline\":\"Tarifa\u00e7o sobre parte de exporta\u00e7\u00f5es brasileiras entra em vigor hoje\",\"datePublished\":\"2025-08-06T19:16:35+00:00\",\"dateModified\":\"2025-08-06T19:16:39+00:00\",\"mainEntityOfPage\":{\"@id\":\"https:\/\/cleitonpinheiro.com.br\/site\/tarifaco-sobre-parte-de-exportacoes-brasileiras-entra-em-vigor-hoje\/\"},\"wordCount\":647,\"commentCount\":0,\"publisher\":{\"@id\":\"https:\/\/cleitonpinheiro.com.br\/site\/#organization\"},\"image\":{\"@id\":\"https:\/\/cleitonpinheiro.com.br\/site\/tarifaco-sobre-parte-de-exportacoes-brasileiras-entra-em-vigor-hoje\/#primaryimage\"},\"thumbnailUrl\":\"https:\/\/cleitonpinheiro.com.br\/site\/wp-content\/uploads\/2025\/08\/c7ce57c4-3ca3-44b5-a68b-9e4e44e7e8bb.webp\",\"articleSection\":[\"BRASIL \/ MUNDO\",\"MANCHETE SEGUND\u00c1RIA\",\"TODAS NOTICIAS\"],\"inLanguage\":\"pt-BR\",\"potentialAction\":[{\"@type\":\"CommentAction\",\"name\":\"Comment\",\"target\":[\"https:\/\/cleitonpinheiro.com.br\/site\/tarifaco-sobre-parte-de-exportacoes-brasileiras-entra-em-vigor-hoje\/#respond\"]}]},{\"@type\":\"WebPage\",\"@id\":\"https:\/\/cleitonpinheiro.com.br\/site\/tarifaco-sobre-parte-de-exportacoes-brasileiras-entra-em-vigor-hoje\/\",\"url\":\"https:\/\/cleitonpinheiro.com.br\/site\/tarifaco-sobre-parte-de-exportacoes-brasileiras-entra-em-vigor-hoje\/\",\"name\":\"Tarifa\u00e7o sobre parte de exporta\u00e7\u00f5es brasileiras entra em vigor hoje - PORTAL DE NOT\u00cdCIAS CLEITON PINHEIRO\",\"isPartOf\":{\"@id\":\"https:\/\/cleitonpinheiro.com.br\/site\/#website\"},\"primaryImageOfPage\":{\"@id\":\"https:\/\/cleitonpinheiro.com.br\/site\/tarifaco-sobre-parte-de-exportacoes-brasileiras-entra-em-vigor-hoje\/#primaryimage\"},\"image\":{\"@id\":\"https:\/\/cleitonpinheiro.com.br\/site\/tarifaco-sobre-parte-de-exportacoes-brasileiras-entra-em-vigor-hoje\/#primaryimage\"},\"thumbnailUrl\":\"https:\/\/cleitonpinheiro.com.br\/site\/wp-content\/uploads\/2025\/08\/c7ce57c4-3ca3-44b5-a68b-9e4e44e7e8bb.webp\",\"datePublished\":\"2025-08-06T19:16:35+00:00\",\"dateModified\":\"2025-08-06T19:16:39+00:00\",\"breadcrumb\":{\"@id\":\"https:\/\/cleitonpinheiro.com.br\/site\/tarifaco-sobre-parte-de-exportacoes-brasileiras-entra-em-vigor-hoje\/#breadcrumb\"},\"inLanguage\":\"pt-BR\",\"potentialAction\":[{\"@type\":\"ReadAction\",\"target\":[\"https:\/\/cleitonpinheiro.com.br\/site\/tarifaco-sobre-parte-de-exportacoes-brasileiras-entra-em-vigor-hoje\/\"]}]},{\"@type\":\"ImageObject\",\"inLanguage\":\"pt-BR\",\"@id\":\"https:\/\/cleitonpinheiro.com.br\/site\/tarifaco-sobre-parte-de-exportacoes-brasileiras-entra-em-vigor-hoje\/#primaryimage\",\"url\":\"https:\/\/cleitonpinheiro.com.br\/site\/wp-content\/uploads\/2025\/08\/c7ce57c4-3ca3-44b5-a68b-9e4e44e7e8bb.webp\",\"contentUrl\":\"https:\/\/cleitonpinheiro.com.br\/site\/wp-content\/uploads\/2025\/08\/c7ce57c4-3ca3-44b5-a68b-9e4e44e7e8bb.webp\",\"width\":1170,\"height\":700,\"caption\":\"\u00a9 Divulga\u00e7\u00e3o\/Porto de Santos\"},{\"@type\":\"BreadcrumbList\",\"@id\":\"https:\/\/cleitonpinheiro.com.br\/site\/tarifaco-sobre-parte-de-exportacoes-brasileiras-entra-em-vigor-hoje\/#breadcrumb\",\"itemListElement\":[{\"@type\":\"ListItem\",\"position\":1,\"name\":\"In\u00edcio\",\"item\":\"https:\/\/cleitonpinheiro.com.br\/site\/\"},{\"@type\":\"ListItem\",\"position\":2,\"name\":\"Tarifa\u00e7o sobre parte de exporta\u00e7\u00f5es brasileiras entra em vigor hoje\"}]},{\"@type\":\"WebSite\",\"@id\":\"https:\/\/cleitonpinheiro.com.br\/site\/#website\",\"url\":\"https:\/\/cleitonpinheiro.com.br\/site\/\",\"name\":\"PORTAL DE NOT\u00cdCIAS CLEITON PINHEIRO\",\"description\":\"FALANDO A VERDADE\",\"publisher\":{\"@id\":\"https:\/\/cleitonpinheiro.com.br\/site\/#organization\"},\"potentialAction\":[{\"@type\":\"SearchAction\",\"target\":{\"@type\":\"EntryPoint\",\"urlTemplate\":\"https:\/\/cleitonpinheiro.com.br\/site\/?s={search_term_string}\"},\"query-input\":{\"@type\":\"PropertyValueSpecification\",\"valueRequired\":true,\"valueName\":\"search_term_string\"}}],\"inLanguage\":\"pt-BR\"},{\"@type\":\"Organization\",\"@id\":\"https:\/\/cleitonpinheiro.com.br\/site\/#organization\",\"name\":\"CPNOT\u00cdCIAS\",\"url\":\"https:\/\/cleitonpinheiro.com.br\/site\/\",\"logo\":{\"@type\":\"ImageObject\",\"inLanguage\":\"pt-BR\",\"@id\":\"https:\/\/cleitonpinheiro.com.br\/site\/#\/schema\/logo\/image\/\",\"url\":\"https:\/\/cleitonpinheiro.com.br\/site\/wp-content\/uploads\/2022\/08\/Logo-pequena-2.png\",\"contentUrl\":\"https:\/\/cleitonpinheiro.com.br\/site\/wp-content\/uploads\/2022\/08\/Logo-pequena-2.png\",\"width\":500,\"height\":500,\"caption\":\"CPNOT\u00cdCIAS\"},\"image\":{\"@id\":\"https:\/\/cleitonpinheiro.com.br\/site\/#\/schema\/logo\/image\/\"},\"sameAs\":[\"https:\/\/www.facebook.com\/portalcpnoticias\/\"]},{\"@type\":\"Person\",\"@id\":\"https:\/\/cleitonpinheiro.com.br\/site\/#\/schema\/person\/8f04544e0bc40a1b68775b08360f87db\",\"name\":\"Reda\u00e7\u00e3o CP\",\"image\":{\"@type\":\"ImageObject\",\"inLanguage\":\"pt-BR\",\"@id\":\"https:\/\/cleitonpinheiro.com.br\/site\/#\/schema\/person\/image\/\",\"url\":\"https:\/\/secure.gravatar.com\/avatar\/0bcf19cb29fdc8fc588c490c7ae1b3e174dac268586a63fbe1d1893a0f9020cd?s=96&r=g\",\"contentUrl\":\"https:\/\/secure.gravatar.com\/avatar\/0bcf19cb29fdc8fc588c490c7ae1b3e174dac268586a63fbe1d1893a0f9020cd?s=96&r=g\",\"caption\":\"Reda\u00e7\u00e3o CP\"},\"url\":\"https:\/\/cleitonpinheiro.com.br\/site\/author\/redacao\/\"}]}<\/script>\n<!-- \/ Yoast SEO plugin. -->","yoast_head_json":{"title":"Tarifa\u00e7o sobre parte de exporta\u00e7\u00f5es brasileiras entra em vigor hoje - PORTAL DE NOT\u00cdCIAS CLEITON PINHEIRO","robots":{"index":"index","follow":"follow","max-snippet":"max-snippet:-1","max-image-preview":"max-image-preview:large","max-video-preview":"max-video-preview:-1"},"canonical":"https:\/\/cleitonpinheiro.com.br\/site\/tarifaco-sobre-parte-de-exportacoes-brasileiras-entra-em-vigor-hoje\/","og_locale":"pt_BR","og_type":"article","og_title":"Tarifa\u00e7o sobre parte de exporta\u00e7\u00f5es brasileiras entra em vigor hoje - PORTAL DE NOT\u00cdCIAS CLEITON PINHEIRO","og_description":"Entraram em vigor, nesta quarta-feira (6), as tarifas de 50% impostas sobre parte das exporta\u00e7\u00f5es brasileiras para os Estados Unidos. A medida, assinada na semana passada pelo presidente norte-americano Donald Trump,&nbsp;afeta 35,9% das mercadorias enviadas ao mercado estadunidense, o que representa&nbsp;4% das exporta\u00e7\u00f5es brasileiras.&nbsp;Cerca de 700 produtos do Brasil ficaram fora do tarifa\u00e7o.&nbsp; Caf\u00e9, frutas [&hellip;]","og_url":"https:\/\/cleitonpinheiro.com.br\/site\/tarifaco-sobre-parte-de-exportacoes-brasileiras-entra-em-vigor-hoje\/","og_site_name":"PORTAL DE NOT\u00cdCIAS CLEITON PINHEIRO","article_publisher":"https:\/\/www.facebook.com\/portalcpnoticias\/","article_published_time":"2025-08-06T19:16:35+00:00","article_modified_time":"2025-08-06T19:16:39+00:00","og_image":[{"width":1170,"height":700,"url":"https:\/\/cleitonpinheiro.com.br\/site\/wp-content\/uploads\/2025\/08\/c7ce57c4-3ca3-44b5-a68b-9e4e44e7e8bb.webp","type":"image\/webp"}],"author":"Reda\u00e7\u00e3o CP","twitter_card":"summary_large_image","twitter_misc":{"Escrito por":"Reda\u00e7\u00e3o CP","Est. tempo de leitura":"4 minutos"},"schema":{"@context":"https:\/\/schema.org","@graph":[{"@type":"Article","@id":"https:\/\/cleitonpinheiro.com.br\/site\/tarifaco-sobre-parte-de-exportacoes-brasileiras-entra-em-vigor-hoje\/#article","isPartOf":{"@id":"https:\/\/cleitonpinheiro.com.br\/site\/tarifaco-sobre-parte-de-exportacoes-brasileiras-entra-em-vigor-hoje\/"},"author":{"name":"Reda\u00e7\u00e3o CP","@id":"https:\/\/cleitonpinheiro.com.br\/site\/#\/schema\/person\/8f04544e0bc40a1b68775b08360f87db"},"headline":"Tarifa\u00e7o sobre parte de exporta\u00e7\u00f5es brasileiras entra em vigor hoje","datePublished":"2025-08-06T19:16:35+00:00","dateModified":"2025-08-06T19:16:39+00:00","mainEntityOfPage":{"@id":"https:\/\/cleitonpinheiro.com.br\/site\/tarifaco-sobre-parte-de-exportacoes-brasileiras-entra-em-vigor-hoje\/"},"wordCount":647,"commentCount":0,"publisher":{"@id":"https:\/\/cleitonpinheiro.com.br\/site\/#organization"},"image":{"@id":"https:\/\/cleitonpinheiro.com.br\/site\/tarifaco-sobre-parte-de-exportacoes-brasileiras-entra-em-vigor-hoje\/#primaryimage"},"thumbnailUrl":"https:\/\/cleitonpinheiro.com.br\/site\/wp-content\/uploads\/2025\/08\/c7ce57c4-3ca3-44b5-a68b-9e4e44e7e8bb.webp","articleSection":["BRASIL \/ MUNDO","MANCHETE SEGUND\u00c1RIA","TODAS NOTICIAS"],"inLanguage":"pt-BR","potentialAction":[{"@type":"CommentAction","name":"Comment","target":["https:\/\/cleitonpinheiro.com.br\/site\/tarifaco-sobre-parte-de-exportacoes-brasileiras-entra-em-vigor-hoje\/#respond"]}]},{"@type":"WebPage","@id":"https:\/\/cleitonpinheiro.com.br\/site\/tarifaco-sobre-parte-de-exportacoes-brasileiras-entra-em-vigor-hoje\/","url":"https:\/\/cleitonpinheiro.com.br\/site\/tarifaco-sobre-parte-de-exportacoes-brasileiras-entra-em-vigor-hoje\/","name":"Tarifa\u00e7o sobre parte de exporta\u00e7\u00f5es brasileiras entra em vigor hoje - PORTAL DE NOT\u00cdCIAS CLEITON PINHEIRO","isPartOf":{"@id":"https:\/\/cleitonpinheiro.com.br\/site\/#website"},"primaryImageOfPage":{"@id":"https:\/\/cleitonpinheiro.com.br\/site\/tarifaco-sobre-parte-de-exportacoes-brasileiras-entra-em-vigor-hoje\/#primaryimage"},"image":{"@id":"https:\/\/cleitonpinheiro.com.br\/site\/tarifaco-sobre-parte-de-exportacoes-brasileiras-entra-em-vigor-hoje\/#primaryimage"},"thumbnailUrl":"https:\/\/cleitonpinheiro.com.br\/site\/wp-content\/uploads\/2025\/08\/c7ce57c4-3ca3-44b5-a68b-9e4e44e7e8bb.webp","datePublished":"2025-08-06T19:16:35+00:00","dateModified":"2025-08-06T19:16:39+00:00","breadcrumb":{"@id":"https:\/\/cleitonpinheiro.com.br\/site\/tarifaco-sobre-parte-de-exportacoes-brasileiras-entra-em-vigor-hoje\/#breadcrumb"},"inLanguage":"pt-BR","potentialAction":[{"@type":"ReadAction","target":["https:\/\/cleitonpinheiro.com.br\/site\/tarifaco-sobre-parte-de-exportacoes-brasileiras-entra-em-vigor-hoje\/"]}]},{"@type":"ImageObject","inLanguage":"pt-BR","@id":"https:\/\/cleitonpinheiro.com.br\/site\/tarifaco-sobre-parte-de-exportacoes-brasileiras-entra-em-vigor-hoje\/#primaryimage","url":"https:\/\/cleitonpinheiro.com.br\/site\/wp-content\/uploads\/2025\/08\/c7ce57c4-3ca3-44b5-a68b-9e4e44e7e8bb.webp","contentUrl":"https:\/\/cleitonpinheiro.com.br\/site\/wp-content\/uploads\/2025\/08\/c7ce57c4-3ca3-44b5-a68b-9e4e44e7e8bb.webp","width":1170,"height":700,"caption":"\u00a9 Divulga\u00e7\u00e3o\/Porto de Santos"},{"@type":"BreadcrumbList","@id":"https:\/\/cleitonpinheiro.com.br\/site\/tarifaco-sobre-parte-de-exportacoes-brasileiras-entra-em-vigor-hoje\/#breadcrumb","itemListElement":[{"@type":"ListItem","position":1,"name":"In\u00edcio","item":"https:\/\/cleitonpinheiro.com.br\/site\/"},{"@type":"ListItem","position":2,"name":"Tarifa\u00e7o sobre parte de exporta\u00e7\u00f5es brasileiras entra em vigor hoje"}]},{"@type":"WebSite","@id":"https:\/\/cleitonpinheiro.com.br\/site\/#website","url":"https:\/\/cleitonpinheiro.com.br\/site\/","name":"PORTAL DE NOT\u00cdCIAS CLEITON PINHEIRO","description":"FALANDO A VERDADE","publisher":{"@id":"https:\/\/cleitonpinheiro.com.br\/site\/#organization"},"potentialAction":[{"@type":"SearchAction","target":{"@type":"EntryPoint","urlTemplate":"https:\/\/cleitonpinheiro.com.br\/site\/?s={search_term_string}"},"query-input":{"@type":"PropertyValueSpecification","valueRequired":true,"valueName":"search_term_string"}}],"inLanguage":"pt-BR"},{"@type":"Organization","@id":"https:\/\/cleitonpinheiro.com.br\/site\/#organization","name":"CPNOT\u00cdCIAS","url":"https:\/\/cleitonpinheiro.com.br\/site\/","logo":{"@type":"ImageObject","inLanguage":"pt-BR","@id":"https:\/\/cleitonpinheiro.com.br\/site\/#\/schema\/logo\/image\/","url":"https:\/\/cleitonpinheiro.com.br\/site\/wp-content\/uploads\/2022\/08\/Logo-pequena-2.png","contentUrl":"https:\/\/cleitonpinheiro.com.br\/site\/wp-content\/uploads\/2022\/08\/Logo-pequena-2.png","width":500,"height":500,"caption":"CPNOT\u00cdCIAS"},"image":{"@id":"https:\/\/cleitonpinheiro.com.br\/site\/#\/schema\/logo\/image\/"},"sameAs":["https:\/\/www.facebook.com\/portalcpnoticias\/"]},{"@type":"Person","@id":"https:\/\/cleitonpinheiro.com.br\/site\/#\/schema\/person\/8f04544e0bc40a1b68775b08360f87db","name":"Reda\u00e7\u00e3o CP","image":{"@type":"ImageObject","inLanguage":"pt-BR","@id":"https:\/\/cleitonpinheiro.com.br\/site\/#\/schema\/person\/image\/","url":"https:\/\/secure.gravatar.com\/avatar\/0bcf19cb29fdc8fc588c490c7ae1b3e174dac268586a63fbe1d1893a0f9020cd?s=96&r=g","contentUrl":"https:\/\/secure.gravatar.com\/avatar\/0bcf19cb29fdc8fc588c490c7ae1b3e174dac268586a63fbe1d1893a0f9020cd?s=96&r=g","caption":"Reda\u00e7\u00e3o CP"},"url":"https:\/\/cleitonpinheiro.com.br\/site\/author\/redacao\/"}]}},"views":71,"_links":{"self":[{"href":"https:\/\/cleitonpinheiro.com.br\/site\/wp-json\/wp\/v2\/posts\/86483","targetHints":{"allow":["GET"]}}],"collection":[{"href":"https:\/\/cleitonpinheiro.com.br\/site\/wp-json\/wp\/v2\/posts"}],"about":[{"href":"https:\/\/cleitonpinheiro.com.br\/site\/wp-json\/wp\/v2\/types\/post"}],"author":[{"embeddable":true,"href":"https:\/\/cleitonpinheiro.com.br\/site\/wp-json\/wp\/v2\/users\/13"}],"replies":[{"embeddable":true,"href":"https:\/\/cleitonpinheiro.com.br\/site\/wp-json\/wp\/v2\/comments?post=86483"}],"version-history":[{"count":1,"href":"https:\/\/cleitonpinheiro.com.br\/site\/wp-json\/wp\/v2\/posts\/86483\/revisions"}],"predecessor-version":[{"id":86485,"href":"https:\/\/cleitonpinheiro.com.br\/site\/wp-json\/wp\/v2\/posts\/86483\/revisions\/86485"}],"wp:featuredmedia":[{"embeddable":true,"href":"https:\/\/cleitonpinheiro.com.br\/site\/wp-json\/wp\/v2\/media\/86484"}],"wp:attachment":[{"href":"https:\/\/cleitonpinheiro.com.br\/site\/wp-json\/wp\/v2\/media?parent=86483"}],"wp:term":[{"taxonomy":"category","embeddable":true,"href":"https:\/\/cleitonpinheiro.com.br\/site\/wp-json\/wp\/v2\/categories?post=86483"},{"taxonomy":"post_tag","embeddable":true,"href":"https:\/\/cleitonpinheiro.com.br\/site\/wp-json\/wp\/v2\/tags?post=86483"}],"curies":[{"name":"wp","href":"https:\/\/api.w.org\/{rel}","templated":true}]}}