{"id":86487,"date":"2025-08-07T13:26:10","date_gmt":"2025-08-07T16:26:10","guid":{"rendered":"https:\/\/cleitonpinheiro.com.br\/site\/?p=86487"},"modified":"2025-08-07T13:27:28","modified_gmt":"2025-08-07T16:27:28","slug":"usuarios-do-transporte-coletivo-de-palmas-podem-consultar-horarios-e-itinerarios-em-novo-aplicativo","status":"publish","type":"post","link":"https:\/\/cleitonpinheiro.com.br\/site\/usuarios-do-transporte-coletivo-de-palmas-podem-consultar-horarios-e-itinerarios-em-novo-aplicativo\/","title":{"rendered":"Usu\u00e1rios do transporte coletivo de Palmas podem consultar hor\u00e1rios e itiner\u00e1rios em novo aplicativo"},"content":{"rendered":"\n<figure class=\"wp-block-image size-large\"><img fetchpriority=\"high\" decoding=\"async\" width=\"1024\" height=\"683\" src=\"https:\/\/cleitonpinheiro.com.br\/site\/wp-content\/uploads\/2025\/05\/Prefeito-Eduardo-Siqueira-Campos-entrega-novos-onibus-Foto-Lia-Mara-13-2048x1365-1-1024x683.jpg\" alt=\"\" class=\"wp-image-85441\" srcset=\"https:\/\/cleitonpinheiro.com.br\/site\/wp-content\/uploads\/2025\/05\/Prefeito-Eduardo-Siqueira-Campos-entrega-novos-onibus-Foto-Lia-Mara-13-2048x1365-1-1024x683.jpg 1024w, https:\/\/cleitonpinheiro.com.br\/site\/wp-content\/uploads\/2025\/05\/Prefeito-Eduardo-Siqueira-Campos-entrega-novos-onibus-Foto-Lia-Mara-13-2048x1365-1-300x200.jpg 300w, https:\/\/cleitonpinheiro.com.br\/site\/wp-content\/uploads\/2025\/05\/Prefeito-Eduardo-Siqueira-Campos-entrega-novos-onibus-Foto-Lia-Mara-13-2048x1365-1-768x512.jpg 768w, https:\/\/cleitonpinheiro.com.br\/site\/wp-content\/uploads\/2025\/05\/Prefeito-Eduardo-Siqueira-Campos-entrega-novos-onibus-Foto-Lia-Mara-13-2048x1365-1-1536x1024.jpg 1536w, https:\/\/cleitonpinheiro.com.br\/site\/wp-content\/uploads\/2025\/05\/Prefeito-Eduardo-Siqueira-Campos-entrega-novos-onibus-Foto-Lia-Mara-13-2048x1365-1.jpg 2048w\" sizes=\"(max-width: 1024px) 100vw, 1024px\" \/><figcaption class=\"wp-element-caption\">Foto: Lia Mara<\/figcaption><\/figure>\n\n\n\n<p>J\u00e1 est\u00e1 dispon\u00edvel \u00e0 popula\u00e7\u00e3o o aplicativo SOU voltado aos usu\u00e1rios do transporte coletivo de Palmas. A ferramenta, que se encontra nas lojas de aplicativos para dispositivos iOS e Android, oferece informa\u00e7\u00f5es em tempo real sobre pontos, linhas, hor\u00e1rios atualizados e locais de recarga de forma r\u00e1pida e f\u00e1cil.<\/p>\n\n\n\n<p>Ap\u00f3s baixar o aplicativo, o usu\u00e1rio deve escolher a cidade, no caso Palmas. O menu principal do app fica na parte inferior da tela e traz quatro op\u00e7\u00f5es: \u2018Home\u2019 (tela inicial), \u2018Hor\u00e1rios\u2019, \u2018Favoritos\u2019 e \u2018Mais\u2019. Na tela inicial (home) aparece o mapa com os pontos de parada pr\u00f3ximos de onde o passageiro se encontra \u2013 para isso, \u00e9 preciso ativar a localiza\u00e7\u00e3o do aparelho enquanto o app estiver aberto.<\/p>\n\n\n\n<p>Ainda no mapa, \u00e9 poss\u00edvel utilizar as fun\u00e7\u00f5es \u2018centralizar na minha localiza\u00e7\u00e3o\u2019 para visualizar pontos pr\u00f3ximos do usu\u00e1rio e \u2018expandir o mapa\u2019 para visualiza\u00e7\u00e3o de linhas ou planejar a viagem pressionando pontos de interesse no mapa. Todo o trajeto do \u00f4nibus pode ser acompanhado em tempo real.<\/p>\n\n\n\n<p>Na aba hor\u00e1rios, est\u00e3o as informa\u00e7\u00f5es atualizadas de todas as linhas. No \u00edcone \u2018Mais\u2019, vai aparecer a se\u00e7\u00e3o \u2018Como utilizar\u2019 que traz um tutorial para uso do aplicativo e suas diversas funcionalidades.<\/p>\n\n\n\n<p><strong>Acessibilidade<\/strong><\/p>\n\n\n\n<p>O app conta ainda com recurso de acessibilidade que funciona automaticamente quando est\u00e1 ativo VoiceOver \u2013 recurso que l\u00ea em voz alta tudo o que aparece na tela -, o que permite a navega\u00e7\u00e3o para usu\u00e1rios com defici\u00eancia visual.<\/p>\n\n\n\n<p>Vale ressaltar que o SOU usa dados de localiza\u00e7\u00e3o do celular para informar a previs\u00e3o de chegada do \u00f4nibus ao seu ponto de parada, mesmo quando o app est\u00e1 fechado ou n\u00e3o est\u00e1 em uso.<\/p>\n","protected":false},"excerpt":{"rendered":"<p>J\u00e1 est\u00e1 dispon\u00edvel \u00e0 popula\u00e7\u00e3o o aplicativo SOU voltado aos usu\u00e1rios do transporte coletivo de Palmas. A ferramenta, que se encontra nas lojas de aplicativos para dispositivos iOS e Android, oferece informa\u00e7\u00f5es em tempo real sobre pontos, linhas, hor\u00e1rios atualizados e locais de recarga de forma r\u00e1pida e f\u00e1cil. Ap\u00f3s baixar o aplicativo, o usu\u00e1rio [&hellip;]<\/p>\n","protected":false},"author":13,"featured_media":85441,"comment_status":"open","ping_status":"open","sticky":false,"template":"","format":"standard","meta":{"_acf_changed":false,"footnotes":""},"categories":[22,898,21],"tags":[],"class_list":["post-86487","post","type-post","status-publish","format-standard","has-post-thumbnail","hentry","category-cidades","category-manchete-segundaria","category-todas-noticias"],"acf":[],"yoast_head":"<!-- This site is optimized with the Yoast SEO plugin v24.4 - https:\/\/yoast.com\/wordpress\/plugins\/seo\/ -->\n<title>Usu\u00e1rios do transporte coletivo de Palmas podem consultar hor\u00e1rios e itiner\u00e1rios em novo aplicativo - PORTAL DE NOT\u00cdCIAS CLEITON PINHEIRO<\/title>\n<meta name=\"robots\" content=\"index, follow, max-snippet:-1, max-image-preview:large, max-video-preview:-1\" \/>\n<link rel=\"canonical\" href=\"https:\/\/cleitonpinheiro.com.br\/site\/usuarios-do-transporte-coletivo-de-palmas-podem-consultar-horarios-e-itinerarios-em-novo-aplicativo\/\" \/>\n<meta property=\"og:locale\" content=\"pt_BR\" \/>\n<meta property=\"og:type\" content=\"article\" \/>\n<meta property=\"og:title\" content=\"Usu\u00e1rios do transporte coletivo de Palmas podem consultar hor\u00e1rios e itiner\u00e1rios em novo aplicativo - PORTAL DE NOT\u00cdCIAS CLEITON PINHEIRO\" \/>\n<meta property=\"og:description\" content=\"J\u00e1 est\u00e1 dispon\u00edvel \u00e0 popula\u00e7\u00e3o o aplicativo SOU voltado aos usu\u00e1rios do transporte coletivo de Palmas. A ferramenta, que se encontra nas lojas de aplicativos para dispositivos iOS e Android, oferece informa\u00e7\u00f5es em tempo real sobre pontos, linhas, hor\u00e1rios atualizados e locais de recarga de forma r\u00e1pida e f\u00e1cil. Ap\u00f3s baixar o aplicativo, o usu\u00e1rio [&hellip;]\" \/>\n<meta property=\"og:url\" content=\"https:\/\/cleitonpinheiro.com.br\/site\/usuarios-do-transporte-coletivo-de-palmas-podem-consultar-horarios-e-itinerarios-em-novo-aplicativo\/\" \/>\n<meta property=\"og:site_name\" content=\"PORTAL DE NOT\u00cdCIAS CLEITON PINHEIRO\" \/>\n<meta property=\"article:publisher\" content=\"https:\/\/www.facebook.com\/portalcpnoticias\/\" \/>\n<meta property=\"article:published_time\" content=\"2025-08-07T16:26:10+00:00\" \/>\n<meta property=\"article:modified_time\" content=\"2025-08-07T16:27:28+00:00\" \/>\n<meta property=\"og:image\" content=\"https:\/\/cleitonpinheiro.com.br\/site\/wp-content\/uploads\/2025\/05\/Prefeito-Eduardo-Siqueira-Campos-entrega-novos-onibus-Foto-Lia-Mara-13-2048x1365-1.jpg\" \/>\n\t<meta property=\"og:image:width\" content=\"2048\" \/>\n\t<meta property=\"og:image:height\" content=\"1365\" \/>\n\t<meta property=\"og:image:type\" content=\"image\/jpeg\" \/>\n<meta name=\"author\" content=\"Reda\u00e7\u00e3o CP\" \/>\n<meta name=\"twitter:card\" content=\"summary_large_image\" \/>\n<meta name=\"twitter:label1\" content=\"Escrito por\" \/>\n\t<meta name=\"twitter:data1\" content=\"Reda\u00e7\u00e3o CP\" \/>\n\t<meta name=\"twitter:label2\" content=\"Est. tempo de leitura\" \/>\n\t<meta name=\"twitter:data2\" content=\"2 minutos\" \/>\n<script type=\"application\/ld+json\" class=\"yoast-schema-graph\">{\"@context\":\"https:\/\/schema.org\",\"@graph\":[{\"@type\":\"Article\",\"@id\":\"https:\/\/cleitonpinheiro.com.br\/site\/usuarios-do-transporte-coletivo-de-palmas-podem-consultar-horarios-e-itinerarios-em-novo-aplicativo\/#article\",\"isPartOf\":{\"@id\":\"https:\/\/cleitonpinheiro.com.br\/site\/usuarios-do-transporte-coletivo-de-palmas-podem-consultar-horarios-e-itinerarios-em-novo-aplicativo\/\"},\"author\":{\"name\":\"Reda\u00e7\u00e3o CP\",\"@id\":\"https:\/\/cleitonpinheiro.com.br\/site\/#\/schema\/person\/8f04544e0bc40a1b68775b08360f87db\"},\"headline\":\"Usu\u00e1rios do transporte coletivo de Palmas podem consultar hor\u00e1rios e itiner\u00e1rios em novo aplicativo\",\"datePublished\":\"2025-08-07T16:26:10+00:00\",\"dateModified\":\"2025-08-07T16:27:28+00:00\",\"mainEntityOfPage\":{\"@id\":\"https:\/\/cleitonpinheiro.com.br\/site\/usuarios-do-transporte-coletivo-de-palmas-podem-consultar-horarios-e-itinerarios-em-novo-aplicativo\/\"},\"wordCount\":316,\"commentCount\":0,\"publisher\":{\"@id\":\"https:\/\/cleitonpinheiro.com.br\/site\/#organization\"},\"image\":{\"@id\":\"https:\/\/cleitonpinheiro.com.br\/site\/usuarios-do-transporte-coletivo-de-palmas-podem-consultar-horarios-e-itinerarios-em-novo-aplicativo\/#primaryimage\"},\"thumbnailUrl\":\"https:\/\/cleitonpinheiro.com.br\/site\/wp-content\/uploads\/2025\/05\/Prefeito-Eduardo-Siqueira-Campos-entrega-novos-onibus-Foto-Lia-Mara-13-2048x1365-1.jpg\",\"articleSection\":[\"CIDADES\",\"MANCHETE SEGUND\u00c1RIA\",\"TODAS NOTICIAS\"],\"inLanguage\":\"pt-BR\",\"potentialAction\":[{\"@type\":\"CommentAction\",\"name\":\"Comment\",\"target\":[\"https:\/\/cleitonpinheiro.com.br\/site\/usuarios-do-transporte-coletivo-de-palmas-podem-consultar-horarios-e-itinerarios-em-novo-aplicativo\/#respond\"]}]},{\"@type\":\"WebPage\",\"@id\":\"https:\/\/cleitonpinheiro.com.br\/site\/usuarios-do-transporte-coletivo-de-palmas-podem-consultar-horarios-e-itinerarios-em-novo-aplicativo\/\",\"url\":\"https:\/\/cleitonpinheiro.com.br\/site\/usuarios-do-transporte-coletivo-de-palmas-podem-consultar-horarios-e-itinerarios-em-novo-aplicativo\/\",\"name\":\"Usu\u00e1rios do transporte coletivo de Palmas podem consultar hor\u00e1rios e itiner\u00e1rios em novo aplicativo - PORTAL DE NOT\u00cdCIAS CLEITON PINHEIRO\",\"isPartOf\":{\"@id\":\"https:\/\/cleitonpinheiro.com.br\/site\/#website\"},\"primaryImageOfPage\":{\"@id\":\"https:\/\/cleitonpinheiro.com.br\/site\/usuarios-do-transporte-coletivo-de-palmas-podem-consultar-horarios-e-itinerarios-em-novo-aplicativo\/#primaryimage\"},\"image\":{\"@id\":\"https:\/\/cleitonpinheiro.com.br\/site\/usuarios-do-transporte-coletivo-de-palmas-podem-consultar-horarios-e-itinerarios-em-novo-aplicativo\/#primaryimage\"},\"thumbnailUrl\":\"https:\/\/cleitonpinheiro.com.br\/site\/wp-content\/uploads\/2025\/05\/Prefeito-Eduardo-Siqueira-Campos-entrega-novos-onibus-Foto-Lia-Mara-13-2048x1365-1.jpg\",\"datePublished\":\"2025-08-07T16:26:10+00:00\",\"dateModified\":\"2025-08-07T16:27:28+00:00\",\"breadcrumb\":{\"@id\":\"https:\/\/cleitonpinheiro.com.br\/site\/usuarios-do-transporte-coletivo-de-palmas-podem-consultar-horarios-e-itinerarios-em-novo-aplicativo\/#breadcrumb\"},\"inLanguage\":\"pt-BR\",\"potentialAction\":[{\"@type\":\"ReadAction\",\"target\":[\"https:\/\/cleitonpinheiro.com.br\/site\/usuarios-do-transporte-coletivo-de-palmas-podem-consultar-horarios-e-itinerarios-em-novo-aplicativo\/\"]}]},{\"@type\":\"ImageObject\",\"inLanguage\":\"pt-BR\",\"@id\":\"https:\/\/cleitonpinheiro.com.br\/site\/usuarios-do-transporte-coletivo-de-palmas-podem-consultar-horarios-e-itinerarios-em-novo-aplicativo\/#primaryimage\",\"url\":\"https:\/\/cleitonpinheiro.com.br\/site\/wp-content\/uploads\/2025\/05\/Prefeito-Eduardo-Siqueira-Campos-entrega-novos-onibus-Foto-Lia-Mara-13-2048x1365-1.jpg\",\"contentUrl\":\"https:\/\/cleitonpinheiro.com.br\/site\/wp-content\/uploads\/2025\/05\/Prefeito-Eduardo-Siqueira-Campos-entrega-novos-onibus-Foto-Lia-Mara-13-2048x1365-1.jpg\",\"width\":2048,\"height\":1365,\"caption\":\"Foto: Lia Mara\"},{\"@type\":\"BreadcrumbList\",\"@id\":\"https:\/\/cleitonpinheiro.com.br\/site\/usuarios-do-transporte-coletivo-de-palmas-podem-consultar-horarios-e-itinerarios-em-novo-aplicativo\/#breadcrumb\",\"itemListElement\":[{\"@type\":\"ListItem\",\"position\":1,\"name\":\"In\u00edcio\",\"item\":\"https:\/\/cleitonpinheiro.com.br\/site\/\"},{\"@type\":\"ListItem\",\"position\":2,\"name\":\"Usu\u00e1rios do transporte coletivo de Palmas podem consultar hor\u00e1rios e itiner\u00e1rios em novo aplicativo\"}]},{\"@type\":\"WebSite\",\"@id\":\"https:\/\/cleitonpinheiro.com.br\/site\/#website\",\"url\":\"https:\/\/cleitonpinheiro.com.br\/site\/\",\"name\":\"PORTAL DE NOT\u00cdCIAS CLEITON PINHEIRO\",\"description\":\"FALANDO A VERDADE\",\"publisher\":{\"@id\":\"https:\/\/cleitonpinheiro.com.br\/site\/#organization\"},\"potentialAction\":[{\"@type\":\"SearchAction\",\"target\":{\"@type\":\"EntryPoint\",\"urlTemplate\":\"https:\/\/cleitonpinheiro.com.br\/site\/?s={search_term_string}\"},\"query-input\":{\"@type\":\"PropertyValueSpecification\",\"valueRequired\":true,\"valueName\":\"search_term_string\"}}],\"inLanguage\":\"pt-BR\"},{\"@type\":\"Organization\",\"@id\":\"https:\/\/cleitonpinheiro.com.br\/site\/#organization\",\"name\":\"CPNOT\u00cdCIAS\",\"url\":\"https:\/\/cleitonpinheiro.com.br\/site\/\",\"logo\":{\"@type\":\"ImageObject\",\"inLanguage\":\"pt-BR\",\"@id\":\"https:\/\/cleitonpinheiro.com.br\/site\/#\/schema\/logo\/image\/\",\"url\":\"https:\/\/cleitonpinheiro.com.br\/site\/wp-content\/uploads\/2022\/08\/Logo-pequena-2.png\",\"contentUrl\":\"https:\/\/cleitonpinheiro.com.br\/site\/wp-content\/uploads\/2022\/08\/Logo-pequena-2.png\",\"width\":500,\"height\":500,\"caption\":\"CPNOT\u00cdCIAS\"},\"image\":{\"@id\":\"https:\/\/cleitonpinheiro.com.br\/site\/#\/schema\/logo\/image\/\"},\"sameAs\":[\"https:\/\/www.facebook.com\/portalcpnoticias\/\"]},{\"@type\":\"Person\",\"@id\":\"https:\/\/cleitonpinheiro.com.br\/site\/#\/schema\/person\/8f04544e0bc40a1b68775b08360f87db\",\"name\":\"Reda\u00e7\u00e3o CP\",\"image\":{\"@type\":\"ImageObject\",\"inLanguage\":\"pt-BR\",\"@id\":\"https:\/\/cleitonpinheiro.com.br\/site\/#\/schema\/person\/image\/\",\"url\":\"https:\/\/secure.gravatar.com\/avatar\/0bcf19cb29fdc8fc588c490c7ae1b3e174dac268586a63fbe1d1893a0f9020cd?s=96&r=g\",\"contentUrl\":\"https:\/\/secure.gravatar.com\/avatar\/0bcf19cb29fdc8fc588c490c7ae1b3e174dac268586a63fbe1d1893a0f9020cd?s=96&r=g\",\"caption\":\"Reda\u00e7\u00e3o CP\"},\"url\":\"https:\/\/cleitonpinheiro.com.br\/site\/author\/redacao\/\"}]}<\/script>\n<!-- \/ Yoast SEO plugin. -->","yoast_head_json":{"title":"Usu\u00e1rios do transporte coletivo de Palmas podem consultar hor\u00e1rios e itiner\u00e1rios em novo aplicativo - PORTAL DE NOT\u00cdCIAS CLEITON PINHEIRO","robots":{"index":"index","follow":"follow","max-snippet":"max-snippet:-1","max-image-preview":"max-image-preview:large","max-video-preview":"max-video-preview:-1"},"canonical":"https:\/\/cleitonpinheiro.com.br\/site\/usuarios-do-transporte-coletivo-de-palmas-podem-consultar-horarios-e-itinerarios-em-novo-aplicativo\/","og_locale":"pt_BR","og_type":"article","og_title":"Usu\u00e1rios do transporte coletivo de Palmas podem consultar hor\u00e1rios e itiner\u00e1rios em novo aplicativo - PORTAL DE NOT\u00cdCIAS CLEITON PINHEIRO","og_description":"J\u00e1 est\u00e1 dispon\u00edvel \u00e0 popula\u00e7\u00e3o o aplicativo SOU voltado aos usu\u00e1rios do transporte coletivo de Palmas. A ferramenta, que se encontra nas lojas de aplicativos para dispositivos iOS e Android, oferece informa\u00e7\u00f5es em tempo real sobre pontos, linhas, hor\u00e1rios atualizados e locais de recarga de forma r\u00e1pida e f\u00e1cil. Ap\u00f3s baixar o aplicativo, o usu\u00e1rio [&hellip;]","og_url":"https:\/\/cleitonpinheiro.com.br\/site\/usuarios-do-transporte-coletivo-de-palmas-podem-consultar-horarios-e-itinerarios-em-novo-aplicativo\/","og_site_name":"PORTAL DE NOT\u00cdCIAS CLEITON PINHEIRO","article_publisher":"https:\/\/www.facebook.com\/portalcpnoticias\/","article_published_time":"2025-08-07T16:26:10+00:00","article_modified_time":"2025-08-07T16:27:28+00:00","og_image":[{"width":2048,"height":1365,"url":"https:\/\/cleitonpinheiro.com.br\/site\/wp-content\/uploads\/2025\/05\/Prefeito-Eduardo-Siqueira-Campos-entrega-novos-onibus-Foto-Lia-Mara-13-2048x1365-1.jpg","type":"image\/jpeg"}],"author":"Reda\u00e7\u00e3o CP","twitter_card":"summary_large_image","twitter_misc":{"Escrito por":"Reda\u00e7\u00e3o CP","Est. tempo de leitura":"2 minutos"},"schema":{"@context":"https:\/\/schema.org","@graph":[{"@type":"Article","@id":"https:\/\/cleitonpinheiro.com.br\/site\/usuarios-do-transporte-coletivo-de-palmas-podem-consultar-horarios-e-itinerarios-em-novo-aplicativo\/#article","isPartOf":{"@id":"https:\/\/cleitonpinheiro.com.br\/site\/usuarios-do-transporte-coletivo-de-palmas-podem-consultar-horarios-e-itinerarios-em-novo-aplicativo\/"},"author":{"name":"Reda\u00e7\u00e3o CP","@id":"https:\/\/cleitonpinheiro.com.br\/site\/#\/schema\/person\/8f04544e0bc40a1b68775b08360f87db"},"headline":"Usu\u00e1rios do transporte coletivo de Palmas podem consultar hor\u00e1rios e itiner\u00e1rios em novo aplicativo","datePublished":"2025-08-07T16:26:10+00:00","dateModified":"2025-08-07T16:27:28+00:00","mainEntityOfPage":{"@id":"https:\/\/cleitonpinheiro.com.br\/site\/usuarios-do-transporte-coletivo-de-palmas-podem-consultar-horarios-e-itinerarios-em-novo-aplicativo\/"},"wordCount":316,"commentCount":0,"publisher":{"@id":"https:\/\/cleitonpinheiro.com.br\/site\/#organization"},"image":{"@id":"https:\/\/cleitonpinheiro.com.br\/site\/usuarios-do-transporte-coletivo-de-palmas-podem-consultar-horarios-e-itinerarios-em-novo-aplicativo\/#primaryimage"},"thumbnailUrl":"https:\/\/cleitonpinheiro.com.br\/site\/wp-content\/uploads\/2025\/05\/Prefeito-Eduardo-Siqueira-Campos-entrega-novos-onibus-Foto-Lia-Mara-13-2048x1365-1.jpg","articleSection":["CIDADES","MANCHETE SEGUND\u00c1RIA","TODAS NOTICIAS"],"inLanguage":"pt-BR","potentialAction":[{"@type":"CommentAction","name":"Comment","target":["https:\/\/cleitonpinheiro.com.br\/site\/usuarios-do-transporte-coletivo-de-palmas-podem-consultar-horarios-e-itinerarios-em-novo-aplicativo\/#respond"]}]},{"@type":"WebPage","@id":"https:\/\/cleitonpinheiro.com.br\/site\/usuarios-do-transporte-coletivo-de-palmas-podem-consultar-horarios-e-itinerarios-em-novo-aplicativo\/","url":"https:\/\/cleitonpinheiro.com.br\/site\/usuarios-do-transporte-coletivo-de-palmas-podem-consultar-horarios-e-itinerarios-em-novo-aplicativo\/","name":"Usu\u00e1rios do transporte coletivo de Palmas podem consultar hor\u00e1rios e itiner\u00e1rios em novo aplicativo - PORTAL DE NOT\u00cdCIAS CLEITON PINHEIRO","isPartOf":{"@id":"https:\/\/cleitonpinheiro.com.br\/site\/#website"},"primaryImageOfPage":{"@id":"https:\/\/cleitonpinheiro.com.br\/site\/usuarios-do-transporte-coletivo-de-palmas-podem-consultar-horarios-e-itinerarios-em-novo-aplicativo\/#primaryimage"},"image":{"@id":"https:\/\/cleitonpinheiro.com.br\/site\/usuarios-do-transporte-coletivo-de-palmas-podem-consultar-horarios-e-itinerarios-em-novo-aplicativo\/#primaryimage"},"thumbnailUrl":"https:\/\/cleitonpinheiro.com.br\/site\/wp-content\/uploads\/2025\/05\/Prefeito-Eduardo-Siqueira-Campos-entrega-novos-onibus-Foto-Lia-Mara-13-2048x1365-1.jpg","datePublished":"2025-08-07T16:26:10+00:00","dateModified":"2025-08-07T16:27:28+00:00","breadcrumb":{"@id":"https:\/\/cleitonpinheiro.com.br\/site\/usuarios-do-transporte-coletivo-de-palmas-podem-consultar-horarios-e-itinerarios-em-novo-aplicativo\/#breadcrumb"},"inLanguage":"pt-BR","potentialAction":[{"@type":"ReadAction","target":["https:\/\/cleitonpinheiro.com.br\/site\/usuarios-do-transporte-coletivo-de-palmas-podem-consultar-horarios-e-itinerarios-em-novo-aplicativo\/"]}]},{"@type":"ImageObject","inLanguage":"pt-BR","@id":"https:\/\/cleitonpinheiro.com.br\/site\/usuarios-do-transporte-coletivo-de-palmas-podem-consultar-horarios-e-itinerarios-em-novo-aplicativo\/#primaryimage","url":"https:\/\/cleitonpinheiro.com.br\/site\/wp-content\/uploads\/2025\/05\/Prefeito-Eduardo-Siqueira-Campos-entrega-novos-onibus-Foto-Lia-Mara-13-2048x1365-1.jpg","contentUrl":"https:\/\/cleitonpinheiro.com.br\/site\/wp-content\/uploads\/2025\/05\/Prefeito-Eduardo-Siqueira-Campos-entrega-novos-onibus-Foto-Lia-Mara-13-2048x1365-1.jpg","width":2048,"height":1365,"caption":"Foto: Lia Mara"},{"@type":"BreadcrumbList","@id":"https:\/\/cleitonpinheiro.com.br\/site\/usuarios-do-transporte-coletivo-de-palmas-podem-consultar-horarios-e-itinerarios-em-novo-aplicativo\/#breadcrumb","itemListElement":[{"@type":"ListItem","position":1,"name":"In\u00edcio","item":"https:\/\/cleitonpinheiro.com.br\/site\/"},{"@type":"ListItem","position":2,"name":"Usu\u00e1rios do transporte coletivo de Palmas podem consultar hor\u00e1rios e itiner\u00e1rios em novo aplicativo"}]},{"@type":"WebSite","@id":"https:\/\/cleitonpinheiro.com.br\/site\/#website","url":"https:\/\/cleitonpinheiro.com.br\/site\/","name":"PORTAL DE NOT\u00cdCIAS CLEITON PINHEIRO","description":"FALANDO A VERDADE","publisher":{"@id":"https:\/\/cleitonpinheiro.com.br\/site\/#organization"},"potentialAction":[{"@type":"SearchAction","target":{"@type":"EntryPoint","urlTemplate":"https:\/\/cleitonpinheiro.com.br\/site\/?s={search_term_string}"},"query-input":{"@type":"PropertyValueSpecification","valueRequired":true,"valueName":"search_term_string"}}],"inLanguage":"pt-BR"},{"@type":"Organization","@id":"https:\/\/cleitonpinheiro.com.br\/site\/#organization","name":"CPNOT\u00cdCIAS","url":"https:\/\/cleitonpinheiro.com.br\/site\/","logo":{"@type":"ImageObject","inLanguage":"pt-BR","@id":"https:\/\/cleitonpinheiro.com.br\/site\/#\/schema\/logo\/image\/","url":"https:\/\/cleitonpinheiro.com.br\/site\/wp-content\/uploads\/2022\/08\/Logo-pequena-2.png","contentUrl":"https:\/\/cleitonpinheiro.com.br\/site\/wp-content\/uploads\/2022\/08\/Logo-pequena-2.png","width":500,"height":500,"caption":"CPNOT\u00cdCIAS"},"image":{"@id":"https:\/\/cleitonpinheiro.com.br\/site\/#\/schema\/logo\/image\/"},"sameAs":["https:\/\/www.facebook.com\/portalcpnoticias\/"]},{"@type":"Person","@id":"https:\/\/cleitonpinheiro.com.br\/site\/#\/schema\/person\/8f04544e0bc40a1b68775b08360f87db","name":"Reda\u00e7\u00e3o CP","image":{"@type":"ImageObject","inLanguage":"pt-BR","@id":"https:\/\/cleitonpinheiro.com.br\/site\/#\/schema\/person\/image\/","url":"https:\/\/secure.gravatar.com\/avatar\/0bcf19cb29fdc8fc588c490c7ae1b3e174dac268586a63fbe1d1893a0f9020cd?s=96&r=g","contentUrl":"https:\/\/secure.gravatar.com\/avatar\/0bcf19cb29fdc8fc588c490c7ae1b3e174dac268586a63fbe1d1893a0f9020cd?s=96&r=g","caption":"Reda\u00e7\u00e3o CP"},"url":"https:\/\/cleitonpinheiro.com.br\/site\/author\/redacao\/"}]}},"views":125,"_links":{"self":[{"href":"https:\/\/cleitonpinheiro.com.br\/site\/wp-json\/wp\/v2\/posts\/86487","targetHints":{"allow":["GET"]}}],"collection":[{"href":"https:\/\/cleitonpinheiro.com.br\/site\/wp-json\/wp\/v2\/posts"}],"about":[{"href":"https:\/\/cleitonpinheiro.com.br\/site\/wp-json\/wp\/v2\/types\/post"}],"author":[{"embeddable":true,"href":"https:\/\/cleitonpinheiro.com.br\/site\/wp-json\/wp\/v2\/users\/13"}],"replies":[{"embeddable":true,"href":"https:\/\/cleitonpinheiro.com.br\/site\/wp-json\/wp\/v2\/comments?post=86487"}],"version-history":[{"count":1,"href":"https:\/\/cleitonpinheiro.com.br\/site\/wp-json\/wp\/v2\/posts\/86487\/revisions"}],"predecessor-version":[{"id":86488,"href":"https:\/\/cleitonpinheiro.com.br\/site\/wp-json\/wp\/v2\/posts\/86487\/revisions\/86488"}],"wp:featuredmedia":[{"embeddable":true,"href":"https:\/\/cleitonpinheiro.com.br\/site\/wp-json\/wp\/v2\/media\/85441"}],"wp:attachment":[{"href":"https:\/\/cleitonpinheiro.com.br\/site\/wp-json\/wp\/v2\/media?parent=86487"}],"wp:term":[{"taxonomy":"category","embeddable":true,"href":"https:\/\/cleitonpinheiro.com.br\/site\/wp-json\/wp\/v2\/categories?post=86487"},{"taxonomy":"post_tag","embeddable":true,"href":"https:\/\/cleitonpinheiro.com.br\/site\/wp-json\/wp\/v2\/tags?post=86487"}],"curies":[{"name":"wp","href":"https:\/\/api.w.org\/{rel}","templated":true}]}}