{"id":86490,"date":"2025-08-07T15:35:21","date_gmt":"2025-08-07T18:35:21","guid":{"rendered":"https:\/\/cleitonpinheiro.com.br\/site\/?p=86490"},"modified":"2025-08-07T15:35:25","modified_gmt":"2025-08-07T18:35:25","slug":"neste-sabado-9-unidades-de-saude-estarao-abertas-para-mais-um-dia-d-de-vacinacao","status":"publish","type":"post","link":"https:\/\/cleitonpinheiro.com.br\/site\/neste-sabado-9-unidades-de-saude-estarao-abertas-para-mais-um-dia-d-de-vacinacao\/","title":{"rendered":"Neste s\u00e1bado, 9, unidades de sa\u00fade estar\u00e3o abertas para mais um dia D de vacina\u00e7\u00e3o"},"content":{"rendered":"\n<figure class=\"wp-block-image size-full\"><img fetchpriority=\"high\" decoding=\"async\" width=\"1024\" height=\"682\" src=\"https:\/\/cleitonpinheiro.com.br\/site\/wp-content\/uploads\/2025\/08\/3-1024x682-1.jpeg\" alt=\"\" class=\"wp-image-86491\" srcset=\"https:\/\/cleitonpinheiro.com.br\/site\/wp-content\/uploads\/2025\/08\/3-1024x682-1.jpeg 1024w, https:\/\/cleitonpinheiro.com.br\/site\/wp-content\/uploads\/2025\/08\/3-1024x682-1-300x200.jpeg 300w, https:\/\/cleitonpinheiro.com.br\/site\/wp-content\/uploads\/2025\/08\/3-1024x682-1-768x512.jpeg 768w\" sizes=\"(max-width: 1024px) 100vw, 1024px\" \/><figcaption class=\"wp-element-caption\">Foto: Francisco Barros<\/figcaption><\/figure>\n\n\n\n<p>A Prefeitura de Palmas ir\u00e1 realizar o Dia D \u2013 etapa nacional \u2013 de vacina\u00e7\u00e3o contra o sarampo que acontece neste s\u00e1bado, 9. A Secretaria Municipal de Sa\u00fade (Semus) abrir\u00e1 todas as Unidades de Sa\u00fade da Fam\u00edlia (USFs), das 8 \u00e0s 17 horas, para atualiza\u00e7\u00e3o do cart\u00e3o de vacina. O p\u00fablico-alvo s\u00e3o crian\u00e7as entre seis meses a 2 anos que necessitam iniciar ou completar o esquema vacinal contra a doen\u00e7a. Tamb\u00e9m ser\u00e3o disponibilizados os demais imunizantes de rotina para todas as faixas et\u00e1rias.<\/p>\n\n\n\n<p>A secret\u00e1ria municipal de Sa\u00fade, Dhieine Caminski, refor\u00e7a que esta \u00e9 mais uma oportunidade que as fam\u00edlias t\u00eam de garantir a prote\u00e7\u00e3o, especialmente com o retorno das aulas. \u201cVacinar \u00e9 a melhor forma de proteger contra o sarampo e outras doen\u00e7as, mas \u00e9 necess\u00e1rio completar todo o esquema vacinal. Por isso \u00e9 importante que as fam\u00edlias v\u00e3o at\u00e9 \u00e0s unidades para verificar se tem alguma vacina pendente\u201d, alerta.<\/p>\n\n\n\n<p>Para garantir a aplica\u00e7\u00e3o dos imunizantes, \u00e9 necess\u00e1rio que a popula\u00e7\u00e3o leve o cart\u00e3o de vacina\u00e7\u00e3o e os documentos de identifica\u00e7\u00e3o. Esta \u00e9 mais uma a\u00e7\u00e3o do projeto Miss\u00e3o Imunizar que visa garantir a cobertura vacinal da popula\u00e7\u00e3o.&nbsp;<a href=\"https:\/\/www.palmas.to.gov.br\/prefeitura-de-palmas-aplica-mais-de-tres-mil-doses-de-vacinas-em-um-unico-dia\/\">No \u00faltimo s\u00e1bado, 4, foram mais de tr\u00eas mil doses aplicadas<\/a>.<\/p>\n\n\n\n<p><strong>Pontos de vacina\u00e7\u00e3o<\/strong><\/p>\n\n\n\n<p>USF Jos\u00e9 Luiz Otaviani (Arno 33 \u2013 307 Norte)<br>USF Arno 41 (403 Norte)<br>USF Arno 42 (405 Norte)<br>USF Arno 44 (409 Norte)<br>USF Sarah Leyl\u00e2ne da Silva Sousa (Arno 61 \u2013 503 Norte)<br>USF Arne 64 (508 Norte)<br>USF Giancarlo de Montemor Quagliarello (Arno 71 \u2013 603 Norte)<br>USF Deise de F\u00e1tima Ara\u00fajo de Paula (Arse 13 \u2013 108 Sul)<br>USF Loiane Moreno Vieira (Arse 24 \u2013 210 Sul)<br>USF Prof Isabel Auler (Arso 23 \u2013 207 Sul)<br>USF Francisco J\u00fanior (Arso 41 \u2013 403 Sul)<br>USF Arse 82 (806 Sul)<br>USF Rita Aparecida Abade (ASR-SE 75 \u2013 712 Sul)<br>USF Albertino Santos (Arse 101 \u2013 1004 Sul)<br>USF Satilo Alves de Sousa (Arso 111 \u2013 1103 Sul)<br>USF Val\u00e9ria Martins Pereira (Arse 122 \u2013 1206 Sul)<br>USF H\u00e9der de Oliveira Silva (Arse 131 \u2013 1304 Sul)<br>USF Alto Bonito (Jardim Aureny IV)<br>USF Novo Horizonte (Jardim Aureny IV)<br>USF Laurides Lima Milhomem (Jardim Aureny III)<br>USF Jardim Aureny II<br>USF Eug\u00eanio Pinheiro da Silva (Jardim Aureny I)<br>USF Jos\u00e9 L\u00facio Carvalho (Lago Sul)<br>USF Jardim Taquari<br>USF Santa F\u00e9<br>USF Morada do Sol<br>USF Bela Vista<br>USF Jos\u00e9 Hermes Rodrigues Damaso (Setor Sul)<br>USF Walter Pereira Morato (Taquaru\u00e7u)<br>Sede da Associa\u00e7\u00e3o dos Agricultores do Taquaru\u00e7u Grande (ao lado da Igreja Cat\u00f3lica)<br>Escola Municipal de Tempo Integral Luiz Nunes de Oliveira (Buritirana)<\/p>\n\n\n\n<p>Texto: Gabriela Letrari &#8211; Prefeitura de Palmas<\/p>\n","protected":false},"excerpt":{"rendered":"<p>A Prefeitura de Palmas ir\u00e1 realizar o Dia D \u2013 etapa nacional \u2013 de vacina\u00e7\u00e3o contra o sarampo que acontece neste s\u00e1bado, 9. A Secretaria Municipal de Sa\u00fade (Semus) abrir\u00e1 todas as Unidades de Sa\u00fade da Fam\u00edlia (USFs), das 8 \u00e0s 17 horas, para atualiza\u00e7\u00e3o do cart\u00e3o de vacina. O p\u00fablico-alvo s\u00e3o crian\u00e7as entre seis [&hellip;]<\/p>\n","protected":false},"author":13,"featured_media":86491,"comment_status":"open","ping_status":"open","sticky":false,"template":"","format":"standard","meta":{"_acf_changed":false,"footnotes":""},"categories":[22,898,21],"tags":[],"class_list":["post-86490","post","type-post","status-publish","format-standard","has-post-thumbnail","hentry","category-cidades","category-manchete-segundaria","category-todas-noticias"],"acf":[],"yoast_head":"<!-- This site is optimized with the Yoast SEO plugin v24.4 - https:\/\/yoast.com\/wordpress\/plugins\/seo\/ -->\n<title>Neste s\u00e1bado, 9, unidades de sa\u00fade estar\u00e3o abertas para mais um dia D de vacina\u00e7\u00e3o - PORTAL DE NOT\u00cdCIAS CLEITON PINHEIRO<\/title>\n<meta name=\"robots\" content=\"index, follow, max-snippet:-1, max-image-preview:large, max-video-preview:-1\" \/>\n<link rel=\"canonical\" href=\"https:\/\/cleitonpinheiro.com.br\/site\/neste-sabado-9-unidades-de-saude-estarao-abertas-para-mais-um-dia-d-de-vacinacao\/\" \/>\n<meta property=\"og:locale\" content=\"pt_BR\" \/>\n<meta property=\"og:type\" content=\"article\" \/>\n<meta property=\"og:title\" content=\"Neste s\u00e1bado, 9, unidades de sa\u00fade estar\u00e3o abertas para mais um dia D de vacina\u00e7\u00e3o - PORTAL DE NOT\u00cdCIAS CLEITON PINHEIRO\" \/>\n<meta property=\"og:description\" content=\"A Prefeitura de Palmas ir\u00e1 realizar o Dia D \u2013 etapa nacional \u2013 de vacina\u00e7\u00e3o contra o sarampo que acontece neste s\u00e1bado, 9. A Secretaria Municipal de Sa\u00fade (Semus) abrir\u00e1 todas as Unidades de Sa\u00fade da Fam\u00edlia (USFs), das 8 \u00e0s 17 horas, para atualiza\u00e7\u00e3o do cart\u00e3o de vacina. O p\u00fablico-alvo s\u00e3o crian\u00e7as entre seis [&hellip;]\" \/>\n<meta property=\"og:url\" content=\"https:\/\/cleitonpinheiro.com.br\/site\/neste-sabado-9-unidades-de-saude-estarao-abertas-para-mais-um-dia-d-de-vacinacao\/\" \/>\n<meta property=\"og:site_name\" content=\"PORTAL DE NOT\u00cdCIAS CLEITON PINHEIRO\" \/>\n<meta property=\"article:publisher\" content=\"https:\/\/www.facebook.com\/portalcpnoticias\/\" \/>\n<meta property=\"article:published_time\" content=\"2025-08-07T18:35:21+00:00\" \/>\n<meta property=\"article:modified_time\" content=\"2025-08-07T18:35:25+00:00\" \/>\n<meta property=\"og:image\" content=\"https:\/\/cleitonpinheiro.com.br\/site\/wp-content\/uploads\/2025\/08\/3-1024x682-1.jpeg\" \/>\n\t<meta property=\"og:image:width\" content=\"1024\" \/>\n\t<meta property=\"og:image:height\" content=\"682\" \/>\n\t<meta property=\"og:image:type\" content=\"image\/jpeg\" \/>\n<meta name=\"author\" content=\"Reda\u00e7\u00e3o CP\" \/>\n<meta name=\"twitter:card\" content=\"summary_large_image\" \/>\n<meta name=\"twitter:label1\" content=\"Escrito por\" \/>\n\t<meta name=\"twitter:data1\" content=\"Reda\u00e7\u00e3o CP\" \/>\n\t<meta name=\"twitter:label2\" content=\"Est. tempo de leitura\" \/>\n\t<meta name=\"twitter:data2\" content=\"3 minutos\" \/>\n<script type=\"application\/ld+json\" class=\"yoast-schema-graph\">{\"@context\":\"https:\/\/schema.org\",\"@graph\":[{\"@type\":\"Article\",\"@id\":\"https:\/\/cleitonpinheiro.com.br\/site\/neste-sabado-9-unidades-de-saude-estarao-abertas-para-mais-um-dia-d-de-vacinacao\/#article\",\"isPartOf\":{\"@id\":\"https:\/\/cleitonpinheiro.com.br\/site\/neste-sabado-9-unidades-de-saude-estarao-abertas-para-mais-um-dia-d-de-vacinacao\/\"},\"author\":{\"name\":\"Reda\u00e7\u00e3o CP\",\"@id\":\"https:\/\/cleitonpinheiro.com.br\/site\/#\/schema\/person\/8f04544e0bc40a1b68775b08360f87db\"},\"headline\":\"Neste s\u00e1bado, 9, unidades de sa\u00fade estar\u00e3o abertas para mais um dia D de vacina\u00e7\u00e3o\",\"datePublished\":\"2025-08-07T18:35:21+00:00\",\"dateModified\":\"2025-08-07T18:35:25+00:00\",\"mainEntityOfPage\":{\"@id\":\"https:\/\/cleitonpinheiro.com.br\/site\/neste-sabado-9-unidades-de-saude-estarao-abertas-para-mais-um-dia-d-de-vacinacao\/\"},\"wordCount\":441,\"commentCount\":0,\"publisher\":{\"@id\":\"https:\/\/cleitonpinheiro.com.br\/site\/#organization\"},\"image\":{\"@id\":\"https:\/\/cleitonpinheiro.com.br\/site\/neste-sabado-9-unidades-de-saude-estarao-abertas-para-mais-um-dia-d-de-vacinacao\/#primaryimage\"},\"thumbnailUrl\":\"https:\/\/cleitonpinheiro.com.br\/site\/wp-content\/uploads\/2025\/08\/3-1024x682-1.jpeg\",\"articleSection\":[\"CIDADES\",\"MANCHETE SEGUND\u00c1RIA\",\"TODAS NOTICIAS\"],\"inLanguage\":\"pt-BR\",\"potentialAction\":[{\"@type\":\"CommentAction\",\"name\":\"Comment\",\"target\":[\"https:\/\/cleitonpinheiro.com.br\/site\/neste-sabado-9-unidades-de-saude-estarao-abertas-para-mais-um-dia-d-de-vacinacao\/#respond\"]}]},{\"@type\":\"WebPage\",\"@id\":\"https:\/\/cleitonpinheiro.com.br\/site\/neste-sabado-9-unidades-de-saude-estarao-abertas-para-mais-um-dia-d-de-vacinacao\/\",\"url\":\"https:\/\/cleitonpinheiro.com.br\/site\/neste-sabado-9-unidades-de-saude-estarao-abertas-para-mais-um-dia-d-de-vacinacao\/\",\"name\":\"Neste s\u00e1bado, 9, unidades de sa\u00fade estar\u00e3o abertas para mais um dia D de vacina\u00e7\u00e3o - PORTAL DE NOT\u00cdCIAS CLEITON PINHEIRO\",\"isPartOf\":{\"@id\":\"https:\/\/cleitonpinheiro.com.br\/site\/#website\"},\"primaryImageOfPage\":{\"@id\":\"https:\/\/cleitonpinheiro.com.br\/site\/neste-sabado-9-unidades-de-saude-estarao-abertas-para-mais-um-dia-d-de-vacinacao\/#primaryimage\"},\"image\":{\"@id\":\"https:\/\/cleitonpinheiro.com.br\/site\/neste-sabado-9-unidades-de-saude-estarao-abertas-para-mais-um-dia-d-de-vacinacao\/#primaryimage\"},\"thumbnailUrl\":\"https:\/\/cleitonpinheiro.com.br\/site\/wp-content\/uploads\/2025\/08\/3-1024x682-1.jpeg\",\"datePublished\":\"2025-08-07T18:35:21+00:00\",\"dateModified\":\"2025-08-07T18:35:25+00:00\",\"breadcrumb\":{\"@id\":\"https:\/\/cleitonpinheiro.com.br\/site\/neste-sabado-9-unidades-de-saude-estarao-abertas-para-mais-um-dia-d-de-vacinacao\/#breadcrumb\"},\"inLanguage\":\"pt-BR\",\"potentialAction\":[{\"@type\":\"ReadAction\",\"target\":[\"https:\/\/cleitonpinheiro.com.br\/site\/neste-sabado-9-unidades-de-saude-estarao-abertas-para-mais-um-dia-d-de-vacinacao\/\"]}]},{\"@type\":\"ImageObject\",\"inLanguage\":\"pt-BR\",\"@id\":\"https:\/\/cleitonpinheiro.com.br\/site\/neste-sabado-9-unidades-de-saude-estarao-abertas-para-mais-um-dia-d-de-vacinacao\/#primaryimage\",\"url\":\"https:\/\/cleitonpinheiro.com.br\/site\/wp-content\/uploads\/2025\/08\/3-1024x682-1.jpeg\",\"contentUrl\":\"https:\/\/cleitonpinheiro.com.br\/site\/wp-content\/uploads\/2025\/08\/3-1024x682-1.jpeg\",\"width\":1024,\"height\":682,\"caption\":\"Foto: Francisco Barros\"},{\"@type\":\"BreadcrumbList\",\"@id\":\"https:\/\/cleitonpinheiro.com.br\/site\/neste-sabado-9-unidades-de-saude-estarao-abertas-para-mais-um-dia-d-de-vacinacao\/#breadcrumb\",\"itemListElement\":[{\"@type\":\"ListItem\",\"position\":1,\"name\":\"In\u00edcio\",\"item\":\"https:\/\/cleitonpinheiro.com.br\/site\/\"},{\"@type\":\"ListItem\",\"position\":2,\"name\":\"Neste s\u00e1bado, 9, unidades de sa\u00fade estar\u00e3o abertas para mais um dia D de vacina\u00e7\u00e3o\"}]},{\"@type\":\"WebSite\",\"@id\":\"https:\/\/cleitonpinheiro.com.br\/site\/#website\",\"url\":\"https:\/\/cleitonpinheiro.com.br\/site\/\",\"name\":\"PORTAL DE NOT\u00cdCIAS CLEITON PINHEIRO\",\"description\":\"FALANDO A VERDADE\",\"publisher\":{\"@id\":\"https:\/\/cleitonpinheiro.com.br\/site\/#organization\"},\"potentialAction\":[{\"@type\":\"SearchAction\",\"target\":{\"@type\":\"EntryPoint\",\"urlTemplate\":\"https:\/\/cleitonpinheiro.com.br\/site\/?s={search_term_string}\"},\"query-input\":{\"@type\":\"PropertyValueSpecification\",\"valueRequired\":true,\"valueName\":\"search_term_string\"}}],\"inLanguage\":\"pt-BR\"},{\"@type\":\"Organization\",\"@id\":\"https:\/\/cleitonpinheiro.com.br\/site\/#organization\",\"name\":\"CPNOT\u00cdCIAS\",\"url\":\"https:\/\/cleitonpinheiro.com.br\/site\/\",\"logo\":{\"@type\":\"ImageObject\",\"inLanguage\":\"pt-BR\",\"@id\":\"https:\/\/cleitonpinheiro.com.br\/site\/#\/schema\/logo\/image\/\",\"url\":\"https:\/\/cleitonpinheiro.com.br\/site\/wp-content\/uploads\/2022\/08\/Logo-pequena-2.png\",\"contentUrl\":\"https:\/\/cleitonpinheiro.com.br\/site\/wp-content\/uploads\/2022\/08\/Logo-pequena-2.png\",\"width\":500,\"height\":500,\"caption\":\"CPNOT\u00cdCIAS\"},\"image\":{\"@id\":\"https:\/\/cleitonpinheiro.com.br\/site\/#\/schema\/logo\/image\/\"},\"sameAs\":[\"https:\/\/www.facebook.com\/portalcpnoticias\/\"]},{\"@type\":\"Person\",\"@id\":\"https:\/\/cleitonpinheiro.com.br\/site\/#\/schema\/person\/8f04544e0bc40a1b68775b08360f87db\",\"name\":\"Reda\u00e7\u00e3o CP\",\"image\":{\"@type\":\"ImageObject\",\"inLanguage\":\"pt-BR\",\"@id\":\"https:\/\/cleitonpinheiro.com.br\/site\/#\/schema\/person\/image\/\",\"url\":\"https:\/\/secure.gravatar.com\/avatar\/0bcf19cb29fdc8fc588c490c7ae1b3e174dac268586a63fbe1d1893a0f9020cd?s=96&r=g\",\"contentUrl\":\"https:\/\/secure.gravatar.com\/avatar\/0bcf19cb29fdc8fc588c490c7ae1b3e174dac268586a63fbe1d1893a0f9020cd?s=96&r=g\",\"caption\":\"Reda\u00e7\u00e3o CP\"},\"url\":\"https:\/\/cleitonpinheiro.com.br\/site\/author\/redacao\/\"}]}<\/script>\n<!-- \/ Yoast SEO plugin. -->","yoast_head_json":{"title":"Neste s\u00e1bado, 9, unidades de sa\u00fade estar\u00e3o abertas para mais um dia D de vacina\u00e7\u00e3o - PORTAL DE NOT\u00cdCIAS CLEITON PINHEIRO","robots":{"index":"index","follow":"follow","max-snippet":"max-snippet:-1","max-image-preview":"max-image-preview:large","max-video-preview":"max-video-preview:-1"},"canonical":"https:\/\/cleitonpinheiro.com.br\/site\/neste-sabado-9-unidades-de-saude-estarao-abertas-para-mais-um-dia-d-de-vacinacao\/","og_locale":"pt_BR","og_type":"article","og_title":"Neste s\u00e1bado, 9, unidades de sa\u00fade estar\u00e3o abertas para mais um dia D de vacina\u00e7\u00e3o - PORTAL DE NOT\u00cdCIAS CLEITON PINHEIRO","og_description":"A Prefeitura de Palmas ir\u00e1 realizar o Dia D \u2013 etapa nacional \u2013 de vacina\u00e7\u00e3o contra o sarampo que acontece neste s\u00e1bado, 9. A Secretaria Municipal de Sa\u00fade (Semus) abrir\u00e1 todas as Unidades de Sa\u00fade da Fam\u00edlia (USFs), das 8 \u00e0s 17 horas, para atualiza\u00e7\u00e3o do cart\u00e3o de vacina. O p\u00fablico-alvo s\u00e3o crian\u00e7as entre seis [&hellip;]","og_url":"https:\/\/cleitonpinheiro.com.br\/site\/neste-sabado-9-unidades-de-saude-estarao-abertas-para-mais-um-dia-d-de-vacinacao\/","og_site_name":"PORTAL DE NOT\u00cdCIAS CLEITON PINHEIRO","article_publisher":"https:\/\/www.facebook.com\/portalcpnoticias\/","article_published_time":"2025-08-07T18:35:21+00:00","article_modified_time":"2025-08-07T18:35:25+00:00","og_image":[{"width":1024,"height":682,"url":"https:\/\/cleitonpinheiro.com.br\/site\/wp-content\/uploads\/2025\/08\/3-1024x682-1.jpeg","type":"image\/jpeg"}],"author":"Reda\u00e7\u00e3o CP","twitter_card":"summary_large_image","twitter_misc":{"Escrito por":"Reda\u00e7\u00e3o CP","Est. tempo de leitura":"3 minutos"},"schema":{"@context":"https:\/\/schema.org","@graph":[{"@type":"Article","@id":"https:\/\/cleitonpinheiro.com.br\/site\/neste-sabado-9-unidades-de-saude-estarao-abertas-para-mais-um-dia-d-de-vacinacao\/#article","isPartOf":{"@id":"https:\/\/cleitonpinheiro.com.br\/site\/neste-sabado-9-unidades-de-saude-estarao-abertas-para-mais-um-dia-d-de-vacinacao\/"},"author":{"name":"Reda\u00e7\u00e3o CP","@id":"https:\/\/cleitonpinheiro.com.br\/site\/#\/schema\/person\/8f04544e0bc40a1b68775b08360f87db"},"headline":"Neste s\u00e1bado, 9, unidades de sa\u00fade estar\u00e3o abertas para mais um dia D de vacina\u00e7\u00e3o","datePublished":"2025-08-07T18:35:21+00:00","dateModified":"2025-08-07T18:35:25+00:00","mainEntityOfPage":{"@id":"https:\/\/cleitonpinheiro.com.br\/site\/neste-sabado-9-unidades-de-saude-estarao-abertas-para-mais-um-dia-d-de-vacinacao\/"},"wordCount":441,"commentCount":0,"publisher":{"@id":"https:\/\/cleitonpinheiro.com.br\/site\/#organization"},"image":{"@id":"https:\/\/cleitonpinheiro.com.br\/site\/neste-sabado-9-unidades-de-saude-estarao-abertas-para-mais-um-dia-d-de-vacinacao\/#primaryimage"},"thumbnailUrl":"https:\/\/cleitonpinheiro.com.br\/site\/wp-content\/uploads\/2025\/08\/3-1024x682-1.jpeg","articleSection":["CIDADES","MANCHETE SEGUND\u00c1RIA","TODAS NOTICIAS"],"inLanguage":"pt-BR","potentialAction":[{"@type":"CommentAction","name":"Comment","target":["https:\/\/cleitonpinheiro.com.br\/site\/neste-sabado-9-unidades-de-saude-estarao-abertas-para-mais-um-dia-d-de-vacinacao\/#respond"]}]},{"@type":"WebPage","@id":"https:\/\/cleitonpinheiro.com.br\/site\/neste-sabado-9-unidades-de-saude-estarao-abertas-para-mais-um-dia-d-de-vacinacao\/","url":"https:\/\/cleitonpinheiro.com.br\/site\/neste-sabado-9-unidades-de-saude-estarao-abertas-para-mais-um-dia-d-de-vacinacao\/","name":"Neste s\u00e1bado, 9, unidades de sa\u00fade estar\u00e3o abertas para mais um dia D de vacina\u00e7\u00e3o - PORTAL DE NOT\u00cdCIAS CLEITON PINHEIRO","isPartOf":{"@id":"https:\/\/cleitonpinheiro.com.br\/site\/#website"},"primaryImageOfPage":{"@id":"https:\/\/cleitonpinheiro.com.br\/site\/neste-sabado-9-unidades-de-saude-estarao-abertas-para-mais-um-dia-d-de-vacinacao\/#primaryimage"},"image":{"@id":"https:\/\/cleitonpinheiro.com.br\/site\/neste-sabado-9-unidades-de-saude-estarao-abertas-para-mais-um-dia-d-de-vacinacao\/#primaryimage"},"thumbnailUrl":"https:\/\/cleitonpinheiro.com.br\/site\/wp-content\/uploads\/2025\/08\/3-1024x682-1.jpeg","datePublished":"2025-08-07T18:35:21+00:00","dateModified":"2025-08-07T18:35:25+00:00","breadcrumb":{"@id":"https:\/\/cleitonpinheiro.com.br\/site\/neste-sabado-9-unidades-de-saude-estarao-abertas-para-mais-um-dia-d-de-vacinacao\/#breadcrumb"},"inLanguage":"pt-BR","potentialAction":[{"@type":"ReadAction","target":["https:\/\/cleitonpinheiro.com.br\/site\/neste-sabado-9-unidades-de-saude-estarao-abertas-para-mais-um-dia-d-de-vacinacao\/"]}]},{"@type":"ImageObject","inLanguage":"pt-BR","@id":"https:\/\/cleitonpinheiro.com.br\/site\/neste-sabado-9-unidades-de-saude-estarao-abertas-para-mais-um-dia-d-de-vacinacao\/#primaryimage","url":"https:\/\/cleitonpinheiro.com.br\/site\/wp-content\/uploads\/2025\/08\/3-1024x682-1.jpeg","contentUrl":"https:\/\/cleitonpinheiro.com.br\/site\/wp-content\/uploads\/2025\/08\/3-1024x682-1.jpeg","width":1024,"height":682,"caption":"Foto: Francisco Barros"},{"@type":"BreadcrumbList","@id":"https:\/\/cleitonpinheiro.com.br\/site\/neste-sabado-9-unidades-de-saude-estarao-abertas-para-mais-um-dia-d-de-vacinacao\/#breadcrumb","itemListElement":[{"@type":"ListItem","position":1,"name":"In\u00edcio","item":"https:\/\/cleitonpinheiro.com.br\/site\/"},{"@type":"ListItem","position":2,"name":"Neste s\u00e1bado, 9, unidades de sa\u00fade estar\u00e3o abertas para mais um dia D de vacina\u00e7\u00e3o"}]},{"@type":"WebSite","@id":"https:\/\/cleitonpinheiro.com.br\/site\/#website","url":"https:\/\/cleitonpinheiro.com.br\/site\/","name":"PORTAL DE NOT\u00cdCIAS CLEITON PINHEIRO","description":"FALANDO A VERDADE","publisher":{"@id":"https:\/\/cleitonpinheiro.com.br\/site\/#organization"},"potentialAction":[{"@type":"SearchAction","target":{"@type":"EntryPoint","urlTemplate":"https:\/\/cleitonpinheiro.com.br\/site\/?s={search_term_string}"},"query-input":{"@type":"PropertyValueSpecification","valueRequired":true,"valueName":"search_term_string"}}],"inLanguage":"pt-BR"},{"@type":"Organization","@id":"https:\/\/cleitonpinheiro.com.br\/site\/#organization","name":"CPNOT\u00cdCIAS","url":"https:\/\/cleitonpinheiro.com.br\/site\/","logo":{"@type":"ImageObject","inLanguage":"pt-BR","@id":"https:\/\/cleitonpinheiro.com.br\/site\/#\/schema\/logo\/image\/","url":"https:\/\/cleitonpinheiro.com.br\/site\/wp-content\/uploads\/2022\/08\/Logo-pequena-2.png","contentUrl":"https:\/\/cleitonpinheiro.com.br\/site\/wp-content\/uploads\/2022\/08\/Logo-pequena-2.png","width":500,"height":500,"caption":"CPNOT\u00cdCIAS"},"image":{"@id":"https:\/\/cleitonpinheiro.com.br\/site\/#\/schema\/logo\/image\/"},"sameAs":["https:\/\/www.facebook.com\/portalcpnoticias\/"]},{"@type":"Person","@id":"https:\/\/cleitonpinheiro.com.br\/site\/#\/schema\/person\/8f04544e0bc40a1b68775b08360f87db","name":"Reda\u00e7\u00e3o CP","image":{"@type":"ImageObject","inLanguage":"pt-BR","@id":"https:\/\/cleitonpinheiro.com.br\/site\/#\/schema\/person\/image\/","url":"https:\/\/secure.gravatar.com\/avatar\/0bcf19cb29fdc8fc588c490c7ae1b3e174dac268586a63fbe1d1893a0f9020cd?s=96&r=g","contentUrl":"https:\/\/secure.gravatar.com\/avatar\/0bcf19cb29fdc8fc588c490c7ae1b3e174dac268586a63fbe1d1893a0f9020cd?s=96&r=g","caption":"Reda\u00e7\u00e3o CP"},"url":"https:\/\/cleitonpinheiro.com.br\/site\/author\/redacao\/"}]}},"views":98,"_links":{"self":[{"href":"https:\/\/cleitonpinheiro.com.br\/site\/wp-json\/wp\/v2\/posts\/86490","targetHints":{"allow":["GET"]}}],"collection":[{"href":"https:\/\/cleitonpinheiro.com.br\/site\/wp-json\/wp\/v2\/posts"}],"about":[{"href":"https:\/\/cleitonpinheiro.com.br\/site\/wp-json\/wp\/v2\/types\/post"}],"author":[{"embeddable":true,"href":"https:\/\/cleitonpinheiro.com.br\/site\/wp-json\/wp\/v2\/users\/13"}],"replies":[{"embeddable":true,"href":"https:\/\/cleitonpinheiro.com.br\/site\/wp-json\/wp\/v2\/comments?post=86490"}],"version-history":[{"count":1,"href":"https:\/\/cleitonpinheiro.com.br\/site\/wp-json\/wp\/v2\/posts\/86490\/revisions"}],"predecessor-version":[{"id":86492,"href":"https:\/\/cleitonpinheiro.com.br\/site\/wp-json\/wp\/v2\/posts\/86490\/revisions\/86492"}],"wp:featuredmedia":[{"embeddable":true,"href":"https:\/\/cleitonpinheiro.com.br\/site\/wp-json\/wp\/v2\/media\/86491"}],"wp:attachment":[{"href":"https:\/\/cleitonpinheiro.com.br\/site\/wp-json\/wp\/v2\/media?parent=86490"}],"wp:term":[{"taxonomy":"category","embeddable":true,"href":"https:\/\/cleitonpinheiro.com.br\/site\/wp-json\/wp\/v2\/categories?post=86490"},{"taxonomy":"post_tag","embeddable":true,"href":"https:\/\/cleitonpinheiro.com.br\/site\/wp-json\/wp\/v2\/tags?post=86490"}],"curies":[{"name":"wp","href":"https:\/\/api.w.org\/{rel}","templated":true}]}}