{"id":86496,"date":"2025-08-06T16:09:07","date_gmt":"2025-08-06T19:09:07","guid":{"rendered":"https:\/\/cleitonpinheiro.com.br\/site\/?p=86496"},"modified":"2025-08-07T16:16:12","modified_gmt":"2025-08-07T19:16:12","slug":"apos-denuncia-do-mpto-municipio-e-ex-prefeito-sao-condenados-por-danos-ambientais-em-araguacu","status":"publish","type":"post","link":"https:\/\/cleitonpinheiro.com.br\/site\/apos-denuncia-do-mpto-municipio-e-ex-prefeito-sao-condenados-por-danos-ambientais-em-araguacu\/","title":{"rendered":"Ap\u00f3s den\u00fancia do MPTO, munic\u00edpio e ex-prefeito s\u00e3o condenados por danos ambientais em Aragua\u00e7u"},"content":{"rendered":"\n<p><a href=\"https:\/\/www.facebook.com\/sharer\/sharer.php?u=https:\/\/mpto.mp.br\/portal\/2025\/08\/05\/apos-denuncia-do-mpto-municipio-e-ex-prefeito-sao-condenados-por-danos-ambientais-em-araguacu\" target=\"_blank\" rel=\"noreferrer noopener\"><\/a><\/p>\n\n\n\n<figure class=\"wp-block-image size-large\"><img fetchpriority=\"high\" decoding=\"async\" width=\"1024\" height=\"383\" src=\"https:\/\/cleitonpinheiro.com.br\/site\/wp-content\/uploads\/2025\/08\/78aba95ea15c40691219c8847ee92c64-width-1920-1024x383.jpeg\" alt=\"\" class=\"wp-image-86498\" srcset=\"https:\/\/cleitonpinheiro.com.br\/site\/wp-content\/uploads\/2025\/08\/78aba95ea15c40691219c8847ee92c64-width-1920-1024x383.jpeg 1024w, https:\/\/cleitonpinheiro.com.br\/site\/wp-content\/uploads\/2025\/08\/78aba95ea15c40691219c8847ee92c64-width-1920-300x112.jpeg 300w, https:\/\/cleitonpinheiro.com.br\/site\/wp-content\/uploads\/2025\/08\/78aba95ea15c40691219c8847ee92c64-width-1920-768x288.jpeg 768w, https:\/\/cleitonpinheiro.com.br\/site\/wp-content\/uploads\/2025\/08\/78aba95ea15c40691219c8847ee92c64-width-1920-1536x575.jpeg 1536w, https:\/\/cleitonpinheiro.com.br\/site\/wp-content\/uploads\/2025\/08\/78aba95ea15c40691219c8847ee92c64-width-1920.jpeg 1920w\" sizes=\"(max-width: 1024px) 100vw, 1024px\" \/><\/figure>\n\n\n\n<p>O Minist\u00e9rio P\u00fablico do Tocantins (MPTO) obteve decis\u00e3o favor\u00e1vel em a\u00e7\u00e3o penal contra o munic\u00edpio de Aragua\u00e7u e seu ex-prefeito, Joaquim Pereira Nunes, pela manuten\u00e7\u00e3o, de forma reiterada e dolosa, de um lix\u00e3o a c\u00e9u aberto que causou graves impactos ao meio ambiente e \u00e0 sa\u00fade p\u00fablica.<\/p>\n\n\n\n<p>O prefeito foi condenado a cumprir pena de reclus\u00e3o de 2 anos e 6 meses, que ser\u00e1 substitu\u00edda por presta\u00e7\u00e3o de servi\u00e7os \u00e0 comunidade, al\u00e9m do pagamento de multa. O munic\u00edpio, por sua vez, foi obrigado a desativar o lix\u00e3o e implementar um sistema de manejo adequado de res\u00edduos s\u00f3lidos, sob pena de multa di\u00e1ria de R$ 10 mil. Tamb\u00e9m foi fixada uma multa no valor de R$ 500 mil, que ser\u00e1 revertida para o Fundo Municipal de Meio Ambiente.<\/p>\n\n\n\n<p>Segundo a den\u00fancia do MPTO, de 1998 at\u00e9 2021, o munic\u00edpio operou um dep\u00f3sito irregular de res\u00edduos s\u00f3lidos \u00e0s margens da Rodovia TO-181, sem qualquer controle adequado de chorume, gases t\u00f3xicos ou prolifera\u00e7\u00e3o de vetores de doen\u00e7as.&nbsp;<\/p>\n\n\n\n<p>Relat\u00f3rios t\u00e9cnicos do Naturatins e inspe\u00e7\u00f5es realizadas pelo MPTO apontaram contamina\u00e7\u00e3o do len\u00e7ol fre\u00e1tico, gases nocivos, inc\u00eandios ilegais e grande quantidade de pneus com \u00e1gua parada, que facilitaram a prolifera\u00e7\u00e3o de doen\u00e7as virais.<\/p>\n\n\n\n<p>Al\u00e9m disso, o MPTO destacou na a\u00e7\u00e3o que a gest\u00e3o municipal, mesmo ap\u00f3s v\u00e1rias notifica\u00e7\u00f5es, multas e assinatura de termos de ajustamento de conduta, permaneceu omissa, n\u00e3o adotando as medidas necess\u00e1rias para a regulariza\u00e7\u00e3o do local. Essa conduta foi considerada como \u201cdolo por omiss\u00e3o&#8221;, ou seja, com inten\u00e7\u00e3o de n\u00e3o agir diante de obriga\u00e7\u00f5es legais para evitar o risco de dano.<\/p>\n\n\n\n<p>O Minist\u00e9rio P\u00fablico conseguiu, ainda conforme a senten\u00e7a, demonstrar a materialidade do crime de polui\u00e7\u00e3o, previsto na Lei n\u00ba 9.605\/98, tipificado como de perigo abstrato, que dispensa a necessidade de comprovar o dano efetivo, bastando provar o potencial de preju\u00edzo.<\/p>\n\n\n\n<p>Atualmente, representa o MPTO no processo o promotor de Justi\u00e7a Jorge Jos\u00e9 Maria Neto, da Promotoria Regional do Alto e M\u00e9dio Araguaia.&nbsp;<\/p>\n","protected":false},"excerpt":{"rendered":"<p>O Minist\u00e9rio P\u00fablico do Tocantins (MPTO) obteve decis\u00e3o favor\u00e1vel em a\u00e7\u00e3o penal contra o munic\u00edpio de Aragua\u00e7u e seu ex-prefeito, Joaquim Pereira Nunes, pela manuten\u00e7\u00e3o, de forma reiterada e dolosa, de um lix\u00e3o a c\u00e9u aberto que causou graves impactos ao meio ambiente e \u00e0 sa\u00fade p\u00fablica. O prefeito foi condenado a cumprir pena de [&hellip;]<\/p>\n","protected":false},"author":13,"featured_media":86498,"comment_status":"open","ping_status":"open","sticky":false,"template":"","format":"standard","meta":{"_acf_changed":false,"footnotes":""},"categories":[22,898,21],"tags":[],"class_list":["post-86496","post","type-post","status-publish","format-standard","has-post-thumbnail","hentry","category-cidades","category-manchete-segundaria","category-todas-noticias"],"acf":[],"yoast_head":"<!-- This site is optimized with the Yoast SEO plugin v24.4 - https:\/\/yoast.com\/wordpress\/plugins\/seo\/ -->\n<title>Ap\u00f3s den\u00fancia do MPTO, munic\u00edpio e ex-prefeito s\u00e3o condenados por danos ambientais em Aragua\u00e7u - PORTAL DE NOT\u00cdCIAS CLEITON PINHEIRO<\/title>\n<meta name=\"robots\" content=\"index, follow, max-snippet:-1, max-image-preview:large, max-video-preview:-1\" \/>\n<link rel=\"canonical\" href=\"https:\/\/cleitonpinheiro.com.br\/site\/apos-denuncia-do-mpto-municipio-e-ex-prefeito-sao-condenados-por-danos-ambientais-em-araguacu\/\" \/>\n<meta property=\"og:locale\" content=\"pt_BR\" \/>\n<meta property=\"og:type\" content=\"article\" \/>\n<meta property=\"og:title\" content=\"Ap\u00f3s den\u00fancia do MPTO, munic\u00edpio e ex-prefeito s\u00e3o condenados por danos ambientais em Aragua\u00e7u - PORTAL DE NOT\u00cdCIAS CLEITON PINHEIRO\" \/>\n<meta property=\"og:description\" content=\"O Minist\u00e9rio P\u00fablico do Tocantins (MPTO) obteve decis\u00e3o favor\u00e1vel em a\u00e7\u00e3o penal contra o munic\u00edpio de Aragua\u00e7u e seu ex-prefeito, Joaquim Pereira Nunes, pela manuten\u00e7\u00e3o, de forma reiterada e dolosa, de um lix\u00e3o a c\u00e9u aberto que causou graves impactos ao meio ambiente e \u00e0 sa\u00fade p\u00fablica. O prefeito foi condenado a cumprir pena de [&hellip;]\" \/>\n<meta property=\"og:url\" content=\"https:\/\/cleitonpinheiro.com.br\/site\/apos-denuncia-do-mpto-municipio-e-ex-prefeito-sao-condenados-por-danos-ambientais-em-araguacu\/\" \/>\n<meta property=\"og:site_name\" content=\"PORTAL DE NOT\u00cdCIAS CLEITON PINHEIRO\" \/>\n<meta property=\"article:publisher\" content=\"https:\/\/www.facebook.com\/portalcpnoticias\/\" \/>\n<meta property=\"article:published_time\" content=\"2025-08-06T19:09:07+00:00\" \/>\n<meta property=\"article:modified_time\" content=\"2025-08-07T19:16:12+00:00\" \/>\n<meta property=\"og:image\" content=\"https:\/\/cleitonpinheiro.com.br\/site\/wp-content\/uploads\/2025\/08\/78aba95ea15c40691219c8847ee92c64-width-1920.jpeg\" \/>\n\t<meta property=\"og:image:width\" content=\"1920\" \/>\n\t<meta property=\"og:image:height\" content=\"719\" \/>\n\t<meta property=\"og:image:type\" content=\"image\/jpeg\" \/>\n<meta name=\"author\" content=\"Reda\u00e7\u00e3o CP\" \/>\n<meta name=\"twitter:card\" content=\"summary_large_image\" \/>\n<meta name=\"twitter:label1\" content=\"Escrito por\" \/>\n\t<meta name=\"twitter:data1\" content=\"Reda\u00e7\u00e3o CP\" \/>\n\t<meta name=\"twitter:label2\" content=\"Est. tempo de leitura\" \/>\n\t<meta name=\"twitter:data2\" content=\"3 minutos\" \/>\n<script type=\"application\/ld+json\" class=\"yoast-schema-graph\">{\"@context\":\"https:\/\/schema.org\",\"@graph\":[{\"@type\":\"Article\",\"@id\":\"https:\/\/cleitonpinheiro.com.br\/site\/apos-denuncia-do-mpto-municipio-e-ex-prefeito-sao-condenados-por-danos-ambientais-em-araguacu\/#article\",\"isPartOf\":{\"@id\":\"https:\/\/cleitonpinheiro.com.br\/site\/apos-denuncia-do-mpto-municipio-e-ex-prefeito-sao-condenados-por-danos-ambientais-em-araguacu\/\"},\"author\":{\"name\":\"Reda\u00e7\u00e3o CP\",\"@id\":\"https:\/\/cleitonpinheiro.com.br\/site\/#\/schema\/person\/8f04544e0bc40a1b68775b08360f87db\"},\"headline\":\"Ap\u00f3s den\u00fancia do MPTO, munic\u00edpio e ex-prefeito s\u00e3o condenados por danos ambientais em Aragua\u00e7u\",\"datePublished\":\"2025-08-06T19:09:07+00:00\",\"dateModified\":\"2025-08-07T19:16:12+00:00\",\"mainEntityOfPage\":{\"@id\":\"https:\/\/cleitonpinheiro.com.br\/site\/apos-denuncia-do-mpto-municipio-e-ex-prefeito-sao-condenados-por-danos-ambientais-em-araguacu\/\"},\"wordCount\":392,\"commentCount\":0,\"publisher\":{\"@id\":\"https:\/\/cleitonpinheiro.com.br\/site\/#organization\"},\"image\":{\"@id\":\"https:\/\/cleitonpinheiro.com.br\/site\/apos-denuncia-do-mpto-municipio-e-ex-prefeito-sao-condenados-por-danos-ambientais-em-araguacu\/#primaryimage\"},\"thumbnailUrl\":\"https:\/\/cleitonpinheiro.com.br\/site\/wp-content\/uploads\/2025\/08\/78aba95ea15c40691219c8847ee92c64-width-1920.jpeg\",\"articleSection\":[\"CIDADES\",\"MANCHETE SEGUND\u00c1RIA\",\"TODAS NOTICIAS\"],\"inLanguage\":\"pt-BR\",\"potentialAction\":[{\"@type\":\"CommentAction\",\"name\":\"Comment\",\"target\":[\"https:\/\/cleitonpinheiro.com.br\/site\/apos-denuncia-do-mpto-municipio-e-ex-prefeito-sao-condenados-por-danos-ambientais-em-araguacu\/#respond\"]}]},{\"@type\":\"WebPage\",\"@id\":\"https:\/\/cleitonpinheiro.com.br\/site\/apos-denuncia-do-mpto-municipio-e-ex-prefeito-sao-condenados-por-danos-ambientais-em-araguacu\/\",\"url\":\"https:\/\/cleitonpinheiro.com.br\/site\/apos-denuncia-do-mpto-municipio-e-ex-prefeito-sao-condenados-por-danos-ambientais-em-araguacu\/\",\"name\":\"Ap\u00f3s den\u00fancia do MPTO, munic\u00edpio e ex-prefeito s\u00e3o condenados por danos ambientais em Aragua\u00e7u - PORTAL DE NOT\u00cdCIAS CLEITON PINHEIRO\",\"isPartOf\":{\"@id\":\"https:\/\/cleitonpinheiro.com.br\/site\/#website\"},\"primaryImageOfPage\":{\"@id\":\"https:\/\/cleitonpinheiro.com.br\/site\/apos-denuncia-do-mpto-municipio-e-ex-prefeito-sao-condenados-por-danos-ambientais-em-araguacu\/#primaryimage\"},\"image\":{\"@id\":\"https:\/\/cleitonpinheiro.com.br\/site\/apos-denuncia-do-mpto-municipio-e-ex-prefeito-sao-condenados-por-danos-ambientais-em-araguacu\/#primaryimage\"},\"thumbnailUrl\":\"https:\/\/cleitonpinheiro.com.br\/site\/wp-content\/uploads\/2025\/08\/78aba95ea15c40691219c8847ee92c64-width-1920.jpeg\",\"datePublished\":\"2025-08-06T19:09:07+00:00\",\"dateModified\":\"2025-08-07T19:16:12+00:00\",\"breadcrumb\":{\"@id\":\"https:\/\/cleitonpinheiro.com.br\/site\/apos-denuncia-do-mpto-municipio-e-ex-prefeito-sao-condenados-por-danos-ambientais-em-araguacu\/#breadcrumb\"},\"inLanguage\":\"pt-BR\",\"potentialAction\":[{\"@type\":\"ReadAction\",\"target\":[\"https:\/\/cleitonpinheiro.com.br\/site\/apos-denuncia-do-mpto-municipio-e-ex-prefeito-sao-condenados-por-danos-ambientais-em-araguacu\/\"]}]},{\"@type\":\"ImageObject\",\"inLanguage\":\"pt-BR\",\"@id\":\"https:\/\/cleitonpinheiro.com.br\/site\/apos-denuncia-do-mpto-municipio-e-ex-prefeito-sao-condenados-por-danos-ambientais-em-araguacu\/#primaryimage\",\"url\":\"https:\/\/cleitonpinheiro.com.br\/site\/wp-content\/uploads\/2025\/08\/78aba95ea15c40691219c8847ee92c64-width-1920.jpeg\",\"contentUrl\":\"https:\/\/cleitonpinheiro.com.br\/site\/wp-content\/uploads\/2025\/08\/78aba95ea15c40691219c8847ee92c64-width-1920.jpeg\",\"width\":1920,\"height\":719},{\"@type\":\"BreadcrumbList\",\"@id\":\"https:\/\/cleitonpinheiro.com.br\/site\/apos-denuncia-do-mpto-municipio-e-ex-prefeito-sao-condenados-por-danos-ambientais-em-araguacu\/#breadcrumb\",\"itemListElement\":[{\"@type\":\"ListItem\",\"position\":1,\"name\":\"In\u00edcio\",\"item\":\"https:\/\/cleitonpinheiro.com.br\/site\/\"},{\"@type\":\"ListItem\",\"position\":2,\"name\":\"Ap\u00f3s den\u00fancia do MPTO, munic\u00edpio e ex-prefeito s\u00e3o condenados por danos ambientais em Aragua\u00e7u\"}]},{\"@type\":\"WebSite\",\"@id\":\"https:\/\/cleitonpinheiro.com.br\/site\/#website\",\"url\":\"https:\/\/cleitonpinheiro.com.br\/site\/\",\"name\":\"PORTAL DE NOT\u00cdCIAS CLEITON PINHEIRO\",\"description\":\"FALANDO A VERDADE\",\"publisher\":{\"@id\":\"https:\/\/cleitonpinheiro.com.br\/site\/#organization\"},\"potentialAction\":[{\"@type\":\"SearchAction\",\"target\":{\"@type\":\"EntryPoint\",\"urlTemplate\":\"https:\/\/cleitonpinheiro.com.br\/site\/?s={search_term_string}\"},\"query-input\":{\"@type\":\"PropertyValueSpecification\",\"valueRequired\":true,\"valueName\":\"search_term_string\"}}],\"inLanguage\":\"pt-BR\"},{\"@type\":\"Organization\",\"@id\":\"https:\/\/cleitonpinheiro.com.br\/site\/#organization\",\"name\":\"CPNOT\u00cdCIAS\",\"url\":\"https:\/\/cleitonpinheiro.com.br\/site\/\",\"logo\":{\"@type\":\"ImageObject\",\"inLanguage\":\"pt-BR\",\"@id\":\"https:\/\/cleitonpinheiro.com.br\/site\/#\/schema\/logo\/image\/\",\"url\":\"https:\/\/cleitonpinheiro.com.br\/site\/wp-content\/uploads\/2022\/08\/Logo-pequena-2.png\",\"contentUrl\":\"https:\/\/cleitonpinheiro.com.br\/site\/wp-content\/uploads\/2022\/08\/Logo-pequena-2.png\",\"width\":500,\"height\":500,\"caption\":\"CPNOT\u00cdCIAS\"},\"image\":{\"@id\":\"https:\/\/cleitonpinheiro.com.br\/site\/#\/schema\/logo\/image\/\"},\"sameAs\":[\"https:\/\/www.facebook.com\/portalcpnoticias\/\"]},{\"@type\":\"Person\",\"@id\":\"https:\/\/cleitonpinheiro.com.br\/site\/#\/schema\/person\/8f04544e0bc40a1b68775b08360f87db\",\"name\":\"Reda\u00e7\u00e3o CP\",\"image\":{\"@type\":\"ImageObject\",\"inLanguage\":\"pt-BR\",\"@id\":\"https:\/\/cleitonpinheiro.com.br\/site\/#\/schema\/person\/image\/\",\"url\":\"https:\/\/secure.gravatar.com\/avatar\/0bcf19cb29fdc8fc588c490c7ae1b3e174dac268586a63fbe1d1893a0f9020cd?s=96&r=g\",\"contentUrl\":\"https:\/\/secure.gravatar.com\/avatar\/0bcf19cb29fdc8fc588c490c7ae1b3e174dac268586a63fbe1d1893a0f9020cd?s=96&r=g\",\"caption\":\"Reda\u00e7\u00e3o CP\"},\"url\":\"https:\/\/cleitonpinheiro.com.br\/site\/author\/redacao\/\"}]}<\/script>\n<!-- \/ Yoast SEO plugin. -->","yoast_head_json":{"title":"Ap\u00f3s den\u00fancia do MPTO, munic\u00edpio e ex-prefeito s\u00e3o condenados por danos ambientais em Aragua\u00e7u - PORTAL DE NOT\u00cdCIAS CLEITON PINHEIRO","robots":{"index":"index","follow":"follow","max-snippet":"max-snippet:-1","max-image-preview":"max-image-preview:large","max-video-preview":"max-video-preview:-1"},"canonical":"https:\/\/cleitonpinheiro.com.br\/site\/apos-denuncia-do-mpto-municipio-e-ex-prefeito-sao-condenados-por-danos-ambientais-em-araguacu\/","og_locale":"pt_BR","og_type":"article","og_title":"Ap\u00f3s den\u00fancia do MPTO, munic\u00edpio e ex-prefeito s\u00e3o condenados por danos ambientais em Aragua\u00e7u - PORTAL DE NOT\u00cdCIAS CLEITON PINHEIRO","og_description":"O Minist\u00e9rio P\u00fablico do Tocantins (MPTO) obteve decis\u00e3o favor\u00e1vel em a\u00e7\u00e3o penal contra o munic\u00edpio de Aragua\u00e7u e seu ex-prefeito, Joaquim Pereira Nunes, pela manuten\u00e7\u00e3o, de forma reiterada e dolosa, de um lix\u00e3o a c\u00e9u aberto que causou graves impactos ao meio ambiente e \u00e0 sa\u00fade p\u00fablica. O prefeito foi condenado a cumprir pena de [&hellip;]","og_url":"https:\/\/cleitonpinheiro.com.br\/site\/apos-denuncia-do-mpto-municipio-e-ex-prefeito-sao-condenados-por-danos-ambientais-em-araguacu\/","og_site_name":"PORTAL DE NOT\u00cdCIAS CLEITON PINHEIRO","article_publisher":"https:\/\/www.facebook.com\/portalcpnoticias\/","article_published_time":"2025-08-06T19:09:07+00:00","article_modified_time":"2025-08-07T19:16:12+00:00","og_image":[{"width":1920,"height":719,"url":"https:\/\/cleitonpinheiro.com.br\/site\/wp-content\/uploads\/2025\/08\/78aba95ea15c40691219c8847ee92c64-width-1920.jpeg","type":"image\/jpeg"}],"author":"Reda\u00e7\u00e3o CP","twitter_card":"summary_large_image","twitter_misc":{"Escrito por":"Reda\u00e7\u00e3o CP","Est. tempo de leitura":"3 minutos"},"schema":{"@context":"https:\/\/schema.org","@graph":[{"@type":"Article","@id":"https:\/\/cleitonpinheiro.com.br\/site\/apos-denuncia-do-mpto-municipio-e-ex-prefeito-sao-condenados-por-danos-ambientais-em-araguacu\/#article","isPartOf":{"@id":"https:\/\/cleitonpinheiro.com.br\/site\/apos-denuncia-do-mpto-municipio-e-ex-prefeito-sao-condenados-por-danos-ambientais-em-araguacu\/"},"author":{"name":"Reda\u00e7\u00e3o CP","@id":"https:\/\/cleitonpinheiro.com.br\/site\/#\/schema\/person\/8f04544e0bc40a1b68775b08360f87db"},"headline":"Ap\u00f3s den\u00fancia do MPTO, munic\u00edpio e ex-prefeito s\u00e3o condenados por danos ambientais em Aragua\u00e7u","datePublished":"2025-08-06T19:09:07+00:00","dateModified":"2025-08-07T19:16:12+00:00","mainEntityOfPage":{"@id":"https:\/\/cleitonpinheiro.com.br\/site\/apos-denuncia-do-mpto-municipio-e-ex-prefeito-sao-condenados-por-danos-ambientais-em-araguacu\/"},"wordCount":392,"commentCount":0,"publisher":{"@id":"https:\/\/cleitonpinheiro.com.br\/site\/#organization"},"image":{"@id":"https:\/\/cleitonpinheiro.com.br\/site\/apos-denuncia-do-mpto-municipio-e-ex-prefeito-sao-condenados-por-danos-ambientais-em-araguacu\/#primaryimage"},"thumbnailUrl":"https:\/\/cleitonpinheiro.com.br\/site\/wp-content\/uploads\/2025\/08\/78aba95ea15c40691219c8847ee92c64-width-1920.jpeg","articleSection":["CIDADES","MANCHETE SEGUND\u00c1RIA","TODAS NOTICIAS"],"inLanguage":"pt-BR","potentialAction":[{"@type":"CommentAction","name":"Comment","target":["https:\/\/cleitonpinheiro.com.br\/site\/apos-denuncia-do-mpto-municipio-e-ex-prefeito-sao-condenados-por-danos-ambientais-em-araguacu\/#respond"]}]},{"@type":"WebPage","@id":"https:\/\/cleitonpinheiro.com.br\/site\/apos-denuncia-do-mpto-municipio-e-ex-prefeito-sao-condenados-por-danos-ambientais-em-araguacu\/","url":"https:\/\/cleitonpinheiro.com.br\/site\/apos-denuncia-do-mpto-municipio-e-ex-prefeito-sao-condenados-por-danos-ambientais-em-araguacu\/","name":"Ap\u00f3s den\u00fancia do MPTO, munic\u00edpio e ex-prefeito s\u00e3o condenados por danos ambientais em Aragua\u00e7u - PORTAL DE NOT\u00cdCIAS CLEITON PINHEIRO","isPartOf":{"@id":"https:\/\/cleitonpinheiro.com.br\/site\/#website"},"primaryImageOfPage":{"@id":"https:\/\/cleitonpinheiro.com.br\/site\/apos-denuncia-do-mpto-municipio-e-ex-prefeito-sao-condenados-por-danos-ambientais-em-araguacu\/#primaryimage"},"image":{"@id":"https:\/\/cleitonpinheiro.com.br\/site\/apos-denuncia-do-mpto-municipio-e-ex-prefeito-sao-condenados-por-danos-ambientais-em-araguacu\/#primaryimage"},"thumbnailUrl":"https:\/\/cleitonpinheiro.com.br\/site\/wp-content\/uploads\/2025\/08\/78aba95ea15c40691219c8847ee92c64-width-1920.jpeg","datePublished":"2025-08-06T19:09:07+00:00","dateModified":"2025-08-07T19:16:12+00:00","breadcrumb":{"@id":"https:\/\/cleitonpinheiro.com.br\/site\/apos-denuncia-do-mpto-municipio-e-ex-prefeito-sao-condenados-por-danos-ambientais-em-araguacu\/#breadcrumb"},"inLanguage":"pt-BR","potentialAction":[{"@type":"ReadAction","target":["https:\/\/cleitonpinheiro.com.br\/site\/apos-denuncia-do-mpto-municipio-e-ex-prefeito-sao-condenados-por-danos-ambientais-em-araguacu\/"]}]},{"@type":"ImageObject","inLanguage":"pt-BR","@id":"https:\/\/cleitonpinheiro.com.br\/site\/apos-denuncia-do-mpto-municipio-e-ex-prefeito-sao-condenados-por-danos-ambientais-em-araguacu\/#primaryimage","url":"https:\/\/cleitonpinheiro.com.br\/site\/wp-content\/uploads\/2025\/08\/78aba95ea15c40691219c8847ee92c64-width-1920.jpeg","contentUrl":"https:\/\/cleitonpinheiro.com.br\/site\/wp-content\/uploads\/2025\/08\/78aba95ea15c40691219c8847ee92c64-width-1920.jpeg","width":1920,"height":719},{"@type":"BreadcrumbList","@id":"https:\/\/cleitonpinheiro.com.br\/site\/apos-denuncia-do-mpto-municipio-e-ex-prefeito-sao-condenados-por-danos-ambientais-em-araguacu\/#breadcrumb","itemListElement":[{"@type":"ListItem","position":1,"name":"In\u00edcio","item":"https:\/\/cleitonpinheiro.com.br\/site\/"},{"@type":"ListItem","position":2,"name":"Ap\u00f3s den\u00fancia do MPTO, munic\u00edpio e ex-prefeito s\u00e3o condenados por danos ambientais em Aragua\u00e7u"}]},{"@type":"WebSite","@id":"https:\/\/cleitonpinheiro.com.br\/site\/#website","url":"https:\/\/cleitonpinheiro.com.br\/site\/","name":"PORTAL DE NOT\u00cdCIAS CLEITON PINHEIRO","description":"FALANDO A VERDADE","publisher":{"@id":"https:\/\/cleitonpinheiro.com.br\/site\/#organization"},"potentialAction":[{"@type":"SearchAction","target":{"@type":"EntryPoint","urlTemplate":"https:\/\/cleitonpinheiro.com.br\/site\/?s={search_term_string}"},"query-input":{"@type":"PropertyValueSpecification","valueRequired":true,"valueName":"search_term_string"}}],"inLanguage":"pt-BR"},{"@type":"Organization","@id":"https:\/\/cleitonpinheiro.com.br\/site\/#organization","name":"CPNOT\u00cdCIAS","url":"https:\/\/cleitonpinheiro.com.br\/site\/","logo":{"@type":"ImageObject","inLanguage":"pt-BR","@id":"https:\/\/cleitonpinheiro.com.br\/site\/#\/schema\/logo\/image\/","url":"https:\/\/cleitonpinheiro.com.br\/site\/wp-content\/uploads\/2022\/08\/Logo-pequena-2.png","contentUrl":"https:\/\/cleitonpinheiro.com.br\/site\/wp-content\/uploads\/2022\/08\/Logo-pequena-2.png","width":500,"height":500,"caption":"CPNOT\u00cdCIAS"},"image":{"@id":"https:\/\/cleitonpinheiro.com.br\/site\/#\/schema\/logo\/image\/"},"sameAs":["https:\/\/www.facebook.com\/portalcpnoticias\/"]},{"@type":"Person","@id":"https:\/\/cleitonpinheiro.com.br\/site\/#\/schema\/person\/8f04544e0bc40a1b68775b08360f87db","name":"Reda\u00e7\u00e3o CP","image":{"@type":"ImageObject","inLanguage":"pt-BR","@id":"https:\/\/cleitonpinheiro.com.br\/site\/#\/schema\/person\/image\/","url":"https:\/\/secure.gravatar.com\/avatar\/0bcf19cb29fdc8fc588c490c7ae1b3e174dac268586a63fbe1d1893a0f9020cd?s=96&r=g","contentUrl":"https:\/\/secure.gravatar.com\/avatar\/0bcf19cb29fdc8fc588c490c7ae1b3e174dac268586a63fbe1d1893a0f9020cd?s=96&r=g","caption":"Reda\u00e7\u00e3o CP"},"url":"https:\/\/cleitonpinheiro.com.br\/site\/author\/redacao\/"}]}},"views":81,"_links":{"self":[{"href":"https:\/\/cleitonpinheiro.com.br\/site\/wp-json\/wp\/v2\/posts\/86496","targetHints":{"allow":["GET"]}}],"collection":[{"href":"https:\/\/cleitonpinheiro.com.br\/site\/wp-json\/wp\/v2\/posts"}],"about":[{"href":"https:\/\/cleitonpinheiro.com.br\/site\/wp-json\/wp\/v2\/types\/post"}],"author":[{"embeddable":true,"href":"https:\/\/cleitonpinheiro.com.br\/site\/wp-json\/wp\/v2\/users\/13"}],"replies":[{"embeddable":true,"href":"https:\/\/cleitonpinheiro.com.br\/site\/wp-json\/wp\/v2\/comments?post=86496"}],"version-history":[{"count":1,"href":"https:\/\/cleitonpinheiro.com.br\/site\/wp-json\/wp\/v2\/posts\/86496\/revisions"}],"predecessor-version":[{"id":86499,"href":"https:\/\/cleitonpinheiro.com.br\/site\/wp-json\/wp\/v2\/posts\/86496\/revisions\/86499"}],"wp:featuredmedia":[{"embeddable":true,"href":"https:\/\/cleitonpinheiro.com.br\/site\/wp-json\/wp\/v2\/media\/86498"}],"wp:attachment":[{"href":"https:\/\/cleitonpinheiro.com.br\/site\/wp-json\/wp\/v2\/media?parent=86496"}],"wp:term":[{"taxonomy":"category","embeddable":true,"href":"https:\/\/cleitonpinheiro.com.br\/site\/wp-json\/wp\/v2\/categories?post=86496"},{"taxonomy":"post_tag","embeddable":true,"href":"https:\/\/cleitonpinheiro.com.br\/site\/wp-json\/wp\/v2\/tags?post=86496"}],"curies":[{"name":"wp","href":"https:\/\/api.w.org\/{rel}","templated":true}]}}