{"id":86503,"date":"2025-08-08T16:49:02","date_gmt":"2025-08-08T19:49:02","guid":{"rendered":"https:\/\/cleitonpinheiro.com.br\/site\/?p=86503"},"modified":"2025-08-08T16:49:08","modified_gmt":"2025-08-08T19:49:08","slug":"dose-zero-e-vitamina-a-serao-ofertadas-no-dia-d-de-vacinacao-que-acontece-neste-sabado-9","status":"publish","type":"post","link":"https:\/\/cleitonpinheiro.com.br\/site\/dose-zero-e-vitamina-a-serao-ofertadas-no-dia-d-de-vacinacao-que-acontece-neste-sabado-9\/","title":{"rendered":"Dose zero e vitamina A ser\u00e3o ofertadas no dia D de vacina\u00e7\u00e3o que acontece neste s\u00e1bado, 9"},"content":{"rendered":"\n<figure class=\"wp-block-image size-full\"><img fetchpriority=\"high\" decoding=\"async\" width=\"1024\" height=\"682\" src=\"https:\/\/cleitonpinheiro.com.br\/site\/wp-content\/uploads\/2025\/08\/3-1024x682-1.jpeg\" alt=\"\" class=\"wp-image-86491\" srcset=\"https:\/\/cleitonpinheiro.com.br\/site\/wp-content\/uploads\/2025\/08\/3-1024x682-1.jpeg 1024w, https:\/\/cleitonpinheiro.com.br\/site\/wp-content\/uploads\/2025\/08\/3-1024x682-1-300x200.jpeg 300w, https:\/\/cleitonpinheiro.com.br\/site\/wp-content\/uploads\/2025\/08\/3-1024x682-1-768x512.jpeg 768w\" sizes=\"(max-width: 1024px) 100vw, 1024px\" \/><figcaption class=\"wp-element-caption\">Foto: Francisco Barros<\/figcaption><\/figure>\n\n\n\n<p>Neste s\u00e1bado, 9, acontece o Dia D \u2013 etapa nacional \u2013 de vacina\u00e7\u00e3o contra o sarampo e o p\u00fablico-alvo s\u00e3o crian\u00e7as entre seis meses e dois anos. Para garantir a prote\u00e7\u00e3o de beb\u00eas menores de um ano contra a doen\u00e7a, a Prefeitura de Palmas oferecer\u00e1 a vacina chamada \u201cdose zero\u201d em seis locais. A estrat\u00e9gia visa otimizar os frascos do imunobiol\u00f3gico que, ap\u00f3s aberto, t\u00eam durabilidade de seis horas e rende dez aplica\u00e7\u00f5es. A vitamina A tamb\u00e9m ser\u00e1 fornecida para o p\u00fablico infantil menor de cinco anos de idade em 31 pontos de vacina\u00e7\u00e3o.<\/p>\n\n\n\n<p>A dose zero estar\u00e1 dispon\u00edvel nas Unidades de Sa\u00fade da Fam\u00edlia (USFs) Arno 41 (403 Norte), Francisco J\u00fanior (Arso 41 \u2013 403 Sul), Laurides Lima Milhomem (Jardim Aureny III), Jardim Taquari, Morada do Sol e na Escola Municipal de Tempo Integral (ETI) Luiz Nunes de Oliveira (Buritirana), das 8 \u00e0s 17 horas. A Secretaria Municipal da Sa\u00fade (Semus) ressalta que a imuniza\u00e7\u00e3o de crian\u00e7as menores de um ano contra o sarampo \u00e9 uma medida adotada pelo Minist\u00e9rio da Sa\u00fade (MS) para conter o aumento de casos suspeitos e confirmados da doen\u00e7a no Pa\u00eds.<\/p>\n\n\n\n<p><strong>Vitamina A<\/strong><\/p>\n\n\n\n<p>A vitamina A estar\u00e1 dispon\u00edvel em 31 pontos de vacina\u00e7\u00e3o. Veja a lista logo abaixo. A suplementa\u00e7\u00e3o \u00e9 indicada para beb\u00eas a partir dos seis meses de vida e crian\u00e7as menores de cinco anos. Seu consumo ajuda a proteger a sa\u00fade dos olhos, potencializa o desenvolvimento e tamb\u00e9m previne riscos de diarreia e mortalidade infantil. A recomenda\u00e7\u00e3o \u00e9 que a vitamina seja feita a cada seis meses nessa faixa et\u00e1ria.<\/p>\n\n\n\n<p>As vacinas de rotina tamb\u00e9m ser\u00e3o ofertadas para crian\u00e7as de todas as idades, adolescentes, adultos, gestantes, pu\u00e9rperas e idosos. A a\u00e7\u00e3o faz parte do Projeto Miss\u00e3o Imunizar que visa garantir a cobertura vacinal da popula\u00e7\u00e3o. Para mais informa\u00e7\u00f5es acesse aqui.<\/p>\n\n\n\n<p><strong>Locais da dose zero<\/strong><\/p>\n\n\n\n<p>USF Arno 41 (403 Norte);<br>USF Francisco J\u00fanior (Arso 41 \u2013 403 Sul);<br>USF Laurides Lima Milhomem (Jardim Aureny III);<br>USF Jardim Taquari;<br>USF Morada do Sol;<br>Escola Municipal de Tempo Integral Luiz Nunes de Oliveira (Buritirana).<\/p>\n\n\n\n<p><strong>Pontos de vacina\u00e7\u00e3o<\/strong><\/p>\n\n\n\n<p>USF Jos\u00e9 Luiz Otaviani (Arno 33 \u2013 307 Norte);<br>USF Arno 41 (403 Norte);<br>USF Arno 42 (405 Norte);<br>USF Arno 44 (409 Norte);<br>USF Sarah Leyl\u00e2ne da Silva Sousa (Arno 61 \u2013 503 Norte);<br>USF Arne 64 (508 Norte);<br>USF Giancarlo de Montemor Quagliarello (Arno 71 \u2013 603 Norte);<br>USF Deise de F\u00e1tima Ara\u00fajo de Paula (Arse 13 \u2013 108 Sul);<br>USF Loiane Moreno Vieira (Arse 24 \u2013 210 Sul);<br>USF Prof Isabel Auler (Arso 23 \u2013 207 Sul);<br>USF Francisco J\u00fanior (Arso 41 \u2013 403 Sul);<br>USF Arse 82 (806 Sul);<br>USF Rita Aparecida Abade (ASR-SE 75 \u2013 712 Sul);<br>USF Albertino Santos (Arse 101 \u2013 1004 Sul);<br>USF Satilo Alves de Sousa (Arso 111 \u2013 1103 Sul);<br>USF Val\u00e9ria Martins Pereira (Arse 122 \u2013 1206 Sul);<br>USF H\u00e9der de Oliveira Silva (Arse 131 \u2013 1304 Sul);<br>USF Alto Bonito (Jardim Aureny IV);<br>USF Novo Horizonte (Jardim Aureny IV);<br>USF Laurides Lima Milhomem (Jardim Aureny III);<br>USF Jardim Aureny II;<br>USF Eug\u00eanio Pinheiro da Silva (Jardim Aureny I);<br>USF Jos\u00e9 L\u00facio Carvalho (Lago Sul);<br>USF Jardim Taquari;<br>USF Santa F\u00e9;<br>USF Morada do Sol;<br>USF Bela Vista;<br>USF Jos\u00e9 Hermes Rodrigues Damaso (Setor Sul);<br>USF Walter Pereira Morato (Taquaru\u00e7u);<br>Sede da Associa\u00e7\u00e3o dos Agricultores do Taquaru\u00e7u Grande (ao lado da Igreja Cat\u00f3lica);<br>Escola Municipal de Tempo Integral Luiz Nunes de Oliveira (Buritirana).<\/p>\n\n\n\n<p>Texto: Gabriela Letrati<\/p>\n\n\n\n<p><\/p>\n","protected":false},"excerpt":{"rendered":"<p>Neste s\u00e1bado, 9, acontece o Dia D \u2013 etapa nacional \u2013 de vacina\u00e7\u00e3o contra o sarampo e o p\u00fablico-alvo s\u00e3o crian\u00e7as entre seis meses e dois anos. Para garantir a prote\u00e7\u00e3o de beb\u00eas menores de um ano contra a doen\u00e7a, a Prefeitura de Palmas oferecer\u00e1 a vacina chamada \u201cdose zero\u201d em seis locais. A estrat\u00e9gia [&hellip;]<\/p>\n","protected":false},"author":13,"featured_media":86491,"comment_status":"open","ping_status":"open","sticky":false,"template":"","format":"standard","meta":{"_acf_changed":false,"footnotes":""},"categories":[22,898,21],"tags":[],"class_list":["post-86503","post","type-post","status-publish","format-standard","has-post-thumbnail","hentry","category-cidades","category-manchete-segundaria","category-todas-noticias"],"acf":[],"yoast_head":"<!-- This site is optimized with the Yoast SEO plugin v24.4 - https:\/\/yoast.com\/wordpress\/plugins\/seo\/ -->\n<title>Dose zero e vitamina A ser\u00e3o ofertadas no dia D de vacina\u00e7\u00e3o que acontece neste s\u00e1bado, 9 - PORTAL DE NOT\u00cdCIAS CLEITON PINHEIRO<\/title>\n<meta name=\"robots\" content=\"index, follow, max-snippet:-1, max-image-preview:large, max-video-preview:-1\" \/>\n<link rel=\"canonical\" href=\"https:\/\/cleitonpinheiro.com.br\/site\/dose-zero-e-vitamina-a-serao-ofertadas-no-dia-d-de-vacinacao-que-acontece-neste-sabado-9\/\" \/>\n<meta property=\"og:locale\" content=\"pt_BR\" \/>\n<meta property=\"og:type\" content=\"article\" \/>\n<meta property=\"og:title\" content=\"Dose zero e vitamina A ser\u00e3o ofertadas no dia D de vacina\u00e7\u00e3o que acontece neste s\u00e1bado, 9 - PORTAL DE NOT\u00cdCIAS CLEITON PINHEIRO\" \/>\n<meta property=\"og:description\" content=\"Neste s\u00e1bado, 9, acontece o Dia D \u2013 etapa nacional \u2013 de vacina\u00e7\u00e3o contra o sarampo e o p\u00fablico-alvo s\u00e3o crian\u00e7as entre seis meses e dois anos. Para garantir a prote\u00e7\u00e3o de beb\u00eas menores de um ano contra a doen\u00e7a, a Prefeitura de Palmas oferecer\u00e1 a vacina chamada \u201cdose zero\u201d em seis locais. A estrat\u00e9gia [&hellip;]\" \/>\n<meta property=\"og:url\" content=\"https:\/\/cleitonpinheiro.com.br\/site\/dose-zero-e-vitamina-a-serao-ofertadas-no-dia-d-de-vacinacao-que-acontece-neste-sabado-9\/\" \/>\n<meta property=\"og:site_name\" content=\"PORTAL DE NOT\u00cdCIAS CLEITON PINHEIRO\" \/>\n<meta property=\"article:publisher\" content=\"https:\/\/www.facebook.com\/portalcpnoticias\/\" \/>\n<meta property=\"article:published_time\" content=\"2025-08-08T19:49:02+00:00\" \/>\n<meta property=\"article:modified_time\" content=\"2025-08-08T19:49:08+00:00\" \/>\n<meta property=\"og:image\" content=\"https:\/\/cleitonpinheiro.com.br\/site\/wp-content\/uploads\/2025\/08\/3-1024x682-1.jpeg\" \/>\n\t<meta property=\"og:image:width\" content=\"1024\" \/>\n\t<meta property=\"og:image:height\" content=\"682\" \/>\n\t<meta property=\"og:image:type\" content=\"image\/jpeg\" \/>\n<meta name=\"author\" content=\"Reda\u00e7\u00e3o CP\" \/>\n<meta name=\"twitter:card\" content=\"summary_large_image\" \/>\n<meta name=\"twitter:label1\" content=\"Escrito por\" \/>\n\t<meta name=\"twitter:data1\" content=\"Reda\u00e7\u00e3o CP\" \/>\n\t<meta name=\"twitter:label2\" content=\"Est. tempo de leitura\" \/>\n\t<meta name=\"twitter:data2\" content=\"4 minutos\" \/>\n<script type=\"application\/ld+json\" class=\"yoast-schema-graph\">{\"@context\":\"https:\/\/schema.org\",\"@graph\":[{\"@type\":\"Article\",\"@id\":\"https:\/\/cleitonpinheiro.com.br\/site\/dose-zero-e-vitamina-a-serao-ofertadas-no-dia-d-de-vacinacao-que-acontece-neste-sabado-9\/#article\",\"isPartOf\":{\"@id\":\"https:\/\/cleitonpinheiro.com.br\/site\/dose-zero-e-vitamina-a-serao-ofertadas-no-dia-d-de-vacinacao-que-acontece-neste-sabado-9\/\"},\"author\":{\"name\":\"Reda\u00e7\u00e3o CP\",\"@id\":\"https:\/\/cleitonpinheiro.com.br\/site\/#\/schema\/person\/8f04544e0bc40a1b68775b08360f87db\"},\"headline\":\"Dose zero e vitamina A ser\u00e3o ofertadas no dia D de vacina\u00e7\u00e3o que acontece neste s\u00e1bado, 9\",\"datePublished\":\"2025-08-08T19:49:02+00:00\",\"dateModified\":\"2025-08-08T19:49:08+00:00\",\"mainEntityOfPage\":{\"@id\":\"https:\/\/cleitonpinheiro.com.br\/site\/dose-zero-e-vitamina-a-serao-ofertadas-no-dia-d-de-vacinacao-que-acontece-neste-sabado-9\/\"},\"wordCount\":584,\"commentCount\":0,\"publisher\":{\"@id\":\"https:\/\/cleitonpinheiro.com.br\/site\/#organization\"},\"image\":{\"@id\":\"https:\/\/cleitonpinheiro.com.br\/site\/dose-zero-e-vitamina-a-serao-ofertadas-no-dia-d-de-vacinacao-que-acontece-neste-sabado-9\/#primaryimage\"},\"thumbnailUrl\":\"https:\/\/cleitonpinheiro.com.br\/site\/wp-content\/uploads\/2025\/08\/3-1024x682-1.jpeg\",\"articleSection\":[\"CIDADES\",\"MANCHETE SEGUND\u00c1RIA\",\"TODAS NOTICIAS\"],\"inLanguage\":\"pt-BR\",\"potentialAction\":[{\"@type\":\"CommentAction\",\"name\":\"Comment\",\"target\":[\"https:\/\/cleitonpinheiro.com.br\/site\/dose-zero-e-vitamina-a-serao-ofertadas-no-dia-d-de-vacinacao-que-acontece-neste-sabado-9\/#respond\"]}]},{\"@type\":\"WebPage\",\"@id\":\"https:\/\/cleitonpinheiro.com.br\/site\/dose-zero-e-vitamina-a-serao-ofertadas-no-dia-d-de-vacinacao-que-acontece-neste-sabado-9\/\",\"url\":\"https:\/\/cleitonpinheiro.com.br\/site\/dose-zero-e-vitamina-a-serao-ofertadas-no-dia-d-de-vacinacao-que-acontece-neste-sabado-9\/\",\"name\":\"Dose zero e vitamina A ser\u00e3o ofertadas no dia D de vacina\u00e7\u00e3o que acontece neste s\u00e1bado, 9 - PORTAL DE NOT\u00cdCIAS CLEITON PINHEIRO\",\"isPartOf\":{\"@id\":\"https:\/\/cleitonpinheiro.com.br\/site\/#website\"},\"primaryImageOfPage\":{\"@id\":\"https:\/\/cleitonpinheiro.com.br\/site\/dose-zero-e-vitamina-a-serao-ofertadas-no-dia-d-de-vacinacao-que-acontece-neste-sabado-9\/#primaryimage\"},\"image\":{\"@id\":\"https:\/\/cleitonpinheiro.com.br\/site\/dose-zero-e-vitamina-a-serao-ofertadas-no-dia-d-de-vacinacao-que-acontece-neste-sabado-9\/#primaryimage\"},\"thumbnailUrl\":\"https:\/\/cleitonpinheiro.com.br\/site\/wp-content\/uploads\/2025\/08\/3-1024x682-1.jpeg\",\"datePublished\":\"2025-08-08T19:49:02+00:00\",\"dateModified\":\"2025-08-08T19:49:08+00:00\",\"breadcrumb\":{\"@id\":\"https:\/\/cleitonpinheiro.com.br\/site\/dose-zero-e-vitamina-a-serao-ofertadas-no-dia-d-de-vacinacao-que-acontece-neste-sabado-9\/#breadcrumb\"},\"inLanguage\":\"pt-BR\",\"potentialAction\":[{\"@type\":\"ReadAction\",\"target\":[\"https:\/\/cleitonpinheiro.com.br\/site\/dose-zero-e-vitamina-a-serao-ofertadas-no-dia-d-de-vacinacao-que-acontece-neste-sabado-9\/\"]}]},{\"@type\":\"ImageObject\",\"inLanguage\":\"pt-BR\",\"@id\":\"https:\/\/cleitonpinheiro.com.br\/site\/dose-zero-e-vitamina-a-serao-ofertadas-no-dia-d-de-vacinacao-que-acontece-neste-sabado-9\/#primaryimage\",\"url\":\"https:\/\/cleitonpinheiro.com.br\/site\/wp-content\/uploads\/2025\/08\/3-1024x682-1.jpeg\",\"contentUrl\":\"https:\/\/cleitonpinheiro.com.br\/site\/wp-content\/uploads\/2025\/08\/3-1024x682-1.jpeg\",\"width\":1024,\"height\":682,\"caption\":\"Foto: Francisco Barros\"},{\"@type\":\"BreadcrumbList\",\"@id\":\"https:\/\/cleitonpinheiro.com.br\/site\/dose-zero-e-vitamina-a-serao-ofertadas-no-dia-d-de-vacinacao-que-acontece-neste-sabado-9\/#breadcrumb\",\"itemListElement\":[{\"@type\":\"ListItem\",\"position\":1,\"name\":\"In\u00edcio\",\"item\":\"https:\/\/cleitonpinheiro.com.br\/site\/\"},{\"@type\":\"ListItem\",\"position\":2,\"name\":\"Dose zero e vitamina A ser\u00e3o ofertadas no dia D de vacina\u00e7\u00e3o que acontece neste s\u00e1bado, 9\"}]},{\"@type\":\"WebSite\",\"@id\":\"https:\/\/cleitonpinheiro.com.br\/site\/#website\",\"url\":\"https:\/\/cleitonpinheiro.com.br\/site\/\",\"name\":\"PORTAL DE NOT\u00cdCIAS CLEITON PINHEIRO\",\"description\":\"FALANDO A VERDADE\",\"publisher\":{\"@id\":\"https:\/\/cleitonpinheiro.com.br\/site\/#organization\"},\"potentialAction\":[{\"@type\":\"SearchAction\",\"target\":{\"@type\":\"EntryPoint\",\"urlTemplate\":\"https:\/\/cleitonpinheiro.com.br\/site\/?s={search_term_string}\"},\"query-input\":{\"@type\":\"PropertyValueSpecification\",\"valueRequired\":true,\"valueName\":\"search_term_string\"}}],\"inLanguage\":\"pt-BR\"},{\"@type\":\"Organization\",\"@id\":\"https:\/\/cleitonpinheiro.com.br\/site\/#organization\",\"name\":\"CPNOT\u00cdCIAS\",\"url\":\"https:\/\/cleitonpinheiro.com.br\/site\/\",\"logo\":{\"@type\":\"ImageObject\",\"inLanguage\":\"pt-BR\",\"@id\":\"https:\/\/cleitonpinheiro.com.br\/site\/#\/schema\/logo\/image\/\",\"url\":\"https:\/\/cleitonpinheiro.com.br\/site\/wp-content\/uploads\/2022\/08\/Logo-pequena-2.png\",\"contentUrl\":\"https:\/\/cleitonpinheiro.com.br\/site\/wp-content\/uploads\/2022\/08\/Logo-pequena-2.png\",\"width\":500,\"height\":500,\"caption\":\"CPNOT\u00cdCIAS\"},\"image\":{\"@id\":\"https:\/\/cleitonpinheiro.com.br\/site\/#\/schema\/logo\/image\/\"},\"sameAs\":[\"https:\/\/www.facebook.com\/portalcpnoticias\/\"]},{\"@type\":\"Person\",\"@id\":\"https:\/\/cleitonpinheiro.com.br\/site\/#\/schema\/person\/8f04544e0bc40a1b68775b08360f87db\",\"name\":\"Reda\u00e7\u00e3o CP\",\"image\":{\"@type\":\"ImageObject\",\"inLanguage\":\"pt-BR\",\"@id\":\"https:\/\/cleitonpinheiro.com.br\/site\/#\/schema\/person\/image\/\",\"url\":\"https:\/\/secure.gravatar.com\/avatar\/0bcf19cb29fdc8fc588c490c7ae1b3e174dac268586a63fbe1d1893a0f9020cd?s=96&r=g\",\"contentUrl\":\"https:\/\/secure.gravatar.com\/avatar\/0bcf19cb29fdc8fc588c490c7ae1b3e174dac268586a63fbe1d1893a0f9020cd?s=96&r=g\",\"caption\":\"Reda\u00e7\u00e3o CP\"},\"url\":\"https:\/\/cleitonpinheiro.com.br\/site\/author\/redacao\/\"}]}<\/script>\n<!-- \/ Yoast SEO plugin. -->","yoast_head_json":{"title":"Dose zero e vitamina A ser\u00e3o ofertadas no dia D de vacina\u00e7\u00e3o que acontece neste s\u00e1bado, 9 - PORTAL DE NOT\u00cdCIAS CLEITON PINHEIRO","robots":{"index":"index","follow":"follow","max-snippet":"max-snippet:-1","max-image-preview":"max-image-preview:large","max-video-preview":"max-video-preview:-1"},"canonical":"https:\/\/cleitonpinheiro.com.br\/site\/dose-zero-e-vitamina-a-serao-ofertadas-no-dia-d-de-vacinacao-que-acontece-neste-sabado-9\/","og_locale":"pt_BR","og_type":"article","og_title":"Dose zero e vitamina A ser\u00e3o ofertadas no dia D de vacina\u00e7\u00e3o que acontece neste s\u00e1bado, 9 - PORTAL DE NOT\u00cdCIAS CLEITON PINHEIRO","og_description":"Neste s\u00e1bado, 9, acontece o Dia D \u2013 etapa nacional \u2013 de vacina\u00e7\u00e3o contra o sarampo e o p\u00fablico-alvo s\u00e3o crian\u00e7as entre seis meses e dois anos. Para garantir a prote\u00e7\u00e3o de beb\u00eas menores de um ano contra a doen\u00e7a, a Prefeitura de Palmas oferecer\u00e1 a vacina chamada \u201cdose zero\u201d em seis locais. A estrat\u00e9gia [&hellip;]","og_url":"https:\/\/cleitonpinheiro.com.br\/site\/dose-zero-e-vitamina-a-serao-ofertadas-no-dia-d-de-vacinacao-que-acontece-neste-sabado-9\/","og_site_name":"PORTAL DE NOT\u00cdCIAS CLEITON PINHEIRO","article_publisher":"https:\/\/www.facebook.com\/portalcpnoticias\/","article_published_time":"2025-08-08T19:49:02+00:00","article_modified_time":"2025-08-08T19:49:08+00:00","og_image":[{"width":1024,"height":682,"url":"https:\/\/cleitonpinheiro.com.br\/site\/wp-content\/uploads\/2025\/08\/3-1024x682-1.jpeg","type":"image\/jpeg"}],"author":"Reda\u00e7\u00e3o CP","twitter_card":"summary_large_image","twitter_misc":{"Escrito por":"Reda\u00e7\u00e3o CP","Est. tempo de leitura":"4 minutos"},"schema":{"@context":"https:\/\/schema.org","@graph":[{"@type":"Article","@id":"https:\/\/cleitonpinheiro.com.br\/site\/dose-zero-e-vitamina-a-serao-ofertadas-no-dia-d-de-vacinacao-que-acontece-neste-sabado-9\/#article","isPartOf":{"@id":"https:\/\/cleitonpinheiro.com.br\/site\/dose-zero-e-vitamina-a-serao-ofertadas-no-dia-d-de-vacinacao-que-acontece-neste-sabado-9\/"},"author":{"name":"Reda\u00e7\u00e3o CP","@id":"https:\/\/cleitonpinheiro.com.br\/site\/#\/schema\/person\/8f04544e0bc40a1b68775b08360f87db"},"headline":"Dose zero e vitamina A ser\u00e3o ofertadas no dia D de vacina\u00e7\u00e3o que acontece neste s\u00e1bado, 9","datePublished":"2025-08-08T19:49:02+00:00","dateModified":"2025-08-08T19:49:08+00:00","mainEntityOfPage":{"@id":"https:\/\/cleitonpinheiro.com.br\/site\/dose-zero-e-vitamina-a-serao-ofertadas-no-dia-d-de-vacinacao-que-acontece-neste-sabado-9\/"},"wordCount":584,"commentCount":0,"publisher":{"@id":"https:\/\/cleitonpinheiro.com.br\/site\/#organization"},"image":{"@id":"https:\/\/cleitonpinheiro.com.br\/site\/dose-zero-e-vitamina-a-serao-ofertadas-no-dia-d-de-vacinacao-que-acontece-neste-sabado-9\/#primaryimage"},"thumbnailUrl":"https:\/\/cleitonpinheiro.com.br\/site\/wp-content\/uploads\/2025\/08\/3-1024x682-1.jpeg","articleSection":["CIDADES","MANCHETE SEGUND\u00c1RIA","TODAS NOTICIAS"],"inLanguage":"pt-BR","potentialAction":[{"@type":"CommentAction","name":"Comment","target":["https:\/\/cleitonpinheiro.com.br\/site\/dose-zero-e-vitamina-a-serao-ofertadas-no-dia-d-de-vacinacao-que-acontece-neste-sabado-9\/#respond"]}]},{"@type":"WebPage","@id":"https:\/\/cleitonpinheiro.com.br\/site\/dose-zero-e-vitamina-a-serao-ofertadas-no-dia-d-de-vacinacao-que-acontece-neste-sabado-9\/","url":"https:\/\/cleitonpinheiro.com.br\/site\/dose-zero-e-vitamina-a-serao-ofertadas-no-dia-d-de-vacinacao-que-acontece-neste-sabado-9\/","name":"Dose zero e vitamina A ser\u00e3o ofertadas no dia D de vacina\u00e7\u00e3o que acontece neste s\u00e1bado, 9 - PORTAL DE NOT\u00cdCIAS CLEITON PINHEIRO","isPartOf":{"@id":"https:\/\/cleitonpinheiro.com.br\/site\/#website"},"primaryImageOfPage":{"@id":"https:\/\/cleitonpinheiro.com.br\/site\/dose-zero-e-vitamina-a-serao-ofertadas-no-dia-d-de-vacinacao-que-acontece-neste-sabado-9\/#primaryimage"},"image":{"@id":"https:\/\/cleitonpinheiro.com.br\/site\/dose-zero-e-vitamina-a-serao-ofertadas-no-dia-d-de-vacinacao-que-acontece-neste-sabado-9\/#primaryimage"},"thumbnailUrl":"https:\/\/cleitonpinheiro.com.br\/site\/wp-content\/uploads\/2025\/08\/3-1024x682-1.jpeg","datePublished":"2025-08-08T19:49:02+00:00","dateModified":"2025-08-08T19:49:08+00:00","breadcrumb":{"@id":"https:\/\/cleitonpinheiro.com.br\/site\/dose-zero-e-vitamina-a-serao-ofertadas-no-dia-d-de-vacinacao-que-acontece-neste-sabado-9\/#breadcrumb"},"inLanguage":"pt-BR","potentialAction":[{"@type":"ReadAction","target":["https:\/\/cleitonpinheiro.com.br\/site\/dose-zero-e-vitamina-a-serao-ofertadas-no-dia-d-de-vacinacao-que-acontece-neste-sabado-9\/"]}]},{"@type":"ImageObject","inLanguage":"pt-BR","@id":"https:\/\/cleitonpinheiro.com.br\/site\/dose-zero-e-vitamina-a-serao-ofertadas-no-dia-d-de-vacinacao-que-acontece-neste-sabado-9\/#primaryimage","url":"https:\/\/cleitonpinheiro.com.br\/site\/wp-content\/uploads\/2025\/08\/3-1024x682-1.jpeg","contentUrl":"https:\/\/cleitonpinheiro.com.br\/site\/wp-content\/uploads\/2025\/08\/3-1024x682-1.jpeg","width":1024,"height":682,"caption":"Foto: Francisco Barros"},{"@type":"BreadcrumbList","@id":"https:\/\/cleitonpinheiro.com.br\/site\/dose-zero-e-vitamina-a-serao-ofertadas-no-dia-d-de-vacinacao-que-acontece-neste-sabado-9\/#breadcrumb","itemListElement":[{"@type":"ListItem","position":1,"name":"In\u00edcio","item":"https:\/\/cleitonpinheiro.com.br\/site\/"},{"@type":"ListItem","position":2,"name":"Dose zero e vitamina A ser\u00e3o ofertadas no dia D de vacina\u00e7\u00e3o que acontece neste s\u00e1bado, 9"}]},{"@type":"WebSite","@id":"https:\/\/cleitonpinheiro.com.br\/site\/#website","url":"https:\/\/cleitonpinheiro.com.br\/site\/","name":"PORTAL DE NOT\u00cdCIAS CLEITON PINHEIRO","description":"FALANDO A VERDADE","publisher":{"@id":"https:\/\/cleitonpinheiro.com.br\/site\/#organization"},"potentialAction":[{"@type":"SearchAction","target":{"@type":"EntryPoint","urlTemplate":"https:\/\/cleitonpinheiro.com.br\/site\/?s={search_term_string}"},"query-input":{"@type":"PropertyValueSpecification","valueRequired":true,"valueName":"search_term_string"}}],"inLanguage":"pt-BR"},{"@type":"Organization","@id":"https:\/\/cleitonpinheiro.com.br\/site\/#organization","name":"CPNOT\u00cdCIAS","url":"https:\/\/cleitonpinheiro.com.br\/site\/","logo":{"@type":"ImageObject","inLanguage":"pt-BR","@id":"https:\/\/cleitonpinheiro.com.br\/site\/#\/schema\/logo\/image\/","url":"https:\/\/cleitonpinheiro.com.br\/site\/wp-content\/uploads\/2022\/08\/Logo-pequena-2.png","contentUrl":"https:\/\/cleitonpinheiro.com.br\/site\/wp-content\/uploads\/2022\/08\/Logo-pequena-2.png","width":500,"height":500,"caption":"CPNOT\u00cdCIAS"},"image":{"@id":"https:\/\/cleitonpinheiro.com.br\/site\/#\/schema\/logo\/image\/"},"sameAs":["https:\/\/www.facebook.com\/portalcpnoticias\/"]},{"@type":"Person","@id":"https:\/\/cleitonpinheiro.com.br\/site\/#\/schema\/person\/8f04544e0bc40a1b68775b08360f87db","name":"Reda\u00e7\u00e3o CP","image":{"@type":"ImageObject","inLanguage":"pt-BR","@id":"https:\/\/cleitonpinheiro.com.br\/site\/#\/schema\/person\/image\/","url":"https:\/\/secure.gravatar.com\/avatar\/0bcf19cb29fdc8fc588c490c7ae1b3e174dac268586a63fbe1d1893a0f9020cd?s=96&r=g","contentUrl":"https:\/\/secure.gravatar.com\/avatar\/0bcf19cb29fdc8fc588c490c7ae1b3e174dac268586a63fbe1d1893a0f9020cd?s=96&r=g","caption":"Reda\u00e7\u00e3o CP"},"url":"https:\/\/cleitonpinheiro.com.br\/site\/author\/redacao\/"}]}},"views":105,"_links":{"self":[{"href":"https:\/\/cleitonpinheiro.com.br\/site\/wp-json\/wp\/v2\/posts\/86503","targetHints":{"allow":["GET"]}}],"collection":[{"href":"https:\/\/cleitonpinheiro.com.br\/site\/wp-json\/wp\/v2\/posts"}],"about":[{"href":"https:\/\/cleitonpinheiro.com.br\/site\/wp-json\/wp\/v2\/types\/post"}],"author":[{"embeddable":true,"href":"https:\/\/cleitonpinheiro.com.br\/site\/wp-json\/wp\/v2\/users\/13"}],"replies":[{"embeddable":true,"href":"https:\/\/cleitonpinheiro.com.br\/site\/wp-json\/wp\/v2\/comments?post=86503"}],"version-history":[{"count":1,"href":"https:\/\/cleitonpinheiro.com.br\/site\/wp-json\/wp\/v2\/posts\/86503\/revisions"}],"predecessor-version":[{"id":86504,"href":"https:\/\/cleitonpinheiro.com.br\/site\/wp-json\/wp\/v2\/posts\/86503\/revisions\/86504"}],"wp:featuredmedia":[{"embeddable":true,"href":"https:\/\/cleitonpinheiro.com.br\/site\/wp-json\/wp\/v2\/media\/86491"}],"wp:attachment":[{"href":"https:\/\/cleitonpinheiro.com.br\/site\/wp-json\/wp\/v2\/media?parent=86503"}],"wp:term":[{"taxonomy":"category","embeddable":true,"href":"https:\/\/cleitonpinheiro.com.br\/site\/wp-json\/wp\/v2\/categories?post=86503"},{"taxonomy":"post_tag","embeddable":true,"href":"https:\/\/cleitonpinheiro.com.br\/site\/wp-json\/wp\/v2\/tags?post=86503"}],"curies":[{"name":"wp","href":"https:\/\/api.w.org\/{rel}","templated":true}]}}