{"id":86507,"date":"2025-08-11T10:03:08","date_gmt":"2025-08-11T13:03:08","guid":{"rendered":"https:\/\/cleitonpinheiro.com.br\/site\/?p=86507"},"modified":"2025-08-12T17:30:10","modified_gmt":"2025-08-12T20:30:10","slug":"metade-das-demissoes-em-2024-foi-causada-por-questoes-comportamentais","status":"publish","type":"post","link":"https:\/\/cleitonpinheiro.com.br\/site\/metade-das-demissoes-em-2024-foi-causada-por-questoes-comportamentais\/","title":{"rendered":"Metade das demiss\u00f5es em 2024 foi causada por quest\u00f5es comportamentais"},"content":{"rendered":"\n<figure class=\"wp-block-image size-large\"><img fetchpriority=\"high\" decoding=\"async\" width=\"1024\" height=\"682\" src=\"https:\/\/cleitonpinheiro.com.br\/site\/wp-content\/uploads\/2025\/07\/Trabalhadores-interessados-nas-vagas-podem-procurar-o-Sine-portando-documentos-carteira-de-trabalho-e-curriculo.-Foto-Carlessandro-Souza-1024x682.jpeg\" alt=\"\" class=\"wp-image-86143\" srcset=\"https:\/\/cleitonpinheiro.com.br\/site\/wp-content\/uploads\/2025\/07\/Trabalhadores-interessados-nas-vagas-podem-procurar-o-Sine-portando-documentos-carteira-de-trabalho-e-curriculo.-Foto-Carlessandro-Souza-1024x682.jpeg 1024w, https:\/\/cleitonpinheiro.com.br\/site\/wp-content\/uploads\/2025\/07\/Trabalhadores-interessados-nas-vagas-podem-procurar-o-Sine-portando-documentos-carteira-de-trabalho-e-curriculo.-Foto-Carlessandro-Souza-300x200.jpeg 300w, https:\/\/cleitonpinheiro.com.br\/site\/wp-content\/uploads\/2025\/07\/Trabalhadores-interessados-nas-vagas-podem-procurar-o-Sine-portando-documentos-carteira-de-trabalho-e-curriculo.-Foto-Carlessandro-Souza-768x512.jpeg 768w, https:\/\/cleitonpinheiro.com.br\/site\/wp-content\/uploads\/2025\/07\/Trabalhadores-interessados-nas-vagas-podem-procurar-o-Sine-portando-documentos-carteira-de-trabalho-e-curriculo.-Foto-Carlessandro-Souza-1536x1023.jpeg 1536w, https:\/\/cleitonpinheiro.com.br\/site\/wp-content\/uploads\/2025\/07\/Trabalhadores-interessados-nas-vagas-podem-procurar-o-Sine-portando-documentos-carteira-de-trabalho-e-curriculo.-Foto-Carlessandro-Souza.jpeg 1600w\" sizes=\"(max-width: 1024px) 100vw, 1024px\" \/><\/figure>\n\n\n\n<p>Um levantamento feito para 6\u00ba Observat\u00f3rio de Carreiras e Mercado realizado pelo PUCPR Carreiras, setor da Pontif\u00edcia Universidade Cat\u00f3lica do Paran\u00e1 (PUCPR), revelou que 50% das demiss\u00f5es em 2024 foram causadas por quest\u00f5es comportamentais. Em seguida aparecem a automa\u00e7\u00e3o das atividades (25%), a redu\u00e7\u00e3o de custos e os cortes de despesas (25%). A pesquisa contou com a participa\u00e7\u00e3o de 3.631 estudantes, 3.655 alumni (ex-alunos) e 583 empresas da \u00e1rea de recrutamento humano.<img decoding=\"async\" src=\"https:\/\/agenciabrasil.ebc.com.br\/ebc.png?id=1653763&amp;o=node\"><img decoding=\"async\" src=\"https:\/\/agenciabrasil.ebc.com.br\/ebc.gif?id=1653763&amp;o=node\"><\/p>\n\n\n\n<p><strong>\u201cO mercado valoriza profissionais que unem compet\u00eancia t\u00e9cnica e habilidades para uma boa conviv\u00eancia. Um \u00fanico indiv\u00edduo com atitudes negativas pode comprometer toda a equipe, surgem conflitos, a produtividade cai e talentos s\u00e3o perdidos. Por isso, \u00e9 preciso olhar para o autoconhecimento\u201d, explica a coordenadora do PUCPR Carreiras, Luciana Mariano.<\/strong><\/p>\n\n\n\n<p>Segundo ela, o sucesso est\u00e1 cada vez mais baseado na combina\u00e7\u00e3o entre saber fazer as tarefas e saber conviver com as pessoas.&nbsp;<\/p>\n\n\n\n<blockquote class=\"wp-block-quote is-layout-flow wp-block-quote-is-layout-flow\">\n<p>\u201cMais do que dominar ferramentas ou processos, \u00e9 preciso desenvolver intelig\u00eancia emocional, empatia, respeito e responsabilidade nas rela\u00e7\u00f5es, al\u00e9m de se auto avaliar sempre, se questionando sobre sua postura nas rela\u00e7\u00f5es do dia a dia e a sua forma de lidar com as emo\u00e7\u00f5es e com os outros no ambiente de trabalho\u201d, avalia.<\/p>\n<\/blockquote>\n\n\n\n<p>O estudo mostrou que no ano passado as habilidades mais valorizadas foram a comunica\u00e7\u00e3o oral (11,46%), o planejamento (10,73%), a solu\u00e7\u00e3o de problemas (10,18%), gest\u00e3o de conflitos (7,51%) e a comunica\u00e7\u00e3o escrita (7,42%).&nbsp;<\/p>\n\n\n\n<p><strong>De acordo com o estudo, em compara\u00e7\u00e3o com 2021, per\u00edodo em que as empresas lidavam diretamente com os efeitos da pandemia, observa-se uma mudan\u00e7a nas prioridades, com as habilidades ligadas \u00e0 solu\u00e7\u00e3o de problemas (12,58%) ocupando o topo da lista.<\/strong><\/p>\n\n\n\n<p>A pesquisa aponta que 76% dos respondentes est\u00e3o investindo na aquisi\u00e7\u00e3o de novos conhecimentos, o que demonstra uma postura proativa, para evitar a estagna\u00e7\u00e3o e fortalecer a empregabilidade. Al\u00e9m disso, 16,32% das empresas entrevistadas priorizam aqueles que demonstram interesse em se atualizar.&nbsp;<\/p>\n\n\n\n<p><strong>Luciana ressaltou que os movimentos do mercado acontecem com rapidez e o que importa \u00e9 como cada um se posiciona diante dessas transforma\u00e7\u00f5es.<\/strong><\/p>\n\n\n\n<p>\u201cAtualizar conhecimentos e desenvolver novas compet\u00eancias \u00e9 uma necessidade. Aqueles que mant\u00eam o aprendizado constante conseguem se adaptar \u00e0s mudan\u00e7as, identificar oportunidades e compartilhar conhecimento. Essa pr\u00e1tica ajuda n\u00e3o s\u00f3 na carreira individual, mas tamb\u00e9m no desempenho das organiza\u00e7\u00f5es, que precisam de pessoas preparadas para aprender, mudar e colaborar\u201d, disse.<\/p>\n\n\n\n<p><\/p>\n","protected":false},"excerpt":{"rendered":"<p>Um levantamento feito para 6\u00ba Observat\u00f3rio de Carreiras e Mercado realizado pelo PUCPR Carreiras, setor da Pontif\u00edcia Universidade Cat\u00f3lica do Paran\u00e1 (PUCPR), revelou que 50% das demiss\u00f5es em 2024 foram causadas por quest\u00f5es comportamentais. Em seguida aparecem a automa\u00e7\u00e3o das atividades (25%), a redu\u00e7\u00e3o de custos e os cortes de despesas (25%). A pesquisa contou [&hellip;]<\/p>\n","protected":false},"author":13,"featured_media":86143,"comment_status":"open","ping_status":"open","sticky":false,"template":"","format":"standard","meta":{"_acf_changed":false,"footnotes":""},"categories":[19,898,21],"tags":[],"class_list":["post-86507","post","type-post","status-publish","format-standard","has-post-thumbnail","hentry","category-brasil-mundo","category-manchete-segundaria","category-todas-noticias"],"acf":[],"yoast_head":"<!-- This site is optimized with the Yoast SEO plugin v24.4 - https:\/\/yoast.com\/wordpress\/plugins\/seo\/ -->\n<title>Metade das demiss\u00f5es em 2024 foi causada por quest\u00f5es comportamentais - PORTAL DE NOT\u00cdCIAS CLEITON PINHEIRO<\/title>\n<meta name=\"robots\" content=\"index, follow, max-snippet:-1, max-image-preview:large, max-video-preview:-1\" \/>\n<link rel=\"canonical\" href=\"https:\/\/cleitonpinheiro.com.br\/site\/metade-das-demissoes-em-2024-foi-causada-por-questoes-comportamentais\/\" \/>\n<meta property=\"og:locale\" content=\"pt_BR\" \/>\n<meta property=\"og:type\" content=\"article\" \/>\n<meta property=\"og:title\" content=\"Metade das demiss\u00f5es em 2024 foi causada por quest\u00f5es comportamentais - PORTAL DE NOT\u00cdCIAS CLEITON PINHEIRO\" \/>\n<meta property=\"og:description\" content=\"Um levantamento feito para 6\u00ba Observat\u00f3rio de Carreiras e Mercado realizado pelo PUCPR Carreiras, setor da Pontif\u00edcia Universidade Cat\u00f3lica do Paran\u00e1 (PUCPR), revelou que 50% das demiss\u00f5es em 2024 foram causadas por quest\u00f5es comportamentais. Em seguida aparecem a automa\u00e7\u00e3o das atividades (25%), a redu\u00e7\u00e3o de custos e os cortes de despesas (25%). A pesquisa contou [&hellip;]\" \/>\n<meta property=\"og:url\" content=\"https:\/\/cleitonpinheiro.com.br\/site\/metade-das-demissoes-em-2024-foi-causada-por-questoes-comportamentais\/\" \/>\n<meta property=\"og:site_name\" content=\"PORTAL DE NOT\u00cdCIAS CLEITON PINHEIRO\" \/>\n<meta property=\"article:publisher\" content=\"https:\/\/www.facebook.com\/portalcpnoticias\/\" \/>\n<meta property=\"article:published_time\" content=\"2025-08-11T13:03:08+00:00\" \/>\n<meta property=\"article:modified_time\" content=\"2025-08-12T20:30:10+00:00\" \/>\n<meta property=\"og:image\" content=\"https:\/\/cleitonpinheiro.com.br\/site\/wp-content\/uploads\/2025\/07\/Trabalhadores-interessados-nas-vagas-podem-procurar-o-Sine-portando-documentos-carteira-de-trabalho-e-curriculo.-Foto-Carlessandro-Souza.jpeg\" \/>\n\t<meta property=\"og:image:width\" content=\"1600\" \/>\n\t<meta property=\"og:image:height\" content=\"1066\" \/>\n\t<meta property=\"og:image:type\" content=\"image\/jpeg\" \/>\n<meta name=\"author\" content=\"Reda\u00e7\u00e3o CP\" \/>\n<meta name=\"twitter:card\" content=\"summary_large_image\" \/>\n<meta name=\"twitter:label1\" content=\"Escrito por\" \/>\n\t<meta name=\"twitter:data1\" content=\"Reda\u00e7\u00e3o CP\" \/>\n\t<meta name=\"twitter:label2\" content=\"Est. tempo de leitura\" \/>\n\t<meta name=\"twitter:data2\" content=\"3 minutos\" \/>\n<script type=\"application\/ld+json\" class=\"yoast-schema-graph\">{\"@context\":\"https:\/\/schema.org\",\"@graph\":[{\"@type\":\"Article\",\"@id\":\"https:\/\/cleitonpinheiro.com.br\/site\/metade-das-demissoes-em-2024-foi-causada-por-questoes-comportamentais\/#article\",\"isPartOf\":{\"@id\":\"https:\/\/cleitonpinheiro.com.br\/site\/metade-das-demissoes-em-2024-foi-causada-por-questoes-comportamentais\/\"},\"author\":{\"name\":\"Reda\u00e7\u00e3o CP\",\"@id\":\"https:\/\/cleitonpinheiro.com.br\/site\/#\/schema\/person\/8f04544e0bc40a1b68775b08360f87db\"},\"headline\":\"Metade das demiss\u00f5es em 2024 foi causada por quest\u00f5es comportamentais\",\"datePublished\":\"2025-08-11T13:03:08+00:00\",\"dateModified\":\"2025-08-12T20:30:10+00:00\",\"mainEntityOfPage\":{\"@id\":\"https:\/\/cleitonpinheiro.com.br\/site\/metade-das-demissoes-em-2024-foi-causada-por-questoes-comportamentais\/\"},\"wordCount\":416,\"commentCount\":0,\"publisher\":{\"@id\":\"https:\/\/cleitonpinheiro.com.br\/site\/#organization\"},\"image\":{\"@id\":\"https:\/\/cleitonpinheiro.com.br\/site\/metade-das-demissoes-em-2024-foi-causada-por-questoes-comportamentais\/#primaryimage\"},\"thumbnailUrl\":\"https:\/\/cleitonpinheiro.com.br\/site\/wp-content\/uploads\/2025\/07\/Trabalhadores-interessados-nas-vagas-podem-procurar-o-Sine-portando-documentos-carteira-de-trabalho-e-curriculo.-Foto-Carlessandro-Souza.jpeg\",\"articleSection\":[\"BRASIL \/ MUNDO\",\"MANCHETE SEGUND\u00c1RIA\",\"TODAS NOTICIAS\"],\"inLanguage\":\"pt-BR\",\"potentialAction\":[{\"@type\":\"CommentAction\",\"name\":\"Comment\",\"target\":[\"https:\/\/cleitonpinheiro.com.br\/site\/metade-das-demissoes-em-2024-foi-causada-por-questoes-comportamentais\/#respond\"]}]},{\"@type\":\"WebPage\",\"@id\":\"https:\/\/cleitonpinheiro.com.br\/site\/metade-das-demissoes-em-2024-foi-causada-por-questoes-comportamentais\/\",\"url\":\"https:\/\/cleitonpinheiro.com.br\/site\/metade-das-demissoes-em-2024-foi-causada-por-questoes-comportamentais\/\",\"name\":\"Metade das demiss\u00f5es em 2024 foi causada por quest\u00f5es comportamentais - PORTAL DE NOT\u00cdCIAS CLEITON PINHEIRO\",\"isPartOf\":{\"@id\":\"https:\/\/cleitonpinheiro.com.br\/site\/#website\"},\"primaryImageOfPage\":{\"@id\":\"https:\/\/cleitonpinheiro.com.br\/site\/metade-das-demissoes-em-2024-foi-causada-por-questoes-comportamentais\/#primaryimage\"},\"image\":{\"@id\":\"https:\/\/cleitonpinheiro.com.br\/site\/metade-das-demissoes-em-2024-foi-causada-por-questoes-comportamentais\/#primaryimage\"},\"thumbnailUrl\":\"https:\/\/cleitonpinheiro.com.br\/site\/wp-content\/uploads\/2025\/07\/Trabalhadores-interessados-nas-vagas-podem-procurar-o-Sine-portando-documentos-carteira-de-trabalho-e-curriculo.-Foto-Carlessandro-Souza.jpeg\",\"datePublished\":\"2025-08-11T13:03:08+00:00\",\"dateModified\":\"2025-08-12T20:30:10+00:00\",\"breadcrumb\":{\"@id\":\"https:\/\/cleitonpinheiro.com.br\/site\/metade-das-demissoes-em-2024-foi-causada-por-questoes-comportamentais\/#breadcrumb\"},\"inLanguage\":\"pt-BR\",\"potentialAction\":[{\"@type\":\"ReadAction\",\"target\":[\"https:\/\/cleitonpinheiro.com.br\/site\/metade-das-demissoes-em-2024-foi-causada-por-questoes-comportamentais\/\"]}]},{\"@type\":\"ImageObject\",\"inLanguage\":\"pt-BR\",\"@id\":\"https:\/\/cleitonpinheiro.com.br\/site\/metade-das-demissoes-em-2024-foi-causada-por-questoes-comportamentais\/#primaryimage\",\"url\":\"https:\/\/cleitonpinheiro.com.br\/site\/wp-content\/uploads\/2025\/07\/Trabalhadores-interessados-nas-vagas-podem-procurar-o-Sine-portando-documentos-carteira-de-trabalho-e-curriculo.-Foto-Carlessandro-Souza.jpeg\",\"contentUrl\":\"https:\/\/cleitonpinheiro.com.br\/site\/wp-content\/uploads\/2025\/07\/Trabalhadores-interessados-nas-vagas-podem-procurar-o-Sine-portando-documentos-carteira-de-trabalho-e-curriculo.-Foto-Carlessandro-Souza.jpeg\",\"width\":1600,\"height\":1066},{\"@type\":\"BreadcrumbList\",\"@id\":\"https:\/\/cleitonpinheiro.com.br\/site\/metade-das-demissoes-em-2024-foi-causada-por-questoes-comportamentais\/#breadcrumb\",\"itemListElement\":[{\"@type\":\"ListItem\",\"position\":1,\"name\":\"In\u00edcio\",\"item\":\"https:\/\/cleitonpinheiro.com.br\/site\/\"},{\"@type\":\"ListItem\",\"position\":2,\"name\":\"Metade das demiss\u00f5es em 2024 foi causada por quest\u00f5es comportamentais\"}]},{\"@type\":\"WebSite\",\"@id\":\"https:\/\/cleitonpinheiro.com.br\/site\/#website\",\"url\":\"https:\/\/cleitonpinheiro.com.br\/site\/\",\"name\":\"PORTAL DE NOT\u00cdCIAS CLEITON PINHEIRO\",\"description\":\"FALANDO A VERDADE\",\"publisher\":{\"@id\":\"https:\/\/cleitonpinheiro.com.br\/site\/#organization\"},\"potentialAction\":[{\"@type\":\"SearchAction\",\"target\":{\"@type\":\"EntryPoint\",\"urlTemplate\":\"https:\/\/cleitonpinheiro.com.br\/site\/?s={search_term_string}\"},\"query-input\":{\"@type\":\"PropertyValueSpecification\",\"valueRequired\":true,\"valueName\":\"search_term_string\"}}],\"inLanguage\":\"pt-BR\"},{\"@type\":\"Organization\",\"@id\":\"https:\/\/cleitonpinheiro.com.br\/site\/#organization\",\"name\":\"CPNOT\u00cdCIAS\",\"url\":\"https:\/\/cleitonpinheiro.com.br\/site\/\",\"logo\":{\"@type\":\"ImageObject\",\"inLanguage\":\"pt-BR\",\"@id\":\"https:\/\/cleitonpinheiro.com.br\/site\/#\/schema\/logo\/image\/\",\"url\":\"https:\/\/cleitonpinheiro.com.br\/site\/wp-content\/uploads\/2022\/08\/Logo-pequena-2.png\",\"contentUrl\":\"https:\/\/cleitonpinheiro.com.br\/site\/wp-content\/uploads\/2022\/08\/Logo-pequena-2.png\",\"width\":500,\"height\":500,\"caption\":\"CPNOT\u00cdCIAS\"},\"image\":{\"@id\":\"https:\/\/cleitonpinheiro.com.br\/site\/#\/schema\/logo\/image\/\"},\"sameAs\":[\"https:\/\/www.facebook.com\/portalcpnoticias\/\"]},{\"@type\":\"Person\",\"@id\":\"https:\/\/cleitonpinheiro.com.br\/site\/#\/schema\/person\/8f04544e0bc40a1b68775b08360f87db\",\"name\":\"Reda\u00e7\u00e3o CP\",\"image\":{\"@type\":\"ImageObject\",\"inLanguage\":\"pt-BR\",\"@id\":\"https:\/\/cleitonpinheiro.com.br\/site\/#\/schema\/person\/image\/\",\"url\":\"https:\/\/secure.gravatar.com\/avatar\/0bcf19cb29fdc8fc588c490c7ae1b3e174dac268586a63fbe1d1893a0f9020cd?s=96&r=g\",\"contentUrl\":\"https:\/\/secure.gravatar.com\/avatar\/0bcf19cb29fdc8fc588c490c7ae1b3e174dac268586a63fbe1d1893a0f9020cd?s=96&r=g\",\"caption\":\"Reda\u00e7\u00e3o CP\"},\"url\":\"https:\/\/cleitonpinheiro.com.br\/site\/author\/redacao\/\"}]}<\/script>\n<!-- \/ Yoast SEO plugin. -->","yoast_head_json":{"title":"Metade das demiss\u00f5es em 2024 foi causada por quest\u00f5es comportamentais - PORTAL DE NOT\u00cdCIAS CLEITON PINHEIRO","robots":{"index":"index","follow":"follow","max-snippet":"max-snippet:-1","max-image-preview":"max-image-preview:large","max-video-preview":"max-video-preview:-1"},"canonical":"https:\/\/cleitonpinheiro.com.br\/site\/metade-das-demissoes-em-2024-foi-causada-por-questoes-comportamentais\/","og_locale":"pt_BR","og_type":"article","og_title":"Metade das demiss\u00f5es em 2024 foi causada por quest\u00f5es comportamentais - PORTAL DE NOT\u00cdCIAS CLEITON PINHEIRO","og_description":"Um levantamento feito para 6\u00ba Observat\u00f3rio de Carreiras e Mercado realizado pelo PUCPR Carreiras, setor da Pontif\u00edcia Universidade Cat\u00f3lica do Paran\u00e1 (PUCPR), revelou que 50% das demiss\u00f5es em 2024 foram causadas por quest\u00f5es comportamentais. Em seguida aparecem a automa\u00e7\u00e3o das atividades (25%), a redu\u00e7\u00e3o de custos e os cortes de despesas (25%). A pesquisa contou [&hellip;]","og_url":"https:\/\/cleitonpinheiro.com.br\/site\/metade-das-demissoes-em-2024-foi-causada-por-questoes-comportamentais\/","og_site_name":"PORTAL DE NOT\u00cdCIAS CLEITON PINHEIRO","article_publisher":"https:\/\/www.facebook.com\/portalcpnoticias\/","article_published_time":"2025-08-11T13:03:08+00:00","article_modified_time":"2025-08-12T20:30:10+00:00","og_image":[{"width":1600,"height":1066,"url":"https:\/\/cleitonpinheiro.com.br\/site\/wp-content\/uploads\/2025\/07\/Trabalhadores-interessados-nas-vagas-podem-procurar-o-Sine-portando-documentos-carteira-de-trabalho-e-curriculo.-Foto-Carlessandro-Souza.jpeg","type":"image\/jpeg"}],"author":"Reda\u00e7\u00e3o CP","twitter_card":"summary_large_image","twitter_misc":{"Escrito por":"Reda\u00e7\u00e3o CP","Est. tempo de leitura":"3 minutos"},"schema":{"@context":"https:\/\/schema.org","@graph":[{"@type":"Article","@id":"https:\/\/cleitonpinheiro.com.br\/site\/metade-das-demissoes-em-2024-foi-causada-por-questoes-comportamentais\/#article","isPartOf":{"@id":"https:\/\/cleitonpinheiro.com.br\/site\/metade-das-demissoes-em-2024-foi-causada-por-questoes-comportamentais\/"},"author":{"name":"Reda\u00e7\u00e3o CP","@id":"https:\/\/cleitonpinheiro.com.br\/site\/#\/schema\/person\/8f04544e0bc40a1b68775b08360f87db"},"headline":"Metade das demiss\u00f5es em 2024 foi causada por quest\u00f5es comportamentais","datePublished":"2025-08-11T13:03:08+00:00","dateModified":"2025-08-12T20:30:10+00:00","mainEntityOfPage":{"@id":"https:\/\/cleitonpinheiro.com.br\/site\/metade-das-demissoes-em-2024-foi-causada-por-questoes-comportamentais\/"},"wordCount":416,"commentCount":0,"publisher":{"@id":"https:\/\/cleitonpinheiro.com.br\/site\/#organization"},"image":{"@id":"https:\/\/cleitonpinheiro.com.br\/site\/metade-das-demissoes-em-2024-foi-causada-por-questoes-comportamentais\/#primaryimage"},"thumbnailUrl":"https:\/\/cleitonpinheiro.com.br\/site\/wp-content\/uploads\/2025\/07\/Trabalhadores-interessados-nas-vagas-podem-procurar-o-Sine-portando-documentos-carteira-de-trabalho-e-curriculo.-Foto-Carlessandro-Souza.jpeg","articleSection":["BRASIL \/ MUNDO","MANCHETE SEGUND\u00c1RIA","TODAS NOTICIAS"],"inLanguage":"pt-BR","potentialAction":[{"@type":"CommentAction","name":"Comment","target":["https:\/\/cleitonpinheiro.com.br\/site\/metade-das-demissoes-em-2024-foi-causada-por-questoes-comportamentais\/#respond"]}]},{"@type":"WebPage","@id":"https:\/\/cleitonpinheiro.com.br\/site\/metade-das-demissoes-em-2024-foi-causada-por-questoes-comportamentais\/","url":"https:\/\/cleitonpinheiro.com.br\/site\/metade-das-demissoes-em-2024-foi-causada-por-questoes-comportamentais\/","name":"Metade das demiss\u00f5es em 2024 foi causada por quest\u00f5es comportamentais - PORTAL DE NOT\u00cdCIAS CLEITON PINHEIRO","isPartOf":{"@id":"https:\/\/cleitonpinheiro.com.br\/site\/#website"},"primaryImageOfPage":{"@id":"https:\/\/cleitonpinheiro.com.br\/site\/metade-das-demissoes-em-2024-foi-causada-por-questoes-comportamentais\/#primaryimage"},"image":{"@id":"https:\/\/cleitonpinheiro.com.br\/site\/metade-das-demissoes-em-2024-foi-causada-por-questoes-comportamentais\/#primaryimage"},"thumbnailUrl":"https:\/\/cleitonpinheiro.com.br\/site\/wp-content\/uploads\/2025\/07\/Trabalhadores-interessados-nas-vagas-podem-procurar-o-Sine-portando-documentos-carteira-de-trabalho-e-curriculo.-Foto-Carlessandro-Souza.jpeg","datePublished":"2025-08-11T13:03:08+00:00","dateModified":"2025-08-12T20:30:10+00:00","breadcrumb":{"@id":"https:\/\/cleitonpinheiro.com.br\/site\/metade-das-demissoes-em-2024-foi-causada-por-questoes-comportamentais\/#breadcrumb"},"inLanguage":"pt-BR","potentialAction":[{"@type":"ReadAction","target":["https:\/\/cleitonpinheiro.com.br\/site\/metade-das-demissoes-em-2024-foi-causada-por-questoes-comportamentais\/"]}]},{"@type":"ImageObject","inLanguage":"pt-BR","@id":"https:\/\/cleitonpinheiro.com.br\/site\/metade-das-demissoes-em-2024-foi-causada-por-questoes-comportamentais\/#primaryimage","url":"https:\/\/cleitonpinheiro.com.br\/site\/wp-content\/uploads\/2025\/07\/Trabalhadores-interessados-nas-vagas-podem-procurar-o-Sine-portando-documentos-carteira-de-trabalho-e-curriculo.-Foto-Carlessandro-Souza.jpeg","contentUrl":"https:\/\/cleitonpinheiro.com.br\/site\/wp-content\/uploads\/2025\/07\/Trabalhadores-interessados-nas-vagas-podem-procurar-o-Sine-portando-documentos-carteira-de-trabalho-e-curriculo.-Foto-Carlessandro-Souza.jpeg","width":1600,"height":1066},{"@type":"BreadcrumbList","@id":"https:\/\/cleitonpinheiro.com.br\/site\/metade-das-demissoes-em-2024-foi-causada-por-questoes-comportamentais\/#breadcrumb","itemListElement":[{"@type":"ListItem","position":1,"name":"In\u00edcio","item":"https:\/\/cleitonpinheiro.com.br\/site\/"},{"@type":"ListItem","position":2,"name":"Metade das demiss\u00f5es em 2024 foi causada por quest\u00f5es comportamentais"}]},{"@type":"WebSite","@id":"https:\/\/cleitonpinheiro.com.br\/site\/#website","url":"https:\/\/cleitonpinheiro.com.br\/site\/","name":"PORTAL DE NOT\u00cdCIAS CLEITON PINHEIRO","description":"FALANDO A VERDADE","publisher":{"@id":"https:\/\/cleitonpinheiro.com.br\/site\/#organization"},"potentialAction":[{"@type":"SearchAction","target":{"@type":"EntryPoint","urlTemplate":"https:\/\/cleitonpinheiro.com.br\/site\/?s={search_term_string}"},"query-input":{"@type":"PropertyValueSpecification","valueRequired":true,"valueName":"search_term_string"}}],"inLanguage":"pt-BR"},{"@type":"Organization","@id":"https:\/\/cleitonpinheiro.com.br\/site\/#organization","name":"CPNOT\u00cdCIAS","url":"https:\/\/cleitonpinheiro.com.br\/site\/","logo":{"@type":"ImageObject","inLanguage":"pt-BR","@id":"https:\/\/cleitonpinheiro.com.br\/site\/#\/schema\/logo\/image\/","url":"https:\/\/cleitonpinheiro.com.br\/site\/wp-content\/uploads\/2022\/08\/Logo-pequena-2.png","contentUrl":"https:\/\/cleitonpinheiro.com.br\/site\/wp-content\/uploads\/2022\/08\/Logo-pequena-2.png","width":500,"height":500,"caption":"CPNOT\u00cdCIAS"},"image":{"@id":"https:\/\/cleitonpinheiro.com.br\/site\/#\/schema\/logo\/image\/"},"sameAs":["https:\/\/www.facebook.com\/portalcpnoticias\/"]},{"@type":"Person","@id":"https:\/\/cleitonpinheiro.com.br\/site\/#\/schema\/person\/8f04544e0bc40a1b68775b08360f87db","name":"Reda\u00e7\u00e3o CP","image":{"@type":"ImageObject","inLanguage":"pt-BR","@id":"https:\/\/cleitonpinheiro.com.br\/site\/#\/schema\/person\/image\/","url":"https:\/\/secure.gravatar.com\/avatar\/0bcf19cb29fdc8fc588c490c7ae1b3e174dac268586a63fbe1d1893a0f9020cd?s=96&r=g","contentUrl":"https:\/\/secure.gravatar.com\/avatar\/0bcf19cb29fdc8fc588c490c7ae1b3e174dac268586a63fbe1d1893a0f9020cd?s=96&r=g","caption":"Reda\u00e7\u00e3o CP"},"url":"https:\/\/cleitonpinheiro.com.br\/site\/author\/redacao\/"}]}},"views":92,"_links":{"self":[{"href":"https:\/\/cleitonpinheiro.com.br\/site\/wp-json\/wp\/v2\/posts\/86507","targetHints":{"allow":["GET"]}}],"collection":[{"href":"https:\/\/cleitonpinheiro.com.br\/site\/wp-json\/wp\/v2\/posts"}],"about":[{"href":"https:\/\/cleitonpinheiro.com.br\/site\/wp-json\/wp\/v2\/types\/post"}],"author":[{"embeddable":true,"href":"https:\/\/cleitonpinheiro.com.br\/site\/wp-json\/wp\/v2\/users\/13"}],"replies":[{"embeddable":true,"href":"https:\/\/cleitonpinheiro.com.br\/site\/wp-json\/wp\/v2\/comments?post=86507"}],"version-history":[{"count":1,"href":"https:\/\/cleitonpinheiro.com.br\/site\/wp-json\/wp\/v2\/posts\/86507\/revisions"}],"predecessor-version":[{"id":86508,"href":"https:\/\/cleitonpinheiro.com.br\/site\/wp-json\/wp\/v2\/posts\/86507\/revisions\/86508"}],"wp:featuredmedia":[{"embeddable":true,"href":"https:\/\/cleitonpinheiro.com.br\/site\/wp-json\/wp\/v2\/media\/86143"}],"wp:attachment":[{"href":"https:\/\/cleitonpinheiro.com.br\/site\/wp-json\/wp\/v2\/media?parent=86507"}],"wp:term":[{"taxonomy":"category","embeddable":true,"href":"https:\/\/cleitonpinheiro.com.br\/site\/wp-json\/wp\/v2\/categories?post=86507"},{"taxonomy":"post_tag","embeddable":true,"href":"https:\/\/cleitonpinheiro.com.br\/site\/wp-json\/wp\/v2\/tags?post=86507"}],"curies":[{"name":"wp","href":"https:\/\/api.w.org\/{rel}","templated":true}]}}