{"id":86509,"date":"2025-08-11T10:40:17","date_gmt":"2025-08-11T13:40:17","guid":{"rendered":"https:\/\/cleitonpinheiro.com.br\/site\/?p=86509"},"modified":"2025-08-11T10:55:38","modified_gmt":"2025-08-11T13:55:38","slug":"acao-penal-contra-bolsonaro-e-mais-7-por-tentativa-de-golpe-de-estado-entra-na-reta-final","status":"publish","type":"post","link":"https:\/\/cleitonpinheiro.com.br\/site\/acao-penal-contra-bolsonaro-e-mais-7-por-tentativa-de-golpe-de-estado-entra-na-reta-final\/","title":{"rendered":"A\u00e7\u00e3o penal contra Bolsonaro e mais 7 por tentativa de golpe de Estado entra na reta final"},"content":{"rendered":"\n<figure class=\"wp-block-image size-full\"><img decoding=\"async\" src=\"https:\/\/cleitonpinheiro.com.br\/site\/wp-content\/uploads\/2023\/04\/bolsonaro-foto-reuters-marco-bello-1hrj6ss9e5gl3.webp\" alt=\"\" class=\"wp-image-69844\"\/><figcaption class=\"wp-element-caption\">Conte\u00fado foi retirado do ar durante as elei\u00e7\u00f5es por decis\u00e3o liminar<\/figcaption><\/figure>\n\n\n\n<p>Os sete r\u00e9us do n\u00facleo 1 da trama golpista, incluindo o ex-presidente&nbsp;<a href=\"https:\/\/www.brasildefato.com.br\/2025\/08\/07\/defesa-de-bolsonaro-recorre-contra-prisao-domiciliar\/\" target=\"_blank\" rel=\"noreferrer noopener\">Jair Bolsonaro (PL)<\/a>, t\u00eam at\u00e9 a pr\u00f3xima quarta-feira (13) para apresentar suas alega\u00e7\u00f5es finais ao Supremo Tribunal Federal (STF). Com isso, o relator da a\u00e7\u00e3o penal, ministro&nbsp;<a href=\"https:\/\/www.brasildefato.com.br\/2025\/08\/04\/moraes-decreta-prisao-domiciliar-de-jair-bolsonaro-por-descumprimento-de-medidas-cautelares\/\" target=\"_blank\" rel=\"noreferrer noopener\">Alexandre de Moraes<\/a>, dever\u00e1 elaborar seu voto e liberar o caso para o julgamento. A data da an\u00e1lise de m\u00e9rito das acusa\u00e7\u00f5es apresentadas pela&nbsp;<a href=\"https:\/\/www.brasildefato.com.br\/2025\/07\/15\/pgr-pede-condenacao-de-bolsonaro-e-mais-sete-reus-por-golpe-de-estado\/\" target=\"_blank\" rel=\"noreferrer noopener\">Procuradoria Geral da Rep\u00fablica (PGR)<\/a>&nbsp;ser\u00e1 definida pelo presidente da Primeira Turma da Corte,&nbsp;<a href=\"https:\/\/www.brasildefato.com.br\/2025\/04\/24\/zanin-nega-tentativa-do-pl-de-suspender-integra-de-acao-penal-contra-ramagem-entenda-caso\/\" target=\"_blank\" rel=\"noreferrer noopener\">Cristiano Zanin<\/a>.&nbsp;<\/p>\n\n\n\n<p>Al\u00e9m de Bolsonaro, s\u00e3o parte n\u00facleo 1 do golpe o ex-diretor geral da Ag\u00eancia Brasileira de Intelig\u00eancia (Abin) e deputado federal Alexandre Ramagem (PL-RJ), os ex-ministros Augusto Heleno, Anderson Torres, Walter Braga Netto e Paulo S\u00e9rgio Nogueira, o ex-ajudante de ordens&nbsp;<a href=\"https:\/\/www.brasildefato.com.br\/2025\/07\/14\/mauro-cid-volta-a-depor-sobre-trama-golpista-no-stf-nesta-segunda-14\/\" target=\"_blank\" rel=\"noreferrer noopener\">Mauro Cid<\/a>, delator no processo, e o ex-comandante da Marinha Almir Garnier. Esse grupo \u00e9 considerado pela PGR o \u201cn\u00facleo crucial\u201d da tentativa de golpe.&nbsp;<\/p>\n\n\n\n<p>Eles s\u00e3o acusados pela Procuradoria pelos crimes de organiza\u00e7\u00e3o criminosa armada, tentativa de aboli\u00e7\u00e3o violenta do Estado democr\u00e1tico de direito, golpe de Estado, dano qualificado pela viol\u00eancia e grave amea\u00e7a contra o patrim\u00f4nio da Uni\u00e3o, com consider\u00e1vel preju\u00edzo para a v\u00edtima, e deteriora\u00e7\u00e3o de patrim\u00f4nio tombado. As penas podem chegar a 39 anos de pris\u00e3o.&nbsp;<\/p>\n\n\n\n<p>Desde segunda-feira (4), Bolsonaro se encontra&nbsp;<a href=\"https:\/\/www.brasildefato.com.br\/2025\/08\/04\/moraes-decreta-prisao-domiciliar-de-jair-bolsonaro-por-descumprimento-de-medidas-cautelares\/\" target=\"_blank\" rel=\"noreferrer noopener\">em pris\u00e3o domiciliar<\/a>, determinada pelo ministro Alexandre de Moraes, ap\u00f3s descumprir medidas cautelares impostas pelo magistrado no \u00e2mbito do inqu\u00e9rito aberto no in\u00edcio do ano para investigar o filho e deputado, Eduardo Bolsonaro (PL-SP), acusado de articular com o governo dos Estados Unidos a aplica\u00e7\u00e3o de san\u00e7\u00f5es contra ministros.<br><br>Outro r\u00e9u desse n\u00facleo que segue preso \u00e9 o general&nbsp;<a href=\"https:\/\/www.brasildefato.com.br\/2025\/03\/14\/por-unanimidade-stf-mantem-prisao-de-braga-netto\/\" target=\"_blank\" rel=\"noreferrer noopener\">Braga Netto<\/a>, detido em dezembro de 2024, por ordem de Moraes, por tentar interferir nas investiga\u00e7\u00f5es.&nbsp;&nbsp;<\/p>\n\n\n\n<p>J\u00e1 o\u00a0<a href=\"https:\/\/www.brasildefato.com.br\/2025\/04\/04\/stf-antecipa-julgamento-do-nucleo-2-de-acusados-por-tentativa-de-golpe\/\" target=\"_blank\" rel=\"noreferrer noopener\">n\u00facleo 2<\/a>\u00a0da trama golpista, formado por seis r\u00e9us, deve encerrar as dilig\u00eancias adicionais solicitadas pela defesa ainda nesta semana, abrindo assim o prazo para as alega\u00e7\u00f5es finais das defesas. Esse grupo \u00e9 acusado pela PGR de ter elaborado a chamada \u201cminuta do golpe\u201d, monitorado o ministro Alexandre de Moraes e articulado a\u00e7\u00f5es com a\u00a0<a href=\"https:\/\/www.brasildefato.com.br\/2025\/05\/27\/ex-diretor-da-prf-confirma-ordens-do-ministerio-da-justica-de-bolsonaro-para-blitz-nas-eleicoes-de-2022\/\" target=\"_blank\" rel=\"noreferrer noopener\">Pol\u00edcia Rodovi\u00e1ria Federal (PRF) para dificultar o voto de eleitores<\/a>\u00a0do Nordeste nas elei\u00e7\u00f5es de 2022.<\/p>\n\n\n\n<p>Texto: Brasil de Fato<\/p>\n","protected":false},"excerpt":{"rendered":"<p>Os sete r\u00e9us do n\u00facleo 1 da trama golpista, incluindo o ex-presidente&nbsp;Jair Bolsonaro (PL), t\u00eam at\u00e9 a pr\u00f3xima quarta-feira (13) para apresentar suas alega\u00e7\u00f5es finais ao Supremo Tribunal Federal (STF). Com isso, o relator da a\u00e7\u00e3o penal, ministro&nbsp;Alexandre de Moraes, dever\u00e1 elaborar seu voto e liberar o caso para o julgamento. A data da an\u00e1lise [&hellip;]<\/p>\n","protected":false},"author":13,"featured_media":0,"comment_status":"open","ping_status":"open","sticky":false,"template":"","format":"standard","meta":{"_acf_changed":false,"footnotes":""},"categories":[898,23,21],"tags":[],"class_list":["post-86509","post","type-post","status-publish","format-standard","hentry","category-manchete-segundaria","category-politica","category-todas-noticias"],"acf":[],"yoast_head":"<!-- This site is optimized with the Yoast SEO plugin v24.4 - https:\/\/yoast.com\/wordpress\/plugins\/seo\/ -->\n<title>A\u00e7\u00e3o penal contra Bolsonaro e mais 7 por tentativa de golpe de Estado entra na reta final - PORTAL DE NOT\u00cdCIAS CLEITON PINHEIRO<\/title>\n<meta name=\"robots\" content=\"index, follow, max-snippet:-1, max-image-preview:large, max-video-preview:-1\" \/>\n<link rel=\"canonical\" href=\"https:\/\/cleitonpinheiro.com.br\/site\/acao-penal-contra-bolsonaro-e-mais-7-por-tentativa-de-golpe-de-estado-entra-na-reta-final\/\" \/>\n<meta property=\"og:locale\" content=\"pt_BR\" \/>\n<meta property=\"og:type\" content=\"article\" \/>\n<meta property=\"og:title\" content=\"A\u00e7\u00e3o penal contra Bolsonaro e mais 7 por tentativa de golpe de Estado entra na reta final - PORTAL DE NOT\u00cdCIAS CLEITON PINHEIRO\" \/>\n<meta property=\"og:description\" content=\"Os sete r\u00e9us do n\u00facleo 1 da trama golpista, incluindo o ex-presidente&nbsp;Jair Bolsonaro (PL), t\u00eam at\u00e9 a pr\u00f3xima quarta-feira (13) para apresentar suas alega\u00e7\u00f5es finais ao Supremo Tribunal Federal (STF). Com isso, o relator da a\u00e7\u00e3o penal, ministro&nbsp;Alexandre de Moraes, dever\u00e1 elaborar seu voto e liberar o caso para o julgamento. A data da an\u00e1lise [&hellip;]\" \/>\n<meta property=\"og:url\" content=\"https:\/\/cleitonpinheiro.com.br\/site\/acao-penal-contra-bolsonaro-e-mais-7-por-tentativa-de-golpe-de-estado-entra-na-reta-final\/\" \/>\n<meta property=\"og:site_name\" content=\"PORTAL DE NOT\u00cdCIAS CLEITON PINHEIRO\" \/>\n<meta property=\"article:publisher\" content=\"https:\/\/www.facebook.com\/portalcpnoticias\/\" \/>\n<meta property=\"article:published_time\" content=\"2025-08-11T13:40:17+00:00\" \/>\n<meta property=\"article:modified_time\" content=\"2025-08-11T13:55:38+00:00\" \/>\n<meta property=\"og:image\" content=\"https:\/\/cleitonpinheiro.com.br\/site\/wp-content\/uploads\/2023\/04\/bolsonaro-foto-reuters-marco-bello-1hrj6ss9e5gl3.webp\" \/>\n\t<meta property=\"og:image:width\" content=\"774\" \/>\n\t<meta property=\"og:image:height\" content=\"516\" \/>\n\t<meta property=\"og:image:type\" content=\"image\/webp\" \/>\n<meta name=\"author\" content=\"Reda\u00e7\u00e3o CP\" \/>\n<meta name=\"twitter:card\" content=\"summary_large_image\" \/>\n<meta name=\"twitter:label1\" content=\"Escrito por\" \/>\n\t<meta name=\"twitter:data1\" content=\"Reda\u00e7\u00e3o CP\" \/>\n\t<meta name=\"twitter:label2\" content=\"Est. tempo de leitura\" \/>\n\t<meta name=\"twitter:data2\" content=\"3 minutos\" \/>\n<script type=\"application\/ld+json\" class=\"yoast-schema-graph\">{\"@context\":\"https:\/\/schema.org\",\"@graph\":[{\"@type\":\"Article\",\"@id\":\"https:\/\/cleitonpinheiro.com.br\/site\/acao-penal-contra-bolsonaro-e-mais-7-por-tentativa-de-golpe-de-estado-entra-na-reta-final\/#article\",\"isPartOf\":{\"@id\":\"https:\/\/cleitonpinheiro.com.br\/site\/acao-penal-contra-bolsonaro-e-mais-7-por-tentativa-de-golpe-de-estado-entra-na-reta-final\/\"},\"author\":{\"name\":\"Reda\u00e7\u00e3o CP\",\"@id\":\"https:\/\/cleitonpinheiro.com.br\/site\/#\/schema\/person\/8f04544e0bc40a1b68775b08360f87db\"},\"headline\":\"A\u00e7\u00e3o penal contra Bolsonaro e mais 7 por tentativa de golpe de Estado entra na reta final\",\"datePublished\":\"2025-08-11T13:40:17+00:00\",\"dateModified\":\"2025-08-11T13:55:38+00:00\",\"mainEntityOfPage\":{\"@id\":\"https:\/\/cleitonpinheiro.com.br\/site\/acao-penal-contra-bolsonaro-e-mais-7-por-tentativa-de-golpe-de-estado-entra-na-reta-final\/\"},\"wordCount\":439,\"commentCount\":0,\"publisher\":{\"@id\":\"https:\/\/cleitonpinheiro.com.br\/site\/#organization\"},\"image\":{\"@id\":\"https:\/\/cleitonpinheiro.com.br\/site\/acao-penal-contra-bolsonaro-e-mais-7-por-tentativa-de-golpe-de-estado-entra-na-reta-final\/#primaryimage\"},\"thumbnailUrl\":\"https:\/\/cleitonpinheiro.com.br\/site\/wp-content\/uploads\/2023\/04\/bolsonaro-foto-reuters-marco-bello-1hrj6ss9e5gl3.webp\",\"articleSection\":[\"MANCHETE SEGUND\u00c1RIA\",\"POL\u00cdTICA\",\"TODAS NOTICIAS\"],\"inLanguage\":\"pt-BR\",\"potentialAction\":[{\"@type\":\"CommentAction\",\"name\":\"Comment\",\"target\":[\"https:\/\/cleitonpinheiro.com.br\/site\/acao-penal-contra-bolsonaro-e-mais-7-por-tentativa-de-golpe-de-estado-entra-na-reta-final\/#respond\"]}]},{\"@type\":\"WebPage\",\"@id\":\"https:\/\/cleitonpinheiro.com.br\/site\/acao-penal-contra-bolsonaro-e-mais-7-por-tentativa-de-golpe-de-estado-entra-na-reta-final\/\",\"url\":\"https:\/\/cleitonpinheiro.com.br\/site\/acao-penal-contra-bolsonaro-e-mais-7-por-tentativa-de-golpe-de-estado-entra-na-reta-final\/\",\"name\":\"A\u00e7\u00e3o penal contra Bolsonaro e mais 7 por tentativa de golpe de Estado entra na reta final - PORTAL DE NOT\u00cdCIAS CLEITON PINHEIRO\",\"isPartOf\":{\"@id\":\"https:\/\/cleitonpinheiro.com.br\/site\/#website\"},\"primaryImageOfPage\":{\"@id\":\"https:\/\/cleitonpinheiro.com.br\/site\/acao-penal-contra-bolsonaro-e-mais-7-por-tentativa-de-golpe-de-estado-entra-na-reta-final\/#primaryimage\"},\"image\":{\"@id\":\"https:\/\/cleitonpinheiro.com.br\/site\/acao-penal-contra-bolsonaro-e-mais-7-por-tentativa-de-golpe-de-estado-entra-na-reta-final\/#primaryimage\"},\"thumbnailUrl\":\"https:\/\/cleitonpinheiro.com.br\/site\/wp-content\/uploads\/2023\/04\/bolsonaro-foto-reuters-marco-bello-1hrj6ss9e5gl3.webp\",\"datePublished\":\"2025-08-11T13:40:17+00:00\",\"dateModified\":\"2025-08-11T13:55:38+00:00\",\"breadcrumb\":{\"@id\":\"https:\/\/cleitonpinheiro.com.br\/site\/acao-penal-contra-bolsonaro-e-mais-7-por-tentativa-de-golpe-de-estado-entra-na-reta-final\/#breadcrumb\"},\"inLanguage\":\"pt-BR\",\"potentialAction\":[{\"@type\":\"ReadAction\",\"target\":[\"https:\/\/cleitonpinheiro.com.br\/site\/acao-penal-contra-bolsonaro-e-mais-7-por-tentativa-de-golpe-de-estado-entra-na-reta-final\/\"]}]},{\"@type\":\"ImageObject\",\"inLanguage\":\"pt-BR\",\"@id\":\"https:\/\/cleitonpinheiro.com.br\/site\/acao-penal-contra-bolsonaro-e-mais-7-por-tentativa-de-golpe-de-estado-entra-na-reta-final\/#primaryimage\",\"url\":\"\",\"contentUrl\":\"\"},{\"@type\":\"BreadcrumbList\",\"@id\":\"https:\/\/cleitonpinheiro.com.br\/site\/acao-penal-contra-bolsonaro-e-mais-7-por-tentativa-de-golpe-de-estado-entra-na-reta-final\/#breadcrumb\",\"itemListElement\":[{\"@type\":\"ListItem\",\"position\":1,\"name\":\"In\u00edcio\",\"item\":\"https:\/\/cleitonpinheiro.com.br\/site\/\"},{\"@type\":\"ListItem\",\"position\":2,\"name\":\"A\u00e7\u00e3o penal contra Bolsonaro e mais 7 por tentativa de golpe de Estado entra na reta final\"}]},{\"@type\":\"WebSite\",\"@id\":\"https:\/\/cleitonpinheiro.com.br\/site\/#website\",\"url\":\"https:\/\/cleitonpinheiro.com.br\/site\/\",\"name\":\"PORTAL DE NOT\u00cdCIAS CLEITON PINHEIRO\",\"description\":\"FALANDO A VERDADE\",\"publisher\":{\"@id\":\"https:\/\/cleitonpinheiro.com.br\/site\/#organization\"},\"potentialAction\":[{\"@type\":\"SearchAction\",\"target\":{\"@type\":\"EntryPoint\",\"urlTemplate\":\"https:\/\/cleitonpinheiro.com.br\/site\/?s={search_term_string}\"},\"query-input\":{\"@type\":\"PropertyValueSpecification\",\"valueRequired\":true,\"valueName\":\"search_term_string\"}}],\"inLanguage\":\"pt-BR\"},{\"@type\":\"Organization\",\"@id\":\"https:\/\/cleitonpinheiro.com.br\/site\/#organization\",\"name\":\"CPNOT\u00cdCIAS\",\"url\":\"https:\/\/cleitonpinheiro.com.br\/site\/\",\"logo\":{\"@type\":\"ImageObject\",\"inLanguage\":\"pt-BR\",\"@id\":\"https:\/\/cleitonpinheiro.com.br\/site\/#\/schema\/logo\/image\/\",\"url\":\"https:\/\/cleitonpinheiro.com.br\/site\/wp-content\/uploads\/2022\/08\/Logo-pequena-2.png\",\"contentUrl\":\"https:\/\/cleitonpinheiro.com.br\/site\/wp-content\/uploads\/2022\/08\/Logo-pequena-2.png\",\"width\":500,\"height\":500,\"caption\":\"CPNOT\u00cdCIAS\"},\"image\":{\"@id\":\"https:\/\/cleitonpinheiro.com.br\/site\/#\/schema\/logo\/image\/\"},\"sameAs\":[\"https:\/\/www.facebook.com\/portalcpnoticias\/\"]},{\"@type\":\"Person\",\"@id\":\"https:\/\/cleitonpinheiro.com.br\/site\/#\/schema\/person\/8f04544e0bc40a1b68775b08360f87db\",\"name\":\"Reda\u00e7\u00e3o CP\",\"image\":{\"@type\":\"ImageObject\",\"inLanguage\":\"pt-BR\",\"@id\":\"https:\/\/cleitonpinheiro.com.br\/site\/#\/schema\/person\/image\/\",\"url\":\"https:\/\/secure.gravatar.com\/avatar\/0bcf19cb29fdc8fc588c490c7ae1b3e174dac268586a63fbe1d1893a0f9020cd?s=96&r=g\",\"contentUrl\":\"https:\/\/secure.gravatar.com\/avatar\/0bcf19cb29fdc8fc588c490c7ae1b3e174dac268586a63fbe1d1893a0f9020cd?s=96&r=g\",\"caption\":\"Reda\u00e7\u00e3o CP\"},\"url\":\"https:\/\/cleitonpinheiro.com.br\/site\/author\/redacao\/\"}]}<\/script>\n<!-- \/ Yoast SEO plugin. -->","yoast_head_json":{"title":"A\u00e7\u00e3o penal contra Bolsonaro e mais 7 por tentativa de golpe de Estado entra na reta final - PORTAL DE NOT\u00cdCIAS CLEITON PINHEIRO","robots":{"index":"index","follow":"follow","max-snippet":"max-snippet:-1","max-image-preview":"max-image-preview:large","max-video-preview":"max-video-preview:-1"},"canonical":"https:\/\/cleitonpinheiro.com.br\/site\/acao-penal-contra-bolsonaro-e-mais-7-por-tentativa-de-golpe-de-estado-entra-na-reta-final\/","og_locale":"pt_BR","og_type":"article","og_title":"A\u00e7\u00e3o penal contra Bolsonaro e mais 7 por tentativa de golpe de Estado entra na reta final - PORTAL DE NOT\u00cdCIAS CLEITON PINHEIRO","og_description":"Os sete r\u00e9us do n\u00facleo 1 da trama golpista, incluindo o ex-presidente&nbsp;Jair Bolsonaro (PL), t\u00eam at\u00e9 a pr\u00f3xima quarta-feira (13) para apresentar suas alega\u00e7\u00f5es finais ao Supremo Tribunal Federal (STF). Com isso, o relator da a\u00e7\u00e3o penal, ministro&nbsp;Alexandre de Moraes, dever\u00e1 elaborar seu voto e liberar o caso para o julgamento. A data da an\u00e1lise [&hellip;]","og_url":"https:\/\/cleitonpinheiro.com.br\/site\/acao-penal-contra-bolsonaro-e-mais-7-por-tentativa-de-golpe-de-estado-entra-na-reta-final\/","og_site_name":"PORTAL DE NOT\u00cdCIAS CLEITON PINHEIRO","article_publisher":"https:\/\/www.facebook.com\/portalcpnoticias\/","article_published_time":"2025-08-11T13:40:17+00:00","article_modified_time":"2025-08-11T13:55:38+00:00","og_image":[{"width":774,"height":516,"url":"https:\/\/cleitonpinheiro.com.br\/site\/wp-content\/uploads\/2023\/04\/bolsonaro-foto-reuters-marco-bello-1hrj6ss9e5gl3.webp","type":"image\/webp"}],"author":"Reda\u00e7\u00e3o CP","twitter_card":"summary_large_image","twitter_misc":{"Escrito por":"Reda\u00e7\u00e3o CP","Est. tempo de leitura":"3 minutos"},"schema":{"@context":"https:\/\/schema.org","@graph":[{"@type":"Article","@id":"https:\/\/cleitonpinheiro.com.br\/site\/acao-penal-contra-bolsonaro-e-mais-7-por-tentativa-de-golpe-de-estado-entra-na-reta-final\/#article","isPartOf":{"@id":"https:\/\/cleitonpinheiro.com.br\/site\/acao-penal-contra-bolsonaro-e-mais-7-por-tentativa-de-golpe-de-estado-entra-na-reta-final\/"},"author":{"name":"Reda\u00e7\u00e3o CP","@id":"https:\/\/cleitonpinheiro.com.br\/site\/#\/schema\/person\/8f04544e0bc40a1b68775b08360f87db"},"headline":"A\u00e7\u00e3o penal contra Bolsonaro e mais 7 por tentativa de golpe de Estado entra na reta final","datePublished":"2025-08-11T13:40:17+00:00","dateModified":"2025-08-11T13:55:38+00:00","mainEntityOfPage":{"@id":"https:\/\/cleitonpinheiro.com.br\/site\/acao-penal-contra-bolsonaro-e-mais-7-por-tentativa-de-golpe-de-estado-entra-na-reta-final\/"},"wordCount":439,"commentCount":0,"publisher":{"@id":"https:\/\/cleitonpinheiro.com.br\/site\/#organization"},"image":{"@id":"https:\/\/cleitonpinheiro.com.br\/site\/acao-penal-contra-bolsonaro-e-mais-7-por-tentativa-de-golpe-de-estado-entra-na-reta-final\/#primaryimage"},"thumbnailUrl":"https:\/\/cleitonpinheiro.com.br\/site\/wp-content\/uploads\/2023\/04\/bolsonaro-foto-reuters-marco-bello-1hrj6ss9e5gl3.webp","articleSection":["MANCHETE SEGUND\u00c1RIA","POL\u00cdTICA","TODAS NOTICIAS"],"inLanguage":"pt-BR","potentialAction":[{"@type":"CommentAction","name":"Comment","target":["https:\/\/cleitonpinheiro.com.br\/site\/acao-penal-contra-bolsonaro-e-mais-7-por-tentativa-de-golpe-de-estado-entra-na-reta-final\/#respond"]}]},{"@type":"WebPage","@id":"https:\/\/cleitonpinheiro.com.br\/site\/acao-penal-contra-bolsonaro-e-mais-7-por-tentativa-de-golpe-de-estado-entra-na-reta-final\/","url":"https:\/\/cleitonpinheiro.com.br\/site\/acao-penal-contra-bolsonaro-e-mais-7-por-tentativa-de-golpe-de-estado-entra-na-reta-final\/","name":"A\u00e7\u00e3o penal contra Bolsonaro e mais 7 por tentativa de golpe de Estado entra na reta final - PORTAL DE NOT\u00cdCIAS CLEITON PINHEIRO","isPartOf":{"@id":"https:\/\/cleitonpinheiro.com.br\/site\/#website"},"primaryImageOfPage":{"@id":"https:\/\/cleitonpinheiro.com.br\/site\/acao-penal-contra-bolsonaro-e-mais-7-por-tentativa-de-golpe-de-estado-entra-na-reta-final\/#primaryimage"},"image":{"@id":"https:\/\/cleitonpinheiro.com.br\/site\/acao-penal-contra-bolsonaro-e-mais-7-por-tentativa-de-golpe-de-estado-entra-na-reta-final\/#primaryimage"},"thumbnailUrl":"https:\/\/cleitonpinheiro.com.br\/site\/wp-content\/uploads\/2023\/04\/bolsonaro-foto-reuters-marco-bello-1hrj6ss9e5gl3.webp","datePublished":"2025-08-11T13:40:17+00:00","dateModified":"2025-08-11T13:55:38+00:00","breadcrumb":{"@id":"https:\/\/cleitonpinheiro.com.br\/site\/acao-penal-contra-bolsonaro-e-mais-7-por-tentativa-de-golpe-de-estado-entra-na-reta-final\/#breadcrumb"},"inLanguage":"pt-BR","potentialAction":[{"@type":"ReadAction","target":["https:\/\/cleitonpinheiro.com.br\/site\/acao-penal-contra-bolsonaro-e-mais-7-por-tentativa-de-golpe-de-estado-entra-na-reta-final\/"]}]},{"@type":"ImageObject","inLanguage":"pt-BR","@id":"https:\/\/cleitonpinheiro.com.br\/site\/acao-penal-contra-bolsonaro-e-mais-7-por-tentativa-de-golpe-de-estado-entra-na-reta-final\/#primaryimage","url":"","contentUrl":""},{"@type":"BreadcrumbList","@id":"https:\/\/cleitonpinheiro.com.br\/site\/acao-penal-contra-bolsonaro-e-mais-7-por-tentativa-de-golpe-de-estado-entra-na-reta-final\/#breadcrumb","itemListElement":[{"@type":"ListItem","position":1,"name":"In\u00edcio","item":"https:\/\/cleitonpinheiro.com.br\/site\/"},{"@type":"ListItem","position":2,"name":"A\u00e7\u00e3o penal contra Bolsonaro e mais 7 por tentativa de golpe de Estado entra na reta final"}]},{"@type":"WebSite","@id":"https:\/\/cleitonpinheiro.com.br\/site\/#website","url":"https:\/\/cleitonpinheiro.com.br\/site\/","name":"PORTAL DE NOT\u00cdCIAS CLEITON PINHEIRO","description":"FALANDO A VERDADE","publisher":{"@id":"https:\/\/cleitonpinheiro.com.br\/site\/#organization"},"potentialAction":[{"@type":"SearchAction","target":{"@type":"EntryPoint","urlTemplate":"https:\/\/cleitonpinheiro.com.br\/site\/?s={search_term_string}"},"query-input":{"@type":"PropertyValueSpecification","valueRequired":true,"valueName":"search_term_string"}}],"inLanguage":"pt-BR"},{"@type":"Organization","@id":"https:\/\/cleitonpinheiro.com.br\/site\/#organization","name":"CPNOT\u00cdCIAS","url":"https:\/\/cleitonpinheiro.com.br\/site\/","logo":{"@type":"ImageObject","inLanguage":"pt-BR","@id":"https:\/\/cleitonpinheiro.com.br\/site\/#\/schema\/logo\/image\/","url":"https:\/\/cleitonpinheiro.com.br\/site\/wp-content\/uploads\/2022\/08\/Logo-pequena-2.png","contentUrl":"https:\/\/cleitonpinheiro.com.br\/site\/wp-content\/uploads\/2022\/08\/Logo-pequena-2.png","width":500,"height":500,"caption":"CPNOT\u00cdCIAS"},"image":{"@id":"https:\/\/cleitonpinheiro.com.br\/site\/#\/schema\/logo\/image\/"},"sameAs":["https:\/\/www.facebook.com\/portalcpnoticias\/"]},{"@type":"Person","@id":"https:\/\/cleitonpinheiro.com.br\/site\/#\/schema\/person\/8f04544e0bc40a1b68775b08360f87db","name":"Reda\u00e7\u00e3o CP","image":{"@type":"ImageObject","inLanguage":"pt-BR","@id":"https:\/\/cleitonpinheiro.com.br\/site\/#\/schema\/person\/image\/","url":"https:\/\/secure.gravatar.com\/avatar\/0bcf19cb29fdc8fc588c490c7ae1b3e174dac268586a63fbe1d1893a0f9020cd?s=96&r=g","contentUrl":"https:\/\/secure.gravatar.com\/avatar\/0bcf19cb29fdc8fc588c490c7ae1b3e174dac268586a63fbe1d1893a0f9020cd?s=96&r=g","caption":"Reda\u00e7\u00e3o CP"},"url":"https:\/\/cleitonpinheiro.com.br\/site\/author\/redacao\/"}]}},"views":105,"_links":{"self":[{"href":"https:\/\/cleitonpinheiro.com.br\/site\/wp-json\/wp\/v2\/posts\/86509","targetHints":{"allow":["GET"]}}],"collection":[{"href":"https:\/\/cleitonpinheiro.com.br\/site\/wp-json\/wp\/v2\/posts"}],"about":[{"href":"https:\/\/cleitonpinheiro.com.br\/site\/wp-json\/wp\/v2\/types\/post"}],"author":[{"embeddable":true,"href":"https:\/\/cleitonpinheiro.com.br\/site\/wp-json\/wp\/v2\/users\/13"}],"replies":[{"embeddable":true,"href":"https:\/\/cleitonpinheiro.com.br\/site\/wp-json\/wp\/v2\/comments?post=86509"}],"version-history":[{"count":2,"href":"https:\/\/cleitonpinheiro.com.br\/site\/wp-json\/wp\/v2\/posts\/86509\/revisions"}],"predecessor-version":[{"id":86512,"href":"https:\/\/cleitonpinheiro.com.br\/site\/wp-json\/wp\/v2\/posts\/86509\/revisions\/86512"}],"wp:attachment":[{"href":"https:\/\/cleitonpinheiro.com.br\/site\/wp-json\/wp\/v2\/media?parent=86509"}],"wp:term":[{"taxonomy":"category","embeddable":true,"href":"https:\/\/cleitonpinheiro.com.br\/site\/wp-json\/wp\/v2\/categories?post=86509"},{"taxonomy":"post_tag","embeddable":true,"href":"https:\/\/cleitonpinheiro.com.br\/site\/wp-json\/wp\/v2\/tags?post=86509"}],"curies":[{"name":"wp","href":"https:\/\/api.w.org\/{rel}","templated":true}]}}