{"id":86518,"date":"2025-08-11T17:13:20","date_gmt":"2025-08-11T20:13:20","guid":{"rendered":"https:\/\/cleitonpinheiro.com.br\/site\/?p=86518"},"modified":"2025-08-11T17:13:25","modified_gmt":"2025-08-11T20:13:25","slug":"acoes-de-vacinacao-seguem-nas-secretarias-municipais-da-prefeitura-de-palmas","status":"publish","type":"post","link":"https:\/\/cleitonpinheiro.com.br\/site\/acoes-de-vacinacao-seguem-nas-secretarias-municipais-da-prefeitura-de-palmas\/","title":{"rendered":"A\u00e7\u00f5es de vacina\u00e7\u00e3o seguem nas secretarias municipais da Prefeitura de Palmas"},"content":{"rendered":"\n<figure class=\"wp-block-image size-full\"><img fetchpriority=\"high\" decoding=\"async\" width=\"1170\" height=\"700\" src=\"https:\/\/cleitonpinheiro.com.br\/site\/wp-content\/uploads\/2023\/08\/vacinacao_contra_covid-19_sao_paulo_rovsa_abr_19012101079.jpg\" alt=\"\" class=\"wp-image-73571\"\/><figcaption class=\"wp-element-caption\">Foto: Rovena Rosa\/Ag\u00eancia Brasil<\/figcaption><\/figure>\n\n\n\n<p>Para refor\u00e7ar o bem-estar e garantir a sa\u00fade no ambiente de trabalho, a Prefeitura de Palmas, por meio da Secretaria Municipal da Sa\u00fade (Semus), segue com as a\u00e7\u00f5es de vacina\u00e7\u00e3o destinadas aos servidores p\u00fablicos municipais nesta semana, entre os dias 11 e 14 de agosto. A iniciativa oferece atualiza\u00e7\u00e3o do cart\u00e3o de vacina em adultos como tr\u00edplice viral, febre amarela, hepatite B, dupla adulto e covid-19.<\/p>\n\n\n\n<p><a href=\"https:\/\/www.palmas.to.gov.br\/saude-de-palmas-inicia-imunizacao-nas-secretarias-municipais\/\">A programa\u00e7\u00e3o iniciou de 4 a 8 de agosto<\/a>&nbsp;e nesta segunda-feira, 11, a partir das 14 horas, a vacina\u00e7\u00e3o acontecer\u00e1 na Ag\u00eancia de Regula\u00e7\u00e3o, Controle e Fiscaliza\u00e7\u00e3o de Servi\u00e7os P\u00fablicos (ARP) e na Secretaria Municipal de Desenvolvimento Econ\u00f4mico e Empreendedorismo (Sedeem\/Casa do Empreendedor). O cronograma completo pode ser conferido abaixo.<\/p>\n\n\n\n<p>Para aplica\u00e7\u00e3o das doses, o servidor dever\u00e1 levar o cart\u00e3o de vacina\u00e7\u00e3o e documentos pessoais. A a\u00e7\u00e3o faz parte do projeto Miss\u00e3o Imunizar e visa levar equipes de vacina\u00e7\u00e3o volantes a locais estrat\u00e9gicos, facilitando o acesso e a atualiza\u00e7\u00e3o das vacinas em diversos p\u00fablicos.<\/p>\n\n\n\n<p><strong>Cronograma de vacina\u00e7\u00e3o \u2013 entre 11 e 14 de agosto<\/strong><\/p>\n\n\n\n<p><strong>Segunda-feira, 11 de agosto, a partir das 14 horas<\/strong><\/p>\n\n\n\n<p>Ag\u00eancia de Regula\u00e7\u00e3o, Controle e Fiscaliza\u00e7\u00e3o de Servi\u00e7os P\u00fablicos<br>Secretaria Municipal de Desenvolvimento Econ\u00f4mico e Empreendedorismo\/Casa do Empreendedor<\/p>\n\n\n\n<p><strong>Ter\u00e7a-feira, 12 de agosto, a partir das 14 horas<\/strong><\/p>\n\n\n\n<p>Ag\u00eancia Municipal de Turismo (Agtur\/Centro de Conven\u00e7\u00f5es)<br>Funda\u00e7\u00e3o Municipal de Esporte e Lazer de Palmas (Fundesportes)<br>Guarda Metropolitana de Palmas (GMP)<\/p>\n\n\n\n<p><strong>Quarta-feira, 13 de agosto, a partir das 14 horas<\/strong><\/p>\n\n\n\n<p>Ag\u00eancia de Transporte Coletivo de Palmas (ATCP)<br>Funda\u00e7\u00e3o Escola de Sa\u00fade P\u00fablica de Palmas (Fesp)<br>Secretaria Municipal de Administra\u00e7\u00e3o e Moderniza\u00e7\u00e3o (Secad)<\/p>\n\n\n\n<p><strong>Quinta-feira, 14 de agosto, a partir das 14 horas<\/strong><\/p>\n\n\n\n<p>Funda\u00e7\u00e3o Municipal da Juventude de Palmas (FJP)<br>Instituto de Previd\u00eancia Social do Munic\u00edpio de Palmas (PreviPalmas)<br>Secretaria Municipal de A\u00e7\u00e3o Social (Semas)<\/p>\n\n\n\n<p>Texto: Gabriela Letrari<\/p>\n\n\n\n<p><\/p>\n","protected":false},"excerpt":{"rendered":"<p>Para refor\u00e7ar o bem-estar e garantir a sa\u00fade no ambiente de trabalho, a Prefeitura de Palmas, por meio da Secretaria Municipal da Sa\u00fade (Semus), segue com as a\u00e7\u00f5es de vacina\u00e7\u00e3o destinadas aos servidores p\u00fablicos municipais nesta semana, entre os dias 11 e 14 de agosto. A iniciativa oferece atualiza\u00e7\u00e3o do cart\u00e3o de vacina em adultos [&hellip;]<\/p>\n","protected":false},"author":13,"featured_media":0,"comment_status":"open","ping_status":"open","sticky":false,"template":"","format":"standard","meta":{"_acf_changed":false,"footnotes":""},"categories":[22,898,21],"tags":[],"class_list":["post-86518","post","type-post","status-publish","format-standard","hentry","category-cidades","category-manchete-segundaria","category-todas-noticias"],"acf":[],"yoast_head":"<!-- This site is optimized with the Yoast SEO plugin v24.4 - https:\/\/yoast.com\/wordpress\/plugins\/seo\/ -->\n<title>A\u00e7\u00f5es de vacina\u00e7\u00e3o seguem nas secretarias municipais da Prefeitura de Palmas - PORTAL DE NOT\u00cdCIAS CLEITON PINHEIRO<\/title>\n<meta name=\"robots\" content=\"index, follow, max-snippet:-1, max-image-preview:large, max-video-preview:-1\" \/>\n<link rel=\"canonical\" href=\"https:\/\/cleitonpinheiro.com.br\/site\/acoes-de-vacinacao-seguem-nas-secretarias-municipais-da-prefeitura-de-palmas\/\" \/>\n<meta property=\"og:locale\" content=\"pt_BR\" \/>\n<meta property=\"og:type\" content=\"article\" \/>\n<meta property=\"og:title\" content=\"A\u00e7\u00f5es de vacina\u00e7\u00e3o seguem nas secretarias municipais da Prefeitura de Palmas - PORTAL DE NOT\u00cdCIAS CLEITON PINHEIRO\" \/>\n<meta property=\"og:description\" content=\"Para refor\u00e7ar o bem-estar e garantir a sa\u00fade no ambiente de trabalho, a Prefeitura de Palmas, por meio da Secretaria Municipal da Sa\u00fade (Semus), segue com as a\u00e7\u00f5es de vacina\u00e7\u00e3o destinadas aos servidores p\u00fablicos municipais nesta semana, entre os dias 11 e 14 de agosto. A iniciativa oferece atualiza\u00e7\u00e3o do cart\u00e3o de vacina em adultos [&hellip;]\" \/>\n<meta property=\"og:url\" content=\"https:\/\/cleitonpinheiro.com.br\/site\/acoes-de-vacinacao-seguem-nas-secretarias-municipais-da-prefeitura-de-palmas\/\" \/>\n<meta property=\"og:site_name\" content=\"PORTAL DE NOT\u00cdCIAS CLEITON PINHEIRO\" \/>\n<meta property=\"article:publisher\" content=\"https:\/\/www.facebook.com\/portalcpnoticias\/\" \/>\n<meta property=\"article:published_time\" content=\"2025-08-11T20:13:20+00:00\" \/>\n<meta property=\"article:modified_time\" content=\"2025-08-11T20:13:25+00:00\" \/>\n<meta property=\"og:image\" content=\"https:\/\/cleitonpinheiro.com.br\/site\/wp-content\/uploads\/2023\/08\/cdcc4eb6-d457-4d48-8d50-60b12c5f8ab0.jpg\" \/>\n\t<meta property=\"og:image:width\" content=\"800\" \/>\n\t<meta property=\"og:image:height\" content=\"520\" \/>\n\t<meta property=\"og:image:type\" content=\"image\/jpeg\" \/>\n<meta name=\"author\" content=\"Reda\u00e7\u00e3o CP\" \/>\n<meta name=\"twitter:card\" content=\"summary_large_image\" \/>\n<meta name=\"twitter:label1\" content=\"Escrito por\" \/>\n\t<meta name=\"twitter:data1\" content=\"Reda\u00e7\u00e3o CP\" \/>\n\t<meta name=\"twitter:label2\" content=\"Est. tempo de leitura\" \/>\n\t<meta name=\"twitter:data2\" content=\"3 minutos\" \/>\n<script type=\"application\/ld+json\" class=\"yoast-schema-graph\">{\"@context\":\"https:\/\/schema.org\",\"@graph\":[{\"@type\":\"Article\",\"@id\":\"https:\/\/cleitonpinheiro.com.br\/site\/acoes-de-vacinacao-seguem-nas-secretarias-municipais-da-prefeitura-de-palmas\/#article\",\"isPartOf\":{\"@id\":\"https:\/\/cleitonpinheiro.com.br\/site\/acoes-de-vacinacao-seguem-nas-secretarias-municipais-da-prefeitura-de-palmas\/\"},\"author\":{\"name\":\"Reda\u00e7\u00e3o CP\",\"@id\":\"https:\/\/cleitonpinheiro.com.br\/site\/#\/schema\/person\/8f04544e0bc40a1b68775b08360f87db\"},\"headline\":\"A\u00e7\u00f5es de vacina\u00e7\u00e3o seguem nas secretarias municipais da Prefeitura de Palmas\",\"datePublished\":\"2025-08-11T20:13:20+00:00\",\"dateModified\":\"2025-08-11T20:13:25+00:00\",\"mainEntityOfPage\":{\"@id\":\"https:\/\/cleitonpinheiro.com.br\/site\/acoes-de-vacinacao-seguem-nas-secretarias-municipais-da-prefeitura-de-palmas\/\"},\"wordCount\":345,\"commentCount\":0,\"publisher\":{\"@id\":\"https:\/\/cleitonpinheiro.com.br\/site\/#organization\"},\"image\":{\"@id\":\"https:\/\/cleitonpinheiro.com.br\/site\/acoes-de-vacinacao-seguem-nas-secretarias-municipais-da-prefeitura-de-palmas\/#primaryimage\"},\"thumbnailUrl\":\"https:\/\/cleitonpinheiro.com.br\/site\/wp-content\/uploads\/2023\/08\/vacinacao_contra_covid-19_sao_paulo_rovsa_abr_19012101079.jpg\",\"articleSection\":[\"CIDADES\",\"MANCHETE SEGUND\u00c1RIA\",\"TODAS NOTICIAS\"],\"inLanguage\":\"pt-BR\",\"potentialAction\":[{\"@type\":\"CommentAction\",\"name\":\"Comment\",\"target\":[\"https:\/\/cleitonpinheiro.com.br\/site\/acoes-de-vacinacao-seguem-nas-secretarias-municipais-da-prefeitura-de-palmas\/#respond\"]}]},{\"@type\":\"WebPage\",\"@id\":\"https:\/\/cleitonpinheiro.com.br\/site\/acoes-de-vacinacao-seguem-nas-secretarias-municipais-da-prefeitura-de-palmas\/\",\"url\":\"https:\/\/cleitonpinheiro.com.br\/site\/acoes-de-vacinacao-seguem-nas-secretarias-municipais-da-prefeitura-de-palmas\/\",\"name\":\"A\u00e7\u00f5es de vacina\u00e7\u00e3o seguem nas secretarias municipais da Prefeitura de Palmas - PORTAL DE NOT\u00cdCIAS CLEITON PINHEIRO\",\"isPartOf\":{\"@id\":\"https:\/\/cleitonpinheiro.com.br\/site\/#website\"},\"primaryImageOfPage\":{\"@id\":\"https:\/\/cleitonpinheiro.com.br\/site\/acoes-de-vacinacao-seguem-nas-secretarias-municipais-da-prefeitura-de-palmas\/#primaryimage\"},\"image\":{\"@id\":\"https:\/\/cleitonpinheiro.com.br\/site\/acoes-de-vacinacao-seguem-nas-secretarias-municipais-da-prefeitura-de-palmas\/#primaryimage\"},\"thumbnailUrl\":\"https:\/\/cleitonpinheiro.com.br\/site\/wp-content\/uploads\/2023\/08\/vacinacao_contra_covid-19_sao_paulo_rovsa_abr_19012101079.jpg\",\"datePublished\":\"2025-08-11T20:13:20+00:00\",\"dateModified\":\"2025-08-11T20:13:25+00:00\",\"breadcrumb\":{\"@id\":\"https:\/\/cleitonpinheiro.com.br\/site\/acoes-de-vacinacao-seguem-nas-secretarias-municipais-da-prefeitura-de-palmas\/#breadcrumb\"},\"inLanguage\":\"pt-BR\",\"potentialAction\":[{\"@type\":\"ReadAction\",\"target\":[\"https:\/\/cleitonpinheiro.com.br\/site\/acoes-de-vacinacao-seguem-nas-secretarias-municipais-da-prefeitura-de-palmas\/\"]}]},{\"@type\":\"ImageObject\",\"inLanguage\":\"pt-BR\",\"@id\":\"https:\/\/cleitonpinheiro.com.br\/site\/acoes-de-vacinacao-seguem-nas-secretarias-municipais-da-prefeitura-de-palmas\/#primaryimage\",\"url\":\"https:\/\/cleitonpinheiro.com.br\/site\/wp-content\/uploads\/2023\/08\/vacinacao_contra_covid-19_sao_paulo_rovsa_abr_19012101079.jpg\",\"contentUrl\":\"https:\/\/cleitonpinheiro.com.br\/site\/wp-content\/uploads\/2023\/08\/vacinacao_contra_covid-19_sao_paulo_rovsa_abr_19012101079.jpg\",\"width\":1170,\"height\":700,\"caption\":\"Foto: Rovena Rosa\/Ag\u00eancia Brasil\"},{\"@type\":\"BreadcrumbList\",\"@id\":\"https:\/\/cleitonpinheiro.com.br\/site\/acoes-de-vacinacao-seguem-nas-secretarias-municipais-da-prefeitura-de-palmas\/#breadcrumb\",\"itemListElement\":[{\"@type\":\"ListItem\",\"position\":1,\"name\":\"In\u00edcio\",\"item\":\"https:\/\/cleitonpinheiro.com.br\/site\/\"},{\"@type\":\"ListItem\",\"position\":2,\"name\":\"A\u00e7\u00f5es de vacina\u00e7\u00e3o seguem nas secretarias municipais da Prefeitura de Palmas\"}]},{\"@type\":\"WebSite\",\"@id\":\"https:\/\/cleitonpinheiro.com.br\/site\/#website\",\"url\":\"https:\/\/cleitonpinheiro.com.br\/site\/\",\"name\":\"PORTAL DE NOT\u00cdCIAS CLEITON PINHEIRO\",\"description\":\"FALANDO A VERDADE\",\"publisher\":{\"@id\":\"https:\/\/cleitonpinheiro.com.br\/site\/#organization\"},\"potentialAction\":[{\"@type\":\"SearchAction\",\"target\":{\"@type\":\"EntryPoint\",\"urlTemplate\":\"https:\/\/cleitonpinheiro.com.br\/site\/?s={search_term_string}\"},\"query-input\":{\"@type\":\"PropertyValueSpecification\",\"valueRequired\":true,\"valueName\":\"search_term_string\"}}],\"inLanguage\":\"pt-BR\"},{\"@type\":\"Organization\",\"@id\":\"https:\/\/cleitonpinheiro.com.br\/site\/#organization\",\"name\":\"CPNOT\u00cdCIAS\",\"url\":\"https:\/\/cleitonpinheiro.com.br\/site\/\",\"logo\":{\"@type\":\"ImageObject\",\"inLanguage\":\"pt-BR\",\"@id\":\"https:\/\/cleitonpinheiro.com.br\/site\/#\/schema\/logo\/image\/\",\"url\":\"https:\/\/cleitonpinheiro.com.br\/site\/wp-content\/uploads\/2022\/08\/Logo-pequena-2.png\",\"contentUrl\":\"https:\/\/cleitonpinheiro.com.br\/site\/wp-content\/uploads\/2022\/08\/Logo-pequena-2.png\",\"width\":500,\"height\":500,\"caption\":\"CPNOT\u00cdCIAS\"},\"image\":{\"@id\":\"https:\/\/cleitonpinheiro.com.br\/site\/#\/schema\/logo\/image\/\"},\"sameAs\":[\"https:\/\/www.facebook.com\/portalcpnoticias\/\"]},{\"@type\":\"Person\",\"@id\":\"https:\/\/cleitonpinheiro.com.br\/site\/#\/schema\/person\/8f04544e0bc40a1b68775b08360f87db\",\"name\":\"Reda\u00e7\u00e3o CP\",\"image\":{\"@type\":\"ImageObject\",\"inLanguage\":\"pt-BR\",\"@id\":\"https:\/\/cleitonpinheiro.com.br\/site\/#\/schema\/person\/image\/\",\"url\":\"https:\/\/secure.gravatar.com\/avatar\/0bcf19cb29fdc8fc588c490c7ae1b3e174dac268586a63fbe1d1893a0f9020cd?s=96&r=g\",\"contentUrl\":\"https:\/\/secure.gravatar.com\/avatar\/0bcf19cb29fdc8fc588c490c7ae1b3e174dac268586a63fbe1d1893a0f9020cd?s=96&r=g\",\"caption\":\"Reda\u00e7\u00e3o CP\"},\"url\":\"https:\/\/cleitonpinheiro.com.br\/site\/author\/redacao\/\"}]}<\/script>\n<!-- \/ Yoast SEO plugin. -->","yoast_head_json":{"title":"A\u00e7\u00f5es de vacina\u00e7\u00e3o seguem nas secretarias municipais da Prefeitura de Palmas - PORTAL DE NOT\u00cdCIAS CLEITON PINHEIRO","robots":{"index":"index","follow":"follow","max-snippet":"max-snippet:-1","max-image-preview":"max-image-preview:large","max-video-preview":"max-video-preview:-1"},"canonical":"https:\/\/cleitonpinheiro.com.br\/site\/acoes-de-vacinacao-seguem-nas-secretarias-municipais-da-prefeitura-de-palmas\/","og_locale":"pt_BR","og_type":"article","og_title":"A\u00e7\u00f5es de vacina\u00e7\u00e3o seguem nas secretarias municipais da Prefeitura de Palmas - PORTAL DE NOT\u00cdCIAS CLEITON PINHEIRO","og_description":"Para refor\u00e7ar o bem-estar e garantir a sa\u00fade no ambiente de trabalho, a Prefeitura de Palmas, por meio da Secretaria Municipal da Sa\u00fade (Semus), segue com as a\u00e7\u00f5es de vacina\u00e7\u00e3o destinadas aos servidores p\u00fablicos municipais nesta semana, entre os dias 11 e 14 de agosto. A iniciativa oferece atualiza\u00e7\u00e3o do cart\u00e3o de vacina em adultos [&hellip;]","og_url":"https:\/\/cleitonpinheiro.com.br\/site\/acoes-de-vacinacao-seguem-nas-secretarias-municipais-da-prefeitura-de-palmas\/","og_site_name":"PORTAL DE NOT\u00cdCIAS CLEITON PINHEIRO","article_publisher":"https:\/\/www.facebook.com\/portalcpnoticias\/","article_published_time":"2025-08-11T20:13:20+00:00","article_modified_time":"2025-08-11T20:13:25+00:00","og_image":[{"width":800,"height":520,"url":"https:\/\/cleitonpinheiro.com.br\/site\/wp-content\/uploads\/2023\/08\/cdcc4eb6-d457-4d48-8d50-60b12c5f8ab0.jpg","type":"image\/jpeg"}],"author":"Reda\u00e7\u00e3o CP","twitter_card":"summary_large_image","twitter_misc":{"Escrito por":"Reda\u00e7\u00e3o CP","Est. tempo de leitura":"3 minutos"},"schema":{"@context":"https:\/\/schema.org","@graph":[{"@type":"Article","@id":"https:\/\/cleitonpinheiro.com.br\/site\/acoes-de-vacinacao-seguem-nas-secretarias-municipais-da-prefeitura-de-palmas\/#article","isPartOf":{"@id":"https:\/\/cleitonpinheiro.com.br\/site\/acoes-de-vacinacao-seguem-nas-secretarias-municipais-da-prefeitura-de-palmas\/"},"author":{"name":"Reda\u00e7\u00e3o CP","@id":"https:\/\/cleitonpinheiro.com.br\/site\/#\/schema\/person\/8f04544e0bc40a1b68775b08360f87db"},"headline":"A\u00e7\u00f5es de vacina\u00e7\u00e3o seguem nas secretarias municipais da Prefeitura de Palmas","datePublished":"2025-08-11T20:13:20+00:00","dateModified":"2025-08-11T20:13:25+00:00","mainEntityOfPage":{"@id":"https:\/\/cleitonpinheiro.com.br\/site\/acoes-de-vacinacao-seguem-nas-secretarias-municipais-da-prefeitura-de-palmas\/"},"wordCount":345,"commentCount":0,"publisher":{"@id":"https:\/\/cleitonpinheiro.com.br\/site\/#organization"},"image":{"@id":"https:\/\/cleitonpinheiro.com.br\/site\/acoes-de-vacinacao-seguem-nas-secretarias-municipais-da-prefeitura-de-palmas\/#primaryimage"},"thumbnailUrl":"https:\/\/cleitonpinheiro.com.br\/site\/wp-content\/uploads\/2023\/08\/vacinacao_contra_covid-19_sao_paulo_rovsa_abr_19012101079.jpg","articleSection":["CIDADES","MANCHETE SEGUND\u00c1RIA","TODAS NOTICIAS"],"inLanguage":"pt-BR","potentialAction":[{"@type":"CommentAction","name":"Comment","target":["https:\/\/cleitonpinheiro.com.br\/site\/acoes-de-vacinacao-seguem-nas-secretarias-municipais-da-prefeitura-de-palmas\/#respond"]}]},{"@type":"WebPage","@id":"https:\/\/cleitonpinheiro.com.br\/site\/acoes-de-vacinacao-seguem-nas-secretarias-municipais-da-prefeitura-de-palmas\/","url":"https:\/\/cleitonpinheiro.com.br\/site\/acoes-de-vacinacao-seguem-nas-secretarias-municipais-da-prefeitura-de-palmas\/","name":"A\u00e7\u00f5es de vacina\u00e7\u00e3o seguem nas secretarias municipais da Prefeitura de Palmas - PORTAL DE NOT\u00cdCIAS CLEITON PINHEIRO","isPartOf":{"@id":"https:\/\/cleitonpinheiro.com.br\/site\/#website"},"primaryImageOfPage":{"@id":"https:\/\/cleitonpinheiro.com.br\/site\/acoes-de-vacinacao-seguem-nas-secretarias-municipais-da-prefeitura-de-palmas\/#primaryimage"},"image":{"@id":"https:\/\/cleitonpinheiro.com.br\/site\/acoes-de-vacinacao-seguem-nas-secretarias-municipais-da-prefeitura-de-palmas\/#primaryimage"},"thumbnailUrl":"https:\/\/cleitonpinheiro.com.br\/site\/wp-content\/uploads\/2023\/08\/vacinacao_contra_covid-19_sao_paulo_rovsa_abr_19012101079.jpg","datePublished":"2025-08-11T20:13:20+00:00","dateModified":"2025-08-11T20:13:25+00:00","breadcrumb":{"@id":"https:\/\/cleitonpinheiro.com.br\/site\/acoes-de-vacinacao-seguem-nas-secretarias-municipais-da-prefeitura-de-palmas\/#breadcrumb"},"inLanguage":"pt-BR","potentialAction":[{"@type":"ReadAction","target":["https:\/\/cleitonpinheiro.com.br\/site\/acoes-de-vacinacao-seguem-nas-secretarias-municipais-da-prefeitura-de-palmas\/"]}]},{"@type":"ImageObject","inLanguage":"pt-BR","@id":"https:\/\/cleitonpinheiro.com.br\/site\/acoes-de-vacinacao-seguem-nas-secretarias-municipais-da-prefeitura-de-palmas\/#primaryimage","url":"https:\/\/cleitonpinheiro.com.br\/site\/wp-content\/uploads\/2023\/08\/vacinacao_contra_covid-19_sao_paulo_rovsa_abr_19012101079.jpg","contentUrl":"https:\/\/cleitonpinheiro.com.br\/site\/wp-content\/uploads\/2023\/08\/vacinacao_contra_covid-19_sao_paulo_rovsa_abr_19012101079.jpg","width":1170,"height":700,"caption":"Foto: Rovena Rosa\/Ag\u00eancia Brasil"},{"@type":"BreadcrumbList","@id":"https:\/\/cleitonpinheiro.com.br\/site\/acoes-de-vacinacao-seguem-nas-secretarias-municipais-da-prefeitura-de-palmas\/#breadcrumb","itemListElement":[{"@type":"ListItem","position":1,"name":"In\u00edcio","item":"https:\/\/cleitonpinheiro.com.br\/site\/"},{"@type":"ListItem","position":2,"name":"A\u00e7\u00f5es de vacina\u00e7\u00e3o seguem nas secretarias municipais da Prefeitura de Palmas"}]},{"@type":"WebSite","@id":"https:\/\/cleitonpinheiro.com.br\/site\/#website","url":"https:\/\/cleitonpinheiro.com.br\/site\/","name":"PORTAL DE NOT\u00cdCIAS CLEITON PINHEIRO","description":"FALANDO A VERDADE","publisher":{"@id":"https:\/\/cleitonpinheiro.com.br\/site\/#organization"},"potentialAction":[{"@type":"SearchAction","target":{"@type":"EntryPoint","urlTemplate":"https:\/\/cleitonpinheiro.com.br\/site\/?s={search_term_string}"},"query-input":{"@type":"PropertyValueSpecification","valueRequired":true,"valueName":"search_term_string"}}],"inLanguage":"pt-BR"},{"@type":"Organization","@id":"https:\/\/cleitonpinheiro.com.br\/site\/#organization","name":"CPNOT\u00cdCIAS","url":"https:\/\/cleitonpinheiro.com.br\/site\/","logo":{"@type":"ImageObject","inLanguage":"pt-BR","@id":"https:\/\/cleitonpinheiro.com.br\/site\/#\/schema\/logo\/image\/","url":"https:\/\/cleitonpinheiro.com.br\/site\/wp-content\/uploads\/2022\/08\/Logo-pequena-2.png","contentUrl":"https:\/\/cleitonpinheiro.com.br\/site\/wp-content\/uploads\/2022\/08\/Logo-pequena-2.png","width":500,"height":500,"caption":"CPNOT\u00cdCIAS"},"image":{"@id":"https:\/\/cleitonpinheiro.com.br\/site\/#\/schema\/logo\/image\/"},"sameAs":["https:\/\/www.facebook.com\/portalcpnoticias\/"]},{"@type":"Person","@id":"https:\/\/cleitonpinheiro.com.br\/site\/#\/schema\/person\/8f04544e0bc40a1b68775b08360f87db","name":"Reda\u00e7\u00e3o CP","image":{"@type":"ImageObject","inLanguage":"pt-BR","@id":"https:\/\/cleitonpinheiro.com.br\/site\/#\/schema\/person\/image\/","url":"https:\/\/secure.gravatar.com\/avatar\/0bcf19cb29fdc8fc588c490c7ae1b3e174dac268586a63fbe1d1893a0f9020cd?s=96&r=g","contentUrl":"https:\/\/secure.gravatar.com\/avatar\/0bcf19cb29fdc8fc588c490c7ae1b3e174dac268586a63fbe1d1893a0f9020cd?s=96&r=g","caption":"Reda\u00e7\u00e3o CP"},"url":"https:\/\/cleitonpinheiro.com.br\/site\/author\/redacao\/"}]}},"views":85,"_links":{"self":[{"href":"https:\/\/cleitonpinheiro.com.br\/site\/wp-json\/wp\/v2\/posts\/86518","targetHints":{"allow":["GET"]}}],"collection":[{"href":"https:\/\/cleitonpinheiro.com.br\/site\/wp-json\/wp\/v2\/posts"}],"about":[{"href":"https:\/\/cleitonpinheiro.com.br\/site\/wp-json\/wp\/v2\/types\/post"}],"author":[{"embeddable":true,"href":"https:\/\/cleitonpinheiro.com.br\/site\/wp-json\/wp\/v2\/users\/13"}],"replies":[{"embeddable":true,"href":"https:\/\/cleitonpinheiro.com.br\/site\/wp-json\/wp\/v2\/comments?post=86518"}],"version-history":[{"count":1,"href":"https:\/\/cleitonpinheiro.com.br\/site\/wp-json\/wp\/v2\/posts\/86518\/revisions"}],"predecessor-version":[{"id":86519,"href":"https:\/\/cleitonpinheiro.com.br\/site\/wp-json\/wp\/v2\/posts\/86518\/revisions\/86519"}],"wp:attachment":[{"href":"https:\/\/cleitonpinheiro.com.br\/site\/wp-json\/wp\/v2\/media?parent=86518"}],"wp:term":[{"taxonomy":"category","embeddable":true,"href":"https:\/\/cleitonpinheiro.com.br\/site\/wp-json\/wp\/v2\/categories?post=86518"},{"taxonomy":"post_tag","embeddable":true,"href":"https:\/\/cleitonpinheiro.com.br\/site\/wp-json\/wp\/v2\/tags?post=86518"}],"curies":[{"name":"wp","href":"https:\/\/api.w.org\/{rel}","templated":true}]}}