{"id":86520,"date":"2025-08-12T17:24:08","date_gmt":"2025-08-12T20:24:08","guid":{"rendered":"https:\/\/cleitonpinheiro.com.br\/site\/?p=86520"},"modified":"2025-08-14T09:09:53","modified_gmt":"2025-08-14T12:09:53","slug":"governo-do-to-anuncia-investimentos-de-r-750-milhoes-em-infraestrutura-saude-e-seguranca","status":"publish","type":"post","link":"https:\/\/cleitonpinheiro.com.br\/site\/governo-do-to-anuncia-investimentos-de-r-750-milhoes-em-infraestrutura-saude-e-seguranca\/","title":{"rendered":"Governo do TO anuncia investimentos de R$ 750 milh\u00f5es em infraestrutura, sa\u00fade e seguran\u00e7a"},"content":{"rendered":"\n<figure class=\"wp-block-image size-large\"><img fetchpriority=\"high\" decoding=\"async\" width=\"1024\" height=\"585\" src=\"https:\/\/cleitonpinheiro.com.br\/site\/wp-content\/uploads\/2025\/08\/F3-Durante-a-reuniao-o-governador-Wanderlei-Barbosa-destacou-a-importancia-dos-investimentos-para-o-desenvolvimento-economico-do-estado.foto-Adilvan-Nogueira-GovTO-1024x585.jpg\" alt=\"\" class=\"wp-image-86522\" srcset=\"https:\/\/cleitonpinheiro.com.br\/site\/wp-content\/uploads\/2025\/08\/F3-Durante-a-reuniao-o-governador-Wanderlei-Barbosa-destacou-a-importancia-dos-investimentos-para-o-desenvolvimento-economico-do-estado.foto-Adilvan-Nogueira-GovTO-1024x585.jpg 1024w, https:\/\/cleitonpinheiro.com.br\/site\/wp-content\/uploads\/2025\/08\/F3-Durante-a-reuniao-o-governador-Wanderlei-Barbosa-destacou-a-importancia-dos-investimentos-para-o-desenvolvimento-economico-do-estado.foto-Adilvan-Nogueira-GovTO-300x171.jpg 300w, https:\/\/cleitonpinheiro.com.br\/site\/wp-content\/uploads\/2025\/08\/F3-Durante-a-reuniao-o-governador-Wanderlei-Barbosa-destacou-a-importancia-dos-investimentos-para-o-desenvolvimento-economico-do-estado.foto-Adilvan-Nogueira-GovTO-768x439.jpg 768w, https:\/\/cleitonpinheiro.com.br\/site\/wp-content\/uploads\/2025\/08\/F3-Durante-a-reuniao-o-governador-Wanderlei-Barbosa-destacou-a-importancia-dos-investimentos-para-o-desenvolvimento-economico-do-estado.foto-Adilvan-Nogueira-GovTO-1536x878.jpg 1536w, https:\/\/cleitonpinheiro.com.br\/site\/wp-content\/uploads\/2025\/08\/F3-Durante-a-reuniao-o-governador-Wanderlei-Barbosa-destacou-a-importancia-dos-investimentos-para-o-desenvolvimento-economico-do-estado.foto-Adilvan-Nogueira-GovTO-2048x1170.jpg 2048w\" sizes=\"(max-width: 1024px) 100vw, 1024px\" \/><figcaption class=\"wp-element-caption\">Foto Adilvan Nogueira<\/figcaption><\/figure>\n\n\n\n<p>O governador do Tocantins, Wanderlei Barbosa, assinou, nesta ter\u00e7a-feira, 12, durante reuni\u00e3o em seu gabinete no Pal\u00e1cio Araguaia Governador Jos\u00e9 Wilson Siqueira Campos, em Palmas, contratos de repasses para investimento no valor de R$ 750 milh\u00f5es destinados ao fortalecimento da infraestrutura, da log\u00edstica de transporte, da sa\u00fade e da seguran\u00e7a p\u00fablica do Tocantins para o segundo semestre de 2025 e o ano de 2026.<\/p>\n\n\n\n<p>Durante a reuni\u00e3o, o governador Wanderlei Barbosa destacou a import\u00e2ncia dos investimentos para o desenvolvimento econ\u00f4mico do estado. \u201cHoje&nbsp;<em>[ter\u00e7a-feira, 12]<\/em>, estamos avan\u00e7ando com a concretiza\u00e7\u00e3o de diversos investimentos em obras fundamentais para o Tocantins. Gra\u00e7as \u00e0s a\u00e7\u00f5es que temos realizado ao longo da nossa gest\u00e3o, estamos aptos a obter recursos de repasse e destinar investimentos para os hospitais de Aragua\u00edna, Gurupi e Para\u00edso. Al\u00e9m disso, investiremos em v\u00e1rias rodovias e outras obras de infraestrutura, fundamentais para o crescimento de todo o estado\u201d, ressaltou o chefe do Executivo.<\/p>\n\n\n\n<p>O secret\u00e1rio de Estado do Planejamento e Or\u00e7amento, Sergislei de Moura, enfatizou o&nbsp;planejamento focado em eixos estrat\u00e9gicos. \u201cNa sa\u00fade, h\u00e1 investimentos em hospitais como os de Aragua\u00edna, Gurupi e Para\u00edso. Em infraestrutura, ser\u00e3o feitos investimentos em rodovias, como a duplica\u00e7\u00e3o da via de acesso da Ponte de liga\u00e7\u00e3o entre Palmas e Luzimangues, distrito de Porto Nacional, como tamb\u00e9m a duplica\u00e7\u00e3o da TO-080 at\u00e9 o munic\u00edpio de Para\u00edso, al\u00e9m da manuten\u00e7\u00e3o das vias essenciais para a log\u00edstica do Tocantins e regi\u00e3o, atendendo as cargas produzidas na Regi\u00e3o do Matopiba, acessando os Modais ferrovi\u00e1rios da VLI e RUMO, que recebe cargas dos estados do Mato Grosso, Par\u00e1, Bahia, Maranh\u00e3o e Piau\u00ed, tendo como destino os pa\u00edses asi\u00e1ticos e a da Am\u00e9rica do Norte, com estrat\u00e9gica e atra\u00e7\u00e3o de empresas de grande porte para o nosso estado\u201d, enfatizou o secret\u00e1rio, acrescentando que \u201ctamb\u00e9m ser\u00e3o destinados recursos para o QCG [Quartel do Comando Geral da Pol\u00edcia Militar] e para a sede da Pol\u00edcia Penal. Todos os investimentos determinados pelo governador Wanderlei Barbosa s\u00e3o muito importantes\u201d, finalizou.<\/p>\n\n\n\n<p><strong>Investimentos<\/strong><\/p>\n\n\n\n<p>Os investimentos ser\u00e3o destinados a quatro eixos: infraestrutura; sa\u00fade; seguran\u00e7a p\u00fablica; e log\u00edstica de transporte, totalizando R$ 750 milh\u00f5es. Ser\u00e3o aplicados R$ 235 milh\u00f5es no eixo de infraestrutura, integrando o Programa de recupera\u00e7\u00e3o e conserva\u00e7\u00e3o de rodovias, para implanta\u00e7\u00e3o e revitaliza\u00e7\u00e3o de rodovias em diversas regi\u00f5es, com destaque para a pavimenta\u00e7\u00e3o urbana nas quadras 607 e 1.007 Sul, em Palmas, muito esperada por moradores; e recurso complementar para o Aer\u00f3dromo de S\u00e3o F\u00e9lix, no Jalap\u00e3o. No eixo log\u00edstica de transporte, ser\u00e1 investido o montante de R$ 250 milh\u00f5es na duplica\u00e7\u00e3o das&nbsp;vias de acesso na Ponte Jos\u00e9 Wilson Siqueira Campos \u2013 Palmas X Luzimangues (Porto Nacional); e na duplica\u00e7\u00e3o da Rodovia TO-080 &#8211; Luzimangues (Porto Nacional) X Para\u00edso.<\/p>\n\n\n\n<p>J\u00e1 no eixo da sa\u00fade, R$ 165 milh\u00f5es ser\u00e3o destinados \u00e0 continuidade e \u00e0 amplia\u00e7\u00e3o dos hospitais gerais de Aragua\u00edna e Gurupi, al\u00e9m do Hospital Regional de Para\u00edso. Para a seguran\u00e7a p\u00fablica, o investimento de R$ 100 milh\u00f5es contempla a constru\u00e7\u00e3o da Cidade da Pol\u00edcia, em Palmas, sede administrativa e centro de forma\u00e7\u00e3o da Pol\u00edcia Penal; a implanta\u00e7\u00e3o de Unidades da Pol\u00edcia Militar em sete munic\u00edpios; e a reforma do Quartel do Comando Geral de Palmas (QCG).<\/p>\n\n\n\n<p>Os contratos de repasse ser\u00e3o viabilizados por meio da Caixa Econ\u00f4mica Federal (CEF) e do Banco Regional de Bras\u00edlia (BRB), que atuam como parceiros estrat\u00e9gicos do Governo do Tocantins na execu\u00e7\u00e3o dos investimentos.<\/p>\n\n\n\n<p>A superintendente de Rede da Caixa Econ\u00f4mica Federal do Tocantins, Delma Dias Santos, refor\u00e7ou o compromisso da institui\u00e7\u00e3o em ser parceira do estado. \u201cO governador Wanderlei Barbosa pode contar conosco. Estamos comprometidos diariamente em um trabalho s\u00e9rio para contribuir com o crescimento do estado do Tocantins e, principalmente, com a melhoria da qualidade de vida da popula\u00e7\u00e3o. \u00c9 muito importante fazer parte desse crescimento\u201d, afirmou a superintendente.<\/p>\n\n\n\n<p><strong>Rafael de Oliveira\/Governo do Tocantins<\/strong><br><\/p>\n","protected":false},"excerpt":{"rendered":"<p>O governador do Tocantins, Wanderlei Barbosa, assinou, nesta ter\u00e7a-feira, 12, durante reuni\u00e3o em seu gabinete no Pal\u00e1cio Araguaia Governador Jos\u00e9 Wilson Siqueira Campos, em Palmas, contratos de repasses para investimento no valor de R$ 750 milh\u00f5es destinados ao fortalecimento da infraestrutura, da log\u00edstica de transporte, da sa\u00fade e da seguran\u00e7a p\u00fablica do Tocantins para o [&hellip;]<\/p>\n","protected":false},"author":13,"featured_media":86522,"comment_status":"open","ping_status":"open","sticky":false,"template":"","format":"standard","meta":{"_acf_changed":false,"footnotes":""},"categories":[898,23,21],"tags":[],"class_list":["post-86520","post","type-post","status-publish","format-standard","has-post-thumbnail","hentry","category-manchete-segundaria","category-politica","category-todas-noticias"],"acf":[],"yoast_head":"<!-- This site is optimized with the Yoast SEO plugin v24.4 - https:\/\/yoast.com\/wordpress\/plugins\/seo\/ -->\n<title>Governo do TO anuncia investimentos de R$ 750 milh\u00f5es em infraestrutura, sa\u00fade e seguran\u00e7a - PORTAL DE NOT\u00cdCIAS CLEITON PINHEIRO<\/title>\n<meta name=\"robots\" content=\"index, follow, max-snippet:-1, max-image-preview:large, max-video-preview:-1\" \/>\n<link rel=\"canonical\" href=\"https:\/\/cleitonpinheiro.com.br\/site\/governo-do-to-anuncia-investimentos-de-r-750-milhoes-em-infraestrutura-saude-e-seguranca\/\" \/>\n<meta property=\"og:locale\" content=\"pt_BR\" \/>\n<meta property=\"og:type\" content=\"article\" \/>\n<meta property=\"og:title\" content=\"Governo do TO anuncia investimentos de R$ 750 milh\u00f5es em infraestrutura, sa\u00fade e seguran\u00e7a - PORTAL DE NOT\u00cdCIAS CLEITON PINHEIRO\" \/>\n<meta property=\"og:description\" content=\"O governador do Tocantins, Wanderlei Barbosa, assinou, nesta ter\u00e7a-feira, 12, durante reuni\u00e3o em seu gabinete no Pal\u00e1cio Araguaia Governador Jos\u00e9 Wilson Siqueira Campos, em Palmas, contratos de repasses para investimento no valor de R$ 750 milh\u00f5es destinados ao fortalecimento da infraestrutura, da log\u00edstica de transporte, da sa\u00fade e da seguran\u00e7a p\u00fablica do Tocantins para o [&hellip;]\" \/>\n<meta property=\"og:url\" content=\"https:\/\/cleitonpinheiro.com.br\/site\/governo-do-to-anuncia-investimentos-de-r-750-milhoes-em-infraestrutura-saude-e-seguranca\/\" \/>\n<meta property=\"og:site_name\" content=\"PORTAL DE NOT\u00cdCIAS CLEITON PINHEIRO\" \/>\n<meta property=\"article:publisher\" content=\"https:\/\/www.facebook.com\/portalcpnoticias\/\" \/>\n<meta property=\"article:published_time\" content=\"2025-08-12T20:24:08+00:00\" \/>\n<meta property=\"article:modified_time\" content=\"2025-08-14T12:09:53+00:00\" \/>\n<meta property=\"og:image\" content=\"https:\/\/cleitonpinheiro.com.br\/site\/wp-content\/uploads\/2025\/08\/F3-Durante-a-reuniao-o-governador-Wanderlei-Barbosa-destacou-a-importancia-dos-investimentos-para-o-desenvolvimento-economico-do-estado.foto-Adilvan-Nogueira-GovTO-scaled.jpg\" \/>\n\t<meta property=\"og:image:width\" content=\"2560\" \/>\n\t<meta property=\"og:image:height\" content=\"1463\" \/>\n\t<meta property=\"og:image:type\" content=\"image\/jpeg\" \/>\n<meta name=\"author\" content=\"Reda\u00e7\u00e3o CP\" \/>\n<meta name=\"twitter:card\" content=\"summary_large_image\" \/>\n<meta name=\"twitter:label1\" content=\"Escrito por\" \/>\n\t<meta name=\"twitter:data1\" content=\"Reda\u00e7\u00e3o CP\" \/>\n\t<meta name=\"twitter:label2\" content=\"Est. tempo de leitura\" \/>\n\t<meta name=\"twitter:data2\" content=\"4 minutos\" \/>\n<script type=\"application\/ld+json\" class=\"yoast-schema-graph\">{\"@context\":\"https:\/\/schema.org\",\"@graph\":[{\"@type\":\"Article\",\"@id\":\"https:\/\/cleitonpinheiro.com.br\/site\/governo-do-to-anuncia-investimentos-de-r-750-milhoes-em-infraestrutura-saude-e-seguranca\/#article\",\"isPartOf\":{\"@id\":\"https:\/\/cleitonpinheiro.com.br\/site\/governo-do-to-anuncia-investimentos-de-r-750-milhoes-em-infraestrutura-saude-e-seguranca\/\"},\"author\":{\"name\":\"Reda\u00e7\u00e3o CP\",\"@id\":\"https:\/\/cleitonpinheiro.com.br\/site\/#\/schema\/person\/8f04544e0bc40a1b68775b08360f87db\"},\"headline\":\"Governo do TO anuncia investimentos de R$ 750 milh\u00f5es em infraestrutura, sa\u00fade e seguran\u00e7a\",\"datePublished\":\"2025-08-12T20:24:08+00:00\",\"dateModified\":\"2025-08-14T12:09:53+00:00\",\"mainEntityOfPage\":{\"@id\":\"https:\/\/cleitonpinheiro.com.br\/site\/governo-do-to-anuncia-investimentos-de-r-750-milhoes-em-infraestrutura-saude-e-seguranca\/\"},\"wordCount\":735,\"commentCount\":0,\"publisher\":{\"@id\":\"https:\/\/cleitonpinheiro.com.br\/site\/#organization\"},\"image\":{\"@id\":\"https:\/\/cleitonpinheiro.com.br\/site\/governo-do-to-anuncia-investimentos-de-r-750-milhoes-em-infraestrutura-saude-e-seguranca\/#primaryimage\"},\"thumbnailUrl\":\"https:\/\/cleitonpinheiro.com.br\/site\/wp-content\/uploads\/2025\/08\/F3-Durante-a-reuniao-o-governador-Wanderlei-Barbosa-destacou-a-importancia-dos-investimentos-para-o-desenvolvimento-economico-do-estado.foto-Adilvan-Nogueira-GovTO-scaled.jpg\",\"articleSection\":[\"MANCHETE SEGUND\u00c1RIA\",\"POL\u00cdTICA\",\"TODAS NOTICIAS\"],\"inLanguage\":\"pt-BR\",\"potentialAction\":[{\"@type\":\"CommentAction\",\"name\":\"Comment\",\"target\":[\"https:\/\/cleitonpinheiro.com.br\/site\/governo-do-to-anuncia-investimentos-de-r-750-milhoes-em-infraestrutura-saude-e-seguranca\/#respond\"]}]},{\"@type\":\"WebPage\",\"@id\":\"https:\/\/cleitonpinheiro.com.br\/site\/governo-do-to-anuncia-investimentos-de-r-750-milhoes-em-infraestrutura-saude-e-seguranca\/\",\"url\":\"https:\/\/cleitonpinheiro.com.br\/site\/governo-do-to-anuncia-investimentos-de-r-750-milhoes-em-infraestrutura-saude-e-seguranca\/\",\"name\":\"Governo do TO anuncia investimentos de R$ 750 milh\u00f5es em infraestrutura, sa\u00fade e seguran\u00e7a - PORTAL DE NOT\u00cdCIAS CLEITON PINHEIRO\",\"isPartOf\":{\"@id\":\"https:\/\/cleitonpinheiro.com.br\/site\/#website\"},\"primaryImageOfPage\":{\"@id\":\"https:\/\/cleitonpinheiro.com.br\/site\/governo-do-to-anuncia-investimentos-de-r-750-milhoes-em-infraestrutura-saude-e-seguranca\/#primaryimage\"},\"image\":{\"@id\":\"https:\/\/cleitonpinheiro.com.br\/site\/governo-do-to-anuncia-investimentos-de-r-750-milhoes-em-infraestrutura-saude-e-seguranca\/#primaryimage\"},\"thumbnailUrl\":\"https:\/\/cleitonpinheiro.com.br\/site\/wp-content\/uploads\/2025\/08\/F3-Durante-a-reuniao-o-governador-Wanderlei-Barbosa-destacou-a-importancia-dos-investimentos-para-o-desenvolvimento-economico-do-estado.foto-Adilvan-Nogueira-GovTO-scaled.jpg\",\"datePublished\":\"2025-08-12T20:24:08+00:00\",\"dateModified\":\"2025-08-14T12:09:53+00:00\",\"breadcrumb\":{\"@id\":\"https:\/\/cleitonpinheiro.com.br\/site\/governo-do-to-anuncia-investimentos-de-r-750-milhoes-em-infraestrutura-saude-e-seguranca\/#breadcrumb\"},\"inLanguage\":\"pt-BR\",\"potentialAction\":[{\"@type\":\"ReadAction\",\"target\":[\"https:\/\/cleitonpinheiro.com.br\/site\/governo-do-to-anuncia-investimentos-de-r-750-milhoes-em-infraestrutura-saude-e-seguranca\/\"]}]},{\"@type\":\"ImageObject\",\"inLanguage\":\"pt-BR\",\"@id\":\"https:\/\/cleitonpinheiro.com.br\/site\/governo-do-to-anuncia-investimentos-de-r-750-milhoes-em-infraestrutura-saude-e-seguranca\/#primaryimage\",\"url\":\"https:\/\/cleitonpinheiro.com.br\/site\/wp-content\/uploads\/2025\/08\/F3-Durante-a-reuniao-o-governador-Wanderlei-Barbosa-destacou-a-importancia-dos-investimentos-para-o-desenvolvimento-economico-do-estado.foto-Adilvan-Nogueira-GovTO-scaled.jpg\",\"contentUrl\":\"https:\/\/cleitonpinheiro.com.br\/site\/wp-content\/uploads\/2025\/08\/F3-Durante-a-reuniao-o-governador-Wanderlei-Barbosa-destacou-a-importancia-dos-investimentos-para-o-desenvolvimento-economico-do-estado.foto-Adilvan-Nogueira-GovTO-scaled.jpg\",\"width\":2560,\"height\":1463,\"caption\":\"Foto Adilvan Nogueira\"},{\"@type\":\"BreadcrumbList\",\"@id\":\"https:\/\/cleitonpinheiro.com.br\/site\/governo-do-to-anuncia-investimentos-de-r-750-milhoes-em-infraestrutura-saude-e-seguranca\/#breadcrumb\",\"itemListElement\":[{\"@type\":\"ListItem\",\"position\":1,\"name\":\"In\u00edcio\",\"item\":\"https:\/\/cleitonpinheiro.com.br\/site\/\"},{\"@type\":\"ListItem\",\"position\":2,\"name\":\"Governo do TO anuncia investimentos de R$ 750 milh\u00f5es em infraestrutura, sa\u00fade e seguran\u00e7a\"}]},{\"@type\":\"WebSite\",\"@id\":\"https:\/\/cleitonpinheiro.com.br\/site\/#website\",\"url\":\"https:\/\/cleitonpinheiro.com.br\/site\/\",\"name\":\"PORTAL DE NOT\u00cdCIAS CLEITON PINHEIRO\",\"description\":\"FALANDO A VERDADE\",\"publisher\":{\"@id\":\"https:\/\/cleitonpinheiro.com.br\/site\/#organization\"},\"potentialAction\":[{\"@type\":\"SearchAction\",\"target\":{\"@type\":\"EntryPoint\",\"urlTemplate\":\"https:\/\/cleitonpinheiro.com.br\/site\/?s={search_term_string}\"},\"query-input\":{\"@type\":\"PropertyValueSpecification\",\"valueRequired\":true,\"valueName\":\"search_term_string\"}}],\"inLanguage\":\"pt-BR\"},{\"@type\":\"Organization\",\"@id\":\"https:\/\/cleitonpinheiro.com.br\/site\/#organization\",\"name\":\"CPNOT\u00cdCIAS\",\"url\":\"https:\/\/cleitonpinheiro.com.br\/site\/\",\"logo\":{\"@type\":\"ImageObject\",\"inLanguage\":\"pt-BR\",\"@id\":\"https:\/\/cleitonpinheiro.com.br\/site\/#\/schema\/logo\/image\/\",\"url\":\"https:\/\/cleitonpinheiro.com.br\/site\/wp-content\/uploads\/2022\/08\/Logo-pequena-2.png\",\"contentUrl\":\"https:\/\/cleitonpinheiro.com.br\/site\/wp-content\/uploads\/2022\/08\/Logo-pequena-2.png\",\"width\":500,\"height\":500,\"caption\":\"CPNOT\u00cdCIAS\"},\"image\":{\"@id\":\"https:\/\/cleitonpinheiro.com.br\/site\/#\/schema\/logo\/image\/\"},\"sameAs\":[\"https:\/\/www.facebook.com\/portalcpnoticias\/\"]},{\"@type\":\"Person\",\"@id\":\"https:\/\/cleitonpinheiro.com.br\/site\/#\/schema\/person\/8f04544e0bc40a1b68775b08360f87db\",\"name\":\"Reda\u00e7\u00e3o CP\",\"image\":{\"@type\":\"ImageObject\",\"inLanguage\":\"pt-BR\",\"@id\":\"https:\/\/cleitonpinheiro.com.br\/site\/#\/schema\/person\/image\/\",\"url\":\"https:\/\/secure.gravatar.com\/avatar\/0bcf19cb29fdc8fc588c490c7ae1b3e174dac268586a63fbe1d1893a0f9020cd?s=96&r=g\",\"contentUrl\":\"https:\/\/secure.gravatar.com\/avatar\/0bcf19cb29fdc8fc588c490c7ae1b3e174dac268586a63fbe1d1893a0f9020cd?s=96&r=g\",\"caption\":\"Reda\u00e7\u00e3o CP\"},\"url\":\"https:\/\/cleitonpinheiro.com.br\/site\/author\/redacao\/\"}]}<\/script>\n<!-- \/ Yoast SEO plugin. -->","yoast_head_json":{"title":"Governo do TO anuncia investimentos de R$ 750 milh\u00f5es em infraestrutura, sa\u00fade e seguran\u00e7a - PORTAL DE NOT\u00cdCIAS CLEITON PINHEIRO","robots":{"index":"index","follow":"follow","max-snippet":"max-snippet:-1","max-image-preview":"max-image-preview:large","max-video-preview":"max-video-preview:-1"},"canonical":"https:\/\/cleitonpinheiro.com.br\/site\/governo-do-to-anuncia-investimentos-de-r-750-milhoes-em-infraestrutura-saude-e-seguranca\/","og_locale":"pt_BR","og_type":"article","og_title":"Governo do TO anuncia investimentos de R$ 750 milh\u00f5es em infraestrutura, sa\u00fade e seguran\u00e7a - PORTAL DE NOT\u00cdCIAS CLEITON PINHEIRO","og_description":"O governador do Tocantins, Wanderlei Barbosa, assinou, nesta ter\u00e7a-feira, 12, durante reuni\u00e3o em seu gabinete no Pal\u00e1cio Araguaia Governador Jos\u00e9 Wilson Siqueira Campos, em Palmas, contratos de repasses para investimento no valor de R$ 750 milh\u00f5es destinados ao fortalecimento da infraestrutura, da log\u00edstica de transporte, da sa\u00fade e da seguran\u00e7a p\u00fablica do Tocantins para o [&hellip;]","og_url":"https:\/\/cleitonpinheiro.com.br\/site\/governo-do-to-anuncia-investimentos-de-r-750-milhoes-em-infraestrutura-saude-e-seguranca\/","og_site_name":"PORTAL DE NOT\u00cdCIAS CLEITON PINHEIRO","article_publisher":"https:\/\/www.facebook.com\/portalcpnoticias\/","article_published_time":"2025-08-12T20:24:08+00:00","article_modified_time":"2025-08-14T12:09:53+00:00","og_image":[{"width":2560,"height":1463,"url":"https:\/\/cleitonpinheiro.com.br\/site\/wp-content\/uploads\/2025\/08\/F3-Durante-a-reuniao-o-governador-Wanderlei-Barbosa-destacou-a-importancia-dos-investimentos-para-o-desenvolvimento-economico-do-estado.foto-Adilvan-Nogueira-GovTO-scaled.jpg","type":"image\/jpeg"}],"author":"Reda\u00e7\u00e3o CP","twitter_card":"summary_large_image","twitter_misc":{"Escrito por":"Reda\u00e7\u00e3o CP","Est. tempo de leitura":"4 minutos"},"schema":{"@context":"https:\/\/schema.org","@graph":[{"@type":"Article","@id":"https:\/\/cleitonpinheiro.com.br\/site\/governo-do-to-anuncia-investimentos-de-r-750-milhoes-em-infraestrutura-saude-e-seguranca\/#article","isPartOf":{"@id":"https:\/\/cleitonpinheiro.com.br\/site\/governo-do-to-anuncia-investimentos-de-r-750-milhoes-em-infraestrutura-saude-e-seguranca\/"},"author":{"name":"Reda\u00e7\u00e3o CP","@id":"https:\/\/cleitonpinheiro.com.br\/site\/#\/schema\/person\/8f04544e0bc40a1b68775b08360f87db"},"headline":"Governo do TO anuncia investimentos de R$ 750 milh\u00f5es em infraestrutura, sa\u00fade e seguran\u00e7a","datePublished":"2025-08-12T20:24:08+00:00","dateModified":"2025-08-14T12:09:53+00:00","mainEntityOfPage":{"@id":"https:\/\/cleitonpinheiro.com.br\/site\/governo-do-to-anuncia-investimentos-de-r-750-milhoes-em-infraestrutura-saude-e-seguranca\/"},"wordCount":735,"commentCount":0,"publisher":{"@id":"https:\/\/cleitonpinheiro.com.br\/site\/#organization"},"image":{"@id":"https:\/\/cleitonpinheiro.com.br\/site\/governo-do-to-anuncia-investimentos-de-r-750-milhoes-em-infraestrutura-saude-e-seguranca\/#primaryimage"},"thumbnailUrl":"https:\/\/cleitonpinheiro.com.br\/site\/wp-content\/uploads\/2025\/08\/F3-Durante-a-reuniao-o-governador-Wanderlei-Barbosa-destacou-a-importancia-dos-investimentos-para-o-desenvolvimento-economico-do-estado.foto-Adilvan-Nogueira-GovTO-scaled.jpg","articleSection":["MANCHETE SEGUND\u00c1RIA","POL\u00cdTICA","TODAS NOTICIAS"],"inLanguage":"pt-BR","potentialAction":[{"@type":"CommentAction","name":"Comment","target":["https:\/\/cleitonpinheiro.com.br\/site\/governo-do-to-anuncia-investimentos-de-r-750-milhoes-em-infraestrutura-saude-e-seguranca\/#respond"]}]},{"@type":"WebPage","@id":"https:\/\/cleitonpinheiro.com.br\/site\/governo-do-to-anuncia-investimentos-de-r-750-milhoes-em-infraestrutura-saude-e-seguranca\/","url":"https:\/\/cleitonpinheiro.com.br\/site\/governo-do-to-anuncia-investimentos-de-r-750-milhoes-em-infraestrutura-saude-e-seguranca\/","name":"Governo do TO anuncia investimentos de R$ 750 milh\u00f5es em infraestrutura, sa\u00fade e seguran\u00e7a - PORTAL DE NOT\u00cdCIAS CLEITON PINHEIRO","isPartOf":{"@id":"https:\/\/cleitonpinheiro.com.br\/site\/#website"},"primaryImageOfPage":{"@id":"https:\/\/cleitonpinheiro.com.br\/site\/governo-do-to-anuncia-investimentos-de-r-750-milhoes-em-infraestrutura-saude-e-seguranca\/#primaryimage"},"image":{"@id":"https:\/\/cleitonpinheiro.com.br\/site\/governo-do-to-anuncia-investimentos-de-r-750-milhoes-em-infraestrutura-saude-e-seguranca\/#primaryimage"},"thumbnailUrl":"https:\/\/cleitonpinheiro.com.br\/site\/wp-content\/uploads\/2025\/08\/F3-Durante-a-reuniao-o-governador-Wanderlei-Barbosa-destacou-a-importancia-dos-investimentos-para-o-desenvolvimento-economico-do-estado.foto-Adilvan-Nogueira-GovTO-scaled.jpg","datePublished":"2025-08-12T20:24:08+00:00","dateModified":"2025-08-14T12:09:53+00:00","breadcrumb":{"@id":"https:\/\/cleitonpinheiro.com.br\/site\/governo-do-to-anuncia-investimentos-de-r-750-milhoes-em-infraestrutura-saude-e-seguranca\/#breadcrumb"},"inLanguage":"pt-BR","potentialAction":[{"@type":"ReadAction","target":["https:\/\/cleitonpinheiro.com.br\/site\/governo-do-to-anuncia-investimentos-de-r-750-milhoes-em-infraestrutura-saude-e-seguranca\/"]}]},{"@type":"ImageObject","inLanguage":"pt-BR","@id":"https:\/\/cleitonpinheiro.com.br\/site\/governo-do-to-anuncia-investimentos-de-r-750-milhoes-em-infraestrutura-saude-e-seguranca\/#primaryimage","url":"https:\/\/cleitonpinheiro.com.br\/site\/wp-content\/uploads\/2025\/08\/F3-Durante-a-reuniao-o-governador-Wanderlei-Barbosa-destacou-a-importancia-dos-investimentos-para-o-desenvolvimento-economico-do-estado.foto-Adilvan-Nogueira-GovTO-scaled.jpg","contentUrl":"https:\/\/cleitonpinheiro.com.br\/site\/wp-content\/uploads\/2025\/08\/F3-Durante-a-reuniao-o-governador-Wanderlei-Barbosa-destacou-a-importancia-dos-investimentos-para-o-desenvolvimento-economico-do-estado.foto-Adilvan-Nogueira-GovTO-scaled.jpg","width":2560,"height":1463,"caption":"Foto Adilvan Nogueira"},{"@type":"BreadcrumbList","@id":"https:\/\/cleitonpinheiro.com.br\/site\/governo-do-to-anuncia-investimentos-de-r-750-milhoes-em-infraestrutura-saude-e-seguranca\/#breadcrumb","itemListElement":[{"@type":"ListItem","position":1,"name":"In\u00edcio","item":"https:\/\/cleitonpinheiro.com.br\/site\/"},{"@type":"ListItem","position":2,"name":"Governo do TO anuncia investimentos de R$ 750 milh\u00f5es em infraestrutura, sa\u00fade e seguran\u00e7a"}]},{"@type":"WebSite","@id":"https:\/\/cleitonpinheiro.com.br\/site\/#website","url":"https:\/\/cleitonpinheiro.com.br\/site\/","name":"PORTAL DE NOT\u00cdCIAS CLEITON PINHEIRO","description":"FALANDO A VERDADE","publisher":{"@id":"https:\/\/cleitonpinheiro.com.br\/site\/#organization"},"potentialAction":[{"@type":"SearchAction","target":{"@type":"EntryPoint","urlTemplate":"https:\/\/cleitonpinheiro.com.br\/site\/?s={search_term_string}"},"query-input":{"@type":"PropertyValueSpecification","valueRequired":true,"valueName":"search_term_string"}}],"inLanguage":"pt-BR"},{"@type":"Organization","@id":"https:\/\/cleitonpinheiro.com.br\/site\/#organization","name":"CPNOT\u00cdCIAS","url":"https:\/\/cleitonpinheiro.com.br\/site\/","logo":{"@type":"ImageObject","inLanguage":"pt-BR","@id":"https:\/\/cleitonpinheiro.com.br\/site\/#\/schema\/logo\/image\/","url":"https:\/\/cleitonpinheiro.com.br\/site\/wp-content\/uploads\/2022\/08\/Logo-pequena-2.png","contentUrl":"https:\/\/cleitonpinheiro.com.br\/site\/wp-content\/uploads\/2022\/08\/Logo-pequena-2.png","width":500,"height":500,"caption":"CPNOT\u00cdCIAS"},"image":{"@id":"https:\/\/cleitonpinheiro.com.br\/site\/#\/schema\/logo\/image\/"},"sameAs":["https:\/\/www.facebook.com\/portalcpnoticias\/"]},{"@type":"Person","@id":"https:\/\/cleitonpinheiro.com.br\/site\/#\/schema\/person\/8f04544e0bc40a1b68775b08360f87db","name":"Reda\u00e7\u00e3o CP","image":{"@type":"ImageObject","inLanguage":"pt-BR","@id":"https:\/\/cleitonpinheiro.com.br\/site\/#\/schema\/person\/image\/","url":"https:\/\/secure.gravatar.com\/avatar\/0bcf19cb29fdc8fc588c490c7ae1b3e174dac268586a63fbe1d1893a0f9020cd?s=96&r=g","contentUrl":"https:\/\/secure.gravatar.com\/avatar\/0bcf19cb29fdc8fc588c490c7ae1b3e174dac268586a63fbe1d1893a0f9020cd?s=96&r=g","caption":"Reda\u00e7\u00e3o CP"},"url":"https:\/\/cleitonpinheiro.com.br\/site\/author\/redacao\/"}]}},"views":129,"_links":{"self":[{"href":"https:\/\/cleitonpinheiro.com.br\/site\/wp-json\/wp\/v2\/posts\/86520","targetHints":{"allow":["GET"]}}],"collection":[{"href":"https:\/\/cleitonpinheiro.com.br\/site\/wp-json\/wp\/v2\/posts"}],"about":[{"href":"https:\/\/cleitonpinheiro.com.br\/site\/wp-json\/wp\/v2\/types\/post"}],"author":[{"embeddable":true,"href":"https:\/\/cleitonpinheiro.com.br\/site\/wp-json\/wp\/v2\/users\/13"}],"replies":[{"embeddable":true,"href":"https:\/\/cleitonpinheiro.com.br\/site\/wp-json\/wp\/v2\/comments?post=86520"}],"version-history":[{"count":1,"href":"https:\/\/cleitonpinheiro.com.br\/site\/wp-json\/wp\/v2\/posts\/86520\/revisions"}],"predecessor-version":[{"id":86523,"href":"https:\/\/cleitonpinheiro.com.br\/site\/wp-json\/wp\/v2\/posts\/86520\/revisions\/86523"}],"wp:featuredmedia":[{"embeddable":true,"href":"https:\/\/cleitonpinheiro.com.br\/site\/wp-json\/wp\/v2\/media\/86522"}],"wp:attachment":[{"href":"https:\/\/cleitonpinheiro.com.br\/site\/wp-json\/wp\/v2\/media?parent=86520"}],"wp:term":[{"taxonomy":"category","embeddable":true,"href":"https:\/\/cleitonpinheiro.com.br\/site\/wp-json\/wp\/v2\/categories?post=86520"},{"taxonomy":"post_tag","embeddable":true,"href":"https:\/\/cleitonpinheiro.com.br\/site\/wp-json\/wp\/v2\/tags?post=86520"}],"curies":[{"name":"wp","href":"https:\/\/api.w.org\/{rel}","templated":true}]}}