{"id":86524,"date":"2025-08-12T17:27:52","date_gmt":"2025-08-12T20:27:52","guid":{"rendered":"https:\/\/cleitonpinheiro.com.br\/site\/?p=86524"},"modified":"2025-08-12T17:27:57","modified_gmt":"2025-08-12T20:27:57","slug":"dono-da-ultrafarma-e-diretor-da-fast-shop-sao-presos-em-operacao-do-mp","status":"publish","type":"post","link":"https:\/\/cleitonpinheiro.com.br\/site\/dono-da-ultrafarma-e-diretor-da-fast-shop-sao-presos-em-operacao-do-mp\/","title":{"rendered":"Dono da Ultrafarma e diretor da Fast Shop s\u00e3o presos em opera\u00e7\u00e3o do MP"},"content":{"rendered":"\n<figure class=\"wp-block-image size-large\"><img fetchpriority=\"high\" decoding=\"async\" width=\"1024\" height=\"613\" src=\"https:\/\/cleitonpinheiro.com.br\/site\/wp-content\/uploads\/2025\/08\/whatsapp-image-2025-08-12-at-122650-1024x613.webp\" alt=\"\" class=\"wp-image-86525\" srcset=\"https:\/\/cleitonpinheiro.com.br\/site\/wp-content\/uploads\/2025\/08\/whatsapp-image-2025-08-12-at-122650-1024x613.webp 1024w, https:\/\/cleitonpinheiro.com.br\/site\/wp-content\/uploads\/2025\/08\/whatsapp-image-2025-08-12-at-122650-300x179.webp 300w, https:\/\/cleitonpinheiro.com.br\/site\/wp-content\/uploads\/2025\/08\/whatsapp-image-2025-08-12-at-122650-768x459.webp 768w, https:\/\/cleitonpinheiro.com.br\/site\/wp-content\/uploads\/2025\/08\/whatsapp-image-2025-08-12-at-122650.webp 1170w\" sizes=\"(max-width: 1024px) 100vw, 1024px\" \/><figcaption class=\"wp-element-caption\">\u00a9 Ultrafarma\/Divulga\u00e7\u00e3o\n<\/figcaption><\/figure>\n\n\n\n<p>O dono e fundador da Ultrafarma, Sidney Oliveira, foi preso temporariamente na manh\u00e3 desta ter\u00e7a-feira (12) em uma opera\u00e7\u00e3o do Minist\u00e9rio P\u00fablico de S\u00e3o Paulo (MP-SP) para desarticular um esquema de corrup\u00e7\u00e3o envolvendo auditores-fiscais tribut\u00e1rios da Secretaria da Fazenda e Planejamento do Estado de S\u00e3o Paulo (Sefaz-SP). Al\u00e9m dele, tamb\u00e9m foram presos o diretor estatut\u00e1rio do grupo Fast Shop, Mario Ot\u00e1vio Gomes, e os auditores fiscais da Fazenda estadual paulista Artur Gomes da Silva Neto e Marcelo de Almeida Gouveia.<img decoding=\"async\" src=\"https:\/\/agenciabrasil.ebc.com.br\/ebc.png?id=1654126&amp;o=node\"><img decoding=\"async\" src=\"https:\/\/agenciabrasil.ebc.com.br\/ebc.gif?id=1654126&amp;o=node\"><\/p>\n\n\n\n<p>De acordo com o MP, foram cumpridos 19 mandados de busca e apreens\u00e3o, al\u00e9m de sequestro de bens dos investigados.&nbsp;<strong>A investiga\u00e7\u00e3o come\u00e7ou h\u00e1 6 meses e j\u00e1 concluiu que o esquema existe desde 2021.<\/strong>&nbsp;Mesmo assim, o MP apura se antes disso j\u00e1 havia algo ocorrendo.<\/p>\n\n\n\n<p>Segundo o MP, os empres\u00e1rios pagavam os auditores para que facilitassem o ressarcimento de cr\u00e9ditos de ICMS junto \u00e0 Sefaz-SP. Todas as empresas varejistas contribuintes t\u00eam direito ao ressarcimento, por\u00e9m o procedimento \u00e9 complexo e tem prazos longos.&nbsp;<\/p>\n\n\n\n<p><strong>A investiga\u00e7\u00e3o descobriu que o auditor Artur Gomes da Silva Neto era o \u201cc\u00e9rebro\u201d da opera\u00e7\u00e3o, facilitando todo o processo.<\/strong><\/p>\n\n\n\n<p>&#8220;Ele coletava os documentos necess\u00e1rios da Fast Shop e da Ultrafarma, pedia o ressarcimento dos cr\u00e9ditos e em seguida ele mesmo os aprovava evitando que houvesse uma revis\u00e3o. Em algumas situa\u00e7\u00f5es eram liberados valores superiores ao que as empresas tinham direito e em prazos reduzidos. O esquema de fraudes teria lhe rendido cerca de R$ 1 bilh\u00e3o em propinas desde 2021\u201d, informou o promotor de Justi\u00e7a Jo\u00e3o Ric\u00fapero.<\/p>\n\n\n\n<p><strong>O promotor de Justi\u00e7a Roberto Bodini disse que as investiga\u00e7\u00f5es d\u00e3o ind\u00edcio de que outras empresas do setor varejista tamb\u00e9m podem ter utilizado o mesmo esquema para conseguir a libera\u00e7\u00e3o desses cr\u00e9ditos tribut\u00e1rios.<\/strong>&nbsp;<\/p>\n\n\n\n<p>\u201cObviamente n\u00e3o podemos divulgar o nome das outras porque investiga\u00e7\u00f5es est\u00e3o em curso. Nosso desafio daqui em diante \u00e9 justamente verificar se h\u00e1 outros auditores fiscais envolvidos e se h\u00e1 mais empresas se valendo da fraude\u201d, disse Bodini.<\/p>\n\n\n\n<p>Um dos pontos de partida da investiga\u00e7\u00e3o foi a constata\u00e7\u00e3o de um salto patrimonial expressivo em uma empresa que estava no nome da m\u00e3e do auditor-fiscal. Com a quebra de sigilo banc\u00e1rio e fiscal, o MP percebeu que at\u00e9 junho de 2021 essa empresa n\u00e3o tinha nenhum tipo de atividade operacional.<\/p>\n\n\n\n<blockquote class=\"wp-block-quote is-layout-flow wp-block-quote-is-layout-flow\">\n<p>\u201cEla n\u00e3o tinha cliente, n\u00e3o tinha absolutamente nada. A partir do segundo semestre de 2021, ela passa a receber dezenas de milh\u00f5es de reais apenas da Fast Shop. No ano de 2022, ela recebe R$ 60 milh\u00f5es, tamb\u00e9m da Fast Shop. S\u00f3 da Fast Shop, em valores brutos, a empresa recebeu R$ 1 bilh\u00e3o\u201d, disse Ric\u00fapero.<\/p>\n<\/blockquote>\n\n\n\n<p>No in\u00edcio das investiga\u00e7\u00f5es, a participa\u00e7\u00e3o de um segundo fiscal era secund\u00e1ria, no entanto, novas provas coletadas nas dilig\u00eancias, como altos valores em moeda e criptomoedas, foram comprovadas sua participa\u00e7\u00e3o no esquema.&nbsp;<\/p>\n\n\n\n<p>Com um dos alvos da opera\u00e7\u00e3o foram apreendidas duas sacolas com esmeraldas, al\u00e9m de R$ 1 milh\u00e3o em dinheiro. Os valores totais ainda est\u00e3o sendo contabilizados. Tamb\u00e9m foram presas duas mulheres, contadoras, que auxiliavam o auditor-fiscal nos pedidos de ressarcimento.<\/p>\n\n\n\n<p><strong>Por meio de nota, a Sefaz-SP informou que est\u00e1 \u00e0 disposi\u00e7\u00e3o das autoridades e colaborar\u00e1 com os desdobramentos da investiga\u00e7\u00e3o do Minist\u00e9rio P\u00fablico por meio da sua Corregedoria da Fiscaliza\u00e7\u00e3o Tribut\u00e1ria (Corfisp).<\/strong>&nbsp;<\/p>\n\n\n\n<p>\u201cEnquanto integrante do Cira-SP &#8211; Comit\u00ea Interinstitucional de Recupera\u00e7\u00e3o de Ativos &#8211; e diversos grupos especiais de apura\u00e7\u00e3o, a Sefaz-SP tem atuado em diversas frentes e opera\u00e7\u00f5es no combate \u00e0 sonega\u00e7\u00e3o fiscal, lavagem de dinheiro e il\u00edcitos contra a ordem tribut\u00e1ria, em conjunto com os \u00f3rg\u00e3os que deflagraram opera\u00e7\u00e3o na data de hoje\u201d, disse a secretaria em nota.<\/p>\n\n\n\n<p>A Sefaz-SP informou que instaurou procedimento administrativo para apurar rigorosamente a conduta do servidor envolvido e que solicitou formalmente ao Minist\u00e9rio P\u00fablico do Estado de S\u00e3o Paulo o compartilhamento de todas as informa\u00e7\u00f5es pertinentes ao caso.<\/p>\n\n\n\n<p><strong>A Fast Shop disse que ainda n\u00e3o teve acesso ao conte\u00fado da investiga\u00e7\u00e3o e que est\u00e1 colaborando com o fornecimento de informa\u00e7\u00f5es \u00e0s autoridades competentes.<\/strong><\/p>\n\n\n\n<p>A&nbsp;<strong>Ag\u00eancia Brasil<\/strong>&nbsp;n\u00e3o conseguiu contato com a Eurofarma, e est\u00e1 aberta a manifesta\u00e7\u00f5es.<\/p>\n\n\n\n<p>Fl\u00e1via Albuquerque &#8211; Rep\u00f3rter da Ag\u00eancia Brasil<br><\/p>\n","protected":false},"excerpt":{"rendered":"<p>O dono e fundador da Ultrafarma, Sidney Oliveira, foi preso temporariamente na manh\u00e3 desta ter\u00e7a-feira (12) em uma opera\u00e7\u00e3o do Minist\u00e9rio P\u00fablico de S\u00e3o Paulo (MP-SP) para desarticular um esquema de corrup\u00e7\u00e3o envolvendo auditores-fiscais tribut\u00e1rios da Secretaria da Fazenda e Planejamento do Estado de S\u00e3o Paulo (Sefaz-SP). Al\u00e9m dele, tamb\u00e9m foram presos o diretor estatut\u00e1rio [&hellip;]<\/p>\n","protected":false},"author":13,"featured_media":86525,"comment_status":"open","ping_status":"open","sticky":false,"template":"","format":"standard","meta":{"_acf_changed":false,"footnotes":""},"categories":[19,898,21],"tags":[],"class_list":["post-86524","post","type-post","status-publish","format-standard","has-post-thumbnail","hentry","category-brasil-mundo","category-manchete-segundaria","category-todas-noticias"],"acf":[],"yoast_head":"<!-- This site is optimized with the Yoast SEO plugin v24.4 - https:\/\/yoast.com\/wordpress\/plugins\/seo\/ -->\n<title>Dono da Ultrafarma e diretor da Fast Shop s\u00e3o presos em opera\u00e7\u00e3o do MP - PORTAL DE NOT\u00cdCIAS CLEITON PINHEIRO<\/title>\n<meta name=\"robots\" content=\"index, follow, max-snippet:-1, max-image-preview:large, max-video-preview:-1\" \/>\n<link rel=\"canonical\" href=\"https:\/\/cleitonpinheiro.com.br\/site\/dono-da-ultrafarma-e-diretor-da-fast-shop-sao-presos-em-operacao-do-mp\/\" \/>\n<meta property=\"og:locale\" content=\"pt_BR\" \/>\n<meta property=\"og:type\" content=\"article\" \/>\n<meta property=\"og:title\" content=\"Dono da Ultrafarma e diretor da Fast Shop s\u00e3o presos em opera\u00e7\u00e3o do MP - PORTAL DE NOT\u00cdCIAS CLEITON PINHEIRO\" \/>\n<meta property=\"og:description\" content=\"O dono e fundador da Ultrafarma, Sidney Oliveira, foi preso temporariamente na manh\u00e3 desta ter\u00e7a-feira (12) em uma opera\u00e7\u00e3o do Minist\u00e9rio P\u00fablico de S\u00e3o Paulo (MP-SP) para desarticular um esquema de corrup\u00e7\u00e3o envolvendo auditores-fiscais tribut\u00e1rios da Secretaria da Fazenda e Planejamento do Estado de S\u00e3o Paulo (Sefaz-SP). Al\u00e9m dele, tamb\u00e9m foram presos o diretor estatut\u00e1rio [&hellip;]\" \/>\n<meta property=\"og:url\" content=\"https:\/\/cleitonpinheiro.com.br\/site\/dono-da-ultrafarma-e-diretor-da-fast-shop-sao-presos-em-operacao-do-mp\/\" \/>\n<meta property=\"og:site_name\" content=\"PORTAL DE NOT\u00cdCIAS CLEITON PINHEIRO\" \/>\n<meta property=\"article:publisher\" content=\"https:\/\/www.facebook.com\/portalcpnoticias\/\" \/>\n<meta property=\"article:published_time\" content=\"2025-08-12T20:27:52+00:00\" \/>\n<meta property=\"article:modified_time\" content=\"2025-08-12T20:27:57+00:00\" \/>\n<meta property=\"og:image\" content=\"https:\/\/cleitonpinheiro.com.br\/site\/wp-content\/uploads\/2025\/08\/whatsapp-image-2025-08-12-at-122650.webp\" \/>\n\t<meta property=\"og:image:width\" content=\"1170\" \/>\n\t<meta property=\"og:image:height\" content=\"700\" \/>\n\t<meta property=\"og:image:type\" content=\"image\/webp\" \/>\n<meta name=\"author\" content=\"Reda\u00e7\u00e3o CP\" \/>\n<meta name=\"twitter:card\" content=\"summary_large_image\" \/>\n<meta name=\"twitter:label1\" content=\"Escrito por\" \/>\n\t<meta name=\"twitter:data1\" content=\"Reda\u00e7\u00e3o CP\" \/>\n\t<meta name=\"twitter:label2\" content=\"Est. tempo de leitura\" \/>\n\t<meta name=\"twitter:data2\" content=\"5 minutos\" \/>\n<script type=\"application\/ld+json\" class=\"yoast-schema-graph\">{\"@context\":\"https:\/\/schema.org\",\"@graph\":[{\"@type\":\"Article\",\"@id\":\"https:\/\/cleitonpinheiro.com.br\/site\/dono-da-ultrafarma-e-diretor-da-fast-shop-sao-presos-em-operacao-do-mp\/#article\",\"isPartOf\":{\"@id\":\"https:\/\/cleitonpinheiro.com.br\/site\/dono-da-ultrafarma-e-diretor-da-fast-shop-sao-presos-em-operacao-do-mp\/\"},\"author\":{\"name\":\"Reda\u00e7\u00e3o CP\",\"@id\":\"https:\/\/cleitonpinheiro.com.br\/site\/#\/schema\/person\/8f04544e0bc40a1b68775b08360f87db\"},\"headline\":\"Dono da Ultrafarma e diretor da Fast Shop s\u00e3o presos em opera\u00e7\u00e3o do MP\",\"datePublished\":\"2025-08-12T20:27:52+00:00\",\"dateModified\":\"2025-08-12T20:27:57+00:00\",\"mainEntityOfPage\":{\"@id\":\"https:\/\/cleitonpinheiro.com.br\/site\/dono-da-ultrafarma-e-diretor-da-fast-shop-sao-presos-em-operacao-do-mp\/\"},\"wordCount\":778,\"commentCount\":0,\"publisher\":{\"@id\":\"https:\/\/cleitonpinheiro.com.br\/site\/#organization\"},\"image\":{\"@id\":\"https:\/\/cleitonpinheiro.com.br\/site\/dono-da-ultrafarma-e-diretor-da-fast-shop-sao-presos-em-operacao-do-mp\/#primaryimage\"},\"thumbnailUrl\":\"https:\/\/cleitonpinheiro.com.br\/site\/wp-content\/uploads\/2025\/08\/whatsapp-image-2025-08-12-at-122650.webp\",\"articleSection\":[\"BRASIL \/ MUNDO\",\"MANCHETE SEGUND\u00c1RIA\",\"TODAS NOTICIAS\"],\"inLanguage\":\"pt-BR\",\"potentialAction\":[{\"@type\":\"CommentAction\",\"name\":\"Comment\",\"target\":[\"https:\/\/cleitonpinheiro.com.br\/site\/dono-da-ultrafarma-e-diretor-da-fast-shop-sao-presos-em-operacao-do-mp\/#respond\"]}]},{\"@type\":\"WebPage\",\"@id\":\"https:\/\/cleitonpinheiro.com.br\/site\/dono-da-ultrafarma-e-diretor-da-fast-shop-sao-presos-em-operacao-do-mp\/\",\"url\":\"https:\/\/cleitonpinheiro.com.br\/site\/dono-da-ultrafarma-e-diretor-da-fast-shop-sao-presos-em-operacao-do-mp\/\",\"name\":\"Dono da Ultrafarma e diretor da Fast Shop s\u00e3o presos em opera\u00e7\u00e3o do MP - PORTAL DE NOT\u00cdCIAS CLEITON PINHEIRO\",\"isPartOf\":{\"@id\":\"https:\/\/cleitonpinheiro.com.br\/site\/#website\"},\"primaryImageOfPage\":{\"@id\":\"https:\/\/cleitonpinheiro.com.br\/site\/dono-da-ultrafarma-e-diretor-da-fast-shop-sao-presos-em-operacao-do-mp\/#primaryimage\"},\"image\":{\"@id\":\"https:\/\/cleitonpinheiro.com.br\/site\/dono-da-ultrafarma-e-diretor-da-fast-shop-sao-presos-em-operacao-do-mp\/#primaryimage\"},\"thumbnailUrl\":\"https:\/\/cleitonpinheiro.com.br\/site\/wp-content\/uploads\/2025\/08\/whatsapp-image-2025-08-12-at-122650.webp\",\"datePublished\":\"2025-08-12T20:27:52+00:00\",\"dateModified\":\"2025-08-12T20:27:57+00:00\",\"breadcrumb\":{\"@id\":\"https:\/\/cleitonpinheiro.com.br\/site\/dono-da-ultrafarma-e-diretor-da-fast-shop-sao-presos-em-operacao-do-mp\/#breadcrumb\"},\"inLanguage\":\"pt-BR\",\"potentialAction\":[{\"@type\":\"ReadAction\",\"target\":[\"https:\/\/cleitonpinheiro.com.br\/site\/dono-da-ultrafarma-e-diretor-da-fast-shop-sao-presos-em-operacao-do-mp\/\"]}]},{\"@type\":\"ImageObject\",\"inLanguage\":\"pt-BR\",\"@id\":\"https:\/\/cleitonpinheiro.com.br\/site\/dono-da-ultrafarma-e-diretor-da-fast-shop-sao-presos-em-operacao-do-mp\/#primaryimage\",\"url\":\"https:\/\/cleitonpinheiro.com.br\/site\/wp-content\/uploads\/2025\/08\/whatsapp-image-2025-08-12-at-122650.webp\",\"contentUrl\":\"https:\/\/cleitonpinheiro.com.br\/site\/wp-content\/uploads\/2025\/08\/whatsapp-image-2025-08-12-at-122650.webp\",\"width\":1170,\"height\":700,\"caption\":\"\u00a9 Ultrafarma\/Divulga\u00e7\u00e3o\"},{\"@type\":\"BreadcrumbList\",\"@id\":\"https:\/\/cleitonpinheiro.com.br\/site\/dono-da-ultrafarma-e-diretor-da-fast-shop-sao-presos-em-operacao-do-mp\/#breadcrumb\",\"itemListElement\":[{\"@type\":\"ListItem\",\"position\":1,\"name\":\"In\u00edcio\",\"item\":\"https:\/\/cleitonpinheiro.com.br\/site\/\"},{\"@type\":\"ListItem\",\"position\":2,\"name\":\"Dono da Ultrafarma e diretor da Fast Shop s\u00e3o presos em opera\u00e7\u00e3o do MP\"}]},{\"@type\":\"WebSite\",\"@id\":\"https:\/\/cleitonpinheiro.com.br\/site\/#website\",\"url\":\"https:\/\/cleitonpinheiro.com.br\/site\/\",\"name\":\"PORTAL DE NOT\u00cdCIAS CLEITON PINHEIRO\",\"description\":\"FALANDO A VERDADE\",\"publisher\":{\"@id\":\"https:\/\/cleitonpinheiro.com.br\/site\/#organization\"},\"potentialAction\":[{\"@type\":\"SearchAction\",\"target\":{\"@type\":\"EntryPoint\",\"urlTemplate\":\"https:\/\/cleitonpinheiro.com.br\/site\/?s={search_term_string}\"},\"query-input\":{\"@type\":\"PropertyValueSpecification\",\"valueRequired\":true,\"valueName\":\"search_term_string\"}}],\"inLanguage\":\"pt-BR\"},{\"@type\":\"Organization\",\"@id\":\"https:\/\/cleitonpinheiro.com.br\/site\/#organization\",\"name\":\"CPNOT\u00cdCIAS\",\"url\":\"https:\/\/cleitonpinheiro.com.br\/site\/\",\"logo\":{\"@type\":\"ImageObject\",\"inLanguage\":\"pt-BR\",\"@id\":\"https:\/\/cleitonpinheiro.com.br\/site\/#\/schema\/logo\/image\/\",\"url\":\"https:\/\/cleitonpinheiro.com.br\/site\/wp-content\/uploads\/2022\/08\/Logo-pequena-2.png\",\"contentUrl\":\"https:\/\/cleitonpinheiro.com.br\/site\/wp-content\/uploads\/2022\/08\/Logo-pequena-2.png\",\"width\":500,\"height\":500,\"caption\":\"CPNOT\u00cdCIAS\"},\"image\":{\"@id\":\"https:\/\/cleitonpinheiro.com.br\/site\/#\/schema\/logo\/image\/\"},\"sameAs\":[\"https:\/\/www.facebook.com\/portalcpnoticias\/\"]},{\"@type\":\"Person\",\"@id\":\"https:\/\/cleitonpinheiro.com.br\/site\/#\/schema\/person\/8f04544e0bc40a1b68775b08360f87db\",\"name\":\"Reda\u00e7\u00e3o CP\",\"image\":{\"@type\":\"ImageObject\",\"inLanguage\":\"pt-BR\",\"@id\":\"https:\/\/cleitonpinheiro.com.br\/site\/#\/schema\/person\/image\/\",\"url\":\"https:\/\/secure.gravatar.com\/avatar\/0bcf19cb29fdc8fc588c490c7ae1b3e174dac268586a63fbe1d1893a0f9020cd?s=96&r=g\",\"contentUrl\":\"https:\/\/secure.gravatar.com\/avatar\/0bcf19cb29fdc8fc588c490c7ae1b3e174dac268586a63fbe1d1893a0f9020cd?s=96&r=g\",\"caption\":\"Reda\u00e7\u00e3o CP\"},\"url\":\"https:\/\/cleitonpinheiro.com.br\/site\/author\/redacao\/\"}]}<\/script>\n<!-- \/ Yoast SEO plugin. -->","yoast_head_json":{"title":"Dono da Ultrafarma e diretor da Fast Shop s\u00e3o presos em opera\u00e7\u00e3o do MP - PORTAL DE NOT\u00cdCIAS CLEITON PINHEIRO","robots":{"index":"index","follow":"follow","max-snippet":"max-snippet:-1","max-image-preview":"max-image-preview:large","max-video-preview":"max-video-preview:-1"},"canonical":"https:\/\/cleitonpinheiro.com.br\/site\/dono-da-ultrafarma-e-diretor-da-fast-shop-sao-presos-em-operacao-do-mp\/","og_locale":"pt_BR","og_type":"article","og_title":"Dono da Ultrafarma e diretor da Fast Shop s\u00e3o presos em opera\u00e7\u00e3o do MP - PORTAL DE NOT\u00cdCIAS CLEITON PINHEIRO","og_description":"O dono e fundador da Ultrafarma, Sidney Oliveira, foi preso temporariamente na manh\u00e3 desta ter\u00e7a-feira (12) em uma opera\u00e7\u00e3o do Minist\u00e9rio P\u00fablico de S\u00e3o Paulo (MP-SP) para desarticular um esquema de corrup\u00e7\u00e3o envolvendo auditores-fiscais tribut\u00e1rios da Secretaria da Fazenda e Planejamento do Estado de S\u00e3o Paulo (Sefaz-SP). Al\u00e9m dele, tamb\u00e9m foram presos o diretor estatut\u00e1rio [&hellip;]","og_url":"https:\/\/cleitonpinheiro.com.br\/site\/dono-da-ultrafarma-e-diretor-da-fast-shop-sao-presos-em-operacao-do-mp\/","og_site_name":"PORTAL DE NOT\u00cdCIAS CLEITON PINHEIRO","article_publisher":"https:\/\/www.facebook.com\/portalcpnoticias\/","article_published_time":"2025-08-12T20:27:52+00:00","article_modified_time":"2025-08-12T20:27:57+00:00","og_image":[{"width":1170,"height":700,"url":"https:\/\/cleitonpinheiro.com.br\/site\/wp-content\/uploads\/2025\/08\/whatsapp-image-2025-08-12-at-122650.webp","type":"image\/webp"}],"author":"Reda\u00e7\u00e3o CP","twitter_card":"summary_large_image","twitter_misc":{"Escrito por":"Reda\u00e7\u00e3o CP","Est. tempo de leitura":"5 minutos"},"schema":{"@context":"https:\/\/schema.org","@graph":[{"@type":"Article","@id":"https:\/\/cleitonpinheiro.com.br\/site\/dono-da-ultrafarma-e-diretor-da-fast-shop-sao-presos-em-operacao-do-mp\/#article","isPartOf":{"@id":"https:\/\/cleitonpinheiro.com.br\/site\/dono-da-ultrafarma-e-diretor-da-fast-shop-sao-presos-em-operacao-do-mp\/"},"author":{"name":"Reda\u00e7\u00e3o CP","@id":"https:\/\/cleitonpinheiro.com.br\/site\/#\/schema\/person\/8f04544e0bc40a1b68775b08360f87db"},"headline":"Dono da Ultrafarma e diretor da Fast Shop s\u00e3o presos em opera\u00e7\u00e3o do MP","datePublished":"2025-08-12T20:27:52+00:00","dateModified":"2025-08-12T20:27:57+00:00","mainEntityOfPage":{"@id":"https:\/\/cleitonpinheiro.com.br\/site\/dono-da-ultrafarma-e-diretor-da-fast-shop-sao-presos-em-operacao-do-mp\/"},"wordCount":778,"commentCount":0,"publisher":{"@id":"https:\/\/cleitonpinheiro.com.br\/site\/#organization"},"image":{"@id":"https:\/\/cleitonpinheiro.com.br\/site\/dono-da-ultrafarma-e-diretor-da-fast-shop-sao-presos-em-operacao-do-mp\/#primaryimage"},"thumbnailUrl":"https:\/\/cleitonpinheiro.com.br\/site\/wp-content\/uploads\/2025\/08\/whatsapp-image-2025-08-12-at-122650.webp","articleSection":["BRASIL \/ MUNDO","MANCHETE SEGUND\u00c1RIA","TODAS NOTICIAS"],"inLanguage":"pt-BR","potentialAction":[{"@type":"CommentAction","name":"Comment","target":["https:\/\/cleitonpinheiro.com.br\/site\/dono-da-ultrafarma-e-diretor-da-fast-shop-sao-presos-em-operacao-do-mp\/#respond"]}]},{"@type":"WebPage","@id":"https:\/\/cleitonpinheiro.com.br\/site\/dono-da-ultrafarma-e-diretor-da-fast-shop-sao-presos-em-operacao-do-mp\/","url":"https:\/\/cleitonpinheiro.com.br\/site\/dono-da-ultrafarma-e-diretor-da-fast-shop-sao-presos-em-operacao-do-mp\/","name":"Dono da Ultrafarma e diretor da Fast Shop s\u00e3o presos em opera\u00e7\u00e3o do MP - PORTAL DE NOT\u00cdCIAS CLEITON PINHEIRO","isPartOf":{"@id":"https:\/\/cleitonpinheiro.com.br\/site\/#website"},"primaryImageOfPage":{"@id":"https:\/\/cleitonpinheiro.com.br\/site\/dono-da-ultrafarma-e-diretor-da-fast-shop-sao-presos-em-operacao-do-mp\/#primaryimage"},"image":{"@id":"https:\/\/cleitonpinheiro.com.br\/site\/dono-da-ultrafarma-e-diretor-da-fast-shop-sao-presos-em-operacao-do-mp\/#primaryimage"},"thumbnailUrl":"https:\/\/cleitonpinheiro.com.br\/site\/wp-content\/uploads\/2025\/08\/whatsapp-image-2025-08-12-at-122650.webp","datePublished":"2025-08-12T20:27:52+00:00","dateModified":"2025-08-12T20:27:57+00:00","breadcrumb":{"@id":"https:\/\/cleitonpinheiro.com.br\/site\/dono-da-ultrafarma-e-diretor-da-fast-shop-sao-presos-em-operacao-do-mp\/#breadcrumb"},"inLanguage":"pt-BR","potentialAction":[{"@type":"ReadAction","target":["https:\/\/cleitonpinheiro.com.br\/site\/dono-da-ultrafarma-e-diretor-da-fast-shop-sao-presos-em-operacao-do-mp\/"]}]},{"@type":"ImageObject","inLanguage":"pt-BR","@id":"https:\/\/cleitonpinheiro.com.br\/site\/dono-da-ultrafarma-e-diretor-da-fast-shop-sao-presos-em-operacao-do-mp\/#primaryimage","url":"https:\/\/cleitonpinheiro.com.br\/site\/wp-content\/uploads\/2025\/08\/whatsapp-image-2025-08-12-at-122650.webp","contentUrl":"https:\/\/cleitonpinheiro.com.br\/site\/wp-content\/uploads\/2025\/08\/whatsapp-image-2025-08-12-at-122650.webp","width":1170,"height":700,"caption":"\u00a9 Ultrafarma\/Divulga\u00e7\u00e3o"},{"@type":"BreadcrumbList","@id":"https:\/\/cleitonpinheiro.com.br\/site\/dono-da-ultrafarma-e-diretor-da-fast-shop-sao-presos-em-operacao-do-mp\/#breadcrumb","itemListElement":[{"@type":"ListItem","position":1,"name":"In\u00edcio","item":"https:\/\/cleitonpinheiro.com.br\/site\/"},{"@type":"ListItem","position":2,"name":"Dono da Ultrafarma e diretor da Fast Shop s\u00e3o presos em opera\u00e7\u00e3o do MP"}]},{"@type":"WebSite","@id":"https:\/\/cleitonpinheiro.com.br\/site\/#website","url":"https:\/\/cleitonpinheiro.com.br\/site\/","name":"PORTAL DE NOT\u00cdCIAS CLEITON PINHEIRO","description":"FALANDO A VERDADE","publisher":{"@id":"https:\/\/cleitonpinheiro.com.br\/site\/#organization"},"potentialAction":[{"@type":"SearchAction","target":{"@type":"EntryPoint","urlTemplate":"https:\/\/cleitonpinheiro.com.br\/site\/?s={search_term_string}"},"query-input":{"@type":"PropertyValueSpecification","valueRequired":true,"valueName":"search_term_string"}}],"inLanguage":"pt-BR"},{"@type":"Organization","@id":"https:\/\/cleitonpinheiro.com.br\/site\/#organization","name":"CPNOT\u00cdCIAS","url":"https:\/\/cleitonpinheiro.com.br\/site\/","logo":{"@type":"ImageObject","inLanguage":"pt-BR","@id":"https:\/\/cleitonpinheiro.com.br\/site\/#\/schema\/logo\/image\/","url":"https:\/\/cleitonpinheiro.com.br\/site\/wp-content\/uploads\/2022\/08\/Logo-pequena-2.png","contentUrl":"https:\/\/cleitonpinheiro.com.br\/site\/wp-content\/uploads\/2022\/08\/Logo-pequena-2.png","width":500,"height":500,"caption":"CPNOT\u00cdCIAS"},"image":{"@id":"https:\/\/cleitonpinheiro.com.br\/site\/#\/schema\/logo\/image\/"},"sameAs":["https:\/\/www.facebook.com\/portalcpnoticias\/"]},{"@type":"Person","@id":"https:\/\/cleitonpinheiro.com.br\/site\/#\/schema\/person\/8f04544e0bc40a1b68775b08360f87db","name":"Reda\u00e7\u00e3o CP","image":{"@type":"ImageObject","inLanguage":"pt-BR","@id":"https:\/\/cleitonpinheiro.com.br\/site\/#\/schema\/person\/image\/","url":"https:\/\/secure.gravatar.com\/avatar\/0bcf19cb29fdc8fc588c490c7ae1b3e174dac268586a63fbe1d1893a0f9020cd?s=96&r=g","contentUrl":"https:\/\/secure.gravatar.com\/avatar\/0bcf19cb29fdc8fc588c490c7ae1b3e174dac268586a63fbe1d1893a0f9020cd?s=96&r=g","caption":"Reda\u00e7\u00e3o CP"},"url":"https:\/\/cleitonpinheiro.com.br\/site\/author\/redacao\/"}]}},"views":138,"_links":{"self":[{"href":"https:\/\/cleitonpinheiro.com.br\/site\/wp-json\/wp\/v2\/posts\/86524","targetHints":{"allow":["GET"]}}],"collection":[{"href":"https:\/\/cleitonpinheiro.com.br\/site\/wp-json\/wp\/v2\/posts"}],"about":[{"href":"https:\/\/cleitonpinheiro.com.br\/site\/wp-json\/wp\/v2\/types\/post"}],"author":[{"embeddable":true,"href":"https:\/\/cleitonpinheiro.com.br\/site\/wp-json\/wp\/v2\/users\/13"}],"replies":[{"embeddable":true,"href":"https:\/\/cleitonpinheiro.com.br\/site\/wp-json\/wp\/v2\/comments?post=86524"}],"version-history":[{"count":1,"href":"https:\/\/cleitonpinheiro.com.br\/site\/wp-json\/wp\/v2\/posts\/86524\/revisions"}],"predecessor-version":[{"id":86526,"href":"https:\/\/cleitonpinheiro.com.br\/site\/wp-json\/wp\/v2\/posts\/86524\/revisions\/86526"}],"wp:featuredmedia":[{"embeddable":true,"href":"https:\/\/cleitonpinheiro.com.br\/site\/wp-json\/wp\/v2\/media\/86525"}],"wp:attachment":[{"href":"https:\/\/cleitonpinheiro.com.br\/site\/wp-json\/wp\/v2\/media?parent=86524"}],"wp:term":[{"taxonomy":"category","embeddable":true,"href":"https:\/\/cleitonpinheiro.com.br\/site\/wp-json\/wp\/v2\/categories?post=86524"},{"taxonomy":"post_tag","embeddable":true,"href":"https:\/\/cleitonpinheiro.com.br\/site\/wp-json\/wp\/v2\/tags?post=86524"}],"curies":[{"name":"wp","href":"https:\/\/api.w.org\/{rel}","templated":true}]}}