{"id":86533,"date":"2025-08-13T10:23:52","date_gmt":"2025-08-13T13:23:52","guid":{"rendered":"https:\/\/cleitonpinheiro.com.br\/site\/?p=86533"},"modified":"2025-08-13T10:24:08","modified_gmt":"2025-08-13T13:24:08","slug":"equipes-da-saude-visitarao-cmeis-de-palmas-para-atualizacao-do-cartao-de-vacinacao-das-criancas","status":"publish","type":"post","link":"https:\/\/cleitonpinheiro.com.br\/site\/equipes-da-saude-visitarao-cmeis-de-palmas-para-atualizacao-do-cartao-de-vacinacao-das-criancas\/","title":{"rendered":"Equipes da Sa\u00fade visitar\u00e3o Cmeis de Palmas para atualiza\u00e7\u00e3o do cart\u00e3o de vacina\u00e7\u00e3o das crian\u00e7as"},"content":{"rendered":"\n<figure class=\"wp-block-image size-large\"><img fetchpriority=\"high\" decoding=\"async\" width=\"1024\" height=\"682\" src=\"https:\/\/cleitonpinheiro.com.br\/site\/wp-content\/uploads\/2025\/08\/WhatsApp-Image-2025-08-09-at-14.25.02-16-1024x682.jpeg\" alt=\"\" class=\"wp-image-86534\" srcset=\"https:\/\/cleitonpinheiro.com.br\/site\/wp-content\/uploads\/2025\/08\/WhatsApp-Image-2025-08-09-at-14.25.02-16-1024x682.jpeg 1024w, https:\/\/cleitonpinheiro.com.br\/site\/wp-content\/uploads\/2025\/08\/WhatsApp-Image-2025-08-09-at-14.25.02-16-300x200.jpeg 300w, https:\/\/cleitonpinheiro.com.br\/site\/wp-content\/uploads\/2025\/08\/WhatsApp-Image-2025-08-09-at-14.25.02-16-768x512.jpeg 768w, https:\/\/cleitonpinheiro.com.br\/site\/wp-content\/uploads\/2025\/08\/WhatsApp-Image-2025-08-09-at-14.25.02-16-1536x1023.jpeg 1536w, https:\/\/cleitonpinheiro.com.br\/site\/wp-content\/uploads\/2025\/08\/WhatsApp-Image-2025-08-09-at-14.25.02-16.jpeg 1600w\" sizes=\"(max-width: 1024px) 100vw, 1024px\" \/><figcaption class=\"wp-element-caption\">Foto: Lia Mara<\/figcaption><\/figure>\n\n\n\n<p>Nesta quinta-feira, 14, a Prefeitura de Palmas, atrav\u00e9s da Secretaria Municipal da Sa\u00fade (Semus), iniciar\u00e1 a maior a\u00e7\u00e3o do Projeto Miss\u00e3o Imunizar intitulada Z\u00e9 Gotinha em Busca do Tesouro Perdido. Equipes de vacina\u00e7\u00e3o visitar\u00e3o os Centros Municipais de Educa\u00e7\u00e3o Infantil (Cmeis) para atualiza\u00e7\u00e3o das vacinas obrigat\u00f3rias no calend\u00e1rio de rotina da primeira inf\u00e2ncia. As aplica\u00e7\u00f5es das doses ser\u00e3o feitas nas entradas e sa\u00eddas dos turnos (manh\u00e3 e tarde) e os pais dever\u00e3o levar a caderneta dos filhos e acompanh\u00e1-los nesta etapa.<\/p>\n\n\n\n<p>O calend\u00e1rio de vacina\u00e7\u00e3o infantil exige aten\u00e7\u00e3o dos pais. No primeiro ano de vida at\u00e9 os cinco anos de idade, os imunizantes devem ser tomados nos per\u00edodos certos para garantir o desenvolvimento do sistema imunol\u00f3gico. \u201cVacina \u00e9 prote\u00e7\u00e3o e \u00e9 com ela que a crian\u00e7a consegue criar defesa contra bact\u00e9rias e v\u00edrus, sem adoecer. Precisamos lembrar tamb\u00e9m que este p\u00fablico \u00e9 mais fr\u00e1gil, ent\u00e3o se nos resguardamos prevenindo as doen\u00e7as, mantemos a erradica\u00e7\u00e3o delas e, em outros casos, reduzimos a sua gravidade\u201d, refor\u00e7a a secret\u00e1ria Dhieine Caminski.<\/p>\n\n\n\n<p>Segundo a Semus, as vacinas dispon\u00edveis no Sistema \u00danico de Sa\u00fade (SUS) s\u00e3o seguras e protegem mais de 20 tipos de doen\u00e7as. Al\u00e9m da prote\u00e7\u00e3o individual, com a maioria da popula\u00e7\u00e3o vacinada, \u00e9 poss\u00edvel criar uma imunidade coletiva. \u201cPrecisamos resgatar o h\u00e1bito da vacina\u00e7\u00e3o, especialmente nas crian\u00e7as. Por isso criamos esta a\u00e7\u00e3o destinada exclusivamente \u00e0 prote\u00e7\u00e3o dos pequenos, mas serve tamb\u00e9m como uma forma de conscientiza\u00e7\u00e3o das fam\u00edlias, afinal de contas, isso \u00e9 responsabilidade dos pais\u201d destaca a secret\u00e1ria.<\/p>\n\n\n\n<p>A Semus refor\u00e7a que a vacina\u00e7\u00e3o ser\u00e1 feita apenas em crian\u00e7as acompanhadas dos pais ou respons\u00e1veis. Al\u00e9m disso, \u00e9 necess\u00e1rio ter em m\u00e3os documentos de identifica\u00e7\u00e3o e a caderneta de vacina dos filhos.<\/p>\n\n\n\n<p><strong>Locais de vacina\u00e7\u00e3o<\/strong><\/p>\n\n\n\n<p>Cmei Sementes do Amanh\u00e3;<br>Cmei Contos de Fada;<br>Cmei Pr\u00edncipes e Princesas;<br>Cmei Ciranda Cirandinha;<br>Cmei Pequenos Brilhantes;<br>Cmei Pequeno Pr\u00edncipe;<br>Cmei Carrossel;<br>Cmei Chapeuzinho Vermelho;<br>Cmei Professora Jusc\u00e9lia Santos Amaro;<br>Cmei Jo\u00e3o e Maria;<br>Cmei Amancio Jos\u00e9 de Moraes;<br>Cmei Terezinha Evangelista;<br>Cmei Mateus Henrique de Castro dos Santos;<br>Cmei Pequeninos do Cerrado;<br>Cmei Sonho Encantado;<br>Cmei Mundo Feliz;<br>Cmei Irm\u00e3 Maria Cust\u00f3dia de Jesus;<br>Cmei Cantiga de Ninar;<br>Cmei Cantinho do Saber;<br>Cmei Romilda Budke Guarda;<br>Cmei S\u00edtio do Picapau Amarelo;<br>Cmei Ana Lu\u00edsa Rodrigues Valdino;<br>Cmei Lucas Ruan Ara\u00fajo Alves;<br>Cmei Miudinhos;<br>Cmei Sementinhas do Saber;<br>Cmei Crian\u00e7a Feliz;<br>Cmei Recanto Infantil;<br>Cmei Cantinho da Alegria;<br>Cmei Ana Lu\u00edsa de Ara\u00fajo Napomuceno;<br>Cmei Fontes do Saber;<br>Cmei Vit\u00f3ria R\u00e9gia;<br>Cmei Para\u00edso Infantil;<br>Cmei Castelo Encantado;<br>Cmei Sonho de Crian\u00e7a<br>Cmei Araras;<br>Cmei Aconchego.<\/p>\n","protected":false},"excerpt":{"rendered":"<p>Nesta quinta-feira, 14, a Prefeitura de Palmas, atrav\u00e9s da Secretaria Municipal da Sa\u00fade (Semus), iniciar\u00e1 a maior a\u00e7\u00e3o do Projeto Miss\u00e3o Imunizar intitulada Z\u00e9 Gotinha em Busca do Tesouro Perdido. Equipes de vacina\u00e7\u00e3o visitar\u00e3o os Centros Municipais de Educa\u00e7\u00e3o Infantil (Cmeis) para atualiza\u00e7\u00e3o das vacinas obrigat\u00f3rias no calend\u00e1rio de rotina da primeira inf\u00e2ncia. As aplica\u00e7\u00f5es [&hellip;]<\/p>\n","protected":false},"author":13,"featured_media":86534,"comment_status":"open","ping_status":"open","sticky":false,"template":"","format":"standard","meta":{"_acf_changed":false,"footnotes":""},"categories":[22,898,21],"tags":[],"class_list":["post-86533","post","type-post","status-publish","format-standard","has-post-thumbnail","hentry","category-cidades","category-manchete-segundaria","category-todas-noticias"],"acf":[],"yoast_head":"<!-- This site is optimized with the Yoast SEO plugin v24.4 - https:\/\/yoast.com\/wordpress\/plugins\/seo\/ -->\n<title>Equipes da Sa\u00fade visitar\u00e3o Cmeis de Palmas para atualiza\u00e7\u00e3o do cart\u00e3o de vacina\u00e7\u00e3o das crian\u00e7as - PORTAL DE NOT\u00cdCIAS CLEITON PINHEIRO<\/title>\n<meta name=\"robots\" content=\"index, follow, max-snippet:-1, max-image-preview:large, max-video-preview:-1\" \/>\n<link rel=\"canonical\" href=\"https:\/\/cleitonpinheiro.com.br\/site\/equipes-da-saude-visitarao-cmeis-de-palmas-para-atualizacao-do-cartao-de-vacinacao-das-criancas\/\" \/>\n<meta property=\"og:locale\" content=\"pt_BR\" \/>\n<meta property=\"og:type\" content=\"article\" \/>\n<meta property=\"og:title\" content=\"Equipes da Sa\u00fade visitar\u00e3o Cmeis de Palmas para atualiza\u00e7\u00e3o do cart\u00e3o de vacina\u00e7\u00e3o das crian\u00e7as - PORTAL DE NOT\u00cdCIAS CLEITON PINHEIRO\" \/>\n<meta property=\"og:description\" content=\"Nesta quinta-feira, 14, a Prefeitura de Palmas, atrav\u00e9s da Secretaria Municipal da Sa\u00fade (Semus), iniciar\u00e1 a maior a\u00e7\u00e3o do Projeto Miss\u00e3o Imunizar intitulada Z\u00e9 Gotinha em Busca do Tesouro Perdido. Equipes de vacina\u00e7\u00e3o visitar\u00e3o os Centros Municipais de Educa\u00e7\u00e3o Infantil (Cmeis) para atualiza\u00e7\u00e3o das vacinas obrigat\u00f3rias no calend\u00e1rio de rotina da primeira inf\u00e2ncia. As aplica\u00e7\u00f5es [&hellip;]\" \/>\n<meta property=\"og:url\" content=\"https:\/\/cleitonpinheiro.com.br\/site\/equipes-da-saude-visitarao-cmeis-de-palmas-para-atualizacao-do-cartao-de-vacinacao-das-criancas\/\" \/>\n<meta property=\"og:site_name\" content=\"PORTAL DE NOT\u00cdCIAS CLEITON PINHEIRO\" \/>\n<meta property=\"article:publisher\" content=\"https:\/\/www.facebook.com\/portalcpnoticias\/\" \/>\n<meta property=\"article:published_time\" content=\"2025-08-13T13:23:52+00:00\" \/>\n<meta property=\"article:modified_time\" content=\"2025-08-13T13:24:08+00:00\" \/>\n<meta property=\"og:image\" content=\"https:\/\/cleitonpinheiro.com.br\/site\/wp-content\/uploads\/2025\/08\/WhatsApp-Image-2025-08-09-at-14.25.02-16.jpeg\" \/>\n\t<meta property=\"og:image:width\" content=\"1600\" \/>\n\t<meta property=\"og:image:height\" content=\"1066\" \/>\n\t<meta property=\"og:image:type\" content=\"image\/jpeg\" \/>\n<meta name=\"author\" content=\"Reda\u00e7\u00e3o CP\" \/>\n<meta name=\"twitter:card\" content=\"summary_large_image\" \/>\n<meta name=\"twitter:label1\" content=\"Escrito por\" \/>\n\t<meta name=\"twitter:data1\" content=\"Reda\u00e7\u00e3o CP\" \/>\n\t<meta name=\"twitter:label2\" content=\"Est. tempo de leitura\" \/>\n\t<meta name=\"twitter:data2\" content=\"3 minutos\" \/>\n<script type=\"application\/ld+json\" class=\"yoast-schema-graph\">{\"@context\":\"https:\/\/schema.org\",\"@graph\":[{\"@type\":\"Article\",\"@id\":\"https:\/\/cleitonpinheiro.com.br\/site\/equipes-da-saude-visitarao-cmeis-de-palmas-para-atualizacao-do-cartao-de-vacinacao-das-criancas\/#article\",\"isPartOf\":{\"@id\":\"https:\/\/cleitonpinheiro.com.br\/site\/equipes-da-saude-visitarao-cmeis-de-palmas-para-atualizacao-do-cartao-de-vacinacao-das-criancas\/\"},\"author\":{\"name\":\"Reda\u00e7\u00e3o CP\",\"@id\":\"https:\/\/cleitonpinheiro.com.br\/site\/#\/schema\/person\/8f04544e0bc40a1b68775b08360f87db\"},\"headline\":\"Equipes da Sa\u00fade visitar\u00e3o Cmeis de Palmas para atualiza\u00e7\u00e3o do cart\u00e3o de vacina\u00e7\u00e3o das crian\u00e7as\",\"datePublished\":\"2025-08-13T13:23:52+00:00\",\"dateModified\":\"2025-08-13T13:24:08+00:00\",\"mainEntityOfPage\":{\"@id\":\"https:\/\/cleitonpinheiro.com.br\/site\/equipes-da-saude-visitarao-cmeis-de-palmas-para-atualizacao-do-cartao-de-vacinacao-das-criancas\/\"},\"wordCount\":507,\"commentCount\":0,\"publisher\":{\"@id\":\"https:\/\/cleitonpinheiro.com.br\/site\/#organization\"},\"image\":{\"@id\":\"https:\/\/cleitonpinheiro.com.br\/site\/equipes-da-saude-visitarao-cmeis-de-palmas-para-atualizacao-do-cartao-de-vacinacao-das-criancas\/#primaryimage\"},\"thumbnailUrl\":\"https:\/\/cleitonpinheiro.com.br\/site\/wp-content\/uploads\/2025\/08\/WhatsApp-Image-2025-08-09-at-14.25.02-16.jpeg\",\"articleSection\":[\"CIDADES\",\"MANCHETE SEGUND\u00c1RIA\",\"TODAS NOTICIAS\"],\"inLanguage\":\"pt-BR\",\"potentialAction\":[{\"@type\":\"CommentAction\",\"name\":\"Comment\",\"target\":[\"https:\/\/cleitonpinheiro.com.br\/site\/equipes-da-saude-visitarao-cmeis-de-palmas-para-atualizacao-do-cartao-de-vacinacao-das-criancas\/#respond\"]}]},{\"@type\":\"WebPage\",\"@id\":\"https:\/\/cleitonpinheiro.com.br\/site\/equipes-da-saude-visitarao-cmeis-de-palmas-para-atualizacao-do-cartao-de-vacinacao-das-criancas\/\",\"url\":\"https:\/\/cleitonpinheiro.com.br\/site\/equipes-da-saude-visitarao-cmeis-de-palmas-para-atualizacao-do-cartao-de-vacinacao-das-criancas\/\",\"name\":\"Equipes da Sa\u00fade visitar\u00e3o Cmeis de Palmas para atualiza\u00e7\u00e3o do cart\u00e3o de vacina\u00e7\u00e3o das crian\u00e7as - PORTAL DE NOT\u00cdCIAS CLEITON PINHEIRO\",\"isPartOf\":{\"@id\":\"https:\/\/cleitonpinheiro.com.br\/site\/#website\"},\"primaryImageOfPage\":{\"@id\":\"https:\/\/cleitonpinheiro.com.br\/site\/equipes-da-saude-visitarao-cmeis-de-palmas-para-atualizacao-do-cartao-de-vacinacao-das-criancas\/#primaryimage\"},\"image\":{\"@id\":\"https:\/\/cleitonpinheiro.com.br\/site\/equipes-da-saude-visitarao-cmeis-de-palmas-para-atualizacao-do-cartao-de-vacinacao-das-criancas\/#primaryimage\"},\"thumbnailUrl\":\"https:\/\/cleitonpinheiro.com.br\/site\/wp-content\/uploads\/2025\/08\/WhatsApp-Image-2025-08-09-at-14.25.02-16.jpeg\",\"datePublished\":\"2025-08-13T13:23:52+00:00\",\"dateModified\":\"2025-08-13T13:24:08+00:00\",\"breadcrumb\":{\"@id\":\"https:\/\/cleitonpinheiro.com.br\/site\/equipes-da-saude-visitarao-cmeis-de-palmas-para-atualizacao-do-cartao-de-vacinacao-das-criancas\/#breadcrumb\"},\"inLanguage\":\"pt-BR\",\"potentialAction\":[{\"@type\":\"ReadAction\",\"target\":[\"https:\/\/cleitonpinheiro.com.br\/site\/equipes-da-saude-visitarao-cmeis-de-palmas-para-atualizacao-do-cartao-de-vacinacao-das-criancas\/\"]}]},{\"@type\":\"ImageObject\",\"inLanguage\":\"pt-BR\",\"@id\":\"https:\/\/cleitonpinheiro.com.br\/site\/equipes-da-saude-visitarao-cmeis-de-palmas-para-atualizacao-do-cartao-de-vacinacao-das-criancas\/#primaryimage\",\"url\":\"https:\/\/cleitonpinheiro.com.br\/site\/wp-content\/uploads\/2025\/08\/WhatsApp-Image-2025-08-09-at-14.25.02-16.jpeg\",\"contentUrl\":\"https:\/\/cleitonpinheiro.com.br\/site\/wp-content\/uploads\/2025\/08\/WhatsApp-Image-2025-08-09-at-14.25.02-16.jpeg\",\"width\":1600,\"height\":1066,\"caption\":\"Foto: Lia Mara\"},{\"@type\":\"BreadcrumbList\",\"@id\":\"https:\/\/cleitonpinheiro.com.br\/site\/equipes-da-saude-visitarao-cmeis-de-palmas-para-atualizacao-do-cartao-de-vacinacao-das-criancas\/#breadcrumb\",\"itemListElement\":[{\"@type\":\"ListItem\",\"position\":1,\"name\":\"In\u00edcio\",\"item\":\"https:\/\/cleitonpinheiro.com.br\/site\/\"},{\"@type\":\"ListItem\",\"position\":2,\"name\":\"Equipes da Sa\u00fade visitar\u00e3o Cmeis de Palmas para atualiza\u00e7\u00e3o do cart\u00e3o de vacina\u00e7\u00e3o das crian\u00e7as\"}]},{\"@type\":\"WebSite\",\"@id\":\"https:\/\/cleitonpinheiro.com.br\/site\/#website\",\"url\":\"https:\/\/cleitonpinheiro.com.br\/site\/\",\"name\":\"PORTAL DE NOT\u00cdCIAS CLEITON PINHEIRO\",\"description\":\"FALANDO A VERDADE\",\"publisher\":{\"@id\":\"https:\/\/cleitonpinheiro.com.br\/site\/#organization\"},\"potentialAction\":[{\"@type\":\"SearchAction\",\"target\":{\"@type\":\"EntryPoint\",\"urlTemplate\":\"https:\/\/cleitonpinheiro.com.br\/site\/?s={search_term_string}\"},\"query-input\":{\"@type\":\"PropertyValueSpecification\",\"valueRequired\":true,\"valueName\":\"search_term_string\"}}],\"inLanguage\":\"pt-BR\"},{\"@type\":\"Organization\",\"@id\":\"https:\/\/cleitonpinheiro.com.br\/site\/#organization\",\"name\":\"CPNOT\u00cdCIAS\",\"url\":\"https:\/\/cleitonpinheiro.com.br\/site\/\",\"logo\":{\"@type\":\"ImageObject\",\"inLanguage\":\"pt-BR\",\"@id\":\"https:\/\/cleitonpinheiro.com.br\/site\/#\/schema\/logo\/image\/\",\"url\":\"https:\/\/cleitonpinheiro.com.br\/site\/wp-content\/uploads\/2022\/08\/Logo-pequena-2.png\",\"contentUrl\":\"https:\/\/cleitonpinheiro.com.br\/site\/wp-content\/uploads\/2022\/08\/Logo-pequena-2.png\",\"width\":500,\"height\":500,\"caption\":\"CPNOT\u00cdCIAS\"},\"image\":{\"@id\":\"https:\/\/cleitonpinheiro.com.br\/site\/#\/schema\/logo\/image\/\"},\"sameAs\":[\"https:\/\/www.facebook.com\/portalcpnoticias\/\"]},{\"@type\":\"Person\",\"@id\":\"https:\/\/cleitonpinheiro.com.br\/site\/#\/schema\/person\/8f04544e0bc40a1b68775b08360f87db\",\"name\":\"Reda\u00e7\u00e3o CP\",\"image\":{\"@type\":\"ImageObject\",\"inLanguage\":\"pt-BR\",\"@id\":\"https:\/\/cleitonpinheiro.com.br\/site\/#\/schema\/person\/image\/\",\"url\":\"https:\/\/secure.gravatar.com\/avatar\/0bcf19cb29fdc8fc588c490c7ae1b3e174dac268586a63fbe1d1893a0f9020cd?s=96&r=g\",\"contentUrl\":\"https:\/\/secure.gravatar.com\/avatar\/0bcf19cb29fdc8fc588c490c7ae1b3e174dac268586a63fbe1d1893a0f9020cd?s=96&r=g\",\"caption\":\"Reda\u00e7\u00e3o CP\"},\"url\":\"https:\/\/cleitonpinheiro.com.br\/site\/author\/redacao\/\"}]}<\/script>\n<!-- \/ Yoast SEO plugin. -->","yoast_head_json":{"title":"Equipes da Sa\u00fade visitar\u00e3o Cmeis de Palmas para atualiza\u00e7\u00e3o do cart\u00e3o de vacina\u00e7\u00e3o das crian\u00e7as - PORTAL DE NOT\u00cdCIAS CLEITON PINHEIRO","robots":{"index":"index","follow":"follow","max-snippet":"max-snippet:-1","max-image-preview":"max-image-preview:large","max-video-preview":"max-video-preview:-1"},"canonical":"https:\/\/cleitonpinheiro.com.br\/site\/equipes-da-saude-visitarao-cmeis-de-palmas-para-atualizacao-do-cartao-de-vacinacao-das-criancas\/","og_locale":"pt_BR","og_type":"article","og_title":"Equipes da Sa\u00fade visitar\u00e3o Cmeis de Palmas para atualiza\u00e7\u00e3o do cart\u00e3o de vacina\u00e7\u00e3o das crian\u00e7as - PORTAL DE NOT\u00cdCIAS CLEITON PINHEIRO","og_description":"Nesta quinta-feira, 14, a Prefeitura de Palmas, atrav\u00e9s da Secretaria Municipal da Sa\u00fade (Semus), iniciar\u00e1 a maior a\u00e7\u00e3o do Projeto Miss\u00e3o Imunizar intitulada Z\u00e9 Gotinha em Busca do Tesouro Perdido. Equipes de vacina\u00e7\u00e3o visitar\u00e3o os Centros Municipais de Educa\u00e7\u00e3o Infantil (Cmeis) para atualiza\u00e7\u00e3o das vacinas obrigat\u00f3rias no calend\u00e1rio de rotina da primeira inf\u00e2ncia. As aplica\u00e7\u00f5es [&hellip;]","og_url":"https:\/\/cleitonpinheiro.com.br\/site\/equipes-da-saude-visitarao-cmeis-de-palmas-para-atualizacao-do-cartao-de-vacinacao-das-criancas\/","og_site_name":"PORTAL DE NOT\u00cdCIAS CLEITON PINHEIRO","article_publisher":"https:\/\/www.facebook.com\/portalcpnoticias\/","article_published_time":"2025-08-13T13:23:52+00:00","article_modified_time":"2025-08-13T13:24:08+00:00","og_image":[{"width":1600,"height":1066,"url":"https:\/\/cleitonpinheiro.com.br\/site\/wp-content\/uploads\/2025\/08\/WhatsApp-Image-2025-08-09-at-14.25.02-16.jpeg","type":"image\/jpeg"}],"author":"Reda\u00e7\u00e3o CP","twitter_card":"summary_large_image","twitter_misc":{"Escrito por":"Reda\u00e7\u00e3o CP","Est. tempo de leitura":"3 minutos"},"schema":{"@context":"https:\/\/schema.org","@graph":[{"@type":"Article","@id":"https:\/\/cleitonpinheiro.com.br\/site\/equipes-da-saude-visitarao-cmeis-de-palmas-para-atualizacao-do-cartao-de-vacinacao-das-criancas\/#article","isPartOf":{"@id":"https:\/\/cleitonpinheiro.com.br\/site\/equipes-da-saude-visitarao-cmeis-de-palmas-para-atualizacao-do-cartao-de-vacinacao-das-criancas\/"},"author":{"name":"Reda\u00e7\u00e3o CP","@id":"https:\/\/cleitonpinheiro.com.br\/site\/#\/schema\/person\/8f04544e0bc40a1b68775b08360f87db"},"headline":"Equipes da Sa\u00fade visitar\u00e3o Cmeis de Palmas para atualiza\u00e7\u00e3o do cart\u00e3o de vacina\u00e7\u00e3o das crian\u00e7as","datePublished":"2025-08-13T13:23:52+00:00","dateModified":"2025-08-13T13:24:08+00:00","mainEntityOfPage":{"@id":"https:\/\/cleitonpinheiro.com.br\/site\/equipes-da-saude-visitarao-cmeis-de-palmas-para-atualizacao-do-cartao-de-vacinacao-das-criancas\/"},"wordCount":507,"commentCount":0,"publisher":{"@id":"https:\/\/cleitonpinheiro.com.br\/site\/#organization"},"image":{"@id":"https:\/\/cleitonpinheiro.com.br\/site\/equipes-da-saude-visitarao-cmeis-de-palmas-para-atualizacao-do-cartao-de-vacinacao-das-criancas\/#primaryimage"},"thumbnailUrl":"https:\/\/cleitonpinheiro.com.br\/site\/wp-content\/uploads\/2025\/08\/WhatsApp-Image-2025-08-09-at-14.25.02-16.jpeg","articleSection":["CIDADES","MANCHETE SEGUND\u00c1RIA","TODAS NOTICIAS"],"inLanguage":"pt-BR","potentialAction":[{"@type":"CommentAction","name":"Comment","target":["https:\/\/cleitonpinheiro.com.br\/site\/equipes-da-saude-visitarao-cmeis-de-palmas-para-atualizacao-do-cartao-de-vacinacao-das-criancas\/#respond"]}]},{"@type":"WebPage","@id":"https:\/\/cleitonpinheiro.com.br\/site\/equipes-da-saude-visitarao-cmeis-de-palmas-para-atualizacao-do-cartao-de-vacinacao-das-criancas\/","url":"https:\/\/cleitonpinheiro.com.br\/site\/equipes-da-saude-visitarao-cmeis-de-palmas-para-atualizacao-do-cartao-de-vacinacao-das-criancas\/","name":"Equipes da Sa\u00fade visitar\u00e3o Cmeis de Palmas para atualiza\u00e7\u00e3o do cart\u00e3o de vacina\u00e7\u00e3o das crian\u00e7as - PORTAL DE NOT\u00cdCIAS CLEITON PINHEIRO","isPartOf":{"@id":"https:\/\/cleitonpinheiro.com.br\/site\/#website"},"primaryImageOfPage":{"@id":"https:\/\/cleitonpinheiro.com.br\/site\/equipes-da-saude-visitarao-cmeis-de-palmas-para-atualizacao-do-cartao-de-vacinacao-das-criancas\/#primaryimage"},"image":{"@id":"https:\/\/cleitonpinheiro.com.br\/site\/equipes-da-saude-visitarao-cmeis-de-palmas-para-atualizacao-do-cartao-de-vacinacao-das-criancas\/#primaryimage"},"thumbnailUrl":"https:\/\/cleitonpinheiro.com.br\/site\/wp-content\/uploads\/2025\/08\/WhatsApp-Image-2025-08-09-at-14.25.02-16.jpeg","datePublished":"2025-08-13T13:23:52+00:00","dateModified":"2025-08-13T13:24:08+00:00","breadcrumb":{"@id":"https:\/\/cleitonpinheiro.com.br\/site\/equipes-da-saude-visitarao-cmeis-de-palmas-para-atualizacao-do-cartao-de-vacinacao-das-criancas\/#breadcrumb"},"inLanguage":"pt-BR","potentialAction":[{"@type":"ReadAction","target":["https:\/\/cleitonpinheiro.com.br\/site\/equipes-da-saude-visitarao-cmeis-de-palmas-para-atualizacao-do-cartao-de-vacinacao-das-criancas\/"]}]},{"@type":"ImageObject","inLanguage":"pt-BR","@id":"https:\/\/cleitonpinheiro.com.br\/site\/equipes-da-saude-visitarao-cmeis-de-palmas-para-atualizacao-do-cartao-de-vacinacao-das-criancas\/#primaryimage","url":"https:\/\/cleitonpinheiro.com.br\/site\/wp-content\/uploads\/2025\/08\/WhatsApp-Image-2025-08-09-at-14.25.02-16.jpeg","contentUrl":"https:\/\/cleitonpinheiro.com.br\/site\/wp-content\/uploads\/2025\/08\/WhatsApp-Image-2025-08-09-at-14.25.02-16.jpeg","width":1600,"height":1066,"caption":"Foto: Lia Mara"},{"@type":"BreadcrumbList","@id":"https:\/\/cleitonpinheiro.com.br\/site\/equipes-da-saude-visitarao-cmeis-de-palmas-para-atualizacao-do-cartao-de-vacinacao-das-criancas\/#breadcrumb","itemListElement":[{"@type":"ListItem","position":1,"name":"In\u00edcio","item":"https:\/\/cleitonpinheiro.com.br\/site\/"},{"@type":"ListItem","position":2,"name":"Equipes da Sa\u00fade visitar\u00e3o Cmeis de Palmas para atualiza\u00e7\u00e3o do cart\u00e3o de vacina\u00e7\u00e3o das crian\u00e7as"}]},{"@type":"WebSite","@id":"https:\/\/cleitonpinheiro.com.br\/site\/#website","url":"https:\/\/cleitonpinheiro.com.br\/site\/","name":"PORTAL DE NOT\u00cdCIAS CLEITON PINHEIRO","description":"FALANDO A VERDADE","publisher":{"@id":"https:\/\/cleitonpinheiro.com.br\/site\/#organization"},"potentialAction":[{"@type":"SearchAction","target":{"@type":"EntryPoint","urlTemplate":"https:\/\/cleitonpinheiro.com.br\/site\/?s={search_term_string}"},"query-input":{"@type":"PropertyValueSpecification","valueRequired":true,"valueName":"search_term_string"}}],"inLanguage":"pt-BR"},{"@type":"Organization","@id":"https:\/\/cleitonpinheiro.com.br\/site\/#organization","name":"CPNOT\u00cdCIAS","url":"https:\/\/cleitonpinheiro.com.br\/site\/","logo":{"@type":"ImageObject","inLanguage":"pt-BR","@id":"https:\/\/cleitonpinheiro.com.br\/site\/#\/schema\/logo\/image\/","url":"https:\/\/cleitonpinheiro.com.br\/site\/wp-content\/uploads\/2022\/08\/Logo-pequena-2.png","contentUrl":"https:\/\/cleitonpinheiro.com.br\/site\/wp-content\/uploads\/2022\/08\/Logo-pequena-2.png","width":500,"height":500,"caption":"CPNOT\u00cdCIAS"},"image":{"@id":"https:\/\/cleitonpinheiro.com.br\/site\/#\/schema\/logo\/image\/"},"sameAs":["https:\/\/www.facebook.com\/portalcpnoticias\/"]},{"@type":"Person","@id":"https:\/\/cleitonpinheiro.com.br\/site\/#\/schema\/person\/8f04544e0bc40a1b68775b08360f87db","name":"Reda\u00e7\u00e3o CP","image":{"@type":"ImageObject","inLanguage":"pt-BR","@id":"https:\/\/cleitonpinheiro.com.br\/site\/#\/schema\/person\/image\/","url":"https:\/\/secure.gravatar.com\/avatar\/0bcf19cb29fdc8fc588c490c7ae1b3e174dac268586a63fbe1d1893a0f9020cd?s=96&r=g","contentUrl":"https:\/\/secure.gravatar.com\/avatar\/0bcf19cb29fdc8fc588c490c7ae1b3e174dac268586a63fbe1d1893a0f9020cd?s=96&r=g","caption":"Reda\u00e7\u00e3o CP"},"url":"https:\/\/cleitonpinheiro.com.br\/site\/author\/redacao\/"}]}},"views":152,"_links":{"self":[{"href":"https:\/\/cleitonpinheiro.com.br\/site\/wp-json\/wp\/v2\/posts\/86533","targetHints":{"allow":["GET"]}}],"collection":[{"href":"https:\/\/cleitonpinheiro.com.br\/site\/wp-json\/wp\/v2\/posts"}],"about":[{"href":"https:\/\/cleitonpinheiro.com.br\/site\/wp-json\/wp\/v2\/types\/post"}],"author":[{"embeddable":true,"href":"https:\/\/cleitonpinheiro.com.br\/site\/wp-json\/wp\/v2\/users\/13"}],"replies":[{"embeddable":true,"href":"https:\/\/cleitonpinheiro.com.br\/site\/wp-json\/wp\/v2\/comments?post=86533"}],"version-history":[{"count":1,"href":"https:\/\/cleitonpinheiro.com.br\/site\/wp-json\/wp\/v2\/posts\/86533\/revisions"}],"predecessor-version":[{"id":86535,"href":"https:\/\/cleitonpinheiro.com.br\/site\/wp-json\/wp\/v2\/posts\/86533\/revisions\/86535"}],"wp:featuredmedia":[{"embeddable":true,"href":"https:\/\/cleitonpinheiro.com.br\/site\/wp-json\/wp\/v2\/media\/86534"}],"wp:attachment":[{"href":"https:\/\/cleitonpinheiro.com.br\/site\/wp-json\/wp\/v2\/media?parent=86533"}],"wp:term":[{"taxonomy":"category","embeddable":true,"href":"https:\/\/cleitonpinheiro.com.br\/site\/wp-json\/wp\/v2\/categories?post=86533"},{"taxonomy":"post_tag","embeddable":true,"href":"https:\/\/cleitonpinheiro.com.br\/site\/wp-json\/wp\/v2\/tags?post=86533"}],"curies":[{"name":"wp","href":"https:\/\/api.w.org\/{rel}","templated":true}]}}