{"id":86538,"date":"2025-08-12T16:43:00","date_gmt":"2025-08-12T19:43:00","guid":{"rendered":"https:\/\/cleitonpinheiro.com.br\/site\/?p=86538"},"modified":"2025-08-12T17:45:46","modified_gmt":"2025-08-12T20:45:46","slug":"sem-acordo-camara-nao-pauta-foro-privilegiado-nem-anistia-a-8-1","status":"publish","type":"post","link":"https:\/\/cleitonpinheiro.com.br\/site\/sem-acordo-camara-nao-pauta-foro-privilegiado-nem-anistia-a-8-1\/","title":{"rendered":"Sem acordo, C\u00e2mara n\u00e3o pauta foro privilegiado nem anistia a 8\/1"},"content":{"rendered":"\n<figure class=\"wp-block-image size-large\"><img fetchpriority=\"high\" decoding=\"async\" width=\"1024\" height=\"613\" src=\"https:\/\/cleitonpinheiro.com.br\/site\/wp-content\/uploads\/2025\/08\/img20250807132436928-1024x613.webp\" alt=\"\" class=\"wp-image-86539\" srcset=\"https:\/\/cleitonpinheiro.com.br\/site\/wp-content\/uploads\/2025\/08\/img20250807132436928-1024x613.webp 1024w, https:\/\/cleitonpinheiro.com.br\/site\/wp-content\/uploads\/2025\/08\/img20250807132436928-300x179.webp 300w, https:\/\/cleitonpinheiro.com.br\/site\/wp-content\/uploads\/2025\/08\/img20250807132436928-768x459.webp 768w, https:\/\/cleitonpinheiro.com.br\/site\/wp-content\/uploads\/2025\/08\/img20250807132436928.webp 1170w\" sizes=\"(max-width: 1024px) 100vw, 1024px\" \/><figcaption class=\"wp-element-caption\">\u00a9 Kayo Magalh\u00e3es\/C\u00e2mara dos Deputados\n<\/figcaption><\/figure>\n\n\n\n<p>O col\u00e9gio de l\u00edderes da C\u00e2mara dos Deputados terminou a reuni\u00e3o desta ter\u00e7a-feira (12) sem pautar os projetos de lei (PL) sobre o foro privilegiado e sobre anistia aos condenados por tentativa de golpe de Estado por atos ap\u00f3s a elei\u00e7\u00e3o presidencial de 2022, que culminou na invas\u00e3o dos Poderes da Rep\u00fablica do dia 8 de janeiro.<img decoding=\"async\" src=\"https:\/\/agenciabrasil.ebc.com.br\/ebc.png?id=1654121&amp;o=node\"><img decoding=\"async\" src=\"https:\/\/agenciabrasil.ebc.com.br\/ebc.gif?id=1654121&amp;o=node\"><\/p>\n\n\n\n<p>A pauta fez parte das reinvindica\u00e7\u00f5es da oposi\u00e7\u00e3o durante&nbsp;<a href=\"https:\/\/agenciabrasil.ebc.com.br\/politica\/noticia\/2025-08\/oposicao-ocupa-plenarios-por-anistia-801-e-impeachment-de-moraes%C2%A0\" target=\"_blank\" rel=\"noreferrer noopener\">o motim que impediu os trabalhos na C\u00e2mara na semana passada<\/a>, ap\u00f3s pris\u00e3o domiciliar do ex-presidente Jair Bolsonaro pelo descumprimento de medidas cautelares impostas pela Justi\u00e7a.&nbsp;<strong>Sem consenso, as mat\u00e9rias n\u00e3o foram acolhidas pela maioria dos l\u00edderes, que preferiram votar temas mais consensuais, que n\u00e3o dividem o plen\u00e1rio.&nbsp;<\/strong><\/p>\n\n\n\n<p>O l\u00edder do PP na Casa, Doutor Luizinho (PP-RJ), informou a jornalistas que o projeto do foro privilegiado ainda precisa ser mais discutido e&nbsp;deve ser pautado&nbsp;quando houver um maior consenso entre os l\u00edderes.<\/p>\n\n\n\n<p>A oposi\u00e7\u00e3o pretende transferir o foro de investiga\u00e7\u00e3o de parlamentares do Supremo Tribunal Federal (STF) para a primeira inst\u00e2ncia, alegando que o Supremo estaria perseguindo parlamentares.&nbsp;<strong>Os cr\u00edticos apontam que a medida busca blindar os deputados e senadores, uma vez que a priemria inst\u00e2ncia \u00e9 mais sucess\u00edvel de press\u00e3o pol\u00edtica para barrar investiga\u00e7\u00f5es.<\/strong><\/p>\n\n\n\n<p>As lideran\u00e7as do PL e do Novo sa\u00edram da reuni\u00e3o de l\u00edderes sem conceder entrevista \u00e0 imprensa.&nbsp;<a href=\"https:\/\/agenciabrasil.ebc.com.br\/politica\/noticia\/2025-08\/oposicao-desocupa-senado-sem-acordo-para-impeachment-de-moraes\" target=\"_blank\" rel=\"noreferrer noopener\">A oposi\u00e7\u00e3o havia tentado condicionar&nbsp;o fim do motim \u00e0 delibera\u00e7\u00e3o dessas pautas<\/a>, al\u00e9m do impeachment do ministro Alexandre de Moraes do Supremo Tribunal Federal (STF), que tamb\u00e9m foi rejeitada pelo presidente do Senado, Davi Alcolumbre (Uni\u00e3o-AP).&nbsp;<\/p>\n\n\n\n<p>O l\u00edder do PT na C\u00e2mara, deputado Lindberg Farias (PT-RJ), disse que a maioria dos partidos entendeu que pautar essa agenda seria premiar aqueles que ocuparam o plen\u00e1rio da Casa na \u00faltima semana.<\/p>\n\n\n\n<p>\u201cQuem fez tudo aquilo n\u00e3o poderia ser premiado escolhendo a pauta do Parlamento. Para n\u00f3s, foi importante, porque&nbsp;novamente&nbsp;n\u00e3o entra anistia e n\u00e3o vai entrar. E a discuss\u00e3o do foro tamb\u00e9m n\u00e3o entrou. A pauta da chantagem n\u00e3o se imp\u00f4s no dia de hoje\u201d, disse \u00e0 imprensa.<\/p>\n\n\n\n<p><a href=\"https:\/\/agenciabrasil.ebc.com.br\/politica\/noticia\/2025-08\/motta-envia-pedido-de-afastamento-de-14-deputados-apos-motim-na-camara\" target=\"_blank\" rel=\"noreferrer noopener\">A mesa diretora da C\u00e2mara enviou \u00e0 Corregedoria da Casa o caso de 14 deputados que ocuparam a mesa da Casa e teriam quebrado o decoro parlamentar<\/a>. A depender do parecer da Corregedoria, a Mesa pode encaminhar os casos para o Conselho de \u00c9tica.&nbsp;<\/p>\n\n\n\n<h2 class=\"wp-block-heading\">Pauta e IR<\/h2>\n\n\n\n<p>Entre os projetos pautados, est\u00e3o diversos pedidos para que projetos tramitem em regime de urg\u00eancia, al\u00e9m de pautas como o&nbsp;<a href=\"https:\/\/www2.camara.leg.br\/atividade-legislativa\/comissoes\/comissoes-temporarias\/especiais\/56a-legislatura\/comissao-especial-pl-6461-19-estatuto-do-aprendiz\">PL 6.461<\/a>, e institui o Estatuto do Aprendiz; o&nbsp;<a href=\"https:\/\/www.camara.leg.br\/proposicoesWeb\/fichadetramitacao?idProposicao=2364571\" target=\"_blank\" rel=\"noreferrer noopener\">PL 2.767<\/a>, que regulamenta os programas de milhagem das companhias a\u00e9reas; e o&nbsp;<a href=\"https:\/\/www.camara.leg.br\/proposicoesWeb\/fichadetramitacao?idProposicao=2370495\" target=\"_blank\" rel=\"noreferrer noopener\">PL 3.163<\/a>, para determinar, nos processos eleitorais das organiza\u00e7\u00f5es esportivas, sistema de recolhimento de votos imunes a fraude.<\/p>\n\n\n\n<p>O l\u00edder do PT na Casa&nbsp;disse que os temas analisados nesta semana ser\u00e3o mais consensuais e afirmou que os governistas v\u00e3o insistir para pautar o projeto de lei da isen\u00e7\u00e3o do imposto de renda para quem ganha at\u00e9 R$ 5 mil.<\/p>\n\n\n\n<p>\u201cA gente est\u00e1 querendo que o projeto do Imposto de Renda (IR) entre, no m\u00e1ximo, na pr\u00f3xima semana, porque ele tem que ser aprovado no Senado at\u00e9 o final de setembro\u201d, justificou.<\/p>\n\n\n\n<p>Lucas Pordeus Le\u00f3n &#8211; rep\u00f3rter da Ag\u00eancia Brasil<br><\/p>\n\n\n\n<p><\/p>\n","protected":false},"excerpt":{"rendered":"<p>O col\u00e9gio de l\u00edderes da C\u00e2mara dos Deputados terminou a reuni\u00e3o desta ter\u00e7a-feira (12) sem pautar os projetos de lei (PL) sobre o foro privilegiado e sobre anistia aos condenados por tentativa de golpe de Estado por atos ap\u00f3s a elei\u00e7\u00e3o presidencial de 2022, que culminou na invas\u00e3o dos Poderes da Rep\u00fablica do dia 8 [&hellip;]<\/p>\n","protected":false},"author":13,"featured_media":86539,"comment_status":"open","ping_status":"open","sticky":false,"template":"","format":"standard","meta":{"_acf_changed":false,"footnotes":""},"categories":[898,23,21],"tags":[],"class_list":["post-86538","post","type-post","status-publish","format-standard","has-post-thumbnail","hentry","category-manchete-segundaria","category-politica","category-todas-noticias"],"acf":[],"yoast_head":"<!-- This site is optimized with the Yoast SEO plugin v24.4 - https:\/\/yoast.com\/wordpress\/plugins\/seo\/ -->\n<title>Sem acordo, C\u00e2mara n\u00e3o pauta foro privilegiado nem anistia a 8\/1 - PORTAL DE NOT\u00cdCIAS CLEITON PINHEIRO<\/title>\n<meta name=\"robots\" content=\"index, follow, max-snippet:-1, max-image-preview:large, max-video-preview:-1\" \/>\n<link rel=\"canonical\" href=\"https:\/\/cleitonpinheiro.com.br\/site\/sem-acordo-camara-nao-pauta-foro-privilegiado-nem-anistia-a-8-1\/\" \/>\n<meta property=\"og:locale\" content=\"pt_BR\" \/>\n<meta property=\"og:type\" content=\"article\" \/>\n<meta property=\"og:title\" content=\"Sem acordo, C\u00e2mara n\u00e3o pauta foro privilegiado nem anistia a 8\/1 - PORTAL DE NOT\u00cdCIAS CLEITON PINHEIRO\" \/>\n<meta property=\"og:description\" content=\"O col\u00e9gio de l\u00edderes da C\u00e2mara dos Deputados terminou a reuni\u00e3o desta ter\u00e7a-feira (12) sem pautar os projetos de lei (PL) sobre o foro privilegiado e sobre anistia aos condenados por tentativa de golpe de Estado por atos ap\u00f3s a elei\u00e7\u00e3o presidencial de 2022, que culminou na invas\u00e3o dos Poderes da Rep\u00fablica do dia 8 [&hellip;]\" \/>\n<meta property=\"og:url\" content=\"https:\/\/cleitonpinheiro.com.br\/site\/sem-acordo-camara-nao-pauta-foro-privilegiado-nem-anistia-a-8-1\/\" \/>\n<meta property=\"og:site_name\" content=\"PORTAL DE NOT\u00cdCIAS CLEITON PINHEIRO\" \/>\n<meta property=\"article:publisher\" content=\"https:\/\/www.facebook.com\/portalcpnoticias\/\" \/>\n<meta property=\"article:published_time\" content=\"2025-08-12T19:43:00+00:00\" \/>\n<meta property=\"article:modified_time\" content=\"2025-08-12T20:45:46+00:00\" \/>\n<meta property=\"og:image\" content=\"https:\/\/cleitonpinheiro.com.br\/site\/wp-content\/uploads\/2025\/08\/img20250807132436928.webp\" \/>\n\t<meta property=\"og:image:width\" content=\"1170\" \/>\n\t<meta property=\"og:image:height\" content=\"700\" \/>\n\t<meta property=\"og:image:type\" content=\"image\/webp\" \/>\n<meta name=\"author\" content=\"Reda\u00e7\u00e3o CP\" \/>\n<meta name=\"twitter:card\" content=\"summary_large_image\" \/>\n<meta name=\"twitter:label1\" content=\"Escrito por\" \/>\n\t<meta name=\"twitter:data1\" content=\"Reda\u00e7\u00e3o CP\" \/>\n\t<meta name=\"twitter:label2\" content=\"Est. tempo de leitura\" \/>\n\t<meta name=\"twitter:data2\" content=\"4 minutos\" \/>\n<script type=\"application\/ld+json\" class=\"yoast-schema-graph\">{\"@context\":\"https:\/\/schema.org\",\"@graph\":[{\"@type\":\"Article\",\"@id\":\"https:\/\/cleitonpinheiro.com.br\/site\/sem-acordo-camara-nao-pauta-foro-privilegiado-nem-anistia-a-8-1\/#article\",\"isPartOf\":{\"@id\":\"https:\/\/cleitonpinheiro.com.br\/site\/sem-acordo-camara-nao-pauta-foro-privilegiado-nem-anistia-a-8-1\/\"},\"author\":{\"name\":\"Reda\u00e7\u00e3o CP\",\"@id\":\"https:\/\/cleitonpinheiro.com.br\/site\/#\/schema\/person\/8f04544e0bc40a1b68775b08360f87db\"},\"headline\":\"Sem acordo, C\u00e2mara n\u00e3o pauta foro privilegiado nem anistia a 8\/1\",\"datePublished\":\"2025-08-12T19:43:00+00:00\",\"dateModified\":\"2025-08-12T20:45:46+00:00\",\"mainEntityOfPage\":{\"@id\":\"https:\/\/cleitonpinheiro.com.br\/site\/sem-acordo-camara-nao-pauta-foro-privilegiado-nem-anistia-a-8-1\/\"},\"wordCount\":615,\"commentCount\":0,\"publisher\":{\"@id\":\"https:\/\/cleitonpinheiro.com.br\/site\/#organization\"},\"image\":{\"@id\":\"https:\/\/cleitonpinheiro.com.br\/site\/sem-acordo-camara-nao-pauta-foro-privilegiado-nem-anistia-a-8-1\/#primaryimage\"},\"thumbnailUrl\":\"https:\/\/cleitonpinheiro.com.br\/site\/wp-content\/uploads\/2025\/08\/img20250807132436928.webp\",\"articleSection\":[\"MANCHETE SEGUND\u00c1RIA\",\"POL\u00cdTICA\",\"TODAS NOTICIAS\"],\"inLanguage\":\"pt-BR\",\"potentialAction\":[{\"@type\":\"CommentAction\",\"name\":\"Comment\",\"target\":[\"https:\/\/cleitonpinheiro.com.br\/site\/sem-acordo-camara-nao-pauta-foro-privilegiado-nem-anistia-a-8-1\/#respond\"]}]},{\"@type\":\"WebPage\",\"@id\":\"https:\/\/cleitonpinheiro.com.br\/site\/sem-acordo-camara-nao-pauta-foro-privilegiado-nem-anistia-a-8-1\/\",\"url\":\"https:\/\/cleitonpinheiro.com.br\/site\/sem-acordo-camara-nao-pauta-foro-privilegiado-nem-anistia-a-8-1\/\",\"name\":\"Sem acordo, C\u00e2mara n\u00e3o pauta foro privilegiado nem anistia a 8\/1 - PORTAL DE NOT\u00cdCIAS CLEITON PINHEIRO\",\"isPartOf\":{\"@id\":\"https:\/\/cleitonpinheiro.com.br\/site\/#website\"},\"primaryImageOfPage\":{\"@id\":\"https:\/\/cleitonpinheiro.com.br\/site\/sem-acordo-camara-nao-pauta-foro-privilegiado-nem-anistia-a-8-1\/#primaryimage\"},\"image\":{\"@id\":\"https:\/\/cleitonpinheiro.com.br\/site\/sem-acordo-camara-nao-pauta-foro-privilegiado-nem-anistia-a-8-1\/#primaryimage\"},\"thumbnailUrl\":\"https:\/\/cleitonpinheiro.com.br\/site\/wp-content\/uploads\/2025\/08\/img20250807132436928.webp\",\"datePublished\":\"2025-08-12T19:43:00+00:00\",\"dateModified\":\"2025-08-12T20:45:46+00:00\",\"breadcrumb\":{\"@id\":\"https:\/\/cleitonpinheiro.com.br\/site\/sem-acordo-camara-nao-pauta-foro-privilegiado-nem-anistia-a-8-1\/#breadcrumb\"},\"inLanguage\":\"pt-BR\",\"potentialAction\":[{\"@type\":\"ReadAction\",\"target\":[\"https:\/\/cleitonpinheiro.com.br\/site\/sem-acordo-camara-nao-pauta-foro-privilegiado-nem-anistia-a-8-1\/\"]}]},{\"@type\":\"ImageObject\",\"inLanguage\":\"pt-BR\",\"@id\":\"https:\/\/cleitonpinheiro.com.br\/site\/sem-acordo-camara-nao-pauta-foro-privilegiado-nem-anistia-a-8-1\/#primaryimage\",\"url\":\"https:\/\/cleitonpinheiro.com.br\/site\/wp-content\/uploads\/2025\/08\/img20250807132436928.webp\",\"contentUrl\":\"https:\/\/cleitonpinheiro.com.br\/site\/wp-content\/uploads\/2025\/08\/img20250807132436928.webp\",\"width\":1170,\"height\":700,\"caption\":\"\u00a9 Kayo Magalh\u00e3es\/C\u00e2mara dos Deputados\"},{\"@type\":\"BreadcrumbList\",\"@id\":\"https:\/\/cleitonpinheiro.com.br\/site\/sem-acordo-camara-nao-pauta-foro-privilegiado-nem-anistia-a-8-1\/#breadcrumb\",\"itemListElement\":[{\"@type\":\"ListItem\",\"position\":1,\"name\":\"In\u00edcio\",\"item\":\"https:\/\/cleitonpinheiro.com.br\/site\/\"},{\"@type\":\"ListItem\",\"position\":2,\"name\":\"Sem acordo, C\u00e2mara n\u00e3o pauta foro privilegiado nem anistia a 8\/1\"}]},{\"@type\":\"WebSite\",\"@id\":\"https:\/\/cleitonpinheiro.com.br\/site\/#website\",\"url\":\"https:\/\/cleitonpinheiro.com.br\/site\/\",\"name\":\"PORTAL DE NOT\u00cdCIAS CLEITON PINHEIRO\",\"description\":\"FALANDO A VERDADE\",\"publisher\":{\"@id\":\"https:\/\/cleitonpinheiro.com.br\/site\/#organization\"},\"potentialAction\":[{\"@type\":\"SearchAction\",\"target\":{\"@type\":\"EntryPoint\",\"urlTemplate\":\"https:\/\/cleitonpinheiro.com.br\/site\/?s={search_term_string}\"},\"query-input\":{\"@type\":\"PropertyValueSpecification\",\"valueRequired\":true,\"valueName\":\"search_term_string\"}}],\"inLanguage\":\"pt-BR\"},{\"@type\":\"Organization\",\"@id\":\"https:\/\/cleitonpinheiro.com.br\/site\/#organization\",\"name\":\"CPNOT\u00cdCIAS\",\"url\":\"https:\/\/cleitonpinheiro.com.br\/site\/\",\"logo\":{\"@type\":\"ImageObject\",\"inLanguage\":\"pt-BR\",\"@id\":\"https:\/\/cleitonpinheiro.com.br\/site\/#\/schema\/logo\/image\/\",\"url\":\"https:\/\/cleitonpinheiro.com.br\/site\/wp-content\/uploads\/2022\/08\/Logo-pequena-2.png\",\"contentUrl\":\"https:\/\/cleitonpinheiro.com.br\/site\/wp-content\/uploads\/2022\/08\/Logo-pequena-2.png\",\"width\":500,\"height\":500,\"caption\":\"CPNOT\u00cdCIAS\"},\"image\":{\"@id\":\"https:\/\/cleitonpinheiro.com.br\/site\/#\/schema\/logo\/image\/\"},\"sameAs\":[\"https:\/\/www.facebook.com\/portalcpnoticias\/\"]},{\"@type\":\"Person\",\"@id\":\"https:\/\/cleitonpinheiro.com.br\/site\/#\/schema\/person\/8f04544e0bc40a1b68775b08360f87db\",\"name\":\"Reda\u00e7\u00e3o CP\",\"image\":{\"@type\":\"ImageObject\",\"inLanguage\":\"pt-BR\",\"@id\":\"https:\/\/cleitonpinheiro.com.br\/site\/#\/schema\/person\/image\/\",\"url\":\"https:\/\/secure.gravatar.com\/avatar\/0bcf19cb29fdc8fc588c490c7ae1b3e174dac268586a63fbe1d1893a0f9020cd?s=96&r=g\",\"contentUrl\":\"https:\/\/secure.gravatar.com\/avatar\/0bcf19cb29fdc8fc588c490c7ae1b3e174dac268586a63fbe1d1893a0f9020cd?s=96&r=g\",\"caption\":\"Reda\u00e7\u00e3o CP\"},\"url\":\"https:\/\/cleitonpinheiro.com.br\/site\/author\/redacao\/\"}]}<\/script>\n<!-- \/ Yoast SEO plugin. -->","yoast_head_json":{"title":"Sem acordo, C\u00e2mara n\u00e3o pauta foro privilegiado nem anistia a 8\/1 - PORTAL DE NOT\u00cdCIAS CLEITON PINHEIRO","robots":{"index":"index","follow":"follow","max-snippet":"max-snippet:-1","max-image-preview":"max-image-preview:large","max-video-preview":"max-video-preview:-1"},"canonical":"https:\/\/cleitonpinheiro.com.br\/site\/sem-acordo-camara-nao-pauta-foro-privilegiado-nem-anistia-a-8-1\/","og_locale":"pt_BR","og_type":"article","og_title":"Sem acordo, C\u00e2mara n\u00e3o pauta foro privilegiado nem anistia a 8\/1 - PORTAL DE NOT\u00cdCIAS CLEITON PINHEIRO","og_description":"O col\u00e9gio de l\u00edderes da C\u00e2mara dos Deputados terminou a reuni\u00e3o desta ter\u00e7a-feira (12) sem pautar os projetos de lei (PL) sobre o foro privilegiado e sobre anistia aos condenados por tentativa de golpe de Estado por atos ap\u00f3s a elei\u00e7\u00e3o presidencial de 2022, que culminou na invas\u00e3o dos Poderes da Rep\u00fablica do dia 8 [&hellip;]","og_url":"https:\/\/cleitonpinheiro.com.br\/site\/sem-acordo-camara-nao-pauta-foro-privilegiado-nem-anistia-a-8-1\/","og_site_name":"PORTAL DE NOT\u00cdCIAS CLEITON PINHEIRO","article_publisher":"https:\/\/www.facebook.com\/portalcpnoticias\/","article_published_time":"2025-08-12T19:43:00+00:00","article_modified_time":"2025-08-12T20:45:46+00:00","og_image":[{"width":1170,"height":700,"url":"https:\/\/cleitonpinheiro.com.br\/site\/wp-content\/uploads\/2025\/08\/img20250807132436928.webp","type":"image\/webp"}],"author":"Reda\u00e7\u00e3o CP","twitter_card":"summary_large_image","twitter_misc":{"Escrito por":"Reda\u00e7\u00e3o CP","Est. tempo de leitura":"4 minutos"},"schema":{"@context":"https:\/\/schema.org","@graph":[{"@type":"Article","@id":"https:\/\/cleitonpinheiro.com.br\/site\/sem-acordo-camara-nao-pauta-foro-privilegiado-nem-anistia-a-8-1\/#article","isPartOf":{"@id":"https:\/\/cleitonpinheiro.com.br\/site\/sem-acordo-camara-nao-pauta-foro-privilegiado-nem-anistia-a-8-1\/"},"author":{"name":"Reda\u00e7\u00e3o CP","@id":"https:\/\/cleitonpinheiro.com.br\/site\/#\/schema\/person\/8f04544e0bc40a1b68775b08360f87db"},"headline":"Sem acordo, C\u00e2mara n\u00e3o pauta foro privilegiado nem anistia a 8\/1","datePublished":"2025-08-12T19:43:00+00:00","dateModified":"2025-08-12T20:45:46+00:00","mainEntityOfPage":{"@id":"https:\/\/cleitonpinheiro.com.br\/site\/sem-acordo-camara-nao-pauta-foro-privilegiado-nem-anistia-a-8-1\/"},"wordCount":615,"commentCount":0,"publisher":{"@id":"https:\/\/cleitonpinheiro.com.br\/site\/#organization"},"image":{"@id":"https:\/\/cleitonpinheiro.com.br\/site\/sem-acordo-camara-nao-pauta-foro-privilegiado-nem-anistia-a-8-1\/#primaryimage"},"thumbnailUrl":"https:\/\/cleitonpinheiro.com.br\/site\/wp-content\/uploads\/2025\/08\/img20250807132436928.webp","articleSection":["MANCHETE SEGUND\u00c1RIA","POL\u00cdTICA","TODAS NOTICIAS"],"inLanguage":"pt-BR","potentialAction":[{"@type":"CommentAction","name":"Comment","target":["https:\/\/cleitonpinheiro.com.br\/site\/sem-acordo-camara-nao-pauta-foro-privilegiado-nem-anistia-a-8-1\/#respond"]}]},{"@type":"WebPage","@id":"https:\/\/cleitonpinheiro.com.br\/site\/sem-acordo-camara-nao-pauta-foro-privilegiado-nem-anistia-a-8-1\/","url":"https:\/\/cleitonpinheiro.com.br\/site\/sem-acordo-camara-nao-pauta-foro-privilegiado-nem-anistia-a-8-1\/","name":"Sem acordo, C\u00e2mara n\u00e3o pauta foro privilegiado nem anistia a 8\/1 - PORTAL DE NOT\u00cdCIAS CLEITON PINHEIRO","isPartOf":{"@id":"https:\/\/cleitonpinheiro.com.br\/site\/#website"},"primaryImageOfPage":{"@id":"https:\/\/cleitonpinheiro.com.br\/site\/sem-acordo-camara-nao-pauta-foro-privilegiado-nem-anistia-a-8-1\/#primaryimage"},"image":{"@id":"https:\/\/cleitonpinheiro.com.br\/site\/sem-acordo-camara-nao-pauta-foro-privilegiado-nem-anistia-a-8-1\/#primaryimage"},"thumbnailUrl":"https:\/\/cleitonpinheiro.com.br\/site\/wp-content\/uploads\/2025\/08\/img20250807132436928.webp","datePublished":"2025-08-12T19:43:00+00:00","dateModified":"2025-08-12T20:45:46+00:00","breadcrumb":{"@id":"https:\/\/cleitonpinheiro.com.br\/site\/sem-acordo-camara-nao-pauta-foro-privilegiado-nem-anistia-a-8-1\/#breadcrumb"},"inLanguage":"pt-BR","potentialAction":[{"@type":"ReadAction","target":["https:\/\/cleitonpinheiro.com.br\/site\/sem-acordo-camara-nao-pauta-foro-privilegiado-nem-anistia-a-8-1\/"]}]},{"@type":"ImageObject","inLanguage":"pt-BR","@id":"https:\/\/cleitonpinheiro.com.br\/site\/sem-acordo-camara-nao-pauta-foro-privilegiado-nem-anistia-a-8-1\/#primaryimage","url":"https:\/\/cleitonpinheiro.com.br\/site\/wp-content\/uploads\/2025\/08\/img20250807132436928.webp","contentUrl":"https:\/\/cleitonpinheiro.com.br\/site\/wp-content\/uploads\/2025\/08\/img20250807132436928.webp","width":1170,"height":700,"caption":"\u00a9 Kayo Magalh\u00e3es\/C\u00e2mara dos Deputados"},{"@type":"BreadcrumbList","@id":"https:\/\/cleitonpinheiro.com.br\/site\/sem-acordo-camara-nao-pauta-foro-privilegiado-nem-anistia-a-8-1\/#breadcrumb","itemListElement":[{"@type":"ListItem","position":1,"name":"In\u00edcio","item":"https:\/\/cleitonpinheiro.com.br\/site\/"},{"@type":"ListItem","position":2,"name":"Sem acordo, C\u00e2mara n\u00e3o pauta foro privilegiado nem anistia a 8\/1"}]},{"@type":"WebSite","@id":"https:\/\/cleitonpinheiro.com.br\/site\/#website","url":"https:\/\/cleitonpinheiro.com.br\/site\/","name":"PORTAL DE NOT\u00cdCIAS CLEITON PINHEIRO","description":"FALANDO A VERDADE","publisher":{"@id":"https:\/\/cleitonpinheiro.com.br\/site\/#organization"},"potentialAction":[{"@type":"SearchAction","target":{"@type":"EntryPoint","urlTemplate":"https:\/\/cleitonpinheiro.com.br\/site\/?s={search_term_string}"},"query-input":{"@type":"PropertyValueSpecification","valueRequired":true,"valueName":"search_term_string"}}],"inLanguage":"pt-BR"},{"@type":"Organization","@id":"https:\/\/cleitonpinheiro.com.br\/site\/#organization","name":"CPNOT\u00cdCIAS","url":"https:\/\/cleitonpinheiro.com.br\/site\/","logo":{"@type":"ImageObject","inLanguage":"pt-BR","@id":"https:\/\/cleitonpinheiro.com.br\/site\/#\/schema\/logo\/image\/","url":"https:\/\/cleitonpinheiro.com.br\/site\/wp-content\/uploads\/2022\/08\/Logo-pequena-2.png","contentUrl":"https:\/\/cleitonpinheiro.com.br\/site\/wp-content\/uploads\/2022\/08\/Logo-pequena-2.png","width":500,"height":500,"caption":"CPNOT\u00cdCIAS"},"image":{"@id":"https:\/\/cleitonpinheiro.com.br\/site\/#\/schema\/logo\/image\/"},"sameAs":["https:\/\/www.facebook.com\/portalcpnoticias\/"]},{"@type":"Person","@id":"https:\/\/cleitonpinheiro.com.br\/site\/#\/schema\/person\/8f04544e0bc40a1b68775b08360f87db","name":"Reda\u00e7\u00e3o CP","image":{"@type":"ImageObject","inLanguage":"pt-BR","@id":"https:\/\/cleitonpinheiro.com.br\/site\/#\/schema\/person\/image\/","url":"https:\/\/secure.gravatar.com\/avatar\/0bcf19cb29fdc8fc588c490c7ae1b3e174dac268586a63fbe1d1893a0f9020cd?s=96&r=g","contentUrl":"https:\/\/secure.gravatar.com\/avatar\/0bcf19cb29fdc8fc588c490c7ae1b3e174dac268586a63fbe1d1893a0f9020cd?s=96&r=g","caption":"Reda\u00e7\u00e3o CP"},"url":"https:\/\/cleitonpinheiro.com.br\/site\/author\/redacao\/"}]}},"views":117,"_links":{"self":[{"href":"https:\/\/cleitonpinheiro.com.br\/site\/wp-json\/wp\/v2\/posts\/86538","targetHints":{"allow":["GET"]}}],"collection":[{"href":"https:\/\/cleitonpinheiro.com.br\/site\/wp-json\/wp\/v2\/posts"}],"about":[{"href":"https:\/\/cleitonpinheiro.com.br\/site\/wp-json\/wp\/v2\/types\/post"}],"author":[{"embeddable":true,"href":"https:\/\/cleitonpinheiro.com.br\/site\/wp-json\/wp\/v2\/users\/13"}],"replies":[{"embeddable":true,"href":"https:\/\/cleitonpinheiro.com.br\/site\/wp-json\/wp\/v2\/comments?post=86538"}],"version-history":[{"count":1,"href":"https:\/\/cleitonpinheiro.com.br\/site\/wp-json\/wp\/v2\/posts\/86538\/revisions"}],"predecessor-version":[{"id":86540,"href":"https:\/\/cleitonpinheiro.com.br\/site\/wp-json\/wp\/v2\/posts\/86538\/revisions\/86540"}],"wp:featuredmedia":[{"embeddable":true,"href":"https:\/\/cleitonpinheiro.com.br\/site\/wp-json\/wp\/v2\/media\/86539"}],"wp:attachment":[{"href":"https:\/\/cleitonpinheiro.com.br\/site\/wp-json\/wp\/v2\/media?parent=86538"}],"wp:term":[{"taxonomy":"category","embeddable":true,"href":"https:\/\/cleitonpinheiro.com.br\/site\/wp-json\/wp\/v2\/categories?post=86538"},{"taxonomy":"post_tag","embeddable":true,"href":"https:\/\/cleitonpinheiro.com.br\/site\/wp-json\/wp\/v2\/tags?post=86538"}],"curies":[{"name":"wp","href":"https:\/\/api.w.org\/{rel}","templated":true}]}}