{"id":86542,"date":"2025-08-12T17:49:31","date_gmt":"2025-08-12T20:49:31","guid":{"rendered":"https:\/\/cleitonpinheiro.com.br\/site\/?p=86542"},"modified":"2025-08-12T17:49:35","modified_gmt":"2025-08-12T20:49:35","slug":"stf-ministro-moraes-autoriza-bolsonaro-a-deixar-prisao-domiciliar-para-fazer-exames","status":"publish","type":"post","link":"https:\/\/cleitonpinheiro.com.br\/site\/stf-ministro-moraes-autoriza-bolsonaro-a-deixar-prisao-domiciliar-para-fazer-exames\/","title":{"rendered":"STF: ministro Moraes autoriza Bolsonaro a deixar pris\u00e3o domiciliar para fazer exames"},"content":{"rendered":"\n<figure class=\"wp-block-image size-large\"><img fetchpriority=\"high\" decoding=\"async\" width=\"1024\" height=\"613\" src=\"https:\/\/cleitonpinheiro.com.br\/site\/wp-content\/uploads\/2025\/08\/07082025-pzzb7366-1024x613.webp\" alt=\"\" class=\"wp-image-86543\" srcset=\"https:\/\/cleitonpinheiro.com.br\/site\/wp-content\/uploads\/2025\/08\/07082025-pzzb7366-1024x613.webp 1024w, https:\/\/cleitonpinheiro.com.br\/site\/wp-content\/uploads\/2025\/08\/07082025-pzzb7366-300x179.webp 300w, https:\/\/cleitonpinheiro.com.br\/site\/wp-content\/uploads\/2025\/08\/07082025-pzzb7366-768x459.webp 768w, https:\/\/cleitonpinheiro.com.br\/site\/wp-content\/uploads\/2025\/08\/07082025-pzzb7366.webp 1170w\" sizes=\"(max-width: 1024px) 100vw, 1024px\" \/><figcaption class=\"wp-element-caption\">\u00a9 Fabio Rodrigues-Pozzebom\/ Ag\u00eancia Brasil\n<\/figcaption><\/figure>\n\n\n\n<p>O ministro Alexandre de Moraes, do Supremo Tribunal Federal (STF), autorizou o ex-presidente Jair Bolsonaro a deixar a pris\u00e3o domiciliar e realizar exames m\u00e9dicos no pr\u00f3ximo s\u00e1bado (16), em Bras\u00edlia.<\/p>\n\n\n\n<p>Moraes aceitou pedido feito pelos advogados para que o ex-presidente compare\u00e7a ao Hospital DF Star e permane\u00e7a no local pelo per\u00edodo de seis a oito horas. Pela decis\u00e3o, Bolsonaro dever\u00e1 enviar, no prazo de 48 horas, o atestado de comparecimento, que dever\u00e1 conter os procedimentos realizados e os hor\u00e1rios do atendimento.<\/p>\n\n\n\n<p>Segundo a defesa, Bolsonaro tem apresentado quadro de refluxo e solu\u00e7os refrat\u00e1rios. O ex-presidente vai passar por exames de sangue, urina, endoscopia, tomografia computadorizada, ultrassonografia e ecocardiograma.<\/p>\n\n\n\n<p>Durante o per\u00edodo em que estiver fora de casa, Bolsonaro continuar\u00e1 sendo monitorando por tornozeleira eletr\u00f4nica.<\/p>\n\n\n\n<p>O ministro determinou que a Secretaria Administra\u00e7\u00e3o Penitenci\u00e1ria do Distrito Federal fa\u00e7a o acompanhamento do deslocamento. O \u00f3rg\u00e3o \u00e9 respons\u00e1vel pelo monitoramento eletr\u00f4nico do equipamento.<\/p>\n\n\n\n<p>Moraes tamb\u00e9m autorizou Bolsonaro a receber a visita do senador Rog\u00e9rio Marinho (PL-RN), do deputado Altineu C\u00f4rtes (PL-RJ), do vice-prefeito de S\u00e3o Paulo, Ricardo Melo Ara\u00fajo, e do deputado estadual Tom\u00e9 Abduch (Republicanos-SP).<\/p>\n\n\n\n<p>No dia 4 de agosto, Moraes decretou a pris\u00e3o domiciliar do ex-presidente e restringiu a realiza\u00e7\u00e3o de visitas na casa de Bolsonaro.<\/p>\n\n\n\n<p>As medidas foram decretadas ap\u00f3s o ministro entender que Bolsonaro usou redes sociais de seus filhos para burlar a proibi\u00e7\u00e3o de usar as redes sociais, inclusive por interm\u00e9dio de terceiros.<\/p>\n\n\n\n<p>As medidas cautelares foram determinadas no inqu\u00e9rito no qual o deputado federal Eduardo Bolsonaro (PL-SP), filho do ex-presidente, \u00e9 investigado pela sua atua\u00e7\u00e3o junto ao presidente dos Estados Unidos, Donald Trump, para promover medidas de retalia\u00e7\u00e3o contra o governo brasileiro e ministros do Supremo. Em mar\u00e7o deste ano, Eduardo pediu licen\u00e7a do mandato parlamentar e foi morar nos Estados Unidos, sob a alega\u00e7\u00e3o de persegui\u00e7\u00e3o pol\u00edtica.<\/p>\n\n\n\n<p>Nesse processo, o ex-presidente \u00e9 investigado por mandar recursos, via pix, para bancar a estadia de seu filho no exterior. Bolsonaro tamb\u00e9m \u00e9 r\u00e9u na a\u00e7\u00e3o penal da trama golpista no Supremo. O julgamento deve ocorrer em setembro.<\/p>\n","protected":false},"excerpt":{"rendered":"<p>O ministro Alexandre de Moraes, do Supremo Tribunal Federal (STF), autorizou o ex-presidente Jair Bolsonaro a deixar a pris\u00e3o domiciliar e realizar exames m\u00e9dicos no pr\u00f3ximo s\u00e1bado (16), em Bras\u00edlia. Moraes aceitou pedido feito pelos advogados para que o ex-presidente compare\u00e7a ao Hospital DF Star e permane\u00e7a no local pelo per\u00edodo de seis a oito [&hellip;]<\/p>\n","protected":false},"author":13,"featured_media":86543,"comment_status":"open","ping_status":"open","sticky":false,"template":"","format":"standard","meta":{"_acf_changed":false,"footnotes":""},"categories":[898,23,21],"tags":[],"class_list":["post-86542","post","type-post","status-publish","format-standard","has-post-thumbnail","hentry","category-manchete-segundaria","category-politica","category-todas-noticias"],"acf":[],"yoast_head":"<!-- This site is optimized with the Yoast SEO plugin v24.4 - https:\/\/yoast.com\/wordpress\/plugins\/seo\/ -->\n<title>STF: ministro Moraes autoriza Bolsonaro a deixar pris\u00e3o domiciliar para fazer exames - PORTAL DE NOT\u00cdCIAS CLEITON PINHEIRO<\/title>\n<meta name=\"robots\" content=\"index, follow, max-snippet:-1, max-image-preview:large, max-video-preview:-1\" \/>\n<link rel=\"canonical\" href=\"https:\/\/cleitonpinheiro.com.br\/site\/stf-ministro-moraes-autoriza-bolsonaro-a-deixar-prisao-domiciliar-para-fazer-exames\/\" \/>\n<meta property=\"og:locale\" content=\"pt_BR\" \/>\n<meta property=\"og:type\" content=\"article\" \/>\n<meta property=\"og:title\" content=\"STF: ministro Moraes autoriza Bolsonaro a deixar pris\u00e3o domiciliar para fazer exames - PORTAL DE NOT\u00cdCIAS CLEITON PINHEIRO\" \/>\n<meta property=\"og:description\" content=\"O ministro Alexandre de Moraes, do Supremo Tribunal Federal (STF), autorizou o ex-presidente Jair Bolsonaro a deixar a pris\u00e3o domiciliar e realizar exames m\u00e9dicos no pr\u00f3ximo s\u00e1bado (16), em Bras\u00edlia. Moraes aceitou pedido feito pelos advogados para que o ex-presidente compare\u00e7a ao Hospital DF Star e permane\u00e7a no local pelo per\u00edodo de seis a oito [&hellip;]\" \/>\n<meta property=\"og:url\" content=\"https:\/\/cleitonpinheiro.com.br\/site\/stf-ministro-moraes-autoriza-bolsonaro-a-deixar-prisao-domiciliar-para-fazer-exames\/\" \/>\n<meta property=\"og:site_name\" content=\"PORTAL DE NOT\u00cdCIAS CLEITON PINHEIRO\" \/>\n<meta property=\"article:publisher\" content=\"https:\/\/www.facebook.com\/portalcpnoticias\/\" \/>\n<meta property=\"article:published_time\" content=\"2025-08-12T20:49:31+00:00\" \/>\n<meta property=\"article:modified_time\" content=\"2025-08-12T20:49:35+00:00\" \/>\n<meta property=\"og:image\" content=\"https:\/\/cleitonpinheiro.com.br\/site\/wp-content\/uploads\/2025\/08\/07082025-pzzb7366.webp\" \/>\n\t<meta property=\"og:image:width\" content=\"1170\" \/>\n\t<meta property=\"og:image:height\" content=\"700\" \/>\n\t<meta property=\"og:image:type\" content=\"image\/webp\" \/>\n<meta name=\"author\" content=\"Reda\u00e7\u00e3o CP\" \/>\n<meta name=\"twitter:card\" content=\"summary_large_image\" \/>\n<meta name=\"twitter:label1\" content=\"Escrito por\" \/>\n\t<meta name=\"twitter:data1\" content=\"Reda\u00e7\u00e3o CP\" \/>\n\t<meta name=\"twitter:label2\" content=\"Est. tempo de leitura\" \/>\n\t<meta name=\"twitter:data2\" content=\"3 minutos\" \/>\n<script type=\"application\/ld+json\" class=\"yoast-schema-graph\">{\"@context\":\"https:\/\/schema.org\",\"@graph\":[{\"@type\":\"Article\",\"@id\":\"https:\/\/cleitonpinheiro.com.br\/site\/stf-ministro-moraes-autoriza-bolsonaro-a-deixar-prisao-domiciliar-para-fazer-exames\/#article\",\"isPartOf\":{\"@id\":\"https:\/\/cleitonpinheiro.com.br\/site\/stf-ministro-moraes-autoriza-bolsonaro-a-deixar-prisao-domiciliar-para-fazer-exames\/\"},\"author\":{\"name\":\"Reda\u00e7\u00e3o CP\",\"@id\":\"https:\/\/cleitonpinheiro.com.br\/site\/#\/schema\/person\/8f04544e0bc40a1b68775b08360f87db\"},\"headline\":\"STF: ministro Moraes autoriza Bolsonaro a deixar pris\u00e3o domiciliar para fazer exames\",\"datePublished\":\"2025-08-12T20:49:31+00:00\",\"dateModified\":\"2025-08-12T20:49:35+00:00\",\"mainEntityOfPage\":{\"@id\":\"https:\/\/cleitonpinheiro.com.br\/site\/stf-ministro-moraes-autoriza-bolsonaro-a-deixar-prisao-domiciliar-para-fazer-exames\/\"},\"wordCount\":390,\"commentCount\":0,\"publisher\":{\"@id\":\"https:\/\/cleitonpinheiro.com.br\/site\/#organization\"},\"image\":{\"@id\":\"https:\/\/cleitonpinheiro.com.br\/site\/stf-ministro-moraes-autoriza-bolsonaro-a-deixar-prisao-domiciliar-para-fazer-exames\/#primaryimage\"},\"thumbnailUrl\":\"https:\/\/cleitonpinheiro.com.br\/site\/wp-content\/uploads\/2025\/08\/07082025-pzzb7366.webp\",\"articleSection\":[\"MANCHETE SEGUND\u00c1RIA\",\"POL\u00cdTICA\",\"TODAS NOTICIAS\"],\"inLanguage\":\"pt-BR\",\"potentialAction\":[{\"@type\":\"CommentAction\",\"name\":\"Comment\",\"target\":[\"https:\/\/cleitonpinheiro.com.br\/site\/stf-ministro-moraes-autoriza-bolsonaro-a-deixar-prisao-domiciliar-para-fazer-exames\/#respond\"]}]},{\"@type\":\"WebPage\",\"@id\":\"https:\/\/cleitonpinheiro.com.br\/site\/stf-ministro-moraes-autoriza-bolsonaro-a-deixar-prisao-domiciliar-para-fazer-exames\/\",\"url\":\"https:\/\/cleitonpinheiro.com.br\/site\/stf-ministro-moraes-autoriza-bolsonaro-a-deixar-prisao-domiciliar-para-fazer-exames\/\",\"name\":\"STF: ministro Moraes autoriza Bolsonaro a deixar pris\u00e3o domiciliar para fazer exames - PORTAL DE NOT\u00cdCIAS CLEITON PINHEIRO\",\"isPartOf\":{\"@id\":\"https:\/\/cleitonpinheiro.com.br\/site\/#website\"},\"primaryImageOfPage\":{\"@id\":\"https:\/\/cleitonpinheiro.com.br\/site\/stf-ministro-moraes-autoriza-bolsonaro-a-deixar-prisao-domiciliar-para-fazer-exames\/#primaryimage\"},\"image\":{\"@id\":\"https:\/\/cleitonpinheiro.com.br\/site\/stf-ministro-moraes-autoriza-bolsonaro-a-deixar-prisao-domiciliar-para-fazer-exames\/#primaryimage\"},\"thumbnailUrl\":\"https:\/\/cleitonpinheiro.com.br\/site\/wp-content\/uploads\/2025\/08\/07082025-pzzb7366.webp\",\"datePublished\":\"2025-08-12T20:49:31+00:00\",\"dateModified\":\"2025-08-12T20:49:35+00:00\",\"breadcrumb\":{\"@id\":\"https:\/\/cleitonpinheiro.com.br\/site\/stf-ministro-moraes-autoriza-bolsonaro-a-deixar-prisao-domiciliar-para-fazer-exames\/#breadcrumb\"},\"inLanguage\":\"pt-BR\",\"potentialAction\":[{\"@type\":\"ReadAction\",\"target\":[\"https:\/\/cleitonpinheiro.com.br\/site\/stf-ministro-moraes-autoriza-bolsonaro-a-deixar-prisao-domiciliar-para-fazer-exames\/\"]}]},{\"@type\":\"ImageObject\",\"inLanguage\":\"pt-BR\",\"@id\":\"https:\/\/cleitonpinheiro.com.br\/site\/stf-ministro-moraes-autoriza-bolsonaro-a-deixar-prisao-domiciliar-para-fazer-exames\/#primaryimage\",\"url\":\"https:\/\/cleitonpinheiro.com.br\/site\/wp-content\/uploads\/2025\/08\/07082025-pzzb7366.webp\",\"contentUrl\":\"https:\/\/cleitonpinheiro.com.br\/site\/wp-content\/uploads\/2025\/08\/07082025-pzzb7366.webp\",\"width\":1170,\"height\":700,\"caption\":\"\u00a9 Fabio Rodrigues-Pozzebom\/ Ag\u00eancia Brasil\"},{\"@type\":\"BreadcrumbList\",\"@id\":\"https:\/\/cleitonpinheiro.com.br\/site\/stf-ministro-moraes-autoriza-bolsonaro-a-deixar-prisao-domiciliar-para-fazer-exames\/#breadcrumb\",\"itemListElement\":[{\"@type\":\"ListItem\",\"position\":1,\"name\":\"In\u00edcio\",\"item\":\"https:\/\/cleitonpinheiro.com.br\/site\/\"},{\"@type\":\"ListItem\",\"position\":2,\"name\":\"STF: ministro Moraes autoriza Bolsonaro a deixar pris\u00e3o domiciliar para fazer exames\"}]},{\"@type\":\"WebSite\",\"@id\":\"https:\/\/cleitonpinheiro.com.br\/site\/#website\",\"url\":\"https:\/\/cleitonpinheiro.com.br\/site\/\",\"name\":\"PORTAL DE NOT\u00cdCIAS CLEITON PINHEIRO\",\"description\":\"FALANDO A VERDADE\",\"publisher\":{\"@id\":\"https:\/\/cleitonpinheiro.com.br\/site\/#organization\"},\"potentialAction\":[{\"@type\":\"SearchAction\",\"target\":{\"@type\":\"EntryPoint\",\"urlTemplate\":\"https:\/\/cleitonpinheiro.com.br\/site\/?s={search_term_string}\"},\"query-input\":{\"@type\":\"PropertyValueSpecification\",\"valueRequired\":true,\"valueName\":\"search_term_string\"}}],\"inLanguage\":\"pt-BR\"},{\"@type\":\"Organization\",\"@id\":\"https:\/\/cleitonpinheiro.com.br\/site\/#organization\",\"name\":\"CPNOT\u00cdCIAS\",\"url\":\"https:\/\/cleitonpinheiro.com.br\/site\/\",\"logo\":{\"@type\":\"ImageObject\",\"inLanguage\":\"pt-BR\",\"@id\":\"https:\/\/cleitonpinheiro.com.br\/site\/#\/schema\/logo\/image\/\",\"url\":\"https:\/\/cleitonpinheiro.com.br\/site\/wp-content\/uploads\/2022\/08\/Logo-pequena-2.png\",\"contentUrl\":\"https:\/\/cleitonpinheiro.com.br\/site\/wp-content\/uploads\/2022\/08\/Logo-pequena-2.png\",\"width\":500,\"height\":500,\"caption\":\"CPNOT\u00cdCIAS\"},\"image\":{\"@id\":\"https:\/\/cleitonpinheiro.com.br\/site\/#\/schema\/logo\/image\/\"},\"sameAs\":[\"https:\/\/www.facebook.com\/portalcpnoticias\/\"]},{\"@type\":\"Person\",\"@id\":\"https:\/\/cleitonpinheiro.com.br\/site\/#\/schema\/person\/8f04544e0bc40a1b68775b08360f87db\",\"name\":\"Reda\u00e7\u00e3o CP\",\"image\":{\"@type\":\"ImageObject\",\"inLanguage\":\"pt-BR\",\"@id\":\"https:\/\/cleitonpinheiro.com.br\/site\/#\/schema\/person\/image\/\",\"url\":\"https:\/\/secure.gravatar.com\/avatar\/0bcf19cb29fdc8fc588c490c7ae1b3e174dac268586a63fbe1d1893a0f9020cd?s=96&r=g\",\"contentUrl\":\"https:\/\/secure.gravatar.com\/avatar\/0bcf19cb29fdc8fc588c490c7ae1b3e174dac268586a63fbe1d1893a0f9020cd?s=96&r=g\",\"caption\":\"Reda\u00e7\u00e3o CP\"},\"url\":\"https:\/\/cleitonpinheiro.com.br\/site\/author\/redacao\/\"}]}<\/script>\n<!-- \/ Yoast SEO plugin. -->","yoast_head_json":{"title":"STF: ministro Moraes autoriza Bolsonaro a deixar pris\u00e3o domiciliar para fazer exames - PORTAL DE NOT\u00cdCIAS CLEITON PINHEIRO","robots":{"index":"index","follow":"follow","max-snippet":"max-snippet:-1","max-image-preview":"max-image-preview:large","max-video-preview":"max-video-preview:-1"},"canonical":"https:\/\/cleitonpinheiro.com.br\/site\/stf-ministro-moraes-autoriza-bolsonaro-a-deixar-prisao-domiciliar-para-fazer-exames\/","og_locale":"pt_BR","og_type":"article","og_title":"STF: ministro Moraes autoriza Bolsonaro a deixar pris\u00e3o domiciliar para fazer exames - PORTAL DE NOT\u00cdCIAS CLEITON PINHEIRO","og_description":"O ministro Alexandre de Moraes, do Supremo Tribunal Federal (STF), autorizou o ex-presidente Jair Bolsonaro a deixar a pris\u00e3o domiciliar e realizar exames m\u00e9dicos no pr\u00f3ximo s\u00e1bado (16), em Bras\u00edlia. Moraes aceitou pedido feito pelos advogados para que o ex-presidente compare\u00e7a ao Hospital DF Star e permane\u00e7a no local pelo per\u00edodo de seis a oito [&hellip;]","og_url":"https:\/\/cleitonpinheiro.com.br\/site\/stf-ministro-moraes-autoriza-bolsonaro-a-deixar-prisao-domiciliar-para-fazer-exames\/","og_site_name":"PORTAL DE NOT\u00cdCIAS CLEITON PINHEIRO","article_publisher":"https:\/\/www.facebook.com\/portalcpnoticias\/","article_published_time":"2025-08-12T20:49:31+00:00","article_modified_time":"2025-08-12T20:49:35+00:00","og_image":[{"width":1170,"height":700,"url":"https:\/\/cleitonpinheiro.com.br\/site\/wp-content\/uploads\/2025\/08\/07082025-pzzb7366.webp","type":"image\/webp"}],"author":"Reda\u00e7\u00e3o CP","twitter_card":"summary_large_image","twitter_misc":{"Escrito por":"Reda\u00e7\u00e3o CP","Est. tempo de leitura":"3 minutos"},"schema":{"@context":"https:\/\/schema.org","@graph":[{"@type":"Article","@id":"https:\/\/cleitonpinheiro.com.br\/site\/stf-ministro-moraes-autoriza-bolsonaro-a-deixar-prisao-domiciliar-para-fazer-exames\/#article","isPartOf":{"@id":"https:\/\/cleitonpinheiro.com.br\/site\/stf-ministro-moraes-autoriza-bolsonaro-a-deixar-prisao-domiciliar-para-fazer-exames\/"},"author":{"name":"Reda\u00e7\u00e3o CP","@id":"https:\/\/cleitonpinheiro.com.br\/site\/#\/schema\/person\/8f04544e0bc40a1b68775b08360f87db"},"headline":"STF: ministro Moraes autoriza Bolsonaro a deixar pris\u00e3o domiciliar para fazer exames","datePublished":"2025-08-12T20:49:31+00:00","dateModified":"2025-08-12T20:49:35+00:00","mainEntityOfPage":{"@id":"https:\/\/cleitonpinheiro.com.br\/site\/stf-ministro-moraes-autoriza-bolsonaro-a-deixar-prisao-domiciliar-para-fazer-exames\/"},"wordCount":390,"commentCount":0,"publisher":{"@id":"https:\/\/cleitonpinheiro.com.br\/site\/#organization"},"image":{"@id":"https:\/\/cleitonpinheiro.com.br\/site\/stf-ministro-moraes-autoriza-bolsonaro-a-deixar-prisao-domiciliar-para-fazer-exames\/#primaryimage"},"thumbnailUrl":"https:\/\/cleitonpinheiro.com.br\/site\/wp-content\/uploads\/2025\/08\/07082025-pzzb7366.webp","articleSection":["MANCHETE SEGUND\u00c1RIA","POL\u00cdTICA","TODAS NOTICIAS"],"inLanguage":"pt-BR","potentialAction":[{"@type":"CommentAction","name":"Comment","target":["https:\/\/cleitonpinheiro.com.br\/site\/stf-ministro-moraes-autoriza-bolsonaro-a-deixar-prisao-domiciliar-para-fazer-exames\/#respond"]}]},{"@type":"WebPage","@id":"https:\/\/cleitonpinheiro.com.br\/site\/stf-ministro-moraes-autoriza-bolsonaro-a-deixar-prisao-domiciliar-para-fazer-exames\/","url":"https:\/\/cleitonpinheiro.com.br\/site\/stf-ministro-moraes-autoriza-bolsonaro-a-deixar-prisao-domiciliar-para-fazer-exames\/","name":"STF: ministro Moraes autoriza Bolsonaro a deixar pris\u00e3o domiciliar para fazer exames - PORTAL DE NOT\u00cdCIAS CLEITON PINHEIRO","isPartOf":{"@id":"https:\/\/cleitonpinheiro.com.br\/site\/#website"},"primaryImageOfPage":{"@id":"https:\/\/cleitonpinheiro.com.br\/site\/stf-ministro-moraes-autoriza-bolsonaro-a-deixar-prisao-domiciliar-para-fazer-exames\/#primaryimage"},"image":{"@id":"https:\/\/cleitonpinheiro.com.br\/site\/stf-ministro-moraes-autoriza-bolsonaro-a-deixar-prisao-domiciliar-para-fazer-exames\/#primaryimage"},"thumbnailUrl":"https:\/\/cleitonpinheiro.com.br\/site\/wp-content\/uploads\/2025\/08\/07082025-pzzb7366.webp","datePublished":"2025-08-12T20:49:31+00:00","dateModified":"2025-08-12T20:49:35+00:00","breadcrumb":{"@id":"https:\/\/cleitonpinheiro.com.br\/site\/stf-ministro-moraes-autoriza-bolsonaro-a-deixar-prisao-domiciliar-para-fazer-exames\/#breadcrumb"},"inLanguage":"pt-BR","potentialAction":[{"@type":"ReadAction","target":["https:\/\/cleitonpinheiro.com.br\/site\/stf-ministro-moraes-autoriza-bolsonaro-a-deixar-prisao-domiciliar-para-fazer-exames\/"]}]},{"@type":"ImageObject","inLanguage":"pt-BR","@id":"https:\/\/cleitonpinheiro.com.br\/site\/stf-ministro-moraes-autoriza-bolsonaro-a-deixar-prisao-domiciliar-para-fazer-exames\/#primaryimage","url":"https:\/\/cleitonpinheiro.com.br\/site\/wp-content\/uploads\/2025\/08\/07082025-pzzb7366.webp","contentUrl":"https:\/\/cleitonpinheiro.com.br\/site\/wp-content\/uploads\/2025\/08\/07082025-pzzb7366.webp","width":1170,"height":700,"caption":"\u00a9 Fabio Rodrigues-Pozzebom\/ Ag\u00eancia Brasil"},{"@type":"BreadcrumbList","@id":"https:\/\/cleitonpinheiro.com.br\/site\/stf-ministro-moraes-autoriza-bolsonaro-a-deixar-prisao-domiciliar-para-fazer-exames\/#breadcrumb","itemListElement":[{"@type":"ListItem","position":1,"name":"In\u00edcio","item":"https:\/\/cleitonpinheiro.com.br\/site\/"},{"@type":"ListItem","position":2,"name":"STF: ministro Moraes autoriza Bolsonaro a deixar pris\u00e3o domiciliar para fazer exames"}]},{"@type":"WebSite","@id":"https:\/\/cleitonpinheiro.com.br\/site\/#website","url":"https:\/\/cleitonpinheiro.com.br\/site\/","name":"PORTAL DE NOT\u00cdCIAS CLEITON PINHEIRO","description":"FALANDO A VERDADE","publisher":{"@id":"https:\/\/cleitonpinheiro.com.br\/site\/#organization"},"potentialAction":[{"@type":"SearchAction","target":{"@type":"EntryPoint","urlTemplate":"https:\/\/cleitonpinheiro.com.br\/site\/?s={search_term_string}"},"query-input":{"@type":"PropertyValueSpecification","valueRequired":true,"valueName":"search_term_string"}}],"inLanguage":"pt-BR"},{"@type":"Organization","@id":"https:\/\/cleitonpinheiro.com.br\/site\/#organization","name":"CPNOT\u00cdCIAS","url":"https:\/\/cleitonpinheiro.com.br\/site\/","logo":{"@type":"ImageObject","inLanguage":"pt-BR","@id":"https:\/\/cleitonpinheiro.com.br\/site\/#\/schema\/logo\/image\/","url":"https:\/\/cleitonpinheiro.com.br\/site\/wp-content\/uploads\/2022\/08\/Logo-pequena-2.png","contentUrl":"https:\/\/cleitonpinheiro.com.br\/site\/wp-content\/uploads\/2022\/08\/Logo-pequena-2.png","width":500,"height":500,"caption":"CPNOT\u00cdCIAS"},"image":{"@id":"https:\/\/cleitonpinheiro.com.br\/site\/#\/schema\/logo\/image\/"},"sameAs":["https:\/\/www.facebook.com\/portalcpnoticias\/"]},{"@type":"Person","@id":"https:\/\/cleitonpinheiro.com.br\/site\/#\/schema\/person\/8f04544e0bc40a1b68775b08360f87db","name":"Reda\u00e7\u00e3o CP","image":{"@type":"ImageObject","inLanguage":"pt-BR","@id":"https:\/\/cleitonpinheiro.com.br\/site\/#\/schema\/person\/image\/","url":"https:\/\/secure.gravatar.com\/avatar\/0bcf19cb29fdc8fc588c490c7ae1b3e174dac268586a63fbe1d1893a0f9020cd?s=96&r=g","contentUrl":"https:\/\/secure.gravatar.com\/avatar\/0bcf19cb29fdc8fc588c490c7ae1b3e174dac268586a63fbe1d1893a0f9020cd?s=96&r=g","caption":"Reda\u00e7\u00e3o CP"},"url":"https:\/\/cleitonpinheiro.com.br\/site\/author\/redacao\/"}]}},"views":124,"_links":{"self":[{"href":"https:\/\/cleitonpinheiro.com.br\/site\/wp-json\/wp\/v2\/posts\/86542","targetHints":{"allow":["GET"]}}],"collection":[{"href":"https:\/\/cleitonpinheiro.com.br\/site\/wp-json\/wp\/v2\/posts"}],"about":[{"href":"https:\/\/cleitonpinheiro.com.br\/site\/wp-json\/wp\/v2\/types\/post"}],"author":[{"embeddable":true,"href":"https:\/\/cleitonpinheiro.com.br\/site\/wp-json\/wp\/v2\/users\/13"}],"replies":[{"embeddable":true,"href":"https:\/\/cleitonpinheiro.com.br\/site\/wp-json\/wp\/v2\/comments?post=86542"}],"version-history":[{"count":1,"href":"https:\/\/cleitonpinheiro.com.br\/site\/wp-json\/wp\/v2\/posts\/86542\/revisions"}],"predecessor-version":[{"id":86544,"href":"https:\/\/cleitonpinheiro.com.br\/site\/wp-json\/wp\/v2\/posts\/86542\/revisions\/86544"}],"wp:featuredmedia":[{"embeddable":true,"href":"https:\/\/cleitonpinheiro.com.br\/site\/wp-json\/wp\/v2\/media\/86543"}],"wp:attachment":[{"href":"https:\/\/cleitonpinheiro.com.br\/site\/wp-json\/wp\/v2\/media?parent=86542"}],"wp:term":[{"taxonomy":"category","embeddable":true,"href":"https:\/\/cleitonpinheiro.com.br\/site\/wp-json\/wp\/v2\/categories?post=86542"},{"taxonomy":"post_tag","embeddable":true,"href":"https:\/\/cleitonpinheiro.com.br\/site\/wp-json\/wp\/v2\/tags?post=86542"}],"curies":[{"name":"wp","href":"https:\/\/api.w.org\/{rel}","templated":true}]}}