{"id":86545,"date":"2025-08-12T17:54:18","date_gmt":"2025-08-12T20:54:18","guid":{"rendered":"https:\/\/cleitonpinheiro.com.br\/site\/?p=86545"},"modified":"2025-08-12T17:54:23","modified_gmt":"2025-08-12T20:54:23","slug":"prouni-2-2025-prazo-de-entrega-de-documentos-e-prorrogado-para-dia-18","status":"publish","type":"post","link":"https:\/\/cleitonpinheiro.com.br\/site\/prouni-2-2025-prazo-de-entrega-de-documentos-e-prorrogado-para-dia-18\/","title":{"rendered":"Prouni 2\/2025: prazo de entrega de documentos \u00e9 prorrogado para dia 18"},"content":{"rendered":"\n<figure class=\"wp-block-image size-large\"><img fetchpriority=\"high\" decoding=\"async\" width=\"1024\" height=\"613\" src=\"https:\/\/cleitonpinheiro.com.br\/site\/wp-content\/uploads\/2025\/08\/0d9a5474-1024x613.webp\" alt=\"\" class=\"wp-image-86546\" srcset=\"https:\/\/cleitonpinheiro.com.br\/site\/wp-content\/uploads\/2025\/08\/0d9a5474-1024x613.webp 1024w, https:\/\/cleitonpinheiro.com.br\/site\/wp-content\/uploads\/2025\/08\/0d9a5474-300x179.webp 300w, https:\/\/cleitonpinheiro.com.br\/site\/wp-content\/uploads\/2025\/08\/0d9a5474-768x459.webp 768w, https:\/\/cleitonpinheiro.com.br\/site\/wp-content\/uploads\/2025\/08\/0d9a5474.webp 1170w\" sizes=\"(max-width: 1024px) 100vw, 1024px\" \/><figcaption class=\"wp-element-caption\">\u00a9 Jose Cruz\/Ag\u00eancia Brasil\n<\/figcaption><\/figure>\n\n\n\n<p>O Minist\u00e9rio da Educa\u00e7\u00e3o (MEC) prorrogou at\u00e9 a pr\u00f3xima segunda-feira (18) o prazo para a entrega dos documentos dos&nbsp;pr\u00e9-selecionados na segunda chamada do Programa Universidade para Todos (Prouni)&nbsp;referente ao segundo semestre de 2025.<img decoding=\"async\" src=\"https:\/\/agenciabrasil.ebc.com.br\/ebc.png?id=1654125&amp;o=node\"><img decoding=\"async\" src=\"https:\/\/agenciabrasil.ebc.com.br\/ebc.gif?id=1654125&amp;o=node\"><\/p>\n\n\n\n<p>&nbsp;O Prouni oferece bolsas integrais (de 100% da mensalidade) e parciais (de 50%) em&nbsp;cursos de gradua\u00e7\u00e3o de&nbsp;institui\u00e7\u00f5es privadas de educa\u00e7\u00e3o superior.<\/p>\n\n\n\n<p><strong>O resultado da segunda chamada est\u00e1 dispon\u00edvel na p\u00e1gina do&nbsp;<a href=\"https:\/\/acessounico.mec.gov.br\/prouni\" target=\"_blank\" rel=\"noreferrer noopener\">Portal \u00danico de Acesso ao Ensino Superior espec\u00edfica do ProUni<\/a><\/strong>, com login e senha da conta do portal Gov.br.<\/p>\n\n\n\n<h2 class=\"wp-block-heading\">Entrega dos documentos<\/h2>\n\n\n\n<p><strong>A entrega dos documentos na institui\u00e7\u00e3o de ensino superior pode ser feita presencialmente ou por meio eletr\u00f4nico.<\/strong><\/p>\n\n\n\n<p>Cada institui\u00e7\u00e3o privada de educa\u00e7\u00e3o superior deve disponibilizar, em suas p\u00e1ginas na internet, um campo espec\u00edfico para o encaminhamento da documenta\u00e7\u00e3o.<\/p>\n\n\n\n<p>Caso o acesso n\u00e3o possa ser disponibilizado, a faculdade dever\u00e1 colocar \u00e0 disposi\u00e7\u00e3o colaboradores que recebam a documenta\u00e7\u00e3o fisicamente, nos locais de oferta de curso e nos hor\u00e1rios regulares de funcionamento.<\/p>\n\n\n\n<p><strong>A institui\u00e7\u00e3o dever\u00e1, ainda, emitir a comprova\u00e7\u00e3o da entrega dos documentos, de acordo com o meio usado para o seu recebimento, seja f\u00edsico ou virtual.<\/strong><\/p>\n\n\n\n<p>De acordo com o&nbsp;<a href=\"https:\/\/www.in.gov.br\/en\/web\/dou\/-\/edital-n-14-de-23-de-junho-de-2025-637611784\">edital<\/a>, as faculdades privadas podem optar por um processo pr\u00f3prio de sele\u00e7\u00e3o, a partir da pr\u00e9-sele\u00e7\u00e3o dos candidatos. Por\u00e9m, as institui\u00e7\u00f5es de ensino devem ter comunicado formalmente os candidatos sobre essa exig\u00eancia.<\/p>\n\n\n\n<h2 class=\"wp-block-heading\">ProUni do segundo semestre<\/h2>\n\n\n\n<p><strong>Esta edi\u00e7\u00e3o do programa federal oferta mais de 211 mil bolsas de estudo, para mais de 370 cursos de 887 institui\u00e7\u00f5es de todo pa\u00eds.<\/strong><\/p>\n\n\n\n<p>O curso de administra\u00e7\u00e3o foi o\u202fcurso com\u202fa maior oferta de bolsas (13.774), sendo\u202f9.275 bolsas integrais\u202fe 4.499 parciais. A lista de cursos&nbsp;com maior oferta de vagas segue com&nbsp;direito&nbsp;(13.152),&nbsp;pedagogia, (11.339)&nbsp;e\u202feduca\u00e7\u00e3o f\u00edsica (8.939).<\/p>\n\n\n\n<p>Para medicina, foram ofertadas 1.159 bolsas, sendo 988 integrais e 171 parciais&nbsp; (50% de gratuidade).<\/p>\n\n\n\n<h2 class=\"wp-block-heading\">Bolsas federais<\/h2>\n\n\n\n<p>O\u202fProuni ocorre duas vezes ao ano e tem como\u202fp\u00fablico-alvo estudantes sem diploma de n\u00edvel superior.\u202f<strong>Em 2025, a pol\u00edtica p\u00fablica\u202fcomemora 20 anos e contabiliza mais de 3,5 milh\u00f5es de estudantes beneficiados desde a primeira edi\u00e7\u00e3o, em 2005.\u202f&nbsp;<\/strong><\/p>\n\n\n\n<p>O Minist\u00e9rio da Educa\u00e7\u00e3o (MEC) afirma que, atualmente, o programa beneficia 632.503 estudantes, matriculados em 1.851 institui\u00e7\u00f5es privadas de ensino superior no Brasil. Desse total, 533.790 possuem bolsa integral.<\/p>\n\n\n\n<p>Daniella Almeida &#8211; rep\u00f3rter da Ag\u00eancia Brasil<br><\/p>\n","protected":false},"excerpt":{"rendered":"<p>O Minist\u00e9rio da Educa\u00e7\u00e3o (MEC) prorrogou at\u00e9 a pr\u00f3xima segunda-feira (18) o prazo para a entrega dos documentos dos&nbsp;pr\u00e9-selecionados na segunda chamada do Programa Universidade para Todos (Prouni)&nbsp;referente ao segundo semestre de 2025. &nbsp;O Prouni oferece bolsas integrais (de 100% da mensalidade) e parciais (de 50%) em&nbsp;cursos de gradua\u00e7\u00e3o de&nbsp;institui\u00e7\u00f5es privadas de educa\u00e7\u00e3o superior. O [&hellip;]<\/p>\n","protected":false},"author":13,"featured_media":86546,"comment_status":"open","ping_status":"open","sticky":false,"template":"","format":"standard","meta":{"_acf_changed":false,"footnotes":""},"categories":[19,20,21],"tags":[],"class_list":["post-86545","post","type-post","status-publish","format-standard","has-post-thumbnail","hentry","category-brasil-mundo","category-noticias-em-destaque","category-todas-noticias"],"acf":[],"yoast_head":"<!-- This site is optimized with the Yoast SEO plugin v24.4 - https:\/\/yoast.com\/wordpress\/plugins\/seo\/ -->\n<title>Prouni 2\/2025: prazo de entrega de documentos \u00e9 prorrogado para dia 18 - PORTAL DE NOT\u00cdCIAS CLEITON PINHEIRO<\/title>\n<meta name=\"robots\" content=\"index, follow, max-snippet:-1, max-image-preview:large, max-video-preview:-1\" \/>\n<link rel=\"canonical\" href=\"https:\/\/cleitonpinheiro.com.br\/site\/prouni-2-2025-prazo-de-entrega-de-documentos-e-prorrogado-para-dia-18\/\" \/>\n<meta property=\"og:locale\" content=\"pt_BR\" \/>\n<meta property=\"og:type\" content=\"article\" \/>\n<meta property=\"og:title\" content=\"Prouni 2\/2025: prazo de entrega de documentos \u00e9 prorrogado para dia 18 - PORTAL DE NOT\u00cdCIAS CLEITON PINHEIRO\" \/>\n<meta property=\"og:description\" content=\"O Minist\u00e9rio da Educa\u00e7\u00e3o (MEC) prorrogou at\u00e9 a pr\u00f3xima segunda-feira (18) o prazo para a entrega dos documentos dos&nbsp;pr\u00e9-selecionados na segunda chamada do Programa Universidade para Todos (Prouni)&nbsp;referente ao segundo semestre de 2025. &nbsp;O Prouni oferece bolsas integrais (de 100% da mensalidade) e parciais (de 50%) em&nbsp;cursos de gradua\u00e7\u00e3o de&nbsp;institui\u00e7\u00f5es privadas de educa\u00e7\u00e3o superior. O [&hellip;]\" \/>\n<meta property=\"og:url\" content=\"https:\/\/cleitonpinheiro.com.br\/site\/prouni-2-2025-prazo-de-entrega-de-documentos-e-prorrogado-para-dia-18\/\" \/>\n<meta property=\"og:site_name\" content=\"PORTAL DE NOT\u00cdCIAS CLEITON PINHEIRO\" \/>\n<meta property=\"article:publisher\" content=\"https:\/\/www.facebook.com\/portalcpnoticias\/\" \/>\n<meta property=\"article:published_time\" content=\"2025-08-12T20:54:18+00:00\" \/>\n<meta property=\"article:modified_time\" content=\"2025-08-12T20:54:23+00:00\" \/>\n<meta property=\"og:image\" content=\"https:\/\/cleitonpinheiro.com.br\/site\/wp-content\/uploads\/2025\/08\/0d9a5474.webp\" \/>\n\t<meta property=\"og:image:width\" content=\"1170\" \/>\n\t<meta property=\"og:image:height\" content=\"700\" \/>\n\t<meta property=\"og:image:type\" content=\"image\/webp\" \/>\n<meta name=\"author\" content=\"Reda\u00e7\u00e3o CP\" \/>\n<meta name=\"twitter:card\" content=\"summary_large_image\" \/>\n<meta name=\"twitter:label1\" content=\"Escrito por\" \/>\n\t<meta name=\"twitter:data1\" content=\"Reda\u00e7\u00e3o CP\" \/>\n\t<meta name=\"twitter:label2\" content=\"Est. tempo de leitura\" \/>\n\t<meta name=\"twitter:data2\" content=\"3 minutos\" \/>\n<script type=\"application\/ld+json\" class=\"yoast-schema-graph\">{\"@context\":\"https:\/\/schema.org\",\"@graph\":[{\"@type\":\"Article\",\"@id\":\"https:\/\/cleitonpinheiro.com.br\/site\/prouni-2-2025-prazo-de-entrega-de-documentos-e-prorrogado-para-dia-18\/#article\",\"isPartOf\":{\"@id\":\"https:\/\/cleitonpinheiro.com.br\/site\/prouni-2-2025-prazo-de-entrega-de-documentos-e-prorrogado-para-dia-18\/\"},\"author\":{\"name\":\"Reda\u00e7\u00e3o CP\",\"@id\":\"https:\/\/cleitonpinheiro.com.br\/site\/#\/schema\/person\/8f04544e0bc40a1b68775b08360f87db\"},\"headline\":\"Prouni 2\/2025: prazo de entrega de documentos \u00e9 prorrogado para dia 18\",\"datePublished\":\"2025-08-12T20:54:18+00:00\",\"dateModified\":\"2025-08-12T20:54:23+00:00\",\"mainEntityOfPage\":{\"@id\":\"https:\/\/cleitonpinheiro.com.br\/site\/prouni-2-2025-prazo-de-entrega-de-documentos-e-prorrogado-para-dia-18\/\"},\"wordCount\":433,\"commentCount\":0,\"publisher\":{\"@id\":\"https:\/\/cleitonpinheiro.com.br\/site\/#organization\"},\"image\":{\"@id\":\"https:\/\/cleitonpinheiro.com.br\/site\/prouni-2-2025-prazo-de-entrega-de-documentos-e-prorrogado-para-dia-18\/#primaryimage\"},\"thumbnailUrl\":\"https:\/\/cleitonpinheiro.com.br\/site\/wp-content\/uploads\/2025\/08\/0d9a5474.webp\",\"articleSection\":[\"BRASIL \/ MUNDO\",\"NOT\u00cdCIAS EM DESTAQUE\",\"TODAS NOTICIAS\"],\"inLanguage\":\"pt-BR\",\"potentialAction\":[{\"@type\":\"CommentAction\",\"name\":\"Comment\",\"target\":[\"https:\/\/cleitonpinheiro.com.br\/site\/prouni-2-2025-prazo-de-entrega-de-documentos-e-prorrogado-para-dia-18\/#respond\"]}]},{\"@type\":\"WebPage\",\"@id\":\"https:\/\/cleitonpinheiro.com.br\/site\/prouni-2-2025-prazo-de-entrega-de-documentos-e-prorrogado-para-dia-18\/\",\"url\":\"https:\/\/cleitonpinheiro.com.br\/site\/prouni-2-2025-prazo-de-entrega-de-documentos-e-prorrogado-para-dia-18\/\",\"name\":\"Prouni 2\/2025: prazo de entrega de documentos \u00e9 prorrogado para dia 18 - PORTAL DE NOT\u00cdCIAS CLEITON PINHEIRO\",\"isPartOf\":{\"@id\":\"https:\/\/cleitonpinheiro.com.br\/site\/#website\"},\"primaryImageOfPage\":{\"@id\":\"https:\/\/cleitonpinheiro.com.br\/site\/prouni-2-2025-prazo-de-entrega-de-documentos-e-prorrogado-para-dia-18\/#primaryimage\"},\"image\":{\"@id\":\"https:\/\/cleitonpinheiro.com.br\/site\/prouni-2-2025-prazo-de-entrega-de-documentos-e-prorrogado-para-dia-18\/#primaryimage\"},\"thumbnailUrl\":\"https:\/\/cleitonpinheiro.com.br\/site\/wp-content\/uploads\/2025\/08\/0d9a5474.webp\",\"datePublished\":\"2025-08-12T20:54:18+00:00\",\"dateModified\":\"2025-08-12T20:54:23+00:00\",\"breadcrumb\":{\"@id\":\"https:\/\/cleitonpinheiro.com.br\/site\/prouni-2-2025-prazo-de-entrega-de-documentos-e-prorrogado-para-dia-18\/#breadcrumb\"},\"inLanguage\":\"pt-BR\",\"potentialAction\":[{\"@type\":\"ReadAction\",\"target\":[\"https:\/\/cleitonpinheiro.com.br\/site\/prouni-2-2025-prazo-de-entrega-de-documentos-e-prorrogado-para-dia-18\/\"]}]},{\"@type\":\"ImageObject\",\"inLanguage\":\"pt-BR\",\"@id\":\"https:\/\/cleitonpinheiro.com.br\/site\/prouni-2-2025-prazo-de-entrega-de-documentos-e-prorrogado-para-dia-18\/#primaryimage\",\"url\":\"https:\/\/cleitonpinheiro.com.br\/site\/wp-content\/uploads\/2025\/08\/0d9a5474.webp\",\"contentUrl\":\"https:\/\/cleitonpinheiro.com.br\/site\/wp-content\/uploads\/2025\/08\/0d9a5474.webp\",\"width\":1170,\"height\":700,\"caption\":\"\u00a9 Jose Cruz\/Ag\u00eancia Brasil\"},{\"@type\":\"BreadcrumbList\",\"@id\":\"https:\/\/cleitonpinheiro.com.br\/site\/prouni-2-2025-prazo-de-entrega-de-documentos-e-prorrogado-para-dia-18\/#breadcrumb\",\"itemListElement\":[{\"@type\":\"ListItem\",\"position\":1,\"name\":\"In\u00edcio\",\"item\":\"https:\/\/cleitonpinheiro.com.br\/site\/\"},{\"@type\":\"ListItem\",\"position\":2,\"name\":\"Prouni 2\/2025: prazo de entrega de documentos \u00e9 prorrogado para dia 18\"}]},{\"@type\":\"WebSite\",\"@id\":\"https:\/\/cleitonpinheiro.com.br\/site\/#website\",\"url\":\"https:\/\/cleitonpinheiro.com.br\/site\/\",\"name\":\"PORTAL DE NOT\u00cdCIAS CLEITON PINHEIRO\",\"description\":\"FALANDO A VERDADE\",\"publisher\":{\"@id\":\"https:\/\/cleitonpinheiro.com.br\/site\/#organization\"},\"potentialAction\":[{\"@type\":\"SearchAction\",\"target\":{\"@type\":\"EntryPoint\",\"urlTemplate\":\"https:\/\/cleitonpinheiro.com.br\/site\/?s={search_term_string}\"},\"query-input\":{\"@type\":\"PropertyValueSpecification\",\"valueRequired\":true,\"valueName\":\"search_term_string\"}}],\"inLanguage\":\"pt-BR\"},{\"@type\":\"Organization\",\"@id\":\"https:\/\/cleitonpinheiro.com.br\/site\/#organization\",\"name\":\"CPNOT\u00cdCIAS\",\"url\":\"https:\/\/cleitonpinheiro.com.br\/site\/\",\"logo\":{\"@type\":\"ImageObject\",\"inLanguage\":\"pt-BR\",\"@id\":\"https:\/\/cleitonpinheiro.com.br\/site\/#\/schema\/logo\/image\/\",\"url\":\"https:\/\/cleitonpinheiro.com.br\/site\/wp-content\/uploads\/2022\/08\/Logo-pequena-2.png\",\"contentUrl\":\"https:\/\/cleitonpinheiro.com.br\/site\/wp-content\/uploads\/2022\/08\/Logo-pequena-2.png\",\"width\":500,\"height\":500,\"caption\":\"CPNOT\u00cdCIAS\"},\"image\":{\"@id\":\"https:\/\/cleitonpinheiro.com.br\/site\/#\/schema\/logo\/image\/\"},\"sameAs\":[\"https:\/\/www.facebook.com\/portalcpnoticias\/\"]},{\"@type\":\"Person\",\"@id\":\"https:\/\/cleitonpinheiro.com.br\/site\/#\/schema\/person\/8f04544e0bc40a1b68775b08360f87db\",\"name\":\"Reda\u00e7\u00e3o CP\",\"image\":{\"@type\":\"ImageObject\",\"inLanguage\":\"pt-BR\",\"@id\":\"https:\/\/cleitonpinheiro.com.br\/site\/#\/schema\/person\/image\/\",\"url\":\"https:\/\/secure.gravatar.com\/avatar\/0bcf19cb29fdc8fc588c490c7ae1b3e174dac268586a63fbe1d1893a0f9020cd?s=96&r=g\",\"contentUrl\":\"https:\/\/secure.gravatar.com\/avatar\/0bcf19cb29fdc8fc588c490c7ae1b3e174dac268586a63fbe1d1893a0f9020cd?s=96&r=g\",\"caption\":\"Reda\u00e7\u00e3o CP\"},\"url\":\"https:\/\/cleitonpinheiro.com.br\/site\/author\/redacao\/\"}]}<\/script>\n<!-- \/ Yoast SEO plugin. -->","yoast_head_json":{"title":"Prouni 2\/2025: prazo de entrega de documentos \u00e9 prorrogado para dia 18 - PORTAL DE NOT\u00cdCIAS CLEITON PINHEIRO","robots":{"index":"index","follow":"follow","max-snippet":"max-snippet:-1","max-image-preview":"max-image-preview:large","max-video-preview":"max-video-preview:-1"},"canonical":"https:\/\/cleitonpinheiro.com.br\/site\/prouni-2-2025-prazo-de-entrega-de-documentos-e-prorrogado-para-dia-18\/","og_locale":"pt_BR","og_type":"article","og_title":"Prouni 2\/2025: prazo de entrega de documentos \u00e9 prorrogado para dia 18 - PORTAL DE NOT\u00cdCIAS CLEITON PINHEIRO","og_description":"O Minist\u00e9rio da Educa\u00e7\u00e3o (MEC) prorrogou at\u00e9 a pr\u00f3xima segunda-feira (18) o prazo para a entrega dos documentos dos&nbsp;pr\u00e9-selecionados na segunda chamada do Programa Universidade para Todos (Prouni)&nbsp;referente ao segundo semestre de 2025. &nbsp;O Prouni oferece bolsas integrais (de 100% da mensalidade) e parciais (de 50%) em&nbsp;cursos de gradua\u00e7\u00e3o de&nbsp;institui\u00e7\u00f5es privadas de educa\u00e7\u00e3o superior. O [&hellip;]","og_url":"https:\/\/cleitonpinheiro.com.br\/site\/prouni-2-2025-prazo-de-entrega-de-documentos-e-prorrogado-para-dia-18\/","og_site_name":"PORTAL DE NOT\u00cdCIAS CLEITON PINHEIRO","article_publisher":"https:\/\/www.facebook.com\/portalcpnoticias\/","article_published_time":"2025-08-12T20:54:18+00:00","article_modified_time":"2025-08-12T20:54:23+00:00","og_image":[{"width":1170,"height":700,"url":"https:\/\/cleitonpinheiro.com.br\/site\/wp-content\/uploads\/2025\/08\/0d9a5474.webp","type":"image\/webp"}],"author":"Reda\u00e7\u00e3o CP","twitter_card":"summary_large_image","twitter_misc":{"Escrito por":"Reda\u00e7\u00e3o CP","Est. tempo de leitura":"3 minutos"},"schema":{"@context":"https:\/\/schema.org","@graph":[{"@type":"Article","@id":"https:\/\/cleitonpinheiro.com.br\/site\/prouni-2-2025-prazo-de-entrega-de-documentos-e-prorrogado-para-dia-18\/#article","isPartOf":{"@id":"https:\/\/cleitonpinheiro.com.br\/site\/prouni-2-2025-prazo-de-entrega-de-documentos-e-prorrogado-para-dia-18\/"},"author":{"name":"Reda\u00e7\u00e3o CP","@id":"https:\/\/cleitonpinheiro.com.br\/site\/#\/schema\/person\/8f04544e0bc40a1b68775b08360f87db"},"headline":"Prouni 2\/2025: prazo de entrega de documentos \u00e9 prorrogado para dia 18","datePublished":"2025-08-12T20:54:18+00:00","dateModified":"2025-08-12T20:54:23+00:00","mainEntityOfPage":{"@id":"https:\/\/cleitonpinheiro.com.br\/site\/prouni-2-2025-prazo-de-entrega-de-documentos-e-prorrogado-para-dia-18\/"},"wordCount":433,"commentCount":0,"publisher":{"@id":"https:\/\/cleitonpinheiro.com.br\/site\/#organization"},"image":{"@id":"https:\/\/cleitonpinheiro.com.br\/site\/prouni-2-2025-prazo-de-entrega-de-documentos-e-prorrogado-para-dia-18\/#primaryimage"},"thumbnailUrl":"https:\/\/cleitonpinheiro.com.br\/site\/wp-content\/uploads\/2025\/08\/0d9a5474.webp","articleSection":["BRASIL \/ MUNDO","NOT\u00cdCIAS EM DESTAQUE","TODAS NOTICIAS"],"inLanguage":"pt-BR","potentialAction":[{"@type":"CommentAction","name":"Comment","target":["https:\/\/cleitonpinheiro.com.br\/site\/prouni-2-2025-prazo-de-entrega-de-documentos-e-prorrogado-para-dia-18\/#respond"]}]},{"@type":"WebPage","@id":"https:\/\/cleitonpinheiro.com.br\/site\/prouni-2-2025-prazo-de-entrega-de-documentos-e-prorrogado-para-dia-18\/","url":"https:\/\/cleitonpinheiro.com.br\/site\/prouni-2-2025-prazo-de-entrega-de-documentos-e-prorrogado-para-dia-18\/","name":"Prouni 2\/2025: prazo de entrega de documentos \u00e9 prorrogado para dia 18 - PORTAL DE NOT\u00cdCIAS CLEITON PINHEIRO","isPartOf":{"@id":"https:\/\/cleitonpinheiro.com.br\/site\/#website"},"primaryImageOfPage":{"@id":"https:\/\/cleitonpinheiro.com.br\/site\/prouni-2-2025-prazo-de-entrega-de-documentos-e-prorrogado-para-dia-18\/#primaryimage"},"image":{"@id":"https:\/\/cleitonpinheiro.com.br\/site\/prouni-2-2025-prazo-de-entrega-de-documentos-e-prorrogado-para-dia-18\/#primaryimage"},"thumbnailUrl":"https:\/\/cleitonpinheiro.com.br\/site\/wp-content\/uploads\/2025\/08\/0d9a5474.webp","datePublished":"2025-08-12T20:54:18+00:00","dateModified":"2025-08-12T20:54:23+00:00","breadcrumb":{"@id":"https:\/\/cleitonpinheiro.com.br\/site\/prouni-2-2025-prazo-de-entrega-de-documentos-e-prorrogado-para-dia-18\/#breadcrumb"},"inLanguage":"pt-BR","potentialAction":[{"@type":"ReadAction","target":["https:\/\/cleitonpinheiro.com.br\/site\/prouni-2-2025-prazo-de-entrega-de-documentos-e-prorrogado-para-dia-18\/"]}]},{"@type":"ImageObject","inLanguage":"pt-BR","@id":"https:\/\/cleitonpinheiro.com.br\/site\/prouni-2-2025-prazo-de-entrega-de-documentos-e-prorrogado-para-dia-18\/#primaryimage","url":"https:\/\/cleitonpinheiro.com.br\/site\/wp-content\/uploads\/2025\/08\/0d9a5474.webp","contentUrl":"https:\/\/cleitonpinheiro.com.br\/site\/wp-content\/uploads\/2025\/08\/0d9a5474.webp","width":1170,"height":700,"caption":"\u00a9 Jose Cruz\/Ag\u00eancia Brasil"},{"@type":"BreadcrumbList","@id":"https:\/\/cleitonpinheiro.com.br\/site\/prouni-2-2025-prazo-de-entrega-de-documentos-e-prorrogado-para-dia-18\/#breadcrumb","itemListElement":[{"@type":"ListItem","position":1,"name":"In\u00edcio","item":"https:\/\/cleitonpinheiro.com.br\/site\/"},{"@type":"ListItem","position":2,"name":"Prouni 2\/2025: prazo de entrega de documentos \u00e9 prorrogado para dia 18"}]},{"@type":"WebSite","@id":"https:\/\/cleitonpinheiro.com.br\/site\/#website","url":"https:\/\/cleitonpinheiro.com.br\/site\/","name":"PORTAL DE NOT\u00cdCIAS CLEITON PINHEIRO","description":"FALANDO A VERDADE","publisher":{"@id":"https:\/\/cleitonpinheiro.com.br\/site\/#organization"},"potentialAction":[{"@type":"SearchAction","target":{"@type":"EntryPoint","urlTemplate":"https:\/\/cleitonpinheiro.com.br\/site\/?s={search_term_string}"},"query-input":{"@type":"PropertyValueSpecification","valueRequired":true,"valueName":"search_term_string"}}],"inLanguage":"pt-BR"},{"@type":"Organization","@id":"https:\/\/cleitonpinheiro.com.br\/site\/#organization","name":"CPNOT\u00cdCIAS","url":"https:\/\/cleitonpinheiro.com.br\/site\/","logo":{"@type":"ImageObject","inLanguage":"pt-BR","@id":"https:\/\/cleitonpinheiro.com.br\/site\/#\/schema\/logo\/image\/","url":"https:\/\/cleitonpinheiro.com.br\/site\/wp-content\/uploads\/2022\/08\/Logo-pequena-2.png","contentUrl":"https:\/\/cleitonpinheiro.com.br\/site\/wp-content\/uploads\/2022\/08\/Logo-pequena-2.png","width":500,"height":500,"caption":"CPNOT\u00cdCIAS"},"image":{"@id":"https:\/\/cleitonpinheiro.com.br\/site\/#\/schema\/logo\/image\/"},"sameAs":["https:\/\/www.facebook.com\/portalcpnoticias\/"]},{"@type":"Person","@id":"https:\/\/cleitonpinheiro.com.br\/site\/#\/schema\/person\/8f04544e0bc40a1b68775b08360f87db","name":"Reda\u00e7\u00e3o CP","image":{"@type":"ImageObject","inLanguage":"pt-BR","@id":"https:\/\/cleitonpinheiro.com.br\/site\/#\/schema\/person\/image\/","url":"https:\/\/secure.gravatar.com\/avatar\/0bcf19cb29fdc8fc588c490c7ae1b3e174dac268586a63fbe1d1893a0f9020cd?s=96&r=g","contentUrl":"https:\/\/secure.gravatar.com\/avatar\/0bcf19cb29fdc8fc588c490c7ae1b3e174dac268586a63fbe1d1893a0f9020cd?s=96&r=g","caption":"Reda\u00e7\u00e3o CP"},"url":"https:\/\/cleitonpinheiro.com.br\/site\/author\/redacao\/"}]}},"views":116,"_links":{"self":[{"href":"https:\/\/cleitonpinheiro.com.br\/site\/wp-json\/wp\/v2\/posts\/86545","targetHints":{"allow":["GET"]}}],"collection":[{"href":"https:\/\/cleitonpinheiro.com.br\/site\/wp-json\/wp\/v2\/posts"}],"about":[{"href":"https:\/\/cleitonpinheiro.com.br\/site\/wp-json\/wp\/v2\/types\/post"}],"author":[{"embeddable":true,"href":"https:\/\/cleitonpinheiro.com.br\/site\/wp-json\/wp\/v2\/users\/13"}],"replies":[{"embeddable":true,"href":"https:\/\/cleitonpinheiro.com.br\/site\/wp-json\/wp\/v2\/comments?post=86545"}],"version-history":[{"count":1,"href":"https:\/\/cleitonpinheiro.com.br\/site\/wp-json\/wp\/v2\/posts\/86545\/revisions"}],"predecessor-version":[{"id":86547,"href":"https:\/\/cleitonpinheiro.com.br\/site\/wp-json\/wp\/v2\/posts\/86545\/revisions\/86547"}],"wp:featuredmedia":[{"embeddable":true,"href":"https:\/\/cleitonpinheiro.com.br\/site\/wp-json\/wp\/v2\/media\/86546"}],"wp:attachment":[{"href":"https:\/\/cleitonpinheiro.com.br\/site\/wp-json\/wp\/v2\/media?parent=86545"}],"wp:term":[{"taxonomy":"category","embeddable":true,"href":"https:\/\/cleitonpinheiro.com.br\/site\/wp-json\/wp\/v2\/categories?post=86545"},{"taxonomy":"post_tag","embeddable":true,"href":"https:\/\/cleitonpinheiro.com.br\/site\/wp-json\/wp\/v2\/tags?post=86545"}],"curies":[{"name":"wp","href":"https:\/\/api.w.org\/{rel}","templated":true}]}}