{"id":86548,"date":"2025-08-12T17:56:30","date_gmt":"2025-08-12T20:56:30","guid":{"rendered":"https:\/\/cleitonpinheiro.com.br\/site\/?p=86548"},"modified":"2025-08-12T17:56:34","modified_gmt":"2025-08-12T20:56:34","slug":"selecao-feminina-avanca-as-quartas-da-copa-america-de-basquete-em-cr","status":"publish","type":"post","link":"https:\/\/cleitonpinheiro.com.br\/site\/selecao-feminina-avanca-as-quartas-da-copa-america-de-basquete-em-cr\/","title":{"rendered":"Sele\u00e7\u00e3o feminina avan\u00e7a \u00e0s quartas da Copa Am\u00e9rica de basquete em CR"},"content":{"rendered":"\n<figure class=\"wp-block-image size-large\"><img fetchpriority=\"high\" decoding=\"async\" width=\"1024\" height=\"613\" src=\"https:\/\/cleitonpinheiro.com.br\/site\/wp-content\/uploads\/2025\/08\/selecao_fem_basq_cadeira_rodas_copa_america_2025-1024x613.webp\" alt=\"\" class=\"wp-image-86549\" srcset=\"https:\/\/cleitonpinheiro.com.br\/site\/wp-content\/uploads\/2025\/08\/selecao_fem_basq_cadeira_rodas_copa_america_2025-1024x613.webp 1024w, https:\/\/cleitonpinheiro.com.br\/site\/wp-content\/uploads\/2025\/08\/selecao_fem_basq_cadeira_rodas_copa_america_2025-300x179.webp 300w, https:\/\/cleitonpinheiro.com.br\/site\/wp-content\/uploads\/2025\/08\/selecao_fem_basq_cadeira_rodas_copa_america_2025-768x459.webp 768w, https:\/\/cleitonpinheiro.com.br\/site\/wp-content\/uploads\/2025\/08\/selecao_fem_basq_cadeira_rodas_copa_america_2025.webp 1170w\" sizes=\"(max-width: 1024px) 100vw, 1024px\" \/><\/figure>\n\n\n\n<p>A sele\u00e7\u00e3o brasileira feminina de basquete em cadeira de rodas avan\u00e7ou \u00e0s quartas de final da Copa Am\u00e9rica, em Bogot\u00e1 (Col\u00f4mbia), com 100% de aproveitamento. Nesta segunda-feira (11), as brasileiras atropelaram El Salvador, por 91&nbsp;a 4, fechando a fase de grupos na lideran\u00e7a da chave B, com tr\u00eas vit\u00f3rias em tr\u00eas partidas. &nbsp;A sele\u00e7\u00e3o volta \u00e0 quadra na ter\u00e7a (12), \u00e0s 21h30 (hor\u00e1rio de Bras\u00edlia),&nbsp;contra o Peru (<a href=\"https:\/\/hosted.dcd.shared.geniussports.com\/IWBF\/en\/competition\/41702\/standings?\"><strong>\u00faltimo colocado do Grupo A<\/strong><\/a>, como prev\u00ea o regulamento).<img decoding=\"async\" src=\"https:\/\/agenciabrasil.ebc.com.br\/ebc.png?id=1654025&amp;o=node\"><img decoding=\"async\" src=\"https:\/\/agenciabrasil.ebc.com.br\/ebc.gif?id=1654025&amp;o=node\"><\/p>\n\n\n\n<p>O chaveamento completo das quartas de final sair\u00e1 ap\u00f3s o t\u00e9rmino do \u00faltimo confronto do Grupo A, programado para \u00e0s 19h30 desta segunda (11), a Col\u00f4mbia e Canad\u00e1 (a partir das 19h30). Todos os jogos da competi\u00e7\u00e3o t\u00eam\u00a0<a href=\"https:\/\/www.youtube.com\/@iwbforg\"><strong>transmiss\u00e3o ao vivo online<\/strong><\/a>\u00a0(on streaming)\u00a0no canal da Federa\u00e7\u00e3o Internacional de Basquete em Cadeira de Rodas (IWBF, na sigla em ingl\u00eas).<\/p>\n\n\n\n<p>A Copa Am\u00e9rica distribuir\u00e1 duas vagas diretas ao Mundial de basquete em cadeira de rodas de 2026, em Ottawa (Canad\u00e1) para as sele\u00e7\u00f5es finalistas e outra duas para repescagem. &nbsp;Al\u00e9m da vaga no Mundial, o Brasil busca um ouro in\u00e9dito na competi\u00e7\u00e3o. A sele\u00e7\u00e3o feminina j\u00e1 subiu ao p\u00f3dio duas vezes, com medalha de bronze. Nas duas ocasi\u00f5es (2017 e 2022), o Brasil derrotou a Argentina.<\/p>\n\n\n\n<p>A campanha invicta do Brasil come\u00e7ou no \u00faltimo s\u00e1bado (9), quando venceu o Canad\u00e1 -sede do Mundial de 2026 \u2013 por 70 a 62, pelo Grupo B. No dia seguinte, a sele\u00e7\u00e3o bateu a Col\u00f4mbia por 67 a 29. Na chave A est\u00e3o Argentina, Estados Unidos, M\u00e9xico e Peru.<\/p>\n\n\n\n<p>Todas as oito sele\u00e7\u00f5es participantes seguem \u00e0s quartas, com o seguinte chaveamento: 1\u00ba do grupo A x 4\u00ba do grupo B, 2\u00baA x 3\u00baB, 3\u00baA x 2\u00baB e 4\u00baA x 1\u00baB. As equipes vencedoras disputar\u00e3o as semifinais na quarta (13). &nbsp;A decis\u00e3o do t\u00edtulo est\u00e1 programada para quinta (14).<\/p>\n","protected":false},"excerpt":{"rendered":"<p>A sele\u00e7\u00e3o brasileira feminina de basquete em cadeira de rodas avan\u00e7ou \u00e0s quartas de final da Copa Am\u00e9rica, em Bogot\u00e1 (Col\u00f4mbia), com 100% de aproveitamento. Nesta segunda-feira (11), as brasileiras atropelaram El Salvador, por 91&nbsp;a 4, fechando a fase de grupos na lideran\u00e7a da chave B, com tr\u00eas vit\u00f3rias em tr\u00eas partidas. &nbsp;A sele\u00e7\u00e3o volta [&hellip;]<\/p>\n","protected":false},"author":13,"featured_media":86549,"comment_status":"open","ping_status":"open","sticky":false,"template":"","format":"standard","meta":{"_acf_changed":false,"footnotes":""},"categories":[1,20,21],"tags":[],"class_list":["post-86548","post","type-post","status-publish","format-standard","has-post-thumbnail","hentry","category-esporte","category-noticias-em-destaque","category-todas-noticias"],"acf":[],"yoast_head":"<!-- This site is optimized with the Yoast SEO plugin v24.4 - https:\/\/yoast.com\/wordpress\/plugins\/seo\/ -->\n<title>Sele\u00e7\u00e3o feminina avan\u00e7a \u00e0s quartas da Copa Am\u00e9rica de basquete em CR - PORTAL DE NOT\u00cdCIAS CLEITON PINHEIRO<\/title>\n<meta name=\"robots\" content=\"index, follow, max-snippet:-1, max-image-preview:large, max-video-preview:-1\" \/>\n<link rel=\"canonical\" href=\"https:\/\/cleitonpinheiro.com.br\/site\/selecao-feminina-avanca-as-quartas-da-copa-america-de-basquete-em-cr\/\" \/>\n<meta property=\"og:locale\" content=\"pt_BR\" \/>\n<meta property=\"og:type\" content=\"article\" \/>\n<meta property=\"og:title\" content=\"Sele\u00e7\u00e3o feminina avan\u00e7a \u00e0s quartas da Copa Am\u00e9rica de basquete em CR - PORTAL DE NOT\u00cdCIAS CLEITON PINHEIRO\" \/>\n<meta property=\"og:description\" content=\"A sele\u00e7\u00e3o brasileira feminina de basquete em cadeira de rodas avan\u00e7ou \u00e0s quartas de final da Copa Am\u00e9rica, em Bogot\u00e1 (Col\u00f4mbia), com 100% de aproveitamento. Nesta segunda-feira (11), as brasileiras atropelaram El Salvador, por 91&nbsp;a 4, fechando a fase de grupos na lideran\u00e7a da chave B, com tr\u00eas vit\u00f3rias em tr\u00eas partidas. &nbsp;A sele\u00e7\u00e3o volta [&hellip;]\" \/>\n<meta property=\"og:url\" content=\"https:\/\/cleitonpinheiro.com.br\/site\/selecao-feminina-avanca-as-quartas-da-copa-america-de-basquete-em-cr\/\" \/>\n<meta property=\"og:site_name\" content=\"PORTAL DE NOT\u00cdCIAS CLEITON PINHEIRO\" \/>\n<meta property=\"article:publisher\" content=\"https:\/\/www.facebook.com\/portalcpnoticias\/\" \/>\n<meta property=\"article:published_time\" content=\"2025-08-12T20:56:30+00:00\" \/>\n<meta property=\"article:modified_time\" content=\"2025-08-12T20:56:34+00:00\" \/>\n<meta property=\"og:image\" content=\"https:\/\/cleitonpinheiro.com.br\/site\/wp-content\/uploads\/2025\/08\/selecao_fem_basq_cadeira_rodas_copa_america_2025.webp\" \/>\n\t<meta property=\"og:image:width\" content=\"1170\" \/>\n\t<meta property=\"og:image:height\" content=\"700\" \/>\n\t<meta property=\"og:image:type\" content=\"image\/webp\" \/>\n<meta name=\"author\" content=\"Reda\u00e7\u00e3o CP\" \/>\n<meta name=\"twitter:card\" content=\"summary_large_image\" \/>\n<meta name=\"twitter:label1\" content=\"Escrito por\" \/>\n\t<meta name=\"twitter:data1\" content=\"Reda\u00e7\u00e3o CP\" \/>\n\t<meta name=\"twitter:label2\" content=\"Est. tempo de leitura\" \/>\n\t<meta name=\"twitter:data2\" content=\"3 minutos\" \/>\n<script type=\"application\/ld+json\" class=\"yoast-schema-graph\">{\"@context\":\"https:\/\/schema.org\",\"@graph\":[{\"@type\":\"Article\",\"@id\":\"https:\/\/cleitonpinheiro.com.br\/site\/selecao-feminina-avanca-as-quartas-da-copa-america-de-basquete-em-cr\/#article\",\"isPartOf\":{\"@id\":\"https:\/\/cleitonpinheiro.com.br\/site\/selecao-feminina-avanca-as-quartas-da-copa-america-de-basquete-em-cr\/\"},\"author\":{\"name\":\"Reda\u00e7\u00e3o CP\",\"@id\":\"https:\/\/cleitonpinheiro.com.br\/site\/#\/schema\/person\/8f04544e0bc40a1b68775b08360f87db\"},\"headline\":\"Sele\u00e7\u00e3o feminina avan\u00e7a \u00e0s quartas da Copa Am\u00e9rica de basquete em CR\",\"datePublished\":\"2025-08-12T20:56:30+00:00\",\"dateModified\":\"2025-08-12T20:56:34+00:00\",\"mainEntityOfPage\":{\"@id\":\"https:\/\/cleitonpinheiro.com.br\/site\/selecao-feminina-avanca-as-quartas-da-copa-america-de-basquete-em-cr\/\"},\"wordCount\":339,\"commentCount\":0,\"publisher\":{\"@id\":\"https:\/\/cleitonpinheiro.com.br\/site\/#organization\"},\"image\":{\"@id\":\"https:\/\/cleitonpinheiro.com.br\/site\/selecao-feminina-avanca-as-quartas-da-copa-america-de-basquete-em-cr\/#primaryimage\"},\"thumbnailUrl\":\"https:\/\/cleitonpinheiro.com.br\/site\/wp-content\/uploads\/2025\/08\/selecao_fem_basq_cadeira_rodas_copa_america_2025.webp\",\"articleSection\":[\"ESPORTE\",\"NOT\u00cdCIAS EM DESTAQUE\",\"TODAS NOTICIAS\"],\"inLanguage\":\"pt-BR\",\"potentialAction\":[{\"@type\":\"CommentAction\",\"name\":\"Comment\",\"target\":[\"https:\/\/cleitonpinheiro.com.br\/site\/selecao-feminina-avanca-as-quartas-da-copa-america-de-basquete-em-cr\/#respond\"]}]},{\"@type\":\"WebPage\",\"@id\":\"https:\/\/cleitonpinheiro.com.br\/site\/selecao-feminina-avanca-as-quartas-da-copa-america-de-basquete-em-cr\/\",\"url\":\"https:\/\/cleitonpinheiro.com.br\/site\/selecao-feminina-avanca-as-quartas-da-copa-america-de-basquete-em-cr\/\",\"name\":\"Sele\u00e7\u00e3o feminina avan\u00e7a \u00e0s quartas da Copa Am\u00e9rica de basquete em CR - PORTAL DE NOT\u00cdCIAS CLEITON PINHEIRO\",\"isPartOf\":{\"@id\":\"https:\/\/cleitonpinheiro.com.br\/site\/#website\"},\"primaryImageOfPage\":{\"@id\":\"https:\/\/cleitonpinheiro.com.br\/site\/selecao-feminina-avanca-as-quartas-da-copa-america-de-basquete-em-cr\/#primaryimage\"},\"image\":{\"@id\":\"https:\/\/cleitonpinheiro.com.br\/site\/selecao-feminina-avanca-as-quartas-da-copa-america-de-basquete-em-cr\/#primaryimage\"},\"thumbnailUrl\":\"https:\/\/cleitonpinheiro.com.br\/site\/wp-content\/uploads\/2025\/08\/selecao_fem_basq_cadeira_rodas_copa_america_2025.webp\",\"datePublished\":\"2025-08-12T20:56:30+00:00\",\"dateModified\":\"2025-08-12T20:56:34+00:00\",\"breadcrumb\":{\"@id\":\"https:\/\/cleitonpinheiro.com.br\/site\/selecao-feminina-avanca-as-quartas-da-copa-america-de-basquete-em-cr\/#breadcrumb\"},\"inLanguage\":\"pt-BR\",\"potentialAction\":[{\"@type\":\"ReadAction\",\"target\":[\"https:\/\/cleitonpinheiro.com.br\/site\/selecao-feminina-avanca-as-quartas-da-copa-america-de-basquete-em-cr\/\"]}]},{\"@type\":\"ImageObject\",\"inLanguage\":\"pt-BR\",\"@id\":\"https:\/\/cleitonpinheiro.com.br\/site\/selecao-feminina-avanca-as-quartas-da-copa-america-de-basquete-em-cr\/#primaryimage\",\"url\":\"https:\/\/cleitonpinheiro.com.br\/site\/wp-content\/uploads\/2025\/08\/selecao_fem_basq_cadeira_rodas_copa_america_2025.webp\",\"contentUrl\":\"https:\/\/cleitonpinheiro.com.br\/site\/wp-content\/uploads\/2025\/08\/selecao_fem_basq_cadeira_rodas_copa_america_2025.webp\",\"width\":1170,\"height\":700},{\"@type\":\"BreadcrumbList\",\"@id\":\"https:\/\/cleitonpinheiro.com.br\/site\/selecao-feminina-avanca-as-quartas-da-copa-america-de-basquete-em-cr\/#breadcrumb\",\"itemListElement\":[{\"@type\":\"ListItem\",\"position\":1,\"name\":\"In\u00edcio\",\"item\":\"https:\/\/cleitonpinheiro.com.br\/site\/\"},{\"@type\":\"ListItem\",\"position\":2,\"name\":\"Sele\u00e7\u00e3o feminina avan\u00e7a \u00e0s quartas da Copa Am\u00e9rica de basquete em CR\"}]},{\"@type\":\"WebSite\",\"@id\":\"https:\/\/cleitonpinheiro.com.br\/site\/#website\",\"url\":\"https:\/\/cleitonpinheiro.com.br\/site\/\",\"name\":\"PORTAL DE NOT\u00cdCIAS CLEITON PINHEIRO\",\"description\":\"FALANDO A VERDADE\",\"publisher\":{\"@id\":\"https:\/\/cleitonpinheiro.com.br\/site\/#organization\"},\"potentialAction\":[{\"@type\":\"SearchAction\",\"target\":{\"@type\":\"EntryPoint\",\"urlTemplate\":\"https:\/\/cleitonpinheiro.com.br\/site\/?s={search_term_string}\"},\"query-input\":{\"@type\":\"PropertyValueSpecification\",\"valueRequired\":true,\"valueName\":\"search_term_string\"}}],\"inLanguage\":\"pt-BR\"},{\"@type\":\"Organization\",\"@id\":\"https:\/\/cleitonpinheiro.com.br\/site\/#organization\",\"name\":\"CPNOT\u00cdCIAS\",\"url\":\"https:\/\/cleitonpinheiro.com.br\/site\/\",\"logo\":{\"@type\":\"ImageObject\",\"inLanguage\":\"pt-BR\",\"@id\":\"https:\/\/cleitonpinheiro.com.br\/site\/#\/schema\/logo\/image\/\",\"url\":\"https:\/\/cleitonpinheiro.com.br\/site\/wp-content\/uploads\/2022\/08\/Logo-pequena-2.png\",\"contentUrl\":\"https:\/\/cleitonpinheiro.com.br\/site\/wp-content\/uploads\/2022\/08\/Logo-pequena-2.png\",\"width\":500,\"height\":500,\"caption\":\"CPNOT\u00cdCIAS\"},\"image\":{\"@id\":\"https:\/\/cleitonpinheiro.com.br\/site\/#\/schema\/logo\/image\/\"},\"sameAs\":[\"https:\/\/www.facebook.com\/portalcpnoticias\/\"]},{\"@type\":\"Person\",\"@id\":\"https:\/\/cleitonpinheiro.com.br\/site\/#\/schema\/person\/8f04544e0bc40a1b68775b08360f87db\",\"name\":\"Reda\u00e7\u00e3o CP\",\"image\":{\"@type\":\"ImageObject\",\"inLanguage\":\"pt-BR\",\"@id\":\"https:\/\/cleitonpinheiro.com.br\/site\/#\/schema\/person\/image\/\",\"url\":\"https:\/\/secure.gravatar.com\/avatar\/0bcf19cb29fdc8fc588c490c7ae1b3e174dac268586a63fbe1d1893a0f9020cd?s=96&r=g\",\"contentUrl\":\"https:\/\/secure.gravatar.com\/avatar\/0bcf19cb29fdc8fc588c490c7ae1b3e174dac268586a63fbe1d1893a0f9020cd?s=96&r=g\",\"caption\":\"Reda\u00e7\u00e3o CP\"},\"url\":\"https:\/\/cleitonpinheiro.com.br\/site\/author\/redacao\/\"}]}<\/script>\n<!-- \/ Yoast SEO plugin. -->","yoast_head_json":{"title":"Sele\u00e7\u00e3o feminina avan\u00e7a \u00e0s quartas da Copa Am\u00e9rica de basquete em CR - PORTAL DE NOT\u00cdCIAS CLEITON PINHEIRO","robots":{"index":"index","follow":"follow","max-snippet":"max-snippet:-1","max-image-preview":"max-image-preview:large","max-video-preview":"max-video-preview:-1"},"canonical":"https:\/\/cleitonpinheiro.com.br\/site\/selecao-feminina-avanca-as-quartas-da-copa-america-de-basquete-em-cr\/","og_locale":"pt_BR","og_type":"article","og_title":"Sele\u00e7\u00e3o feminina avan\u00e7a \u00e0s quartas da Copa Am\u00e9rica de basquete em CR - PORTAL DE NOT\u00cdCIAS CLEITON PINHEIRO","og_description":"A sele\u00e7\u00e3o brasileira feminina de basquete em cadeira de rodas avan\u00e7ou \u00e0s quartas de final da Copa Am\u00e9rica, em Bogot\u00e1 (Col\u00f4mbia), com 100% de aproveitamento. Nesta segunda-feira (11), as brasileiras atropelaram El Salvador, por 91&nbsp;a 4, fechando a fase de grupos na lideran\u00e7a da chave B, com tr\u00eas vit\u00f3rias em tr\u00eas partidas. &nbsp;A sele\u00e7\u00e3o volta [&hellip;]","og_url":"https:\/\/cleitonpinheiro.com.br\/site\/selecao-feminina-avanca-as-quartas-da-copa-america-de-basquete-em-cr\/","og_site_name":"PORTAL DE NOT\u00cdCIAS CLEITON PINHEIRO","article_publisher":"https:\/\/www.facebook.com\/portalcpnoticias\/","article_published_time":"2025-08-12T20:56:30+00:00","article_modified_time":"2025-08-12T20:56:34+00:00","og_image":[{"width":1170,"height":700,"url":"https:\/\/cleitonpinheiro.com.br\/site\/wp-content\/uploads\/2025\/08\/selecao_fem_basq_cadeira_rodas_copa_america_2025.webp","type":"image\/webp"}],"author":"Reda\u00e7\u00e3o CP","twitter_card":"summary_large_image","twitter_misc":{"Escrito por":"Reda\u00e7\u00e3o CP","Est. tempo de leitura":"3 minutos"},"schema":{"@context":"https:\/\/schema.org","@graph":[{"@type":"Article","@id":"https:\/\/cleitonpinheiro.com.br\/site\/selecao-feminina-avanca-as-quartas-da-copa-america-de-basquete-em-cr\/#article","isPartOf":{"@id":"https:\/\/cleitonpinheiro.com.br\/site\/selecao-feminina-avanca-as-quartas-da-copa-america-de-basquete-em-cr\/"},"author":{"name":"Reda\u00e7\u00e3o CP","@id":"https:\/\/cleitonpinheiro.com.br\/site\/#\/schema\/person\/8f04544e0bc40a1b68775b08360f87db"},"headline":"Sele\u00e7\u00e3o feminina avan\u00e7a \u00e0s quartas da Copa Am\u00e9rica de basquete em CR","datePublished":"2025-08-12T20:56:30+00:00","dateModified":"2025-08-12T20:56:34+00:00","mainEntityOfPage":{"@id":"https:\/\/cleitonpinheiro.com.br\/site\/selecao-feminina-avanca-as-quartas-da-copa-america-de-basquete-em-cr\/"},"wordCount":339,"commentCount":0,"publisher":{"@id":"https:\/\/cleitonpinheiro.com.br\/site\/#organization"},"image":{"@id":"https:\/\/cleitonpinheiro.com.br\/site\/selecao-feminina-avanca-as-quartas-da-copa-america-de-basquete-em-cr\/#primaryimage"},"thumbnailUrl":"https:\/\/cleitonpinheiro.com.br\/site\/wp-content\/uploads\/2025\/08\/selecao_fem_basq_cadeira_rodas_copa_america_2025.webp","articleSection":["ESPORTE","NOT\u00cdCIAS EM DESTAQUE","TODAS NOTICIAS"],"inLanguage":"pt-BR","potentialAction":[{"@type":"CommentAction","name":"Comment","target":["https:\/\/cleitonpinheiro.com.br\/site\/selecao-feminina-avanca-as-quartas-da-copa-america-de-basquete-em-cr\/#respond"]}]},{"@type":"WebPage","@id":"https:\/\/cleitonpinheiro.com.br\/site\/selecao-feminina-avanca-as-quartas-da-copa-america-de-basquete-em-cr\/","url":"https:\/\/cleitonpinheiro.com.br\/site\/selecao-feminina-avanca-as-quartas-da-copa-america-de-basquete-em-cr\/","name":"Sele\u00e7\u00e3o feminina avan\u00e7a \u00e0s quartas da Copa Am\u00e9rica de basquete em CR - PORTAL DE NOT\u00cdCIAS CLEITON PINHEIRO","isPartOf":{"@id":"https:\/\/cleitonpinheiro.com.br\/site\/#website"},"primaryImageOfPage":{"@id":"https:\/\/cleitonpinheiro.com.br\/site\/selecao-feminina-avanca-as-quartas-da-copa-america-de-basquete-em-cr\/#primaryimage"},"image":{"@id":"https:\/\/cleitonpinheiro.com.br\/site\/selecao-feminina-avanca-as-quartas-da-copa-america-de-basquete-em-cr\/#primaryimage"},"thumbnailUrl":"https:\/\/cleitonpinheiro.com.br\/site\/wp-content\/uploads\/2025\/08\/selecao_fem_basq_cadeira_rodas_copa_america_2025.webp","datePublished":"2025-08-12T20:56:30+00:00","dateModified":"2025-08-12T20:56:34+00:00","breadcrumb":{"@id":"https:\/\/cleitonpinheiro.com.br\/site\/selecao-feminina-avanca-as-quartas-da-copa-america-de-basquete-em-cr\/#breadcrumb"},"inLanguage":"pt-BR","potentialAction":[{"@type":"ReadAction","target":["https:\/\/cleitonpinheiro.com.br\/site\/selecao-feminina-avanca-as-quartas-da-copa-america-de-basquete-em-cr\/"]}]},{"@type":"ImageObject","inLanguage":"pt-BR","@id":"https:\/\/cleitonpinheiro.com.br\/site\/selecao-feminina-avanca-as-quartas-da-copa-america-de-basquete-em-cr\/#primaryimage","url":"https:\/\/cleitonpinheiro.com.br\/site\/wp-content\/uploads\/2025\/08\/selecao_fem_basq_cadeira_rodas_copa_america_2025.webp","contentUrl":"https:\/\/cleitonpinheiro.com.br\/site\/wp-content\/uploads\/2025\/08\/selecao_fem_basq_cadeira_rodas_copa_america_2025.webp","width":1170,"height":700},{"@type":"BreadcrumbList","@id":"https:\/\/cleitonpinheiro.com.br\/site\/selecao-feminina-avanca-as-quartas-da-copa-america-de-basquete-em-cr\/#breadcrumb","itemListElement":[{"@type":"ListItem","position":1,"name":"In\u00edcio","item":"https:\/\/cleitonpinheiro.com.br\/site\/"},{"@type":"ListItem","position":2,"name":"Sele\u00e7\u00e3o feminina avan\u00e7a \u00e0s quartas da Copa Am\u00e9rica de basquete em CR"}]},{"@type":"WebSite","@id":"https:\/\/cleitonpinheiro.com.br\/site\/#website","url":"https:\/\/cleitonpinheiro.com.br\/site\/","name":"PORTAL DE NOT\u00cdCIAS CLEITON PINHEIRO","description":"FALANDO A VERDADE","publisher":{"@id":"https:\/\/cleitonpinheiro.com.br\/site\/#organization"},"potentialAction":[{"@type":"SearchAction","target":{"@type":"EntryPoint","urlTemplate":"https:\/\/cleitonpinheiro.com.br\/site\/?s={search_term_string}"},"query-input":{"@type":"PropertyValueSpecification","valueRequired":true,"valueName":"search_term_string"}}],"inLanguage":"pt-BR"},{"@type":"Organization","@id":"https:\/\/cleitonpinheiro.com.br\/site\/#organization","name":"CPNOT\u00cdCIAS","url":"https:\/\/cleitonpinheiro.com.br\/site\/","logo":{"@type":"ImageObject","inLanguage":"pt-BR","@id":"https:\/\/cleitonpinheiro.com.br\/site\/#\/schema\/logo\/image\/","url":"https:\/\/cleitonpinheiro.com.br\/site\/wp-content\/uploads\/2022\/08\/Logo-pequena-2.png","contentUrl":"https:\/\/cleitonpinheiro.com.br\/site\/wp-content\/uploads\/2022\/08\/Logo-pequena-2.png","width":500,"height":500,"caption":"CPNOT\u00cdCIAS"},"image":{"@id":"https:\/\/cleitonpinheiro.com.br\/site\/#\/schema\/logo\/image\/"},"sameAs":["https:\/\/www.facebook.com\/portalcpnoticias\/"]},{"@type":"Person","@id":"https:\/\/cleitonpinheiro.com.br\/site\/#\/schema\/person\/8f04544e0bc40a1b68775b08360f87db","name":"Reda\u00e7\u00e3o CP","image":{"@type":"ImageObject","inLanguage":"pt-BR","@id":"https:\/\/cleitonpinheiro.com.br\/site\/#\/schema\/person\/image\/","url":"https:\/\/secure.gravatar.com\/avatar\/0bcf19cb29fdc8fc588c490c7ae1b3e174dac268586a63fbe1d1893a0f9020cd?s=96&r=g","contentUrl":"https:\/\/secure.gravatar.com\/avatar\/0bcf19cb29fdc8fc588c490c7ae1b3e174dac268586a63fbe1d1893a0f9020cd?s=96&r=g","caption":"Reda\u00e7\u00e3o CP"},"url":"https:\/\/cleitonpinheiro.com.br\/site\/author\/redacao\/"}]}},"views":145,"_links":{"self":[{"href":"https:\/\/cleitonpinheiro.com.br\/site\/wp-json\/wp\/v2\/posts\/86548","targetHints":{"allow":["GET"]}}],"collection":[{"href":"https:\/\/cleitonpinheiro.com.br\/site\/wp-json\/wp\/v2\/posts"}],"about":[{"href":"https:\/\/cleitonpinheiro.com.br\/site\/wp-json\/wp\/v2\/types\/post"}],"author":[{"embeddable":true,"href":"https:\/\/cleitonpinheiro.com.br\/site\/wp-json\/wp\/v2\/users\/13"}],"replies":[{"embeddable":true,"href":"https:\/\/cleitonpinheiro.com.br\/site\/wp-json\/wp\/v2\/comments?post=86548"}],"version-history":[{"count":1,"href":"https:\/\/cleitonpinheiro.com.br\/site\/wp-json\/wp\/v2\/posts\/86548\/revisions"}],"predecessor-version":[{"id":86550,"href":"https:\/\/cleitonpinheiro.com.br\/site\/wp-json\/wp\/v2\/posts\/86548\/revisions\/86550"}],"wp:featuredmedia":[{"embeddable":true,"href":"https:\/\/cleitonpinheiro.com.br\/site\/wp-json\/wp\/v2\/media\/86549"}],"wp:attachment":[{"href":"https:\/\/cleitonpinheiro.com.br\/site\/wp-json\/wp\/v2\/media?parent=86548"}],"wp:term":[{"taxonomy":"category","embeddable":true,"href":"https:\/\/cleitonpinheiro.com.br\/site\/wp-json\/wp\/v2\/categories?post=86548"},{"taxonomy":"post_tag","embeddable":true,"href":"https:\/\/cleitonpinheiro.com.br\/site\/wp-json\/wp\/v2\/tags?post=86548"}],"curies":[{"name":"wp","href":"https:\/\/api.w.org\/{rel}","templated":true}]}}