{"id":86561,"date":"2025-08-14T09:01:34","date_gmt":"2025-08-14T12:01:34","guid":{"rendered":"https:\/\/cleitonpinheiro.com.br\/site\/?p=86561"},"modified":"2025-08-14T09:01:40","modified_gmt":"2025-08-14T12:01:40","slug":"queimadas-deixaram-mais-de-7-mil-consumidores-sem-energia-no-tocantins-ate-o-inicio-de-agosto","status":"publish","type":"post","link":"https:\/\/cleitonpinheiro.com.br\/site\/queimadas-deixaram-mais-de-7-mil-consumidores-sem-energia-no-tocantins-ate-o-inicio-de-agosto\/","title":{"rendered":"Queimadas deixaram mais de 7 mil consumidores sem energia no Tocantins at\u00e9 o in\u00edcio de agosto"},"content":{"rendered":"\n<figure class=\"wp-block-image size-large\"><img fetchpriority=\"high\" decoding=\"async\" width=\"1024\" height=\"768\" src=\"https:\/\/cleitonpinheiro.com.br\/site\/wp-content\/uploads\/2025\/08\/WhatsApp-Image-2024-09-01-at-16.45.24-1024x768.jpeg\" alt=\"\" class=\"wp-image-86562\" srcset=\"https:\/\/cleitonpinheiro.com.br\/site\/wp-content\/uploads\/2025\/08\/WhatsApp-Image-2024-09-01-at-16.45.24-1024x768.jpeg 1024w, https:\/\/cleitonpinheiro.com.br\/site\/wp-content\/uploads\/2025\/08\/WhatsApp-Image-2024-09-01-at-16.45.24-300x225.jpeg 300w, https:\/\/cleitonpinheiro.com.br\/site\/wp-content\/uploads\/2025\/08\/WhatsApp-Image-2024-09-01-at-16.45.24-768x576.jpeg 768w, https:\/\/cleitonpinheiro.com.br\/site\/wp-content\/uploads\/2025\/08\/WhatsApp-Image-2024-09-01-at-16.45.24.jpeg 1280w\" sizes=\"(max-width: 1024px) 100vw, 1024px\" \/><\/figure>\n\n\n\n<p>De janeiro at\u00e9 a primeira semana de agosto deste ano, mais de sete mil fam\u00edlias tocantinenses tiveram o fornecimento de energia prejudicado em raz\u00e3o das queimadas. Ao todo houve o registro de 22 ocorr\u00eancias de interrup\u00e7\u00e3o de energia por fogo nesse per\u00edodo, metade do total s\u00f3 no m\u00eas de julho. Entre as cidades com o maior n\u00famero de ocorr\u00eancias est\u00e3o Palmas, Aragua\u00edna, Guara\u00ed e Miranorte.&nbsp;<\/p>\n\n\n\n<p>J\u00e1 nos seis primeiros meses deste ano, o n\u00famero reduziu pela metade em rela\u00e7\u00e3o ao mesmo per\u00edodo do ano passado, com o registro de 19 ocorr\u00eancias em 2025, e 38 no primeiro semestre de 2024.&nbsp;<\/p>\n\n\n\n<p>Ainda nesse comparativo, o n\u00famero de consumidores penalizados por falta de energia no m\u00eas de julho reduziu em 42%, de 11.367 para 6.537. Apesar da queda, a quantidade de unidades consumidoras impactadas pela interrup\u00e7\u00e3o no fornecimento causado pelas queimadas ainda \u00e9 grande.&nbsp;&nbsp;<\/p>\n\n\n\n<p>\u201cAl\u00e9m dessas interrup\u00e7\u00f5es de fornecimento, que impactam as fam\u00edlias, com\u00e9rcios e hospitais, as queimadas podem ocasionar o rompimento de cabos da rede e causar riscos para a popula\u00e7\u00e3o. Embora cada vez mais nossas redes estejam equipadas de novas tecnologias para interromper e isolar o problema ou at\u00e9 mesmo restabelecer o fornecimento de forma imediata, preservando a seguran\u00e7a, a orienta\u00e7\u00e3o \u00e9 jamais se aproximar de um cabo rompido. Esse cen\u00e1rio \u00e9 de risco iminente de acidente\u201d, pontua o gerente de opera\u00e7\u00e3o da Energisa Tocantins, Mauro In\u00e1cio.&nbsp;&nbsp;<\/p>\n\n\n\n<p>Entre as a\u00e7\u00f5es para minimizar o impacto das queimadas na rede el\u00e9trica, a Energisa Tocantins conta com um plano de manuten\u00e7\u00e3o para manejo adequado da vegeta\u00e7\u00e3o em \u00e1reas rurais, e podas de \u00e1rvores na zona urbana que s\u00e3o realizadas durante todo o ano.&nbsp;<\/p>\n\n\n\n<p>\u201cRealizamos a limpeza de faixa, que \u00e9 a poda t\u00e9cnica das vegeta\u00e7\u00f5es em torno da rede el\u00e9trica. Mantendo a vegeta\u00e7\u00e3o baixa nessas \u00e1reas espec\u00edficas, evitamos que ela possa crescer e eventualmente tocar na rede, causar um curto circuito, interromper energia e ocasionar o inc\u00eandio.&nbsp;Na zona&nbsp;urbano tamb\u00e9m temos as podas de \u00e1rvores t\u00e9cnicas, respeitando aspectos ambientais para garantir a continuidade do fornecimento de energia e evitar situa\u00e7\u00f5es de contato da vegeta\u00e7\u00e3o com as redes\u201d, destaca.&nbsp;<\/p>\n\n\n\n<p>A Energisa tamb\u00e9m comp\u00f5e o projeto Foco no Fogo, do Comit\u00ea Estadual de Combate aos Inc\u00eandios Florestais e Controle de Queimadas no Tocantins, junto ao Governo do Estado e Corpo de Bombeiros, que atua na conscientiza\u00e7\u00e3o da popula\u00e7\u00e3o sobre a preven\u00e7\u00e3o e combate aos inc\u00eandios, al\u00e9m de discutir os preju\u00edzos das queimadas.&nbsp;&nbsp;&nbsp;&nbsp;&nbsp;&nbsp;&nbsp;&nbsp;&nbsp;<\/p>\n\n\n\n<p>\u201cEstamos em um Estado muito quente ent\u00e3o j\u00e1 h\u00e1 um risco de queimadas inerente ao clima, principalmente nesta \u00e9poca do ano entre agosto e outubro, com temperaturas muito elevadas. Por isso, al\u00e9m da presta\u00e7\u00e3o de servi\u00e7os e participa\u00e7\u00e3o no Comit\u00ea do Fogo, contamos com uma equipe de campo que atua como agentes de orienta\u00e7\u00e3o e conscientiza\u00e7\u00e3o ambiental, em di\u00e1logo constante com a popula\u00e7\u00e3o sobre os riscos das queimadas durante atendimentos na zona urbana e rural\u201d.&nbsp;<\/p>\n\n\n\n<p><strong>Focos de fogo e o clima<\/strong><\/p>\n\n\n\n<p>De janeiro at\u00e9 o \u00faltimo dia 12 de agosto, o Tocantins registrou 4.435 focos de inc\u00eandio, de acordo com o portal de monitoramento do Inpe, Instituto Nacional de Pesquisas Espaciais. Se considerado o acumulado do primeiro semestre de 2024 e o mesmo per\u00edodo de 2025, o n\u00famero total de focos apresentou queda de 27%, ao passar de 3.611 em 2024, para 2.623 este ano.&nbsp;<\/p>\n\n\n\n<p>\u201cAno passado t\u00ednhamos a influ\u00eancia do fen\u00f4meno El Ni\u00f1o, que reduziu o volume de chuvas e aumentou as temperaturas. Com menor umidade, o clima ficou mais favor\u00e1vel \u00e0 ocorr\u00eancia de queimadas. Por\u00e9m, \u00e9 importante ressaltar que esse \u00e9 o fator natural, j\u00e1 que tamb\u00e9m existe a causa humana envolvida no processo de queimadas\u201d, informa a meteorologista e consultora da Energisa, Ana Paula Paes.&nbsp;&nbsp;<\/p>\n\n\n\n<p>Quanto \u00e0 previs\u00e3o do tempo, o m\u00eas de agosto deve ser marcado por temperaturas em torno de 2\u00b0C acima da m\u00e9dia climatol\u00f3gica do per\u00edodo, principalmente no centro-sul do Tocantins. \u201cNesta semana, devemos ter chuva moderada a localmente forte, acompanhadas de descargas atmosf\u00e9ricas no Norte do Estado. Ap\u00f3s esse per\u00edodo, as chances de chuva s\u00e3o baixas no Tocantins\u201d, destaca.&nbsp;<\/p>\n\n\n\n<p><strong>Seguran\u00e7a&nbsp;<\/strong><\/p>\n\n\n\n<p>O tempo quente e seco \u00e9 prop\u00edcio para o surgimento de queimadas, que podem atingir grandes propor\u00e7\u00f5es e serem de dif\u00edcil controle. Para isso, \u00e9 necess\u00e1rio seguir algumas recomenda\u00e7\u00f5es de seguran\u00e7a:&nbsp;&nbsp;<\/p>\n\n\n\n<p>\u2022 N\u00e3o fa\u00e7a queimadas em \u00e1reas pr\u00f3ximas \u00e0 rede el\u00e9trica: a alta temperatura pode comprometer o fornecimento de energia, causar oscila\u00e7\u00f5es e at\u00e9 mesmo o rompimento de cabos.&nbsp;&nbsp;&nbsp;&nbsp;&nbsp;<\/p>\n\n\n\n<p>\u2022 Procure fazer \u201caceiros\u201d: eles auxiliam na redu\u00e7\u00e3o do material combust\u00edvel e protegem cercas e outros ativos das propriedades.&nbsp;&nbsp;&nbsp;&nbsp;<\/p>\n\n\n\n<p>\u2022 Respeite a \u201cfaixa de servid\u00e3o\u201d, evitando plantios embaixo da rede de energia el\u00e9trica.&nbsp;&nbsp;&nbsp;&nbsp;<\/p>\n\n\n\n<p>\u2022 \u00c9 proibido realizar\u202fqueimadas\u202fa menos de 15 metros de rodovias, ferrovias e do limite das faixas de seguran\u00e7a das linhas de transmiss\u00e3o e de distribui\u00e7\u00e3o de energia;&nbsp;&nbsp;&nbsp;&nbsp;&nbsp;&nbsp;&nbsp;&nbsp;<\/p>\n\n\n\n<p>\u2022 Latinhas de metal, garrafas e outros tipos de vidros s\u00e3o potencializadores de princ\u00edpio de inc\u00eandios, por isso, \u00e9 necess\u00e1rio realizar o descarte adequado desses materiais e jamais descart\u00e1-lo nos acostamentos de rodovias. A destina\u00e7\u00e3o para projetos e\/ou empresas de reciclagem \u00e9 uma op\u00e7\u00e3o;&nbsp;&nbsp;<\/p>\n\n\n\n<p>\u2022 Apague com \u00e1gua qualquer resto de fogo em acampamentos e recolha os restos de carv\u00e3o. Evite enterrar esse material, pois al\u00e9m de contaminar o ambiente, pode causar acidentes com outras pessoas.&nbsp;&nbsp;&nbsp;&nbsp;<\/p>\n\n\n\n<p>\u2022 Bitucas de cigarros s\u00e3o extremamente perigosas. Sempre descarte em locais adequados.&nbsp;&nbsp;&nbsp;&nbsp;<\/p>\n","protected":false},"excerpt":{"rendered":"<p>De janeiro at\u00e9 a primeira semana de agosto deste ano, mais de sete mil fam\u00edlias tocantinenses tiveram o fornecimento de energia prejudicado em raz\u00e3o das queimadas. Ao todo houve o registro de 22 ocorr\u00eancias de interrup\u00e7\u00e3o de energia por fogo nesse per\u00edodo, metade do total s\u00f3 no m\u00eas de julho. Entre as cidades com o [&hellip;]<\/p>\n","protected":false},"author":13,"featured_media":86562,"comment_status":"open","ping_status":"open","sticky":false,"template":"","format":"standard","meta":{"_acf_changed":false,"footnotes":""},"categories":[8,898,21],"tags":[],"class_list":["post-86561","post","type-post","status-publish","format-standard","has-post-thumbnail","hentry","category-estado","category-manchete-segundaria","category-todas-noticias"],"acf":[],"yoast_head":"<!-- This site is optimized with the Yoast SEO plugin v24.4 - https:\/\/yoast.com\/wordpress\/plugins\/seo\/ -->\n<title>Queimadas deixaram mais de 7 mil consumidores sem energia no Tocantins at\u00e9 o in\u00edcio de agosto - PORTAL DE NOT\u00cdCIAS CLEITON PINHEIRO<\/title>\n<meta name=\"robots\" content=\"index, follow, max-snippet:-1, max-image-preview:large, max-video-preview:-1\" \/>\n<link rel=\"canonical\" href=\"https:\/\/cleitonpinheiro.com.br\/site\/queimadas-deixaram-mais-de-7-mil-consumidores-sem-energia-no-tocantins-ate-o-inicio-de-agosto\/\" \/>\n<meta property=\"og:locale\" content=\"pt_BR\" \/>\n<meta property=\"og:type\" content=\"article\" \/>\n<meta property=\"og:title\" content=\"Queimadas deixaram mais de 7 mil consumidores sem energia no Tocantins at\u00e9 o in\u00edcio de agosto - PORTAL DE NOT\u00cdCIAS CLEITON PINHEIRO\" \/>\n<meta property=\"og:description\" content=\"De janeiro at\u00e9 a primeira semana de agosto deste ano, mais de sete mil fam\u00edlias tocantinenses tiveram o fornecimento de energia prejudicado em raz\u00e3o das queimadas. Ao todo houve o registro de 22 ocorr\u00eancias de interrup\u00e7\u00e3o de energia por fogo nesse per\u00edodo, metade do total s\u00f3 no m\u00eas de julho. Entre as cidades com o [&hellip;]\" \/>\n<meta property=\"og:url\" content=\"https:\/\/cleitonpinheiro.com.br\/site\/queimadas-deixaram-mais-de-7-mil-consumidores-sem-energia-no-tocantins-ate-o-inicio-de-agosto\/\" \/>\n<meta property=\"og:site_name\" content=\"PORTAL DE NOT\u00cdCIAS CLEITON PINHEIRO\" \/>\n<meta property=\"article:publisher\" content=\"https:\/\/www.facebook.com\/portalcpnoticias\/\" \/>\n<meta property=\"article:published_time\" content=\"2025-08-14T12:01:34+00:00\" \/>\n<meta property=\"article:modified_time\" content=\"2025-08-14T12:01:40+00:00\" \/>\n<meta property=\"og:image\" content=\"https:\/\/cleitonpinheiro.com.br\/site\/wp-content\/uploads\/2025\/08\/WhatsApp-Image-2024-09-01-at-16.45.24.jpeg\" \/>\n\t<meta property=\"og:image:width\" content=\"1280\" \/>\n\t<meta property=\"og:image:height\" content=\"960\" \/>\n\t<meta property=\"og:image:type\" content=\"image\/jpeg\" \/>\n<meta name=\"author\" content=\"Reda\u00e7\u00e3o CP\" \/>\n<meta name=\"twitter:card\" content=\"summary_large_image\" \/>\n<meta name=\"twitter:label1\" content=\"Escrito por\" \/>\n\t<meta name=\"twitter:data1\" content=\"Reda\u00e7\u00e3o CP\" \/>\n\t<meta name=\"twitter:label2\" content=\"Est. tempo de leitura\" \/>\n\t<meta name=\"twitter:data2\" content=\"6 minutos\" \/>\n<script type=\"application\/ld+json\" class=\"yoast-schema-graph\">{\"@context\":\"https:\/\/schema.org\",\"@graph\":[{\"@type\":\"Article\",\"@id\":\"https:\/\/cleitonpinheiro.com.br\/site\/queimadas-deixaram-mais-de-7-mil-consumidores-sem-energia-no-tocantins-ate-o-inicio-de-agosto\/#article\",\"isPartOf\":{\"@id\":\"https:\/\/cleitonpinheiro.com.br\/site\/queimadas-deixaram-mais-de-7-mil-consumidores-sem-energia-no-tocantins-ate-o-inicio-de-agosto\/\"},\"author\":{\"name\":\"Reda\u00e7\u00e3o CP\",\"@id\":\"https:\/\/cleitonpinheiro.com.br\/site\/#\/schema\/person\/8f04544e0bc40a1b68775b08360f87db\"},\"headline\":\"Queimadas deixaram mais de 7 mil consumidores sem energia no Tocantins at\u00e9 o in\u00edcio de agosto\",\"datePublished\":\"2025-08-14T12:01:34+00:00\",\"dateModified\":\"2025-08-14T12:01:40+00:00\",\"mainEntityOfPage\":{\"@id\":\"https:\/\/cleitonpinheiro.com.br\/site\/queimadas-deixaram-mais-de-7-mil-consumidores-sem-energia-no-tocantins-ate-o-inicio-de-agosto\/\"},\"wordCount\":1020,\"commentCount\":0,\"publisher\":{\"@id\":\"https:\/\/cleitonpinheiro.com.br\/site\/#organization\"},\"image\":{\"@id\":\"https:\/\/cleitonpinheiro.com.br\/site\/queimadas-deixaram-mais-de-7-mil-consumidores-sem-energia-no-tocantins-ate-o-inicio-de-agosto\/#primaryimage\"},\"thumbnailUrl\":\"https:\/\/cleitonpinheiro.com.br\/site\/wp-content\/uploads\/2025\/08\/WhatsApp-Image-2024-09-01-at-16.45.24.jpeg\",\"articleSection\":[\"ESTADO\",\"MANCHETE SEGUND\u00c1RIA\",\"TODAS NOTICIAS\"],\"inLanguage\":\"pt-BR\",\"potentialAction\":[{\"@type\":\"CommentAction\",\"name\":\"Comment\",\"target\":[\"https:\/\/cleitonpinheiro.com.br\/site\/queimadas-deixaram-mais-de-7-mil-consumidores-sem-energia-no-tocantins-ate-o-inicio-de-agosto\/#respond\"]}]},{\"@type\":\"WebPage\",\"@id\":\"https:\/\/cleitonpinheiro.com.br\/site\/queimadas-deixaram-mais-de-7-mil-consumidores-sem-energia-no-tocantins-ate-o-inicio-de-agosto\/\",\"url\":\"https:\/\/cleitonpinheiro.com.br\/site\/queimadas-deixaram-mais-de-7-mil-consumidores-sem-energia-no-tocantins-ate-o-inicio-de-agosto\/\",\"name\":\"Queimadas deixaram mais de 7 mil consumidores sem energia no Tocantins at\u00e9 o in\u00edcio de agosto - PORTAL DE NOT\u00cdCIAS CLEITON PINHEIRO\",\"isPartOf\":{\"@id\":\"https:\/\/cleitonpinheiro.com.br\/site\/#website\"},\"primaryImageOfPage\":{\"@id\":\"https:\/\/cleitonpinheiro.com.br\/site\/queimadas-deixaram-mais-de-7-mil-consumidores-sem-energia-no-tocantins-ate-o-inicio-de-agosto\/#primaryimage\"},\"image\":{\"@id\":\"https:\/\/cleitonpinheiro.com.br\/site\/queimadas-deixaram-mais-de-7-mil-consumidores-sem-energia-no-tocantins-ate-o-inicio-de-agosto\/#primaryimage\"},\"thumbnailUrl\":\"https:\/\/cleitonpinheiro.com.br\/site\/wp-content\/uploads\/2025\/08\/WhatsApp-Image-2024-09-01-at-16.45.24.jpeg\",\"datePublished\":\"2025-08-14T12:01:34+00:00\",\"dateModified\":\"2025-08-14T12:01:40+00:00\",\"breadcrumb\":{\"@id\":\"https:\/\/cleitonpinheiro.com.br\/site\/queimadas-deixaram-mais-de-7-mil-consumidores-sem-energia-no-tocantins-ate-o-inicio-de-agosto\/#breadcrumb\"},\"inLanguage\":\"pt-BR\",\"potentialAction\":[{\"@type\":\"ReadAction\",\"target\":[\"https:\/\/cleitonpinheiro.com.br\/site\/queimadas-deixaram-mais-de-7-mil-consumidores-sem-energia-no-tocantins-ate-o-inicio-de-agosto\/\"]}]},{\"@type\":\"ImageObject\",\"inLanguage\":\"pt-BR\",\"@id\":\"https:\/\/cleitonpinheiro.com.br\/site\/queimadas-deixaram-mais-de-7-mil-consumidores-sem-energia-no-tocantins-ate-o-inicio-de-agosto\/#primaryimage\",\"url\":\"https:\/\/cleitonpinheiro.com.br\/site\/wp-content\/uploads\/2025\/08\/WhatsApp-Image-2024-09-01-at-16.45.24.jpeg\",\"contentUrl\":\"https:\/\/cleitonpinheiro.com.br\/site\/wp-content\/uploads\/2025\/08\/WhatsApp-Image-2024-09-01-at-16.45.24.jpeg\",\"width\":1280,\"height\":960},{\"@type\":\"BreadcrumbList\",\"@id\":\"https:\/\/cleitonpinheiro.com.br\/site\/queimadas-deixaram-mais-de-7-mil-consumidores-sem-energia-no-tocantins-ate-o-inicio-de-agosto\/#breadcrumb\",\"itemListElement\":[{\"@type\":\"ListItem\",\"position\":1,\"name\":\"In\u00edcio\",\"item\":\"https:\/\/cleitonpinheiro.com.br\/site\/\"},{\"@type\":\"ListItem\",\"position\":2,\"name\":\"Queimadas deixaram mais de 7 mil consumidores sem energia no Tocantins at\u00e9 o in\u00edcio de agosto\"}]},{\"@type\":\"WebSite\",\"@id\":\"https:\/\/cleitonpinheiro.com.br\/site\/#website\",\"url\":\"https:\/\/cleitonpinheiro.com.br\/site\/\",\"name\":\"PORTAL DE NOT\u00cdCIAS CLEITON PINHEIRO\",\"description\":\"FALANDO A VERDADE\",\"publisher\":{\"@id\":\"https:\/\/cleitonpinheiro.com.br\/site\/#organization\"},\"potentialAction\":[{\"@type\":\"SearchAction\",\"target\":{\"@type\":\"EntryPoint\",\"urlTemplate\":\"https:\/\/cleitonpinheiro.com.br\/site\/?s={search_term_string}\"},\"query-input\":{\"@type\":\"PropertyValueSpecification\",\"valueRequired\":true,\"valueName\":\"search_term_string\"}}],\"inLanguage\":\"pt-BR\"},{\"@type\":\"Organization\",\"@id\":\"https:\/\/cleitonpinheiro.com.br\/site\/#organization\",\"name\":\"CPNOT\u00cdCIAS\",\"url\":\"https:\/\/cleitonpinheiro.com.br\/site\/\",\"logo\":{\"@type\":\"ImageObject\",\"inLanguage\":\"pt-BR\",\"@id\":\"https:\/\/cleitonpinheiro.com.br\/site\/#\/schema\/logo\/image\/\",\"url\":\"https:\/\/cleitonpinheiro.com.br\/site\/wp-content\/uploads\/2022\/08\/Logo-pequena-2.png\",\"contentUrl\":\"https:\/\/cleitonpinheiro.com.br\/site\/wp-content\/uploads\/2022\/08\/Logo-pequena-2.png\",\"width\":500,\"height\":500,\"caption\":\"CPNOT\u00cdCIAS\"},\"image\":{\"@id\":\"https:\/\/cleitonpinheiro.com.br\/site\/#\/schema\/logo\/image\/\"},\"sameAs\":[\"https:\/\/www.facebook.com\/portalcpnoticias\/\"]},{\"@type\":\"Person\",\"@id\":\"https:\/\/cleitonpinheiro.com.br\/site\/#\/schema\/person\/8f04544e0bc40a1b68775b08360f87db\",\"name\":\"Reda\u00e7\u00e3o CP\",\"image\":{\"@type\":\"ImageObject\",\"inLanguage\":\"pt-BR\",\"@id\":\"https:\/\/cleitonpinheiro.com.br\/site\/#\/schema\/person\/image\/\",\"url\":\"https:\/\/secure.gravatar.com\/avatar\/0bcf19cb29fdc8fc588c490c7ae1b3e174dac268586a63fbe1d1893a0f9020cd?s=96&r=g\",\"contentUrl\":\"https:\/\/secure.gravatar.com\/avatar\/0bcf19cb29fdc8fc588c490c7ae1b3e174dac268586a63fbe1d1893a0f9020cd?s=96&r=g\",\"caption\":\"Reda\u00e7\u00e3o CP\"},\"url\":\"https:\/\/cleitonpinheiro.com.br\/site\/author\/redacao\/\"}]}<\/script>\n<!-- \/ Yoast SEO plugin. -->","yoast_head_json":{"title":"Queimadas deixaram mais de 7 mil consumidores sem energia no Tocantins at\u00e9 o in\u00edcio de agosto - PORTAL DE NOT\u00cdCIAS CLEITON PINHEIRO","robots":{"index":"index","follow":"follow","max-snippet":"max-snippet:-1","max-image-preview":"max-image-preview:large","max-video-preview":"max-video-preview:-1"},"canonical":"https:\/\/cleitonpinheiro.com.br\/site\/queimadas-deixaram-mais-de-7-mil-consumidores-sem-energia-no-tocantins-ate-o-inicio-de-agosto\/","og_locale":"pt_BR","og_type":"article","og_title":"Queimadas deixaram mais de 7 mil consumidores sem energia no Tocantins at\u00e9 o in\u00edcio de agosto - PORTAL DE NOT\u00cdCIAS CLEITON PINHEIRO","og_description":"De janeiro at\u00e9 a primeira semana de agosto deste ano, mais de sete mil fam\u00edlias tocantinenses tiveram o fornecimento de energia prejudicado em raz\u00e3o das queimadas. Ao todo houve o registro de 22 ocorr\u00eancias de interrup\u00e7\u00e3o de energia por fogo nesse per\u00edodo, metade do total s\u00f3 no m\u00eas de julho. Entre as cidades com o [&hellip;]","og_url":"https:\/\/cleitonpinheiro.com.br\/site\/queimadas-deixaram-mais-de-7-mil-consumidores-sem-energia-no-tocantins-ate-o-inicio-de-agosto\/","og_site_name":"PORTAL DE NOT\u00cdCIAS CLEITON PINHEIRO","article_publisher":"https:\/\/www.facebook.com\/portalcpnoticias\/","article_published_time":"2025-08-14T12:01:34+00:00","article_modified_time":"2025-08-14T12:01:40+00:00","og_image":[{"width":1280,"height":960,"url":"https:\/\/cleitonpinheiro.com.br\/site\/wp-content\/uploads\/2025\/08\/WhatsApp-Image-2024-09-01-at-16.45.24.jpeg","type":"image\/jpeg"}],"author":"Reda\u00e7\u00e3o CP","twitter_card":"summary_large_image","twitter_misc":{"Escrito por":"Reda\u00e7\u00e3o CP","Est. tempo de leitura":"6 minutos"},"schema":{"@context":"https:\/\/schema.org","@graph":[{"@type":"Article","@id":"https:\/\/cleitonpinheiro.com.br\/site\/queimadas-deixaram-mais-de-7-mil-consumidores-sem-energia-no-tocantins-ate-o-inicio-de-agosto\/#article","isPartOf":{"@id":"https:\/\/cleitonpinheiro.com.br\/site\/queimadas-deixaram-mais-de-7-mil-consumidores-sem-energia-no-tocantins-ate-o-inicio-de-agosto\/"},"author":{"name":"Reda\u00e7\u00e3o CP","@id":"https:\/\/cleitonpinheiro.com.br\/site\/#\/schema\/person\/8f04544e0bc40a1b68775b08360f87db"},"headline":"Queimadas deixaram mais de 7 mil consumidores sem energia no Tocantins at\u00e9 o in\u00edcio de agosto","datePublished":"2025-08-14T12:01:34+00:00","dateModified":"2025-08-14T12:01:40+00:00","mainEntityOfPage":{"@id":"https:\/\/cleitonpinheiro.com.br\/site\/queimadas-deixaram-mais-de-7-mil-consumidores-sem-energia-no-tocantins-ate-o-inicio-de-agosto\/"},"wordCount":1020,"commentCount":0,"publisher":{"@id":"https:\/\/cleitonpinheiro.com.br\/site\/#organization"},"image":{"@id":"https:\/\/cleitonpinheiro.com.br\/site\/queimadas-deixaram-mais-de-7-mil-consumidores-sem-energia-no-tocantins-ate-o-inicio-de-agosto\/#primaryimage"},"thumbnailUrl":"https:\/\/cleitonpinheiro.com.br\/site\/wp-content\/uploads\/2025\/08\/WhatsApp-Image-2024-09-01-at-16.45.24.jpeg","articleSection":["ESTADO","MANCHETE SEGUND\u00c1RIA","TODAS NOTICIAS"],"inLanguage":"pt-BR","potentialAction":[{"@type":"CommentAction","name":"Comment","target":["https:\/\/cleitonpinheiro.com.br\/site\/queimadas-deixaram-mais-de-7-mil-consumidores-sem-energia-no-tocantins-ate-o-inicio-de-agosto\/#respond"]}]},{"@type":"WebPage","@id":"https:\/\/cleitonpinheiro.com.br\/site\/queimadas-deixaram-mais-de-7-mil-consumidores-sem-energia-no-tocantins-ate-o-inicio-de-agosto\/","url":"https:\/\/cleitonpinheiro.com.br\/site\/queimadas-deixaram-mais-de-7-mil-consumidores-sem-energia-no-tocantins-ate-o-inicio-de-agosto\/","name":"Queimadas deixaram mais de 7 mil consumidores sem energia no Tocantins at\u00e9 o in\u00edcio de agosto - PORTAL DE NOT\u00cdCIAS CLEITON PINHEIRO","isPartOf":{"@id":"https:\/\/cleitonpinheiro.com.br\/site\/#website"},"primaryImageOfPage":{"@id":"https:\/\/cleitonpinheiro.com.br\/site\/queimadas-deixaram-mais-de-7-mil-consumidores-sem-energia-no-tocantins-ate-o-inicio-de-agosto\/#primaryimage"},"image":{"@id":"https:\/\/cleitonpinheiro.com.br\/site\/queimadas-deixaram-mais-de-7-mil-consumidores-sem-energia-no-tocantins-ate-o-inicio-de-agosto\/#primaryimage"},"thumbnailUrl":"https:\/\/cleitonpinheiro.com.br\/site\/wp-content\/uploads\/2025\/08\/WhatsApp-Image-2024-09-01-at-16.45.24.jpeg","datePublished":"2025-08-14T12:01:34+00:00","dateModified":"2025-08-14T12:01:40+00:00","breadcrumb":{"@id":"https:\/\/cleitonpinheiro.com.br\/site\/queimadas-deixaram-mais-de-7-mil-consumidores-sem-energia-no-tocantins-ate-o-inicio-de-agosto\/#breadcrumb"},"inLanguage":"pt-BR","potentialAction":[{"@type":"ReadAction","target":["https:\/\/cleitonpinheiro.com.br\/site\/queimadas-deixaram-mais-de-7-mil-consumidores-sem-energia-no-tocantins-ate-o-inicio-de-agosto\/"]}]},{"@type":"ImageObject","inLanguage":"pt-BR","@id":"https:\/\/cleitonpinheiro.com.br\/site\/queimadas-deixaram-mais-de-7-mil-consumidores-sem-energia-no-tocantins-ate-o-inicio-de-agosto\/#primaryimage","url":"https:\/\/cleitonpinheiro.com.br\/site\/wp-content\/uploads\/2025\/08\/WhatsApp-Image-2024-09-01-at-16.45.24.jpeg","contentUrl":"https:\/\/cleitonpinheiro.com.br\/site\/wp-content\/uploads\/2025\/08\/WhatsApp-Image-2024-09-01-at-16.45.24.jpeg","width":1280,"height":960},{"@type":"BreadcrumbList","@id":"https:\/\/cleitonpinheiro.com.br\/site\/queimadas-deixaram-mais-de-7-mil-consumidores-sem-energia-no-tocantins-ate-o-inicio-de-agosto\/#breadcrumb","itemListElement":[{"@type":"ListItem","position":1,"name":"In\u00edcio","item":"https:\/\/cleitonpinheiro.com.br\/site\/"},{"@type":"ListItem","position":2,"name":"Queimadas deixaram mais de 7 mil consumidores sem energia no Tocantins at\u00e9 o in\u00edcio de agosto"}]},{"@type":"WebSite","@id":"https:\/\/cleitonpinheiro.com.br\/site\/#website","url":"https:\/\/cleitonpinheiro.com.br\/site\/","name":"PORTAL DE NOT\u00cdCIAS CLEITON PINHEIRO","description":"FALANDO A VERDADE","publisher":{"@id":"https:\/\/cleitonpinheiro.com.br\/site\/#organization"},"potentialAction":[{"@type":"SearchAction","target":{"@type":"EntryPoint","urlTemplate":"https:\/\/cleitonpinheiro.com.br\/site\/?s={search_term_string}"},"query-input":{"@type":"PropertyValueSpecification","valueRequired":true,"valueName":"search_term_string"}}],"inLanguage":"pt-BR"},{"@type":"Organization","@id":"https:\/\/cleitonpinheiro.com.br\/site\/#organization","name":"CPNOT\u00cdCIAS","url":"https:\/\/cleitonpinheiro.com.br\/site\/","logo":{"@type":"ImageObject","inLanguage":"pt-BR","@id":"https:\/\/cleitonpinheiro.com.br\/site\/#\/schema\/logo\/image\/","url":"https:\/\/cleitonpinheiro.com.br\/site\/wp-content\/uploads\/2022\/08\/Logo-pequena-2.png","contentUrl":"https:\/\/cleitonpinheiro.com.br\/site\/wp-content\/uploads\/2022\/08\/Logo-pequena-2.png","width":500,"height":500,"caption":"CPNOT\u00cdCIAS"},"image":{"@id":"https:\/\/cleitonpinheiro.com.br\/site\/#\/schema\/logo\/image\/"},"sameAs":["https:\/\/www.facebook.com\/portalcpnoticias\/"]},{"@type":"Person","@id":"https:\/\/cleitonpinheiro.com.br\/site\/#\/schema\/person\/8f04544e0bc40a1b68775b08360f87db","name":"Reda\u00e7\u00e3o CP","image":{"@type":"ImageObject","inLanguage":"pt-BR","@id":"https:\/\/cleitonpinheiro.com.br\/site\/#\/schema\/person\/image\/","url":"https:\/\/secure.gravatar.com\/avatar\/0bcf19cb29fdc8fc588c490c7ae1b3e174dac268586a63fbe1d1893a0f9020cd?s=96&r=g","contentUrl":"https:\/\/secure.gravatar.com\/avatar\/0bcf19cb29fdc8fc588c490c7ae1b3e174dac268586a63fbe1d1893a0f9020cd?s=96&r=g","caption":"Reda\u00e7\u00e3o CP"},"url":"https:\/\/cleitonpinheiro.com.br\/site\/author\/redacao\/"}]}},"views":120,"_links":{"self":[{"href":"https:\/\/cleitonpinheiro.com.br\/site\/wp-json\/wp\/v2\/posts\/86561","targetHints":{"allow":["GET"]}}],"collection":[{"href":"https:\/\/cleitonpinheiro.com.br\/site\/wp-json\/wp\/v2\/posts"}],"about":[{"href":"https:\/\/cleitonpinheiro.com.br\/site\/wp-json\/wp\/v2\/types\/post"}],"author":[{"embeddable":true,"href":"https:\/\/cleitonpinheiro.com.br\/site\/wp-json\/wp\/v2\/users\/13"}],"replies":[{"embeddable":true,"href":"https:\/\/cleitonpinheiro.com.br\/site\/wp-json\/wp\/v2\/comments?post=86561"}],"version-history":[{"count":1,"href":"https:\/\/cleitonpinheiro.com.br\/site\/wp-json\/wp\/v2\/posts\/86561\/revisions"}],"predecessor-version":[{"id":86563,"href":"https:\/\/cleitonpinheiro.com.br\/site\/wp-json\/wp\/v2\/posts\/86561\/revisions\/86563"}],"wp:featuredmedia":[{"embeddable":true,"href":"https:\/\/cleitonpinheiro.com.br\/site\/wp-json\/wp\/v2\/media\/86562"}],"wp:attachment":[{"href":"https:\/\/cleitonpinheiro.com.br\/site\/wp-json\/wp\/v2\/media?parent=86561"}],"wp:term":[{"taxonomy":"category","embeddable":true,"href":"https:\/\/cleitonpinheiro.com.br\/site\/wp-json\/wp\/v2\/categories?post=86561"},{"taxonomy":"post_tag","embeddable":true,"href":"https:\/\/cleitonpinheiro.com.br\/site\/wp-json\/wp\/v2\/tags?post=86561"}],"curies":[{"name":"wp","href":"https:\/\/api.w.org\/{rel}","templated":true}]}}