{"id":86564,"date":"2025-08-14T09:05:59","date_gmt":"2025-08-14T12:05:59","guid":{"rendered":"https:\/\/cleitonpinheiro.com.br\/site\/?p=86564"},"modified":"2025-08-15T09:21:24","modified_gmt":"2025-08-15T12:21:24","slug":"bolsonaro-diz-que-nao-promoveu-acao-golpista-ou-atos-de-8-de-janeiro","status":"publish","type":"post","link":"https:\/\/cleitonpinheiro.com.br\/site\/bolsonaro-diz-que-nao-promoveu-acao-golpista-ou-atos-de-8-de-janeiro\/","title":{"rendered":"Bolsonaro diz que n\u00e3o promoveu a\u00e7\u00e3o golpista ou atos de 8 de janeiro"},"content":{"rendered":"\n<figure class=\"wp-block-image size-full\"><img decoding=\"async\" src=\"https:\/\/cleitonpinheiro.com.br\/site\/wp-content\/uploads\/2023\/07\/trbr3326.jpg\" alt=\"\" class=\"wp-image-72822\"\/><figcaption class=\"wp-element-caption\">Foto: T\u00e2nia R\u00eago\/Ag\u00eancia Brasil<\/figcaption><\/figure>\n\n\n\n<p><strong>A defesa do ex-presidente Jair Bolsonaro pediu nesta quarta-feira (13) ao Supremo Tribunal Federal (STF) absolvi\u00e7\u00e3o na a\u00e7\u00e3o penal sobre a trama golpista.<\/strong><img decoding=\"async\" src=\"https:\/\/agenciabrasil.ebc.com.br\/ebc.png?id=1654332&amp;o=node\"><img decoding=\"async\" src=\"https:\/\/agenciabrasil.ebc.com.br\/ebc.gif?id=1654332&amp;o=node\"><\/p>\n\n\n\n<p>A manifesta\u00e7\u00e3o est\u00e1 nas alega\u00e7\u00f5es finais que foram encaminhadas ao ministro Alexandre de Moraes, relator do processo. O prazo final de 15 dias para os advogados dos r\u00e9us protocolarem suas manifesta\u00e7\u00f5es termina nesta quarta-feira (13), \u00e0s 23h59.<\/p>\n\n\n\n<p>As alega\u00e7\u00f5es representam a \u00faltima manifesta\u00e7\u00e3o dos r\u00e9us antes do julgamento que pode condenar ou absolver os acusados.<\/p>\n\n\n\n<p>No documento,<strong>&nbsp;os advogados sustentam que Bolsonaro n\u00e3o praticou atos para promover um golpe de Estado e reverter o resultado das elei\u00e7\u00f5es de 2022.<\/strong><\/p>\n\n\n\n<blockquote class=\"wp-block-quote is-layout-flow wp-block-quote-is-layout-flow\">\n<p>\u201cA verdade, que a muitos n\u00e3o interessa, \u00e9 que n\u00e3o h\u00e1 uma \u00fanica prova que atrele o Peticion\u00e1rio ao plano \u201cPunhal Verde e Amarelo\u201d ou aos atos dos chamados Kids Pretos e muito menos aos atos de 8 de janeiro\u201d, disse a defesa.<\/p>\n<\/blockquote>\n\n\n\n<p>Al\u00e9m de Bolsonaro, mais seis aliados devem apresentar suas alega\u00e7\u00f5es. Por estar na condi\u00e7\u00e3o de delator, Mauro Cid entregou as alega\u00e7\u00f5es no m\u00eas passado.&nbsp;<\/p>\n\n\n\n<h2 class=\"wp-block-heading\">&gt;&gt; Veja os r\u00e9us do n\u00facleo 1:&nbsp;<\/h2>\n\n\n\n<ul class=\"wp-block-list\">\n<li>Jair Bolsonaro &#8211; ex-presidente da Rep\u00fablica;\u00a0<\/li>\n\n\n\n<li>Alexandre Ramagem &#8211; ex-diretor da Ag\u00eancia Brasileira de Intelig\u00eancia (Abin);<\/li>\n\n\n\n<li>Almir Garnier &#8211; ex-comandante da Marinha;<\/li>\n\n\n\n<li>Anderson Torres &#8211; ex-ministro da Justi\u00e7a e ex-secret\u00e1rio de Seguran\u00e7a do Distrito Federal;<\/li>\n\n\n\n<li>Augusto Heleno &#8211; ex-ministro do Gabinete de Seguran\u00e7a Institucional;<\/li>\n\n\n\n<li>Paulo S\u00e9rgio Nogueira (general), ex-ministro da Defesa;<\/li>\n\n\n\n<li>Walter Braga Netto &#8211; ex-ministro de Bolsonaro e candidato \u00e0 vice na chapa de 2022.<\/li>\n\n\n\n<li>Mauro Cid (tenente-coronel), ex-ajudante de ordens de Jair Bolsonaro.\u00a0<\/li>\n<\/ul>\n\n\n\n<h2 class=\"wp-block-heading\">Processo inusitado<\/h2>\n\n\n\n<p>Os advogados de Bolsonaro tamb\u00e9m consideram que a&nbsp;<strong>a\u00e7\u00e3o da trama golpista \u00e9 um processo \u201chist\u00f3rico e inusitado\u201d.<\/strong><\/p>\n\n\n\n<blockquote class=\"wp-block-quote is-layout-flow wp-block-quote-is-layout-flow\">\n<p>\u201cOs r\u00e9us s\u00e3o tratados como golpistas, como culpados, muito antes de a defesa ser apresentada. Uma parte expressiva do pa\u00eds, a maioria da imprensa n\u00e3o quer um julgamento, quer apenas conhecer a quantidade de pena a ser imposta\u201d, disse a defesa.<\/p>\n<\/blockquote>\n\n\n\n<h2 class=\"wp-block-heading\">Dela\u00e7\u00e3o<\/h2>\n\n\n\n<p>Os advogados tamb\u00e9m&nbsp;<strong>criticaram a dela\u00e7\u00e3o premiada de Mauro Cid, ex-ajudante de ordens de Bolsonaro.<\/strong><\/p>\n\n\n\n<p>\u201cUma dela\u00e7\u00e3o manipulada desde o seu primeiro depoimento e, portanto, imprest\u00e1vel. Mauro Cid se protegeu apontando o dedo \u00e0quele cujos atos foram sempre p\u00fablicos e de governo\u201d, completaram os advogados.<\/p>\n\n\n\n<h2 class=\"wp-block-heading\">Pr\u00f3ximos passos<\/h2>\n\n\n\n<p>Ap\u00f3s a entrega das alega\u00e7\u00f5es, o<strong>&nbsp;ministro Alexandre de Moraes dever\u00e1 liberar para o julgamento da a\u00e7\u00e3o penal referente ao n\u00facleo 1&nbsp;<\/strong>da den\u00fancia apresentada contra Bolsonaro e seus aliados.<\/p>\n\n\n\n<p><strong>Caber\u00e1 ao presidente da Primeira Turma da Corte, ministro Cristiano Zanin, marcar data do julgamento.<\/strong><\/p>\n\n\n\n<p><strong>A expectativa \u00e9 de que o julgamento que vai decidir pela condena\u00e7\u00e3o ou absolvi\u00e7\u00e3o dos acusados ocorra em setembro.<\/strong><\/p>\n\n\n\n<p>Al\u00e9m de Alexandre de Moraes, o colegiado \u00e9 formado pelos ministros Fl\u00e1vio Dino, Cristiano Zanin, C\u00e1rmen L\u00facia e Luiz Fux.<\/p>\n\n\n\n<p>Os&nbsp;<strong>r\u00e9us respondem pelos crimes de organiza\u00e7\u00e3o criminosa armada, tentativa de aboli\u00e7\u00e3o violenta do Estado Democr\u00e1tico de Direito, golpe de Estado, dano qualificado pela viol\u00eancia e grave amea\u00e7a e deteriora\u00e7\u00e3o de patrim\u00f4nio tombado.<\/strong><\/p>\n\n\n\n<p>Em caso de condena\u00e7\u00e3o, as&nbsp;<strong>penas podem passar de 30 anos de pris\u00e3o.&nbsp;&nbsp;<\/strong><\/p>\n\n\n\n<p>Texto: Andr\u00e9 Richter &#8211; Rep\u00f3rter da Ag\u00eancia Brasil<br><\/p>\n\n\n\n<p><\/p>\n","protected":false},"excerpt":{"rendered":"<p>A defesa do ex-presidente Jair Bolsonaro pediu nesta quarta-feira (13) ao Supremo Tribunal Federal (STF) absolvi\u00e7\u00e3o na a\u00e7\u00e3o penal sobre a trama golpista. A manifesta\u00e7\u00e3o est\u00e1 nas alega\u00e7\u00f5es finais que foram encaminhadas ao ministro Alexandre de Moraes, relator do processo. O prazo final de 15 dias para os advogados dos r\u00e9us protocolarem suas manifesta\u00e7\u00f5es termina [&hellip;]<\/p>\n","protected":false},"author":13,"featured_media":0,"comment_status":"open","ping_status":"open","sticky":false,"template":"","format":"standard","meta":{"_acf_changed":false,"footnotes":""},"categories":[898,23,21],"tags":[],"class_list":["post-86564","post","type-post","status-publish","format-standard","hentry","category-manchete-segundaria","category-politica","category-todas-noticias"],"acf":[],"yoast_head":"<!-- This site is optimized with the Yoast SEO plugin v24.4 - https:\/\/yoast.com\/wordpress\/plugins\/seo\/ -->\n<title>Bolsonaro diz que n\u00e3o promoveu a\u00e7\u00e3o golpista ou atos de 8 de janeiro - PORTAL DE NOT\u00cdCIAS CLEITON PINHEIRO<\/title>\n<meta name=\"robots\" content=\"index, follow, max-snippet:-1, max-image-preview:large, max-video-preview:-1\" \/>\n<link rel=\"canonical\" href=\"https:\/\/cleitonpinheiro.com.br\/site\/bolsonaro-diz-que-nao-promoveu-acao-golpista-ou-atos-de-8-de-janeiro\/\" \/>\n<meta property=\"og:locale\" content=\"pt_BR\" \/>\n<meta property=\"og:type\" content=\"article\" \/>\n<meta property=\"og:title\" content=\"Bolsonaro diz que n\u00e3o promoveu a\u00e7\u00e3o golpista ou atos de 8 de janeiro - PORTAL DE NOT\u00cdCIAS CLEITON PINHEIRO\" \/>\n<meta property=\"og:description\" content=\"A defesa do ex-presidente Jair Bolsonaro pediu nesta quarta-feira (13) ao Supremo Tribunal Federal (STF) absolvi\u00e7\u00e3o na a\u00e7\u00e3o penal sobre a trama golpista. A manifesta\u00e7\u00e3o est\u00e1 nas alega\u00e7\u00f5es finais que foram encaminhadas ao ministro Alexandre de Moraes, relator do processo. O prazo final de 15 dias para os advogados dos r\u00e9us protocolarem suas manifesta\u00e7\u00f5es termina [&hellip;]\" \/>\n<meta property=\"og:url\" content=\"https:\/\/cleitonpinheiro.com.br\/site\/bolsonaro-diz-que-nao-promoveu-acao-golpista-ou-atos-de-8-de-janeiro\/\" \/>\n<meta property=\"og:site_name\" content=\"PORTAL DE NOT\u00cdCIAS CLEITON PINHEIRO\" \/>\n<meta property=\"article:publisher\" content=\"https:\/\/www.facebook.com\/portalcpnoticias\/\" \/>\n<meta property=\"article:published_time\" content=\"2025-08-14T12:05:59+00:00\" \/>\n<meta property=\"article:modified_time\" content=\"2025-08-15T12:21:24+00:00\" \/>\n<meta property=\"og:image\" content=\"https:\/\/cleitonpinheiro.com.br\/site\/wp-content\/uploads\/2023\/04\/bolsonaro-foto-reuters-marco-bello-1hrj6ss9e5gl3.webp\" \/>\n\t<meta property=\"og:image:width\" content=\"774\" \/>\n\t<meta property=\"og:image:height\" content=\"516\" \/>\n\t<meta property=\"og:image:type\" content=\"image\/webp\" \/>\n<meta name=\"author\" content=\"Reda\u00e7\u00e3o CP\" \/>\n<meta name=\"twitter:card\" content=\"summary_large_image\" \/>\n<meta name=\"twitter:label1\" content=\"Escrito por\" \/>\n\t<meta name=\"twitter:data1\" content=\"Reda\u00e7\u00e3o CP\" \/>\n\t<meta name=\"twitter:label2\" content=\"Est. tempo de leitura\" \/>\n\t<meta name=\"twitter:data2\" content=\"4 minutos\" \/>\n<script type=\"application\/ld+json\" class=\"yoast-schema-graph\">{\"@context\":\"https:\/\/schema.org\",\"@graph\":[{\"@type\":\"Article\",\"@id\":\"https:\/\/cleitonpinheiro.com.br\/site\/bolsonaro-diz-que-nao-promoveu-acao-golpista-ou-atos-de-8-de-janeiro\/#article\",\"isPartOf\":{\"@id\":\"https:\/\/cleitonpinheiro.com.br\/site\/bolsonaro-diz-que-nao-promoveu-acao-golpista-ou-atos-de-8-de-janeiro\/\"},\"author\":{\"name\":\"Reda\u00e7\u00e3o CP\",\"@id\":\"https:\/\/cleitonpinheiro.com.br\/site\/#\/schema\/person\/8f04544e0bc40a1b68775b08360f87db\"},\"headline\":\"Bolsonaro diz que n\u00e3o promoveu a\u00e7\u00e3o golpista ou atos de 8 de janeiro\",\"datePublished\":\"2025-08-14T12:05:59+00:00\",\"dateModified\":\"2025-08-15T12:21:24+00:00\",\"mainEntityOfPage\":{\"@id\":\"https:\/\/cleitonpinheiro.com.br\/site\/bolsonaro-diz-que-nao-promoveu-acao-golpista-ou-atos-de-8-de-janeiro\/\"},\"wordCount\":584,\"commentCount\":0,\"publisher\":{\"@id\":\"https:\/\/cleitonpinheiro.com.br\/site\/#organization\"},\"image\":{\"@id\":\"https:\/\/cleitonpinheiro.com.br\/site\/bolsonaro-diz-que-nao-promoveu-acao-golpista-ou-atos-de-8-de-janeiro\/#primaryimage\"},\"thumbnailUrl\":\"https:\/\/cleitonpinheiro.com.br\/site\/wp-content\/uploads\/2023\/07\/trbr3326.jpg\",\"articleSection\":[\"MANCHETE SEGUND\u00c1RIA\",\"POL\u00cdTICA\",\"TODAS NOTICIAS\"],\"inLanguage\":\"pt-BR\",\"potentialAction\":[{\"@type\":\"CommentAction\",\"name\":\"Comment\",\"target\":[\"https:\/\/cleitonpinheiro.com.br\/site\/bolsonaro-diz-que-nao-promoveu-acao-golpista-ou-atos-de-8-de-janeiro\/#respond\"]}]},{\"@type\":\"WebPage\",\"@id\":\"https:\/\/cleitonpinheiro.com.br\/site\/bolsonaro-diz-que-nao-promoveu-acao-golpista-ou-atos-de-8-de-janeiro\/\",\"url\":\"https:\/\/cleitonpinheiro.com.br\/site\/bolsonaro-diz-que-nao-promoveu-acao-golpista-ou-atos-de-8-de-janeiro\/\",\"name\":\"Bolsonaro diz que n\u00e3o promoveu a\u00e7\u00e3o golpista ou atos de 8 de janeiro - PORTAL DE NOT\u00cdCIAS CLEITON PINHEIRO\",\"isPartOf\":{\"@id\":\"https:\/\/cleitonpinheiro.com.br\/site\/#website\"},\"primaryImageOfPage\":{\"@id\":\"https:\/\/cleitonpinheiro.com.br\/site\/bolsonaro-diz-que-nao-promoveu-acao-golpista-ou-atos-de-8-de-janeiro\/#primaryimage\"},\"image\":{\"@id\":\"https:\/\/cleitonpinheiro.com.br\/site\/bolsonaro-diz-que-nao-promoveu-acao-golpista-ou-atos-de-8-de-janeiro\/#primaryimage\"},\"thumbnailUrl\":\"https:\/\/cleitonpinheiro.com.br\/site\/wp-content\/uploads\/2023\/07\/trbr3326.jpg\",\"datePublished\":\"2025-08-14T12:05:59+00:00\",\"dateModified\":\"2025-08-15T12:21:24+00:00\",\"breadcrumb\":{\"@id\":\"https:\/\/cleitonpinheiro.com.br\/site\/bolsonaro-diz-que-nao-promoveu-acao-golpista-ou-atos-de-8-de-janeiro\/#breadcrumb\"},\"inLanguage\":\"pt-BR\",\"potentialAction\":[{\"@type\":\"ReadAction\",\"target\":[\"https:\/\/cleitonpinheiro.com.br\/site\/bolsonaro-diz-que-nao-promoveu-acao-golpista-ou-atos-de-8-de-janeiro\/\"]}]},{\"@type\":\"ImageObject\",\"inLanguage\":\"pt-BR\",\"@id\":\"https:\/\/cleitonpinheiro.com.br\/site\/bolsonaro-diz-que-nao-promoveu-acao-golpista-ou-atos-de-8-de-janeiro\/#primaryimage\",\"url\":\"\",\"contentUrl\":\"\"},{\"@type\":\"BreadcrumbList\",\"@id\":\"https:\/\/cleitonpinheiro.com.br\/site\/bolsonaro-diz-que-nao-promoveu-acao-golpista-ou-atos-de-8-de-janeiro\/#breadcrumb\",\"itemListElement\":[{\"@type\":\"ListItem\",\"position\":1,\"name\":\"In\u00edcio\",\"item\":\"https:\/\/cleitonpinheiro.com.br\/site\/\"},{\"@type\":\"ListItem\",\"position\":2,\"name\":\"Bolsonaro diz que n\u00e3o promoveu a\u00e7\u00e3o golpista ou atos de 8 de janeiro\"}]},{\"@type\":\"WebSite\",\"@id\":\"https:\/\/cleitonpinheiro.com.br\/site\/#website\",\"url\":\"https:\/\/cleitonpinheiro.com.br\/site\/\",\"name\":\"PORTAL DE NOT\u00cdCIAS CLEITON PINHEIRO\",\"description\":\"FALANDO A VERDADE\",\"publisher\":{\"@id\":\"https:\/\/cleitonpinheiro.com.br\/site\/#organization\"},\"potentialAction\":[{\"@type\":\"SearchAction\",\"target\":{\"@type\":\"EntryPoint\",\"urlTemplate\":\"https:\/\/cleitonpinheiro.com.br\/site\/?s={search_term_string}\"},\"query-input\":{\"@type\":\"PropertyValueSpecification\",\"valueRequired\":true,\"valueName\":\"search_term_string\"}}],\"inLanguage\":\"pt-BR\"},{\"@type\":\"Organization\",\"@id\":\"https:\/\/cleitonpinheiro.com.br\/site\/#organization\",\"name\":\"CPNOT\u00cdCIAS\",\"url\":\"https:\/\/cleitonpinheiro.com.br\/site\/\",\"logo\":{\"@type\":\"ImageObject\",\"inLanguage\":\"pt-BR\",\"@id\":\"https:\/\/cleitonpinheiro.com.br\/site\/#\/schema\/logo\/image\/\",\"url\":\"https:\/\/cleitonpinheiro.com.br\/site\/wp-content\/uploads\/2022\/08\/Logo-pequena-2.png\",\"contentUrl\":\"https:\/\/cleitonpinheiro.com.br\/site\/wp-content\/uploads\/2022\/08\/Logo-pequena-2.png\",\"width\":500,\"height\":500,\"caption\":\"CPNOT\u00cdCIAS\"},\"image\":{\"@id\":\"https:\/\/cleitonpinheiro.com.br\/site\/#\/schema\/logo\/image\/\"},\"sameAs\":[\"https:\/\/www.facebook.com\/portalcpnoticias\/\"]},{\"@type\":\"Person\",\"@id\":\"https:\/\/cleitonpinheiro.com.br\/site\/#\/schema\/person\/8f04544e0bc40a1b68775b08360f87db\",\"name\":\"Reda\u00e7\u00e3o CP\",\"image\":{\"@type\":\"ImageObject\",\"inLanguage\":\"pt-BR\",\"@id\":\"https:\/\/cleitonpinheiro.com.br\/site\/#\/schema\/person\/image\/\",\"url\":\"https:\/\/secure.gravatar.com\/avatar\/0bcf19cb29fdc8fc588c490c7ae1b3e174dac268586a63fbe1d1893a0f9020cd?s=96&r=g\",\"contentUrl\":\"https:\/\/secure.gravatar.com\/avatar\/0bcf19cb29fdc8fc588c490c7ae1b3e174dac268586a63fbe1d1893a0f9020cd?s=96&r=g\",\"caption\":\"Reda\u00e7\u00e3o CP\"},\"url\":\"https:\/\/cleitonpinheiro.com.br\/site\/author\/redacao\/\"}]}<\/script>\n<!-- \/ Yoast SEO plugin. -->","yoast_head_json":{"title":"Bolsonaro diz que n\u00e3o promoveu a\u00e7\u00e3o golpista ou atos de 8 de janeiro - PORTAL DE NOT\u00cdCIAS CLEITON PINHEIRO","robots":{"index":"index","follow":"follow","max-snippet":"max-snippet:-1","max-image-preview":"max-image-preview:large","max-video-preview":"max-video-preview:-1"},"canonical":"https:\/\/cleitonpinheiro.com.br\/site\/bolsonaro-diz-que-nao-promoveu-acao-golpista-ou-atos-de-8-de-janeiro\/","og_locale":"pt_BR","og_type":"article","og_title":"Bolsonaro diz que n\u00e3o promoveu a\u00e7\u00e3o golpista ou atos de 8 de janeiro - PORTAL DE NOT\u00cdCIAS CLEITON PINHEIRO","og_description":"A defesa do ex-presidente Jair Bolsonaro pediu nesta quarta-feira (13) ao Supremo Tribunal Federal (STF) absolvi\u00e7\u00e3o na a\u00e7\u00e3o penal sobre a trama golpista. A manifesta\u00e7\u00e3o est\u00e1 nas alega\u00e7\u00f5es finais que foram encaminhadas ao ministro Alexandre de Moraes, relator do processo. O prazo final de 15 dias para os advogados dos r\u00e9us protocolarem suas manifesta\u00e7\u00f5es termina [&hellip;]","og_url":"https:\/\/cleitonpinheiro.com.br\/site\/bolsonaro-diz-que-nao-promoveu-acao-golpista-ou-atos-de-8-de-janeiro\/","og_site_name":"PORTAL DE NOT\u00cdCIAS CLEITON PINHEIRO","article_publisher":"https:\/\/www.facebook.com\/portalcpnoticias\/","article_published_time":"2025-08-14T12:05:59+00:00","article_modified_time":"2025-08-15T12:21:24+00:00","og_image":[{"width":774,"height":516,"url":"https:\/\/cleitonpinheiro.com.br\/site\/wp-content\/uploads\/2023\/04\/bolsonaro-foto-reuters-marco-bello-1hrj6ss9e5gl3.webp","type":"image\/webp"}],"author":"Reda\u00e7\u00e3o CP","twitter_card":"summary_large_image","twitter_misc":{"Escrito por":"Reda\u00e7\u00e3o CP","Est. tempo de leitura":"4 minutos"},"schema":{"@context":"https:\/\/schema.org","@graph":[{"@type":"Article","@id":"https:\/\/cleitonpinheiro.com.br\/site\/bolsonaro-diz-que-nao-promoveu-acao-golpista-ou-atos-de-8-de-janeiro\/#article","isPartOf":{"@id":"https:\/\/cleitonpinheiro.com.br\/site\/bolsonaro-diz-que-nao-promoveu-acao-golpista-ou-atos-de-8-de-janeiro\/"},"author":{"name":"Reda\u00e7\u00e3o CP","@id":"https:\/\/cleitonpinheiro.com.br\/site\/#\/schema\/person\/8f04544e0bc40a1b68775b08360f87db"},"headline":"Bolsonaro diz que n\u00e3o promoveu a\u00e7\u00e3o golpista ou atos de 8 de janeiro","datePublished":"2025-08-14T12:05:59+00:00","dateModified":"2025-08-15T12:21:24+00:00","mainEntityOfPage":{"@id":"https:\/\/cleitonpinheiro.com.br\/site\/bolsonaro-diz-que-nao-promoveu-acao-golpista-ou-atos-de-8-de-janeiro\/"},"wordCount":584,"commentCount":0,"publisher":{"@id":"https:\/\/cleitonpinheiro.com.br\/site\/#organization"},"image":{"@id":"https:\/\/cleitonpinheiro.com.br\/site\/bolsonaro-diz-que-nao-promoveu-acao-golpista-ou-atos-de-8-de-janeiro\/#primaryimage"},"thumbnailUrl":"https:\/\/cleitonpinheiro.com.br\/site\/wp-content\/uploads\/2023\/07\/trbr3326.jpg","articleSection":["MANCHETE SEGUND\u00c1RIA","POL\u00cdTICA","TODAS NOTICIAS"],"inLanguage":"pt-BR","potentialAction":[{"@type":"CommentAction","name":"Comment","target":["https:\/\/cleitonpinheiro.com.br\/site\/bolsonaro-diz-que-nao-promoveu-acao-golpista-ou-atos-de-8-de-janeiro\/#respond"]}]},{"@type":"WebPage","@id":"https:\/\/cleitonpinheiro.com.br\/site\/bolsonaro-diz-que-nao-promoveu-acao-golpista-ou-atos-de-8-de-janeiro\/","url":"https:\/\/cleitonpinheiro.com.br\/site\/bolsonaro-diz-que-nao-promoveu-acao-golpista-ou-atos-de-8-de-janeiro\/","name":"Bolsonaro diz que n\u00e3o promoveu a\u00e7\u00e3o golpista ou atos de 8 de janeiro - PORTAL DE NOT\u00cdCIAS CLEITON PINHEIRO","isPartOf":{"@id":"https:\/\/cleitonpinheiro.com.br\/site\/#website"},"primaryImageOfPage":{"@id":"https:\/\/cleitonpinheiro.com.br\/site\/bolsonaro-diz-que-nao-promoveu-acao-golpista-ou-atos-de-8-de-janeiro\/#primaryimage"},"image":{"@id":"https:\/\/cleitonpinheiro.com.br\/site\/bolsonaro-diz-que-nao-promoveu-acao-golpista-ou-atos-de-8-de-janeiro\/#primaryimage"},"thumbnailUrl":"https:\/\/cleitonpinheiro.com.br\/site\/wp-content\/uploads\/2023\/07\/trbr3326.jpg","datePublished":"2025-08-14T12:05:59+00:00","dateModified":"2025-08-15T12:21:24+00:00","breadcrumb":{"@id":"https:\/\/cleitonpinheiro.com.br\/site\/bolsonaro-diz-que-nao-promoveu-acao-golpista-ou-atos-de-8-de-janeiro\/#breadcrumb"},"inLanguage":"pt-BR","potentialAction":[{"@type":"ReadAction","target":["https:\/\/cleitonpinheiro.com.br\/site\/bolsonaro-diz-que-nao-promoveu-acao-golpista-ou-atos-de-8-de-janeiro\/"]}]},{"@type":"ImageObject","inLanguage":"pt-BR","@id":"https:\/\/cleitonpinheiro.com.br\/site\/bolsonaro-diz-que-nao-promoveu-acao-golpista-ou-atos-de-8-de-janeiro\/#primaryimage","url":"","contentUrl":""},{"@type":"BreadcrumbList","@id":"https:\/\/cleitonpinheiro.com.br\/site\/bolsonaro-diz-que-nao-promoveu-acao-golpista-ou-atos-de-8-de-janeiro\/#breadcrumb","itemListElement":[{"@type":"ListItem","position":1,"name":"In\u00edcio","item":"https:\/\/cleitonpinheiro.com.br\/site\/"},{"@type":"ListItem","position":2,"name":"Bolsonaro diz que n\u00e3o promoveu a\u00e7\u00e3o golpista ou atos de 8 de janeiro"}]},{"@type":"WebSite","@id":"https:\/\/cleitonpinheiro.com.br\/site\/#website","url":"https:\/\/cleitonpinheiro.com.br\/site\/","name":"PORTAL DE NOT\u00cdCIAS CLEITON PINHEIRO","description":"FALANDO A VERDADE","publisher":{"@id":"https:\/\/cleitonpinheiro.com.br\/site\/#organization"},"potentialAction":[{"@type":"SearchAction","target":{"@type":"EntryPoint","urlTemplate":"https:\/\/cleitonpinheiro.com.br\/site\/?s={search_term_string}"},"query-input":{"@type":"PropertyValueSpecification","valueRequired":true,"valueName":"search_term_string"}}],"inLanguage":"pt-BR"},{"@type":"Organization","@id":"https:\/\/cleitonpinheiro.com.br\/site\/#organization","name":"CPNOT\u00cdCIAS","url":"https:\/\/cleitonpinheiro.com.br\/site\/","logo":{"@type":"ImageObject","inLanguage":"pt-BR","@id":"https:\/\/cleitonpinheiro.com.br\/site\/#\/schema\/logo\/image\/","url":"https:\/\/cleitonpinheiro.com.br\/site\/wp-content\/uploads\/2022\/08\/Logo-pequena-2.png","contentUrl":"https:\/\/cleitonpinheiro.com.br\/site\/wp-content\/uploads\/2022\/08\/Logo-pequena-2.png","width":500,"height":500,"caption":"CPNOT\u00cdCIAS"},"image":{"@id":"https:\/\/cleitonpinheiro.com.br\/site\/#\/schema\/logo\/image\/"},"sameAs":["https:\/\/www.facebook.com\/portalcpnoticias\/"]},{"@type":"Person","@id":"https:\/\/cleitonpinheiro.com.br\/site\/#\/schema\/person\/8f04544e0bc40a1b68775b08360f87db","name":"Reda\u00e7\u00e3o CP","image":{"@type":"ImageObject","inLanguage":"pt-BR","@id":"https:\/\/cleitonpinheiro.com.br\/site\/#\/schema\/person\/image\/","url":"https:\/\/secure.gravatar.com\/avatar\/0bcf19cb29fdc8fc588c490c7ae1b3e174dac268586a63fbe1d1893a0f9020cd?s=96&r=g","contentUrl":"https:\/\/secure.gravatar.com\/avatar\/0bcf19cb29fdc8fc588c490c7ae1b3e174dac268586a63fbe1d1893a0f9020cd?s=96&r=g","caption":"Reda\u00e7\u00e3o CP"},"url":"https:\/\/cleitonpinheiro.com.br\/site\/author\/redacao\/"}]}},"views":122,"_links":{"self":[{"href":"https:\/\/cleitonpinheiro.com.br\/site\/wp-json\/wp\/v2\/posts\/86564","targetHints":{"allow":["GET"]}}],"collection":[{"href":"https:\/\/cleitonpinheiro.com.br\/site\/wp-json\/wp\/v2\/posts"}],"about":[{"href":"https:\/\/cleitonpinheiro.com.br\/site\/wp-json\/wp\/v2\/types\/post"}],"author":[{"embeddable":true,"href":"https:\/\/cleitonpinheiro.com.br\/site\/wp-json\/wp\/v2\/users\/13"}],"replies":[{"embeddable":true,"href":"https:\/\/cleitonpinheiro.com.br\/site\/wp-json\/wp\/v2\/comments?post=86564"}],"version-history":[{"count":1,"href":"https:\/\/cleitonpinheiro.com.br\/site\/wp-json\/wp\/v2\/posts\/86564\/revisions"}],"predecessor-version":[{"id":86565,"href":"https:\/\/cleitonpinheiro.com.br\/site\/wp-json\/wp\/v2\/posts\/86564\/revisions\/86565"}],"wp:attachment":[{"href":"https:\/\/cleitonpinheiro.com.br\/site\/wp-json\/wp\/v2\/media?parent=86564"}],"wp:term":[{"taxonomy":"category","embeddable":true,"href":"https:\/\/cleitonpinheiro.com.br\/site\/wp-json\/wp\/v2\/categories?post=86564"},{"taxonomy":"post_tag","embeddable":true,"href":"https:\/\/cleitonpinheiro.com.br\/site\/wp-json\/wp\/v2\/tags?post=86564"}],"curies":[{"name":"wp","href":"https:\/\/api.w.org\/{rel}","templated":true}]}}