{"id":86566,"date":"2025-08-14T09:07:42","date_gmt":"2025-08-14T12:07:42","guid":{"rendered":"https:\/\/cleitonpinheiro.com.br\/site\/?p=86566"},"modified":"2025-08-15T09:22:00","modified_gmt":"2025-08-15T12:22:00","slug":"stf-responsabilizou-1-190-pessoas-por-atos-antidemocraticos-de-2023","status":"publish","type":"post","link":"https:\/\/cleitonpinheiro.com.br\/site\/stf-responsabilizou-1-190-pessoas-por-atos-antidemocraticos-de-2023\/","title":{"rendered":"STF responsabilizou 1.190 pessoas por atos antidemocr\u00e1ticos de 2023"},"content":{"rendered":"\n<figure class=\"wp-block-image size-large\"><img decoding=\"async\" src=\"https:\/\/cleitonpinheiro.com.br\/site\/wp-content\/uploads\/2024\/10\/stf_1908200967-1024x613.webp\" alt=\"\" class=\"wp-image-81969\"\/><\/figure>\n\n\n\n<p>O Supremo Tribunal Federal j\u00e1 responsabilizou 1.190 pessoas por participa\u00e7\u00e3o nos atos antidemocr\u00e1ticos de 8 de janeiro de 2023.&nbsp;<strong>Os n\u00fameros foram divulgados pelo gabinete do ministro do Supremo Tribunal Federal Alexandre de Moraes, nesta quarta-feira (13). Nesse dia, as sedes dos Tr\u00eas Poderes foram invadidas e depredadas por apoiadores do ex-presidente Jair Bolsonaro.<\/strong><img decoding=\"async\" src=\"https:\/\/agenciabrasil.ebc.com.br\/ebc.png?id=1654202&amp;o=node\"><img decoding=\"async\" src=\"https:\/\/agenciabrasil.ebc.com.br\/ebc.gif?id=1654202&amp;o=node\"><\/p>\n\n\n\n<p>Os condenados por crimes mais graves, como tentativa de aboli\u00e7\u00e3o do Estado Democr\u00e1tico de Direito, golpe de Estado, dano qualificado, associa\u00e7\u00e3o criminosa e deteriora\u00e7\u00e3o de patrim\u00f4nio p\u00fablico, foram 279, e por isso receberam penas mais altas, que chegam a superar os 17 anos de pris\u00e3o.&nbsp;<\/p>\n\n\n\n<p>Os condenados por crimes mais brandos, por incita\u00e7\u00e3o e associa\u00e7\u00e3o criminosa, foram 359.&nbsp;<strong>Apenas dez acusados foram absolvidos.<\/strong>&nbsp;<\/p>\n\n\n\n<p>Ao todo, foram abertas no Supremo 1.628 a\u00e7\u00f5es relacionadas ao 8 de janeiro, das quais 518 s\u00e3o relacionadas a crimes graves e outras 1.110 a crimes menos graves.<\/p>\n\n\n\n<p><strong>Entre os condenados, 113 j\u00e1 cumpriram pena, enquanto 112 est\u00e3o ainda est\u00e3o presos.<\/strong>&nbsp;Passados mais de 2 anos e meio dos atos violentos, 29 pessoas ainda se encontram em pris\u00e3o preventiva, ou seja, ainda sem condena\u00e7\u00e3o.&nbsp;<\/p>\n\n\n\n<p>Est\u00e3o em pris\u00e3o domiciliar 44 pessoas investigadas ou acusadas, com ou sem tornozeleira eletr\u00f4nica, informou o gabinete de Moraes.&nbsp;<\/p>\n\n\n\n<p><strong>Entre as 1.190 pessoas que o Supremo contabiliza como responsabilizados, est\u00e3o ainda 552 acusados que firmaram Acordo de N\u00e3o Persecu\u00e7\u00e3o Penal com o Minist\u00e9rio P\u00fablico Federal (MPF), livrando-se dos processos em troca de assumirem a culpa por crimes mais brandos e cumprirem algumas condi\u00e7\u00f5es estabelecidas pelo Supremo.<\/strong>&nbsp;<\/p>\n\n\n\n<p>Todos os acordos dizem respeito a acusados que estavam acampados em frente a quart\u00e9is das For\u00e7as Armadas, mas que n\u00e3o h\u00e1 provas de que tenham participado da tentativa de golpe de Estado, de obstru\u00e7\u00e3o dos Poderes da Rep\u00fablica e nem de dano ao patrim\u00f4nio p\u00fablico, segundo informou o STF, em nota.<\/p>\n","protected":false},"excerpt":{"rendered":"<p>O Supremo Tribunal Federal j\u00e1 responsabilizou 1.190 pessoas por participa\u00e7\u00e3o nos atos antidemocr\u00e1ticos de 8 de janeiro de 2023.&nbsp;Os n\u00fameros foram divulgados pelo gabinete do ministro do Supremo Tribunal Federal Alexandre de Moraes, nesta quarta-feira (13). Nesse dia, as sedes dos Tr\u00eas Poderes foram invadidas e depredadas por apoiadores do ex-presidente Jair Bolsonaro. Os condenados [&hellip;]<\/p>\n","protected":false},"author":13,"featured_media":79995,"comment_status":"open","ping_status":"open","sticky":false,"template":"","format":"standard","meta":{"_acf_changed":false,"footnotes":""},"categories":[898,23,21],"tags":[],"class_list":["post-86566","post","type-post","status-publish","format-standard","has-post-thumbnail","hentry","category-manchete-segundaria","category-politica","category-todas-noticias"],"acf":[],"yoast_head":"<!-- This site is optimized with the Yoast SEO plugin v24.4 - https:\/\/yoast.com\/wordpress\/plugins\/seo\/ -->\n<title>STF responsabilizou 1.190 pessoas por atos antidemocr\u00e1ticos de 2023 - PORTAL DE NOT\u00cdCIAS CLEITON PINHEIRO<\/title>\n<meta name=\"robots\" content=\"index, follow, max-snippet:-1, max-image-preview:large, max-video-preview:-1\" \/>\n<link rel=\"canonical\" href=\"https:\/\/cleitonpinheiro.com.br\/site\/stf-responsabilizou-1-190-pessoas-por-atos-antidemocraticos-de-2023\/\" \/>\n<meta property=\"og:locale\" content=\"pt_BR\" \/>\n<meta property=\"og:type\" content=\"article\" \/>\n<meta property=\"og:title\" content=\"STF responsabilizou 1.190 pessoas por atos antidemocr\u00e1ticos de 2023 - PORTAL DE NOT\u00cdCIAS CLEITON PINHEIRO\" \/>\n<meta property=\"og:description\" content=\"O Supremo Tribunal Federal j\u00e1 responsabilizou 1.190 pessoas por participa\u00e7\u00e3o nos atos antidemocr\u00e1ticos de 8 de janeiro de 2023.&nbsp;Os n\u00fameros foram divulgados pelo gabinete do ministro do Supremo Tribunal Federal Alexandre de Moraes, nesta quarta-feira (13). Nesse dia, as sedes dos Tr\u00eas Poderes foram invadidas e depredadas por apoiadores do ex-presidente Jair Bolsonaro. Os condenados [&hellip;]\" \/>\n<meta property=\"og:url\" content=\"https:\/\/cleitonpinheiro.com.br\/site\/stf-responsabilizou-1-190-pessoas-por-atos-antidemocraticos-de-2023\/\" \/>\n<meta property=\"og:site_name\" content=\"PORTAL DE NOT\u00cdCIAS CLEITON PINHEIRO\" \/>\n<meta property=\"article:publisher\" content=\"https:\/\/www.facebook.com\/portalcpnoticias\/\" \/>\n<meta property=\"article:published_time\" content=\"2025-08-14T12:07:42+00:00\" \/>\n<meta property=\"article:modified_time\" content=\"2025-08-15T12:22:00+00:00\" \/>\n<meta property=\"og:image\" content=\"https:\/\/cleitonpinheiro.com.br\/site\/wp-content\/uploads\/2024\/08\/stf_1908200966.webp\" \/>\n\t<meta property=\"og:image:width\" content=\"1170\" \/>\n\t<meta property=\"og:image:height\" content=\"700\" \/>\n\t<meta property=\"og:image:type\" content=\"image\/webp\" \/>\n<meta name=\"author\" content=\"Reda\u00e7\u00e3o CP\" \/>\n<meta name=\"twitter:card\" content=\"summary_large_image\" \/>\n<meta name=\"twitter:label1\" content=\"Escrito por\" \/>\n\t<meta name=\"twitter:data1\" content=\"Reda\u00e7\u00e3o CP\" \/>\n\t<meta name=\"twitter:label2\" content=\"Est. tempo de leitura\" \/>\n\t<meta name=\"twitter:data2\" content=\"3 minutos\" \/>\n<script type=\"application\/ld+json\" class=\"yoast-schema-graph\">{\"@context\":\"https:\/\/schema.org\",\"@graph\":[{\"@type\":\"Article\",\"@id\":\"https:\/\/cleitonpinheiro.com.br\/site\/stf-responsabilizou-1-190-pessoas-por-atos-antidemocraticos-de-2023\/#article\",\"isPartOf\":{\"@id\":\"https:\/\/cleitonpinheiro.com.br\/site\/stf-responsabilizou-1-190-pessoas-por-atos-antidemocraticos-de-2023\/\"},\"author\":{\"name\":\"Reda\u00e7\u00e3o CP\",\"@id\":\"https:\/\/cleitonpinheiro.com.br\/site\/#\/schema\/person\/8f04544e0bc40a1b68775b08360f87db\"},\"headline\":\"STF responsabilizou 1.190 pessoas por atos antidemocr\u00e1ticos de 2023\",\"datePublished\":\"2025-08-14T12:07:42+00:00\",\"dateModified\":\"2025-08-15T12:22:00+00:00\",\"mainEntityOfPage\":{\"@id\":\"https:\/\/cleitonpinheiro.com.br\/site\/stf-responsabilizou-1-190-pessoas-por-atos-antidemocraticos-de-2023\/\"},\"wordCount\":331,\"commentCount\":0,\"publisher\":{\"@id\":\"https:\/\/cleitonpinheiro.com.br\/site\/#organization\"},\"image\":{\"@id\":\"https:\/\/cleitonpinheiro.com.br\/site\/stf-responsabilizou-1-190-pessoas-por-atos-antidemocraticos-de-2023\/#primaryimage\"},\"thumbnailUrl\":\"https:\/\/cleitonpinheiro.com.br\/site\/wp-content\/uploads\/2024\/08\/stf_1908200966.webp\",\"articleSection\":[\"MANCHETE SEGUND\u00c1RIA\",\"POL\u00cdTICA\",\"TODAS NOTICIAS\"],\"inLanguage\":\"pt-BR\",\"potentialAction\":[{\"@type\":\"CommentAction\",\"name\":\"Comment\",\"target\":[\"https:\/\/cleitonpinheiro.com.br\/site\/stf-responsabilizou-1-190-pessoas-por-atos-antidemocraticos-de-2023\/#respond\"]}]},{\"@type\":\"WebPage\",\"@id\":\"https:\/\/cleitonpinheiro.com.br\/site\/stf-responsabilizou-1-190-pessoas-por-atos-antidemocraticos-de-2023\/\",\"url\":\"https:\/\/cleitonpinheiro.com.br\/site\/stf-responsabilizou-1-190-pessoas-por-atos-antidemocraticos-de-2023\/\",\"name\":\"STF responsabilizou 1.190 pessoas por atos antidemocr\u00e1ticos de 2023 - PORTAL DE NOT\u00cdCIAS CLEITON PINHEIRO\",\"isPartOf\":{\"@id\":\"https:\/\/cleitonpinheiro.com.br\/site\/#website\"},\"primaryImageOfPage\":{\"@id\":\"https:\/\/cleitonpinheiro.com.br\/site\/stf-responsabilizou-1-190-pessoas-por-atos-antidemocraticos-de-2023\/#primaryimage\"},\"image\":{\"@id\":\"https:\/\/cleitonpinheiro.com.br\/site\/stf-responsabilizou-1-190-pessoas-por-atos-antidemocraticos-de-2023\/#primaryimage\"},\"thumbnailUrl\":\"https:\/\/cleitonpinheiro.com.br\/site\/wp-content\/uploads\/2024\/08\/stf_1908200966.webp\",\"datePublished\":\"2025-08-14T12:07:42+00:00\",\"dateModified\":\"2025-08-15T12:22:00+00:00\",\"breadcrumb\":{\"@id\":\"https:\/\/cleitonpinheiro.com.br\/site\/stf-responsabilizou-1-190-pessoas-por-atos-antidemocraticos-de-2023\/#breadcrumb\"},\"inLanguage\":\"pt-BR\",\"potentialAction\":[{\"@type\":\"ReadAction\",\"target\":[\"https:\/\/cleitonpinheiro.com.br\/site\/stf-responsabilizou-1-190-pessoas-por-atos-antidemocraticos-de-2023\/\"]}]},{\"@type\":\"ImageObject\",\"inLanguage\":\"pt-BR\",\"@id\":\"https:\/\/cleitonpinheiro.com.br\/site\/stf-responsabilizou-1-190-pessoas-por-atos-antidemocraticos-de-2023\/#primaryimage\",\"url\":\"https:\/\/cleitonpinheiro.com.br\/site\/wp-content\/uploads\/2024\/08\/stf_1908200966.webp\",\"contentUrl\":\"https:\/\/cleitonpinheiro.com.br\/site\/wp-content\/uploads\/2024\/08\/stf_1908200966.webp\",\"width\":1170,\"height\":700},{\"@type\":\"BreadcrumbList\",\"@id\":\"https:\/\/cleitonpinheiro.com.br\/site\/stf-responsabilizou-1-190-pessoas-por-atos-antidemocraticos-de-2023\/#breadcrumb\",\"itemListElement\":[{\"@type\":\"ListItem\",\"position\":1,\"name\":\"In\u00edcio\",\"item\":\"https:\/\/cleitonpinheiro.com.br\/site\/\"},{\"@type\":\"ListItem\",\"position\":2,\"name\":\"STF responsabilizou 1.190 pessoas por atos antidemocr\u00e1ticos de 2023\"}]},{\"@type\":\"WebSite\",\"@id\":\"https:\/\/cleitonpinheiro.com.br\/site\/#website\",\"url\":\"https:\/\/cleitonpinheiro.com.br\/site\/\",\"name\":\"PORTAL DE NOT\u00cdCIAS CLEITON PINHEIRO\",\"description\":\"FALANDO A VERDADE\",\"publisher\":{\"@id\":\"https:\/\/cleitonpinheiro.com.br\/site\/#organization\"},\"potentialAction\":[{\"@type\":\"SearchAction\",\"target\":{\"@type\":\"EntryPoint\",\"urlTemplate\":\"https:\/\/cleitonpinheiro.com.br\/site\/?s={search_term_string}\"},\"query-input\":{\"@type\":\"PropertyValueSpecification\",\"valueRequired\":true,\"valueName\":\"search_term_string\"}}],\"inLanguage\":\"pt-BR\"},{\"@type\":\"Organization\",\"@id\":\"https:\/\/cleitonpinheiro.com.br\/site\/#organization\",\"name\":\"CPNOT\u00cdCIAS\",\"url\":\"https:\/\/cleitonpinheiro.com.br\/site\/\",\"logo\":{\"@type\":\"ImageObject\",\"inLanguage\":\"pt-BR\",\"@id\":\"https:\/\/cleitonpinheiro.com.br\/site\/#\/schema\/logo\/image\/\",\"url\":\"https:\/\/cleitonpinheiro.com.br\/site\/wp-content\/uploads\/2022\/08\/Logo-pequena-2.png\",\"contentUrl\":\"https:\/\/cleitonpinheiro.com.br\/site\/wp-content\/uploads\/2022\/08\/Logo-pequena-2.png\",\"width\":500,\"height\":500,\"caption\":\"CPNOT\u00cdCIAS\"},\"image\":{\"@id\":\"https:\/\/cleitonpinheiro.com.br\/site\/#\/schema\/logo\/image\/\"},\"sameAs\":[\"https:\/\/www.facebook.com\/portalcpnoticias\/\"]},{\"@type\":\"Person\",\"@id\":\"https:\/\/cleitonpinheiro.com.br\/site\/#\/schema\/person\/8f04544e0bc40a1b68775b08360f87db\",\"name\":\"Reda\u00e7\u00e3o CP\",\"image\":{\"@type\":\"ImageObject\",\"inLanguage\":\"pt-BR\",\"@id\":\"https:\/\/cleitonpinheiro.com.br\/site\/#\/schema\/person\/image\/\",\"url\":\"https:\/\/secure.gravatar.com\/avatar\/0bcf19cb29fdc8fc588c490c7ae1b3e174dac268586a63fbe1d1893a0f9020cd?s=96&r=g\",\"contentUrl\":\"https:\/\/secure.gravatar.com\/avatar\/0bcf19cb29fdc8fc588c490c7ae1b3e174dac268586a63fbe1d1893a0f9020cd?s=96&r=g\",\"caption\":\"Reda\u00e7\u00e3o CP\"},\"url\":\"https:\/\/cleitonpinheiro.com.br\/site\/author\/redacao\/\"}]}<\/script>\n<!-- \/ Yoast SEO plugin. -->","yoast_head_json":{"title":"STF responsabilizou 1.190 pessoas por atos antidemocr\u00e1ticos de 2023 - PORTAL DE NOT\u00cdCIAS CLEITON PINHEIRO","robots":{"index":"index","follow":"follow","max-snippet":"max-snippet:-1","max-image-preview":"max-image-preview:large","max-video-preview":"max-video-preview:-1"},"canonical":"https:\/\/cleitonpinheiro.com.br\/site\/stf-responsabilizou-1-190-pessoas-por-atos-antidemocraticos-de-2023\/","og_locale":"pt_BR","og_type":"article","og_title":"STF responsabilizou 1.190 pessoas por atos antidemocr\u00e1ticos de 2023 - PORTAL DE NOT\u00cdCIAS CLEITON PINHEIRO","og_description":"O Supremo Tribunal Federal j\u00e1 responsabilizou 1.190 pessoas por participa\u00e7\u00e3o nos atos antidemocr\u00e1ticos de 8 de janeiro de 2023.&nbsp;Os n\u00fameros foram divulgados pelo gabinete do ministro do Supremo Tribunal Federal Alexandre de Moraes, nesta quarta-feira (13). Nesse dia, as sedes dos Tr\u00eas Poderes foram invadidas e depredadas por apoiadores do ex-presidente Jair Bolsonaro. Os condenados [&hellip;]","og_url":"https:\/\/cleitonpinheiro.com.br\/site\/stf-responsabilizou-1-190-pessoas-por-atos-antidemocraticos-de-2023\/","og_site_name":"PORTAL DE NOT\u00cdCIAS CLEITON PINHEIRO","article_publisher":"https:\/\/www.facebook.com\/portalcpnoticias\/","article_published_time":"2025-08-14T12:07:42+00:00","article_modified_time":"2025-08-15T12:22:00+00:00","og_image":[{"width":1170,"height":700,"url":"https:\/\/cleitonpinheiro.com.br\/site\/wp-content\/uploads\/2024\/08\/stf_1908200966.webp","type":"image\/webp"}],"author":"Reda\u00e7\u00e3o CP","twitter_card":"summary_large_image","twitter_misc":{"Escrito por":"Reda\u00e7\u00e3o CP","Est. tempo de leitura":"3 minutos"},"schema":{"@context":"https:\/\/schema.org","@graph":[{"@type":"Article","@id":"https:\/\/cleitonpinheiro.com.br\/site\/stf-responsabilizou-1-190-pessoas-por-atos-antidemocraticos-de-2023\/#article","isPartOf":{"@id":"https:\/\/cleitonpinheiro.com.br\/site\/stf-responsabilizou-1-190-pessoas-por-atos-antidemocraticos-de-2023\/"},"author":{"name":"Reda\u00e7\u00e3o CP","@id":"https:\/\/cleitonpinheiro.com.br\/site\/#\/schema\/person\/8f04544e0bc40a1b68775b08360f87db"},"headline":"STF responsabilizou 1.190 pessoas por atos antidemocr\u00e1ticos de 2023","datePublished":"2025-08-14T12:07:42+00:00","dateModified":"2025-08-15T12:22:00+00:00","mainEntityOfPage":{"@id":"https:\/\/cleitonpinheiro.com.br\/site\/stf-responsabilizou-1-190-pessoas-por-atos-antidemocraticos-de-2023\/"},"wordCount":331,"commentCount":0,"publisher":{"@id":"https:\/\/cleitonpinheiro.com.br\/site\/#organization"},"image":{"@id":"https:\/\/cleitonpinheiro.com.br\/site\/stf-responsabilizou-1-190-pessoas-por-atos-antidemocraticos-de-2023\/#primaryimage"},"thumbnailUrl":"https:\/\/cleitonpinheiro.com.br\/site\/wp-content\/uploads\/2024\/08\/stf_1908200966.webp","articleSection":["MANCHETE SEGUND\u00c1RIA","POL\u00cdTICA","TODAS NOTICIAS"],"inLanguage":"pt-BR","potentialAction":[{"@type":"CommentAction","name":"Comment","target":["https:\/\/cleitonpinheiro.com.br\/site\/stf-responsabilizou-1-190-pessoas-por-atos-antidemocraticos-de-2023\/#respond"]}]},{"@type":"WebPage","@id":"https:\/\/cleitonpinheiro.com.br\/site\/stf-responsabilizou-1-190-pessoas-por-atos-antidemocraticos-de-2023\/","url":"https:\/\/cleitonpinheiro.com.br\/site\/stf-responsabilizou-1-190-pessoas-por-atos-antidemocraticos-de-2023\/","name":"STF responsabilizou 1.190 pessoas por atos antidemocr\u00e1ticos de 2023 - PORTAL DE NOT\u00cdCIAS CLEITON PINHEIRO","isPartOf":{"@id":"https:\/\/cleitonpinheiro.com.br\/site\/#website"},"primaryImageOfPage":{"@id":"https:\/\/cleitonpinheiro.com.br\/site\/stf-responsabilizou-1-190-pessoas-por-atos-antidemocraticos-de-2023\/#primaryimage"},"image":{"@id":"https:\/\/cleitonpinheiro.com.br\/site\/stf-responsabilizou-1-190-pessoas-por-atos-antidemocraticos-de-2023\/#primaryimage"},"thumbnailUrl":"https:\/\/cleitonpinheiro.com.br\/site\/wp-content\/uploads\/2024\/08\/stf_1908200966.webp","datePublished":"2025-08-14T12:07:42+00:00","dateModified":"2025-08-15T12:22:00+00:00","breadcrumb":{"@id":"https:\/\/cleitonpinheiro.com.br\/site\/stf-responsabilizou-1-190-pessoas-por-atos-antidemocraticos-de-2023\/#breadcrumb"},"inLanguage":"pt-BR","potentialAction":[{"@type":"ReadAction","target":["https:\/\/cleitonpinheiro.com.br\/site\/stf-responsabilizou-1-190-pessoas-por-atos-antidemocraticos-de-2023\/"]}]},{"@type":"ImageObject","inLanguage":"pt-BR","@id":"https:\/\/cleitonpinheiro.com.br\/site\/stf-responsabilizou-1-190-pessoas-por-atos-antidemocraticos-de-2023\/#primaryimage","url":"https:\/\/cleitonpinheiro.com.br\/site\/wp-content\/uploads\/2024\/08\/stf_1908200966.webp","contentUrl":"https:\/\/cleitonpinheiro.com.br\/site\/wp-content\/uploads\/2024\/08\/stf_1908200966.webp","width":1170,"height":700},{"@type":"BreadcrumbList","@id":"https:\/\/cleitonpinheiro.com.br\/site\/stf-responsabilizou-1-190-pessoas-por-atos-antidemocraticos-de-2023\/#breadcrumb","itemListElement":[{"@type":"ListItem","position":1,"name":"In\u00edcio","item":"https:\/\/cleitonpinheiro.com.br\/site\/"},{"@type":"ListItem","position":2,"name":"STF responsabilizou 1.190 pessoas por atos antidemocr\u00e1ticos de 2023"}]},{"@type":"WebSite","@id":"https:\/\/cleitonpinheiro.com.br\/site\/#website","url":"https:\/\/cleitonpinheiro.com.br\/site\/","name":"PORTAL DE NOT\u00cdCIAS CLEITON PINHEIRO","description":"FALANDO A VERDADE","publisher":{"@id":"https:\/\/cleitonpinheiro.com.br\/site\/#organization"},"potentialAction":[{"@type":"SearchAction","target":{"@type":"EntryPoint","urlTemplate":"https:\/\/cleitonpinheiro.com.br\/site\/?s={search_term_string}"},"query-input":{"@type":"PropertyValueSpecification","valueRequired":true,"valueName":"search_term_string"}}],"inLanguage":"pt-BR"},{"@type":"Organization","@id":"https:\/\/cleitonpinheiro.com.br\/site\/#organization","name":"CPNOT\u00cdCIAS","url":"https:\/\/cleitonpinheiro.com.br\/site\/","logo":{"@type":"ImageObject","inLanguage":"pt-BR","@id":"https:\/\/cleitonpinheiro.com.br\/site\/#\/schema\/logo\/image\/","url":"https:\/\/cleitonpinheiro.com.br\/site\/wp-content\/uploads\/2022\/08\/Logo-pequena-2.png","contentUrl":"https:\/\/cleitonpinheiro.com.br\/site\/wp-content\/uploads\/2022\/08\/Logo-pequena-2.png","width":500,"height":500,"caption":"CPNOT\u00cdCIAS"},"image":{"@id":"https:\/\/cleitonpinheiro.com.br\/site\/#\/schema\/logo\/image\/"},"sameAs":["https:\/\/www.facebook.com\/portalcpnoticias\/"]},{"@type":"Person","@id":"https:\/\/cleitonpinheiro.com.br\/site\/#\/schema\/person\/8f04544e0bc40a1b68775b08360f87db","name":"Reda\u00e7\u00e3o CP","image":{"@type":"ImageObject","inLanguage":"pt-BR","@id":"https:\/\/cleitonpinheiro.com.br\/site\/#\/schema\/person\/image\/","url":"https:\/\/secure.gravatar.com\/avatar\/0bcf19cb29fdc8fc588c490c7ae1b3e174dac268586a63fbe1d1893a0f9020cd?s=96&r=g","contentUrl":"https:\/\/secure.gravatar.com\/avatar\/0bcf19cb29fdc8fc588c490c7ae1b3e174dac268586a63fbe1d1893a0f9020cd?s=96&r=g","caption":"Reda\u00e7\u00e3o CP"},"url":"https:\/\/cleitonpinheiro.com.br\/site\/author\/redacao\/"}]}},"views":115,"_links":{"self":[{"href":"https:\/\/cleitonpinheiro.com.br\/site\/wp-json\/wp\/v2\/posts\/86566","targetHints":{"allow":["GET"]}}],"collection":[{"href":"https:\/\/cleitonpinheiro.com.br\/site\/wp-json\/wp\/v2\/posts"}],"about":[{"href":"https:\/\/cleitonpinheiro.com.br\/site\/wp-json\/wp\/v2\/types\/post"}],"author":[{"embeddable":true,"href":"https:\/\/cleitonpinheiro.com.br\/site\/wp-json\/wp\/v2\/users\/13"}],"replies":[{"embeddable":true,"href":"https:\/\/cleitonpinheiro.com.br\/site\/wp-json\/wp\/v2\/comments?post=86566"}],"version-history":[{"count":1,"href":"https:\/\/cleitonpinheiro.com.br\/site\/wp-json\/wp\/v2\/posts\/86566\/revisions"}],"predecessor-version":[{"id":86567,"href":"https:\/\/cleitonpinheiro.com.br\/site\/wp-json\/wp\/v2\/posts\/86566\/revisions\/86567"}],"wp:featuredmedia":[{"embeddable":true,"href":"https:\/\/cleitonpinheiro.com.br\/site\/wp-json\/wp\/v2\/media\/79995"}],"wp:attachment":[{"href":"https:\/\/cleitonpinheiro.com.br\/site\/wp-json\/wp\/v2\/media?parent=86566"}],"wp:term":[{"taxonomy":"category","embeddable":true,"href":"https:\/\/cleitonpinheiro.com.br\/site\/wp-json\/wp\/v2\/categories?post=86566"},{"taxonomy":"post_tag","embeddable":true,"href":"https:\/\/cleitonpinheiro.com.br\/site\/wp-json\/wp\/v2\/tags?post=86566"}],"curies":[{"name":"wp","href":"https:\/\/api.w.org\/{rel}","templated":true}]}}