{"id":86571,"date":"2025-08-14T07:20:00","date_gmt":"2025-08-14T10:20:00","guid":{"rendered":"https:\/\/cleitonpinheiro.com.br\/site\/?p=86571"},"modified":"2025-08-14T09:23:49","modified_gmt":"2025-08-14T12:23:49","slug":"g5mais-reforca-respaldo-total-a-dorinha-e-se-organiza-contra-ataques-sistematicos","status":"publish","type":"post","link":"https:\/\/cleitonpinheiro.com.br\/site\/g5mais-reforca-respaldo-total-a-dorinha-e-se-organiza-contra-ataques-sistematicos\/","title":{"rendered":"G5+Mais refor\u00e7a respaldo total a Dorinha e se organiza contra ataques sistem\u00e1ticos"},"content":{"rendered":"\n<figure class=\"wp-block-image size-large\"><img fetchpriority=\"high\" decoding=\"async\" width=\"1024\" height=\"682\" src=\"https:\/\/cleitonpinheiro.com.br\/site\/wp-content\/uploads\/2025\/08\/G5-1-1024x682.jpg\" alt=\"\" class=\"wp-image-86572\" srcset=\"https:\/\/cleitonpinheiro.com.br\/site\/wp-content\/uploads\/2025\/08\/G5-1-1024x682.jpg 1024w, https:\/\/cleitonpinheiro.com.br\/site\/wp-content\/uploads\/2025\/08\/G5-1-300x200.jpg 300w, https:\/\/cleitonpinheiro.com.br\/site\/wp-content\/uploads\/2025\/08\/G5-1-768x512.jpg 768w, https:\/\/cleitonpinheiro.com.br\/site\/wp-content\/uploads\/2025\/08\/G5-1-1536x1023.jpg 1536w, https:\/\/cleitonpinheiro.com.br\/site\/wp-content\/uploads\/2025\/08\/G5-1.jpg 1600w\" sizes=\"(max-width: 1024px) 100vw, 1024px\" \/><\/figure>\n\n\n\n<p>\u201cA senadora Dorinha \u00e9 a nossa pr\u00e9-candidata a governadora por ser a melhor pessoa que o Tocantins possu\u00ed no momento para liderar um projeto que possa trazer mais desenvolvimento para o Estado, qualidade de vida para a popula\u00e7\u00e3o e, sobretudo, comandar uma gest\u00e3o pautada em avan\u00e7os sociais e econ\u00f4micos\u201d, ressaltou a coordenadora do G5+Mais (grupo das cinco maiores cidades do Estado aberto a participa\u00e7\u00e3o de todos os demais munic\u00edpios), prefeita de Gurupi Josi Nunes (Uni\u00e3o Brasil).<\/p>\n\n\n\n<p>O grupo, que conta com os prefeitos de Palmas, Aragua\u00edna, Gurupi, Porto Nacional e Para\u00edso, se reuniu na segunda-feira, 11 de agosto, com a senadora Professora Dorinha (Uni\u00e3o Brasil) para tra\u00e7ar estrat\u00e9gias pol\u00edticas, alinhamento de a\u00e7\u00f5es de comunica\u00e7\u00e3o e um planejamento de resposta a ind\u00fastria de intrigas patrocinada em meios de comunica\u00e7\u00e3o do Estado.<\/p>\n\n\n\n<p>\u201cEst\u00e3o usando sites e outras plataformas de informa\u00e7\u00e3o para atacar diretamente a senadora e plantar intriga sobre o G5+Mais. N\u00e3o v\u00e3o conseguir. Estamos cada vez mais juntos e com o mesmo prop\u00f3sito. A\u00e7\u00f5es baseadas no dinheiro e na velha pol\u00edtica n\u00e3o cabem mais nos dias de hoje\u201d, frisou o prefeito de Aragua\u00edna, Wagner Rodrigues (Uni\u00e3o Brasil).<\/p>\n\n\n\n<p>Al\u00e9m de Josi, Dorinha e Wagner, participaram da reuni\u00e3o os prefeitos de Palmas, Eduardo Siqueira Campos (Podemos), de Porto Nacional, Ronivon Maciel (Uni\u00e3o Brasil), e Celso Moraes (MDB). \u201cA senadora Dorinha tem credibilidade nacional. \u00c9 a principal pol\u00edtica que o Tocantins conta hoje. Dialoga com todas as correntes partid\u00e1rias do pa\u00eds, tem incont\u00e1veis trabalhos prestados em prol da educa\u00e7\u00e3o e de outras \u00e1reas no Estado. Estamos sendo atacados porque sabem que, ela chegando ao comando do Pal\u00e1cio Araguaia, o Tocantins retoma um caminho de crescimento para durar mais de uma d\u00e9cada, algo que s\u00f3 teve durante as gest\u00f5es de Siqueira Campos\u201d, pontuou Eduardo Siqueira.<\/p>\n\n\n\n<p>Celso Moraes, por sua vez, ressaltou o compromisso de Dorinha com todos os munic\u00edpios. \u201cN\u00f3s estamos com a senadora porque ela \u00e9 uma pessoa que jamais deixou para tr\u00e1s qualquer munic\u00edpio. Ela sabe da import\u00e2ncia de cada uma das 139 cidades do Estado e, sendo governadora, liderar\u00e1 um projeto de desenvolvimento para todos. Tanto como senadora, quanto antes na fun\u00e7\u00e3o de deputada, Dorinha nunca negou ajuda aos munic\u00edpios do Estado e jamais fez distin\u00e7\u00e3o por causa de apoio pol\u00edtico\u201d, destacou o prefeito de Para\u00edso.<\/p>\n\n\n\n<p>O prefeito de Porto Nacional, Ronivon Maciel, ressalta que a escolha de Dorinha vai muito mais al\u00e9m da quest\u00e3o partid\u00e1ria. \u201cN\u00f3s temos uma pessoa capacitada, relevante no Brasil, que cumpre a palavra empenhada, pensa no futuro do Estado e \u00e9 l\u00edder nas sondagens eleitorais nos mais diversos cen\u00e1rios. Com ela, temos a oportunidade de transformar o Tocantins\u201d, frisou Ronivon.<\/p>\n\n\n\n<p>No encontro, Dorinha agradeceu o respaldo de todos e lembrou que v\u00e1rios outros gestores municipais est\u00e3o se somando no projeto. \u201cTemos dezenas de prefeitos e prefeitas conosco. N\u00e3o adianta ataques baixos, vamos responder de forma correta e mostrando para a sociedade que o Tocantins pode avan\u00e7ar muito mais\u201d, finalizou a congressista.<\/p>\n\n\n\n<p><\/p>\n","protected":false},"excerpt":{"rendered":"<p>\u201cA senadora Dorinha \u00e9 a nossa pr\u00e9-candidata a governadora por ser a melhor pessoa que o Tocantins possu\u00ed no momento para liderar um projeto que possa trazer mais desenvolvimento para o Estado, qualidade de vida para a popula\u00e7\u00e3o e, sobretudo, comandar uma gest\u00e3o pautada em avan\u00e7os sociais e econ\u00f4micos\u201d, ressaltou a coordenadora do G5+Mais (grupo [&hellip;]<\/p>\n","protected":false},"author":13,"featured_media":86572,"comment_status":"open","ping_status":"open","sticky":false,"template":"","format":"standard","meta":{"_acf_changed":false,"footnotes":""},"categories":[898,23,21],"tags":[],"class_list":["post-86571","post","type-post","status-publish","format-standard","has-post-thumbnail","hentry","category-manchete-segundaria","category-politica","category-todas-noticias"],"acf":[],"yoast_head":"<!-- This site is optimized with the Yoast SEO plugin v24.4 - https:\/\/yoast.com\/wordpress\/plugins\/seo\/ -->\n<title>G5+Mais refor\u00e7a respaldo total a Dorinha e se organiza contra ataques sistem\u00e1ticos - PORTAL DE NOT\u00cdCIAS CLEITON PINHEIRO<\/title>\n<meta name=\"robots\" content=\"index, follow, max-snippet:-1, max-image-preview:large, max-video-preview:-1\" \/>\n<link rel=\"canonical\" href=\"https:\/\/cleitonpinheiro.com.br\/site\/g5mais-reforca-respaldo-total-a-dorinha-e-se-organiza-contra-ataques-sistematicos\/\" \/>\n<meta property=\"og:locale\" content=\"pt_BR\" \/>\n<meta property=\"og:type\" content=\"article\" \/>\n<meta property=\"og:title\" content=\"G5+Mais refor\u00e7a respaldo total a Dorinha e se organiza contra ataques sistem\u00e1ticos - PORTAL DE NOT\u00cdCIAS CLEITON PINHEIRO\" \/>\n<meta property=\"og:description\" content=\"\u201cA senadora Dorinha \u00e9 a nossa pr\u00e9-candidata a governadora por ser a melhor pessoa que o Tocantins possu\u00ed no momento para liderar um projeto que possa trazer mais desenvolvimento para o Estado, qualidade de vida para a popula\u00e7\u00e3o e, sobretudo, comandar uma gest\u00e3o pautada em avan\u00e7os sociais e econ\u00f4micos\u201d, ressaltou a coordenadora do G5+Mais (grupo [&hellip;]\" \/>\n<meta property=\"og:url\" content=\"https:\/\/cleitonpinheiro.com.br\/site\/g5mais-reforca-respaldo-total-a-dorinha-e-se-organiza-contra-ataques-sistematicos\/\" \/>\n<meta property=\"og:site_name\" content=\"PORTAL DE NOT\u00cdCIAS CLEITON PINHEIRO\" \/>\n<meta property=\"article:publisher\" content=\"https:\/\/www.facebook.com\/portalcpnoticias\/\" \/>\n<meta property=\"article:published_time\" content=\"2025-08-14T10:20:00+00:00\" \/>\n<meta property=\"article:modified_time\" content=\"2025-08-14T12:23:49+00:00\" \/>\n<meta property=\"og:image\" content=\"https:\/\/cleitonpinheiro.com.br\/site\/wp-content\/uploads\/2025\/08\/G5-1.jpg\" \/>\n\t<meta property=\"og:image:width\" content=\"1600\" \/>\n\t<meta property=\"og:image:height\" content=\"1066\" \/>\n\t<meta property=\"og:image:type\" content=\"image\/jpeg\" \/>\n<meta name=\"author\" content=\"Reda\u00e7\u00e3o CP\" \/>\n<meta name=\"twitter:card\" content=\"summary_large_image\" \/>\n<meta name=\"twitter:label1\" content=\"Escrito por\" \/>\n\t<meta name=\"twitter:data1\" content=\"Reda\u00e7\u00e3o CP\" \/>\n\t<meta name=\"twitter:label2\" content=\"Est. tempo de leitura\" \/>\n\t<meta name=\"twitter:data2\" content=\"4 minutos\" \/>\n<script type=\"application\/ld+json\" class=\"yoast-schema-graph\">{\"@context\":\"https:\/\/schema.org\",\"@graph\":[{\"@type\":\"Article\",\"@id\":\"https:\/\/cleitonpinheiro.com.br\/site\/g5mais-reforca-respaldo-total-a-dorinha-e-se-organiza-contra-ataques-sistematicos\/#article\",\"isPartOf\":{\"@id\":\"https:\/\/cleitonpinheiro.com.br\/site\/g5mais-reforca-respaldo-total-a-dorinha-e-se-organiza-contra-ataques-sistematicos\/\"},\"author\":{\"name\":\"Reda\u00e7\u00e3o CP\",\"@id\":\"https:\/\/cleitonpinheiro.com.br\/site\/#\/schema\/person\/8f04544e0bc40a1b68775b08360f87db\"},\"headline\":\"G5+Mais refor\u00e7a respaldo total a Dorinha e se organiza contra ataques sistem\u00e1ticos\",\"datePublished\":\"2025-08-14T10:20:00+00:00\",\"dateModified\":\"2025-08-14T12:23:49+00:00\",\"mainEntityOfPage\":{\"@id\":\"https:\/\/cleitonpinheiro.com.br\/site\/g5mais-reforca-respaldo-total-a-dorinha-e-se-organiza-contra-ataques-sistematicos\/\"},\"wordCount\":554,\"commentCount\":0,\"publisher\":{\"@id\":\"https:\/\/cleitonpinheiro.com.br\/site\/#organization\"},\"image\":{\"@id\":\"https:\/\/cleitonpinheiro.com.br\/site\/g5mais-reforca-respaldo-total-a-dorinha-e-se-organiza-contra-ataques-sistematicos\/#primaryimage\"},\"thumbnailUrl\":\"https:\/\/cleitonpinheiro.com.br\/site\/wp-content\/uploads\/2025\/08\/G5-1.jpg\",\"articleSection\":[\"MANCHETE SEGUND\u00c1RIA\",\"POL\u00cdTICA\",\"TODAS NOTICIAS\"],\"inLanguage\":\"pt-BR\",\"potentialAction\":[{\"@type\":\"CommentAction\",\"name\":\"Comment\",\"target\":[\"https:\/\/cleitonpinheiro.com.br\/site\/g5mais-reforca-respaldo-total-a-dorinha-e-se-organiza-contra-ataques-sistematicos\/#respond\"]}]},{\"@type\":\"WebPage\",\"@id\":\"https:\/\/cleitonpinheiro.com.br\/site\/g5mais-reforca-respaldo-total-a-dorinha-e-se-organiza-contra-ataques-sistematicos\/\",\"url\":\"https:\/\/cleitonpinheiro.com.br\/site\/g5mais-reforca-respaldo-total-a-dorinha-e-se-organiza-contra-ataques-sistematicos\/\",\"name\":\"G5+Mais refor\u00e7a respaldo total a Dorinha e se organiza contra ataques sistem\u00e1ticos - PORTAL DE NOT\u00cdCIAS CLEITON PINHEIRO\",\"isPartOf\":{\"@id\":\"https:\/\/cleitonpinheiro.com.br\/site\/#website\"},\"primaryImageOfPage\":{\"@id\":\"https:\/\/cleitonpinheiro.com.br\/site\/g5mais-reforca-respaldo-total-a-dorinha-e-se-organiza-contra-ataques-sistematicos\/#primaryimage\"},\"image\":{\"@id\":\"https:\/\/cleitonpinheiro.com.br\/site\/g5mais-reforca-respaldo-total-a-dorinha-e-se-organiza-contra-ataques-sistematicos\/#primaryimage\"},\"thumbnailUrl\":\"https:\/\/cleitonpinheiro.com.br\/site\/wp-content\/uploads\/2025\/08\/G5-1.jpg\",\"datePublished\":\"2025-08-14T10:20:00+00:00\",\"dateModified\":\"2025-08-14T12:23:49+00:00\",\"breadcrumb\":{\"@id\":\"https:\/\/cleitonpinheiro.com.br\/site\/g5mais-reforca-respaldo-total-a-dorinha-e-se-organiza-contra-ataques-sistematicos\/#breadcrumb\"},\"inLanguage\":\"pt-BR\",\"potentialAction\":[{\"@type\":\"ReadAction\",\"target\":[\"https:\/\/cleitonpinheiro.com.br\/site\/g5mais-reforca-respaldo-total-a-dorinha-e-se-organiza-contra-ataques-sistematicos\/\"]}]},{\"@type\":\"ImageObject\",\"inLanguage\":\"pt-BR\",\"@id\":\"https:\/\/cleitonpinheiro.com.br\/site\/g5mais-reforca-respaldo-total-a-dorinha-e-se-organiza-contra-ataques-sistematicos\/#primaryimage\",\"url\":\"https:\/\/cleitonpinheiro.com.br\/site\/wp-content\/uploads\/2025\/08\/G5-1.jpg\",\"contentUrl\":\"https:\/\/cleitonpinheiro.com.br\/site\/wp-content\/uploads\/2025\/08\/G5-1.jpg\",\"width\":1600,\"height\":1066},{\"@type\":\"BreadcrumbList\",\"@id\":\"https:\/\/cleitonpinheiro.com.br\/site\/g5mais-reforca-respaldo-total-a-dorinha-e-se-organiza-contra-ataques-sistematicos\/#breadcrumb\",\"itemListElement\":[{\"@type\":\"ListItem\",\"position\":1,\"name\":\"In\u00edcio\",\"item\":\"https:\/\/cleitonpinheiro.com.br\/site\/\"},{\"@type\":\"ListItem\",\"position\":2,\"name\":\"G5+Mais refor\u00e7a respaldo total a Dorinha e se organiza contra ataques sistem\u00e1ticos\"}]},{\"@type\":\"WebSite\",\"@id\":\"https:\/\/cleitonpinheiro.com.br\/site\/#website\",\"url\":\"https:\/\/cleitonpinheiro.com.br\/site\/\",\"name\":\"PORTAL DE NOT\u00cdCIAS CLEITON PINHEIRO\",\"description\":\"FALANDO A VERDADE\",\"publisher\":{\"@id\":\"https:\/\/cleitonpinheiro.com.br\/site\/#organization\"},\"potentialAction\":[{\"@type\":\"SearchAction\",\"target\":{\"@type\":\"EntryPoint\",\"urlTemplate\":\"https:\/\/cleitonpinheiro.com.br\/site\/?s={search_term_string}\"},\"query-input\":{\"@type\":\"PropertyValueSpecification\",\"valueRequired\":true,\"valueName\":\"search_term_string\"}}],\"inLanguage\":\"pt-BR\"},{\"@type\":\"Organization\",\"@id\":\"https:\/\/cleitonpinheiro.com.br\/site\/#organization\",\"name\":\"CPNOT\u00cdCIAS\",\"url\":\"https:\/\/cleitonpinheiro.com.br\/site\/\",\"logo\":{\"@type\":\"ImageObject\",\"inLanguage\":\"pt-BR\",\"@id\":\"https:\/\/cleitonpinheiro.com.br\/site\/#\/schema\/logo\/image\/\",\"url\":\"https:\/\/cleitonpinheiro.com.br\/site\/wp-content\/uploads\/2022\/08\/Logo-pequena-2.png\",\"contentUrl\":\"https:\/\/cleitonpinheiro.com.br\/site\/wp-content\/uploads\/2022\/08\/Logo-pequena-2.png\",\"width\":500,\"height\":500,\"caption\":\"CPNOT\u00cdCIAS\"},\"image\":{\"@id\":\"https:\/\/cleitonpinheiro.com.br\/site\/#\/schema\/logo\/image\/\"},\"sameAs\":[\"https:\/\/www.facebook.com\/portalcpnoticias\/\"]},{\"@type\":\"Person\",\"@id\":\"https:\/\/cleitonpinheiro.com.br\/site\/#\/schema\/person\/8f04544e0bc40a1b68775b08360f87db\",\"name\":\"Reda\u00e7\u00e3o CP\",\"image\":{\"@type\":\"ImageObject\",\"inLanguage\":\"pt-BR\",\"@id\":\"https:\/\/cleitonpinheiro.com.br\/site\/#\/schema\/person\/image\/\",\"url\":\"https:\/\/secure.gravatar.com\/avatar\/0bcf19cb29fdc8fc588c490c7ae1b3e174dac268586a63fbe1d1893a0f9020cd?s=96&r=g\",\"contentUrl\":\"https:\/\/secure.gravatar.com\/avatar\/0bcf19cb29fdc8fc588c490c7ae1b3e174dac268586a63fbe1d1893a0f9020cd?s=96&r=g\",\"caption\":\"Reda\u00e7\u00e3o CP\"},\"url\":\"https:\/\/cleitonpinheiro.com.br\/site\/author\/redacao\/\"}]}<\/script>\n<!-- \/ Yoast SEO plugin. -->","yoast_head_json":{"title":"G5+Mais refor\u00e7a respaldo total a Dorinha e se organiza contra ataques sistem\u00e1ticos - PORTAL DE NOT\u00cdCIAS CLEITON PINHEIRO","robots":{"index":"index","follow":"follow","max-snippet":"max-snippet:-1","max-image-preview":"max-image-preview:large","max-video-preview":"max-video-preview:-1"},"canonical":"https:\/\/cleitonpinheiro.com.br\/site\/g5mais-reforca-respaldo-total-a-dorinha-e-se-organiza-contra-ataques-sistematicos\/","og_locale":"pt_BR","og_type":"article","og_title":"G5+Mais refor\u00e7a respaldo total a Dorinha e se organiza contra ataques sistem\u00e1ticos - PORTAL DE NOT\u00cdCIAS CLEITON PINHEIRO","og_description":"\u201cA senadora Dorinha \u00e9 a nossa pr\u00e9-candidata a governadora por ser a melhor pessoa que o Tocantins possu\u00ed no momento para liderar um projeto que possa trazer mais desenvolvimento para o Estado, qualidade de vida para a popula\u00e7\u00e3o e, sobretudo, comandar uma gest\u00e3o pautada em avan\u00e7os sociais e econ\u00f4micos\u201d, ressaltou a coordenadora do G5+Mais (grupo [&hellip;]","og_url":"https:\/\/cleitonpinheiro.com.br\/site\/g5mais-reforca-respaldo-total-a-dorinha-e-se-organiza-contra-ataques-sistematicos\/","og_site_name":"PORTAL DE NOT\u00cdCIAS CLEITON PINHEIRO","article_publisher":"https:\/\/www.facebook.com\/portalcpnoticias\/","article_published_time":"2025-08-14T10:20:00+00:00","article_modified_time":"2025-08-14T12:23:49+00:00","og_image":[{"width":1600,"height":1066,"url":"https:\/\/cleitonpinheiro.com.br\/site\/wp-content\/uploads\/2025\/08\/G5-1.jpg","type":"image\/jpeg"}],"author":"Reda\u00e7\u00e3o CP","twitter_card":"summary_large_image","twitter_misc":{"Escrito por":"Reda\u00e7\u00e3o CP","Est. tempo de leitura":"4 minutos"},"schema":{"@context":"https:\/\/schema.org","@graph":[{"@type":"Article","@id":"https:\/\/cleitonpinheiro.com.br\/site\/g5mais-reforca-respaldo-total-a-dorinha-e-se-organiza-contra-ataques-sistematicos\/#article","isPartOf":{"@id":"https:\/\/cleitonpinheiro.com.br\/site\/g5mais-reforca-respaldo-total-a-dorinha-e-se-organiza-contra-ataques-sistematicos\/"},"author":{"name":"Reda\u00e7\u00e3o CP","@id":"https:\/\/cleitonpinheiro.com.br\/site\/#\/schema\/person\/8f04544e0bc40a1b68775b08360f87db"},"headline":"G5+Mais refor\u00e7a respaldo total a Dorinha e se organiza contra ataques sistem\u00e1ticos","datePublished":"2025-08-14T10:20:00+00:00","dateModified":"2025-08-14T12:23:49+00:00","mainEntityOfPage":{"@id":"https:\/\/cleitonpinheiro.com.br\/site\/g5mais-reforca-respaldo-total-a-dorinha-e-se-organiza-contra-ataques-sistematicos\/"},"wordCount":554,"commentCount":0,"publisher":{"@id":"https:\/\/cleitonpinheiro.com.br\/site\/#organization"},"image":{"@id":"https:\/\/cleitonpinheiro.com.br\/site\/g5mais-reforca-respaldo-total-a-dorinha-e-se-organiza-contra-ataques-sistematicos\/#primaryimage"},"thumbnailUrl":"https:\/\/cleitonpinheiro.com.br\/site\/wp-content\/uploads\/2025\/08\/G5-1.jpg","articleSection":["MANCHETE SEGUND\u00c1RIA","POL\u00cdTICA","TODAS NOTICIAS"],"inLanguage":"pt-BR","potentialAction":[{"@type":"CommentAction","name":"Comment","target":["https:\/\/cleitonpinheiro.com.br\/site\/g5mais-reforca-respaldo-total-a-dorinha-e-se-organiza-contra-ataques-sistematicos\/#respond"]}]},{"@type":"WebPage","@id":"https:\/\/cleitonpinheiro.com.br\/site\/g5mais-reforca-respaldo-total-a-dorinha-e-se-organiza-contra-ataques-sistematicos\/","url":"https:\/\/cleitonpinheiro.com.br\/site\/g5mais-reforca-respaldo-total-a-dorinha-e-se-organiza-contra-ataques-sistematicos\/","name":"G5+Mais refor\u00e7a respaldo total a Dorinha e se organiza contra ataques sistem\u00e1ticos - PORTAL DE NOT\u00cdCIAS CLEITON PINHEIRO","isPartOf":{"@id":"https:\/\/cleitonpinheiro.com.br\/site\/#website"},"primaryImageOfPage":{"@id":"https:\/\/cleitonpinheiro.com.br\/site\/g5mais-reforca-respaldo-total-a-dorinha-e-se-organiza-contra-ataques-sistematicos\/#primaryimage"},"image":{"@id":"https:\/\/cleitonpinheiro.com.br\/site\/g5mais-reforca-respaldo-total-a-dorinha-e-se-organiza-contra-ataques-sistematicos\/#primaryimage"},"thumbnailUrl":"https:\/\/cleitonpinheiro.com.br\/site\/wp-content\/uploads\/2025\/08\/G5-1.jpg","datePublished":"2025-08-14T10:20:00+00:00","dateModified":"2025-08-14T12:23:49+00:00","breadcrumb":{"@id":"https:\/\/cleitonpinheiro.com.br\/site\/g5mais-reforca-respaldo-total-a-dorinha-e-se-organiza-contra-ataques-sistematicos\/#breadcrumb"},"inLanguage":"pt-BR","potentialAction":[{"@type":"ReadAction","target":["https:\/\/cleitonpinheiro.com.br\/site\/g5mais-reforca-respaldo-total-a-dorinha-e-se-organiza-contra-ataques-sistematicos\/"]}]},{"@type":"ImageObject","inLanguage":"pt-BR","@id":"https:\/\/cleitonpinheiro.com.br\/site\/g5mais-reforca-respaldo-total-a-dorinha-e-se-organiza-contra-ataques-sistematicos\/#primaryimage","url":"https:\/\/cleitonpinheiro.com.br\/site\/wp-content\/uploads\/2025\/08\/G5-1.jpg","contentUrl":"https:\/\/cleitonpinheiro.com.br\/site\/wp-content\/uploads\/2025\/08\/G5-1.jpg","width":1600,"height":1066},{"@type":"BreadcrumbList","@id":"https:\/\/cleitonpinheiro.com.br\/site\/g5mais-reforca-respaldo-total-a-dorinha-e-se-organiza-contra-ataques-sistematicos\/#breadcrumb","itemListElement":[{"@type":"ListItem","position":1,"name":"In\u00edcio","item":"https:\/\/cleitonpinheiro.com.br\/site\/"},{"@type":"ListItem","position":2,"name":"G5+Mais refor\u00e7a respaldo total a Dorinha e se organiza contra ataques sistem\u00e1ticos"}]},{"@type":"WebSite","@id":"https:\/\/cleitonpinheiro.com.br\/site\/#website","url":"https:\/\/cleitonpinheiro.com.br\/site\/","name":"PORTAL DE NOT\u00cdCIAS CLEITON PINHEIRO","description":"FALANDO A VERDADE","publisher":{"@id":"https:\/\/cleitonpinheiro.com.br\/site\/#organization"},"potentialAction":[{"@type":"SearchAction","target":{"@type":"EntryPoint","urlTemplate":"https:\/\/cleitonpinheiro.com.br\/site\/?s={search_term_string}"},"query-input":{"@type":"PropertyValueSpecification","valueRequired":true,"valueName":"search_term_string"}}],"inLanguage":"pt-BR"},{"@type":"Organization","@id":"https:\/\/cleitonpinheiro.com.br\/site\/#organization","name":"CPNOT\u00cdCIAS","url":"https:\/\/cleitonpinheiro.com.br\/site\/","logo":{"@type":"ImageObject","inLanguage":"pt-BR","@id":"https:\/\/cleitonpinheiro.com.br\/site\/#\/schema\/logo\/image\/","url":"https:\/\/cleitonpinheiro.com.br\/site\/wp-content\/uploads\/2022\/08\/Logo-pequena-2.png","contentUrl":"https:\/\/cleitonpinheiro.com.br\/site\/wp-content\/uploads\/2022\/08\/Logo-pequena-2.png","width":500,"height":500,"caption":"CPNOT\u00cdCIAS"},"image":{"@id":"https:\/\/cleitonpinheiro.com.br\/site\/#\/schema\/logo\/image\/"},"sameAs":["https:\/\/www.facebook.com\/portalcpnoticias\/"]},{"@type":"Person","@id":"https:\/\/cleitonpinheiro.com.br\/site\/#\/schema\/person\/8f04544e0bc40a1b68775b08360f87db","name":"Reda\u00e7\u00e3o CP","image":{"@type":"ImageObject","inLanguage":"pt-BR","@id":"https:\/\/cleitonpinheiro.com.br\/site\/#\/schema\/person\/image\/","url":"https:\/\/secure.gravatar.com\/avatar\/0bcf19cb29fdc8fc588c490c7ae1b3e174dac268586a63fbe1d1893a0f9020cd?s=96&r=g","contentUrl":"https:\/\/secure.gravatar.com\/avatar\/0bcf19cb29fdc8fc588c490c7ae1b3e174dac268586a63fbe1d1893a0f9020cd?s=96&r=g","caption":"Reda\u00e7\u00e3o CP"},"url":"https:\/\/cleitonpinheiro.com.br\/site\/author\/redacao\/"}]}},"views":116,"_links":{"self":[{"href":"https:\/\/cleitonpinheiro.com.br\/site\/wp-json\/wp\/v2\/posts\/86571","targetHints":{"allow":["GET"]}}],"collection":[{"href":"https:\/\/cleitonpinheiro.com.br\/site\/wp-json\/wp\/v2\/posts"}],"about":[{"href":"https:\/\/cleitonpinheiro.com.br\/site\/wp-json\/wp\/v2\/types\/post"}],"author":[{"embeddable":true,"href":"https:\/\/cleitonpinheiro.com.br\/site\/wp-json\/wp\/v2\/users\/13"}],"replies":[{"embeddable":true,"href":"https:\/\/cleitonpinheiro.com.br\/site\/wp-json\/wp\/v2\/comments?post=86571"}],"version-history":[{"count":1,"href":"https:\/\/cleitonpinheiro.com.br\/site\/wp-json\/wp\/v2\/posts\/86571\/revisions"}],"predecessor-version":[{"id":86573,"href":"https:\/\/cleitonpinheiro.com.br\/site\/wp-json\/wp\/v2\/posts\/86571\/revisions\/86573"}],"wp:featuredmedia":[{"embeddable":true,"href":"https:\/\/cleitonpinheiro.com.br\/site\/wp-json\/wp\/v2\/media\/86572"}],"wp:attachment":[{"href":"https:\/\/cleitonpinheiro.com.br\/site\/wp-json\/wp\/v2\/media?parent=86571"}],"wp:term":[{"taxonomy":"category","embeddable":true,"href":"https:\/\/cleitonpinheiro.com.br\/site\/wp-json\/wp\/v2\/categories?post=86571"},{"taxonomy":"post_tag","embeddable":true,"href":"https:\/\/cleitonpinheiro.com.br\/site\/wp-json\/wp\/v2\/tags?post=86571"}],"curies":[{"name":"wp","href":"https:\/\/api.w.org\/{rel}","templated":true}]}}