{"id":86574,"date":"2025-08-14T09:27:13","date_gmt":"2025-08-14T12:27:13","guid":{"rendered":"https:\/\/cleitonpinheiro.com.br\/site\/?p=86574"},"modified":"2025-08-14T09:27:18","modified_gmt":"2025-08-14T12:27:18","slug":"prefeitura-de-palmas-convida-populacao-para-7a-edicao-do-futebol-solidario-do-tocantins","status":"publish","type":"post","link":"https:\/\/cleitonpinheiro.com.br\/site\/prefeitura-de-palmas-convida-populacao-para-7a-edicao-do-futebol-solidario-do-tocantins\/","title":{"rendered":"Prefeitura de Palmas convida popula\u00e7\u00e3o para 7\u00aa edi\u00e7\u00e3o do Futebol Solid\u00e1rio do Tocantins"},"content":{"rendered":"\n<figure class=\"wp-block-image size-full\"><img fetchpriority=\"high\" decoding=\"async\" width=\"640\" height=\"427\" src=\"https:\/\/cleitonpinheiro.com.br\/site\/wp-content\/uploads\/2025\/01\/ball-1930198_640.jpg\" alt=\"\" class=\"wp-image-84226\" srcset=\"https:\/\/cleitonpinheiro.com.br\/site\/wp-content\/uploads\/2025\/01\/ball-1930198_640.jpg 640w, https:\/\/cleitonpinheiro.com.br\/site\/wp-content\/uploads\/2025\/01\/ball-1930198_640-300x200.jpg 300w\" sizes=\"(max-width: 640px) 100vw, 640px\" \/><figcaption class=\"wp-element-caption\">Foto: JeppeSmedNielsen\/Pixabay<\/figcaption><\/figure>\n\n\n\n<p>No s\u00e1bado, 16, ser\u00e1 realizada com o apoio da Prefeitura de Palmas, a 7\u00aa edi\u00e7\u00e3o do Futebol Solid\u00e1rio do Tocantins, no Est\u00e1dio Nilton Santos, a partir das 16 horas. A entrada dos torcedores \u00e9 liberada mediante a doa\u00e7\u00e3o de 2 kg de alimentos n\u00e3o perec\u00edveis e uma pe\u00e7a de roupas em bom estado de conserva\u00e7\u00e3o. Assim como nas edi\u00e7\u00f5es anteriores, o evento reunir\u00e1 atletas, artistas, lideran\u00e7as pol\u00edticas e empres\u00e1rios, todos com um s\u00f3 objetivo: o de promover a solidariedade.<\/p>\n\n\n\n<p>O prefeito de Palmas, Eduardo Siqueira Campos, tem incentivado e convidado a popula\u00e7\u00e3o a abra\u00e7ar a causa, e ressaltou a import\u00e2ncia do projeto. \u201cFaltam poucos dias para o nosso futebol solid\u00e1rio. Fazemos quest\u00e3o de apoiar esse projeto, que ao longo dos anos tem ajudado milhares de tocantinenses, por isso, \u00e9 importante que toda a sociedade apoie essa a\u00e7\u00e3o, participando com doa\u00e7\u00f5es e prestigiando o jogo\u201d, disse.<\/p>\n\n\n\n<p>O evento \u00e9 uma iniciativa do senador Iraj\u00e1 Silvestre, com o apoio da Prefeitura de Palmas. Segundo o senador, a meta \u00e9 superar os resultados do ano anterior: \u201cEstamos mobilizando toda a sociedade tocantinense para superar a marca de 2023 e arrecadar mais de 150 toneladas de doa\u00e7\u00f5es. Gra\u00e7as ao esp\u00edrito solid\u00e1rio do nosso povo, com o apoio de empres\u00e1rios, comerciantes e, principalmente, do cidad\u00e3o comum, vamos transformar cada contribui\u00e7\u00e3o em esperan\u00e7a\u201d, destacou.<\/p>\n\n\n\n<p><strong>Participantes<\/strong><\/p>\n\n\n\n<p>J\u00e1 confirmaram presen\u00e7a as seguintes estrelas: Rom\u00e1rio, Cafu, Pretinha, Formiga, L\u00e9o Moura, Vampeta, Ricardo Rocha, Fl\u00e1vio Concei\u00e7\u00e3o, Rogerinho, Esquerdinha, Alex Dias, Athirson, Bruno Teles, Danrlei, Fab\u00e3o, Sandro Hiroshi, M\u00e1rio Jardel, Daniel Dias, Mailson, Paulo Almeida, Marcelo Ribeiro e Cau\u00ea, Pop\u00f3 e Rodrig\u00e3o. Nego do Borel, Tiago Reis, Andrez S\u00e1nchez, Vitor Munis, Guga e Leandro \u00c1vila, al\u00e9m de Eduardo Siqueira Campos e o prefeito de Macei\u00f3 (AL), Jo\u00e3o Henrique Caldas.<\/p>\n\n\n\n<p><strong>Pr\u00eamios<\/strong><\/p>\n\n\n\n<p>Quem contribuir com a causa, pode concorrer a pr\u00eamios especiais. Para isso, basta se cadastrar&nbsp;<a href=\"https:\/\/ingressosgo.com.br\/futebolsolidario\" target=\"_blank\" rel=\"noreferrer noopener\">por meio deste&nbsp; link<\/a>. Entre os pr\u00eamios est\u00e3o ingressos para o show da dupla Henrique &amp; Juliano, que vai acontecer no dia 15 de agosto, em Palmas, camisetas autografadas e at\u00e9 duas vagas para jogar ao lado das estrelas no 7\u00ba Futebol Solid\u00e1rio do Tocantins.<\/p>\n","protected":false},"excerpt":{"rendered":"<p>No s\u00e1bado, 16, ser\u00e1 realizada com o apoio da Prefeitura de Palmas, a 7\u00aa edi\u00e7\u00e3o do Futebol Solid\u00e1rio do Tocantins, no Est\u00e1dio Nilton Santos, a partir das 16 horas. A entrada dos torcedores \u00e9 liberada mediante a doa\u00e7\u00e3o de 2 kg de alimentos n\u00e3o perec\u00edveis e uma pe\u00e7a de roupas em bom estado de conserva\u00e7\u00e3o. [&hellip;]<\/p>\n","protected":false},"author":13,"featured_media":84226,"comment_status":"open","ping_status":"open","sticky":false,"template":"","format":"standard","meta":{"_acf_changed":false,"footnotes":""},"categories":[1,20,21],"tags":[],"class_list":["post-86574","post","type-post","status-publish","format-standard","has-post-thumbnail","hentry","category-esporte","category-noticias-em-destaque","category-todas-noticias"],"acf":[],"yoast_head":"<!-- This site is optimized with the Yoast SEO plugin v24.4 - https:\/\/yoast.com\/wordpress\/plugins\/seo\/ -->\n<title>Prefeitura de Palmas convida popula\u00e7\u00e3o para 7\u00aa edi\u00e7\u00e3o do Futebol Solid\u00e1rio do Tocantins - PORTAL DE NOT\u00cdCIAS CLEITON PINHEIRO<\/title>\n<meta name=\"robots\" content=\"index, follow, max-snippet:-1, max-image-preview:large, max-video-preview:-1\" \/>\n<link rel=\"canonical\" href=\"https:\/\/cleitonpinheiro.com.br\/site\/prefeitura-de-palmas-convida-populacao-para-7a-edicao-do-futebol-solidario-do-tocantins\/\" \/>\n<meta property=\"og:locale\" content=\"pt_BR\" \/>\n<meta property=\"og:type\" content=\"article\" \/>\n<meta property=\"og:title\" content=\"Prefeitura de Palmas convida popula\u00e7\u00e3o para 7\u00aa edi\u00e7\u00e3o do Futebol Solid\u00e1rio do Tocantins - PORTAL DE NOT\u00cdCIAS CLEITON PINHEIRO\" \/>\n<meta property=\"og:description\" content=\"No s\u00e1bado, 16, ser\u00e1 realizada com o apoio da Prefeitura de Palmas, a 7\u00aa edi\u00e7\u00e3o do Futebol Solid\u00e1rio do Tocantins, no Est\u00e1dio Nilton Santos, a partir das 16 horas. A entrada dos torcedores \u00e9 liberada mediante a doa\u00e7\u00e3o de 2 kg de alimentos n\u00e3o perec\u00edveis e uma pe\u00e7a de roupas em bom estado de conserva\u00e7\u00e3o. [&hellip;]\" \/>\n<meta property=\"og:url\" content=\"https:\/\/cleitonpinheiro.com.br\/site\/prefeitura-de-palmas-convida-populacao-para-7a-edicao-do-futebol-solidario-do-tocantins\/\" \/>\n<meta property=\"og:site_name\" content=\"PORTAL DE NOT\u00cdCIAS CLEITON PINHEIRO\" \/>\n<meta property=\"article:publisher\" content=\"https:\/\/www.facebook.com\/portalcpnoticias\/\" \/>\n<meta property=\"article:published_time\" content=\"2025-08-14T12:27:13+00:00\" \/>\n<meta property=\"article:modified_time\" content=\"2025-08-14T12:27:18+00:00\" \/>\n<meta property=\"og:image\" content=\"https:\/\/cleitonpinheiro.com.br\/site\/wp-content\/uploads\/2025\/01\/ball-1930198_640.jpg\" \/>\n\t<meta property=\"og:image:width\" content=\"640\" \/>\n\t<meta property=\"og:image:height\" content=\"427\" \/>\n\t<meta property=\"og:image:type\" content=\"image\/jpeg\" \/>\n<meta name=\"author\" content=\"Reda\u00e7\u00e3o CP\" \/>\n<meta name=\"twitter:card\" content=\"summary_large_image\" \/>\n<meta name=\"twitter:label1\" content=\"Escrito por\" \/>\n\t<meta name=\"twitter:data1\" content=\"Reda\u00e7\u00e3o CP\" \/>\n\t<meta name=\"twitter:label2\" content=\"Est. tempo de leitura\" \/>\n\t<meta name=\"twitter:data2\" content=\"3 minutos\" \/>\n<script type=\"application\/ld+json\" class=\"yoast-schema-graph\">{\"@context\":\"https:\/\/schema.org\",\"@graph\":[{\"@type\":\"Article\",\"@id\":\"https:\/\/cleitonpinheiro.com.br\/site\/prefeitura-de-palmas-convida-populacao-para-7a-edicao-do-futebol-solidario-do-tocantins\/#article\",\"isPartOf\":{\"@id\":\"https:\/\/cleitonpinheiro.com.br\/site\/prefeitura-de-palmas-convida-populacao-para-7a-edicao-do-futebol-solidario-do-tocantins\/\"},\"author\":{\"name\":\"Reda\u00e7\u00e3o CP\",\"@id\":\"https:\/\/cleitonpinheiro.com.br\/site\/#\/schema\/person\/8f04544e0bc40a1b68775b08360f87db\"},\"headline\":\"Prefeitura de Palmas convida popula\u00e7\u00e3o para 7\u00aa edi\u00e7\u00e3o do Futebol Solid\u00e1rio do Tocantins\",\"datePublished\":\"2025-08-14T12:27:13+00:00\",\"dateModified\":\"2025-08-14T12:27:18+00:00\",\"mainEntityOfPage\":{\"@id\":\"https:\/\/cleitonpinheiro.com.br\/site\/prefeitura-de-palmas-convida-populacao-para-7a-edicao-do-futebol-solidario-do-tocantins\/\"},\"wordCount\":401,\"commentCount\":0,\"publisher\":{\"@id\":\"https:\/\/cleitonpinheiro.com.br\/site\/#organization\"},\"image\":{\"@id\":\"https:\/\/cleitonpinheiro.com.br\/site\/prefeitura-de-palmas-convida-populacao-para-7a-edicao-do-futebol-solidario-do-tocantins\/#primaryimage\"},\"thumbnailUrl\":\"https:\/\/cleitonpinheiro.com.br\/site\/wp-content\/uploads\/2025\/01\/ball-1930198_640.jpg\",\"articleSection\":[\"ESPORTE\",\"NOT\u00cdCIAS EM DESTAQUE\",\"TODAS NOTICIAS\"],\"inLanguage\":\"pt-BR\",\"potentialAction\":[{\"@type\":\"CommentAction\",\"name\":\"Comment\",\"target\":[\"https:\/\/cleitonpinheiro.com.br\/site\/prefeitura-de-palmas-convida-populacao-para-7a-edicao-do-futebol-solidario-do-tocantins\/#respond\"]}]},{\"@type\":\"WebPage\",\"@id\":\"https:\/\/cleitonpinheiro.com.br\/site\/prefeitura-de-palmas-convida-populacao-para-7a-edicao-do-futebol-solidario-do-tocantins\/\",\"url\":\"https:\/\/cleitonpinheiro.com.br\/site\/prefeitura-de-palmas-convida-populacao-para-7a-edicao-do-futebol-solidario-do-tocantins\/\",\"name\":\"Prefeitura de Palmas convida popula\u00e7\u00e3o para 7\u00aa edi\u00e7\u00e3o do Futebol Solid\u00e1rio do Tocantins - PORTAL DE NOT\u00cdCIAS CLEITON PINHEIRO\",\"isPartOf\":{\"@id\":\"https:\/\/cleitonpinheiro.com.br\/site\/#website\"},\"primaryImageOfPage\":{\"@id\":\"https:\/\/cleitonpinheiro.com.br\/site\/prefeitura-de-palmas-convida-populacao-para-7a-edicao-do-futebol-solidario-do-tocantins\/#primaryimage\"},\"image\":{\"@id\":\"https:\/\/cleitonpinheiro.com.br\/site\/prefeitura-de-palmas-convida-populacao-para-7a-edicao-do-futebol-solidario-do-tocantins\/#primaryimage\"},\"thumbnailUrl\":\"https:\/\/cleitonpinheiro.com.br\/site\/wp-content\/uploads\/2025\/01\/ball-1930198_640.jpg\",\"datePublished\":\"2025-08-14T12:27:13+00:00\",\"dateModified\":\"2025-08-14T12:27:18+00:00\",\"breadcrumb\":{\"@id\":\"https:\/\/cleitonpinheiro.com.br\/site\/prefeitura-de-palmas-convida-populacao-para-7a-edicao-do-futebol-solidario-do-tocantins\/#breadcrumb\"},\"inLanguage\":\"pt-BR\",\"potentialAction\":[{\"@type\":\"ReadAction\",\"target\":[\"https:\/\/cleitonpinheiro.com.br\/site\/prefeitura-de-palmas-convida-populacao-para-7a-edicao-do-futebol-solidario-do-tocantins\/\"]}]},{\"@type\":\"ImageObject\",\"inLanguage\":\"pt-BR\",\"@id\":\"https:\/\/cleitonpinheiro.com.br\/site\/prefeitura-de-palmas-convida-populacao-para-7a-edicao-do-futebol-solidario-do-tocantins\/#primaryimage\",\"url\":\"https:\/\/cleitonpinheiro.com.br\/site\/wp-content\/uploads\/2025\/01\/ball-1930198_640.jpg\",\"contentUrl\":\"https:\/\/cleitonpinheiro.com.br\/site\/wp-content\/uploads\/2025\/01\/ball-1930198_640.jpg\",\"width\":640,\"height\":427,\"caption\":\"Foto: JeppeSmedNielsen\/Pixabay\"},{\"@type\":\"BreadcrumbList\",\"@id\":\"https:\/\/cleitonpinheiro.com.br\/site\/prefeitura-de-palmas-convida-populacao-para-7a-edicao-do-futebol-solidario-do-tocantins\/#breadcrumb\",\"itemListElement\":[{\"@type\":\"ListItem\",\"position\":1,\"name\":\"In\u00edcio\",\"item\":\"https:\/\/cleitonpinheiro.com.br\/site\/\"},{\"@type\":\"ListItem\",\"position\":2,\"name\":\"Prefeitura de Palmas convida popula\u00e7\u00e3o para 7\u00aa edi\u00e7\u00e3o do Futebol Solid\u00e1rio do Tocantins\"}]},{\"@type\":\"WebSite\",\"@id\":\"https:\/\/cleitonpinheiro.com.br\/site\/#website\",\"url\":\"https:\/\/cleitonpinheiro.com.br\/site\/\",\"name\":\"PORTAL DE NOT\u00cdCIAS CLEITON PINHEIRO\",\"description\":\"FALANDO A VERDADE\",\"publisher\":{\"@id\":\"https:\/\/cleitonpinheiro.com.br\/site\/#organization\"},\"potentialAction\":[{\"@type\":\"SearchAction\",\"target\":{\"@type\":\"EntryPoint\",\"urlTemplate\":\"https:\/\/cleitonpinheiro.com.br\/site\/?s={search_term_string}\"},\"query-input\":{\"@type\":\"PropertyValueSpecification\",\"valueRequired\":true,\"valueName\":\"search_term_string\"}}],\"inLanguage\":\"pt-BR\"},{\"@type\":\"Organization\",\"@id\":\"https:\/\/cleitonpinheiro.com.br\/site\/#organization\",\"name\":\"CPNOT\u00cdCIAS\",\"url\":\"https:\/\/cleitonpinheiro.com.br\/site\/\",\"logo\":{\"@type\":\"ImageObject\",\"inLanguage\":\"pt-BR\",\"@id\":\"https:\/\/cleitonpinheiro.com.br\/site\/#\/schema\/logo\/image\/\",\"url\":\"https:\/\/cleitonpinheiro.com.br\/site\/wp-content\/uploads\/2022\/08\/Logo-pequena-2.png\",\"contentUrl\":\"https:\/\/cleitonpinheiro.com.br\/site\/wp-content\/uploads\/2022\/08\/Logo-pequena-2.png\",\"width\":500,\"height\":500,\"caption\":\"CPNOT\u00cdCIAS\"},\"image\":{\"@id\":\"https:\/\/cleitonpinheiro.com.br\/site\/#\/schema\/logo\/image\/\"},\"sameAs\":[\"https:\/\/www.facebook.com\/portalcpnoticias\/\"]},{\"@type\":\"Person\",\"@id\":\"https:\/\/cleitonpinheiro.com.br\/site\/#\/schema\/person\/8f04544e0bc40a1b68775b08360f87db\",\"name\":\"Reda\u00e7\u00e3o CP\",\"image\":{\"@type\":\"ImageObject\",\"inLanguage\":\"pt-BR\",\"@id\":\"https:\/\/cleitonpinheiro.com.br\/site\/#\/schema\/person\/image\/\",\"url\":\"https:\/\/secure.gravatar.com\/avatar\/0bcf19cb29fdc8fc588c490c7ae1b3e174dac268586a63fbe1d1893a0f9020cd?s=96&r=g\",\"contentUrl\":\"https:\/\/secure.gravatar.com\/avatar\/0bcf19cb29fdc8fc588c490c7ae1b3e174dac268586a63fbe1d1893a0f9020cd?s=96&r=g\",\"caption\":\"Reda\u00e7\u00e3o CP\"},\"url\":\"https:\/\/cleitonpinheiro.com.br\/site\/author\/redacao\/\"}]}<\/script>\n<!-- \/ Yoast SEO plugin. -->","yoast_head_json":{"title":"Prefeitura de Palmas convida popula\u00e7\u00e3o para 7\u00aa edi\u00e7\u00e3o do Futebol Solid\u00e1rio do Tocantins - PORTAL DE NOT\u00cdCIAS CLEITON PINHEIRO","robots":{"index":"index","follow":"follow","max-snippet":"max-snippet:-1","max-image-preview":"max-image-preview:large","max-video-preview":"max-video-preview:-1"},"canonical":"https:\/\/cleitonpinheiro.com.br\/site\/prefeitura-de-palmas-convida-populacao-para-7a-edicao-do-futebol-solidario-do-tocantins\/","og_locale":"pt_BR","og_type":"article","og_title":"Prefeitura de Palmas convida popula\u00e7\u00e3o para 7\u00aa edi\u00e7\u00e3o do Futebol Solid\u00e1rio do Tocantins - PORTAL DE NOT\u00cdCIAS CLEITON PINHEIRO","og_description":"No s\u00e1bado, 16, ser\u00e1 realizada com o apoio da Prefeitura de Palmas, a 7\u00aa edi\u00e7\u00e3o do Futebol Solid\u00e1rio do Tocantins, no Est\u00e1dio Nilton Santos, a partir das 16 horas. A entrada dos torcedores \u00e9 liberada mediante a doa\u00e7\u00e3o de 2 kg de alimentos n\u00e3o perec\u00edveis e uma pe\u00e7a de roupas em bom estado de conserva\u00e7\u00e3o. [&hellip;]","og_url":"https:\/\/cleitonpinheiro.com.br\/site\/prefeitura-de-palmas-convida-populacao-para-7a-edicao-do-futebol-solidario-do-tocantins\/","og_site_name":"PORTAL DE NOT\u00cdCIAS CLEITON PINHEIRO","article_publisher":"https:\/\/www.facebook.com\/portalcpnoticias\/","article_published_time":"2025-08-14T12:27:13+00:00","article_modified_time":"2025-08-14T12:27:18+00:00","og_image":[{"width":640,"height":427,"url":"https:\/\/cleitonpinheiro.com.br\/site\/wp-content\/uploads\/2025\/01\/ball-1930198_640.jpg","type":"image\/jpeg"}],"author":"Reda\u00e7\u00e3o CP","twitter_card":"summary_large_image","twitter_misc":{"Escrito por":"Reda\u00e7\u00e3o CP","Est. tempo de leitura":"3 minutos"},"schema":{"@context":"https:\/\/schema.org","@graph":[{"@type":"Article","@id":"https:\/\/cleitonpinheiro.com.br\/site\/prefeitura-de-palmas-convida-populacao-para-7a-edicao-do-futebol-solidario-do-tocantins\/#article","isPartOf":{"@id":"https:\/\/cleitonpinheiro.com.br\/site\/prefeitura-de-palmas-convida-populacao-para-7a-edicao-do-futebol-solidario-do-tocantins\/"},"author":{"name":"Reda\u00e7\u00e3o CP","@id":"https:\/\/cleitonpinheiro.com.br\/site\/#\/schema\/person\/8f04544e0bc40a1b68775b08360f87db"},"headline":"Prefeitura de Palmas convida popula\u00e7\u00e3o para 7\u00aa edi\u00e7\u00e3o do Futebol Solid\u00e1rio do Tocantins","datePublished":"2025-08-14T12:27:13+00:00","dateModified":"2025-08-14T12:27:18+00:00","mainEntityOfPage":{"@id":"https:\/\/cleitonpinheiro.com.br\/site\/prefeitura-de-palmas-convida-populacao-para-7a-edicao-do-futebol-solidario-do-tocantins\/"},"wordCount":401,"commentCount":0,"publisher":{"@id":"https:\/\/cleitonpinheiro.com.br\/site\/#organization"},"image":{"@id":"https:\/\/cleitonpinheiro.com.br\/site\/prefeitura-de-palmas-convida-populacao-para-7a-edicao-do-futebol-solidario-do-tocantins\/#primaryimage"},"thumbnailUrl":"https:\/\/cleitonpinheiro.com.br\/site\/wp-content\/uploads\/2025\/01\/ball-1930198_640.jpg","articleSection":["ESPORTE","NOT\u00cdCIAS EM DESTAQUE","TODAS NOTICIAS"],"inLanguage":"pt-BR","potentialAction":[{"@type":"CommentAction","name":"Comment","target":["https:\/\/cleitonpinheiro.com.br\/site\/prefeitura-de-palmas-convida-populacao-para-7a-edicao-do-futebol-solidario-do-tocantins\/#respond"]}]},{"@type":"WebPage","@id":"https:\/\/cleitonpinheiro.com.br\/site\/prefeitura-de-palmas-convida-populacao-para-7a-edicao-do-futebol-solidario-do-tocantins\/","url":"https:\/\/cleitonpinheiro.com.br\/site\/prefeitura-de-palmas-convida-populacao-para-7a-edicao-do-futebol-solidario-do-tocantins\/","name":"Prefeitura de Palmas convida popula\u00e7\u00e3o para 7\u00aa edi\u00e7\u00e3o do Futebol Solid\u00e1rio do Tocantins - PORTAL DE NOT\u00cdCIAS CLEITON PINHEIRO","isPartOf":{"@id":"https:\/\/cleitonpinheiro.com.br\/site\/#website"},"primaryImageOfPage":{"@id":"https:\/\/cleitonpinheiro.com.br\/site\/prefeitura-de-palmas-convida-populacao-para-7a-edicao-do-futebol-solidario-do-tocantins\/#primaryimage"},"image":{"@id":"https:\/\/cleitonpinheiro.com.br\/site\/prefeitura-de-palmas-convida-populacao-para-7a-edicao-do-futebol-solidario-do-tocantins\/#primaryimage"},"thumbnailUrl":"https:\/\/cleitonpinheiro.com.br\/site\/wp-content\/uploads\/2025\/01\/ball-1930198_640.jpg","datePublished":"2025-08-14T12:27:13+00:00","dateModified":"2025-08-14T12:27:18+00:00","breadcrumb":{"@id":"https:\/\/cleitonpinheiro.com.br\/site\/prefeitura-de-palmas-convida-populacao-para-7a-edicao-do-futebol-solidario-do-tocantins\/#breadcrumb"},"inLanguage":"pt-BR","potentialAction":[{"@type":"ReadAction","target":["https:\/\/cleitonpinheiro.com.br\/site\/prefeitura-de-palmas-convida-populacao-para-7a-edicao-do-futebol-solidario-do-tocantins\/"]}]},{"@type":"ImageObject","inLanguage":"pt-BR","@id":"https:\/\/cleitonpinheiro.com.br\/site\/prefeitura-de-palmas-convida-populacao-para-7a-edicao-do-futebol-solidario-do-tocantins\/#primaryimage","url":"https:\/\/cleitonpinheiro.com.br\/site\/wp-content\/uploads\/2025\/01\/ball-1930198_640.jpg","contentUrl":"https:\/\/cleitonpinheiro.com.br\/site\/wp-content\/uploads\/2025\/01\/ball-1930198_640.jpg","width":640,"height":427,"caption":"Foto: JeppeSmedNielsen\/Pixabay"},{"@type":"BreadcrumbList","@id":"https:\/\/cleitonpinheiro.com.br\/site\/prefeitura-de-palmas-convida-populacao-para-7a-edicao-do-futebol-solidario-do-tocantins\/#breadcrumb","itemListElement":[{"@type":"ListItem","position":1,"name":"In\u00edcio","item":"https:\/\/cleitonpinheiro.com.br\/site\/"},{"@type":"ListItem","position":2,"name":"Prefeitura de Palmas convida popula\u00e7\u00e3o para 7\u00aa edi\u00e7\u00e3o do Futebol Solid\u00e1rio do Tocantins"}]},{"@type":"WebSite","@id":"https:\/\/cleitonpinheiro.com.br\/site\/#website","url":"https:\/\/cleitonpinheiro.com.br\/site\/","name":"PORTAL DE NOT\u00cdCIAS CLEITON PINHEIRO","description":"FALANDO A VERDADE","publisher":{"@id":"https:\/\/cleitonpinheiro.com.br\/site\/#organization"},"potentialAction":[{"@type":"SearchAction","target":{"@type":"EntryPoint","urlTemplate":"https:\/\/cleitonpinheiro.com.br\/site\/?s={search_term_string}"},"query-input":{"@type":"PropertyValueSpecification","valueRequired":true,"valueName":"search_term_string"}}],"inLanguage":"pt-BR"},{"@type":"Organization","@id":"https:\/\/cleitonpinheiro.com.br\/site\/#organization","name":"CPNOT\u00cdCIAS","url":"https:\/\/cleitonpinheiro.com.br\/site\/","logo":{"@type":"ImageObject","inLanguage":"pt-BR","@id":"https:\/\/cleitonpinheiro.com.br\/site\/#\/schema\/logo\/image\/","url":"https:\/\/cleitonpinheiro.com.br\/site\/wp-content\/uploads\/2022\/08\/Logo-pequena-2.png","contentUrl":"https:\/\/cleitonpinheiro.com.br\/site\/wp-content\/uploads\/2022\/08\/Logo-pequena-2.png","width":500,"height":500,"caption":"CPNOT\u00cdCIAS"},"image":{"@id":"https:\/\/cleitonpinheiro.com.br\/site\/#\/schema\/logo\/image\/"},"sameAs":["https:\/\/www.facebook.com\/portalcpnoticias\/"]},{"@type":"Person","@id":"https:\/\/cleitonpinheiro.com.br\/site\/#\/schema\/person\/8f04544e0bc40a1b68775b08360f87db","name":"Reda\u00e7\u00e3o CP","image":{"@type":"ImageObject","inLanguage":"pt-BR","@id":"https:\/\/cleitonpinheiro.com.br\/site\/#\/schema\/person\/image\/","url":"https:\/\/secure.gravatar.com\/avatar\/0bcf19cb29fdc8fc588c490c7ae1b3e174dac268586a63fbe1d1893a0f9020cd?s=96&r=g","contentUrl":"https:\/\/secure.gravatar.com\/avatar\/0bcf19cb29fdc8fc588c490c7ae1b3e174dac268586a63fbe1d1893a0f9020cd?s=96&r=g","caption":"Reda\u00e7\u00e3o CP"},"url":"https:\/\/cleitonpinheiro.com.br\/site\/author\/redacao\/"}]}},"views":148,"_links":{"self":[{"href":"https:\/\/cleitonpinheiro.com.br\/site\/wp-json\/wp\/v2\/posts\/86574","targetHints":{"allow":["GET"]}}],"collection":[{"href":"https:\/\/cleitonpinheiro.com.br\/site\/wp-json\/wp\/v2\/posts"}],"about":[{"href":"https:\/\/cleitonpinheiro.com.br\/site\/wp-json\/wp\/v2\/types\/post"}],"author":[{"embeddable":true,"href":"https:\/\/cleitonpinheiro.com.br\/site\/wp-json\/wp\/v2\/users\/13"}],"replies":[{"embeddable":true,"href":"https:\/\/cleitonpinheiro.com.br\/site\/wp-json\/wp\/v2\/comments?post=86574"}],"version-history":[{"count":1,"href":"https:\/\/cleitonpinheiro.com.br\/site\/wp-json\/wp\/v2\/posts\/86574\/revisions"}],"predecessor-version":[{"id":86575,"href":"https:\/\/cleitonpinheiro.com.br\/site\/wp-json\/wp\/v2\/posts\/86574\/revisions\/86575"}],"wp:featuredmedia":[{"embeddable":true,"href":"https:\/\/cleitonpinheiro.com.br\/site\/wp-json\/wp\/v2\/media\/84226"}],"wp:attachment":[{"href":"https:\/\/cleitonpinheiro.com.br\/site\/wp-json\/wp\/v2\/media?parent=86574"}],"wp:term":[{"taxonomy":"category","embeddable":true,"href":"https:\/\/cleitonpinheiro.com.br\/site\/wp-json\/wp\/v2\/categories?post=86574"},{"taxonomy":"post_tag","embeddable":true,"href":"https:\/\/cleitonpinheiro.com.br\/site\/wp-json\/wp\/v2\/tags?post=86574"}],"curies":[{"name":"wp","href":"https:\/\/api.w.org\/{rel}","templated":true}]}}