{"id":86580,"date":"2025-08-15T08:51:33","date_gmt":"2025-08-15T11:51:33","guid":{"rendered":"https:\/\/cleitonpinheiro.com.br\/site\/?p=86580"},"modified":"2025-08-15T08:51:37","modified_gmt":"2025-08-15T11:51:37","slug":"unitins-convoca-aprovados-em-2a-chamada-do-vestibular-2025-2-para-realizacao-de-matricula","status":"publish","type":"post","link":"https:\/\/cleitonpinheiro.com.br\/site\/unitins-convoca-aprovados-em-2a-chamada-do-vestibular-2025-2-para-realizacao-de-matricula\/","title":{"rendered":"Unitins convoca aprovados em 2\u00aa chamada do vestibular 2025\/2 para realiza\u00e7\u00e3o de matr\u00edcula"},"content":{"rendered":"\n<figure class=\"wp-block-image size-large\"><img fetchpriority=\"high\" decoding=\"async\" width=\"1024\" height=\"681\" src=\"https:\/\/cleitonpinheiro.com.br\/site\/wp-content\/uploads\/2025\/08\/Aplicacao-das-provas-do-Vestibular-2025.2-em-Palmas-1024x681.jpg\" alt=\"\" class=\"wp-image-86581\" srcset=\"https:\/\/cleitonpinheiro.com.br\/site\/wp-content\/uploads\/2025\/08\/Aplicacao-das-provas-do-Vestibular-2025.2-em-Palmas-1024x681.jpg 1024w, https:\/\/cleitonpinheiro.com.br\/site\/wp-content\/uploads\/2025\/08\/Aplicacao-das-provas-do-Vestibular-2025.2-em-Palmas-300x200.jpg 300w, https:\/\/cleitonpinheiro.com.br\/site\/wp-content\/uploads\/2025\/08\/Aplicacao-das-provas-do-Vestibular-2025.2-em-Palmas-768x511.jpg 768w, https:\/\/cleitonpinheiro.com.br\/site\/wp-content\/uploads\/2025\/08\/Aplicacao-das-provas-do-Vestibular-2025.2-em-Palmas-1536x1022.jpg 1536w, https:\/\/cleitonpinheiro.com.br\/site\/wp-content\/uploads\/2025\/08\/Aplicacao-das-provas-do-Vestibular-2025.2-em-Palmas-2048x1363.jpg 2048w\" sizes=\"(max-width: 1024px) 100vw, 1024px\" \/><\/figure>\n\n\n\n<p>A Universidade Estadual do Tocantins (Unitins) divulgou nessa quarta-feira, 13, o edital de convoca\u00e7\u00e3o para matr\u00edcula dos aprovados em segunda chamada no Vestibular 2025\/2. O documento apresenta a rela\u00e7\u00e3o dos candidatos selecionados para os cursos de Direito, Engenharia Agron\u00f4mica e Sistemas de Informa\u00e7\u00e3o do c\u00e2mpus Palmas e Direito em Para\u00edso do Tocantins. [<a href=\"https:\/\/www.unitins.br\/Concursos\/Publico\/Home\/S\/708955cd13f2f6773ba847eb40adc157\" target=\"_blank\" rel=\"noreferrer noopener\">Acesse o edital aqui<\/a>]<\/p>\n\n\n\n<p>As matr\u00edculas dever\u00e3o ser realizadas entre os dias 14 e 18 de agosto, atrav\u00e9s do sistema de protocolo eletr\u00f4nico da universidade, o I-Protocolo. \u00c9 imprescind\u00edvel que o candidato aprovado siga as orienta\u00e7\u00f5es do edital e realize o envio de toda a documenta\u00e7\u00e3o exigida.<\/p>\n\n\n\n<p>Os candidatos que concorreram \u00e0s vagas definidas pela Lei Estadual n\u00ba 3.458, de 17\/04\/2019, dever\u00e3o apresentar o comprovante de que tenham cursado o ensino m\u00e9dio em escolas da rede p\u00fablica de ensino, conforme Edital. Para fins de matr\u00edcula, n\u00e3o ser\u00e1 exigido o laudo m\u00e9dico para os candidatos das vagas destinadas \u00e0s Pessoas com Defici\u00eancia, nem a autodeclara\u00e7\u00e3o racial para os aprovados nas vagas destinadas a autodeclarados pretos ou pardos, em raz\u00e3o da realiza\u00e7\u00e3o de verifica\u00e7\u00e3o pr\u00e9via das condi\u00e7\u00f5es apresentadas, por meio dos Editais de Convoca\u00e7\u00e3o para a Per\u00edcia M\u00e9dica e para o procedimento de Heteroidentifica\u00e7\u00e3o.<\/p>\n\n\n\n<p>Os candidatos que, mesmo ap\u00f3s leitura do edital, permanecerem com d\u00favidas, poder\u00e3o entrar em contato com a Secretaria Acad\u00eamica do c\u00e2mpus para o qual foi selecionado atrav\u00e9s dos contatos a seguir:<\/p>\n\n\n\n<ul class=\"wp-block-list\">\n<li>C\u00e2mpus Palmas: (63) 3901-4298 \/\u00a0<a href=\"mailto:secretaria.palmas@unitins.br\" target=\"_blank\" rel=\"noreferrer noopener\">secretaria.palmas@unitins.br<\/a><\/li>\n\n\n\n<li>C\u00e2mpus Para\u00edso: (63) 3901-4024 \/\u00a0<a href=\"mailto:secretaria.paraiso@unitins.br\" target=\"_blank\" rel=\"noreferrer noopener\">secretaria.paraiso@unitins.br<\/a><\/li>\n<\/ul>\n","protected":false},"excerpt":{"rendered":"<p>A Universidade Estadual do Tocantins (Unitins) divulgou nessa quarta-feira, 13, o edital de convoca\u00e7\u00e3o para matr\u00edcula dos aprovados em segunda chamada no Vestibular 2025\/2. O documento apresenta a rela\u00e7\u00e3o dos candidatos selecionados para os cursos de Direito, Engenharia Agron\u00f4mica e Sistemas de Informa\u00e7\u00e3o do c\u00e2mpus Palmas e Direito em Para\u00edso do Tocantins. [Acesse o edital [&hellip;]<\/p>\n","protected":false},"author":13,"featured_media":86581,"comment_status":"open","ping_status":"open","sticky":false,"template":"","format":"standard","meta":{"_acf_changed":false,"footnotes":""},"categories":[8,898,21],"tags":[],"class_list":["post-86580","post","type-post","status-publish","format-standard","has-post-thumbnail","hentry","category-estado","category-manchete-segundaria","category-todas-noticias"],"acf":[],"yoast_head":"<!-- This site is optimized with the Yoast SEO plugin v24.4 - https:\/\/yoast.com\/wordpress\/plugins\/seo\/ -->\n<title>Unitins convoca aprovados em 2\u00aa chamada do vestibular 2025\/2 para realiza\u00e7\u00e3o de matr\u00edcula - PORTAL DE NOT\u00cdCIAS CLEITON PINHEIRO<\/title>\n<meta name=\"robots\" content=\"index, follow, max-snippet:-1, max-image-preview:large, max-video-preview:-1\" \/>\n<link rel=\"canonical\" href=\"https:\/\/cleitonpinheiro.com.br\/site\/unitins-convoca-aprovados-em-2a-chamada-do-vestibular-2025-2-para-realizacao-de-matricula\/\" \/>\n<meta property=\"og:locale\" content=\"pt_BR\" \/>\n<meta property=\"og:type\" content=\"article\" \/>\n<meta property=\"og:title\" content=\"Unitins convoca aprovados em 2\u00aa chamada do vestibular 2025\/2 para realiza\u00e7\u00e3o de matr\u00edcula - PORTAL DE NOT\u00cdCIAS CLEITON PINHEIRO\" \/>\n<meta property=\"og:description\" content=\"A Universidade Estadual do Tocantins (Unitins) divulgou nessa quarta-feira, 13, o edital de convoca\u00e7\u00e3o para matr\u00edcula dos aprovados em segunda chamada no Vestibular 2025\/2. O documento apresenta a rela\u00e7\u00e3o dos candidatos selecionados para os cursos de Direito, Engenharia Agron\u00f4mica e Sistemas de Informa\u00e7\u00e3o do c\u00e2mpus Palmas e Direito em Para\u00edso do Tocantins. [Acesse o edital [&hellip;]\" \/>\n<meta property=\"og:url\" content=\"https:\/\/cleitonpinheiro.com.br\/site\/unitins-convoca-aprovados-em-2a-chamada-do-vestibular-2025-2-para-realizacao-de-matricula\/\" \/>\n<meta property=\"og:site_name\" content=\"PORTAL DE NOT\u00cdCIAS CLEITON PINHEIRO\" \/>\n<meta property=\"article:publisher\" content=\"https:\/\/www.facebook.com\/portalcpnoticias\/\" \/>\n<meta property=\"article:published_time\" content=\"2025-08-15T11:51:33+00:00\" \/>\n<meta property=\"article:modified_time\" content=\"2025-08-15T11:51:37+00:00\" \/>\n<meta property=\"og:image\" content=\"https:\/\/cleitonpinheiro.com.br\/site\/wp-content\/uploads\/2025\/08\/Aplicacao-das-provas-do-Vestibular-2025.2-em-Palmas-scaled.jpg\" \/>\n\t<meta property=\"og:image:width\" content=\"2560\" \/>\n\t<meta property=\"og:image:height\" content=\"1703\" \/>\n\t<meta property=\"og:image:type\" content=\"image\/jpeg\" \/>\n<meta name=\"author\" content=\"Reda\u00e7\u00e3o CP\" \/>\n<meta name=\"twitter:card\" content=\"summary_large_image\" \/>\n<meta name=\"twitter:label1\" content=\"Escrito por\" \/>\n\t<meta name=\"twitter:data1\" content=\"Reda\u00e7\u00e3o CP\" \/>\n\t<meta name=\"twitter:label2\" content=\"Est. tempo de leitura\" \/>\n\t<meta name=\"twitter:data2\" content=\"2 minutos\" \/>\n<script type=\"application\/ld+json\" class=\"yoast-schema-graph\">{\"@context\":\"https:\/\/schema.org\",\"@graph\":[{\"@type\":\"Article\",\"@id\":\"https:\/\/cleitonpinheiro.com.br\/site\/unitins-convoca-aprovados-em-2a-chamada-do-vestibular-2025-2-para-realizacao-de-matricula\/#article\",\"isPartOf\":{\"@id\":\"https:\/\/cleitonpinheiro.com.br\/site\/unitins-convoca-aprovados-em-2a-chamada-do-vestibular-2025-2-para-realizacao-de-matricula\/\"},\"author\":{\"name\":\"Reda\u00e7\u00e3o CP\",\"@id\":\"https:\/\/cleitonpinheiro.com.br\/site\/#\/schema\/person\/8f04544e0bc40a1b68775b08360f87db\"},\"headline\":\"Unitins convoca aprovados em 2\u00aa chamada do vestibular 2025\/2 para realiza\u00e7\u00e3o de matr\u00edcula\",\"datePublished\":\"2025-08-15T11:51:33+00:00\",\"dateModified\":\"2025-08-15T11:51:37+00:00\",\"mainEntityOfPage\":{\"@id\":\"https:\/\/cleitonpinheiro.com.br\/site\/unitins-convoca-aprovados-em-2a-chamada-do-vestibular-2025-2-para-realizacao-de-matricula\/\"},\"wordCount\":285,\"commentCount\":0,\"publisher\":{\"@id\":\"https:\/\/cleitonpinheiro.com.br\/site\/#organization\"},\"image\":{\"@id\":\"https:\/\/cleitonpinheiro.com.br\/site\/unitins-convoca-aprovados-em-2a-chamada-do-vestibular-2025-2-para-realizacao-de-matricula\/#primaryimage\"},\"thumbnailUrl\":\"https:\/\/cleitonpinheiro.com.br\/site\/wp-content\/uploads\/2025\/08\/Aplicacao-das-provas-do-Vestibular-2025.2-em-Palmas-scaled.jpg\",\"articleSection\":[\"ESTADO\",\"MANCHETE SEGUND\u00c1RIA\",\"TODAS NOTICIAS\"],\"inLanguage\":\"pt-BR\",\"potentialAction\":[{\"@type\":\"CommentAction\",\"name\":\"Comment\",\"target\":[\"https:\/\/cleitonpinheiro.com.br\/site\/unitins-convoca-aprovados-em-2a-chamada-do-vestibular-2025-2-para-realizacao-de-matricula\/#respond\"]}]},{\"@type\":\"WebPage\",\"@id\":\"https:\/\/cleitonpinheiro.com.br\/site\/unitins-convoca-aprovados-em-2a-chamada-do-vestibular-2025-2-para-realizacao-de-matricula\/\",\"url\":\"https:\/\/cleitonpinheiro.com.br\/site\/unitins-convoca-aprovados-em-2a-chamada-do-vestibular-2025-2-para-realizacao-de-matricula\/\",\"name\":\"Unitins convoca aprovados em 2\u00aa chamada do vestibular 2025\/2 para realiza\u00e7\u00e3o de matr\u00edcula - PORTAL DE NOT\u00cdCIAS CLEITON PINHEIRO\",\"isPartOf\":{\"@id\":\"https:\/\/cleitonpinheiro.com.br\/site\/#website\"},\"primaryImageOfPage\":{\"@id\":\"https:\/\/cleitonpinheiro.com.br\/site\/unitins-convoca-aprovados-em-2a-chamada-do-vestibular-2025-2-para-realizacao-de-matricula\/#primaryimage\"},\"image\":{\"@id\":\"https:\/\/cleitonpinheiro.com.br\/site\/unitins-convoca-aprovados-em-2a-chamada-do-vestibular-2025-2-para-realizacao-de-matricula\/#primaryimage\"},\"thumbnailUrl\":\"https:\/\/cleitonpinheiro.com.br\/site\/wp-content\/uploads\/2025\/08\/Aplicacao-das-provas-do-Vestibular-2025.2-em-Palmas-scaled.jpg\",\"datePublished\":\"2025-08-15T11:51:33+00:00\",\"dateModified\":\"2025-08-15T11:51:37+00:00\",\"breadcrumb\":{\"@id\":\"https:\/\/cleitonpinheiro.com.br\/site\/unitins-convoca-aprovados-em-2a-chamada-do-vestibular-2025-2-para-realizacao-de-matricula\/#breadcrumb\"},\"inLanguage\":\"pt-BR\",\"potentialAction\":[{\"@type\":\"ReadAction\",\"target\":[\"https:\/\/cleitonpinheiro.com.br\/site\/unitins-convoca-aprovados-em-2a-chamada-do-vestibular-2025-2-para-realizacao-de-matricula\/\"]}]},{\"@type\":\"ImageObject\",\"inLanguage\":\"pt-BR\",\"@id\":\"https:\/\/cleitonpinheiro.com.br\/site\/unitins-convoca-aprovados-em-2a-chamada-do-vestibular-2025-2-para-realizacao-de-matricula\/#primaryimage\",\"url\":\"https:\/\/cleitonpinheiro.com.br\/site\/wp-content\/uploads\/2025\/08\/Aplicacao-das-provas-do-Vestibular-2025.2-em-Palmas-scaled.jpg\",\"contentUrl\":\"https:\/\/cleitonpinheiro.com.br\/site\/wp-content\/uploads\/2025\/08\/Aplicacao-das-provas-do-Vestibular-2025.2-em-Palmas-scaled.jpg\",\"width\":2560,\"height\":1703},{\"@type\":\"BreadcrumbList\",\"@id\":\"https:\/\/cleitonpinheiro.com.br\/site\/unitins-convoca-aprovados-em-2a-chamada-do-vestibular-2025-2-para-realizacao-de-matricula\/#breadcrumb\",\"itemListElement\":[{\"@type\":\"ListItem\",\"position\":1,\"name\":\"In\u00edcio\",\"item\":\"https:\/\/cleitonpinheiro.com.br\/site\/\"},{\"@type\":\"ListItem\",\"position\":2,\"name\":\"Unitins convoca aprovados em 2\u00aa chamada do vestibular 2025\/2 para realiza\u00e7\u00e3o de matr\u00edcula\"}]},{\"@type\":\"WebSite\",\"@id\":\"https:\/\/cleitonpinheiro.com.br\/site\/#website\",\"url\":\"https:\/\/cleitonpinheiro.com.br\/site\/\",\"name\":\"PORTAL DE NOT\u00cdCIAS CLEITON PINHEIRO\",\"description\":\"FALANDO A VERDADE\",\"publisher\":{\"@id\":\"https:\/\/cleitonpinheiro.com.br\/site\/#organization\"},\"potentialAction\":[{\"@type\":\"SearchAction\",\"target\":{\"@type\":\"EntryPoint\",\"urlTemplate\":\"https:\/\/cleitonpinheiro.com.br\/site\/?s={search_term_string}\"},\"query-input\":{\"@type\":\"PropertyValueSpecification\",\"valueRequired\":true,\"valueName\":\"search_term_string\"}}],\"inLanguage\":\"pt-BR\"},{\"@type\":\"Organization\",\"@id\":\"https:\/\/cleitonpinheiro.com.br\/site\/#organization\",\"name\":\"CPNOT\u00cdCIAS\",\"url\":\"https:\/\/cleitonpinheiro.com.br\/site\/\",\"logo\":{\"@type\":\"ImageObject\",\"inLanguage\":\"pt-BR\",\"@id\":\"https:\/\/cleitonpinheiro.com.br\/site\/#\/schema\/logo\/image\/\",\"url\":\"https:\/\/cleitonpinheiro.com.br\/site\/wp-content\/uploads\/2022\/08\/Logo-pequena-2.png\",\"contentUrl\":\"https:\/\/cleitonpinheiro.com.br\/site\/wp-content\/uploads\/2022\/08\/Logo-pequena-2.png\",\"width\":500,\"height\":500,\"caption\":\"CPNOT\u00cdCIAS\"},\"image\":{\"@id\":\"https:\/\/cleitonpinheiro.com.br\/site\/#\/schema\/logo\/image\/\"},\"sameAs\":[\"https:\/\/www.facebook.com\/portalcpnoticias\/\"]},{\"@type\":\"Person\",\"@id\":\"https:\/\/cleitonpinheiro.com.br\/site\/#\/schema\/person\/8f04544e0bc40a1b68775b08360f87db\",\"name\":\"Reda\u00e7\u00e3o CP\",\"image\":{\"@type\":\"ImageObject\",\"inLanguage\":\"pt-BR\",\"@id\":\"https:\/\/cleitonpinheiro.com.br\/site\/#\/schema\/person\/image\/\",\"url\":\"https:\/\/secure.gravatar.com\/avatar\/0bcf19cb29fdc8fc588c490c7ae1b3e174dac268586a63fbe1d1893a0f9020cd?s=96&r=g\",\"contentUrl\":\"https:\/\/secure.gravatar.com\/avatar\/0bcf19cb29fdc8fc588c490c7ae1b3e174dac268586a63fbe1d1893a0f9020cd?s=96&r=g\",\"caption\":\"Reda\u00e7\u00e3o CP\"},\"url\":\"https:\/\/cleitonpinheiro.com.br\/site\/author\/redacao\/\"}]}<\/script>\n<!-- \/ Yoast SEO plugin. -->","yoast_head_json":{"title":"Unitins convoca aprovados em 2\u00aa chamada do vestibular 2025\/2 para realiza\u00e7\u00e3o de matr\u00edcula - PORTAL DE NOT\u00cdCIAS CLEITON PINHEIRO","robots":{"index":"index","follow":"follow","max-snippet":"max-snippet:-1","max-image-preview":"max-image-preview:large","max-video-preview":"max-video-preview:-1"},"canonical":"https:\/\/cleitonpinheiro.com.br\/site\/unitins-convoca-aprovados-em-2a-chamada-do-vestibular-2025-2-para-realizacao-de-matricula\/","og_locale":"pt_BR","og_type":"article","og_title":"Unitins convoca aprovados em 2\u00aa chamada do vestibular 2025\/2 para realiza\u00e7\u00e3o de matr\u00edcula - PORTAL DE NOT\u00cdCIAS CLEITON PINHEIRO","og_description":"A Universidade Estadual do Tocantins (Unitins) divulgou nessa quarta-feira, 13, o edital de convoca\u00e7\u00e3o para matr\u00edcula dos aprovados em segunda chamada no Vestibular 2025\/2. O documento apresenta a rela\u00e7\u00e3o dos candidatos selecionados para os cursos de Direito, Engenharia Agron\u00f4mica e Sistemas de Informa\u00e7\u00e3o do c\u00e2mpus Palmas e Direito em Para\u00edso do Tocantins. [Acesse o edital [&hellip;]","og_url":"https:\/\/cleitonpinheiro.com.br\/site\/unitins-convoca-aprovados-em-2a-chamada-do-vestibular-2025-2-para-realizacao-de-matricula\/","og_site_name":"PORTAL DE NOT\u00cdCIAS CLEITON PINHEIRO","article_publisher":"https:\/\/www.facebook.com\/portalcpnoticias\/","article_published_time":"2025-08-15T11:51:33+00:00","article_modified_time":"2025-08-15T11:51:37+00:00","og_image":[{"width":2560,"height":1703,"url":"https:\/\/cleitonpinheiro.com.br\/site\/wp-content\/uploads\/2025\/08\/Aplicacao-das-provas-do-Vestibular-2025.2-em-Palmas-scaled.jpg","type":"image\/jpeg"}],"author":"Reda\u00e7\u00e3o CP","twitter_card":"summary_large_image","twitter_misc":{"Escrito por":"Reda\u00e7\u00e3o CP","Est. tempo de leitura":"2 minutos"},"schema":{"@context":"https:\/\/schema.org","@graph":[{"@type":"Article","@id":"https:\/\/cleitonpinheiro.com.br\/site\/unitins-convoca-aprovados-em-2a-chamada-do-vestibular-2025-2-para-realizacao-de-matricula\/#article","isPartOf":{"@id":"https:\/\/cleitonpinheiro.com.br\/site\/unitins-convoca-aprovados-em-2a-chamada-do-vestibular-2025-2-para-realizacao-de-matricula\/"},"author":{"name":"Reda\u00e7\u00e3o CP","@id":"https:\/\/cleitonpinheiro.com.br\/site\/#\/schema\/person\/8f04544e0bc40a1b68775b08360f87db"},"headline":"Unitins convoca aprovados em 2\u00aa chamada do vestibular 2025\/2 para realiza\u00e7\u00e3o de matr\u00edcula","datePublished":"2025-08-15T11:51:33+00:00","dateModified":"2025-08-15T11:51:37+00:00","mainEntityOfPage":{"@id":"https:\/\/cleitonpinheiro.com.br\/site\/unitins-convoca-aprovados-em-2a-chamada-do-vestibular-2025-2-para-realizacao-de-matricula\/"},"wordCount":285,"commentCount":0,"publisher":{"@id":"https:\/\/cleitonpinheiro.com.br\/site\/#organization"},"image":{"@id":"https:\/\/cleitonpinheiro.com.br\/site\/unitins-convoca-aprovados-em-2a-chamada-do-vestibular-2025-2-para-realizacao-de-matricula\/#primaryimage"},"thumbnailUrl":"https:\/\/cleitonpinheiro.com.br\/site\/wp-content\/uploads\/2025\/08\/Aplicacao-das-provas-do-Vestibular-2025.2-em-Palmas-scaled.jpg","articleSection":["ESTADO","MANCHETE SEGUND\u00c1RIA","TODAS NOTICIAS"],"inLanguage":"pt-BR","potentialAction":[{"@type":"CommentAction","name":"Comment","target":["https:\/\/cleitonpinheiro.com.br\/site\/unitins-convoca-aprovados-em-2a-chamada-do-vestibular-2025-2-para-realizacao-de-matricula\/#respond"]}]},{"@type":"WebPage","@id":"https:\/\/cleitonpinheiro.com.br\/site\/unitins-convoca-aprovados-em-2a-chamada-do-vestibular-2025-2-para-realizacao-de-matricula\/","url":"https:\/\/cleitonpinheiro.com.br\/site\/unitins-convoca-aprovados-em-2a-chamada-do-vestibular-2025-2-para-realizacao-de-matricula\/","name":"Unitins convoca aprovados em 2\u00aa chamada do vestibular 2025\/2 para realiza\u00e7\u00e3o de matr\u00edcula - PORTAL DE NOT\u00cdCIAS CLEITON PINHEIRO","isPartOf":{"@id":"https:\/\/cleitonpinheiro.com.br\/site\/#website"},"primaryImageOfPage":{"@id":"https:\/\/cleitonpinheiro.com.br\/site\/unitins-convoca-aprovados-em-2a-chamada-do-vestibular-2025-2-para-realizacao-de-matricula\/#primaryimage"},"image":{"@id":"https:\/\/cleitonpinheiro.com.br\/site\/unitins-convoca-aprovados-em-2a-chamada-do-vestibular-2025-2-para-realizacao-de-matricula\/#primaryimage"},"thumbnailUrl":"https:\/\/cleitonpinheiro.com.br\/site\/wp-content\/uploads\/2025\/08\/Aplicacao-das-provas-do-Vestibular-2025.2-em-Palmas-scaled.jpg","datePublished":"2025-08-15T11:51:33+00:00","dateModified":"2025-08-15T11:51:37+00:00","breadcrumb":{"@id":"https:\/\/cleitonpinheiro.com.br\/site\/unitins-convoca-aprovados-em-2a-chamada-do-vestibular-2025-2-para-realizacao-de-matricula\/#breadcrumb"},"inLanguage":"pt-BR","potentialAction":[{"@type":"ReadAction","target":["https:\/\/cleitonpinheiro.com.br\/site\/unitins-convoca-aprovados-em-2a-chamada-do-vestibular-2025-2-para-realizacao-de-matricula\/"]}]},{"@type":"ImageObject","inLanguage":"pt-BR","@id":"https:\/\/cleitonpinheiro.com.br\/site\/unitins-convoca-aprovados-em-2a-chamada-do-vestibular-2025-2-para-realizacao-de-matricula\/#primaryimage","url":"https:\/\/cleitonpinheiro.com.br\/site\/wp-content\/uploads\/2025\/08\/Aplicacao-das-provas-do-Vestibular-2025.2-em-Palmas-scaled.jpg","contentUrl":"https:\/\/cleitonpinheiro.com.br\/site\/wp-content\/uploads\/2025\/08\/Aplicacao-das-provas-do-Vestibular-2025.2-em-Palmas-scaled.jpg","width":2560,"height":1703},{"@type":"BreadcrumbList","@id":"https:\/\/cleitonpinheiro.com.br\/site\/unitins-convoca-aprovados-em-2a-chamada-do-vestibular-2025-2-para-realizacao-de-matricula\/#breadcrumb","itemListElement":[{"@type":"ListItem","position":1,"name":"In\u00edcio","item":"https:\/\/cleitonpinheiro.com.br\/site\/"},{"@type":"ListItem","position":2,"name":"Unitins convoca aprovados em 2\u00aa chamada do vestibular 2025\/2 para realiza\u00e7\u00e3o de matr\u00edcula"}]},{"@type":"WebSite","@id":"https:\/\/cleitonpinheiro.com.br\/site\/#website","url":"https:\/\/cleitonpinheiro.com.br\/site\/","name":"PORTAL DE NOT\u00cdCIAS CLEITON PINHEIRO","description":"FALANDO A VERDADE","publisher":{"@id":"https:\/\/cleitonpinheiro.com.br\/site\/#organization"},"potentialAction":[{"@type":"SearchAction","target":{"@type":"EntryPoint","urlTemplate":"https:\/\/cleitonpinheiro.com.br\/site\/?s={search_term_string}"},"query-input":{"@type":"PropertyValueSpecification","valueRequired":true,"valueName":"search_term_string"}}],"inLanguage":"pt-BR"},{"@type":"Organization","@id":"https:\/\/cleitonpinheiro.com.br\/site\/#organization","name":"CPNOT\u00cdCIAS","url":"https:\/\/cleitonpinheiro.com.br\/site\/","logo":{"@type":"ImageObject","inLanguage":"pt-BR","@id":"https:\/\/cleitonpinheiro.com.br\/site\/#\/schema\/logo\/image\/","url":"https:\/\/cleitonpinheiro.com.br\/site\/wp-content\/uploads\/2022\/08\/Logo-pequena-2.png","contentUrl":"https:\/\/cleitonpinheiro.com.br\/site\/wp-content\/uploads\/2022\/08\/Logo-pequena-2.png","width":500,"height":500,"caption":"CPNOT\u00cdCIAS"},"image":{"@id":"https:\/\/cleitonpinheiro.com.br\/site\/#\/schema\/logo\/image\/"},"sameAs":["https:\/\/www.facebook.com\/portalcpnoticias\/"]},{"@type":"Person","@id":"https:\/\/cleitonpinheiro.com.br\/site\/#\/schema\/person\/8f04544e0bc40a1b68775b08360f87db","name":"Reda\u00e7\u00e3o CP","image":{"@type":"ImageObject","inLanguage":"pt-BR","@id":"https:\/\/cleitonpinheiro.com.br\/site\/#\/schema\/person\/image\/","url":"https:\/\/secure.gravatar.com\/avatar\/0bcf19cb29fdc8fc588c490c7ae1b3e174dac268586a63fbe1d1893a0f9020cd?s=96&r=g","contentUrl":"https:\/\/secure.gravatar.com\/avatar\/0bcf19cb29fdc8fc588c490c7ae1b3e174dac268586a63fbe1d1893a0f9020cd?s=96&r=g","caption":"Reda\u00e7\u00e3o CP"},"url":"https:\/\/cleitonpinheiro.com.br\/site\/author\/redacao\/"}]}},"views":123,"_links":{"self":[{"href":"https:\/\/cleitonpinheiro.com.br\/site\/wp-json\/wp\/v2\/posts\/86580","targetHints":{"allow":["GET"]}}],"collection":[{"href":"https:\/\/cleitonpinheiro.com.br\/site\/wp-json\/wp\/v2\/posts"}],"about":[{"href":"https:\/\/cleitonpinheiro.com.br\/site\/wp-json\/wp\/v2\/types\/post"}],"author":[{"embeddable":true,"href":"https:\/\/cleitonpinheiro.com.br\/site\/wp-json\/wp\/v2\/users\/13"}],"replies":[{"embeddable":true,"href":"https:\/\/cleitonpinheiro.com.br\/site\/wp-json\/wp\/v2\/comments?post=86580"}],"version-history":[{"count":1,"href":"https:\/\/cleitonpinheiro.com.br\/site\/wp-json\/wp\/v2\/posts\/86580\/revisions"}],"predecessor-version":[{"id":86582,"href":"https:\/\/cleitonpinheiro.com.br\/site\/wp-json\/wp\/v2\/posts\/86580\/revisions\/86582"}],"wp:featuredmedia":[{"embeddable":true,"href":"https:\/\/cleitonpinheiro.com.br\/site\/wp-json\/wp\/v2\/media\/86581"}],"wp:attachment":[{"href":"https:\/\/cleitonpinheiro.com.br\/site\/wp-json\/wp\/v2\/media?parent=86580"}],"wp:term":[{"taxonomy":"category","embeddable":true,"href":"https:\/\/cleitonpinheiro.com.br\/site\/wp-json\/wp\/v2\/categories?post=86580"},{"taxonomy":"post_tag","embeddable":true,"href":"https:\/\/cleitonpinheiro.com.br\/site\/wp-json\/wp\/v2\/tags?post=86580"}],"curies":[{"name":"wp","href":"https:\/\/api.w.org\/{rel}","templated":true}]}}