{"id":86583,"date":"2025-08-15T09:00:30","date_gmt":"2025-08-15T12:00:30","guid":{"rendered":"https:\/\/cleitonpinheiro.com.br\/site\/?p=86583"},"modified":"2025-08-15T09:00:35","modified_gmt":"2025-08-15T12:00:35","slug":"brasil-e-vice-campeao-na-copa-america-de-basquete-em-cadeira-de-rodas","status":"publish","type":"post","link":"https:\/\/cleitonpinheiro.com.br\/site\/brasil-e-vice-campeao-na-copa-america-de-basquete-em-cadeira-de-rodas\/","title":{"rendered":"Brasil \u00e9 vice-campe\u00e3o na Copa Am\u00e9rica de basquete em cadeira de rodas"},"content":{"rendered":"\n<figure class=\"wp-block-image size-large\"><img fetchpriority=\"high\" decoding=\"async\" width=\"1024\" height=\"613\" src=\"https:\/\/cleitonpinheiro.com.br\/site\/wp-content\/uploads\/2025\/08\/selecao_fem_basquete_em_cr_copa_america_2025-1024x613.webp\" alt=\"\" class=\"wp-image-86584\" srcset=\"https:\/\/cleitonpinheiro.com.br\/site\/wp-content\/uploads\/2025\/08\/selecao_fem_basquete_em_cr_copa_america_2025-1024x613.webp 1024w, https:\/\/cleitonpinheiro.com.br\/site\/wp-content\/uploads\/2025\/08\/selecao_fem_basquete_em_cr_copa_america_2025-300x179.webp 300w, https:\/\/cleitonpinheiro.com.br\/site\/wp-content\/uploads\/2025\/08\/selecao_fem_basquete_em_cr_copa_america_2025-768x459.webp 768w, https:\/\/cleitonpinheiro.com.br\/site\/wp-content\/uploads\/2025\/08\/selecao_fem_basquete_em_cr_copa_america_2025.webp 1170w\" sizes=\"(max-width: 1024px) 100vw, 1024px\" \/><\/figure>\n\n\n\n<p>O Brasil ficou com a medalha de prata da Copa Am\u00e9rica de basquete em cadeira de rodas ap\u00f3s ser derrotado pelos Estados Unidos pelo placar de 77 a 37, na noite desta quinta-feira (14) no Coliseo Cayetano Ca\u00f1izares, em Bogot\u00e1 (Col\u00f4mbia).<img decoding=\"async\" src=\"https:\/\/agenciabrasil.ebc.com.br\/ebc.png?id=1654488&amp;o=node\"><img decoding=\"async\" src=\"https:\/\/agenciabrasil.ebc.com.br\/ebc.gif?id=1654488&amp;o=node\"><\/p>\n\n\n\n<p>Apesar do rev\u00e9s, a participa\u00e7\u00e3o da sele\u00e7\u00e3o brasileira na competi\u00e7\u00e3o garantiu a classifica\u00e7\u00e3o para o Mundial da modalidade, que ser\u00e1 disputado em 2026 em Ottawa (Canad\u00e1).<\/p>\n\n\n\n<p>O Brasil entrou em quadra nesta quinta com a expectativa de garantir o bicampeonato da competi\u00e7\u00e3o, ap\u00f3s a conquista da edi\u00e7\u00e3o 2013 do torneio.<\/p>\n\n\n\n<p>A partir da pr\u00f3xima sexta-feira (15) ter\u00e1 in\u00edcio a Copa Am\u00e9rica masculina da modalidade, que ser\u00e1 disputada at\u00e9 a pr\u00f3xima quarta-feira (20). A sele\u00e7\u00e3o brasileira masculina est\u00e1 no grupo B da competi\u00e7\u00e3o ao lado de Estados Unidos, M\u00e9xico e Col\u00f4mbia. A chave A \u00e9 formada por Canad\u00e1, Argentina, Porto Rico e Venezuela.<\/p>\n\n\n\n<p>Texto: Ag\u00eancia Brasil<\/p>\n","protected":false},"excerpt":{"rendered":"<p>O Brasil ficou com a medalha de prata da Copa Am\u00e9rica de basquete em cadeira de rodas ap\u00f3s ser derrotado pelos Estados Unidos pelo placar de 77 a 37, na noite desta quinta-feira (14) no Coliseo Cayetano Ca\u00f1izares, em Bogot\u00e1 (Col\u00f4mbia). Apesar do rev\u00e9s, a participa\u00e7\u00e3o da sele\u00e7\u00e3o brasileira na competi\u00e7\u00e3o garantiu a classifica\u00e7\u00e3o para [&hellip;]<\/p>\n","protected":false},"author":13,"featured_media":86584,"comment_status":"open","ping_status":"open","sticky":false,"template":"","format":"standard","meta":{"_acf_changed":false,"footnotes":""},"categories":[1,20,21],"tags":[],"class_list":["post-86583","post","type-post","status-publish","format-standard","has-post-thumbnail","hentry","category-esporte","category-noticias-em-destaque","category-todas-noticias"],"acf":[],"yoast_head":"<!-- This site is optimized with the Yoast SEO plugin v24.4 - https:\/\/yoast.com\/wordpress\/plugins\/seo\/ -->\n<title>Brasil \u00e9 vice-campe\u00e3o na Copa Am\u00e9rica de basquete em cadeira de rodas - PORTAL DE NOT\u00cdCIAS CLEITON PINHEIRO<\/title>\n<meta name=\"robots\" content=\"index, follow, max-snippet:-1, max-image-preview:large, max-video-preview:-1\" \/>\n<link rel=\"canonical\" href=\"https:\/\/cleitonpinheiro.com.br\/site\/brasil-e-vice-campeao-na-copa-america-de-basquete-em-cadeira-de-rodas\/\" \/>\n<meta property=\"og:locale\" content=\"pt_BR\" \/>\n<meta property=\"og:type\" content=\"article\" \/>\n<meta property=\"og:title\" content=\"Brasil \u00e9 vice-campe\u00e3o na Copa Am\u00e9rica de basquete em cadeira de rodas - PORTAL DE NOT\u00cdCIAS CLEITON PINHEIRO\" \/>\n<meta property=\"og:description\" content=\"O Brasil ficou com a medalha de prata da Copa Am\u00e9rica de basquete em cadeira de rodas ap\u00f3s ser derrotado pelos Estados Unidos pelo placar de 77 a 37, na noite desta quinta-feira (14) no Coliseo Cayetano Ca\u00f1izares, em Bogot\u00e1 (Col\u00f4mbia). Apesar do rev\u00e9s, a participa\u00e7\u00e3o da sele\u00e7\u00e3o brasileira na competi\u00e7\u00e3o garantiu a classifica\u00e7\u00e3o para [&hellip;]\" \/>\n<meta property=\"og:url\" content=\"https:\/\/cleitonpinheiro.com.br\/site\/brasil-e-vice-campeao-na-copa-america-de-basquete-em-cadeira-de-rodas\/\" \/>\n<meta property=\"og:site_name\" content=\"PORTAL DE NOT\u00cdCIAS CLEITON PINHEIRO\" \/>\n<meta property=\"article:publisher\" content=\"https:\/\/www.facebook.com\/portalcpnoticias\/\" \/>\n<meta property=\"article:published_time\" content=\"2025-08-15T12:00:30+00:00\" \/>\n<meta property=\"article:modified_time\" content=\"2025-08-15T12:00:35+00:00\" \/>\n<meta property=\"og:image\" content=\"https:\/\/cleitonpinheiro.com.br\/site\/wp-content\/uploads\/2025\/08\/selecao_fem_basquete_em_cr_copa_america_2025.webp\" \/>\n\t<meta property=\"og:image:width\" content=\"1170\" \/>\n\t<meta property=\"og:image:height\" content=\"700\" \/>\n\t<meta property=\"og:image:type\" content=\"image\/webp\" \/>\n<meta name=\"author\" content=\"Reda\u00e7\u00e3o CP\" \/>\n<meta name=\"twitter:card\" content=\"summary_large_image\" \/>\n<meta name=\"twitter:label1\" content=\"Escrito por\" \/>\n\t<meta name=\"twitter:data1\" content=\"Reda\u00e7\u00e3o CP\" \/>\n\t<meta name=\"twitter:label2\" content=\"Est. tempo de leitura\" \/>\n\t<meta name=\"twitter:data2\" content=\"2 minutos\" \/>\n<script type=\"application\/ld+json\" class=\"yoast-schema-graph\">{\"@context\":\"https:\/\/schema.org\",\"@graph\":[{\"@type\":\"Article\",\"@id\":\"https:\/\/cleitonpinheiro.com.br\/site\/brasil-e-vice-campeao-na-copa-america-de-basquete-em-cadeira-de-rodas\/#article\",\"isPartOf\":{\"@id\":\"https:\/\/cleitonpinheiro.com.br\/site\/brasil-e-vice-campeao-na-copa-america-de-basquete-em-cadeira-de-rodas\/\"},\"author\":{\"name\":\"Reda\u00e7\u00e3o CP\",\"@id\":\"https:\/\/cleitonpinheiro.com.br\/site\/#\/schema\/person\/8f04544e0bc40a1b68775b08360f87db\"},\"headline\":\"Brasil \u00e9 vice-campe\u00e3o na Copa Am\u00e9rica de basquete em cadeira de rodas\",\"datePublished\":\"2025-08-15T12:00:30+00:00\",\"dateModified\":\"2025-08-15T12:00:35+00:00\",\"mainEntityOfPage\":{\"@id\":\"https:\/\/cleitonpinheiro.com.br\/site\/brasil-e-vice-campeao-na-copa-america-de-basquete-em-cadeira-de-rodas\/\"},\"wordCount\":172,\"commentCount\":0,\"publisher\":{\"@id\":\"https:\/\/cleitonpinheiro.com.br\/site\/#organization\"},\"image\":{\"@id\":\"https:\/\/cleitonpinheiro.com.br\/site\/brasil-e-vice-campeao-na-copa-america-de-basquete-em-cadeira-de-rodas\/#primaryimage\"},\"thumbnailUrl\":\"https:\/\/cleitonpinheiro.com.br\/site\/wp-content\/uploads\/2025\/08\/selecao_fem_basquete_em_cr_copa_america_2025.webp\",\"articleSection\":[\"ESPORTE\",\"NOT\u00cdCIAS EM DESTAQUE\",\"TODAS NOTICIAS\"],\"inLanguage\":\"pt-BR\",\"potentialAction\":[{\"@type\":\"CommentAction\",\"name\":\"Comment\",\"target\":[\"https:\/\/cleitonpinheiro.com.br\/site\/brasil-e-vice-campeao-na-copa-america-de-basquete-em-cadeira-de-rodas\/#respond\"]}]},{\"@type\":\"WebPage\",\"@id\":\"https:\/\/cleitonpinheiro.com.br\/site\/brasil-e-vice-campeao-na-copa-america-de-basquete-em-cadeira-de-rodas\/\",\"url\":\"https:\/\/cleitonpinheiro.com.br\/site\/brasil-e-vice-campeao-na-copa-america-de-basquete-em-cadeira-de-rodas\/\",\"name\":\"Brasil \u00e9 vice-campe\u00e3o na Copa Am\u00e9rica de basquete em cadeira de rodas - PORTAL DE NOT\u00cdCIAS CLEITON PINHEIRO\",\"isPartOf\":{\"@id\":\"https:\/\/cleitonpinheiro.com.br\/site\/#website\"},\"primaryImageOfPage\":{\"@id\":\"https:\/\/cleitonpinheiro.com.br\/site\/brasil-e-vice-campeao-na-copa-america-de-basquete-em-cadeira-de-rodas\/#primaryimage\"},\"image\":{\"@id\":\"https:\/\/cleitonpinheiro.com.br\/site\/brasil-e-vice-campeao-na-copa-america-de-basquete-em-cadeira-de-rodas\/#primaryimage\"},\"thumbnailUrl\":\"https:\/\/cleitonpinheiro.com.br\/site\/wp-content\/uploads\/2025\/08\/selecao_fem_basquete_em_cr_copa_america_2025.webp\",\"datePublished\":\"2025-08-15T12:00:30+00:00\",\"dateModified\":\"2025-08-15T12:00:35+00:00\",\"breadcrumb\":{\"@id\":\"https:\/\/cleitonpinheiro.com.br\/site\/brasil-e-vice-campeao-na-copa-america-de-basquete-em-cadeira-de-rodas\/#breadcrumb\"},\"inLanguage\":\"pt-BR\",\"potentialAction\":[{\"@type\":\"ReadAction\",\"target\":[\"https:\/\/cleitonpinheiro.com.br\/site\/brasil-e-vice-campeao-na-copa-america-de-basquete-em-cadeira-de-rodas\/\"]}]},{\"@type\":\"ImageObject\",\"inLanguage\":\"pt-BR\",\"@id\":\"https:\/\/cleitonpinheiro.com.br\/site\/brasil-e-vice-campeao-na-copa-america-de-basquete-em-cadeira-de-rodas\/#primaryimage\",\"url\":\"https:\/\/cleitonpinheiro.com.br\/site\/wp-content\/uploads\/2025\/08\/selecao_fem_basquete_em_cr_copa_america_2025.webp\",\"contentUrl\":\"https:\/\/cleitonpinheiro.com.br\/site\/wp-content\/uploads\/2025\/08\/selecao_fem_basquete_em_cr_copa_america_2025.webp\",\"width\":1170,\"height\":700},{\"@type\":\"BreadcrumbList\",\"@id\":\"https:\/\/cleitonpinheiro.com.br\/site\/brasil-e-vice-campeao-na-copa-america-de-basquete-em-cadeira-de-rodas\/#breadcrumb\",\"itemListElement\":[{\"@type\":\"ListItem\",\"position\":1,\"name\":\"In\u00edcio\",\"item\":\"https:\/\/cleitonpinheiro.com.br\/site\/\"},{\"@type\":\"ListItem\",\"position\":2,\"name\":\"Brasil \u00e9 vice-campe\u00e3o na Copa Am\u00e9rica de basquete em cadeira de rodas\"}]},{\"@type\":\"WebSite\",\"@id\":\"https:\/\/cleitonpinheiro.com.br\/site\/#website\",\"url\":\"https:\/\/cleitonpinheiro.com.br\/site\/\",\"name\":\"PORTAL DE NOT\u00cdCIAS CLEITON PINHEIRO\",\"description\":\"FALANDO A VERDADE\",\"publisher\":{\"@id\":\"https:\/\/cleitonpinheiro.com.br\/site\/#organization\"},\"potentialAction\":[{\"@type\":\"SearchAction\",\"target\":{\"@type\":\"EntryPoint\",\"urlTemplate\":\"https:\/\/cleitonpinheiro.com.br\/site\/?s={search_term_string}\"},\"query-input\":{\"@type\":\"PropertyValueSpecification\",\"valueRequired\":true,\"valueName\":\"search_term_string\"}}],\"inLanguage\":\"pt-BR\"},{\"@type\":\"Organization\",\"@id\":\"https:\/\/cleitonpinheiro.com.br\/site\/#organization\",\"name\":\"CPNOT\u00cdCIAS\",\"url\":\"https:\/\/cleitonpinheiro.com.br\/site\/\",\"logo\":{\"@type\":\"ImageObject\",\"inLanguage\":\"pt-BR\",\"@id\":\"https:\/\/cleitonpinheiro.com.br\/site\/#\/schema\/logo\/image\/\",\"url\":\"https:\/\/cleitonpinheiro.com.br\/site\/wp-content\/uploads\/2022\/08\/Logo-pequena-2.png\",\"contentUrl\":\"https:\/\/cleitonpinheiro.com.br\/site\/wp-content\/uploads\/2022\/08\/Logo-pequena-2.png\",\"width\":500,\"height\":500,\"caption\":\"CPNOT\u00cdCIAS\"},\"image\":{\"@id\":\"https:\/\/cleitonpinheiro.com.br\/site\/#\/schema\/logo\/image\/\"},\"sameAs\":[\"https:\/\/www.facebook.com\/portalcpnoticias\/\"]},{\"@type\":\"Person\",\"@id\":\"https:\/\/cleitonpinheiro.com.br\/site\/#\/schema\/person\/8f04544e0bc40a1b68775b08360f87db\",\"name\":\"Reda\u00e7\u00e3o CP\",\"image\":{\"@type\":\"ImageObject\",\"inLanguage\":\"pt-BR\",\"@id\":\"https:\/\/cleitonpinheiro.com.br\/site\/#\/schema\/person\/image\/\",\"url\":\"https:\/\/secure.gravatar.com\/avatar\/0bcf19cb29fdc8fc588c490c7ae1b3e174dac268586a63fbe1d1893a0f9020cd?s=96&r=g\",\"contentUrl\":\"https:\/\/secure.gravatar.com\/avatar\/0bcf19cb29fdc8fc588c490c7ae1b3e174dac268586a63fbe1d1893a0f9020cd?s=96&r=g\",\"caption\":\"Reda\u00e7\u00e3o CP\"},\"url\":\"https:\/\/cleitonpinheiro.com.br\/site\/author\/redacao\/\"}]}<\/script>\n<!-- \/ Yoast SEO plugin. -->","yoast_head_json":{"title":"Brasil \u00e9 vice-campe\u00e3o na Copa Am\u00e9rica de basquete em cadeira de rodas - PORTAL DE NOT\u00cdCIAS CLEITON PINHEIRO","robots":{"index":"index","follow":"follow","max-snippet":"max-snippet:-1","max-image-preview":"max-image-preview:large","max-video-preview":"max-video-preview:-1"},"canonical":"https:\/\/cleitonpinheiro.com.br\/site\/brasil-e-vice-campeao-na-copa-america-de-basquete-em-cadeira-de-rodas\/","og_locale":"pt_BR","og_type":"article","og_title":"Brasil \u00e9 vice-campe\u00e3o na Copa Am\u00e9rica de basquete em cadeira de rodas - PORTAL DE NOT\u00cdCIAS CLEITON PINHEIRO","og_description":"O Brasil ficou com a medalha de prata da Copa Am\u00e9rica de basquete em cadeira de rodas ap\u00f3s ser derrotado pelos Estados Unidos pelo placar de 77 a 37, na noite desta quinta-feira (14) no Coliseo Cayetano Ca\u00f1izares, em Bogot\u00e1 (Col\u00f4mbia). Apesar do rev\u00e9s, a participa\u00e7\u00e3o da sele\u00e7\u00e3o brasileira na competi\u00e7\u00e3o garantiu a classifica\u00e7\u00e3o para [&hellip;]","og_url":"https:\/\/cleitonpinheiro.com.br\/site\/brasil-e-vice-campeao-na-copa-america-de-basquete-em-cadeira-de-rodas\/","og_site_name":"PORTAL DE NOT\u00cdCIAS CLEITON PINHEIRO","article_publisher":"https:\/\/www.facebook.com\/portalcpnoticias\/","article_published_time":"2025-08-15T12:00:30+00:00","article_modified_time":"2025-08-15T12:00:35+00:00","og_image":[{"width":1170,"height":700,"url":"https:\/\/cleitonpinheiro.com.br\/site\/wp-content\/uploads\/2025\/08\/selecao_fem_basquete_em_cr_copa_america_2025.webp","type":"image\/webp"}],"author":"Reda\u00e7\u00e3o CP","twitter_card":"summary_large_image","twitter_misc":{"Escrito por":"Reda\u00e7\u00e3o CP","Est. tempo de leitura":"2 minutos"},"schema":{"@context":"https:\/\/schema.org","@graph":[{"@type":"Article","@id":"https:\/\/cleitonpinheiro.com.br\/site\/brasil-e-vice-campeao-na-copa-america-de-basquete-em-cadeira-de-rodas\/#article","isPartOf":{"@id":"https:\/\/cleitonpinheiro.com.br\/site\/brasil-e-vice-campeao-na-copa-america-de-basquete-em-cadeira-de-rodas\/"},"author":{"name":"Reda\u00e7\u00e3o CP","@id":"https:\/\/cleitonpinheiro.com.br\/site\/#\/schema\/person\/8f04544e0bc40a1b68775b08360f87db"},"headline":"Brasil \u00e9 vice-campe\u00e3o na Copa Am\u00e9rica de basquete em cadeira de rodas","datePublished":"2025-08-15T12:00:30+00:00","dateModified":"2025-08-15T12:00:35+00:00","mainEntityOfPage":{"@id":"https:\/\/cleitonpinheiro.com.br\/site\/brasil-e-vice-campeao-na-copa-america-de-basquete-em-cadeira-de-rodas\/"},"wordCount":172,"commentCount":0,"publisher":{"@id":"https:\/\/cleitonpinheiro.com.br\/site\/#organization"},"image":{"@id":"https:\/\/cleitonpinheiro.com.br\/site\/brasil-e-vice-campeao-na-copa-america-de-basquete-em-cadeira-de-rodas\/#primaryimage"},"thumbnailUrl":"https:\/\/cleitonpinheiro.com.br\/site\/wp-content\/uploads\/2025\/08\/selecao_fem_basquete_em_cr_copa_america_2025.webp","articleSection":["ESPORTE","NOT\u00cdCIAS EM DESTAQUE","TODAS NOTICIAS"],"inLanguage":"pt-BR","potentialAction":[{"@type":"CommentAction","name":"Comment","target":["https:\/\/cleitonpinheiro.com.br\/site\/brasil-e-vice-campeao-na-copa-america-de-basquete-em-cadeira-de-rodas\/#respond"]}]},{"@type":"WebPage","@id":"https:\/\/cleitonpinheiro.com.br\/site\/brasil-e-vice-campeao-na-copa-america-de-basquete-em-cadeira-de-rodas\/","url":"https:\/\/cleitonpinheiro.com.br\/site\/brasil-e-vice-campeao-na-copa-america-de-basquete-em-cadeira-de-rodas\/","name":"Brasil \u00e9 vice-campe\u00e3o na Copa Am\u00e9rica de basquete em cadeira de rodas - PORTAL DE NOT\u00cdCIAS CLEITON PINHEIRO","isPartOf":{"@id":"https:\/\/cleitonpinheiro.com.br\/site\/#website"},"primaryImageOfPage":{"@id":"https:\/\/cleitonpinheiro.com.br\/site\/brasil-e-vice-campeao-na-copa-america-de-basquete-em-cadeira-de-rodas\/#primaryimage"},"image":{"@id":"https:\/\/cleitonpinheiro.com.br\/site\/brasil-e-vice-campeao-na-copa-america-de-basquete-em-cadeira-de-rodas\/#primaryimage"},"thumbnailUrl":"https:\/\/cleitonpinheiro.com.br\/site\/wp-content\/uploads\/2025\/08\/selecao_fem_basquete_em_cr_copa_america_2025.webp","datePublished":"2025-08-15T12:00:30+00:00","dateModified":"2025-08-15T12:00:35+00:00","breadcrumb":{"@id":"https:\/\/cleitonpinheiro.com.br\/site\/brasil-e-vice-campeao-na-copa-america-de-basquete-em-cadeira-de-rodas\/#breadcrumb"},"inLanguage":"pt-BR","potentialAction":[{"@type":"ReadAction","target":["https:\/\/cleitonpinheiro.com.br\/site\/brasil-e-vice-campeao-na-copa-america-de-basquete-em-cadeira-de-rodas\/"]}]},{"@type":"ImageObject","inLanguage":"pt-BR","@id":"https:\/\/cleitonpinheiro.com.br\/site\/brasil-e-vice-campeao-na-copa-america-de-basquete-em-cadeira-de-rodas\/#primaryimage","url":"https:\/\/cleitonpinheiro.com.br\/site\/wp-content\/uploads\/2025\/08\/selecao_fem_basquete_em_cr_copa_america_2025.webp","contentUrl":"https:\/\/cleitonpinheiro.com.br\/site\/wp-content\/uploads\/2025\/08\/selecao_fem_basquete_em_cr_copa_america_2025.webp","width":1170,"height":700},{"@type":"BreadcrumbList","@id":"https:\/\/cleitonpinheiro.com.br\/site\/brasil-e-vice-campeao-na-copa-america-de-basquete-em-cadeira-de-rodas\/#breadcrumb","itemListElement":[{"@type":"ListItem","position":1,"name":"In\u00edcio","item":"https:\/\/cleitonpinheiro.com.br\/site\/"},{"@type":"ListItem","position":2,"name":"Brasil \u00e9 vice-campe\u00e3o na Copa Am\u00e9rica de basquete em cadeira de rodas"}]},{"@type":"WebSite","@id":"https:\/\/cleitonpinheiro.com.br\/site\/#website","url":"https:\/\/cleitonpinheiro.com.br\/site\/","name":"PORTAL DE NOT\u00cdCIAS CLEITON PINHEIRO","description":"FALANDO A VERDADE","publisher":{"@id":"https:\/\/cleitonpinheiro.com.br\/site\/#organization"},"potentialAction":[{"@type":"SearchAction","target":{"@type":"EntryPoint","urlTemplate":"https:\/\/cleitonpinheiro.com.br\/site\/?s={search_term_string}"},"query-input":{"@type":"PropertyValueSpecification","valueRequired":true,"valueName":"search_term_string"}}],"inLanguage":"pt-BR"},{"@type":"Organization","@id":"https:\/\/cleitonpinheiro.com.br\/site\/#organization","name":"CPNOT\u00cdCIAS","url":"https:\/\/cleitonpinheiro.com.br\/site\/","logo":{"@type":"ImageObject","inLanguage":"pt-BR","@id":"https:\/\/cleitonpinheiro.com.br\/site\/#\/schema\/logo\/image\/","url":"https:\/\/cleitonpinheiro.com.br\/site\/wp-content\/uploads\/2022\/08\/Logo-pequena-2.png","contentUrl":"https:\/\/cleitonpinheiro.com.br\/site\/wp-content\/uploads\/2022\/08\/Logo-pequena-2.png","width":500,"height":500,"caption":"CPNOT\u00cdCIAS"},"image":{"@id":"https:\/\/cleitonpinheiro.com.br\/site\/#\/schema\/logo\/image\/"},"sameAs":["https:\/\/www.facebook.com\/portalcpnoticias\/"]},{"@type":"Person","@id":"https:\/\/cleitonpinheiro.com.br\/site\/#\/schema\/person\/8f04544e0bc40a1b68775b08360f87db","name":"Reda\u00e7\u00e3o CP","image":{"@type":"ImageObject","inLanguage":"pt-BR","@id":"https:\/\/cleitonpinheiro.com.br\/site\/#\/schema\/person\/image\/","url":"https:\/\/secure.gravatar.com\/avatar\/0bcf19cb29fdc8fc588c490c7ae1b3e174dac268586a63fbe1d1893a0f9020cd?s=96&r=g","contentUrl":"https:\/\/secure.gravatar.com\/avatar\/0bcf19cb29fdc8fc588c490c7ae1b3e174dac268586a63fbe1d1893a0f9020cd?s=96&r=g","caption":"Reda\u00e7\u00e3o CP"},"url":"https:\/\/cleitonpinheiro.com.br\/site\/author\/redacao\/"}]}},"views":150,"_links":{"self":[{"href":"https:\/\/cleitonpinheiro.com.br\/site\/wp-json\/wp\/v2\/posts\/86583","targetHints":{"allow":["GET"]}}],"collection":[{"href":"https:\/\/cleitonpinheiro.com.br\/site\/wp-json\/wp\/v2\/posts"}],"about":[{"href":"https:\/\/cleitonpinheiro.com.br\/site\/wp-json\/wp\/v2\/types\/post"}],"author":[{"embeddable":true,"href":"https:\/\/cleitonpinheiro.com.br\/site\/wp-json\/wp\/v2\/users\/13"}],"replies":[{"embeddable":true,"href":"https:\/\/cleitonpinheiro.com.br\/site\/wp-json\/wp\/v2\/comments?post=86583"}],"version-history":[{"count":1,"href":"https:\/\/cleitonpinheiro.com.br\/site\/wp-json\/wp\/v2\/posts\/86583\/revisions"}],"predecessor-version":[{"id":86585,"href":"https:\/\/cleitonpinheiro.com.br\/site\/wp-json\/wp\/v2\/posts\/86583\/revisions\/86585"}],"wp:featuredmedia":[{"embeddable":true,"href":"https:\/\/cleitonpinheiro.com.br\/site\/wp-json\/wp\/v2\/media\/86584"}],"wp:attachment":[{"href":"https:\/\/cleitonpinheiro.com.br\/site\/wp-json\/wp\/v2\/media?parent=86583"}],"wp:term":[{"taxonomy":"category","embeddable":true,"href":"https:\/\/cleitonpinheiro.com.br\/site\/wp-json\/wp\/v2\/categories?post=86583"},{"taxonomy":"post_tag","embeddable":true,"href":"https:\/\/cleitonpinheiro.com.br\/site\/wp-json\/wp\/v2\/tags?post=86583"}],"curies":[{"name":"wp","href":"https:\/\/api.w.org\/{rel}","templated":true}]}}