{"id":86586,"date":"2025-08-15T09:11:40","date_gmt":"2025-08-15T12:11:40","guid":{"rendered":"https:\/\/cleitonpinheiro.com.br\/site\/?p=86586"},"modified":"2025-08-15T09:11:46","modified_gmt":"2025-08-15T12:11:46","slug":"a-gazeta-governador-wanderlei-fala-sobre-relacao-com-a-deputado-janad-e-as-eleicoes-2026","status":"publish","type":"post","link":"https:\/\/cleitonpinheiro.com.br\/site\/a-gazeta-governador-wanderlei-fala-sobre-relacao-com-a-deputado-janad-e-as-eleicoes-2026\/","title":{"rendered":"\u00c0 Gazeta, governador Wanderlei fala sobre rela\u00e7\u00e3o com a deputado Janad e as Elei\u00e7\u00f5es 2026"},"content":{"rendered":"\n<figure class=\"wp-block-image size-large\"><img fetchpriority=\"high\" decoding=\"async\" width=\"1024\" height=\"512\" src=\"https:\/\/cleitonpinheiro.com.br\/site\/wp-content\/uploads\/2025\/08\/Janad-Wanderlei-scaled-1-1024x512.webp\" alt=\"\" class=\"wp-image-86587\" srcset=\"https:\/\/cleitonpinheiro.com.br\/site\/wp-content\/uploads\/2025\/08\/Janad-Wanderlei-scaled-1-1024x512.webp 1024w, https:\/\/cleitonpinheiro.com.br\/site\/wp-content\/uploads\/2025\/08\/Janad-Wanderlei-scaled-1-300x150.webp 300w, https:\/\/cleitonpinheiro.com.br\/site\/wp-content\/uploads\/2025\/08\/Janad-Wanderlei-scaled-1-768x384.webp 768w, https:\/\/cleitonpinheiro.com.br\/site\/wp-content\/uploads\/2025\/08\/Janad-Wanderlei-scaled-1.webp 1200w\" sizes=\"(max-width: 1024px) 100vw, 1024px\" \/><\/figure>\n\n\n\n<p>Em entrevista concedida \u00e0\u00a0Gazeta do Cerrado, nessa quinta-feira, 14, o governador Wanderlei Barbosa falou da sua rela\u00e7\u00e7ao com a Assembleia Legislativa e as Elei\u00e7\u00f5es 2026: \u201cA nossa base ela \u00e9 organizada. Aqueles que querem dar apoio, querem trabalhar com o governo, que s\u00e3o parceiros nos projetos do governo, s\u00e3o da base. E aqueles que critiquem o governo s\u00e3o a posi\u00e7\u00e3o, a gente respeita isso. Aqueles que n\u00e3o est\u00e3o com boa conviv\u00eancia, a gente vai respeitar. A base voc\u00ea trata como base, a oposi\u00e7\u00e3o voc\u00ea trata como oposi\u00e7\u00e3o. Eu respeito todos, tanto \u00e9 que sou o \u00fanico governador que pago inclusive emendas de todos os deputados. Tem alguns que atrasam, \u00e0s vezes at\u00e9 da nossa base mesmo, mas sempre pagamos. Ent\u00e3o a gente tem essa rela\u00e7\u00e3o, tem uma rela\u00e7\u00e3o boa com os munic\u00edpios, com os prefeitos, independente do partido deles.&#8221;<\/p>\n\n\n\n<p>Sem uma posi\u00e7\u00e3o clara sobre nomes, governador fala sobre as Elei\u00e7\u00f5es 2026: \u201cClaro, o ano que vem aproxima uma elei\u00e7\u00e3o importante, n\u00e3o \u00e9? Mas toda a vida o nosso governo trata todos de maneira igualit\u00e1ria. Agora tem aqueles que, pelo tratamento que nos d\u00e3o, \u00e0s vezes na Assembleia e outros at\u00e9 nos munic\u00edpios mesmo, n\u00e3o aproximam muito e n\u00f3s respeitamos. (\u2026) temos 18 deputados tranquilamente. A gente respeita a opini\u00e3o de todos, tem a opini\u00e3o pol\u00edtica que ser\u00e1 esclarecida o ano que vem e, na quest\u00e3o administrativa, n\u00f3s temos at\u00e9 mais de 18.\u201d<\/p>\n\n\n\n<p>Sobre a exonera\u00e7\u00e3o da Cleizenir Divina dos Santos da Secretaria Estadual de Trabalho e Desenvolvimento Social (Setas), o governador Wanderlei negou ter feito a demiss\u00e3o da indicada da senadora Professora Dorinha.<\/p>\n\n\n\n<h2 class=\"wp-block-heading\">Afastamento de Janad<\/h2>\n\n\n\n<p>Sobre sua rela\u00e7\u00e3o com a deputada estadual Janad Valcari (PL), o governador Wanderlei disse \u00e0 Gazeta: \u201cquem se afastou foi ela. Ela tomou algumas decis\u00f5es que chegaram ao nosso conhecimento. Desde o princ\u00edpio eu n\u00e3o queria apoi\u00e1-la para a prefeitura (de Palmas). Isso eu falei claramente para ela por diversas vezes, como falei para a senadora Dorinha, como falei para o Vicentinho, para o senador Eduardo Gomes e outros que me procuraram em algum momento. E eu disse para eles que eu n\u00e3o era respons\u00e1vel pela elei\u00e7\u00e3o de ningu\u00e9m, que eu poderia ajudar e ajudei. Quando perdeu, a deputada e seu grupo passaram a atribuir a mim derrota deles.\u201d<\/p>\n\n\n\n<p>Wanderlei ainda complementa os motivos do afastamento:<\/p>\n\n\n\n<p>\u201cEla teve ainda comportamentos que chegaram ao nosso conhecimento, isso fez com que eu n\u00e3o quisesse que ela tivesse perto de mim, porque quem est\u00e1 perto de mim \u00e9 meu companheiro, \u00e9 da minha confian\u00e7a, defende o meu governo e tem respeito por mim. Eu a apoiei por duas vezes, mas nunca tive um voto dela. Eu apoiei ela para presidente da C\u00e2mara de Palmas e apoiei ela para prefeita de Palmas, e apoiei de todo o cora\u00e7\u00e3o, toda a for\u00e7a que eu tinha, mesmo a candidatura sendo problem\u00e1tica.\u201d<\/p>\n","protected":false},"excerpt":{"rendered":"<p>Em entrevista concedida \u00e0\u00a0Gazeta do Cerrado, nessa quinta-feira, 14, o governador Wanderlei Barbosa falou da sua rela\u00e7\u00e7ao com a Assembleia Legislativa e as Elei\u00e7\u00f5es 2026: \u201cA nossa base ela \u00e9 organizada. Aqueles que querem dar apoio, querem trabalhar com o governo, que s\u00e3o parceiros nos projetos do governo, s\u00e3o da base. E aqueles que critiquem [&hellip;]<\/p>\n","protected":false},"author":13,"featured_media":86587,"comment_status":"open","ping_status":"open","sticky":false,"template":"","format":"standard","meta":{"_acf_changed":false,"footnotes":""},"categories":[898,23,21],"tags":[],"class_list":["post-86586","post","type-post","status-publish","format-standard","has-post-thumbnail","hentry","category-manchete-segundaria","category-politica","category-todas-noticias"],"acf":[],"yoast_head":"<!-- This site is optimized with the Yoast SEO plugin v24.4 - https:\/\/yoast.com\/wordpress\/plugins\/seo\/ -->\n<title>\u00c0 Gazeta, governador Wanderlei fala sobre rela\u00e7\u00e3o com a deputado Janad e as Elei\u00e7\u00f5es 2026 - PORTAL DE NOT\u00cdCIAS CLEITON PINHEIRO<\/title>\n<meta name=\"robots\" content=\"index, follow, max-snippet:-1, max-image-preview:large, max-video-preview:-1\" \/>\n<link rel=\"canonical\" href=\"https:\/\/cleitonpinheiro.com.br\/site\/a-gazeta-governador-wanderlei-fala-sobre-relacao-com-a-deputado-janad-e-as-eleicoes-2026\/\" \/>\n<meta property=\"og:locale\" content=\"pt_BR\" \/>\n<meta property=\"og:type\" content=\"article\" \/>\n<meta property=\"og:title\" content=\"\u00c0 Gazeta, governador Wanderlei fala sobre rela\u00e7\u00e3o com a deputado Janad e as Elei\u00e7\u00f5es 2026 - PORTAL DE NOT\u00cdCIAS CLEITON PINHEIRO\" \/>\n<meta property=\"og:description\" content=\"Em entrevista concedida \u00e0\u00a0Gazeta do Cerrado, nessa quinta-feira, 14, o governador Wanderlei Barbosa falou da sua rela\u00e7\u00e7ao com a Assembleia Legislativa e as Elei\u00e7\u00f5es 2026: \u201cA nossa base ela \u00e9 organizada. Aqueles que querem dar apoio, querem trabalhar com o governo, que s\u00e3o parceiros nos projetos do governo, s\u00e3o da base. E aqueles que critiquem [&hellip;]\" \/>\n<meta property=\"og:url\" content=\"https:\/\/cleitonpinheiro.com.br\/site\/a-gazeta-governador-wanderlei-fala-sobre-relacao-com-a-deputado-janad-e-as-eleicoes-2026\/\" \/>\n<meta property=\"og:site_name\" content=\"PORTAL DE NOT\u00cdCIAS CLEITON PINHEIRO\" \/>\n<meta property=\"article:publisher\" content=\"https:\/\/www.facebook.com\/portalcpnoticias\/\" \/>\n<meta property=\"article:published_time\" content=\"2025-08-15T12:11:40+00:00\" \/>\n<meta property=\"article:modified_time\" content=\"2025-08-15T12:11:46+00:00\" \/>\n<meta property=\"og:image\" content=\"https:\/\/cleitonpinheiro.com.br\/site\/wp-content\/uploads\/2025\/08\/Janad-Wanderlei-scaled-1.webp\" \/>\n\t<meta property=\"og:image:width\" content=\"1200\" \/>\n\t<meta property=\"og:image:height\" content=\"600\" \/>\n\t<meta property=\"og:image:type\" content=\"image\/webp\" \/>\n<meta name=\"author\" content=\"Reda\u00e7\u00e3o CP\" \/>\n<meta name=\"twitter:card\" content=\"summary_large_image\" \/>\n<meta name=\"twitter:label1\" content=\"Escrito por\" \/>\n\t<meta name=\"twitter:data1\" content=\"Reda\u00e7\u00e3o CP\" \/>\n\t<meta name=\"twitter:label2\" content=\"Est. tempo de leitura\" \/>\n\t<meta name=\"twitter:data2\" content=\"4 minutos\" \/>\n<script type=\"application\/ld+json\" class=\"yoast-schema-graph\">{\"@context\":\"https:\/\/schema.org\",\"@graph\":[{\"@type\":\"Article\",\"@id\":\"https:\/\/cleitonpinheiro.com.br\/site\/a-gazeta-governador-wanderlei-fala-sobre-relacao-com-a-deputado-janad-e-as-eleicoes-2026\/#article\",\"isPartOf\":{\"@id\":\"https:\/\/cleitonpinheiro.com.br\/site\/a-gazeta-governador-wanderlei-fala-sobre-relacao-com-a-deputado-janad-e-as-eleicoes-2026\/\"},\"author\":{\"name\":\"Reda\u00e7\u00e3o CP\",\"@id\":\"https:\/\/cleitonpinheiro.com.br\/site\/#\/schema\/person\/8f04544e0bc40a1b68775b08360f87db\"},\"headline\":\"\u00c0 Gazeta, governador Wanderlei fala sobre rela\u00e7\u00e3o com a deputado Janad e as Elei\u00e7\u00f5es 2026\",\"datePublished\":\"2025-08-15T12:11:40+00:00\",\"dateModified\":\"2025-08-15T12:11:46+00:00\",\"mainEntityOfPage\":{\"@id\":\"https:\/\/cleitonpinheiro.com.br\/site\/a-gazeta-governador-wanderlei-fala-sobre-relacao-com-a-deputado-janad-e-as-eleicoes-2026\/\"},\"wordCount\":520,\"commentCount\":0,\"publisher\":{\"@id\":\"https:\/\/cleitonpinheiro.com.br\/site\/#organization\"},\"image\":{\"@id\":\"https:\/\/cleitonpinheiro.com.br\/site\/a-gazeta-governador-wanderlei-fala-sobre-relacao-com-a-deputado-janad-e-as-eleicoes-2026\/#primaryimage\"},\"thumbnailUrl\":\"https:\/\/cleitonpinheiro.com.br\/site\/wp-content\/uploads\/2025\/08\/Janad-Wanderlei-scaled-1.webp\",\"articleSection\":[\"MANCHETE SEGUND\u00c1RIA\",\"POL\u00cdTICA\",\"TODAS NOTICIAS\"],\"inLanguage\":\"pt-BR\",\"potentialAction\":[{\"@type\":\"CommentAction\",\"name\":\"Comment\",\"target\":[\"https:\/\/cleitonpinheiro.com.br\/site\/a-gazeta-governador-wanderlei-fala-sobre-relacao-com-a-deputado-janad-e-as-eleicoes-2026\/#respond\"]}]},{\"@type\":\"WebPage\",\"@id\":\"https:\/\/cleitonpinheiro.com.br\/site\/a-gazeta-governador-wanderlei-fala-sobre-relacao-com-a-deputado-janad-e-as-eleicoes-2026\/\",\"url\":\"https:\/\/cleitonpinheiro.com.br\/site\/a-gazeta-governador-wanderlei-fala-sobre-relacao-com-a-deputado-janad-e-as-eleicoes-2026\/\",\"name\":\"\u00c0 Gazeta, governador Wanderlei fala sobre rela\u00e7\u00e3o com a deputado Janad e as Elei\u00e7\u00f5es 2026 - PORTAL DE NOT\u00cdCIAS CLEITON PINHEIRO\",\"isPartOf\":{\"@id\":\"https:\/\/cleitonpinheiro.com.br\/site\/#website\"},\"primaryImageOfPage\":{\"@id\":\"https:\/\/cleitonpinheiro.com.br\/site\/a-gazeta-governador-wanderlei-fala-sobre-relacao-com-a-deputado-janad-e-as-eleicoes-2026\/#primaryimage\"},\"image\":{\"@id\":\"https:\/\/cleitonpinheiro.com.br\/site\/a-gazeta-governador-wanderlei-fala-sobre-relacao-com-a-deputado-janad-e-as-eleicoes-2026\/#primaryimage\"},\"thumbnailUrl\":\"https:\/\/cleitonpinheiro.com.br\/site\/wp-content\/uploads\/2025\/08\/Janad-Wanderlei-scaled-1.webp\",\"datePublished\":\"2025-08-15T12:11:40+00:00\",\"dateModified\":\"2025-08-15T12:11:46+00:00\",\"breadcrumb\":{\"@id\":\"https:\/\/cleitonpinheiro.com.br\/site\/a-gazeta-governador-wanderlei-fala-sobre-relacao-com-a-deputado-janad-e-as-eleicoes-2026\/#breadcrumb\"},\"inLanguage\":\"pt-BR\",\"potentialAction\":[{\"@type\":\"ReadAction\",\"target\":[\"https:\/\/cleitonpinheiro.com.br\/site\/a-gazeta-governador-wanderlei-fala-sobre-relacao-com-a-deputado-janad-e-as-eleicoes-2026\/\"]}]},{\"@type\":\"ImageObject\",\"inLanguage\":\"pt-BR\",\"@id\":\"https:\/\/cleitonpinheiro.com.br\/site\/a-gazeta-governador-wanderlei-fala-sobre-relacao-com-a-deputado-janad-e-as-eleicoes-2026\/#primaryimage\",\"url\":\"https:\/\/cleitonpinheiro.com.br\/site\/wp-content\/uploads\/2025\/08\/Janad-Wanderlei-scaled-1.webp\",\"contentUrl\":\"https:\/\/cleitonpinheiro.com.br\/site\/wp-content\/uploads\/2025\/08\/Janad-Wanderlei-scaled-1.webp\",\"width\":1200,\"height\":600},{\"@type\":\"BreadcrumbList\",\"@id\":\"https:\/\/cleitonpinheiro.com.br\/site\/a-gazeta-governador-wanderlei-fala-sobre-relacao-com-a-deputado-janad-e-as-eleicoes-2026\/#breadcrumb\",\"itemListElement\":[{\"@type\":\"ListItem\",\"position\":1,\"name\":\"In\u00edcio\",\"item\":\"https:\/\/cleitonpinheiro.com.br\/site\/\"},{\"@type\":\"ListItem\",\"position\":2,\"name\":\"\u00c0 Gazeta, governador Wanderlei fala sobre rela\u00e7\u00e3o com a deputado Janad e as Elei\u00e7\u00f5es 2026\"}]},{\"@type\":\"WebSite\",\"@id\":\"https:\/\/cleitonpinheiro.com.br\/site\/#website\",\"url\":\"https:\/\/cleitonpinheiro.com.br\/site\/\",\"name\":\"PORTAL DE NOT\u00cdCIAS CLEITON PINHEIRO\",\"description\":\"FALANDO A VERDADE\",\"publisher\":{\"@id\":\"https:\/\/cleitonpinheiro.com.br\/site\/#organization\"},\"potentialAction\":[{\"@type\":\"SearchAction\",\"target\":{\"@type\":\"EntryPoint\",\"urlTemplate\":\"https:\/\/cleitonpinheiro.com.br\/site\/?s={search_term_string}\"},\"query-input\":{\"@type\":\"PropertyValueSpecification\",\"valueRequired\":true,\"valueName\":\"search_term_string\"}}],\"inLanguage\":\"pt-BR\"},{\"@type\":\"Organization\",\"@id\":\"https:\/\/cleitonpinheiro.com.br\/site\/#organization\",\"name\":\"CPNOT\u00cdCIAS\",\"url\":\"https:\/\/cleitonpinheiro.com.br\/site\/\",\"logo\":{\"@type\":\"ImageObject\",\"inLanguage\":\"pt-BR\",\"@id\":\"https:\/\/cleitonpinheiro.com.br\/site\/#\/schema\/logo\/image\/\",\"url\":\"https:\/\/cleitonpinheiro.com.br\/site\/wp-content\/uploads\/2022\/08\/Logo-pequena-2.png\",\"contentUrl\":\"https:\/\/cleitonpinheiro.com.br\/site\/wp-content\/uploads\/2022\/08\/Logo-pequena-2.png\",\"width\":500,\"height\":500,\"caption\":\"CPNOT\u00cdCIAS\"},\"image\":{\"@id\":\"https:\/\/cleitonpinheiro.com.br\/site\/#\/schema\/logo\/image\/\"},\"sameAs\":[\"https:\/\/www.facebook.com\/portalcpnoticias\/\"]},{\"@type\":\"Person\",\"@id\":\"https:\/\/cleitonpinheiro.com.br\/site\/#\/schema\/person\/8f04544e0bc40a1b68775b08360f87db\",\"name\":\"Reda\u00e7\u00e3o CP\",\"image\":{\"@type\":\"ImageObject\",\"inLanguage\":\"pt-BR\",\"@id\":\"https:\/\/cleitonpinheiro.com.br\/site\/#\/schema\/person\/image\/\",\"url\":\"https:\/\/secure.gravatar.com\/avatar\/0bcf19cb29fdc8fc588c490c7ae1b3e174dac268586a63fbe1d1893a0f9020cd?s=96&r=g\",\"contentUrl\":\"https:\/\/secure.gravatar.com\/avatar\/0bcf19cb29fdc8fc588c490c7ae1b3e174dac268586a63fbe1d1893a0f9020cd?s=96&r=g\",\"caption\":\"Reda\u00e7\u00e3o CP\"},\"url\":\"https:\/\/cleitonpinheiro.com.br\/site\/author\/redacao\/\"}]}<\/script>\n<!-- \/ Yoast SEO plugin. -->","yoast_head_json":{"title":"\u00c0 Gazeta, governador Wanderlei fala sobre rela\u00e7\u00e3o com a deputado Janad e as Elei\u00e7\u00f5es 2026 - PORTAL DE NOT\u00cdCIAS CLEITON PINHEIRO","robots":{"index":"index","follow":"follow","max-snippet":"max-snippet:-1","max-image-preview":"max-image-preview:large","max-video-preview":"max-video-preview:-1"},"canonical":"https:\/\/cleitonpinheiro.com.br\/site\/a-gazeta-governador-wanderlei-fala-sobre-relacao-com-a-deputado-janad-e-as-eleicoes-2026\/","og_locale":"pt_BR","og_type":"article","og_title":"\u00c0 Gazeta, governador Wanderlei fala sobre rela\u00e7\u00e3o com a deputado Janad e as Elei\u00e7\u00f5es 2026 - PORTAL DE NOT\u00cdCIAS CLEITON PINHEIRO","og_description":"Em entrevista concedida \u00e0\u00a0Gazeta do Cerrado, nessa quinta-feira, 14, o governador Wanderlei Barbosa falou da sua rela\u00e7\u00e7ao com a Assembleia Legislativa e as Elei\u00e7\u00f5es 2026: \u201cA nossa base ela \u00e9 organizada. Aqueles que querem dar apoio, querem trabalhar com o governo, que s\u00e3o parceiros nos projetos do governo, s\u00e3o da base. E aqueles que critiquem [&hellip;]","og_url":"https:\/\/cleitonpinheiro.com.br\/site\/a-gazeta-governador-wanderlei-fala-sobre-relacao-com-a-deputado-janad-e-as-eleicoes-2026\/","og_site_name":"PORTAL DE NOT\u00cdCIAS CLEITON PINHEIRO","article_publisher":"https:\/\/www.facebook.com\/portalcpnoticias\/","article_published_time":"2025-08-15T12:11:40+00:00","article_modified_time":"2025-08-15T12:11:46+00:00","og_image":[{"width":1200,"height":600,"url":"https:\/\/cleitonpinheiro.com.br\/site\/wp-content\/uploads\/2025\/08\/Janad-Wanderlei-scaled-1.webp","type":"image\/webp"}],"author":"Reda\u00e7\u00e3o CP","twitter_card":"summary_large_image","twitter_misc":{"Escrito por":"Reda\u00e7\u00e3o CP","Est. tempo de leitura":"4 minutos"},"schema":{"@context":"https:\/\/schema.org","@graph":[{"@type":"Article","@id":"https:\/\/cleitonpinheiro.com.br\/site\/a-gazeta-governador-wanderlei-fala-sobre-relacao-com-a-deputado-janad-e-as-eleicoes-2026\/#article","isPartOf":{"@id":"https:\/\/cleitonpinheiro.com.br\/site\/a-gazeta-governador-wanderlei-fala-sobre-relacao-com-a-deputado-janad-e-as-eleicoes-2026\/"},"author":{"name":"Reda\u00e7\u00e3o CP","@id":"https:\/\/cleitonpinheiro.com.br\/site\/#\/schema\/person\/8f04544e0bc40a1b68775b08360f87db"},"headline":"\u00c0 Gazeta, governador Wanderlei fala sobre rela\u00e7\u00e3o com a deputado Janad e as Elei\u00e7\u00f5es 2026","datePublished":"2025-08-15T12:11:40+00:00","dateModified":"2025-08-15T12:11:46+00:00","mainEntityOfPage":{"@id":"https:\/\/cleitonpinheiro.com.br\/site\/a-gazeta-governador-wanderlei-fala-sobre-relacao-com-a-deputado-janad-e-as-eleicoes-2026\/"},"wordCount":520,"commentCount":0,"publisher":{"@id":"https:\/\/cleitonpinheiro.com.br\/site\/#organization"},"image":{"@id":"https:\/\/cleitonpinheiro.com.br\/site\/a-gazeta-governador-wanderlei-fala-sobre-relacao-com-a-deputado-janad-e-as-eleicoes-2026\/#primaryimage"},"thumbnailUrl":"https:\/\/cleitonpinheiro.com.br\/site\/wp-content\/uploads\/2025\/08\/Janad-Wanderlei-scaled-1.webp","articleSection":["MANCHETE SEGUND\u00c1RIA","POL\u00cdTICA","TODAS NOTICIAS"],"inLanguage":"pt-BR","potentialAction":[{"@type":"CommentAction","name":"Comment","target":["https:\/\/cleitonpinheiro.com.br\/site\/a-gazeta-governador-wanderlei-fala-sobre-relacao-com-a-deputado-janad-e-as-eleicoes-2026\/#respond"]}]},{"@type":"WebPage","@id":"https:\/\/cleitonpinheiro.com.br\/site\/a-gazeta-governador-wanderlei-fala-sobre-relacao-com-a-deputado-janad-e-as-eleicoes-2026\/","url":"https:\/\/cleitonpinheiro.com.br\/site\/a-gazeta-governador-wanderlei-fala-sobre-relacao-com-a-deputado-janad-e-as-eleicoes-2026\/","name":"\u00c0 Gazeta, governador Wanderlei fala sobre rela\u00e7\u00e3o com a deputado Janad e as Elei\u00e7\u00f5es 2026 - PORTAL DE NOT\u00cdCIAS CLEITON PINHEIRO","isPartOf":{"@id":"https:\/\/cleitonpinheiro.com.br\/site\/#website"},"primaryImageOfPage":{"@id":"https:\/\/cleitonpinheiro.com.br\/site\/a-gazeta-governador-wanderlei-fala-sobre-relacao-com-a-deputado-janad-e-as-eleicoes-2026\/#primaryimage"},"image":{"@id":"https:\/\/cleitonpinheiro.com.br\/site\/a-gazeta-governador-wanderlei-fala-sobre-relacao-com-a-deputado-janad-e-as-eleicoes-2026\/#primaryimage"},"thumbnailUrl":"https:\/\/cleitonpinheiro.com.br\/site\/wp-content\/uploads\/2025\/08\/Janad-Wanderlei-scaled-1.webp","datePublished":"2025-08-15T12:11:40+00:00","dateModified":"2025-08-15T12:11:46+00:00","breadcrumb":{"@id":"https:\/\/cleitonpinheiro.com.br\/site\/a-gazeta-governador-wanderlei-fala-sobre-relacao-com-a-deputado-janad-e-as-eleicoes-2026\/#breadcrumb"},"inLanguage":"pt-BR","potentialAction":[{"@type":"ReadAction","target":["https:\/\/cleitonpinheiro.com.br\/site\/a-gazeta-governador-wanderlei-fala-sobre-relacao-com-a-deputado-janad-e-as-eleicoes-2026\/"]}]},{"@type":"ImageObject","inLanguage":"pt-BR","@id":"https:\/\/cleitonpinheiro.com.br\/site\/a-gazeta-governador-wanderlei-fala-sobre-relacao-com-a-deputado-janad-e-as-eleicoes-2026\/#primaryimage","url":"https:\/\/cleitonpinheiro.com.br\/site\/wp-content\/uploads\/2025\/08\/Janad-Wanderlei-scaled-1.webp","contentUrl":"https:\/\/cleitonpinheiro.com.br\/site\/wp-content\/uploads\/2025\/08\/Janad-Wanderlei-scaled-1.webp","width":1200,"height":600},{"@type":"BreadcrumbList","@id":"https:\/\/cleitonpinheiro.com.br\/site\/a-gazeta-governador-wanderlei-fala-sobre-relacao-com-a-deputado-janad-e-as-eleicoes-2026\/#breadcrumb","itemListElement":[{"@type":"ListItem","position":1,"name":"In\u00edcio","item":"https:\/\/cleitonpinheiro.com.br\/site\/"},{"@type":"ListItem","position":2,"name":"\u00c0 Gazeta, governador Wanderlei fala sobre rela\u00e7\u00e3o com a deputado Janad e as Elei\u00e7\u00f5es 2026"}]},{"@type":"WebSite","@id":"https:\/\/cleitonpinheiro.com.br\/site\/#website","url":"https:\/\/cleitonpinheiro.com.br\/site\/","name":"PORTAL DE NOT\u00cdCIAS CLEITON PINHEIRO","description":"FALANDO A VERDADE","publisher":{"@id":"https:\/\/cleitonpinheiro.com.br\/site\/#organization"},"potentialAction":[{"@type":"SearchAction","target":{"@type":"EntryPoint","urlTemplate":"https:\/\/cleitonpinheiro.com.br\/site\/?s={search_term_string}"},"query-input":{"@type":"PropertyValueSpecification","valueRequired":true,"valueName":"search_term_string"}}],"inLanguage":"pt-BR"},{"@type":"Organization","@id":"https:\/\/cleitonpinheiro.com.br\/site\/#organization","name":"CPNOT\u00cdCIAS","url":"https:\/\/cleitonpinheiro.com.br\/site\/","logo":{"@type":"ImageObject","inLanguage":"pt-BR","@id":"https:\/\/cleitonpinheiro.com.br\/site\/#\/schema\/logo\/image\/","url":"https:\/\/cleitonpinheiro.com.br\/site\/wp-content\/uploads\/2022\/08\/Logo-pequena-2.png","contentUrl":"https:\/\/cleitonpinheiro.com.br\/site\/wp-content\/uploads\/2022\/08\/Logo-pequena-2.png","width":500,"height":500,"caption":"CPNOT\u00cdCIAS"},"image":{"@id":"https:\/\/cleitonpinheiro.com.br\/site\/#\/schema\/logo\/image\/"},"sameAs":["https:\/\/www.facebook.com\/portalcpnoticias\/"]},{"@type":"Person","@id":"https:\/\/cleitonpinheiro.com.br\/site\/#\/schema\/person\/8f04544e0bc40a1b68775b08360f87db","name":"Reda\u00e7\u00e3o CP","image":{"@type":"ImageObject","inLanguage":"pt-BR","@id":"https:\/\/cleitonpinheiro.com.br\/site\/#\/schema\/person\/image\/","url":"https:\/\/secure.gravatar.com\/avatar\/0bcf19cb29fdc8fc588c490c7ae1b3e174dac268586a63fbe1d1893a0f9020cd?s=96&r=g","contentUrl":"https:\/\/secure.gravatar.com\/avatar\/0bcf19cb29fdc8fc588c490c7ae1b3e174dac268586a63fbe1d1893a0f9020cd?s=96&r=g","caption":"Reda\u00e7\u00e3o CP"},"url":"https:\/\/cleitonpinheiro.com.br\/site\/author\/redacao\/"}]}},"views":188,"_links":{"self":[{"href":"https:\/\/cleitonpinheiro.com.br\/site\/wp-json\/wp\/v2\/posts\/86586","targetHints":{"allow":["GET"]}}],"collection":[{"href":"https:\/\/cleitonpinheiro.com.br\/site\/wp-json\/wp\/v2\/posts"}],"about":[{"href":"https:\/\/cleitonpinheiro.com.br\/site\/wp-json\/wp\/v2\/types\/post"}],"author":[{"embeddable":true,"href":"https:\/\/cleitonpinheiro.com.br\/site\/wp-json\/wp\/v2\/users\/13"}],"replies":[{"embeddable":true,"href":"https:\/\/cleitonpinheiro.com.br\/site\/wp-json\/wp\/v2\/comments?post=86586"}],"version-history":[{"count":1,"href":"https:\/\/cleitonpinheiro.com.br\/site\/wp-json\/wp\/v2\/posts\/86586\/revisions"}],"predecessor-version":[{"id":86588,"href":"https:\/\/cleitonpinheiro.com.br\/site\/wp-json\/wp\/v2\/posts\/86586\/revisions\/86588"}],"wp:featuredmedia":[{"embeddable":true,"href":"https:\/\/cleitonpinheiro.com.br\/site\/wp-json\/wp\/v2\/media\/86587"}],"wp:attachment":[{"href":"https:\/\/cleitonpinheiro.com.br\/site\/wp-json\/wp\/v2\/media?parent=86586"}],"wp:term":[{"taxonomy":"category","embeddable":true,"href":"https:\/\/cleitonpinheiro.com.br\/site\/wp-json\/wp\/v2\/categories?post=86586"},{"taxonomy":"post_tag","embeddable":true,"href":"https:\/\/cleitonpinheiro.com.br\/site\/wp-json\/wp\/v2\/tags?post=86586"}],"curies":[{"name":"wp","href":"https:\/\/api.w.org\/{rel}","templated":true}]}}