{"id":86593,"date":"2025-08-15T09:42:43","date_gmt":"2025-08-15T12:42:43","guid":{"rendered":"https:\/\/cleitonpinheiro.com.br\/site\/?p=86593"},"modified":"2025-08-15T09:42:48","modified_gmt":"2025-08-15T12:42:48","slug":"confira-o-funcionamento-dos-servicos-essenciais-da-prefeitura-de-palmas-no-dia-do-senhor-do-bonfim","status":"publish","type":"post","link":"https:\/\/cleitonpinheiro.com.br\/site\/confira-o-funcionamento-dos-servicos-essenciais-da-prefeitura-de-palmas-no-dia-do-senhor-do-bonfim\/","title":{"rendered":"Confira o funcionamento dos servi\u00e7os essenciais da Prefeitura de Palmas no Dia do Senhor do Bonfim"},"content":{"rendered":"\n<figure class=\"wp-block-image size-large\"><img decoding=\"async\" src=\"https:\/\/cleitonpinheiro.com.br\/site\/wp-content\/uploads\/2024\/12\/29164e0489b04d5db3b107933d326a51-2048x1367-1-1024x684.jpg\" alt=\"prefeitura de palmas sede jk\" class=\"wp-image-83804\"\/><\/figure>\n\n\n\n<p>Devido ao feriado estadual em comemora\u00e7\u00e3o ao Dia do Senhor do Bonfim, celebrado sexta-feira, 15, a Prefeitura de Palmas informa que haver\u00e1 altera\u00e7\u00f5es no funcionamento de seus servi\u00e7os. Algumas reparti\u00e7\u00f5es p\u00fablicas municipais estar\u00e3o fechadas, mas os atendimentos considerados essenciais seguir\u00e3o normalmente. Expediente ser\u00e1 retomado normalmente segunda-feira, 18 de agosto, das 13 \u00e0s 19 horas.<\/p>\n\n\n\n<p><strong>Educa\u00e7\u00e3o<\/strong><\/p>\n\n\n\n<p>N\u00e3o haver\u00e1 aula na rede municipal do munic\u00edpio, seguindo o feriado j\u00e1 previsto no calend\u00e1rio escolar.<\/p>\n\n\n\n<p><strong>Sa\u00fade<\/strong><\/p>\n\n\n\n<p>Durante o feriado funcionar\u00e3o as Unidades de Pronto Atendimento (UPAs) Norte e Sul, o Servi\u00e7o de Atendimento M\u00f3vel de Urg\u00eancia (Samu), acess\u00edvel pelo telefone 192, e o Centro de Aten\u00e7\u00e3o Psicossocial \u00c1lcool e Drogas (Caps AD III), que atender\u00e1 apenas pacientes j\u00e1 acolhidos.<\/p>\n\n\n\n<p>No distrito de Taquaru\u00e7u, a USF Walter Pereira Morato tamb\u00e9m funcionar\u00e1 apenas para casos de urg\u00eancia em regime de plant\u00e3o. Desta forma, a unidade atender\u00e1 24 horas.<\/p>\n\n\n\n<p><strong>Tr\u00e2nsito, Seguran\u00e7a e Infraestrutura<\/strong><\/p>\n\n\n\n<p>Tamb\u00e9m continuam operando os servi\u00e7os de transporte coletivo urbano com tarifa zero no feriado, s\u00e1bado e domingo, fiscaliza\u00e7\u00e3o de tr\u00e2nsito, videomonitoramento das vias p\u00fablicas, limpeza urbana, manuten\u00e7\u00e3o da infraestrutura, ilumina\u00e7\u00e3o p\u00fablica, Guarda Metropolitana, conselhos tutelares e plant\u00e3o social.<\/p>\n\n\n\n<p>A Defesa Civil estar\u00e1 de prontid\u00e3o para situa\u00e7\u00f5es de emerg\u00eancia e poder\u00e1 ser acionada pelo n\u00famero (63) 99242-3285.<\/p>\n\n\n\n<p>Texto: Daniel Reis \u2013 estagi\u00e1rio sob a supervis\u00e3o da Diretoria de Jornalismo da Secom<\/p>\n","protected":false},"excerpt":{"rendered":"<p>Devido ao feriado estadual em comemora\u00e7\u00e3o ao Dia do Senhor do Bonfim, celebrado sexta-feira, 15, a Prefeitura de Palmas informa que haver\u00e1 altera\u00e7\u00f5es no funcionamento de seus servi\u00e7os. Algumas reparti\u00e7\u00f5es p\u00fablicas municipais estar\u00e3o fechadas, mas os atendimentos considerados essenciais seguir\u00e3o normalmente. Expediente ser\u00e1 retomado normalmente segunda-feira, 18 de agosto, das 13 \u00e0s 19 horas. Educa\u00e7\u00e3o [&hellip;]<\/p>\n","protected":false},"author":13,"featured_media":0,"comment_status":"open","ping_status":"open","sticky":false,"template":"","format":"standard","meta":{"_acf_changed":false,"footnotes":""},"categories":[22,898,21],"tags":[],"class_list":["post-86593","post","type-post","status-publish","format-standard","hentry","category-cidades","category-manchete-segundaria","category-todas-noticias"],"acf":[],"yoast_head":"<!-- This site is optimized with the Yoast SEO plugin v24.4 - https:\/\/yoast.com\/wordpress\/plugins\/seo\/ -->\n<title>Confira o funcionamento dos servi\u00e7os essenciais da Prefeitura de Palmas no Dia do Senhor do Bonfim - PORTAL DE NOT\u00cdCIAS CLEITON PINHEIRO<\/title>\n<meta name=\"robots\" content=\"index, follow, max-snippet:-1, max-image-preview:large, max-video-preview:-1\" \/>\n<link rel=\"canonical\" href=\"https:\/\/cleitonpinheiro.com.br\/site\/confira-o-funcionamento-dos-servicos-essenciais-da-prefeitura-de-palmas-no-dia-do-senhor-do-bonfim\/\" \/>\n<meta property=\"og:locale\" content=\"pt_BR\" \/>\n<meta property=\"og:type\" content=\"article\" \/>\n<meta property=\"og:title\" content=\"Confira o funcionamento dos servi\u00e7os essenciais da Prefeitura de Palmas no Dia do Senhor do Bonfim - PORTAL DE NOT\u00cdCIAS CLEITON PINHEIRO\" \/>\n<meta property=\"og:description\" content=\"Devido ao feriado estadual em comemora\u00e7\u00e3o ao Dia do Senhor do Bonfim, celebrado sexta-feira, 15, a Prefeitura de Palmas informa que haver\u00e1 altera\u00e7\u00f5es no funcionamento de seus servi\u00e7os. Algumas reparti\u00e7\u00f5es p\u00fablicas municipais estar\u00e3o fechadas, mas os atendimentos considerados essenciais seguir\u00e3o normalmente. Expediente ser\u00e1 retomado normalmente segunda-feira, 18 de agosto, das 13 \u00e0s 19 horas. Educa\u00e7\u00e3o [&hellip;]\" \/>\n<meta property=\"og:url\" content=\"https:\/\/cleitonpinheiro.com.br\/site\/confira-o-funcionamento-dos-servicos-essenciais-da-prefeitura-de-palmas-no-dia-do-senhor-do-bonfim\/\" \/>\n<meta property=\"og:site_name\" content=\"PORTAL DE NOT\u00cdCIAS CLEITON PINHEIRO\" \/>\n<meta property=\"article:publisher\" content=\"https:\/\/www.facebook.com\/portalcpnoticias\/\" \/>\n<meta property=\"article:published_time\" content=\"2025-08-15T12:42:43+00:00\" \/>\n<meta property=\"article:modified_time\" content=\"2025-08-15T12:42:48+00:00\" \/>\n<meta property=\"og:image\" content=\"https:\/\/cleitonpinheiro.com.br\/site\/wp-content\/uploads\/2024\/12\/29164e0489b04d5db3b107933d326a51-2048x1367-1.jpg\" \/>\n\t<meta property=\"og:image:width\" content=\"2048\" \/>\n\t<meta property=\"og:image:height\" content=\"1367\" \/>\n\t<meta property=\"og:image:type\" content=\"image\/jpeg\" \/>\n<meta name=\"author\" content=\"Reda\u00e7\u00e3o CP\" \/>\n<meta name=\"twitter:card\" content=\"summary_large_image\" \/>\n<meta name=\"twitter:label1\" content=\"Escrito por\" \/>\n\t<meta name=\"twitter:data1\" content=\"Reda\u00e7\u00e3o CP\" \/>\n\t<meta name=\"twitter:label2\" content=\"Est. tempo de leitura\" \/>\n\t<meta name=\"twitter:data2\" content=\"2 minutos\" \/>\n<script type=\"application\/ld+json\" class=\"yoast-schema-graph\">{\"@context\":\"https:\/\/schema.org\",\"@graph\":[{\"@type\":\"Article\",\"@id\":\"https:\/\/cleitonpinheiro.com.br\/site\/confira-o-funcionamento-dos-servicos-essenciais-da-prefeitura-de-palmas-no-dia-do-senhor-do-bonfim\/#article\",\"isPartOf\":{\"@id\":\"https:\/\/cleitonpinheiro.com.br\/site\/confira-o-funcionamento-dos-servicos-essenciais-da-prefeitura-de-palmas-no-dia-do-senhor-do-bonfim\/\"},\"author\":{\"name\":\"Reda\u00e7\u00e3o CP\",\"@id\":\"https:\/\/cleitonpinheiro.com.br\/site\/#\/schema\/person\/8f04544e0bc40a1b68775b08360f87db\"},\"headline\":\"Confira o funcionamento dos servi\u00e7os essenciais da Prefeitura de Palmas no Dia do Senhor do Bonfim\",\"datePublished\":\"2025-08-15T12:42:43+00:00\",\"dateModified\":\"2025-08-15T12:42:48+00:00\",\"mainEntityOfPage\":{\"@id\":\"https:\/\/cleitonpinheiro.com.br\/site\/confira-o-funcionamento-dos-servicos-essenciais-da-prefeitura-de-palmas-no-dia-do-senhor-do-bonfim\/\"},\"wordCount\":265,\"commentCount\":0,\"publisher\":{\"@id\":\"https:\/\/cleitonpinheiro.com.br\/site\/#organization\"},\"image\":{\"@id\":\"https:\/\/cleitonpinheiro.com.br\/site\/confira-o-funcionamento-dos-servicos-essenciais-da-prefeitura-de-palmas-no-dia-do-senhor-do-bonfim\/#primaryimage\"},\"thumbnailUrl\":\"https:\/\/cleitonpinheiro.com.br\/site\/wp-content\/uploads\/2024\/12\/29164e0489b04d5db3b107933d326a51-2048x1367-1-1024x684.jpg\",\"articleSection\":[\"CIDADES\",\"MANCHETE SEGUND\u00c1RIA\",\"TODAS NOTICIAS\"],\"inLanguage\":\"pt-BR\",\"potentialAction\":[{\"@type\":\"CommentAction\",\"name\":\"Comment\",\"target\":[\"https:\/\/cleitonpinheiro.com.br\/site\/confira-o-funcionamento-dos-servicos-essenciais-da-prefeitura-de-palmas-no-dia-do-senhor-do-bonfim\/#respond\"]}]},{\"@type\":\"WebPage\",\"@id\":\"https:\/\/cleitonpinheiro.com.br\/site\/confira-o-funcionamento-dos-servicos-essenciais-da-prefeitura-de-palmas-no-dia-do-senhor-do-bonfim\/\",\"url\":\"https:\/\/cleitonpinheiro.com.br\/site\/confira-o-funcionamento-dos-servicos-essenciais-da-prefeitura-de-palmas-no-dia-do-senhor-do-bonfim\/\",\"name\":\"Confira o funcionamento dos servi\u00e7os essenciais da Prefeitura de Palmas no Dia do Senhor do Bonfim - PORTAL DE NOT\u00cdCIAS CLEITON PINHEIRO\",\"isPartOf\":{\"@id\":\"https:\/\/cleitonpinheiro.com.br\/site\/#website\"},\"primaryImageOfPage\":{\"@id\":\"https:\/\/cleitonpinheiro.com.br\/site\/confira-o-funcionamento-dos-servicos-essenciais-da-prefeitura-de-palmas-no-dia-do-senhor-do-bonfim\/#primaryimage\"},\"image\":{\"@id\":\"https:\/\/cleitonpinheiro.com.br\/site\/confira-o-funcionamento-dos-servicos-essenciais-da-prefeitura-de-palmas-no-dia-do-senhor-do-bonfim\/#primaryimage\"},\"thumbnailUrl\":\"https:\/\/cleitonpinheiro.com.br\/site\/wp-content\/uploads\/2024\/12\/29164e0489b04d5db3b107933d326a51-2048x1367-1-1024x684.jpg\",\"datePublished\":\"2025-08-15T12:42:43+00:00\",\"dateModified\":\"2025-08-15T12:42:48+00:00\",\"breadcrumb\":{\"@id\":\"https:\/\/cleitonpinheiro.com.br\/site\/confira-o-funcionamento-dos-servicos-essenciais-da-prefeitura-de-palmas-no-dia-do-senhor-do-bonfim\/#breadcrumb\"},\"inLanguage\":\"pt-BR\",\"potentialAction\":[{\"@type\":\"ReadAction\",\"target\":[\"https:\/\/cleitonpinheiro.com.br\/site\/confira-o-funcionamento-dos-servicos-essenciais-da-prefeitura-de-palmas-no-dia-do-senhor-do-bonfim\/\"]}]},{\"@type\":\"ImageObject\",\"inLanguage\":\"pt-BR\",\"@id\":\"https:\/\/cleitonpinheiro.com.br\/site\/confira-o-funcionamento-dos-servicos-essenciais-da-prefeitura-de-palmas-no-dia-do-senhor-do-bonfim\/#primaryimage\",\"url\":\"\",\"contentUrl\":\"\"},{\"@type\":\"BreadcrumbList\",\"@id\":\"https:\/\/cleitonpinheiro.com.br\/site\/confira-o-funcionamento-dos-servicos-essenciais-da-prefeitura-de-palmas-no-dia-do-senhor-do-bonfim\/#breadcrumb\",\"itemListElement\":[{\"@type\":\"ListItem\",\"position\":1,\"name\":\"In\u00edcio\",\"item\":\"https:\/\/cleitonpinheiro.com.br\/site\/\"},{\"@type\":\"ListItem\",\"position\":2,\"name\":\"Confira o funcionamento dos servi\u00e7os essenciais da Prefeitura de Palmas no Dia do Senhor do Bonfim\"}]},{\"@type\":\"WebSite\",\"@id\":\"https:\/\/cleitonpinheiro.com.br\/site\/#website\",\"url\":\"https:\/\/cleitonpinheiro.com.br\/site\/\",\"name\":\"PORTAL DE NOT\u00cdCIAS CLEITON PINHEIRO\",\"description\":\"FALANDO A VERDADE\",\"publisher\":{\"@id\":\"https:\/\/cleitonpinheiro.com.br\/site\/#organization\"},\"potentialAction\":[{\"@type\":\"SearchAction\",\"target\":{\"@type\":\"EntryPoint\",\"urlTemplate\":\"https:\/\/cleitonpinheiro.com.br\/site\/?s={search_term_string}\"},\"query-input\":{\"@type\":\"PropertyValueSpecification\",\"valueRequired\":true,\"valueName\":\"search_term_string\"}}],\"inLanguage\":\"pt-BR\"},{\"@type\":\"Organization\",\"@id\":\"https:\/\/cleitonpinheiro.com.br\/site\/#organization\",\"name\":\"CPNOT\u00cdCIAS\",\"url\":\"https:\/\/cleitonpinheiro.com.br\/site\/\",\"logo\":{\"@type\":\"ImageObject\",\"inLanguage\":\"pt-BR\",\"@id\":\"https:\/\/cleitonpinheiro.com.br\/site\/#\/schema\/logo\/image\/\",\"url\":\"https:\/\/cleitonpinheiro.com.br\/site\/wp-content\/uploads\/2022\/08\/Logo-pequena-2.png\",\"contentUrl\":\"https:\/\/cleitonpinheiro.com.br\/site\/wp-content\/uploads\/2022\/08\/Logo-pequena-2.png\",\"width\":500,\"height\":500,\"caption\":\"CPNOT\u00cdCIAS\"},\"image\":{\"@id\":\"https:\/\/cleitonpinheiro.com.br\/site\/#\/schema\/logo\/image\/\"},\"sameAs\":[\"https:\/\/www.facebook.com\/portalcpnoticias\/\"]},{\"@type\":\"Person\",\"@id\":\"https:\/\/cleitonpinheiro.com.br\/site\/#\/schema\/person\/8f04544e0bc40a1b68775b08360f87db\",\"name\":\"Reda\u00e7\u00e3o CP\",\"image\":{\"@type\":\"ImageObject\",\"inLanguage\":\"pt-BR\",\"@id\":\"https:\/\/cleitonpinheiro.com.br\/site\/#\/schema\/person\/image\/\",\"url\":\"https:\/\/secure.gravatar.com\/avatar\/0bcf19cb29fdc8fc588c490c7ae1b3e174dac268586a63fbe1d1893a0f9020cd?s=96&r=g\",\"contentUrl\":\"https:\/\/secure.gravatar.com\/avatar\/0bcf19cb29fdc8fc588c490c7ae1b3e174dac268586a63fbe1d1893a0f9020cd?s=96&r=g\",\"caption\":\"Reda\u00e7\u00e3o CP\"},\"url\":\"https:\/\/cleitonpinheiro.com.br\/site\/author\/redacao\/\"}]}<\/script>\n<!-- \/ Yoast SEO plugin. -->","yoast_head_json":{"title":"Confira o funcionamento dos servi\u00e7os essenciais da Prefeitura de Palmas no Dia do Senhor do Bonfim - PORTAL DE NOT\u00cdCIAS CLEITON PINHEIRO","robots":{"index":"index","follow":"follow","max-snippet":"max-snippet:-1","max-image-preview":"max-image-preview:large","max-video-preview":"max-video-preview:-1"},"canonical":"https:\/\/cleitonpinheiro.com.br\/site\/confira-o-funcionamento-dos-servicos-essenciais-da-prefeitura-de-palmas-no-dia-do-senhor-do-bonfim\/","og_locale":"pt_BR","og_type":"article","og_title":"Confira o funcionamento dos servi\u00e7os essenciais da Prefeitura de Palmas no Dia do Senhor do Bonfim - PORTAL DE NOT\u00cdCIAS CLEITON PINHEIRO","og_description":"Devido ao feriado estadual em comemora\u00e7\u00e3o ao Dia do Senhor do Bonfim, celebrado sexta-feira, 15, a Prefeitura de Palmas informa que haver\u00e1 altera\u00e7\u00f5es no funcionamento de seus servi\u00e7os. Algumas reparti\u00e7\u00f5es p\u00fablicas municipais estar\u00e3o fechadas, mas os atendimentos considerados essenciais seguir\u00e3o normalmente. Expediente ser\u00e1 retomado normalmente segunda-feira, 18 de agosto, das 13 \u00e0s 19 horas. Educa\u00e7\u00e3o [&hellip;]","og_url":"https:\/\/cleitonpinheiro.com.br\/site\/confira-o-funcionamento-dos-servicos-essenciais-da-prefeitura-de-palmas-no-dia-do-senhor-do-bonfim\/","og_site_name":"PORTAL DE NOT\u00cdCIAS CLEITON PINHEIRO","article_publisher":"https:\/\/www.facebook.com\/portalcpnoticias\/","article_published_time":"2025-08-15T12:42:43+00:00","article_modified_time":"2025-08-15T12:42:48+00:00","og_image":[{"width":2048,"height":1367,"url":"https:\/\/cleitonpinheiro.com.br\/site\/wp-content\/uploads\/2024\/12\/29164e0489b04d5db3b107933d326a51-2048x1367-1.jpg","type":"image\/jpeg"}],"author":"Reda\u00e7\u00e3o CP","twitter_card":"summary_large_image","twitter_misc":{"Escrito por":"Reda\u00e7\u00e3o CP","Est. tempo de leitura":"2 minutos"},"schema":{"@context":"https:\/\/schema.org","@graph":[{"@type":"Article","@id":"https:\/\/cleitonpinheiro.com.br\/site\/confira-o-funcionamento-dos-servicos-essenciais-da-prefeitura-de-palmas-no-dia-do-senhor-do-bonfim\/#article","isPartOf":{"@id":"https:\/\/cleitonpinheiro.com.br\/site\/confira-o-funcionamento-dos-servicos-essenciais-da-prefeitura-de-palmas-no-dia-do-senhor-do-bonfim\/"},"author":{"name":"Reda\u00e7\u00e3o CP","@id":"https:\/\/cleitonpinheiro.com.br\/site\/#\/schema\/person\/8f04544e0bc40a1b68775b08360f87db"},"headline":"Confira o funcionamento dos servi\u00e7os essenciais da Prefeitura de Palmas no Dia do Senhor do Bonfim","datePublished":"2025-08-15T12:42:43+00:00","dateModified":"2025-08-15T12:42:48+00:00","mainEntityOfPage":{"@id":"https:\/\/cleitonpinheiro.com.br\/site\/confira-o-funcionamento-dos-servicos-essenciais-da-prefeitura-de-palmas-no-dia-do-senhor-do-bonfim\/"},"wordCount":265,"commentCount":0,"publisher":{"@id":"https:\/\/cleitonpinheiro.com.br\/site\/#organization"},"image":{"@id":"https:\/\/cleitonpinheiro.com.br\/site\/confira-o-funcionamento-dos-servicos-essenciais-da-prefeitura-de-palmas-no-dia-do-senhor-do-bonfim\/#primaryimage"},"thumbnailUrl":"https:\/\/cleitonpinheiro.com.br\/site\/wp-content\/uploads\/2024\/12\/29164e0489b04d5db3b107933d326a51-2048x1367-1-1024x684.jpg","articleSection":["CIDADES","MANCHETE SEGUND\u00c1RIA","TODAS NOTICIAS"],"inLanguage":"pt-BR","potentialAction":[{"@type":"CommentAction","name":"Comment","target":["https:\/\/cleitonpinheiro.com.br\/site\/confira-o-funcionamento-dos-servicos-essenciais-da-prefeitura-de-palmas-no-dia-do-senhor-do-bonfim\/#respond"]}]},{"@type":"WebPage","@id":"https:\/\/cleitonpinheiro.com.br\/site\/confira-o-funcionamento-dos-servicos-essenciais-da-prefeitura-de-palmas-no-dia-do-senhor-do-bonfim\/","url":"https:\/\/cleitonpinheiro.com.br\/site\/confira-o-funcionamento-dos-servicos-essenciais-da-prefeitura-de-palmas-no-dia-do-senhor-do-bonfim\/","name":"Confira o funcionamento dos servi\u00e7os essenciais da Prefeitura de Palmas no Dia do Senhor do Bonfim - PORTAL DE NOT\u00cdCIAS CLEITON PINHEIRO","isPartOf":{"@id":"https:\/\/cleitonpinheiro.com.br\/site\/#website"},"primaryImageOfPage":{"@id":"https:\/\/cleitonpinheiro.com.br\/site\/confira-o-funcionamento-dos-servicos-essenciais-da-prefeitura-de-palmas-no-dia-do-senhor-do-bonfim\/#primaryimage"},"image":{"@id":"https:\/\/cleitonpinheiro.com.br\/site\/confira-o-funcionamento-dos-servicos-essenciais-da-prefeitura-de-palmas-no-dia-do-senhor-do-bonfim\/#primaryimage"},"thumbnailUrl":"https:\/\/cleitonpinheiro.com.br\/site\/wp-content\/uploads\/2024\/12\/29164e0489b04d5db3b107933d326a51-2048x1367-1-1024x684.jpg","datePublished":"2025-08-15T12:42:43+00:00","dateModified":"2025-08-15T12:42:48+00:00","breadcrumb":{"@id":"https:\/\/cleitonpinheiro.com.br\/site\/confira-o-funcionamento-dos-servicos-essenciais-da-prefeitura-de-palmas-no-dia-do-senhor-do-bonfim\/#breadcrumb"},"inLanguage":"pt-BR","potentialAction":[{"@type":"ReadAction","target":["https:\/\/cleitonpinheiro.com.br\/site\/confira-o-funcionamento-dos-servicos-essenciais-da-prefeitura-de-palmas-no-dia-do-senhor-do-bonfim\/"]}]},{"@type":"ImageObject","inLanguage":"pt-BR","@id":"https:\/\/cleitonpinheiro.com.br\/site\/confira-o-funcionamento-dos-servicos-essenciais-da-prefeitura-de-palmas-no-dia-do-senhor-do-bonfim\/#primaryimage","url":"","contentUrl":""},{"@type":"BreadcrumbList","@id":"https:\/\/cleitonpinheiro.com.br\/site\/confira-o-funcionamento-dos-servicos-essenciais-da-prefeitura-de-palmas-no-dia-do-senhor-do-bonfim\/#breadcrumb","itemListElement":[{"@type":"ListItem","position":1,"name":"In\u00edcio","item":"https:\/\/cleitonpinheiro.com.br\/site\/"},{"@type":"ListItem","position":2,"name":"Confira o funcionamento dos servi\u00e7os essenciais da Prefeitura de Palmas no Dia do Senhor do Bonfim"}]},{"@type":"WebSite","@id":"https:\/\/cleitonpinheiro.com.br\/site\/#website","url":"https:\/\/cleitonpinheiro.com.br\/site\/","name":"PORTAL DE NOT\u00cdCIAS CLEITON PINHEIRO","description":"FALANDO A VERDADE","publisher":{"@id":"https:\/\/cleitonpinheiro.com.br\/site\/#organization"},"potentialAction":[{"@type":"SearchAction","target":{"@type":"EntryPoint","urlTemplate":"https:\/\/cleitonpinheiro.com.br\/site\/?s={search_term_string}"},"query-input":{"@type":"PropertyValueSpecification","valueRequired":true,"valueName":"search_term_string"}}],"inLanguage":"pt-BR"},{"@type":"Organization","@id":"https:\/\/cleitonpinheiro.com.br\/site\/#organization","name":"CPNOT\u00cdCIAS","url":"https:\/\/cleitonpinheiro.com.br\/site\/","logo":{"@type":"ImageObject","inLanguage":"pt-BR","@id":"https:\/\/cleitonpinheiro.com.br\/site\/#\/schema\/logo\/image\/","url":"https:\/\/cleitonpinheiro.com.br\/site\/wp-content\/uploads\/2022\/08\/Logo-pequena-2.png","contentUrl":"https:\/\/cleitonpinheiro.com.br\/site\/wp-content\/uploads\/2022\/08\/Logo-pequena-2.png","width":500,"height":500,"caption":"CPNOT\u00cdCIAS"},"image":{"@id":"https:\/\/cleitonpinheiro.com.br\/site\/#\/schema\/logo\/image\/"},"sameAs":["https:\/\/www.facebook.com\/portalcpnoticias\/"]},{"@type":"Person","@id":"https:\/\/cleitonpinheiro.com.br\/site\/#\/schema\/person\/8f04544e0bc40a1b68775b08360f87db","name":"Reda\u00e7\u00e3o CP","image":{"@type":"ImageObject","inLanguage":"pt-BR","@id":"https:\/\/cleitonpinheiro.com.br\/site\/#\/schema\/person\/image\/","url":"https:\/\/secure.gravatar.com\/avatar\/0bcf19cb29fdc8fc588c490c7ae1b3e174dac268586a63fbe1d1893a0f9020cd?s=96&r=g","contentUrl":"https:\/\/secure.gravatar.com\/avatar\/0bcf19cb29fdc8fc588c490c7ae1b3e174dac268586a63fbe1d1893a0f9020cd?s=96&r=g","caption":"Reda\u00e7\u00e3o CP"},"url":"https:\/\/cleitonpinheiro.com.br\/site\/author\/redacao\/"}]}},"views":144,"_links":{"self":[{"href":"https:\/\/cleitonpinheiro.com.br\/site\/wp-json\/wp\/v2\/posts\/86593","targetHints":{"allow":["GET"]}}],"collection":[{"href":"https:\/\/cleitonpinheiro.com.br\/site\/wp-json\/wp\/v2\/posts"}],"about":[{"href":"https:\/\/cleitonpinheiro.com.br\/site\/wp-json\/wp\/v2\/types\/post"}],"author":[{"embeddable":true,"href":"https:\/\/cleitonpinheiro.com.br\/site\/wp-json\/wp\/v2\/users\/13"}],"replies":[{"embeddable":true,"href":"https:\/\/cleitonpinheiro.com.br\/site\/wp-json\/wp\/v2\/comments?post=86593"}],"version-history":[{"count":1,"href":"https:\/\/cleitonpinheiro.com.br\/site\/wp-json\/wp\/v2\/posts\/86593\/revisions"}],"predecessor-version":[{"id":86594,"href":"https:\/\/cleitonpinheiro.com.br\/site\/wp-json\/wp\/v2\/posts\/86593\/revisions\/86594"}],"wp:attachment":[{"href":"https:\/\/cleitonpinheiro.com.br\/site\/wp-json\/wp\/v2\/media?parent=86593"}],"wp:term":[{"taxonomy":"category","embeddable":true,"href":"https:\/\/cleitonpinheiro.com.br\/site\/wp-json\/wp\/v2\/categories?post=86593"},{"taxonomy":"post_tag","embeddable":true,"href":"https:\/\/cleitonpinheiro.com.br\/site\/wp-json\/wp\/v2\/tags?post=86593"}],"curies":[{"name":"wp","href":"https:\/\/api.w.org\/{rel}","templated":true}]}}