{"id":86595,"date":"2025-08-15T09:49:48","date_gmt":"2025-08-15T12:49:48","guid":{"rendered":"https:\/\/cleitonpinheiro.com.br\/site\/?p=86595"},"modified":"2025-08-15T09:49:53","modified_gmt":"2025-08-15T12:49:53","slug":"deputada-janad-rebate-governador-wanderlei-e-diz-estar-pronta-para-ir-a-oposicao","status":"publish","type":"post","link":"https:\/\/cleitonpinheiro.com.br\/site\/deputada-janad-rebate-governador-wanderlei-e-diz-estar-pronta-para-ir-a-oposicao\/","title":{"rendered":"Deputada Janad rebate governador Wanderlei e diz estar pronta para ir \u00e0 oposi\u00e7\u00e3o"},"content":{"rendered":"\n<figure class=\"wp-block-image size-large\"><img fetchpriority=\"high\" decoding=\"async\" width=\"1024\" height=\"512\" src=\"https:\/\/cleitonpinheiro.com.br\/site\/wp-content\/uploads\/2025\/08\/Janad-Wanderlei-scaled-1-1024x512.webp\" alt=\"\" class=\"wp-image-86587\" srcset=\"https:\/\/cleitonpinheiro.com.br\/site\/wp-content\/uploads\/2025\/08\/Janad-Wanderlei-scaled-1-1024x512.webp 1024w, https:\/\/cleitonpinheiro.com.br\/site\/wp-content\/uploads\/2025\/08\/Janad-Wanderlei-scaled-1-300x150.webp 300w, https:\/\/cleitonpinheiro.com.br\/site\/wp-content\/uploads\/2025\/08\/Janad-Wanderlei-scaled-1-768x384.webp 768w, https:\/\/cleitonpinheiro.com.br\/site\/wp-content\/uploads\/2025\/08\/Janad-Wanderlei-scaled-1.webp 1200w\" sizes=\"(max-width: 1024px) 100vw, 1024px\" \/><\/figure>\n\n\n\n<p>A deputada estadual Janad Valcari afirmou, em nota enviada ao Portal Cleber Toledo, que est\u00e1 preparada para integrar a oposi\u00e7\u00e3o ao governador Wanderlei Barbosa. A parlamentar reagiu a declara\u00e7\u00f5es do chefe do Executivo estadual e ressaltou que \u201cn\u00e3o \u00e9 gato nem caco de vidro para ficar em cima do muro\u201d.<\/p>\n\n\n\n<p><strong><a href=\"https:\/\/cleitonpinheiro.com.br\/site\/a-gazeta-governador-wanderlei-fala-sobre-relacao-com-a-deputado-janad-e-as-eleicoes-2026\/\">>>>>> \u00c0 Gazeta, governador Wanderlei fala sobre rela\u00e7\u00e3o com a deputado Janad e as Elei\u00e7\u00f5es 2026<\/a><\/strong><\/p>\n\n\n\n<p>Segundo Janad, o governador n\u00e3o participou de sua campanha no primeiro turno das elei\u00e7\u00f5es. Ela lembrou que, quatro dias ap\u00f3s a conven\u00e7\u00e3o partid\u00e1ria, a Pol\u00edcia Federal cumpriu mandados de busca na casa de Barbosa e de seus filhos, em investiga\u00e7\u00e3o sobre suposto desvio de cestas b\u00e1sicas, o que teria afastado o governador do cen\u00e1rio pol\u00edtico naquele momento.<\/p>\n\n\n\n<p>A deputada tamb\u00e9m rebateu a vers\u00e3o de que Barbosa n\u00e3o teria inten\u00e7\u00e3o de apoi\u00e1-la. \u201cEstive com ele apenas uma vez, em reuni\u00e3o para tratar de assuntos de Palmas, junto com Gaguim, Gomes e meu esposo Ordiley. N\u00e3o me lembro de ter ouvido isso dele. Se tivesse dito, eu teria seguido o meu caminho\u201d, declarou.<\/p>\n\n\n\n<p>Janad citou ainda o apoio recebido em duas ocasi\u00f5es, incluindo a elei\u00e7\u00e3o para a presid\u00eancia da C\u00e2mara Municipal, quando, segundo ela, trabalhou durante 30 dias para garantir a vit\u00f3ria do irm\u00e3o do governador. \u201cSe n\u00e3o fosse o que eu fiz, ele teria perdido. Ele n\u00e3o conseguiu nem o voto de parentes pr\u00f3ximos\u201d, afirmou.<\/p>\n\n\n\n<p>A parlamentar criticou a forma como Barbosa se baseia em \u201cconversas de terceiros\u201d e disse que sempre esteve acess\u00edvel para di\u00e1logo. \u201cSe ele prefere se guiar por cochichos de bastidores, n\u00e3o sou eu quem vai entrar nesse jogo\u201d, disse, acrescentando que n\u00e3o integra o c\u00edrculo de pessoas que \u201cbajulam 24 horas por dia\u201d o governador.<\/p>\n\n\n\n<p>Com posicionamento declarado em favor da pr\u00e9-candidata \u00e0 Prefeitura de Palmas, professora Dorinha, Janad refor\u00e7ou que seu mandato foi conquistado \u201csem usar cabresto\u201d e sem \u201cnegociar nos corredores das secretarias\u201d.<\/p>\n\n\n\n<p>Ao final, ironizou sua participa\u00e7\u00e3o no governo: \u201cSe o governador est\u00e1 me empurrando para a oposi\u00e7\u00e3o, n\u00e3o tem problema nenhum. O que eu tenho hoje dentro do governo n\u00e3o enche uma Kombi\u201d.<\/p>\n\n\n\n<p><\/p>\n","protected":false},"excerpt":{"rendered":"<p>A deputada estadual Janad Valcari afirmou, em nota enviada ao Portal Cleber Toledo, que est\u00e1 preparada para integrar a oposi\u00e7\u00e3o ao governador Wanderlei Barbosa. A parlamentar reagiu a declara\u00e7\u00f5es do chefe do Executivo estadual e ressaltou que \u201cn\u00e3o \u00e9 gato nem caco de vidro para ficar em cima do muro\u201d. >>>>> \u00c0 Gazeta, governador Wanderlei [&hellip;]<\/p>\n","protected":false},"author":13,"featured_media":86587,"comment_status":"open","ping_status":"open","sticky":false,"template":"","format":"standard","meta":{"_acf_changed":false,"footnotes":""},"categories":[898,23,21],"tags":[],"class_list":["post-86595","post","type-post","status-publish","format-standard","has-post-thumbnail","hentry","category-manchete-segundaria","category-politica","category-todas-noticias"],"acf":[],"yoast_head":"<!-- This site is optimized with the Yoast SEO plugin v24.4 - https:\/\/yoast.com\/wordpress\/plugins\/seo\/ -->\n<title>Deputada Janad rebate governador Wanderlei e diz estar pronta para ir \u00e0 oposi\u00e7\u00e3o - PORTAL DE NOT\u00cdCIAS CLEITON PINHEIRO<\/title>\n<meta name=\"robots\" content=\"index, follow, max-snippet:-1, max-image-preview:large, max-video-preview:-1\" \/>\n<link rel=\"canonical\" href=\"https:\/\/cleitonpinheiro.com.br\/site\/deputada-janad-rebate-governador-wanderlei-e-diz-estar-pronta-para-ir-a-oposicao\/\" \/>\n<meta property=\"og:locale\" content=\"pt_BR\" \/>\n<meta property=\"og:type\" content=\"article\" \/>\n<meta property=\"og:title\" content=\"Deputada Janad rebate governador Wanderlei e diz estar pronta para ir \u00e0 oposi\u00e7\u00e3o - PORTAL DE NOT\u00cdCIAS CLEITON PINHEIRO\" \/>\n<meta property=\"og:description\" content=\"A deputada estadual Janad Valcari afirmou, em nota enviada ao Portal Cleber Toledo, que est\u00e1 preparada para integrar a oposi\u00e7\u00e3o ao governador Wanderlei Barbosa. A parlamentar reagiu a declara\u00e7\u00f5es do chefe do Executivo estadual e ressaltou que \u201cn\u00e3o \u00e9 gato nem caco de vidro para ficar em cima do muro\u201d. &gt;&gt;&gt;&gt;&gt; \u00c0 Gazeta, governador Wanderlei [&hellip;]\" \/>\n<meta property=\"og:url\" content=\"https:\/\/cleitonpinheiro.com.br\/site\/deputada-janad-rebate-governador-wanderlei-e-diz-estar-pronta-para-ir-a-oposicao\/\" \/>\n<meta property=\"og:site_name\" content=\"PORTAL DE NOT\u00cdCIAS CLEITON PINHEIRO\" \/>\n<meta property=\"article:publisher\" content=\"https:\/\/www.facebook.com\/portalcpnoticias\/\" \/>\n<meta property=\"article:published_time\" content=\"2025-08-15T12:49:48+00:00\" \/>\n<meta property=\"article:modified_time\" content=\"2025-08-15T12:49:53+00:00\" \/>\n<meta property=\"og:image\" content=\"https:\/\/cleitonpinheiro.com.br\/site\/wp-content\/uploads\/2025\/08\/Janad-Wanderlei-scaled-1.webp\" \/>\n\t<meta property=\"og:image:width\" content=\"1200\" \/>\n\t<meta property=\"og:image:height\" content=\"600\" \/>\n\t<meta property=\"og:image:type\" content=\"image\/webp\" \/>\n<meta name=\"author\" content=\"Reda\u00e7\u00e3o CP\" \/>\n<meta name=\"twitter:card\" content=\"summary_large_image\" \/>\n<meta name=\"twitter:label1\" content=\"Escrito por\" \/>\n\t<meta name=\"twitter:data1\" content=\"Reda\u00e7\u00e3o CP\" \/>\n\t<meta name=\"twitter:label2\" content=\"Est. tempo de leitura\" \/>\n\t<meta name=\"twitter:data2\" content=\"3 minutos\" \/>\n<script type=\"application\/ld+json\" class=\"yoast-schema-graph\">{\"@context\":\"https:\/\/schema.org\",\"@graph\":[{\"@type\":\"Article\",\"@id\":\"https:\/\/cleitonpinheiro.com.br\/site\/deputada-janad-rebate-governador-wanderlei-e-diz-estar-pronta-para-ir-a-oposicao\/#article\",\"isPartOf\":{\"@id\":\"https:\/\/cleitonpinheiro.com.br\/site\/deputada-janad-rebate-governador-wanderlei-e-diz-estar-pronta-para-ir-a-oposicao\/\"},\"author\":{\"name\":\"Reda\u00e7\u00e3o CP\",\"@id\":\"https:\/\/cleitonpinheiro.com.br\/site\/#\/schema\/person\/8f04544e0bc40a1b68775b08360f87db\"},\"headline\":\"Deputada Janad rebate governador Wanderlei e diz estar pronta para ir \u00e0 oposi\u00e7\u00e3o\",\"datePublished\":\"2025-08-15T12:49:48+00:00\",\"dateModified\":\"2025-08-15T12:49:53+00:00\",\"mainEntityOfPage\":{\"@id\":\"https:\/\/cleitonpinheiro.com.br\/site\/deputada-janad-rebate-governador-wanderlei-e-diz-estar-pronta-para-ir-a-oposicao\/\"},\"wordCount\":395,\"commentCount\":0,\"publisher\":{\"@id\":\"https:\/\/cleitonpinheiro.com.br\/site\/#organization\"},\"image\":{\"@id\":\"https:\/\/cleitonpinheiro.com.br\/site\/deputada-janad-rebate-governador-wanderlei-e-diz-estar-pronta-para-ir-a-oposicao\/#primaryimage\"},\"thumbnailUrl\":\"https:\/\/cleitonpinheiro.com.br\/site\/wp-content\/uploads\/2025\/08\/Janad-Wanderlei-scaled-1.webp\",\"articleSection\":[\"MANCHETE SEGUND\u00c1RIA\",\"POL\u00cdTICA\",\"TODAS NOTICIAS\"],\"inLanguage\":\"pt-BR\",\"potentialAction\":[{\"@type\":\"CommentAction\",\"name\":\"Comment\",\"target\":[\"https:\/\/cleitonpinheiro.com.br\/site\/deputada-janad-rebate-governador-wanderlei-e-diz-estar-pronta-para-ir-a-oposicao\/#respond\"]}]},{\"@type\":\"WebPage\",\"@id\":\"https:\/\/cleitonpinheiro.com.br\/site\/deputada-janad-rebate-governador-wanderlei-e-diz-estar-pronta-para-ir-a-oposicao\/\",\"url\":\"https:\/\/cleitonpinheiro.com.br\/site\/deputada-janad-rebate-governador-wanderlei-e-diz-estar-pronta-para-ir-a-oposicao\/\",\"name\":\"Deputada Janad rebate governador Wanderlei e diz estar pronta para ir \u00e0 oposi\u00e7\u00e3o - PORTAL DE NOT\u00cdCIAS CLEITON PINHEIRO\",\"isPartOf\":{\"@id\":\"https:\/\/cleitonpinheiro.com.br\/site\/#website\"},\"primaryImageOfPage\":{\"@id\":\"https:\/\/cleitonpinheiro.com.br\/site\/deputada-janad-rebate-governador-wanderlei-e-diz-estar-pronta-para-ir-a-oposicao\/#primaryimage\"},\"image\":{\"@id\":\"https:\/\/cleitonpinheiro.com.br\/site\/deputada-janad-rebate-governador-wanderlei-e-diz-estar-pronta-para-ir-a-oposicao\/#primaryimage\"},\"thumbnailUrl\":\"https:\/\/cleitonpinheiro.com.br\/site\/wp-content\/uploads\/2025\/08\/Janad-Wanderlei-scaled-1.webp\",\"datePublished\":\"2025-08-15T12:49:48+00:00\",\"dateModified\":\"2025-08-15T12:49:53+00:00\",\"breadcrumb\":{\"@id\":\"https:\/\/cleitonpinheiro.com.br\/site\/deputada-janad-rebate-governador-wanderlei-e-diz-estar-pronta-para-ir-a-oposicao\/#breadcrumb\"},\"inLanguage\":\"pt-BR\",\"potentialAction\":[{\"@type\":\"ReadAction\",\"target\":[\"https:\/\/cleitonpinheiro.com.br\/site\/deputada-janad-rebate-governador-wanderlei-e-diz-estar-pronta-para-ir-a-oposicao\/\"]}]},{\"@type\":\"ImageObject\",\"inLanguage\":\"pt-BR\",\"@id\":\"https:\/\/cleitonpinheiro.com.br\/site\/deputada-janad-rebate-governador-wanderlei-e-diz-estar-pronta-para-ir-a-oposicao\/#primaryimage\",\"url\":\"https:\/\/cleitonpinheiro.com.br\/site\/wp-content\/uploads\/2025\/08\/Janad-Wanderlei-scaled-1.webp\",\"contentUrl\":\"https:\/\/cleitonpinheiro.com.br\/site\/wp-content\/uploads\/2025\/08\/Janad-Wanderlei-scaled-1.webp\",\"width\":1200,\"height\":600},{\"@type\":\"BreadcrumbList\",\"@id\":\"https:\/\/cleitonpinheiro.com.br\/site\/deputada-janad-rebate-governador-wanderlei-e-diz-estar-pronta-para-ir-a-oposicao\/#breadcrumb\",\"itemListElement\":[{\"@type\":\"ListItem\",\"position\":1,\"name\":\"In\u00edcio\",\"item\":\"https:\/\/cleitonpinheiro.com.br\/site\/\"},{\"@type\":\"ListItem\",\"position\":2,\"name\":\"Deputada Janad rebate governador Wanderlei e diz estar pronta para ir \u00e0 oposi\u00e7\u00e3o\"}]},{\"@type\":\"WebSite\",\"@id\":\"https:\/\/cleitonpinheiro.com.br\/site\/#website\",\"url\":\"https:\/\/cleitonpinheiro.com.br\/site\/\",\"name\":\"PORTAL DE NOT\u00cdCIAS CLEITON PINHEIRO\",\"description\":\"FALANDO A VERDADE\",\"publisher\":{\"@id\":\"https:\/\/cleitonpinheiro.com.br\/site\/#organization\"},\"potentialAction\":[{\"@type\":\"SearchAction\",\"target\":{\"@type\":\"EntryPoint\",\"urlTemplate\":\"https:\/\/cleitonpinheiro.com.br\/site\/?s={search_term_string}\"},\"query-input\":{\"@type\":\"PropertyValueSpecification\",\"valueRequired\":true,\"valueName\":\"search_term_string\"}}],\"inLanguage\":\"pt-BR\"},{\"@type\":\"Organization\",\"@id\":\"https:\/\/cleitonpinheiro.com.br\/site\/#organization\",\"name\":\"CPNOT\u00cdCIAS\",\"url\":\"https:\/\/cleitonpinheiro.com.br\/site\/\",\"logo\":{\"@type\":\"ImageObject\",\"inLanguage\":\"pt-BR\",\"@id\":\"https:\/\/cleitonpinheiro.com.br\/site\/#\/schema\/logo\/image\/\",\"url\":\"https:\/\/cleitonpinheiro.com.br\/site\/wp-content\/uploads\/2022\/08\/Logo-pequena-2.png\",\"contentUrl\":\"https:\/\/cleitonpinheiro.com.br\/site\/wp-content\/uploads\/2022\/08\/Logo-pequena-2.png\",\"width\":500,\"height\":500,\"caption\":\"CPNOT\u00cdCIAS\"},\"image\":{\"@id\":\"https:\/\/cleitonpinheiro.com.br\/site\/#\/schema\/logo\/image\/\"},\"sameAs\":[\"https:\/\/www.facebook.com\/portalcpnoticias\/\"]},{\"@type\":\"Person\",\"@id\":\"https:\/\/cleitonpinheiro.com.br\/site\/#\/schema\/person\/8f04544e0bc40a1b68775b08360f87db\",\"name\":\"Reda\u00e7\u00e3o CP\",\"image\":{\"@type\":\"ImageObject\",\"inLanguage\":\"pt-BR\",\"@id\":\"https:\/\/cleitonpinheiro.com.br\/site\/#\/schema\/person\/image\/\",\"url\":\"https:\/\/secure.gravatar.com\/avatar\/0bcf19cb29fdc8fc588c490c7ae1b3e174dac268586a63fbe1d1893a0f9020cd?s=96&r=g\",\"contentUrl\":\"https:\/\/secure.gravatar.com\/avatar\/0bcf19cb29fdc8fc588c490c7ae1b3e174dac268586a63fbe1d1893a0f9020cd?s=96&r=g\",\"caption\":\"Reda\u00e7\u00e3o CP\"},\"url\":\"https:\/\/cleitonpinheiro.com.br\/site\/author\/redacao\/\"}]}<\/script>\n<!-- \/ Yoast SEO plugin. -->","yoast_head_json":{"title":"Deputada Janad rebate governador Wanderlei e diz estar pronta para ir \u00e0 oposi\u00e7\u00e3o - PORTAL DE NOT\u00cdCIAS CLEITON PINHEIRO","robots":{"index":"index","follow":"follow","max-snippet":"max-snippet:-1","max-image-preview":"max-image-preview:large","max-video-preview":"max-video-preview:-1"},"canonical":"https:\/\/cleitonpinheiro.com.br\/site\/deputada-janad-rebate-governador-wanderlei-e-diz-estar-pronta-para-ir-a-oposicao\/","og_locale":"pt_BR","og_type":"article","og_title":"Deputada Janad rebate governador Wanderlei e diz estar pronta para ir \u00e0 oposi\u00e7\u00e3o - PORTAL DE NOT\u00cdCIAS CLEITON PINHEIRO","og_description":"A deputada estadual Janad Valcari afirmou, em nota enviada ao Portal Cleber Toledo, que est\u00e1 preparada para integrar a oposi\u00e7\u00e3o ao governador Wanderlei Barbosa. A parlamentar reagiu a declara\u00e7\u00f5es do chefe do Executivo estadual e ressaltou que \u201cn\u00e3o \u00e9 gato nem caco de vidro para ficar em cima do muro\u201d. >>>>> \u00c0 Gazeta, governador Wanderlei [&hellip;]","og_url":"https:\/\/cleitonpinheiro.com.br\/site\/deputada-janad-rebate-governador-wanderlei-e-diz-estar-pronta-para-ir-a-oposicao\/","og_site_name":"PORTAL DE NOT\u00cdCIAS CLEITON PINHEIRO","article_publisher":"https:\/\/www.facebook.com\/portalcpnoticias\/","article_published_time":"2025-08-15T12:49:48+00:00","article_modified_time":"2025-08-15T12:49:53+00:00","og_image":[{"width":1200,"height":600,"url":"https:\/\/cleitonpinheiro.com.br\/site\/wp-content\/uploads\/2025\/08\/Janad-Wanderlei-scaled-1.webp","type":"image\/webp"}],"author":"Reda\u00e7\u00e3o CP","twitter_card":"summary_large_image","twitter_misc":{"Escrito por":"Reda\u00e7\u00e3o CP","Est. tempo de leitura":"3 minutos"},"schema":{"@context":"https:\/\/schema.org","@graph":[{"@type":"Article","@id":"https:\/\/cleitonpinheiro.com.br\/site\/deputada-janad-rebate-governador-wanderlei-e-diz-estar-pronta-para-ir-a-oposicao\/#article","isPartOf":{"@id":"https:\/\/cleitonpinheiro.com.br\/site\/deputada-janad-rebate-governador-wanderlei-e-diz-estar-pronta-para-ir-a-oposicao\/"},"author":{"name":"Reda\u00e7\u00e3o CP","@id":"https:\/\/cleitonpinheiro.com.br\/site\/#\/schema\/person\/8f04544e0bc40a1b68775b08360f87db"},"headline":"Deputada Janad rebate governador Wanderlei e diz estar pronta para ir \u00e0 oposi\u00e7\u00e3o","datePublished":"2025-08-15T12:49:48+00:00","dateModified":"2025-08-15T12:49:53+00:00","mainEntityOfPage":{"@id":"https:\/\/cleitonpinheiro.com.br\/site\/deputada-janad-rebate-governador-wanderlei-e-diz-estar-pronta-para-ir-a-oposicao\/"},"wordCount":395,"commentCount":0,"publisher":{"@id":"https:\/\/cleitonpinheiro.com.br\/site\/#organization"},"image":{"@id":"https:\/\/cleitonpinheiro.com.br\/site\/deputada-janad-rebate-governador-wanderlei-e-diz-estar-pronta-para-ir-a-oposicao\/#primaryimage"},"thumbnailUrl":"https:\/\/cleitonpinheiro.com.br\/site\/wp-content\/uploads\/2025\/08\/Janad-Wanderlei-scaled-1.webp","articleSection":["MANCHETE SEGUND\u00c1RIA","POL\u00cdTICA","TODAS NOTICIAS"],"inLanguage":"pt-BR","potentialAction":[{"@type":"CommentAction","name":"Comment","target":["https:\/\/cleitonpinheiro.com.br\/site\/deputada-janad-rebate-governador-wanderlei-e-diz-estar-pronta-para-ir-a-oposicao\/#respond"]}]},{"@type":"WebPage","@id":"https:\/\/cleitonpinheiro.com.br\/site\/deputada-janad-rebate-governador-wanderlei-e-diz-estar-pronta-para-ir-a-oposicao\/","url":"https:\/\/cleitonpinheiro.com.br\/site\/deputada-janad-rebate-governador-wanderlei-e-diz-estar-pronta-para-ir-a-oposicao\/","name":"Deputada Janad rebate governador Wanderlei e diz estar pronta para ir \u00e0 oposi\u00e7\u00e3o - PORTAL DE NOT\u00cdCIAS CLEITON PINHEIRO","isPartOf":{"@id":"https:\/\/cleitonpinheiro.com.br\/site\/#website"},"primaryImageOfPage":{"@id":"https:\/\/cleitonpinheiro.com.br\/site\/deputada-janad-rebate-governador-wanderlei-e-diz-estar-pronta-para-ir-a-oposicao\/#primaryimage"},"image":{"@id":"https:\/\/cleitonpinheiro.com.br\/site\/deputada-janad-rebate-governador-wanderlei-e-diz-estar-pronta-para-ir-a-oposicao\/#primaryimage"},"thumbnailUrl":"https:\/\/cleitonpinheiro.com.br\/site\/wp-content\/uploads\/2025\/08\/Janad-Wanderlei-scaled-1.webp","datePublished":"2025-08-15T12:49:48+00:00","dateModified":"2025-08-15T12:49:53+00:00","breadcrumb":{"@id":"https:\/\/cleitonpinheiro.com.br\/site\/deputada-janad-rebate-governador-wanderlei-e-diz-estar-pronta-para-ir-a-oposicao\/#breadcrumb"},"inLanguage":"pt-BR","potentialAction":[{"@type":"ReadAction","target":["https:\/\/cleitonpinheiro.com.br\/site\/deputada-janad-rebate-governador-wanderlei-e-diz-estar-pronta-para-ir-a-oposicao\/"]}]},{"@type":"ImageObject","inLanguage":"pt-BR","@id":"https:\/\/cleitonpinheiro.com.br\/site\/deputada-janad-rebate-governador-wanderlei-e-diz-estar-pronta-para-ir-a-oposicao\/#primaryimage","url":"https:\/\/cleitonpinheiro.com.br\/site\/wp-content\/uploads\/2025\/08\/Janad-Wanderlei-scaled-1.webp","contentUrl":"https:\/\/cleitonpinheiro.com.br\/site\/wp-content\/uploads\/2025\/08\/Janad-Wanderlei-scaled-1.webp","width":1200,"height":600},{"@type":"BreadcrumbList","@id":"https:\/\/cleitonpinheiro.com.br\/site\/deputada-janad-rebate-governador-wanderlei-e-diz-estar-pronta-para-ir-a-oposicao\/#breadcrumb","itemListElement":[{"@type":"ListItem","position":1,"name":"In\u00edcio","item":"https:\/\/cleitonpinheiro.com.br\/site\/"},{"@type":"ListItem","position":2,"name":"Deputada Janad rebate governador Wanderlei e diz estar pronta para ir \u00e0 oposi\u00e7\u00e3o"}]},{"@type":"WebSite","@id":"https:\/\/cleitonpinheiro.com.br\/site\/#website","url":"https:\/\/cleitonpinheiro.com.br\/site\/","name":"PORTAL DE NOT\u00cdCIAS CLEITON PINHEIRO","description":"FALANDO A VERDADE","publisher":{"@id":"https:\/\/cleitonpinheiro.com.br\/site\/#organization"},"potentialAction":[{"@type":"SearchAction","target":{"@type":"EntryPoint","urlTemplate":"https:\/\/cleitonpinheiro.com.br\/site\/?s={search_term_string}"},"query-input":{"@type":"PropertyValueSpecification","valueRequired":true,"valueName":"search_term_string"}}],"inLanguage":"pt-BR"},{"@type":"Organization","@id":"https:\/\/cleitonpinheiro.com.br\/site\/#organization","name":"CPNOT\u00cdCIAS","url":"https:\/\/cleitonpinheiro.com.br\/site\/","logo":{"@type":"ImageObject","inLanguage":"pt-BR","@id":"https:\/\/cleitonpinheiro.com.br\/site\/#\/schema\/logo\/image\/","url":"https:\/\/cleitonpinheiro.com.br\/site\/wp-content\/uploads\/2022\/08\/Logo-pequena-2.png","contentUrl":"https:\/\/cleitonpinheiro.com.br\/site\/wp-content\/uploads\/2022\/08\/Logo-pequena-2.png","width":500,"height":500,"caption":"CPNOT\u00cdCIAS"},"image":{"@id":"https:\/\/cleitonpinheiro.com.br\/site\/#\/schema\/logo\/image\/"},"sameAs":["https:\/\/www.facebook.com\/portalcpnoticias\/"]},{"@type":"Person","@id":"https:\/\/cleitonpinheiro.com.br\/site\/#\/schema\/person\/8f04544e0bc40a1b68775b08360f87db","name":"Reda\u00e7\u00e3o CP","image":{"@type":"ImageObject","inLanguage":"pt-BR","@id":"https:\/\/cleitonpinheiro.com.br\/site\/#\/schema\/person\/image\/","url":"https:\/\/secure.gravatar.com\/avatar\/0bcf19cb29fdc8fc588c490c7ae1b3e174dac268586a63fbe1d1893a0f9020cd?s=96&r=g","contentUrl":"https:\/\/secure.gravatar.com\/avatar\/0bcf19cb29fdc8fc588c490c7ae1b3e174dac268586a63fbe1d1893a0f9020cd?s=96&r=g","caption":"Reda\u00e7\u00e3o CP"},"url":"https:\/\/cleitonpinheiro.com.br\/site\/author\/redacao\/"}]}},"views":204,"_links":{"self":[{"href":"https:\/\/cleitonpinheiro.com.br\/site\/wp-json\/wp\/v2\/posts\/86595","targetHints":{"allow":["GET"]}}],"collection":[{"href":"https:\/\/cleitonpinheiro.com.br\/site\/wp-json\/wp\/v2\/posts"}],"about":[{"href":"https:\/\/cleitonpinheiro.com.br\/site\/wp-json\/wp\/v2\/types\/post"}],"author":[{"embeddable":true,"href":"https:\/\/cleitonpinheiro.com.br\/site\/wp-json\/wp\/v2\/users\/13"}],"replies":[{"embeddable":true,"href":"https:\/\/cleitonpinheiro.com.br\/site\/wp-json\/wp\/v2\/comments?post=86595"}],"version-history":[{"count":1,"href":"https:\/\/cleitonpinheiro.com.br\/site\/wp-json\/wp\/v2\/posts\/86595\/revisions"}],"predecessor-version":[{"id":86596,"href":"https:\/\/cleitonpinheiro.com.br\/site\/wp-json\/wp\/v2\/posts\/86595\/revisions\/86596"}],"wp:featuredmedia":[{"embeddable":true,"href":"https:\/\/cleitonpinheiro.com.br\/site\/wp-json\/wp\/v2\/media\/86587"}],"wp:attachment":[{"href":"https:\/\/cleitonpinheiro.com.br\/site\/wp-json\/wp\/v2\/media?parent=86595"}],"wp:term":[{"taxonomy":"category","embeddable":true,"href":"https:\/\/cleitonpinheiro.com.br\/site\/wp-json\/wp\/v2\/categories?post=86595"},{"taxonomy":"post_tag","embeddable":true,"href":"https:\/\/cleitonpinheiro.com.br\/site\/wp-json\/wp\/v2\/tags?post=86595"}],"curies":[{"name":"wp","href":"https:\/\/api.w.org\/{rel}","templated":true}]}}