{"id":86598,"date":"2025-08-19T09:04:26","date_gmt":"2025-08-19T12:04:26","guid":{"rendered":"https:\/\/cleitonpinheiro.com.br\/site\/?p=86598"},"modified":"2025-08-19T09:04:50","modified_gmt":"2025-08-19T12:04:50","slug":"governador-wanderlei-retira-projeto-do-zoneamento-ecologico-economico-para-reavaliacao","status":"publish","type":"post","link":"https:\/\/cleitonpinheiro.com.br\/site\/governador-wanderlei-retira-projeto-do-zoneamento-ecologico-economico-para-reavaliacao\/","title":{"rendered":"Governador Wanderlei retira projeto do Zoneamento Ecol\u00f3gico-Econ\u00f4mico para reavalia\u00e7\u00e3o"},"content":{"rendered":"\n<figure class=\"wp-block-image size-large\"><img decoding=\"async\" src=\"https:\/\/cleitonpinheiro.com.br\/site\/wp-content\/uploads\/2024\/06\/F2-Governador-Wanderlei-Barbosa-grava-mensagem-ao-dia-do-trabalhador-Foto-Marcio-Vieira-Governo-do-Tocantins-1-1536x877-1-1024x585.jpg\" alt=\"\" class=\"wp-image-77766\"\/><\/figure>\n\n\n\n<p>O governador Wanderlei Barbosa (Republicanos) anunciou nesta segunda-feira, 18, a retirada do Projeto de Lei que institui o Zoneamento Ecol\u00f3gico-Econ\u00f4mico (ZEE) da Assembleia Legislativa do Tocantins (Aleto). A proposta havia sido apresentada em abril e vinha sendo alvo de cr\u00edticas do setor produtivo.<\/p>\n\n\n\n<p>Segundo Barbosa, o texto ser\u00e1 reformulado para n\u00e3o impor entraves \u00e0s atividades econ\u00f4micas.<\/p>\n\n\n\n<blockquote class=\"wp-block-quote is-layout-flow wp-block-quote-is-layout-flow\">\n<p>\u201cEsse projeto foi retirado para avalia\u00e7\u00e3o. Ele ser\u00e1 reconstru\u00eddo de maneira que n\u00e3o iniba a produ\u00e7\u00e3o, permitindo que o setor produtivo continue a crescer. Recebemos diversas entidades do agroneg\u00f3cio, da pecu\u00e1ria e da produ\u00e7\u00e3o de gr\u00e3os. N\u00e3o queremos que o Estado perca a capacidade de produzir, crescer e gerar empregos. Por isso, faremos um reestudo e o projeto ser\u00e1 reapresentado futuramente\u201d, afirmou o governador.<\/p>\n<\/blockquote>\n\n\n\n<hr class=\"wp-block-separator has-alpha-channel-opacity\"\/>\n\n\n\n<h3 class=\"wp-block-heading\">Necessidade de ajustes<\/h3>\n\n\n\n<p>O secret\u00e1rio da Agricultura e Pecu\u00e1ria (Seagro), Jaime Caf\u00e9, ressaltou que o modelo elaborado pelo Conselho Estadual de Meio Ambiente (Coema) n\u00e3o contemplava as demandas do desenvolvimento econ\u00f4mico.<\/p>\n\n\n\n<blockquote class=\"wp-block-quote is-layout-flow wp-block-quote-is-layout-flow\">\n<p>\u201cO texto precisa de ajustes. O governador determinou a retirada para poss\u00edveis adequa\u00e7\u00f5es, seja dentro do Coema ou por meio de novo estudo com participa\u00e7\u00e3o popular. Agora, avan\u00e7aremos para uma discuss\u00e3o mais assertiva com a Secretaria de Meio Ambiente e a Seplan, para construir um projeto vi\u00e1vel\u201d, explicou.<\/p>\n<\/blockquote>\n\n\n\n<p>O presidente do Naturatins, Cledson da Rocha Lima, refor\u00e7ou a necessidade de conciliar preserva\u00e7\u00e3o ambiental e expans\u00e3o produtiva.<\/p>\n\n\n\n<hr class=\"wp-block-separator has-alpha-channel-opacity\"\/>\n\n\n\n<h3 class=\"wp-block-heading\">Discuss\u00e3o ampliada<\/h3>\n\n\n\n<p>Na Aleto, o presidente Am\u00e9lio Cayres defendeu a abertura de um debate mais participativo.<\/p>\n\n\n\n<blockquote class=\"wp-block-quote is-layout-flow wp-block-quote-is-layout-flow\">\n<p>\u201c\u00c9 um projeto que precisa ser constru\u00eddo com a participa\u00e7\u00e3o de todos os \u00f3rg\u00e3os envolvidos, especialmente o setor produtivo, mas sempre respeitando a legisla\u00e7\u00e3o ambiental. O governador entendeu que seria melhor abrir espa\u00e7o para uma discuss\u00e3o mais aprofundada, de modo a atender toda a sociedade\u201d, declarou.<\/p>\n<\/blockquote>\n\n\n\n<hr class=\"wp-block-separator has-alpha-channel-opacity\"\/>\n\n\n\n<h3 class=\"wp-block-heading\">O que \u00e9 o ZEE<\/h3>\n\n\n\n<p>O Zoneamento Ecol\u00f3gico-Econ\u00f4mico estabelece diretrizes para o uso racional do territ\u00f3rio, considerando aspectos ambientais, sociais e econ\u00f4micos. Entre os principais pontos est\u00e3o:<\/p>\n\n\n\n<ul class=\"wp-block-list\">\n<li><strong>Zonas institucionais<\/strong>: \u00e1reas legalmente protegidas, voltadas \u00e0 conserva\u00e7\u00e3o e ao usufruto dos povos origin\u00e1rios;<\/li>\n\n\n\n<li><strong>Zonas de desenvolvimento integrado<\/strong>: espa\u00e7os para atividades produtivas em equil\u00edbrio com a preserva\u00e7\u00e3o ambiental;<\/li>\n\n\n\n<li><strong>Zonas estrat\u00e9gicas de consolida\u00e7\u00e3o<\/strong>: destinadas \u00e0 ocupa\u00e7\u00e3o humana planejada e sustent\u00e1vel.<\/li>\n<\/ul>\n","protected":false},"excerpt":{"rendered":"<p>O governador Wanderlei Barbosa (Republicanos) anunciou nesta segunda-feira, 18, a retirada do Projeto de Lei que institui o Zoneamento Ecol\u00f3gico-Econ\u00f4mico (ZEE) da Assembleia Legislativa do Tocantins (Aleto). A proposta havia sido apresentada em abril e vinha sendo alvo de cr\u00edticas do setor produtivo. Segundo Barbosa, o texto ser\u00e1 reformulado para n\u00e3o impor entraves \u00e0s atividades [&hellip;]<\/p>\n","protected":false},"author":13,"featured_media":0,"comment_status":"open","ping_status":"open","sticky":false,"template":"","format":"standard","meta":{"_acf_changed":false,"footnotes":""},"categories":[8,898,21],"tags":[],"class_list":["post-86598","post","type-post","status-publish","format-standard","hentry","category-estado","category-manchete-segundaria","category-todas-noticias"],"acf":[],"yoast_head":"<!-- This site is optimized with the Yoast SEO plugin v24.4 - https:\/\/yoast.com\/wordpress\/plugins\/seo\/ -->\n<title>Governador Wanderlei retira projeto do Zoneamento Ecol\u00f3gico-Econ\u00f4mico para reavalia\u00e7\u00e3o - PORTAL DE NOT\u00cdCIAS CLEITON PINHEIRO<\/title>\n<meta name=\"robots\" content=\"index, follow, max-snippet:-1, max-image-preview:large, max-video-preview:-1\" \/>\n<link rel=\"canonical\" href=\"https:\/\/cleitonpinheiro.com.br\/site\/governador-wanderlei-retira-projeto-do-zoneamento-ecologico-economico-para-reavaliacao\/\" \/>\n<meta property=\"og:locale\" content=\"pt_BR\" \/>\n<meta property=\"og:type\" content=\"article\" \/>\n<meta property=\"og:title\" content=\"Governador Wanderlei retira projeto do Zoneamento Ecol\u00f3gico-Econ\u00f4mico para reavalia\u00e7\u00e3o - PORTAL DE NOT\u00cdCIAS CLEITON PINHEIRO\" \/>\n<meta property=\"og:description\" content=\"O governador Wanderlei Barbosa (Republicanos) anunciou nesta segunda-feira, 18, a retirada do Projeto de Lei que institui o Zoneamento Ecol\u00f3gico-Econ\u00f4mico (ZEE) da Assembleia Legislativa do Tocantins (Aleto). A proposta havia sido apresentada em abril e vinha sendo alvo de cr\u00edticas do setor produtivo. Segundo Barbosa, o texto ser\u00e1 reformulado para n\u00e3o impor entraves \u00e0s atividades [&hellip;]\" \/>\n<meta property=\"og:url\" content=\"https:\/\/cleitonpinheiro.com.br\/site\/governador-wanderlei-retira-projeto-do-zoneamento-ecologico-economico-para-reavaliacao\/\" \/>\n<meta property=\"og:site_name\" content=\"PORTAL DE NOT\u00cdCIAS CLEITON PINHEIRO\" \/>\n<meta property=\"article:publisher\" content=\"https:\/\/www.facebook.com\/portalcpnoticias\/\" \/>\n<meta property=\"article:published_time\" content=\"2025-08-19T12:04:26+00:00\" \/>\n<meta property=\"article:modified_time\" content=\"2025-08-19T12:04:50+00:00\" \/>\n<meta property=\"og:image\" content=\"https:\/\/cleitonpinheiro.com.br\/site\/wp-content\/uploads\/2024\/06\/F2-Governador-Wanderlei-Barbosa-grava-mensagem-ao-dia-do-trabalhador-Foto-Marcio-Vieira-Governo-do-Tocantins-1-1536x877-1.jpg\" \/>\n\t<meta property=\"og:image:width\" content=\"1536\" \/>\n\t<meta property=\"og:image:height\" content=\"877\" \/>\n\t<meta property=\"og:image:type\" content=\"image\/jpeg\" \/>\n<meta name=\"author\" content=\"Reda\u00e7\u00e3o CP\" \/>\n<meta name=\"twitter:card\" content=\"summary_large_image\" \/>\n<meta name=\"twitter:label1\" content=\"Escrito por\" \/>\n\t<meta name=\"twitter:data1\" content=\"Reda\u00e7\u00e3o CP\" \/>\n\t<meta name=\"twitter:label2\" content=\"Est. tempo de leitura\" \/>\n\t<meta name=\"twitter:data2\" content=\"2 minutos\" \/>\n<script type=\"application\/ld+json\" class=\"yoast-schema-graph\">{\"@context\":\"https:\/\/schema.org\",\"@graph\":[{\"@type\":\"Article\",\"@id\":\"https:\/\/cleitonpinheiro.com.br\/site\/governador-wanderlei-retira-projeto-do-zoneamento-ecologico-economico-para-reavaliacao\/#article\",\"isPartOf\":{\"@id\":\"https:\/\/cleitonpinheiro.com.br\/site\/governador-wanderlei-retira-projeto-do-zoneamento-ecologico-economico-para-reavaliacao\/\"},\"author\":{\"name\":\"Reda\u00e7\u00e3o CP\",\"@id\":\"https:\/\/cleitonpinheiro.com.br\/site\/#\/schema\/person\/8f04544e0bc40a1b68775b08360f87db\"},\"headline\":\"Governador Wanderlei retira projeto do Zoneamento Ecol\u00f3gico-Econ\u00f4mico para reavalia\u00e7\u00e3o\",\"datePublished\":\"2025-08-19T12:04:26+00:00\",\"dateModified\":\"2025-08-19T12:04:50+00:00\",\"mainEntityOfPage\":{\"@id\":\"https:\/\/cleitonpinheiro.com.br\/site\/governador-wanderlei-retira-projeto-do-zoneamento-ecologico-economico-para-reavaliacao\/\"},\"wordCount\":401,\"commentCount\":0,\"publisher\":{\"@id\":\"https:\/\/cleitonpinheiro.com.br\/site\/#organization\"},\"image\":{\"@id\":\"https:\/\/cleitonpinheiro.com.br\/site\/governador-wanderlei-retira-projeto-do-zoneamento-ecologico-economico-para-reavaliacao\/#primaryimage\"},\"thumbnailUrl\":\"https:\/\/cleitonpinheiro.com.br\/site\/wp-content\/uploads\/2024\/06\/F2-Governador-Wanderlei-Barbosa-grava-mensagem-ao-dia-do-trabalhador-Foto-Marcio-Vieira-Governo-do-Tocantins-1-1536x877-1-1024x585.jpg\",\"articleSection\":[\"ESTADO\",\"MANCHETE SEGUND\u00c1RIA\",\"TODAS NOTICIAS\"],\"inLanguage\":\"pt-BR\",\"potentialAction\":[{\"@type\":\"CommentAction\",\"name\":\"Comment\",\"target\":[\"https:\/\/cleitonpinheiro.com.br\/site\/governador-wanderlei-retira-projeto-do-zoneamento-ecologico-economico-para-reavaliacao\/#respond\"]}]},{\"@type\":\"WebPage\",\"@id\":\"https:\/\/cleitonpinheiro.com.br\/site\/governador-wanderlei-retira-projeto-do-zoneamento-ecologico-economico-para-reavaliacao\/\",\"url\":\"https:\/\/cleitonpinheiro.com.br\/site\/governador-wanderlei-retira-projeto-do-zoneamento-ecologico-economico-para-reavaliacao\/\",\"name\":\"Governador Wanderlei retira projeto do Zoneamento Ecol\u00f3gico-Econ\u00f4mico para reavalia\u00e7\u00e3o - PORTAL DE NOT\u00cdCIAS CLEITON PINHEIRO\",\"isPartOf\":{\"@id\":\"https:\/\/cleitonpinheiro.com.br\/site\/#website\"},\"primaryImageOfPage\":{\"@id\":\"https:\/\/cleitonpinheiro.com.br\/site\/governador-wanderlei-retira-projeto-do-zoneamento-ecologico-economico-para-reavaliacao\/#primaryimage\"},\"image\":{\"@id\":\"https:\/\/cleitonpinheiro.com.br\/site\/governador-wanderlei-retira-projeto-do-zoneamento-ecologico-economico-para-reavaliacao\/#primaryimage\"},\"thumbnailUrl\":\"https:\/\/cleitonpinheiro.com.br\/site\/wp-content\/uploads\/2024\/06\/F2-Governador-Wanderlei-Barbosa-grava-mensagem-ao-dia-do-trabalhador-Foto-Marcio-Vieira-Governo-do-Tocantins-1-1536x877-1-1024x585.jpg\",\"datePublished\":\"2025-08-19T12:04:26+00:00\",\"dateModified\":\"2025-08-19T12:04:50+00:00\",\"breadcrumb\":{\"@id\":\"https:\/\/cleitonpinheiro.com.br\/site\/governador-wanderlei-retira-projeto-do-zoneamento-ecologico-economico-para-reavaliacao\/#breadcrumb\"},\"inLanguage\":\"pt-BR\",\"potentialAction\":[{\"@type\":\"ReadAction\",\"target\":[\"https:\/\/cleitonpinheiro.com.br\/site\/governador-wanderlei-retira-projeto-do-zoneamento-ecologico-economico-para-reavaliacao\/\"]}]},{\"@type\":\"ImageObject\",\"inLanguage\":\"pt-BR\",\"@id\":\"https:\/\/cleitonpinheiro.com.br\/site\/governador-wanderlei-retira-projeto-do-zoneamento-ecologico-economico-para-reavaliacao\/#primaryimage\",\"url\":\"\",\"contentUrl\":\"\"},{\"@type\":\"BreadcrumbList\",\"@id\":\"https:\/\/cleitonpinheiro.com.br\/site\/governador-wanderlei-retira-projeto-do-zoneamento-ecologico-economico-para-reavaliacao\/#breadcrumb\",\"itemListElement\":[{\"@type\":\"ListItem\",\"position\":1,\"name\":\"In\u00edcio\",\"item\":\"https:\/\/cleitonpinheiro.com.br\/site\/\"},{\"@type\":\"ListItem\",\"position\":2,\"name\":\"Governador Wanderlei retira projeto do Zoneamento Ecol\u00f3gico-Econ\u00f4mico para reavalia\u00e7\u00e3o\"}]},{\"@type\":\"WebSite\",\"@id\":\"https:\/\/cleitonpinheiro.com.br\/site\/#website\",\"url\":\"https:\/\/cleitonpinheiro.com.br\/site\/\",\"name\":\"PORTAL DE NOT\u00cdCIAS CLEITON PINHEIRO\",\"description\":\"FALANDO A VERDADE\",\"publisher\":{\"@id\":\"https:\/\/cleitonpinheiro.com.br\/site\/#organization\"},\"potentialAction\":[{\"@type\":\"SearchAction\",\"target\":{\"@type\":\"EntryPoint\",\"urlTemplate\":\"https:\/\/cleitonpinheiro.com.br\/site\/?s={search_term_string}\"},\"query-input\":{\"@type\":\"PropertyValueSpecification\",\"valueRequired\":true,\"valueName\":\"search_term_string\"}}],\"inLanguage\":\"pt-BR\"},{\"@type\":\"Organization\",\"@id\":\"https:\/\/cleitonpinheiro.com.br\/site\/#organization\",\"name\":\"CPNOT\u00cdCIAS\",\"url\":\"https:\/\/cleitonpinheiro.com.br\/site\/\",\"logo\":{\"@type\":\"ImageObject\",\"inLanguage\":\"pt-BR\",\"@id\":\"https:\/\/cleitonpinheiro.com.br\/site\/#\/schema\/logo\/image\/\",\"url\":\"https:\/\/cleitonpinheiro.com.br\/site\/wp-content\/uploads\/2022\/08\/Logo-pequena-2.png\",\"contentUrl\":\"https:\/\/cleitonpinheiro.com.br\/site\/wp-content\/uploads\/2022\/08\/Logo-pequena-2.png\",\"width\":500,\"height\":500,\"caption\":\"CPNOT\u00cdCIAS\"},\"image\":{\"@id\":\"https:\/\/cleitonpinheiro.com.br\/site\/#\/schema\/logo\/image\/\"},\"sameAs\":[\"https:\/\/www.facebook.com\/portalcpnoticias\/\"]},{\"@type\":\"Person\",\"@id\":\"https:\/\/cleitonpinheiro.com.br\/site\/#\/schema\/person\/8f04544e0bc40a1b68775b08360f87db\",\"name\":\"Reda\u00e7\u00e3o CP\",\"image\":{\"@type\":\"ImageObject\",\"inLanguage\":\"pt-BR\",\"@id\":\"https:\/\/cleitonpinheiro.com.br\/site\/#\/schema\/person\/image\/\",\"url\":\"https:\/\/secure.gravatar.com\/avatar\/0bcf19cb29fdc8fc588c490c7ae1b3e174dac268586a63fbe1d1893a0f9020cd?s=96&r=g\",\"contentUrl\":\"https:\/\/secure.gravatar.com\/avatar\/0bcf19cb29fdc8fc588c490c7ae1b3e174dac268586a63fbe1d1893a0f9020cd?s=96&r=g\",\"caption\":\"Reda\u00e7\u00e3o CP\"},\"url\":\"https:\/\/cleitonpinheiro.com.br\/site\/author\/redacao\/\"}]}<\/script>\n<!-- \/ Yoast SEO plugin. -->","yoast_head_json":{"title":"Governador Wanderlei retira projeto do Zoneamento Ecol\u00f3gico-Econ\u00f4mico para reavalia\u00e7\u00e3o - PORTAL DE NOT\u00cdCIAS CLEITON PINHEIRO","robots":{"index":"index","follow":"follow","max-snippet":"max-snippet:-1","max-image-preview":"max-image-preview:large","max-video-preview":"max-video-preview:-1"},"canonical":"https:\/\/cleitonpinheiro.com.br\/site\/governador-wanderlei-retira-projeto-do-zoneamento-ecologico-economico-para-reavaliacao\/","og_locale":"pt_BR","og_type":"article","og_title":"Governador Wanderlei retira projeto do Zoneamento Ecol\u00f3gico-Econ\u00f4mico para reavalia\u00e7\u00e3o - PORTAL DE NOT\u00cdCIAS CLEITON PINHEIRO","og_description":"O governador Wanderlei Barbosa (Republicanos) anunciou nesta segunda-feira, 18, a retirada do Projeto de Lei que institui o Zoneamento Ecol\u00f3gico-Econ\u00f4mico (ZEE) da Assembleia Legislativa do Tocantins (Aleto). A proposta havia sido apresentada em abril e vinha sendo alvo de cr\u00edticas do setor produtivo. Segundo Barbosa, o texto ser\u00e1 reformulado para n\u00e3o impor entraves \u00e0s atividades [&hellip;]","og_url":"https:\/\/cleitonpinheiro.com.br\/site\/governador-wanderlei-retira-projeto-do-zoneamento-ecologico-economico-para-reavaliacao\/","og_site_name":"PORTAL DE NOT\u00cdCIAS CLEITON PINHEIRO","article_publisher":"https:\/\/www.facebook.com\/portalcpnoticias\/","article_published_time":"2025-08-19T12:04:26+00:00","article_modified_time":"2025-08-19T12:04:50+00:00","og_image":[{"width":1536,"height":877,"url":"https:\/\/cleitonpinheiro.com.br\/site\/wp-content\/uploads\/2024\/06\/F2-Governador-Wanderlei-Barbosa-grava-mensagem-ao-dia-do-trabalhador-Foto-Marcio-Vieira-Governo-do-Tocantins-1-1536x877-1.jpg","type":"image\/jpeg"}],"author":"Reda\u00e7\u00e3o CP","twitter_card":"summary_large_image","twitter_misc":{"Escrito por":"Reda\u00e7\u00e3o CP","Est. tempo de leitura":"2 minutos"},"schema":{"@context":"https:\/\/schema.org","@graph":[{"@type":"Article","@id":"https:\/\/cleitonpinheiro.com.br\/site\/governador-wanderlei-retira-projeto-do-zoneamento-ecologico-economico-para-reavaliacao\/#article","isPartOf":{"@id":"https:\/\/cleitonpinheiro.com.br\/site\/governador-wanderlei-retira-projeto-do-zoneamento-ecologico-economico-para-reavaliacao\/"},"author":{"name":"Reda\u00e7\u00e3o CP","@id":"https:\/\/cleitonpinheiro.com.br\/site\/#\/schema\/person\/8f04544e0bc40a1b68775b08360f87db"},"headline":"Governador Wanderlei retira projeto do Zoneamento Ecol\u00f3gico-Econ\u00f4mico para reavalia\u00e7\u00e3o","datePublished":"2025-08-19T12:04:26+00:00","dateModified":"2025-08-19T12:04:50+00:00","mainEntityOfPage":{"@id":"https:\/\/cleitonpinheiro.com.br\/site\/governador-wanderlei-retira-projeto-do-zoneamento-ecologico-economico-para-reavaliacao\/"},"wordCount":401,"commentCount":0,"publisher":{"@id":"https:\/\/cleitonpinheiro.com.br\/site\/#organization"},"image":{"@id":"https:\/\/cleitonpinheiro.com.br\/site\/governador-wanderlei-retira-projeto-do-zoneamento-ecologico-economico-para-reavaliacao\/#primaryimage"},"thumbnailUrl":"https:\/\/cleitonpinheiro.com.br\/site\/wp-content\/uploads\/2024\/06\/F2-Governador-Wanderlei-Barbosa-grava-mensagem-ao-dia-do-trabalhador-Foto-Marcio-Vieira-Governo-do-Tocantins-1-1536x877-1-1024x585.jpg","articleSection":["ESTADO","MANCHETE SEGUND\u00c1RIA","TODAS NOTICIAS"],"inLanguage":"pt-BR","potentialAction":[{"@type":"CommentAction","name":"Comment","target":["https:\/\/cleitonpinheiro.com.br\/site\/governador-wanderlei-retira-projeto-do-zoneamento-ecologico-economico-para-reavaliacao\/#respond"]}]},{"@type":"WebPage","@id":"https:\/\/cleitonpinheiro.com.br\/site\/governador-wanderlei-retira-projeto-do-zoneamento-ecologico-economico-para-reavaliacao\/","url":"https:\/\/cleitonpinheiro.com.br\/site\/governador-wanderlei-retira-projeto-do-zoneamento-ecologico-economico-para-reavaliacao\/","name":"Governador Wanderlei retira projeto do Zoneamento Ecol\u00f3gico-Econ\u00f4mico para reavalia\u00e7\u00e3o - PORTAL DE NOT\u00cdCIAS CLEITON PINHEIRO","isPartOf":{"@id":"https:\/\/cleitonpinheiro.com.br\/site\/#website"},"primaryImageOfPage":{"@id":"https:\/\/cleitonpinheiro.com.br\/site\/governador-wanderlei-retira-projeto-do-zoneamento-ecologico-economico-para-reavaliacao\/#primaryimage"},"image":{"@id":"https:\/\/cleitonpinheiro.com.br\/site\/governador-wanderlei-retira-projeto-do-zoneamento-ecologico-economico-para-reavaliacao\/#primaryimage"},"thumbnailUrl":"https:\/\/cleitonpinheiro.com.br\/site\/wp-content\/uploads\/2024\/06\/F2-Governador-Wanderlei-Barbosa-grava-mensagem-ao-dia-do-trabalhador-Foto-Marcio-Vieira-Governo-do-Tocantins-1-1536x877-1-1024x585.jpg","datePublished":"2025-08-19T12:04:26+00:00","dateModified":"2025-08-19T12:04:50+00:00","breadcrumb":{"@id":"https:\/\/cleitonpinheiro.com.br\/site\/governador-wanderlei-retira-projeto-do-zoneamento-ecologico-economico-para-reavaliacao\/#breadcrumb"},"inLanguage":"pt-BR","potentialAction":[{"@type":"ReadAction","target":["https:\/\/cleitonpinheiro.com.br\/site\/governador-wanderlei-retira-projeto-do-zoneamento-ecologico-economico-para-reavaliacao\/"]}]},{"@type":"ImageObject","inLanguage":"pt-BR","@id":"https:\/\/cleitonpinheiro.com.br\/site\/governador-wanderlei-retira-projeto-do-zoneamento-ecologico-economico-para-reavaliacao\/#primaryimage","url":"","contentUrl":""},{"@type":"BreadcrumbList","@id":"https:\/\/cleitonpinheiro.com.br\/site\/governador-wanderlei-retira-projeto-do-zoneamento-ecologico-economico-para-reavaliacao\/#breadcrumb","itemListElement":[{"@type":"ListItem","position":1,"name":"In\u00edcio","item":"https:\/\/cleitonpinheiro.com.br\/site\/"},{"@type":"ListItem","position":2,"name":"Governador Wanderlei retira projeto do Zoneamento Ecol\u00f3gico-Econ\u00f4mico para reavalia\u00e7\u00e3o"}]},{"@type":"WebSite","@id":"https:\/\/cleitonpinheiro.com.br\/site\/#website","url":"https:\/\/cleitonpinheiro.com.br\/site\/","name":"PORTAL DE NOT\u00cdCIAS CLEITON PINHEIRO","description":"FALANDO A VERDADE","publisher":{"@id":"https:\/\/cleitonpinheiro.com.br\/site\/#organization"},"potentialAction":[{"@type":"SearchAction","target":{"@type":"EntryPoint","urlTemplate":"https:\/\/cleitonpinheiro.com.br\/site\/?s={search_term_string}"},"query-input":{"@type":"PropertyValueSpecification","valueRequired":true,"valueName":"search_term_string"}}],"inLanguage":"pt-BR"},{"@type":"Organization","@id":"https:\/\/cleitonpinheiro.com.br\/site\/#organization","name":"CPNOT\u00cdCIAS","url":"https:\/\/cleitonpinheiro.com.br\/site\/","logo":{"@type":"ImageObject","inLanguage":"pt-BR","@id":"https:\/\/cleitonpinheiro.com.br\/site\/#\/schema\/logo\/image\/","url":"https:\/\/cleitonpinheiro.com.br\/site\/wp-content\/uploads\/2022\/08\/Logo-pequena-2.png","contentUrl":"https:\/\/cleitonpinheiro.com.br\/site\/wp-content\/uploads\/2022\/08\/Logo-pequena-2.png","width":500,"height":500,"caption":"CPNOT\u00cdCIAS"},"image":{"@id":"https:\/\/cleitonpinheiro.com.br\/site\/#\/schema\/logo\/image\/"},"sameAs":["https:\/\/www.facebook.com\/portalcpnoticias\/"]},{"@type":"Person","@id":"https:\/\/cleitonpinheiro.com.br\/site\/#\/schema\/person\/8f04544e0bc40a1b68775b08360f87db","name":"Reda\u00e7\u00e3o CP","image":{"@type":"ImageObject","inLanguage":"pt-BR","@id":"https:\/\/cleitonpinheiro.com.br\/site\/#\/schema\/person\/image\/","url":"https:\/\/secure.gravatar.com\/avatar\/0bcf19cb29fdc8fc588c490c7ae1b3e174dac268586a63fbe1d1893a0f9020cd?s=96&r=g","contentUrl":"https:\/\/secure.gravatar.com\/avatar\/0bcf19cb29fdc8fc588c490c7ae1b3e174dac268586a63fbe1d1893a0f9020cd?s=96&r=g","caption":"Reda\u00e7\u00e3o CP"},"url":"https:\/\/cleitonpinheiro.com.br\/site\/author\/redacao\/"}]}},"views":149,"_links":{"self":[{"href":"https:\/\/cleitonpinheiro.com.br\/site\/wp-json\/wp\/v2\/posts\/86598","targetHints":{"allow":["GET"]}}],"collection":[{"href":"https:\/\/cleitonpinheiro.com.br\/site\/wp-json\/wp\/v2\/posts"}],"about":[{"href":"https:\/\/cleitonpinheiro.com.br\/site\/wp-json\/wp\/v2\/types\/post"}],"author":[{"embeddable":true,"href":"https:\/\/cleitonpinheiro.com.br\/site\/wp-json\/wp\/v2\/users\/13"}],"replies":[{"embeddable":true,"href":"https:\/\/cleitonpinheiro.com.br\/site\/wp-json\/wp\/v2\/comments?post=86598"}],"version-history":[{"count":1,"href":"https:\/\/cleitonpinheiro.com.br\/site\/wp-json\/wp\/v2\/posts\/86598\/revisions"}],"predecessor-version":[{"id":86599,"href":"https:\/\/cleitonpinheiro.com.br\/site\/wp-json\/wp\/v2\/posts\/86598\/revisions\/86599"}],"wp:attachment":[{"href":"https:\/\/cleitonpinheiro.com.br\/site\/wp-json\/wp\/v2\/media?parent=86598"}],"wp:term":[{"taxonomy":"category","embeddable":true,"href":"https:\/\/cleitonpinheiro.com.br\/site\/wp-json\/wp\/v2\/categories?post=86598"},{"taxonomy":"post_tag","embeddable":true,"href":"https:\/\/cleitonpinheiro.com.br\/site\/wp-json\/wp\/v2\/tags?post=86598"}],"curies":[{"name":"wp","href":"https:\/\/api.w.org\/{rel}","templated":true}]}}