{"id":86601,"date":"2025-08-20T13:38:27","date_gmt":"2025-08-20T16:38:27","guid":{"rendered":"https:\/\/cleitonpinheiro.com.br\/site\/?p=86601"},"modified":"2025-08-20T13:38:32","modified_gmt":"2025-08-20T16:38:32","slug":"prefeitura-de-palmas-capacita-jovens-em-curso-gratuito-de-midias-digitais","status":"publish","type":"post","link":"https:\/\/cleitonpinheiro.com.br\/site\/prefeitura-de-palmas-capacita-jovens-em-curso-gratuito-de-midias-digitais\/","title":{"rendered":"Prefeitura de Palmas capacita jovens em curso gratuito de m\u00eddias digitais"},"content":{"rendered":"\n<figure class=\"wp-block-image size-full\"><img fetchpriority=\"high\" decoding=\"async\" width=\"1024\" height=\"768\" src=\"https:\/\/cleitonpinheiro.com.br\/site\/wp-content\/uploads\/2025\/08\/A-aluna-Queren-Hapuque-16-anos-diz-que-os-conteudos-do-curso-estao-ajudando-a-melhorar-o-trabalho-com-midias-sociais-na-clinica-onde-atua-\u2013-Foto-Renata-Pessoa.jpg\" alt=\"\" class=\"wp-image-86602\" srcset=\"https:\/\/cleitonpinheiro.com.br\/site\/wp-content\/uploads\/2025\/08\/A-aluna-Queren-Hapuque-16-anos-diz-que-os-conteudos-do-curso-estao-ajudando-a-melhorar-o-trabalho-com-midias-sociais-na-clinica-onde-atua-\u2013-Foto-Renata-Pessoa.jpg 1024w, https:\/\/cleitonpinheiro.com.br\/site\/wp-content\/uploads\/2025\/08\/A-aluna-Queren-Hapuque-16-anos-diz-que-os-conteudos-do-curso-estao-ajudando-a-melhorar-o-trabalho-com-midias-sociais-na-clinica-onde-atua-\u2013-Foto-Renata-Pessoa-300x225.jpg 300w, https:\/\/cleitonpinheiro.com.br\/site\/wp-content\/uploads\/2025\/08\/A-aluna-Queren-Hapuque-16-anos-diz-que-os-conteudos-do-curso-estao-ajudando-a-melhorar-o-trabalho-com-midias-sociais-na-clinica-onde-atua-\u2013-Foto-Renata-Pessoa-768x576.jpg 768w\" sizes=\"(max-width: 1024px) 100vw, 1024px\" \/><figcaption class=\"wp-element-caption\">Renata Pessoa<\/figcaption><\/figure>\n\n\n\n<p>Com foco em preparar a juventude para o mercado de trabalho digital, a Prefeitura de Palmas por meio da Funda\u00e7\u00e3o Municipal da Juventude de Palmas (FJP) est\u00e1 promovendo o curso de M\u00eddias Digitais.<\/p>\n\n\n\n<p>O curso est\u00e1 capacitando jovens de 15 a 29 anos que desejam transformar o uso da internet em profiss\u00e3o e conquistar novas oportunidades no futuro. A forma\u00e7\u00e3o, realizada em parceria com a Escola Atitude Cursos, acontece de forma presencial todas \u00e0s ter\u00e7as e quintas-feiras, das 19 \u00e0s 22 horas, na sede da FJP.<\/p>\n\n\n\n<p>As aulas oferecem experi\u00eancias pr\u00e1ticas e te\u00f3ricas, onde os alunos participam de din\u00e2micas coletivas, desenvolvem apresenta\u00e7\u00f5es e se inspiram em trajet\u00f3rias de pessoas que j\u00e1 trilharam o caminho do sucesso no mundo digital.<\/p>\n\n\n\n<p>Para os alunos, o aprendizado j\u00e1 come\u00e7a a fazer diferen\u00e7a. A jovem Queren Hapuque, 16 anos, disse que j\u00e1 est\u00e1 aplicando o que aprendeu no curso no seu trabalho. Fa\u00e7a as m\u00eddias sociais de uma cl\u00ednica. Os conhecimentos de ilumina\u00e7\u00e3o, edi\u00e7\u00e3o e novos aplicativos t\u00eam feito toda a diferen\u00e7a no meu dia a dia\u201d, disse.<\/p>\n\n\n\n<p>O estudante Gabriel de Jesus Alves Lima, 15 anos, destacou a import\u00e2ncia da troca de experi\u00eancias ao longo das aulas. \u201cAprendi a editar, criar v\u00eddeos e entender o marketing digital. J\u00e1 gostava da \u00e1rea, mas o curso ampliou minhas possibilidades\u201d, ressaltou.<\/p>\n\n\n\n<p>De acordo com o presidente da Funda\u00e7\u00e3o da Juventude, Rivaldo Azevedo da Silva, a iniciativa representa um investimento direto no futuro da juventude palmense. \u201cQueremos que nossos jovens tenham condi\u00e7\u00f5es reais de transformar habilidades em profiss\u00e3o. O curso de m\u00eddias digitais vai abrir caminhos, incentivar a criatividade e ampliar as chances de sucesso nesse novo cen\u00e1rio de trabalho\u201d, enfatizou.<\/p>\n\n\n\n<p>Texto: Renata Pessoa<\/p>\n","protected":false},"excerpt":{"rendered":"<p>Com foco em preparar a juventude para o mercado de trabalho digital, a Prefeitura de Palmas por meio da Funda\u00e7\u00e3o Municipal da Juventude de Palmas (FJP) est\u00e1 promovendo o curso de M\u00eddias Digitais. O curso est\u00e1 capacitando jovens de 15 a 29 anos que desejam transformar o uso da internet em profiss\u00e3o e conquistar novas [&hellip;]<\/p>\n","protected":false},"author":13,"featured_media":86602,"comment_status":"open","ping_status":"open","sticky":false,"template":"","format":"standard","meta":{"_acf_changed":false,"footnotes":""},"categories":[22,898,21],"tags":[],"class_list":["post-86601","post","type-post","status-publish","format-standard","has-post-thumbnail","hentry","category-cidades","category-manchete-segundaria","category-todas-noticias"],"acf":[],"yoast_head":"<!-- This site is optimized with the Yoast SEO plugin v24.4 - https:\/\/yoast.com\/wordpress\/plugins\/seo\/ -->\n<title>Prefeitura de Palmas capacita jovens em curso gratuito de m\u00eddias digitais - PORTAL DE NOT\u00cdCIAS CLEITON PINHEIRO<\/title>\n<meta name=\"robots\" content=\"index, follow, max-snippet:-1, max-image-preview:large, max-video-preview:-1\" \/>\n<link rel=\"canonical\" href=\"https:\/\/cleitonpinheiro.com.br\/site\/prefeitura-de-palmas-capacita-jovens-em-curso-gratuito-de-midias-digitais\/\" \/>\n<meta property=\"og:locale\" content=\"pt_BR\" \/>\n<meta property=\"og:type\" content=\"article\" \/>\n<meta property=\"og:title\" content=\"Prefeitura de Palmas capacita jovens em curso gratuito de m\u00eddias digitais - PORTAL DE NOT\u00cdCIAS CLEITON PINHEIRO\" \/>\n<meta property=\"og:description\" content=\"Com foco em preparar a juventude para o mercado de trabalho digital, a Prefeitura de Palmas por meio da Funda\u00e7\u00e3o Municipal da Juventude de Palmas (FJP) est\u00e1 promovendo o curso de M\u00eddias Digitais. O curso est\u00e1 capacitando jovens de 15 a 29 anos que desejam transformar o uso da internet em profiss\u00e3o e conquistar novas [&hellip;]\" \/>\n<meta property=\"og:url\" content=\"https:\/\/cleitonpinheiro.com.br\/site\/prefeitura-de-palmas-capacita-jovens-em-curso-gratuito-de-midias-digitais\/\" \/>\n<meta property=\"og:site_name\" content=\"PORTAL DE NOT\u00cdCIAS CLEITON PINHEIRO\" \/>\n<meta property=\"article:publisher\" content=\"https:\/\/www.facebook.com\/portalcpnoticias\/\" \/>\n<meta property=\"article:published_time\" content=\"2025-08-20T16:38:27+00:00\" \/>\n<meta property=\"article:modified_time\" content=\"2025-08-20T16:38:32+00:00\" \/>\n<meta property=\"og:image\" content=\"https:\/\/cleitonpinheiro.com.br\/site\/wp-content\/uploads\/2025\/08\/A-aluna-Queren-Hapuque-16-anos-diz-que-os-conteudos-do-curso-estao-ajudando-a-melhorar-o-trabalho-com-midias-sociais-na-clinica-onde-atua-\u2013-Foto-Renata-Pessoa.jpg\" \/>\n\t<meta property=\"og:image:width\" content=\"1024\" \/>\n\t<meta property=\"og:image:height\" content=\"768\" \/>\n\t<meta property=\"og:image:type\" content=\"image\/jpeg\" \/>\n<meta name=\"author\" content=\"Reda\u00e7\u00e3o CP\" \/>\n<meta name=\"twitter:card\" content=\"summary_large_image\" \/>\n<meta name=\"twitter:label1\" content=\"Escrito por\" \/>\n\t<meta name=\"twitter:data1\" content=\"Reda\u00e7\u00e3o CP\" \/>\n\t<meta name=\"twitter:label2\" content=\"Est. tempo de leitura\" \/>\n\t<meta name=\"twitter:data2\" content=\"2 minutos\" \/>\n<script type=\"application\/ld+json\" class=\"yoast-schema-graph\">{\"@context\":\"https:\/\/schema.org\",\"@graph\":[{\"@type\":\"Article\",\"@id\":\"https:\/\/cleitonpinheiro.com.br\/site\/prefeitura-de-palmas-capacita-jovens-em-curso-gratuito-de-midias-digitais\/#article\",\"isPartOf\":{\"@id\":\"https:\/\/cleitonpinheiro.com.br\/site\/prefeitura-de-palmas-capacita-jovens-em-curso-gratuito-de-midias-digitais\/\"},\"author\":{\"name\":\"Reda\u00e7\u00e3o CP\",\"@id\":\"https:\/\/cleitonpinheiro.com.br\/site\/#\/schema\/person\/8f04544e0bc40a1b68775b08360f87db\"},\"headline\":\"Prefeitura de Palmas capacita jovens em curso gratuito de m\u00eddias digitais\",\"datePublished\":\"2025-08-20T16:38:27+00:00\",\"dateModified\":\"2025-08-20T16:38:32+00:00\",\"mainEntityOfPage\":{\"@id\":\"https:\/\/cleitonpinheiro.com.br\/site\/prefeitura-de-palmas-capacita-jovens-em-curso-gratuito-de-midias-digitais\/\"},\"wordCount\":313,\"commentCount\":0,\"publisher\":{\"@id\":\"https:\/\/cleitonpinheiro.com.br\/site\/#organization\"},\"image\":{\"@id\":\"https:\/\/cleitonpinheiro.com.br\/site\/prefeitura-de-palmas-capacita-jovens-em-curso-gratuito-de-midias-digitais\/#primaryimage\"},\"thumbnailUrl\":\"https:\/\/cleitonpinheiro.com.br\/site\/wp-content\/uploads\/2025\/08\/A-aluna-Queren-Hapuque-16-anos-diz-que-os-conteudos-do-curso-estao-ajudando-a-melhorar-o-trabalho-com-midias-sociais-na-clinica-onde-atua-\u2013-Foto-Renata-Pessoa.jpg\",\"articleSection\":[\"CIDADES\",\"MANCHETE SEGUND\u00c1RIA\",\"TODAS NOTICIAS\"],\"inLanguage\":\"pt-BR\",\"potentialAction\":[{\"@type\":\"CommentAction\",\"name\":\"Comment\",\"target\":[\"https:\/\/cleitonpinheiro.com.br\/site\/prefeitura-de-palmas-capacita-jovens-em-curso-gratuito-de-midias-digitais\/#respond\"]}]},{\"@type\":\"WebPage\",\"@id\":\"https:\/\/cleitonpinheiro.com.br\/site\/prefeitura-de-palmas-capacita-jovens-em-curso-gratuito-de-midias-digitais\/\",\"url\":\"https:\/\/cleitonpinheiro.com.br\/site\/prefeitura-de-palmas-capacita-jovens-em-curso-gratuito-de-midias-digitais\/\",\"name\":\"Prefeitura de Palmas capacita jovens em curso gratuito de m\u00eddias digitais - PORTAL DE NOT\u00cdCIAS CLEITON PINHEIRO\",\"isPartOf\":{\"@id\":\"https:\/\/cleitonpinheiro.com.br\/site\/#website\"},\"primaryImageOfPage\":{\"@id\":\"https:\/\/cleitonpinheiro.com.br\/site\/prefeitura-de-palmas-capacita-jovens-em-curso-gratuito-de-midias-digitais\/#primaryimage\"},\"image\":{\"@id\":\"https:\/\/cleitonpinheiro.com.br\/site\/prefeitura-de-palmas-capacita-jovens-em-curso-gratuito-de-midias-digitais\/#primaryimage\"},\"thumbnailUrl\":\"https:\/\/cleitonpinheiro.com.br\/site\/wp-content\/uploads\/2025\/08\/A-aluna-Queren-Hapuque-16-anos-diz-que-os-conteudos-do-curso-estao-ajudando-a-melhorar-o-trabalho-com-midias-sociais-na-clinica-onde-atua-\u2013-Foto-Renata-Pessoa.jpg\",\"datePublished\":\"2025-08-20T16:38:27+00:00\",\"dateModified\":\"2025-08-20T16:38:32+00:00\",\"breadcrumb\":{\"@id\":\"https:\/\/cleitonpinheiro.com.br\/site\/prefeitura-de-palmas-capacita-jovens-em-curso-gratuito-de-midias-digitais\/#breadcrumb\"},\"inLanguage\":\"pt-BR\",\"potentialAction\":[{\"@type\":\"ReadAction\",\"target\":[\"https:\/\/cleitonpinheiro.com.br\/site\/prefeitura-de-palmas-capacita-jovens-em-curso-gratuito-de-midias-digitais\/\"]}]},{\"@type\":\"ImageObject\",\"inLanguage\":\"pt-BR\",\"@id\":\"https:\/\/cleitonpinheiro.com.br\/site\/prefeitura-de-palmas-capacita-jovens-em-curso-gratuito-de-midias-digitais\/#primaryimage\",\"url\":\"https:\/\/cleitonpinheiro.com.br\/site\/wp-content\/uploads\/2025\/08\/A-aluna-Queren-Hapuque-16-anos-diz-que-os-conteudos-do-curso-estao-ajudando-a-melhorar-o-trabalho-com-midias-sociais-na-clinica-onde-atua-\u2013-Foto-Renata-Pessoa.jpg\",\"contentUrl\":\"https:\/\/cleitonpinheiro.com.br\/site\/wp-content\/uploads\/2025\/08\/A-aluna-Queren-Hapuque-16-anos-diz-que-os-conteudos-do-curso-estao-ajudando-a-melhorar-o-trabalho-com-midias-sociais-na-clinica-onde-atua-\u2013-Foto-Renata-Pessoa.jpg\",\"width\":1024,\"height\":768,\"caption\":\"Renata Pessoa\"},{\"@type\":\"BreadcrumbList\",\"@id\":\"https:\/\/cleitonpinheiro.com.br\/site\/prefeitura-de-palmas-capacita-jovens-em-curso-gratuito-de-midias-digitais\/#breadcrumb\",\"itemListElement\":[{\"@type\":\"ListItem\",\"position\":1,\"name\":\"In\u00edcio\",\"item\":\"https:\/\/cleitonpinheiro.com.br\/site\/\"},{\"@type\":\"ListItem\",\"position\":2,\"name\":\"Prefeitura de Palmas capacita jovens em curso gratuito de m\u00eddias digitais\"}]},{\"@type\":\"WebSite\",\"@id\":\"https:\/\/cleitonpinheiro.com.br\/site\/#website\",\"url\":\"https:\/\/cleitonpinheiro.com.br\/site\/\",\"name\":\"PORTAL DE NOT\u00cdCIAS CLEITON PINHEIRO\",\"description\":\"FALANDO A VERDADE\",\"publisher\":{\"@id\":\"https:\/\/cleitonpinheiro.com.br\/site\/#organization\"},\"potentialAction\":[{\"@type\":\"SearchAction\",\"target\":{\"@type\":\"EntryPoint\",\"urlTemplate\":\"https:\/\/cleitonpinheiro.com.br\/site\/?s={search_term_string}\"},\"query-input\":{\"@type\":\"PropertyValueSpecification\",\"valueRequired\":true,\"valueName\":\"search_term_string\"}}],\"inLanguage\":\"pt-BR\"},{\"@type\":\"Organization\",\"@id\":\"https:\/\/cleitonpinheiro.com.br\/site\/#organization\",\"name\":\"CPNOT\u00cdCIAS\",\"url\":\"https:\/\/cleitonpinheiro.com.br\/site\/\",\"logo\":{\"@type\":\"ImageObject\",\"inLanguage\":\"pt-BR\",\"@id\":\"https:\/\/cleitonpinheiro.com.br\/site\/#\/schema\/logo\/image\/\",\"url\":\"https:\/\/cleitonpinheiro.com.br\/site\/wp-content\/uploads\/2022\/08\/Logo-pequena-2.png\",\"contentUrl\":\"https:\/\/cleitonpinheiro.com.br\/site\/wp-content\/uploads\/2022\/08\/Logo-pequena-2.png\",\"width\":500,\"height\":500,\"caption\":\"CPNOT\u00cdCIAS\"},\"image\":{\"@id\":\"https:\/\/cleitonpinheiro.com.br\/site\/#\/schema\/logo\/image\/\"},\"sameAs\":[\"https:\/\/www.facebook.com\/portalcpnoticias\/\"]},{\"@type\":\"Person\",\"@id\":\"https:\/\/cleitonpinheiro.com.br\/site\/#\/schema\/person\/8f04544e0bc40a1b68775b08360f87db\",\"name\":\"Reda\u00e7\u00e3o CP\",\"image\":{\"@type\":\"ImageObject\",\"inLanguage\":\"pt-BR\",\"@id\":\"https:\/\/cleitonpinheiro.com.br\/site\/#\/schema\/person\/image\/\",\"url\":\"https:\/\/secure.gravatar.com\/avatar\/0bcf19cb29fdc8fc588c490c7ae1b3e174dac268586a63fbe1d1893a0f9020cd?s=96&r=g\",\"contentUrl\":\"https:\/\/secure.gravatar.com\/avatar\/0bcf19cb29fdc8fc588c490c7ae1b3e174dac268586a63fbe1d1893a0f9020cd?s=96&r=g\",\"caption\":\"Reda\u00e7\u00e3o CP\"},\"url\":\"https:\/\/cleitonpinheiro.com.br\/site\/author\/redacao\/\"}]}<\/script>\n<!-- \/ Yoast SEO plugin. -->","yoast_head_json":{"title":"Prefeitura de Palmas capacita jovens em curso gratuito de m\u00eddias digitais - PORTAL DE NOT\u00cdCIAS CLEITON PINHEIRO","robots":{"index":"index","follow":"follow","max-snippet":"max-snippet:-1","max-image-preview":"max-image-preview:large","max-video-preview":"max-video-preview:-1"},"canonical":"https:\/\/cleitonpinheiro.com.br\/site\/prefeitura-de-palmas-capacita-jovens-em-curso-gratuito-de-midias-digitais\/","og_locale":"pt_BR","og_type":"article","og_title":"Prefeitura de Palmas capacita jovens em curso gratuito de m\u00eddias digitais - PORTAL DE NOT\u00cdCIAS CLEITON PINHEIRO","og_description":"Com foco em preparar a juventude para o mercado de trabalho digital, a Prefeitura de Palmas por meio da Funda\u00e7\u00e3o Municipal da Juventude de Palmas (FJP) est\u00e1 promovendo o curso de M\u00eddias Digitais. O curso est\u00e1 capacitando jovens de 15 a 29 anos que desejam transformar o uso da internet em profiss\u00e3o e conquistar novas [&hellip;]","og_url":"https:\/\/cleitonpinheiro.com.br\/site\/prefeitura-de-palmas-capacita-jovens-em-curso-gratuito-de-midias-digitais\/","og_site_name":"PORTAL DE NOT\u00cdCIAS CLEITON PINHEIRO","article_publisher":"https:\/\/www.facebook.com\/portalcpnoticias\/","article_published_time":"2025-08-20T16:38:27+00:00","article_modified_time":"2025-08-20T16:38:32+00:00","og_image":[{"width":1024,"height":768,"url":"https:\/\/cleitonpinheiro.com.br\/site\/wp-content\/uploads\/2025\/08\/A-aluna-Queren-Hapuque-16-anos-diz-que-os-conteudos-do-curso-estao-ajudando-a-melhorar-o-trabalho-com-midias-sociais-na-clinica-onde-atua-\u2013-Foto-Renata-Pessoa.jpg","type":"image\/jpeg"}],"author":"Reda\u00e7\u00e3o CP","twitter_card":"summary_large_image","twitter_misc":{"Escrito por":"Reda\u00e7\u00e3o CP","Est. tempo de leitura":"2 minutos"},"schema":{"@context":"https:\/\/schema.org","@graph":[{"@type":"Article","@id":"https:\/\/cleitonpinheiro.com.br\/site\/prefeitura-de-palmas-capacita-jovens-em-curso-gratuito-de-midias-digitais\/#article","isPartOf":{"@id":"https:\/\/cleitonpinheiro.com.br\/site\/prefeitura-de-palmas-capacita-jovens-em-curso-gratuito-de-midias-digitais\/"},"author":{"name":"Reda\u00e7\u00e3o CP","@id":"https:\/\/cleitonpinheiro.com.br\/site\/#\/schema\/person\/8f04544e0bc40a1b68775b08360f87db"},"headline":"Prefeitura de Palmas capacita jovens em curso gratuito de m\u00eddias digitais","datePublished":"2025-08-20T16:38:27+00:00","dateModified":"2025-08-20T16:38:32+00:00","mainEntityOfPage":{"@id":"https:\/\/cleitonpinheiro.com.br\/site\/prefeitura-de-palmas-capacita-jovens-em-curso-gratuito-de-midias-digitais\/"},"wordCount":313,"commentCount":0,"publisher":{"@id":"https:\/\/cleitonpinheiro.com.br\/site\/#organization"},"image":{"@id":"https:\/\/cleitonpinheiro.com.br\/site\/prefeitura-de-palmas-capacita-jovens-em-curso-gratuito-de-midias-digitais\/#primaryimage"},"thumbnailUrl":"https:\/\/cleitonpinheiro.com.br\/site\/wp-content\/uploads\/2025\/08\/A-aluna-Queren-Hapuque-16-anos-diz-que-os-conteudos-do-curso-estao-ajudando-a-melhorar-o-trabalho-com-midias-sociais-na-clinica-onde-atua-\u2013-Foto-Renata-Pessoa.jpg","articleSection":["CIDADES","MANCHETE SEGUND\u00c1RIA","TODAS NOTICIAS"],"inLanguage":"pt-BR","potentialAction":[{"@type":"CommentAction","name":"Comment","target":["https:\/\/cleitonpinheiro.com.br\/site\/prefeitura-de-palmas-capacita-jovens-em-curso-gratuito-de-midias-digitais\/#respond"]}]},{"@type":"WebPage","@id":"https:\/\/cleitonpinheiro.com.br\/site\/prefeitura-de-palmas-capacita-jovens-em-curso-gratuito-de-midias-digitais\/","url":"https:\/\/cleitonpinheiro.com.br\/site\/prefeitura-de-palmas-capacita-jovens-em-curso-gratuito-de-midias-digitais\/","name":"Prefeitura de Palmas capacita jovens em curso gratuito de m\u00eddias digitais - PORTAL DE NOT\u00cdCIAS CLEITON PINHEIRO","isPartOf":{"@id":"https:\/\/cleitonpinheiro.com.br\/site\/#website"},"primaryImageOfPage":{"@id":"https:\/\/cleitonpinheiro.com.br\/site\/prefeitura-de-palmas-capacita-jovens-em-curso-gratuito-de-midias-digitais\/#primaryimage"},"image":{"@id":"https:\/\/cleitonpinheiro.com.br\/site\/prefeitura-de-palmas-capacita-jovens-em-curso-gratuito-de-midias-digitais\/#primaryimage"},"thumbnailUrl":"https:\/\/cleitonpinheiro.com.br\/site\/wp-content\/uploads\/2025\/08\/A-aluna-Queren-Hapuque-16-anos-diz-que-os-conteudos-do-curso-estao-ajudando-a-melhorar-o-trabalho-com-midias-sociais-na-clinica-onde-atua-\u2013-Foto-Renata-Pessoa.jpg","datePublished":"2025-08-20T16:38:27+00:00","dateModified":"2025-08-20T16:38:32+00:00","breadcrumb":{"@id":"https:\/\/cleitonpinheiro.com.br\/site\/prefeitura-de-palmas-capacita-jovens-em-curso-gratuito-de-midias-digitais\/#breadcrumb"},"inLanguage":"pt-BR","potentialAction":[{"@type":"ReadAction","target":["https:\/\/cleitonpinheiro.com.br\/site\/prefeitura-de-palmas-capacita-jovens-em-curso-gratuito-de-midias-digitais\/"]}]},{"@type":"ImageObject","inLanguage":"pt-BR","@id":"https:\/\/cleitonpinheiro.com.br\/site\/prefeitura-de-palmas-capacita-jovens-em-curso-gratuito-de-midias-digitais\/#primaryimage","url":"https:\/\/cleitonpinheiro.com.br\/site\/wp-content\/uploads\/2025\/08\/A-aluna-Queren-Hapuque-16-anos-diz-que-os-conteudos-do-curso-estao-ajudando-a-melhorar-o-trabalho-com-midias-sociais-na-clinica-onde-atua-\u2013-Foto-Renata-Pessoa.jpg","contentUrl":"https:\/\/cleitonpinheiro.com.br\/site\/wp-content\/uploads\/2025\/08\/A-aluna-Queren-Hapuque-16-anos-diz-que-os-conteudos-do-curso-estao-ajudando-a-melhorar-o-trabalho-com-midias-sociais-na-clinica-onde-atua-\u2013-Foto-Renata-Pessoa.jpg","width":1024,"height":768,"caption":"Renata Pessoa"},{"@type":"BreadcrumbList","@id":"https:\/\/cleitonpinheiro.com.br\/site\/prefeitura-de-palmas-capacita-jovens-em-curso-gratuito-de-midias-digitais\/#breadcrumb","itemListElement":[{"@type":"ListItem","position":1,"name":"In\u00edcio","item":"https:\/\/cleitonpinheiro.com.br\/site\/"},{"@type":"ListItem","position":2,"name":"Prefeitura de Palmas capacita jovens em curso gratuito de m\u00eddias digitais"}]},{"@type":"WebSite","@id":"https:\/\/cleitonpinheiro.com.br\/site\/#website","url":"https:\/\/cleitonpinheiro.com.br\/site\/","name":"PORTAL DE NOT\u00cdCIAS CLEITON PINHEIRO","description":"FALANDO A VERDADE","publisher":{"@id":"https:\/\/cleitonpinheiro.com.br\/site\/#organization"},"potentialAction":[{"@type":"SearchAction","target":{"@type":"EntryPoint","urlTemplate":"https:\/\/cleitonpinheiro.com.br\/site\/?s={search_term_string}"},"query-input":{"@type":"PropertyValueSpecification","valueRequired":true,"valueName":"search_term_string"}}],"inLanguage":"pt-BR"},{"@type":"Organization","@id":"https:\/\/cleitonpinheiro.com.br\/site\/#organization","name":"CPNOT\u00cdCIAS","url":"https:\/\/cleitonpinheiro.com.br\/site\/","logo":{"@type":"ImageObject","inLanguage":"pt-BR","@id":"https:\/\/cleitonpinheiro.com.br\/site\/#\/schema\/logo\/image\/","url":"https:\/\/cleitonpinheiro.com.br\/site\/wp-content\/uploads\/2022\/08\/Logo-pequena-2.png","contentUrl":"https:\/\/cleitonpinheiro.com.br\/site\/wp-content\/uploads\/2022\/08\/Logo-pequena-2.png","width":500,"height":500,"caption":"CPNOT\u00cdCIAS"},"image":{"@id":"https:\/\/cleitonpinheiro.com.br\/site\/#\/schema\/logo\/image\/"},"sameAs":["https:\/\/www.facebook.com\/portalcpnoticias\/"]},{"@type":"Person","@id":"https:\/\/cleitonpinheiro.com.br\/site\/#\/schema\/person\/8f04544e0bc40a1b68775b08360f87db","name":"Reda\u00e7\u00e3o CP","image":{"@type":"ImageObject","inLanguage":"pt-BR","@id":"https:\/\/cleitonpinheiro.com.br\/site\/#\/schema\/person\/image\/","url":"https:\/\/secure.gravatar.com\/avatar\/0bcf19cb29fdc8fc588c490c7ae1b3e174dac268586a63fbe1d1893a0f9020cd?s=96&r=g","contentUrl":"https:\/\/secure.gravatar.com\/avatar\/0bcf19cb29fdc8fc588c490c7ae1b3e174dac268586a63fbe1d1893a0f9020cd?s=96&r=g","caption":"Reda\u00e7\u00e3o CP"},"url":"https:\/\/cleitonpinheiro.com.br\/site\/author\/redacao\/"}]}},"views":133,"_links":{"self":[{"href":"https:\/\/cleitonpinheiro.com.br\/site\/wp-json\/wp\/v2\/posts\/86601","targetHints":{"allow":["GET"]}}],"collection":[{"href":"https:\/\/cleitonpinheiro.com.br\/site\/wp-json\/wp\/v2\/posts"}],"about":[{"href":"https:\/\/cleitonpinheiro.com.br\/site\/wp-json\/wp\/v2\/types\/post"}],"author":[{"embeddable":true,"href":"https:\/\/cleitonpinheiro.com.br\/site\/wp-json\/wp\/v2\/users\/13"}],"replies":[{"embeddable":true,"href":"https:\/\/cleitonpinheiro.com.br\/site\/wp-json\/wp\/v2\/comments?post=86601"}],"version-history":[{"count":1,"href":"https:\/\/cleitonpinheiro.com.br\/site\/wp-json\/wp\/v2\/posts\/86601\/revisions"}],"predecessor-version":[{"id":86603,"href":"https:\/\/cleitonpinheiro.com.br\/site\/wp-json\/wp\/v2\/posts\/86601\/revisions\/86603"}],"wp:featuredmedia":[{"embeddable":true,"href":"https:\/\/cleitonpinheiro.com.br\/site\/wp-json\/wp\/v2\/media\/86602"}],"wp:attachment":[{"href":"https:\/\/cleitonpinheiro.com.br\/site\/wp-json\/wp\/v2\/media?parent=86601"}],"wp:term":[{"taxonomy":"category","embeddable":true,"href":"https:\/\/cleitonpinheiro.com.br\/site\/wp-json\/wp\/v2\/categories?post=86601"},{"taxonomy":"post_tag","embeddable":true,"href":"https:\/\/cleitonpinheiro.com.br\/site\/wp-json\/wp\/v2\/tags?post=86601"}],"curies":[{"name":"wp","href":"https:\/\/api.w.org\/{rel}","templated":true}]}}