{"id":86604,"date":"2025-08-20T14:08:14","date_gmt":"2025-08-20T17:08:14","guid":{"rendered":"https:\/\/cleitonpinheiro.com.br\/site\/?p=86604"},"modified":"2025-08-25T10:55:55","modified_gmt":"2025-08-25T13:55:55","slug":"mais-de-600-mil-ainda-nao-aderiram-a-acordo-sobre-descontos-no-inss","status":"publish","type":"post","link":"https:\/\/cleitonpinheiro.com.br\/site\/mais-de-600-mil-ainda-nao-aderiram-a-acordo-sobre-descontos-no-inss\/","title":{"rendered":"Mais de 600 mil ainda n\u00e3o aderiram a acordo sobre descontos no INSS"},"content":{"rendered":"\n<figure class=\"wp-block-image size-full\"><img fetchpriority=\"high\" decoding=\"async\" width=\"960\" height=\"540\" src=\"https:\/\/cleitonpinheiro.com.br\/site\/wp-content\/uploads\/2025\/04\/prova-de-vida-INSS-header-960x540-1.webp\" alt=\"\" class=\"wp-image-85350\" srcset=\"https:\/\/cleitonpinheiro.com.br\/site\/wp-content\/uploads\/2025\/04\/prova-de-vida-INSS-header-960x540-1.webp 960w, https:\/\/cleitonpinheiro.com.br\/site\/wp-content\/uploads\/2025\/04\/prova-de-vida-INSS-header-960x540-1-300x169.webp 300w, https:\/\/cleitonpinheiro.com.br\/site\/wp-content\/uploads\/2025\/04\/prova-de-vida-INSS-header-960x540-1-768x432.webp 768w\" sizes=\"(max-width: 960px) 100vw, 960px\" \/><\/figure>\n\n\n\n<p>Pelo menos 613 mil aposentados e pensionistas do&nbsp;INSS, que t\u00eam direito ao ressarcimento de descontos indevidos, ainda n\u00e3o fizeram a ades\u00e3o ao acordo para receber o dinheiro de volta.<img decoding=\"async\" src=\"https:\/\/agenciabrasil.ebc.com.br\/ebc.png?id=1654542&amp;o=node\"><img decoding=\"async\" src=\"https:\/\/agenciabrasil.ebc.com.br\/ebc.gif?id=1654542&amp;o=node\"><\/p>\n\n\n\n<p>O acordo garante que as v\u00edtimas da fraude possam receber os valores que foram descontados, de forma integral e corrigidos pela infla\u00e7\u00e3o, diretamente na conta banc\u00e1ria onde o benef\u00edcio \u00e9 pago.<\/p>\n\n\n\n<p>Podem fazer a ades\u00e3o aqueles que contestaram e n\u00e3o receberam, em at\u00e9 15 dias \u00fateis, resposta da entidade ou associa\u00e7\u00e3o respons\u00e1vel pelos descontos indevidos. Se enquadram todos que tiveram descontos entre mar\u00e7o de 2020 e mar\u00e7o de 2025&nbsp;e aqueles com processo na justi\u00e7a, que devem desistir da a\u00e7\u00e3o para ter o ressarcimento.<\/p>\n\n\n\n<p>Ainda para aderir ao acordo, o benefici\u00e1rio deve formalizar a contesta\u00e7\u00e3o dos descontos junto \u00e0 Previd\u00eancia Social at\u00e9 o dia 14 de novembro, pelo aplicativo Meu&nbsp;INSS, na central 135 ou em ag\u00eancias dos Correios.&nbsp;At\u00e9 agora, mais de 1,8 milh\u00e3o de benefici\u00e1rios, o que representa 75% dos que est\u00e3o aptos, j\u00e1 aderiram ao acordo. &nbsp;A expectativa \u00e9 que 99% deles recebam os valores descontados indevidamente at\u00e9 a pr\u00f3xima segunda-feira, dia 18.<\/p>\n\n\n\n<p>Texto: Cristiane Ribeiro &#8211; Rep\u00f3rter da R\u00e1dio Nacional<\/p>\n","protected":false},"excerpt":{"rendered":"<p>Pelo menos 613 mil aposentados e pensionistas do&nbsp;INSS, que t\u00eam direito ao ressarcimento de descontos indevidos, ainda n\u00e3o fizeram a ades\u00e3o ao acordo para receber o dinheiro de volta. O acordo garante que as v\u00edtimas da fraude possam receber os valores que foram descontados, de forma integral e corrigidos pela infla\u00e7\u00e3o, diretamente na conta banc\u00e1ria [&hellip;]<\/p>\n","protected":false},"author":13,"featured_media":85350,"comment_status":"open","ping_status":"open","sticky":false,"template":"","format":"standard","meta":{"_acf_changed":false,"footnotes":""},"categories":[19,898,21],"tags":[],"class_list":["post-86604","post","type-post","status-publish","format-standard","has-post-thumbnail","hentry","category-brasil-mundo","category-manchete-segundaria","category-todas-noticias"],"acf":[],"yoast_head":"<!-- This site is optimized with the Yoast SEO plugin v24.4 - https:\/\/yoast.com\/wordpress\/plugins\/seo\/ -->\n<title>Mais de 600 mil ainda n\u00e3o aderiram a acordo sobre descontos no INSS - PORTAL DE NOT\u00cdCIAS CLEITON PINHEIRO<\/title>\n<meta name=\"robots\" content=\"index, follow, max-snippet:-1, max-image-preview:large, max-video-preview:-1\" \/>\n<link rel=\"canonical\" href=\"https:\/\/cleitonpinheiro.com.br\/site\/mais-de-600-mil-ainda-nao-aderiram-a-acordo-sobre-descontos-no-inss\/\" \/>\n<meta property=\"og:locale\" content=\"pt_BR\" \/>\n<meta property=\"og:type\" content=\"article\" \/>\n<meta property=\"og:title\" content=\"Mais de 600 mil ainda n\u00e3o aderiram a acordo sobre descontos no INSS - PORTAL DE NOT\u00cdCIAS CLEITON PINHEIRO\" \/>\n<meta property=\"og:description\" content=\"Pelo menos 613 mil aposentados e pensionistas do&nbsp;INSS, que t\u00eam direito ao ressarcimento de descontos indevidos, ainda n\u00e3o fizeram a ades\u00e3o ao acordo para receber o dinheiro de volta. O acordo garante que as v\u00edtimas da fraude possam receber os valores que foram descontados, de forma integral e corrigidos pela infla\u00e7\u00e3o, diretamente na conta banc\u00e1ria [&hellip;]\" \/>\n<meta property=\"og:url\" content=\"https:\/\/cleitonpinheiro.com.br\/site\/mais-de-600-mil-ainda-nao-aderiram-a-acordo-sobre-descontos-no-inss\/\" \/>\n<meta property=\"og:site_name\" content=\"PORTAL DE NOT\u00cdCIAS CLEITON PINHEIRO\" \/>\n<meta property=\"article:publisher\" content=\"https:\/\/www.facebook.com\/portalcpnoticias\/\" \/>\n<meta property=\"article:published_time\" content=\"2025-08-20T17:08:14+00:00\" \/>\n<meta property=\"article:modified_time\" content=\"2025-08-25T13:55:55+00:00\" \/>\n<meta property=\"og:image\" content=\"https:\/\/cleitonpinheiro.com.br\/site\/wp-content\/uploads\/2025\/04\/prova-de-vida-INSS-header-960x540-1.webp\" \/>\n\t<meta property=\"og:image:width\" content=\"960\" \/>\n\t<meta property=\"og:image:height\" content=\"540\" \/>\n\t<meta property=\"og:image:type\" content=\"image\/webp\" \/>\n<meta name=\"author\" content=\"Reda\u00e7\u00e3o CP\" \/>\n<meta name=\"twitter:card\" content=\"summary_large_image\" \/>\n<meta name=\"twitter:label1\" content=\"Escrito por\" \/>\n\t<meta name=\"twitter:data1\" content=\"Reda\u00e7\u00e3o CP\" \/>\n\t<meta name=\"twitter:label2\" content=\"Est. tempo de leitura\" \/>\n\t<meta name=\"twitter:data2\" content=\"2 minutos\" \/>\n<script type=\"application\/ld+json\" class=\"yoast-schema-graph\">{\"@context\":\"https:\/\/schema.org\",\"@graph\":[{\"@type\":\"Article\",\"@id\":\"https:\/\/cleitonpinheiro.com.br\/site\/mais-de-600-mil-ainda-nao-aderiram-a-acordo-sobre-descontos-no-inss\/#article\",\"isPartOf\":{\"@id\":\"https:\/\/cleitonpinheiro.com.br\/site\/mais-de-600-mil-ainda-nao-aderiram-a-acordo-sobre-descontos-no-inss\/\"},\"author\":{\"name\":\"Reda\u00e7\u00e3o CP\",\"@id\":\"https:\/\/cleitonpinheiro.com.br\/site\/#\/schema\/person\/8f04544e0bc40a1b68775b08360f87db\"},\"headline\":\"Mais de 600 mil ainda n\u00e3o aderiram a acordo sobre descontos no INSS\",\"datePublished\":\"2025-08-20T17:08:14+00:00\",\"dateModified\":\"2025-08-25T13:55:55+00:00\",\"mainEntityOfPage\":{\"@id\":\"https:\/\/cleitonpinheiro.com.br\/site\/mais-de-600-mil-ainda-nao-aderiram-a-acordo-sobre-descontos-no-inss\/\"},\"wordCount\":224,\"commentCount\":0,\"publisher\":{\"@id\":\"https:\/\/cleitonpinheiro.com.br\/site\/#organization\"},\"image\":{\"@id\":\"https:\/\/cleitonpinheiro.com.br\/site\/mais-de-600-mil-ainda-nao-aderiram-a-acordo-sobre-descontos-no-inss\/#primaryimage\"},\"thumbnailUrl\":\"https:\/\/cleitonpinheiro.com.br\/site\/wp-content\/uploads\/2025\/04\/prova-de-vida-INSS-header-960x540-1.webp\",\"articleSection\":[\"BRASIL \/ MUNDO\",\"MANCHETE SEGUND\u00c1RIA\",\"TODAS NOTICIAS\"],\"inLanguage\":\"pt-BR\",\"potentialAction\":[{\"@type\":\"CommentAction\",\"name\":\"Comment\",\"target\":[\"https:\/\/cleitonpinheiro.com.br\/site\/mais-de-600-mil-ainda-nao-aderiram-a-acordo-sobre-descontos-no-inss\/#respond\"]}]},{\"@type\":\"WebPage\",\"@id\":\"https:\/\/cleitonpinheiro.com.br\/site\/mais-de-600-mil-ainda-nao-aderiram-a-acordo-sobre-descontos-no-inss\/\",\"url\":\"https:\/\/cleitonpinheiro.com.br\/site\/mais-de-600-mil-ainda-nao-aderiram-a-acordo-sobre-descontos-no-inss\/\",\"name\":\"Mais de 600 mil ainda n\u00e3o aderiram a acordo sobre descontos no INSS - PORTAL DE NOT\u00cdCIAS CLEITON PINHEIRO\",\"isPartOf\":{\"@id\":\"https:\/\/cleitonpinheiro.com.br\/site\/#website\"},\"primaryImageOfPage\":{\"@id\":\"https:\/\/cleitonpinheiro.com.br\/site\/mais-de-600-mil-ainda-nao-aderiram-a-acordo-sobre-descontos-no-inss\/#primaryimage\"},\"image\":{\"@id\":\"https:\/\/cleitonpinheiro.com.br\/site\/mais-de-600-mil-ainda-nao-aderiram-a-acordo-sobre-descontos-no-inss\/#primaryimage\"},\"thumbnailUrl\":\"https:\/\/cleitonpinheiro.com.br\/site\/wp-content\/uploads\/2025\/04\/prova-de-vida-INSS-header-960x540-1.webp\",\"datePublished\":\"2025-08-20T17:08:14+00:00\",\"dateModified\":\"2025-08-25T13:55:55+00:00\",\"breadcrumb\":{\"@id\":\"https:\/\/cleitonpinheiro.com.br\/site\/mais-de-600-mil-ainda-nao-aderiram-a-acordo-sobre-descontos-no-inss\/#breadcrumb\"},\"inLanguage\":\"pt-BR\",\"potentialAction\":[{\"@type\":\"ReadAction\",\"target\":[\"https:\/\/cleitonpinheiro.com.br\/site\/mais-de-600-mil-ainda-nao-aderiram-a-acordo-sobre-descontos-no-inss\/\"]}]},{\"@type\":\"ImageObject\",\"inLanguage\":\"pt-BR\",\"@id\":\"https:\/\/cleitonpinheiro.com.br\/site\/mais-de-600-mil-ainda-nao-aderiram-a-acordo-sobre-descontos-no-inss\/#primaryimage\",\"url\":\"https:\/\/cleitonpinheiro.com.br\/site\/wp-content\/uploads\/2025\/04\/prova-de-vida-INSS-header-960x540-1.webp\",\"contentUrl\":\"https:\/\/cleitonpinheiro.com.br\/site\/wp-content\/uploads\/2025\/04\/prova-de-vida-INSS-header-960x540-1.webp\",\"width\":960,\"height\":540},{\"@type\":\"BreadcrumbList\",\"@id\":\"https:\/\/cleitonpinheiro.com.br\/site\/mais-de-600-mil-ainda-nao-aderiram-a-acordo-sobre-descontos-no-inss\/#breadcrumb\",\"itemListElement\":[{\"@type\":\"ListItem\",\"position\":1,\"name\":\"In\u00edcio\",\"item\":\"https:\/\/cleitonpinheiro.com.br\/site\/\"},{\"@type\":\"ListItem\",\"position\":2,\"name\":\"Mais de 600 mil ainda n\u00e3o aderiram a acordo sobre descontos no INSS\"}]},{\"@type\":\"WebSite\",\"@id\":\"https:\/\/cleitonpinheiro.com.br\/site\/#website\",\"url\":\"https:\/\/cleitonpinheiro.com.br\/site\/\",\"name\":\"PORTAL DE NOT\u00cdCIAS CLEITON PINHEIRO\",\"description\":\"FALANDO A VERDADE\",\"publisher\":{\"@id\":\"https:\/\/cleitonpinheiro.com.br\/site\/#organization\"},\"potentialAction\":[{\"@type\":\"SearchAction\",\"target\":{\"@type\":\"EntryPoint\",\"urlTemplate\":\"https:\/\/cleitonpinheiro.com.br\/site\/?s={search_term_string}\"},\"query-input\":{\"@type\":\"PropertyValueSpecification\",\"valueRequired\":true,\"valueName\":\"search_term_string\"}}],\"inLanguage\":\"pt-BR\"},{\"@type\":\"Organization\",\"@id\":\"https:\/\/cleitonpinheiro.com.br\/site\/#organization\",\"name\":\"CPNOT\u00cdCIAS\",\"url\":\"https:\/\/cleitonpinheiro.com.br\/site\/\",\"logo\":{\"@type\":\"ImageObject\",\"inLanguage\":\"pt-BR\",\"@id\":\"https:\/\/cleitonpinheiro.com.br\/site\/#\/schema\/logo\/image\/\",\"url\":\"https:\/\/cleitonpinheiro.com.br\/site\/wp-content\/uploads\/2022\/08\/Logo-pequena-2.png\",\"contentUrl\":\"https:\/\/cleitonpinheiro.com.br\/site\/wp-content\/uploads\/2022\/08\/Logo-pequena-2.png\",\"width\":500,\"height\":500,\"caption\":\"CPNOT\u00cdCIAS\"},\"image\":{\"@id\":\"https:\/\/cleitonpinheiro.com.br\/site\/#\/schema\/logo\/image\/\"},\"sameAs\":[\"https:\/\/www.facebook.com\/portalcpnoticias\/\"]},{\"@type\":\"Person\",\"@id\":\"https:\/\/cleitonpinheiro.com.br\/site\/#\/schema\/person\/8f04544e0bc40a1b68775b08360f87db\",\"name\":\"Reda\u00e7\u00e3o CP\",\"image\":{\"@type\":\"ImageObject\",\"inLanguage\":\"pt-BR\",\"@id\":\"https:\/\/cleitonpinheiro.com.br\/site\/#\/schema\/person\/image\/\",\"url\":\"https:\/\/secure.gravatar.com\/avatar\/0bcf19cb29fdc8fc588c490c7ae1b3e174dac268586a63fbe1d1893a0f9020cd?s=96&r=g\",\"contentUrl\":\"https:\/\/secure.gravatar.com\/avatar\/0bcf19cb29fdc8fc588c490c7ae1b3e174dac268586a63fbe1d1893a0f9020cd?s=96&r=g\",\"caption\":\"Reda\u00e7\u00e3o CP\"},\"url\":\"https:\/\/cleitonpinheiro.com.br\/site\/author\/redacao\/\"}]}<\/script>\n<!-- \/ Yoast SEO plugin. -->","yoast_head_json":{"title":"Mais de 600 mil ainda n\u00e3o aderiram a acordo sobre descontos no INSS - PORTAL DE NOT\u00cdCIAS CLEITON PINHEIRO","robots":{"index":"index","follow":"follow","max-snippet":"max-snippet:-1","max-image-preview":"max-image-preview:large","max-video-preview":"max-video-preview:-1"},"canonical":"https:\/\/cleitonpinheiro.com.br\/site\/mais-de-600-mil-ainda-nao-aderiram-a-acordo-sobre-descontos-no-inss\/","og_locale":"pt_BR","og_type":"article","og_title":"Mais de 600 mil ainda n\u00e3o aderiram a acordo sobre descontos no INSS - PORTAL DE NOT\u00cdCIAS CLEITON PINHEIRO","og_description":"Pelo menos 613 mil aposentados e pensionistas do&nbsp;INSS, que t\u00eam direito ao ressarcimento de descontos indevidos, ainda n\u00e3o fizeram a ades\u00e3o ao acordo para receber o dinheiro de volta. O acordo garante que as v\u00edtimas da fraude possam receber os valores que foram descontados, de forma integral e corrigidos pela infla\u00e7\u00e3o, diretamente na conta banc\u00e1ria [&hellip;]","og_url":"https:\/\/cleitonpinheiro.com.br\/site\/mais-de-600-mil-ainda-nao-aderiram-a-acordo-sobre-descontos-no-inss\/","og_site_name":"PORTAL DE NOT\u00cdCIAS CLEITON PINHEIRO","article_publisher":"https:\/\/www.facebook.com\/portalcpnoticias\/","article_published_time":"2025-08-20T17:08:14+00:00","article_modified_time":"2025-08-25T13:55:55+00:00","og_image":[{"width":960,"height":540,"url":"https:\/\/cleitonpinheiro.com.br\/site\/wp-content\/uploads\/2025\/04\/prova-de-vida-INSS-header-960x540-1.webp","type":"image\/webp"}],"author":"Reda\u00e7\u00e3o CP","twitter_card":"summary_large_image","twitter_misc":{"Escrito por":"Reda\u00e7\u00e3o CP","Est. tempo de leitura":"2 minutos"},"schema":{"@context":"https:\/\/schema.org","@graph":[{"@type":"Article","@id":"https:\/\/cleitonpinheiro.com.br\/site\/mais-de-600-mil-ainda-nao-aderiram-a-acordo-sobre-descontos-no-inss\/#article","isPartOf":{"@id":"https:\/\/cleitonpinheiro.com.br\/site\/mais-de-600-mil-ainda-nao-aderiram-a-acordo-sobre-descontos-no-inss\/"},"author":{"name":"Reda\u00e7\u00e3o CP","@id":"https:\/\/cleitonpinheiro.com.br\/site\/#\/schema\/person\/8f04544e0bc40a1b68775b08360f87db"},"headline":"Mais de 600 mil ainda n\u00e3o aderiram a acordo sobre descontos no INSS","datePublished":"2025-08-20T17:08:14+00:00","dateModified":"2025-08-25T13:55:55+00:00","mainEntityOfPage":{"@id":"https:\/\/cleitonpinheiro.com.br\/site\/mais-de-600-mil-ainda-nao-aderiram-a-acordo-sobre-descontos-no-inss\/"},"wordCount":224,"commentCount":0,"publisher":{"@id":"https:\/\/cleitonpinheiro.com.br\/site\/#organization"},"image":{"@id":"https:\/\/cleitonpinheiro.com.br\/site\/mais-de-600-mil-ainda-nao-aderiram-a-acordo-sobre-descontos-no-inss\/#primaryimage"},"thumbnailUrl":"https:\/\/cleitonpinheiro.com.br\/site\/wp-content\/uploads\/2025\/04\/prova-de-vida-INSS-header-960x540-1.webp","articleSection":["BRASIL \/ MUNDO","MANCHETE SEGUND\u00c1RIA","TODAS NOTICIAS"],"inLanguage":"pt-BR","potentialAction":[{"@type":"CommentAction","name":"Comment","target":["https:\/\/cleitonpinheiro.com.br\/site\/mais-de-600-mil-ainda-nao-aderiram-a-acordo-sobre-descontos-no-inss\/#respond"]}]},{"@type":"WebPage","@id":"https:\/\/cleitonpinheiro.com.br\/site\/mais-de-600-mil-ainda-nao-aderiram-a-acordo-sobre-descontos-no-inss\/","url":"https:\/\/cleitonpinheiro.com.br\/site\/mais-de-600-mil-ainda-nao-aderiram-a-acordo-sobre-descontos-no-inss\/","name":"Mais de 600 mil ainda n\u00e3o aderiram a acordo sobre descontos no INSS - PORTAL DE NOT\u00cdCIAS CLEITON PINHEIRO","isPartOf":{"@id":"https:\/\/cleitonpinheiro.com.br\/site\/#website"},"primaryImageOfPage":{"@id":"https:\/\/cleitonpinheiro.com.br\/site\/mais-de-600-mil-ainda-nao-aderiram-a-acordo-sobre-descontos-no-inss\/#primaryimage"},"image":{"@id":"https:\/\/cleitonpinheiro.com.br\/site\/mais-de-600-mil-ainda-nao-aderiram-a-acordo-sobre-descontos-no-inss\/#primaryimage"},"thumbnailUrl":"https:\/\/cleitonpinheiro.com.br\/site\/wp-content\/uploads\/2025\/04\/prova-de-vida-INSS-header-960x540-1.webp","datePublished":"2025-08-20T17:08:14+00:00","dateModified":"2025-08-25T13:55:55+00:00","breadcrumb":{"@id":"https:\/\/cleitonpinheiro.com.br\/site\/mais-de-600-mil-ainda-nao-aderiram-a-acordo-sobre-descontos-no-inss\/#breadcrumb"},"inLanguage":"pt-BR","potentialAction":[{"@type":"ReadAction","target":["https:\/\/cleitonpinheiro.com.br\/site\/mais-de-600-mil-ainda-nao-aderiram-a-acordo-sobre-descontos-no-inss\/"]}]},{"@type":"ImageObject","inLanguage":"pt-BR","@id":"https:\/\/cleitonpinheiro.com.br\/site\/mais-de-600-mil-ainda-nao-aderiram-a-acordo-sobre-descontos-no-inss\/#primaryimage","url":"https:\/\/cleitonpinheiro.com.br\/site\/wp-content\/uploads\/2025\/04\/prova-de-vida-INSS-header-960x540-1.webp","contentUrl":"https:\/\/cleitonpinheiro.com.br\/site\/wp-content\/uploads\/2025\/04\/prova-de-vida-INSS-header-960x540-1.webp","width":960,"height":540},{"@type":"BreadcrumbList","@id":"https:\/\/cleitonpinheiro.com.br\/site\/mais-de-600-mil-ainda-nao-aderiram-a-acordo-sobre-descontos-no-inss\/#breadcrumb","itemListElement":[{"@type":"ListItem","position":1,"name":"In\u00edcio","item":"https:\/\/cleitonpinheiro.com.br\/site\/"},{"@type":"ListItem","position":2,"name":"Mais de 600 mil ainda n\u00e3o aderiram a acordo sobre descontos no INSS"}]},{"@type":"WebSite","@id":"https:\/\/cleitonpinheiro.com.br\/site\/#website","url":"https:\/\/cleitonpinheiro.com.br\/site\/","name":"PORTAL DE NOT\u00cdCIAS CLEITON PINHEIRO","description":"FALANDO A VERDADE","publisher":{"@id":"https:\/\/cleitonpinheiro.com.br\/site\/#organization"},"potentialAction":[{"@type":"SearchAction","target":{"@type":"EntryPoint","urlTemplate":"https:\/\/cleitonpinheiro.com.br\/site\/?s={search_term_string}"},"query-input":{"@type":"PropertyValueSpecification","valueRequired":true,"valueName":"search_term_string"}}],"inLanguage":"pt-BR"},{"@type":"Organization","@id":"https:\/\/cleitonpinheiro.com.br\/site\/#organization","name":"CPNOT\u00cdCIAS","url":"https:\/\/cleitonpinheiro.com.br\/site\/","logo":{"@type":"ImageObject","inLanguage":"pt-BR","@id":"https:\/\/cleitonpinheiro.com.br\/site\/#\/schema\/logo\/image\/","url":"https:\/\/cleitonpinheiro.com.br\/site\/wp-content\/uploads\/2022\/08\/Logo-pequena-2.png","contentUrl":"https:\/\/cleitonpinheiro.com.br\/site\/wp-content\/uploads\/2022\/08\/Logo-pequena-2.png","width":500,"height":500,"caption":"CPNOT\u00cdCIAS"},"image":{"@id":"https:\/\/cleitonpinheiro.com.br\/site\/#\/schema\/logo\/image\/"},"sameAs":["https:\/\/www.facebook.com\/portalcpnoticias\/"]},{"@type":"Person","@id":"https:\/\/cleitonpinheiro.com.br\/site\/#\/schema\/person\/8f04544e0bc40a1b68775b08360f87db","name":"Reda\u00e7\u00e3o CP","image":{"@type":"ImageObject","inLanguage":"pt-BR","@id":"https:\/\/cleitonpinheiro.com.br\/site\/#\/schema\/person\/image\/","url":"https:\/\/secure.gravatar.com\/avatar\/0bcf19cb29fdc8fc588c490c7ae1b3e174dac268586a63fbe1d1893a0f9020cd?s=96&r=g","contentUrl":"https:\/\/secure.gravatar.com\/avatar\/0bcf19cb29fdc8fc588c490c7ae1b3e174dac268586a63fbe1d1893a0f9020cd?s=96&r=g","caption":"Reda\u00e7\u00e3o CP"},"url":"https:\/\/cleitonpinheiro.com.br\/site\/author\/redacao\/"}]}},"views":132,"_links":{"self":[{"href":"https:\/\/cleitonpinheiro.com.br\/site\/wp-json\/wp\/v2\/posts\/86604","targetHints":{"allow":["GET"]}}],"collection":[{"href":"https:\/\/cleitonpinheiro.com.br\/site\/wp-json\/wp\/v2\/posts"}],"about":[{"href":"https:\/\/cleitonpinheiro.com.br\/site\/wp-json\/wp\/v2\/types\/post"}],"author":[{"embeddable":true,"href":"https:\/\/cleitonpinheiro.com.br\/site\/wp-json\/wp\/v2\/users\/13"}],"replies":[{"embeddable":true,"href":"https:\/\/cleitonpinheiro.com.br\/site\/wp-json\/wp\/v2\/comments?post=86604"}],"version-history":[{"count":1,"href":"https:\/\/cleitonpinheiro.com.br\/site\/wp-json\/wp\/v2\/posts\/86604\/revisions"}],"predecessor-version":[{"id":86605,"href":"https:\/\/cleitonpinheiro.com.br\/site\/wp-json\/wp\/v2\/posts\/86604\/revisions\/86605"}],"wp:featuredmedia":[{"embeddable":true,"href":"https:\/\/cleitonpinheiro.com.br\/site\/wp-json\/wp\/v2\/media\/85350"}],"wp:attachment":[{"href":"https:\/\/cleitonpinheiro.com.br\/site\/wp-json\/wp\/v2\/media?parent=86604"}],"wp:term":[{"taxonomy":"category","embeddable":true,"href":"https:\/\/cleitonpinheiro.com.br\/site\/wp-json\/wp\/v2\/categories?post=86604"},{"taxonomy":"post_tag","embeddable":true,"href":"https:\/\/cleitonpinheiro.com.br\/site\/wp-json\/wp\/v2\/tags?post=86604"}],"curies":[{"name":"wp","href":"https:\/\/api.w.org\/{rel}","templated":true}]}}