{"id":86606,"date":"2025-08-20T14:14:03","date_gmt":"2025-08-20T17:14:03","guid":{"rendered":"https:\/\/cleitonpinheiro.com.br\/site\/?p=86606"},"modified":"2025-08-25T10:56:36","modified_gmt":"2025-08-25T13:56:36","slug":"oposicao-elege-presidente-e-relator-da-cpmi-do-inss-ricardo-ayres-fica-sem-relatoria","status":"publish","type":"post","link":"https:\/\/cleitonpinheiro.com.br\/site\/oposicao-elege-presidente-e-relator-da-cpmi-do-inss-ricardo-ayres-fica-sem-relatoria\/","title":{"rendered":"Oposi\u00e7\u00e3o elege presidente e relator da CPMI do INSS; Ricardo Ayres fica sem relatoria"},"content":{"rendered":"\n<figure class=\"wp-block-image size-large\"><img fetchpriority=\"high\" decoding=\"async\" width=\"1024\" height=\"613\" src=\"https:\/\/cleitonpinheiro.com.br\/site\/wp-content\/uploads\/2025\/06\/congresso_nacional_0-1024x613.webp\" alt=\"\" class=\"wp-image-85715\" srcset=\"https:\/\/cleitonpinheiro.com.br\/site\/wp-content\/uploads\/2025\/06\/congresso_nacional_0-1024x613.webp 1024w, https:\/\/cleitonpinheiro.com.br\/site\/wp-content\/uploads\/2025\/06\/congresso_nacional_0-300x179.webp 300w, https:\/\/cleitonpinheiro.com.br\/site\/wp-content\/uploads\/2025\/06\/congresso_nacional_0-768x459.webp 768w, https:\/\/cleitonpinheiro.com.br\/site\/wp-content\/uploads\/2025\/06\/congresso_nacional_0.webp 1170w\" sizes=\"(max-width: 1024px) 100vw, 1024px\" \/><\/figure>\n\n\n\n<p>Dois parlamentares da oposi\u00e7\u00e3o foram eleitos presidente e relator da Comiss\u00e3o Parlamentar Mista de Inqu\u00e9rito que vai apurar descontos irregulares feitos por entidades associativas em benef\u00edcios de aposentados e pensionistas do INSS: o senador Carlos Viana (Podemos-MG) presidir\u00e1 os trabalhos, e deputado federal Alfredo Gaspar (Uni\u00e3o-AL) ser\u00e1 o respons\u00e1vel pelo relat\u00f3rio final.<img decoding=\"async\" src=\"https:\/\/agenciabrasil.ebc.com.br\/ebc.png?id=1655091&amp;o=node\"><img decoding=\"async\" src=\"https:\/\/agenciabrasil.ebc.com.br\/ebc.gif?id=1655091&amp;o=node\"> O deputado Ricardo Ayres, indicado para a relatoria,chegou a dar entrevista sobre o assunto.<\/p>\n\n\n\n<p><strong>Carlos Viana derrotou, por 17 votos a 14, o candidato Omar Aziz (PSD-AM), indicado pelo presidente do Senado, Davi Alcolumbre.<\/strong>&nbsp;O resultado surpreendeu, uma vez que Aziz figurava como favorito para presidir a comiss\u00e3o.<\/p>\n\n\n\n<p>Ap\u00f3s o resultado, Viana disse que atuar\u00e1 com \u201cresponsabilidade e independ\u00eancia\u201d na CPMI e, na sequ\u00eancia, indicou, para a relatoria, o deputado bolsonarista Alfredo Gaspar (Uni\u00e3o-AL).<\/p>\n\n\n\n<p><strong>Com isso, a oposi\u00e7\u00e3o conseguiu emplacar os dois principais cargos da comiss\u00e3o.<\/strong><\/p>\n\n\n\n<p>Gaspar foi o relator do pedido de&nbsp;<a href=\"https:\/\/agenciabrasil.ebc.com.br\/politica\/noticia\/2025-05\/camara-suspende-acao-penal-contra-ramagem-por-atos-do-8-de-janeiro\" target=\"_blank\" rel=\"noreferrer noopener\">suspens\u00e3o do processo contra o deputado Alexandre Ramagem (PL-RJ)<\/a>, por tentativa de golpe de Estado. Os cinco ministros da Primeira Turma do Supremo Tribunal Federal (STF), entretanto, votaram por restringir a decis\u00e3o aos crimes cometidos ap\u00f3s a diploma\u00e7\u00e3o, o que manteve os processos por&nbsp;golpe de Estado, organiza\u00e7\u00e3o criminosa armada e tentativa de aboli\u00e7\u00e3o do Estado Democr\u00e1tico de Direito.<\/p>\n\n\n\n<h2 class=\"wp-block-heading\">Descontos ilegais<\/h2>\n\n\n\n<p><strong>O esquema que ser\u00e1 investigado no Congresso Nacional realizou descontos ilegais&nbsp;nos contracheques de 3,2 milh\u00f5es de aposentados e pensionistas, entre mar\u00e7o de 2020 e mar\u00e7o de 2025.<\/strong><\/p>\n\n\n\n<p>Segundo a Pol\u00edcia Federal, que revelou a fraude, as entidades foram criadas como empresas de fachada para cometer fraudes por meio de \u201claranjas\u201d.&nbsp;<a href=\"https:\/\/agenciabrasil.ebc.com.br\/geral\/noticia\/2025-06\/pf-prende-mais-dois-suspeitos-de-participar-de-fraude-no-inss\" target=\"_blank\" rel=\"noreferrer noopener\">O n\u00famero de pessoas presas at\u00e9 o momento chega a oito.<\/a><\/p>\n\n\n\n<p>O dinheiro est\u00e1 sendo devolvido pelo INSS por meio de um acordo homologado pelo Supremo Tribunal Federal.&nbsp;Podem fazer a ades\u00e3o ao acordo aqueles que contestaram e n\u00e3o receberam, em at\u00e9 15 dias \u00fateis, resposta da entidade ou associa\u00e7\u00e3o respons\u00e1vel pelos descontos indevidos. Se enquadram todos que tiveram descontos entre mar\u00e7o de 2020 e mar\u00e7o de 2025.<\/p>\n\n\n\n<p>Para aderir ao acordo, o benefici\u00e1rio deve formalizar a contesta\u00e7\u00e3o dos descontos junto \u00e0 Previd\u00eancia Social at\u00e9 o dia 14 de novembro, pelo aplicativo Meu&nbsp;INSS, na central 135 ou em ag\u00eancias dos Correios.&nbsp;At\u00e9 agora, mais de 1,8 milh\u00e3o de benefici\u00e1rios, o que representa 75% dos que est\u00e3o aptos, j\u00e1 aderiram ao acordo. &nbsp;A expectativa \u00e9 que 99% deles recebam os valores descontados indevidamente at\u00e9 a pr\u00f3xima segunda-feira, dia 18.<\/p>\n","protected":false},"excerpt":{"rendered":"<p>Dois parlamentares da oposi\u00e7\u00e3o foram eleitos presidente e relator da Comiss\u00e3o Parlamentar Mista de Inqu\u00e9rito que vai apurar descontos irregulares feitos por entidades associativas em benef\u00edcios de aposentados e pensionistas do INSS: o senador Carlos Viana (Podemos-MG) presidir\u00e1 os trabalhos, e deputado federal Alfredo Gaspar (Uni\u00e3o-AL) ser\u00e1 o respons\u00e1vel pelo relat\u00f3rio final. O deputado Ricardo [&hellip;]<\/p>\n","protected":false},"author":13,"featured_media":85715,"comment_status":"open","ping_status":"open","sticky":false,"template":"","format":"standard","meta":{"_acf_changed":false,"footnotes":""},"categories":[898,23,21],"tags":[],"class_list":["post-86606","post","type-post","status-publish","format-standard","has-post-thumbnail","hentry","category-manchete-segundaria","category-politica","category-todas-noticias"],"acf":[],"yoast_head":"<!-- This site is optimized with the Yoast SEO plugin v24.4 - https:\/\/yoast.com\/wordpress\/plugins\/seo\/ -->\n<title>Oposi\u00e7\u00e3o elege presidente e relator da CPMI do INSS; Ricardo Ayres fica sem relatoria - PORTAL DE NOT\u00cdCIAS CLEITON PINHEIRO<\/title>\n<meta name=\"robots\" content=\"index, follow, max-snippet:-1, max-image-preview:large, max-video-preview:-1\" \/>\n<link rel=\"canonical\" href=\"https:\/\/cleitonpinheiro.com.br\/site\/oposicao-elege-presidente-e-relator-da-cpmi-do-inss-ricardo-ayres-fica-sem-relatoria\/\" \/>\n<meta property=\"og:locale\" content=\"pt_BR\" \/>\n<meta property=\"og:type\" content=\"article\" \/>\n<meta property=\"og:title\" content=\"Oposi\u00e7\u00e3o elege presidente e relator da CPMI do INSS; Ricardo Ayres fica sem relatoria - PORTAL DE NOT\u00cdCIAS CLEITON PINHEIRO\" \/>\n<meta property=\"og:description\" content=\"Dois parlamentares da oposi\u00e7\u00e3o foram eleitos presidente e relator da Comiss\u00e3o Parlamentar Mista de Inqu\u00e9rito que vai apurar descontos irregulares feitos por entidades associativas em benef\u00edcios de aposentados e pensionistas do INSS: o senador Carlos Viana (Podemos-MG) presidir\u00e1 os trabalhos, e deputado federal Alfredo Gaspar (Uni\u00e3o-AL) ser\u00e1 o respons\u00e1vel pelo relat\u00f3rio final. O deputado Ricardo [&hellip;]\" \/>\n<meta property=\"og:url\" content=\"https:\/\/cleitonpinheiro.com.br\/site\/oposicao-elege-presidente-e-relator-da-cpmi-do-inss-ricardo-ayres-fica-sem-relatoria\/\" \/>\n<meta property=\"og:site_name\" content=\"PORTAL DE NOT\u00cdCIAS CLEITON PINHEIRO\" \/>\n<meta property=\"article:publisher\" content=\"https:\/\/www.facebook.com\/portalcpnoticias\/\" \/>\n<meta property=\"article:published_time\" content=\"2025-08-20T17:14:03+00:00\" \/>\n<meta property=\"article:modified_time\" content=\"2025-08-25T13:56:36+00:00\" \/>\n<meta property=\"og:image\" content=\"https:\/\/cleitonpinheiro.com.br\/site\/wp-content\/uploads\/2025\/06\/congresso_nacional_0.webp\" \/>\n\t<meta property=\"og:image:width\" content=\"1170\" \/>\n\t<meta property=\"og:image:height\" content=\"700\" \/>\n\t<meta property=\"og:image:type\" content=\"image\/webp\" \/>\n<meta name=\"author\" content=\"Reda\u00e7\u00e3o CP\" \/>\n<meta name=\"twitter:card\" content=\"summary_large_image\" \/>\n<meta name=\"twitter:label1\" content=\"Escrito por\" \/>\n\t<meta name=\"twitter:data1\" content=\"Reda\u00e7\u00e3o CP\" \/>\n\t<meta name=\"twitter:label2\" content=\"Est. tempo de leitura\" \/>\n\t<meta name=\"twitter:data2\" content=\"3 minutos\" \/>\n<script type=\"application\/ld+json\" class=\"yoast-schema-graph\">{\"@context\":\"https:\/\/schema.org\",\"@graph\":[{\"@type\":\"Article\",\"@id\":\"https:\/\/cleitonpinheiro.com.br\/site\/oposicao-elege-presidente-e-relator-da-cpmi-do-inss-ricardo-ayres-fica-sem-relatoria\/#article\",\"isPartOf\":{\"@id\":\"https:\/\/cleitonpinheiro.com.br\/site\/oposicao-elege-presidente-e-relator-da-cpmi-do-inss-ricardo-ayres-fica-sem-relatoria\/\"},\"author\":{\"name\":\"Reda\u00e7\u00e3o CP\",\"@id\":\"https:\/\/cleitonpinheiro.com.br\/site\/#\/schema\/person\/8f04544e0bc40a1b68775b08360f87db\"},\"headline\":\"Oposi\u00e7\u00e3o elege presidente e relator da CPMI do INSS; Ricardo Ayres fica sem relatoria\",\"datePublished\":\"2025-08-20T17:14:03+00:00\",\"dateModified\":\"2025-08-25T13:56:36+00:00\",\"mainEntityOfPage\":{\"@id\":\"https:\/\/cleitonpinheiro.com.br\/site\/oposicao-elege-presidente-e-relator-da-cpmi-do-inss-ricardo-ayres-fica-sem-relatoria\/\"},\"wordCount\":445,\"commentCount\":0,\"publisher\":{\"@id\":\"https:\/\/cleitonpinheiro.com.br\/site\/#organization\"},\"image\":{\"@id\":\"https:\/\/cleitonpinheiro.com.br\/site\/oposicao-elege-presidente-e-relator-da-cpmi-do-inss-ricardo-ayres-fica-sem-relatoria\/#primaryimage\"},\"thumbnailUrl\":\"https:\/\/cleitonpinheiro.com.br\/site\/wp-content\/uploads\/2025\/06\/congresso_nacional_0.webp\",\"articleSection\":[\"MANCHETE SEGUND\u00c1RIA\",\"POL\u00cdTICA\",\"TODAS NOTICIAS\"],\"inLanguage\":\"pt-BR\",\"potentialAction\":[{\"@type\":\"CommentAction\",\"name\":\"Comment\",\"target\":[\"https:\/\/cleitonpinheiro.com.br\/site\/oposicao-elege-presidente-e-relator-da-cpmi-do-inss-ricardo-ayres-fica-sem-relatoria\/#respond\"]}]},{\"@type\":\"WebPage\",\"@id\":\"https:\/\/cleitonpinheiro.com.br\/site\/oposicao-elege-presidente-e-relator-da-cpmi-do-inss-ricardo-ayres-fica-sem-relatoria\/\",\"url\":\"https:\/\/cleitonpinheiro.com.br\/site\/oposicao-elege-presidente-e-relator-da-cpmi-do-inss-ricardo-ayres-fica-sem-relatoria\/\",\"name\":\"Oposi\u00e7\u00e3o elege presidente e relator da CPMI do INSS; Ricardo Ayres fica sem relatoria - PORTAL DE NOT\u00cdCIAS CLEITON PINHEIRO\",\"isPartOf\":{\"@id\":\"https:\/\/cleitonpinheiro.com.br\/site\/#website\"},\"primaryImageOfPage\":{\"@id\":\"https:\/\/cleitonpinheiro.com.br\/site\/oposicao-elege-presidente-e-relator-da-cpmi-do-inss-ricardo-ayres-fica-sem-relatoria\/#primaryimage\"},\"image\":{\"@id\":\"https:\/\/cleitonpinheiro.com.br\/site\/oposicao-elege-presidente-e-relator-da-cpmi-do-inss-ricardo-ayres-fica-sem-relatoria\/#primaryimage\"},\"thumbnailUrl\":\"https:\/\/cleitonpinheiro.com.br\/site\/wp-content\/uploads\/2025\/06\/congresso_nacional_0.webp\",\"datePublished\":\"2025-08-20T17:14:03+00:00\",\"dateModified\":\"2025-08-25T13:56:36+00:00\",\"breadcrumb\":{\"@id\":\"https:\/\/cleitonpinheiro.com.br\/site\/oposicao-elege-presidente-e-relator-da-cpmi-do-inss-ricardo-ayres-fica-sem-relatoria\/#breadcrumb\"},\"inLanguage\":\"pt-BR\",\"potentialAction\":[{\"@type\":\"ReadAction\",\"target\":[\"https:\/\/cleitonpinheiro.com.br\/site\/oposicao-elege-presidente-e-relator-da-cpmi-do-inss-ricardo-ayres-fica-sem-relatoria\/\"]}]},{\"@type\":\"ImageObject\",\"inLanguage\":\"pt-BR\",\"@id\":\"https:\/\/cleitonpinheiro.com.br\/site\/oposicao-elege-presidente-e-relator-da-cpmi-do-inss-ricardo-ayres-fica-sem-relatoria\/#primaryimage\",\"url\":\"https:\/\/cleitonpinheiro.com.br\/site\/wp-content\/uploads\/2025\/06\/congresso_nacional_0.webp\",\"contentUrl\":\"https:\/\/cleitonpinheiro.com.br\/site\/wp-content\/uploads\/2025\/06\/congresso_nacional_0.webp\",\"width\":1170,\"height\":700},{\"@type\":\"BreadcrumbList\",\"@id\":\"https:\/\/cleitonpinheiro.com.br\/site\/oposicao-elege-presidente-e-relator-da-cpmi-do-inss-ricardo-ayres-fica-sem-relatoria\/#breadcrumb\",\"itemListElement\":[{\"@type\":\"ListItem\",\"position\":1,\"name\":\"In\u00edcio\",\"item\":\"https:\/\/cleitonpinheiro.com.br\/site\/\"},{\"@type\":\"ListItem\",\"position\":2,\"name\":\"Oposi\u00e7\u00e3o elege presidente e relator da CPMI do INSS; Ricardo Ayres fica sem relatoria\"}]},{\"@type\":\"WebSite\",\"@id\":\"https:\/\/cleitonpinheiro.com.br\/site\/#website\",\"url\":\"https:\/\/cleitonpinheiro.com.br\/site\/\",\"name\":\"PORTAL DE NOT\u00cdCIAS CLEITON PINHEIRO\",\"description\":\"FALANDO A VERDADE\",\"publisher\":{\"@id\":\"https:\/\/cleitonpinheiro.com.br\/site\/#organization\"},\"potentialAction\":[{\"@type\":\"SearchAction\",\"target\":{\"@type\":\"EntryPoint\",\"urlTemplate\":\"https:\/\/cleitonpinheiro.com.br\/site\/?s={search_term_string}\"},\"query-input\":{\"@type\":\"PropertyValueSpecification\",\"valueRequired\":true,\"valueName\":\"search_term_string\"}}],\"inLanguage\":\"pt-BR\"},{\"@type\":\"Organization\",\"@id\":\"https:\/\/cleitonpinheiro.com.br\/site\/#organization\",\"name\":\"CPNOT\u00cdCIAS\",\"url\":\"https:\/\/cleitonpinheiro.com.br\/site\/\",\"logo\":{\"@type\":\"ImageObject\",\"inLanguage\":\"pt-BR\",\"@id\":\"https:\/\/cleitonpinheiro.com.br\/site\/#\/schema\/logo\/image\/\",\"url\":\"https:\/\/cleitonpinheiro.com.br\/site\/wp-content\/uploads\/2022\/08\/Logo-pequena-2.png\",\"contentUrl\":\"https:\/\/cleitonpinheiro.com.br\/site\/wp-content\/uploads\/2022\/08\/Logo-pequena-2.png\",\"width\":500,\"height\":500,\"caption\":\"CPNOT\u00cdCIAS\"},\"image\":{\"@id\":\"https:\/\/cleitonpinheiro.com.br\/site\/#\/schema\/logo\/image\/\"},\"sameAs\":[\"https:\/\/www.facebook.com\/portalcpnoticias\/\"]},{\"@type\":\"Person\",\"@id\":\"https:\/\/cleitonpinheiro.com.br\/site\/#\/schema\/person\/8f04544e0bc40a1b68775b08360f87db\",\"name\":\"Reda\u00e7\u00e3o CP\",\"image\":{\"@type\":\"ImageObject\",\"inLanguage\":\"pt-BR\",\"@id\":\"https:\/\/cleitonpinheiro.com.br\/site\/#\/schema\/person\/image\/\",\"url\":\"https:\/\/secure.gravatar.com\/avatar\/0bcf19cb29fdc8fc588c490c7ae1b3e174dac268586a63fbe1d1893a0f9020cd?s=96&r=g\",\"contentUrl\":\"https:\/\/secure.gravatar.com\/avatar\/0bcf19cb29fdc8fc588c490c7ae1b3e174dac268586a63fbe1d1893a0f9020cd?s=96&r=g\",\"caption\":\"Reda\u00e7\u00e3o CP\"},\"url\":\"https:\/\/cleitonpinheiro.com.br\/site\/author\/redacao\/\"}]}<\/script>\n<!-- \/ Yoast SEO plugin. -->","yoast_head_json":{"title":"Oposi\u00e7\u00e3o elege presidente e relator da CPMI do INSS; Ricardo Ayres fica sem relatoria - PORTAL DE NOT\u00cdCIAS CLEITON PINHEIRO","robots":{"index":"index","follow":"follow","max-snippet":"max-snippet:-1","max-image-preview":"max-image-preview:large","max-video-preview":"max-video-preview:-1"},"canonical":"https:\/\/cleitonpinheiro.com.br\/site\/oposicao-elege-presidente-e-relator-da-cpmi-do-inss-ricardo-ayres-fica-sem-relatoria\/","og_locale":"pt_BR","og_type":"article","og_title":"Oposi\u00e7\u00e3o elege presidente e relator da CPMI do INSS; Ricardo Ayres fica sem relatoria - PORTAL DE NOT\u00cdCIAS CLEITON PINHEIRO","og_description":"Dois parlamentares da oposi\u00e7\u00e3o foram eleitos presidente e relator da Comiss\u00e3o Parlamentar Mista de Inqu\u00e9rito que vai apurar descontos irregulares feitos por entidades associativas em benef\u00edcios de aposentados e pensionistas do INSS: o senador Carlos Viana (Podemos-MG) presidir\u00e1 os trabalhos, e deputado federal Alfredo Gaspar (Uni\u00e3o-AL) ser\u00e1 o respons\u00e1vel pelo relat\u00f3rio final. O deputado Ricardo [&hellip;]","og_url":"https:\/\/cleitonpinheiro.com.br\/site\/oposicao-elege-presidente-e-relator-da-cpmi-do-inss-ricardo-ayres-fica-sem-relatoria\/","og_site_name":"PORTAL DE NOT\u00cdCIAS CLEITON PINHEIRO","article_publisher":"https:\/\/www.facebook.com\/portalcpnoticias\/","article_published_time":"2025-08-20T17:14:03+00:00","article_modified_time":"2025-08-25T13:56:36+00:00","og_image":[{"width":1170,"height":700,"url":"https:\/\/cleitonpinheiro.com.br\/site\/wp-content\/uploads\/2025\/06\/congresso_nacional_0.webp","type":"image\/webp"}],"author":"Reda\u00e7\u00e3o CP","twitter_card":"summary_large_image","twitter_misc":{"Escrito por":"Reda\u00e7\u00e3o CP","Est. tempo de leitura":"3 minutos"},"schema":{"@context":"https:\/\/schema.org","@graph":[{"@type":"Article","@id":"https:\/\/cleitonpinheiro.com.br\/site\/oposicao-elege-presidente-e-relator-da-cpmi-do-inss-ricardo-ayres-fica-sem-relatoria\/#article","isPartOf":{"@id":"https:\/\/cleitonpinheiro.com.br\/site\/oposicao-elege-presidente-e-relator-da-cpmi-do-inss-ricardo-ayres-fica-sem-relatoria\/"},"author":{"name":"Reda\u00e7\u00e3o CP","@id":"https:\/\/cleitonpinheiro.com.br\/site\/#\/schema\/person\/8f04544e0bc40a1b68775b08360f87db"},"headline":"Oposi\u00e7\u00e3o elege presidente e relator da CPMI do INSS; Ricardo Ayres fica sem relatoria","datePublished":"2025-08-20T17:14:03+00:00","dateModified":"2025-08-25T13:56:36+00:00","mainEntityOfPage":{"@id":"https:\/\/cleitonpinheiro.com.br\/site\/oposicao-elege-presidente-e-relator-da-cpmi-do-inss-ricardo-ayres-fica-sem-relatoria\/"},"wordCount":445,"commentCount":0,"publisher":{"@id":"https:\/\/cleitonpinheiro.com.br\/site\/#organization"},"image":{"@id":"https:\/\/cleitonpinheiro.com.br\/site\/oposicao-elege-presidente-e-relator-da-cpmi-do-inss-ricardo-ayres-fica-sem-relatoria\/#primaryimage"},"thumbnailUrl":"https:\/\/cleitonpinheiro.com.br\/site\/wp-content\/uploads\/2025\/06\/congresso_nacional_0.webp","articleSection":["MANCHETE SEGUND\u00c1RIA","POL\u00cdTICA","TODAS NOTICIAS"],"inLanguage":"pt-BR","potentialAction":[{"@type":"CommentAction","name":"Comment","target":["https:\/\/cleitonpinheiro.com.br\/site\/oposicao-elege-presidente-e-relator-da-cpmi-do-inss-ricardo-ayres-fica-sem-relatoria\/#respond"]}]},{"@type":"WebPage","@id":"https:\/\/cleitonpinheiro.com.br\/site\/oposicao-elege-presidente-e-relator-da-cpmi-do-inss-ricardo-ayres-fica-sem-relatoria\/","url":"https:\/\/cleitonpinheiro.com.br\/site\/oposicao-elege-presidente-e-relator-da-cpmi-do-inss-ricardo-ayres-fica-sem-relatoria\/","name":"Oposi\u00e7\u00e3o elege presidente e relator da CPMI do INSS; Ricardo Ayres fica sem relatoria - PORTAL DE NOT\u00cdCIAS CLEITON PINHEIRO","isPartOf":{"@id":"https:\/\/cleitonpinheiro.com.br\/site\/#website"},"primaryImageOfPage":{"@id":"https:\/\/cleitonpinheiro.com.br\/site\/oposicao-elege-presidente-e-relator-da-cpmi-do-inss-ricardo-ayres-fica-sem-relatoria\/#primaryimage"},"image":{"@id":"https:\/\/cleitonpinheiro.com.br\/site\/oposicao-elege-presidente-e-relator-da-cpmi-do-inss-ricardo-ayres-fica-sem-relatoria\/#primaryimage"},"thumbnailUrl":"https:\/\/cleitonpinheiro.com.br\/site\/wp-content\/uploads\/2025\/06\/congresso_nacional_0.webp","datePublished":"2025-08-20T17:14:03+00:00","dateModified":"2025-08-25T13:56:36+00:00","breadcrumb":{"@id":"https:\/\/cleitonpinheiro.com.br\/site\/oposicao-elege-presidente-e-relator-da-cpmi-do-inss-ricardo-ayres-fica-sem-relatoria\/#breadcrumb"},"inLanguage":"pt-BR","potentialAction":[{"@type":"ReadAction","target":["https:\/\/cleitonpinheiro.com.br\/site\/oposicao-elege-presidente-e-relator-da-cpmi-do-inss-ricardo-ayres-fica-sem-relatoria\/"]}]},{"@type":"ImageObject","inLanguage":"pt-BR","@id":"https:\/\/cleitonpinheiro.com.br\/site\/oposicao-elege-presidente-e-relator-da-cpmi-do-inss-ricardo-ayres-fica-sem-relatoria\/#primaryimage","url":"https:\/\/cleitonpinheiro.com.br\/site\/wp-content\/uploads\/2025\/06\/congresso_nacional_0.webp","contentUrl":"https:\/\/cleitonpinheiro.com.br\/site\/wp-content\/uploads\/2025\/06\/congresso_nacional_0.webp","width":1170,"height":700},{"@type":"BreadcrumbList","@id":"https:\/\/cleitonpinheiro.com.br\/site\/oposicao-elege-presidente-e-relator-da-cpmi-do-inss-ricardo-ayres-fica-sem-relatoria\/#breadcrumb","itemListElement":[{"@type":"ListItem","position":1,"name":"In\u00edcio","item":"https:\/\/cleitonpinheiro.com.br\/site\/"},{"@type":"ListItem","position":2,"name":"Oposi\u00e7\u00e3o elege presidente e relator da CPMI do INSS; Ricardo Ayres fica sem relatoria"}]},{"@type":"WebSite","@id":"https:\/\/cleitonpinheiro.com.br\/site\/#website","url":"https:\/\/cleitonpinheiro.com.br\/site\/","name":"PORTAL DE NOT\u00cdCIAS CLEITON PINHEIRO","description":"FALANDO A VERDADE","publisher":{"@id":"https:\/\/cleitonpinheiro.com.br\/site\/#organization"},"potentialAction":[{"@type":"SearchAction","target":{"@type":"EntryPoint","urlTemplate":"https:\/\/cleitonpinheiro.com.br\/site\/?s={search_term_string}"},"query-input":{"@type":"PropertyValueSpecification","valueRequired":true,"valueName":"search_term_string"}}],"inLanguage":"pt-BR"},{"@type":"Organization","@id":"https:\/\/cleitonpinheiro.com.br\/site\/#organization","name":"CPNOT\u00cdCIAS","url":"https:\/\/cleitonpinheiro.com.br\/site\/","logo":{"@type":"ImageObject","inLanguage":"pt-BR","@id":"https:\/\/cleitonpinheiro.com.br\/site\/#\/schema\/logo\/image\/","url":"https:\/\/cleitonpinheiro.com.br\/site\/wp-content\/uploads\/2022\/08\/Logo-pequena-2.png","contentUrl":"https:\/\/cleitonpinheiro.com.br\/site\/wp-content\/uploads\/2022\/08\/Logo-pequena-2.png","width":500,"height":500,"caption":"CPNOT\u00cdCIAS"},"image":{"@id":"https:\/\/cleitonpinheiro.com.br\/site\/#\/schema\/logo\/image\/"},"sameAs":["https:\/\/www.facebook.com\/portalcpnoticias\/"]},{"@type":"Person","@id":"https:\/\/cleitonpinheiro.com.br\/site\/#\/schema\/person\/8f04544e0bc40a1b68775b08360f87db","name":"Reda\u00e7\u00e3o CP","image":{"@type":"ImageObject","inLanguage":"pt-BR","@id":"https:\/\/cleitonpinheiro.com.br\/site\/#\/schema\/person\/image\/","url":"https:\/\/secure.gravatar.com\/avatar\/0bcf19cb29fdc8fc588c490c7ae1b3e174dac268586a63fbe1d1893a0f9020cd?s=96&r=g","contentUrl":"https:\/\/secure.gravatar.com\/avatar\/0bcf19cb29fdc8fc588c490c7ae1b3e174dac268586a63fbe1d1893a0f9020cd?s=96&r=g","caption":"Reda\u00e7\u00e3o CP"},"url":"https:\/\/cleitonpinheiro.com.br\/site\/author\/redacao\/"}]}},"views":122,"_links":{"self":[{"href":"https:\/\/cleitonpinheiro.com.br\/site\/wp-json\/wp\/v2\/posts\/86606","targetHints":{"allow":["GET"]}}],"collection":[{"href":"https:\/\/cleitonpinheiro.com.br\/site\/wp-json\/wp\/v2\/posts"}],"about":[{"href":"https:\/\/cleitonpinheiro.com.br\/site\/wp-json\/wp\/v2\/types\/post"}],"author":[{"embeddable":true,"href":"https:\/\/cleitonpinheiro.com.br\/site\/wp-json\/wp\/v2\/users\/13"}],"replies":[{"embeddable":true,"href":"https:\/\/cleitonpinheiro.com.br\/site\/wp-json\/wp\/v2\/comments?post=86606"}],"version-history":[{"count":1,"href":"https:\/\/cleitonpinheiro.com.br\/site\/wp-json\/wp\/v2\/posts\/86606\/revisions"}],"predecessor-version":[{"id":86607,"href":"https:\/\/cleitonpinheiro.com.br\/site\/wp-json\/wp\/v2\/posts\/86606\/revisions\/86607"}],"wp:featuredmedia":[{"embeddable":true,"href":"https:\/\/cleitonpinheiro.com.br\/site\/wp-json\/wp\/v2\/media\/85715"}],"wp:attachment":[{"href":"https:\/\/cleitonpinheiro.com.br\/site\/wp-json\/wp\/v2\/media?parent=86606"}],"wp:term":[{"taxonomy":"category","embeddable":true,"href":"https:\/\/cleitonpinheiro.com.br\/site\/wp-json\/wp\/v2\/categories?post=86606"},{"taxonomy":"post_tag","embeddable":true,"href":"https:\/\/cleitonpinheiro.com.br\/site\/wp-json\/wp\/v2\/tags?post=86606"}],"curies":[{"name":"wp","href":"https:\/\/api.w.org\/{rel}","templated":true}]}}