{"id":86608,"date":"2025-08-20T14:55:06","date_gmt":"2025-08-20T17:55:06","guid":{"rendered":"https:\/\/cleitonpinheiro.com.br\/site\/?p=86608"},"modified":"2025-08-20T14:55:12","modified_gmt":"2025-08-20T17:55:12","slug":"brasil-fecha-grand-prix-de-judo-paralimpico-da-ibsa-com-titulo-geral","status":"publish","type":"post","link":"https:\/\/cleitonpinheiro.com.br\/site\/brasil-fecha-grand-prix-de-judo-paralimpico-da-ibsa-com-titulo-geral\/","title":{"rendered":"Brasil fecha Grand Prix de jud\u00f4 paral\u00edmpico da IBSA com t\u00edtulo geral"},"content":{"rendered":"\n<figure class=\"wp-block-image size-large\"><img fetchpriority=\"high\" decoding=\"async\" width=\"1024\" height=\"613\" src=\"https:\/\/cleitonpinheiro.com.br\/site\/wp-content\/uploads\/2025\/08\/gyu9iq2xqaanw7h-1024x613.webp\" alt=\"\" class=\"wp-image-86610\" srcset=\"https:\/\/cleitonpinheiro.com.br\/site\/wp-content\/uploads\/2025\/08\/gyu9iq2xqaanw7h-1024x613.webp 1024w, https:\/\/cleitonpinheiro.com.br\/site\/wp-content\/uploads\/2025\/08\/gyu9iq2xqaanw7h-300x179.webp 300w, https:\/\/cleitonpinheiro.com.br\/site\/wp-content\/uploads\/2025\/08\/gyu9iq2xqaanw7h-768x459.webp 768w, https:\/\/cleitonpinheiro.com.br\/site\/wp-content\/uploads\/2025\/08\/gyu9iq2xqaanw7h.webp 1170w\" sizes=\"(max-width: 1024px) 100vw, 1024px\" \/><\/figure>\n\n\n\n<p>O Sicredi, institui\u00e7\u00e3o financeira cooperativa com mais de 9 milh\u00f5es de associados em todo o pa\u00eds, disponibiliza R$ 68 bilh\u00f5es para o financiamento do agroneg\u00f3cio no Plano Safra 2025\/2026. O valor representa um crescimento de 10% em rela\u00e7\u00e3o ao volume liberado na \u00faltima safra, consolidando a institui\u00e7\u00e3o como a maior entre as financeiras privadas no cr\u00e9dito ao setor agropecu\u00e1rio, com uma carteira que soma R$ 102 bilh\u00f5es em saldo.<\/p>\n\n\n\n<p>Desse total, a estimativa \u00e9 de que R$ 24,3 bilh\u00f5es sejam destinados ao custeio, R$ 12,5 bilh\u00f5es para investimentos e R$ 1,7 bilh\u00e3o para comercializa\u00e7\u00e3o e industrializa\u00e7\u00e3o. Tamb\u00e9m est\u00e3o previstos R$ 24,6 bilh\u00f5es em opera\u00e7\u00f5es por meio de C\u00e9dulas de Produto Rural (CPR). O Sicredi mant\u00e9m seu foco na base da produ\u00e7\u00e3o agr\u00edcola, aproximadamente 70% das opera\u00e7\u00f5es devem contemplar pequenos e m\u00e9dios produtores.<\/p>\n\n\n\n<p>Para a agricultura familiar, o volume previsto \u00e9 de R$ 13,5 bilh\u00f5es via Pronaf, valor 11% superior ao da safra anterior. J\u00e1 os produtores de m\u00e9dio porte devem contar com R$ 16,7 bilh\u00f5es pelo Pronamp, representando um crescimento de 21%. Aos demais produtores, ser\u00e3o destinados R$ 13,2 bilh\u00f5es, sendo R$ 4,9 bilh\u00f5es em opera\u00e7\u00f5es de cr\u00e9dito em d\u00f3lar, voltadas principalmente \u00e0 cadeia de exporta\u00e7\u00e3o. A proje\u00e7\u00e3o \u00e9 de aumento de 21% nessas linhas dolarizadas, que oferecem alternativas mais competitivas frente \u00e0 valoriza\u00e7\u00e3o da moeda estrangeira.<\/p>\n\n\n\n<p>\u201cNeste novo ciclo do Plano Safra, o Sicredi reafirma seu papel como parceiro&nbsp;estrat\u00e9gico do agroneg\u00f3cio. Atuamos de forma pr\u00f3xima e personalizada, por meio das nossas 103 cooperativas e 2,9 mil pontos de atendimento, com presen\u00e7a exclusiva em mais de 200 munic\u00edpios. Nossa capilaridade nos permite atender desde o agricultor familiar at\u00e9 os grandes produtores, com produtos acess\u00edveis e solu\u00e7\u00f5es alinhadas \u00e0s necessidades de cada associado agro\u201d, afirma Gustavo Freitas, diretor-executivo de Segmentos, Cr\u00e9dito, CRM e Dados do Sicredi.<\/p>\n\n\n\n<p>A atua\u00e7\u00e3o pr\u00f3xima e o compromisso com o desenvolvimento regional foram refor\u00e7ados por meio de uma s\u00e9rie de eventos promovidos pelas ag\u00eancias da Sicredi Uni\u00e3o MS\/TO e Oeste da Bahia. Na \u00faltima segunda-feira (11), um evento realizado em Aragua\u00edna encerrou a rodada de encontros realizados com a finalidade de apresentar as condi\u00e7\u00f5es do novo Plano Safra aos associados. Os associados contaram com as orienta\u00e7\u00f5es e dicas da jornalista especializada em agro, Kellen Severo, que compartilhou informa\u00e7\u00e3o e conhecimento.<\/p>\n\n\n\n<p>No total, mais de 600 associados participaram dos encontros realizados tamb\u00e9m em Pedro Afonso, Guara\u00ed, Augustin\u00f3polis, Para\u00edso, Lagoa da Confus\u00e3o, Porto Nacional, Gurupi, Alvorada, Formoso do Aragua\u00edna e Palmas.<\/p>\n\n\n\n<p>\u201cO Sicredi est\u00e1 ao lado de quem faz o agro acontecer. Com o novo Plano Safra, refor\u00e7amos nosso compromisso com os produtores rurais, oferecendo cr\u00e9dito com condi\u00e7\u00f5es justas, orienta\u00e7\u00e3o especializada e presen\u00e7a local. Porque aqui, mais do que financiar, a gente coopera para crescer junto\u201d, destaca Vanderson Fortuna, gerente regional de Desenvolvimento da Sicredi Uni\u00e3o MS\/TO e Oeste da Bahia.<\/p>\n\n\n\n<p>Al\u00e9m do cr\u00e9dito rural, o Sicredi oferece um portf\u00f3lio completo de produtos e&nbsp;servi\u00e7os voltados ao agroneg\u00f3cio, como cons\u00f3rcios para aquisi\u00e7\u00e3o de m\u00e1quinas e equipamentos, seguros rurais, investimentos e solu\u00e7\u00f5es de meios de pagamento. \u201cCom esse conjunto completo de solu\u00e7\u00f5es financeiras, apoiamos o produtor em todas as etapas da sua jornada, do planejamento da safra \u00e0 colheita\u201d, completa Fortuna.<\/p>\n\n\n\n<p>O Brasil conquistou o t\u00edtulo geral do Grand Prix de jud\u00f4 paral\u00edmpico da IBSA (Federa\u00e7\u00e3o Internacional de Esportes para Cegos, em ingl\u00eas) disputado em Giz\u00e9 (Egito) ao garantir dez medalhas (oito ouros e duas pratas) nesta ter\u00e7a-feira (19), o segundo dia do evento esportivo.<img decoding=\"async\" src=\"https:\/\/agenciabrasil.ebc.com.br\/ebc.png?id=1655002&amp;o=node\"><img decoding=\"async\" src=\"https:\/\/agenciabrasil.ebc.com.br\/ebc.gif?id=1655002&amp;o=node\"><\/p>\n\n\n\n<p>Desta forma, a sele\u00e7\u00e3o brasileira chegou ao total de 12 conquistas, considerando as duas medalhas obtidas na \u00faltima segunda: o ouro da paulista L\u00facia Ara\u00fajo na categoria at\u00e9 60 quilos para atletas J2 (baixa vis\u00e3o) e o bronze da fluminense Maria N\u00fabea Lins na mesma disputa.<\/p>\n\n\n\n<p>Nesta ter\u00e7a o Brasil alcan\u00e7ou o ouro com Alana Maldonado (at\u00e9 70 quilos J2), Arthur Cavalcante (at\u00e9 95 quilos J1), Brenda Freitas (at\u00e9 70 quilos J1), Felipe Amorim (acima de 95 quilos J2), Larissa Silva (at\u00e9 60 quilos J1), Millena Freitas (acima de 70 quilos J1), Rebeca Silva (acima de 70 quilos J2) e Wilians Ara\u00fajo (acima de 95 quilos J1).<\/p>\n\n\n\n<p>J\u00e1 as pratas foram conquistadas por Marcelo Casanova (at\u00e9 95 quilos J2) e Meg Emmerich (acima de 70 quilos J2).<\/p>\n\n\n\n<h2 class=\"wp-block-heading\">Grand Prix<\/h2>\n\n\n\n<p>Todas as etapas do Grand Prix da IBSA valem pontos para o ranking mundial, principal crit\u00e9rio de sele\u00e7\u00e3o para os Jogos Paral\u00edmpicos de 2028, que ser\u00e3o disputados em Los Angeles (Estados Unidos).<\/p>\n\n\n\n<p>Texto: Ag\u00eancia Brasil<\/p>\n\n\n\n<p><\/p>\n","protected":false},"excerpt":{"rendered":"<p>O Sicredi, institui\u00e7\u00e3o financeira cooperativa com mais de 9 milh\u00f5es de associados em todo o pa\u00eds, disponibiliza R$ 68 bilh\u00f5es para o financiamento do agroneg\u00f3cio no Plano Safra 2025\/2026. O valor representa um crescimento de 10% em rela\u00e7\u00e3o ao volume liberado na \u00faltima safra, consolidando a institui\u00e7\u00e3o como a maior entre as financeiras privadas no [&hellip;]<\/p>\n","protected":false},"author":13,"featured_media":86610,"comment_status":"open","ping_status":"open","sticky":false,"template":"","format":"standard","meta":{"_acf_changed":false,"footnotes":""},"categories":[1,898,21],"tags":[],"class_list":["post-86608","post","type-post","status-publish","format-standard","has-post-thumbnail","hentry","category-esporte","category-manchete-segundaria","category-todas-noticias"],"acf":[],"yoast_head":"<!-- This site is optimized with the Yoast SEO plugin v24.4 - https:\/\/yoast.com\/wordpress\/plugins\/seo\/ -->\n<title>Brasil fecha Grand Prix de jud\u00f4 paral\u00edmpico da IBSA com t\u00edtulo geral - PORTAL DE NOT\u00cdCIAS CLEITON PINHEIRO<\/title>\n<meta name=\"robots\" content=\"index, follow, max-snippet:-1, max-image-preview:large, max-video-preview:-1\" \/>\n<link rel=\"canonical\" href=\"https:\/\/cleitonpinheiro.com.br\/site\/brasil-fecha-grand-prix-de-judo-paralimpico-da-ibsa-com-titulo-geral\/\" \/>\n<meta property=\"og:locale\" content=\"pt_BR\" \/>\n<meta property=\"og:type\" content=\"article\" \/>\n<meta property=\"og:title\" content=\"Brasil fecha Grand Prix de jud\u00f4 paral\u00edmpico da IBSA com t\u00edtulo geral - PORTAL DE NOT\u00cdCIAS CLEITON PINHEIRO\" \/>\n<meta property=\"og:description\" content=\"O Sicredi, institui\u00e7\u00e3o financeira cooperativa com mais de 9 milh\u00f5es de associados em todo o pa\u00eds, disponibiliza R$ 68 bilh\u00f5es para o financiamento do agroneg\u00f3cio no Plano Safra 2025\/2026. O valor representa um crescimento de 10% em rela\u00e7\u00e3o ao volume liberado na \u00faltima safra, consolidando a institui\u00e7\u00e3o como a maior entre as financeiras privadas no [&hellip;]\" \/>\n<meta property=\"og:url\" content=\"https:\/\/cleitonpinheiro.com.br\/site\/brasil-fecha-grand-prix-de-judo-paralimpico-da-ibsa-com-titulo-geral\/\" \/>\n<meta property=\"og:site_name\" content=\"PORTAL DE NOT\u00cdCIAS CLEITON PINHEIRO\" \/>\n<meta property=\"article:publisher\" content=\"https:\/\/www.facebook.com\/portalcpnoticias\/\" \/>\n<meta property=\"article:published_time\" content=\"2025-08-20T17:55:06+00:00\" \/>\n<meta property=\"article:modified_time\" content=\"2025-08-20T17:55:12+00:00\" \/>\n<meta property=\"og:image\" content=\"https:\/\/cleitonpinheiro.com.br\/site\/wp-content\/uploads\/2025\/08\/gyu9iq2xqaanw7h.webp\" \/>\n\t<meta property=\"og:image:width\" content=\"1170\" \/>\n\t<meta property=\"og:image:height\" content=\"700\" \/>\n\t<meta property=\"og:image:type\" content=\"image\/webp\" \/>\n<meta name=\"author\" content=\"Reda\u00e7\u00e3o CP\" \/>\n<meta name=\"twitter:card\" content=\"summary_large_image\" \/>\n<meta name=\"twitter:label1\" content=\"Escrito por\" \/>\n\t<meta name=\"twitter:data1\" content=\"Reda\u00e7\u00e3o CP\" \/>\n\t<meta name=\"twitter:label2\" content=\"Est. tempo de leitura\" \/>\n\t<meta name=\"twitter:data2\" content=\"5 minutos\" \/>\n<script type=\"application\/ld+json\" class=\"yoast-schema-graph\">{\"@context\":\"https:\/\/schema.org\",\"@graph\":[{\"@type\":\"Article\",\"@id\":\"https:\/\/cleitonpinheiro.com.br\/site\/brasil-fecha-grand-prix-de-judo-paralimpico-da-ibsa-com-titulo-geral\/#article\",\"isPartOf\":{\"@id\":\"https:\/\/cleitonpinheiro.com.br\/site\/brasil-fecha-grand-prix-de-judo-paralimpico-da-ibsa-com-titulo-geral\/\"},\"author\":{\"name\":\"Reda\u00e7\u00e3o CP\",\"@id\":\"https:\/\/cleitonpinheiro.com.br\/site\/#\/schema\/person\/8f04544e0bc40a1b68775b08360f87db\"},\"headline\":\"Brasil fecha Grand Prix de jud\u00f4 paral\u00edmpico da IBSA com t\u00edtulo geral\",\"datePublished\":\"2025-08-20T17:55:06+00:00\",\"dateModified\":\"2025-08-20T17:55:12+00:00\",\"mainEntityOfPage\":{\"@id\":\"https:\/\/cleitonpinheiro.com.br\/site\/brasil-fecha-grand-prix-de-judo-paralimpico-da-ibsa-com-titulo-geral\/\"},\"wordCount\":800,\"commentCount\":0,\"publisher\":{\"@id\":\"https:\/\/cleitonpinheiro.com.br\/site\/#organization\"},\"image\":{\"@id\":\"https:\/\/cleitonpinheiro.com.br\/site\/brasil-fecha-grand-prix-de-judo-paralimpico-da-ibsa-com-titulo-geral\/#primaryimage\"},\"thumbnailUrl\":\"https:\/\/cleitonpinheiro.com.br\/site\/wp-content\/uploads\/2025\/08\/gyu9iq2xqaanw7h.webp\",\"articleSection\":[\"ESPORTE\",\"MANCHETE SEGUND\u00c1RIA\",\"TODAS NOTICIAS\"],\"inLanguage\":\"pt-BR\",\"potentialAction\":[{\"@type\":\"CommentAction\",\"name\":\"Comment\",\"target\":[\"https:\/\/cleitonpinheiro.com.br\/site\/brasil-fecha-grand-prix-de-judo-paralimpico-da-ibsa-com-titulo-geral\/#respond\"]}]},{\"@type\":\"WebPage\",\"@id\":\"https:\/\/cleitonpinheiro.com.br\/site\/brasil-fecha-grand-prix-de-judo-paralimpico-da-ibsa-com-titulo-geral\/\",\"url\":\"https:\/\/cleitonpinheiro.com.br\/site\/brasil-fecha-grand-prix-de-judo-paralimpico-da-ibsa-com-titulo-geral\/\",\"name\":\"Brasil fecha Grand Prix de jud\u00f4 paral\u00edmpico da IBSA com t\u00edtulo geral - PORTAL DE NOT\u00cdCIAS CLEITON PINHEIRO\",\"isPartOf\":{\"@id\":\"https:\/\/cleitonpinheiro.com.br\/site\/#website\"},\"primaryImageOfPage\":{\"@id\":\"https:\/\/cleitonpinheiro.com.br\/site\/brasil-fecha-grand-prix-de-judo-paralimpico-da-ibsa-com-titulo-geral\/#primaryimage\"},\"image\":{\"@id\":\"https:\/\/cleitonpinheiro.com.br\/site\/brasil-fecha-grand-prix-de-judo-paralimpico-da-ibsa-com-titulo-geral\/#primaryimage\"},\"thumbnailUrl\":\"https:\/\/cleitonpinheiro.com.br\/site\/wp-content\/uploads\/2025\/08\/gyu9iq2xqaanw7h.webp\",\"datePublished\":\"2025-08-20T17:55:06+00:00\",\"dateModified\":\"2025-08-20T17:55:12+00:00\",\"breadcrumb\":{\"@id\":\"https:\/\/cleitonpinheiro.com.br\/site\/brasil-fecha-grand-prix-de-judo-paralimpico-da-ibsa-com-titulo-geral\/#breadcrumb\"},\"inLanguage\":\"pt-BR\",\"potentialAction\":[{\"@type\":\"ReadAction\",\"target\":[\"https:\/\/cleitonpinheiro.com.br\/site\/brasil-fecha-grand-prix-de-judo-paralimpico-da-ibsa-com-titulo-geral\/\"]}]},{\"@type\":\"ImageObject\",\"inLanguage\":\"pt-BR\",\"@id\":\"https:\/\/cleitonpinheiro.com.br\/site\/brasil-fecha-grand-prix-de-judo-paralimpico-da-ibsa-com-titulo-geral\/#primaryimage\",\"url\":\"https:\/\/cleitonpinheiro.com.br\/site\/wp-content\/uploads\/2025\/08\/gyu9iq2xqaanw7h.webp\",\"contentUrl\":\"https:\/\/cleitonpinheiro.com.br\/site\/wp-content\/uploads\/2025\/08\/gyu9iq2xqaanw7h.webp\",\"width\":1170,\"height\":700},{\"@type\":\"BreadcrumbList\",\"@id\":\"https:\/\/cleitonpinheiro.com.br\/site\/brasil-fecha-grand-prix-de-judo-paralimpico-da-ibsa-com-titulo-geral\/#breadcrumb\",\"itemListElement\":[{\"@type\":\"ListItem\",\"position\":1,\"name\":\"In\u00edcio\",\"item\":\"https:\/\/cleitonpinheiro.com.br\/site\/\"},{\"@type\":\"ListItem\",\"position\":2,\"name\":\"Brasil fecha Grand Prix de jud\u00f4 paral\u00edmpico da IBSA com t\u00edtulo geral\"}]},{\"@type\":\"WebSite\",\"@id\":\"https:\/\/cleitonpinheiro.com.br\/site\/#website\",\"url\":\"https:\/\/cleitonpinheiro.com.br\/site\/\",\"name\":\"PORTAL DE NOT\u00cdCIAS CLEITON PINHEIRO\",\"description\":\"FALANDO A VERDADE\",\"publisher\":{\"@id\":\"https:\/\/cleitonpinheiro.com.br\/site\/#organization\"},\"potentialAction\":[{\"@type\":\"SearchAction\",\"target\":{\"@type\":\"EntryPoint\",\"urlTemplate\":\"https:\/\/cleitonpinheiro.com.br\/site\/?s={search_term_string}\"},\"query-input\":{\"@type\":\"PropertyValueSpecification\",\"valueRequired\":true,\"valueName\":\"search_term_string\"}}],\"inLanguage\":\"pt-BR\"},{\"@type\":\"Organization\",\"@id\":\"https:\/\/cleitonpinheiro.com.br\/site\/#organization\",\"name\":\"CPNOT\u00cdCIAS\",\"url\":\"https:\/\/cleitonpinheiro.com.br\/site\/\",\"logo\":{\"@type\":\"ImageObject\",\"inLanguage\":\"pt-BR\",\"@id\":\"https:\/\/cleitonpinheiro.com.br\/site\/#\/schema\/logo\/image\/\",\"url\":\"https:\/\/cleitonpinheiro.com.br\/site\/wp-content\/uploads\/2022\/08\/Logo-pequena-2.png\",\"contentUrl\":\"https:\/\/cleitonpinheiro.com.br\/site\/wp-content\/uploads\/2022\/08\/Logo-pequena-2.png\",\"width\":500,\"height\":500,\"caption\":\"CPNOT\u00cdCIAS\"},\"image\":{\"@id\":\"https:\/\/cleitonpinheiro.com.br\/site\/#\/schema\/logo\/image\/\"},\"sameAs\":[\"https:\/\/www.facebook.com\/portalcpnoticias\/\"]},{\"@type\":\"Person\",\"@id\":\"https:\/\/cleitonpinheiro.com.br\/site\/#\/schema\/person\/8f04544e0bc40a1b68775b08360f87db\",\"name\":\"Reda\u00e7\u00e3o CP\",\"image\":{\"@type\":\"ImageObject\",\"inLanguage\":\"pt-BR\",\"@id\":\"https:\/\/cleitonpinheiro.com.br\/site\/#\/schema\/person\/image\/\",\"url\":\"https:\/\/secure.gravatar.com\/avatar\/0bcf19cb29fdc8fc588c490c7ae1b3e174dac268586a63fbe1d1893a0f9020cd?s=96&r=g\",\"contentUrl\":\"https:\/\/secure.gravatar.com\/avatar\/0bcf19cb29fdc8fc588c490c7ae1b3e174dac268586a63fbe1d1893a0f9020cd?s=96&r=g\",\"caption\":\"Reda\u00e7\u00e3o CP\"},\"url\":\"https:\/\/cleitonpinheiro.com.br\/site\/author\/redacao\/\"}]}<\/script>\n<!-- \/ Yoast SEO plugin. -->","yoast_head_json":{"title":"Brasil fecha Grand Prix de jud\u00f4 paral\u00edmpico da IBSA com t\u00edtulo geral - PORTAL DE NOT\u00cdCIAS CLEITON PINHEIRO","robots":{"index":"index","follow":"follow","max-snippet":"max-snippet:-1","max-image-preview":"max-image-preview:large","max-video-preview":"max-video-preview:-1"},"canonical":"https:\/\/cleitonpinheiro.com.br\/site\/brasil-fecha-grand-prix-de-judo-paralimpico-da-ibsa-com-titulo-geral\/","og_locale":"pt_BR","og_type":"article","og_title":"Brasil fecha Grand Prix de jud\u00f4 paral\u00edmpico da IBSA com t\u00edtulo geral - PORTAL DE NOT\u00cdCIAS CLEITON PINHEIRO","og_description":"O Sicredi, institui\u00e7\u00e3o financeira cooperativa com mais de 9 milh\u00f5es de associados em todo o pa\u00eds, disponibiliza R$ 68 bilh\u00f5es para o financiamento do agroneg\u00f3cio no Plano Safra 2025\/2026. O valor representa um crescimento de 10% em rela\u00e7\u00e3o ao volume liberado na \u00faltima safra, consolidando a institui\u00e7\u00e3o como a maior entre as financeiras privadas no [&hellip;]","og_url":"https:\/\/cleitonpinheiro.com.br\/site\/brasil-fecha-grand-prix-de-judo-paralimpico-da-ibsa-com-titulo-geral\/","og_site_name":"PORTAL DE NOT\u00cdCIAS CLEITON PINHEIRO","article_publisher":"https:\/\/www.facebook.com\/portalcpnoticias\/","article_published_time":"2025-08-20T17:55:06+00:00","article_modified_time":"2025-08-20T17:55:12+00:00","og_image":[{"width":1170,"height":700,"url":"https:\/\/cleitonpinheiro.com.br\/site\/wp-content\/uploads\/2025\/08\/gyu9iq2xqaanw7h.webp","type":"image\/webp"}],"author":"Reda\u00e7\u00e3o CP","twitter_card":"summary_large_image","twitter_misc":{"Escrito por":"Reda\u00e7\u00e3o CP","Est. tempo de leitura":"5 minutos"},"schema":{"@context":"https:\/\/schema.org","@graph":[{"@type":"Article","@id":"https:\/\/cleitonpinheiro.com.br\/site\/brasil-fecha-grand-prix-de-judo-paralimpico-da-ibsa-com-titulo-geral\/#article","isPartOf":{"@id":"https:\/\/cleitonpinheiro.com.br\/site\/brasil-fecha-grand-prix-de-judo-paralimpico-da-ibsa-com-titulo-geral\/"},"author":{"name":"Reda\u00e7\u00e3o CP","@id":"https:\/\/cleitonpinheiro.com.br\/site\/#\/schema\/person\/8f04544e0bc40a1b68775b08360f87db"},"headline":"Brasil fecha Grand Prix de jud\u00f4 paral\u00edmpico da IBSA com t\u00edtulo geral","datePublished":"2025-08-20T17:55:06+00:00","dateModified":"2025-08-20T17:55:12+00:00","mainEntityOfPage":{"@id":"https:\/\/cleitonpinheiro.com.br\/site\/brasil-fecha-grand-prix-de-judo-paralimpico-da-ibsa-com-titulo-geral\/"},"wordCount":800,"commentCount":0,"publisher":{"@id":"https:\/\/cleitonpinheiro.com.br\/site\/#organization"},"image":{"@id":"https:\/\/cleitonpinheiro.com.br\/site\/brasil-fecha-grand-prix-de-judo-paralimpico-da-ibsa-com-titulo-geral\/#primaryimage"},"thumbnailUrl":"https:\/\/cleitonpinheiro.com.br\/site\/wp-content\/uploads\/2025\/08\/gyu9iq2xqaanw7h.webp","articleSection":["ESPORTE","MANCHETE SEGUND\u00c1RIA","TODAS NOTICIAS"],"inLanguage":"pt-BR","potentialAction":[{"@type":"CommentAction","name":"Comment","target":["https:\/\/cleitonpinheiro.com.br\/site\/brasil-fecha-grand-prix-de-judo-paralimpico-da-ibsa-com-titulo-geral\/#respond"]}]},{"@type":"WebPage","@id":"https:\/\/cleitonpinheiro.com.br\/site\/brasil-fecha-grand-prix-de-judo-paralimpico-da-ibsa-com-titulo-geral\/","url":"https:\/\/cleitonpinheiro.com.br\/site\/brasil-fecha-grand-prix-de-judo-paralimpico-da-ibsa-com-titulo-geral\/","name":"Brasil fecha Grand Prix de jud\u00f4 paral\u00edmpico da IBSA com t\u00edtulo geral - PORTAL DE NOT\u00cdCIAS CLEITON PINHEIRO","isPartOf":{"@id":"https:\/\/cleitonpinheiro.com.br\/site\/#website"},"primaryImageOfPage":{"@id":"https:\/\/cleitonpinheiro.com.br\/site\/brasil-fecha-grand-prix-de-judo-paralimpico-da-ibsa-com-titulo-geral\/#primaryimage"},"image":{"@id":"https:\/\/cleitonpinheiro.com.br\/site\/brasil-fecha-grand-prix-de-judo-paralimpico-da-ibsa-com-titulo-geral\/#primaryimage"},"thumbnailUrl":"https:\/\/cleitonpinheiro.com.br\/site\/wp-content\/uploads\/2025\/08\/gyu9iq2xqaanw7h.webp","datePublished":"2025-08-20T17:55:06+00:00","dateModified":"2025-08-20T17:55:12+00:00","breadcrumb":{"@id":"https:\/\/cleitonpinheiro.com.br\/site\/brasil-fecha-grand-prix-de-judo-paralimpico-da-ibsa-com-titulo-geral\/#breadcrumb"},"inLanguage":"pt-BR","potentialAction":[{"@type":"ReadAction","target":["https:\/\/cleitonpinheiro.com.br\/site\/brasil-fecha-grand-prix-de-judo-paralimpico-da-ibsa-com-titulo-geral\/"]}]},{"@type":"ImageObject","inLanguage":"pt-BR","@id":"https:\/\/cleitonpinheiro.com.br\/site\/brasil-fecha-grand-prix-de-judo-paralimpico-da-ibsa-com-titulo-geral\/#primaryimage","url":"https:\/\/cleitonpinheiro.com.br\/site\/wp-content\/uploads\/2025\/08\/gyu9iq2xqaanw7h.webp","contentUrl":"https:\/\/cleitonpinheiro.com.br\/site\/wp-content\/uploads\/2025\/08\/gyu9iq2xqaanw7h.webp","width":1170,"height":700},{"@type":"BreadcrumbList","@id":"https:\/\/cleitonpinheiro.com.br\/site\/brasil-fecha-grand-prix-de-judo-paralimpico-da-ibsa-com-titulo-geral\/#breadcrumb","itemListElement":[{"@type":"ListItem","position":1,"name":"In\u00edcio","item":"https:\/\/cleitonpinheiro.com.br\/site\/"},{"@type":"ListItem","position":2,"name":"Brasil fecha Grand Prix de jud\u00f4 paral\u00edmpico da IBSA com t\u00edtulo geral"}]},{"@type":"WebSite","@id":"https:\/\/cleitonpinheiro.com.br\/site\/#website","url":"https:\/\/cleitonpinheiro.com.br\/site\/","name":"PORTAL DE NOT\u00cdCIAS CLEITON PINHEIRO","description":"FALANDO A VERDADE","publisher":{"@id":"https:\/\/cleitonpinheiro.com.br\/site\/#organization"},"potentialAction":[{"@type":"SearchAction","target":{"@type":"EntryPoint","urlTemplate":"https:\/\/cleitonpinheiro.com.br\/site\/?s={search_term_string}"},"query-input":{"@type":"PropertyValueSpecification","valueRequired":true,"valueName":"search_term_string"}}],"inLanguage":"pt-BR"},{"@type":"Organization","@id":"https:\/\/cleitonpinheiro.com.br\/site\/#organization","name":"CPNOT\u00cdCIAS","url":"https:\/\/cleitonpinheiro.com.br\/site\/","logo":{"@type":"ImageObject","inLanguage":"pt-BR","@id":"https:\/\/cleitonpinheiro.com.br\/site\/#\/schema\/logo\/image\/","url":"https:\/\/cleitonpinheiro.com.br\/site\/wp-content\/uploads\/2022\/08\/Logo-pequena-2.png","contentUrl":"https:\/\/cleitonpinheiro.com.br\/site\/wp-content\/uploads\/2022\/08\/Logo-pequena-2.png","width":500,"height":500,"caption":"CPNOT\u00cdCIAS"},"image":{"@id":"https:\/\/cleitonpinheiro.com.br\/site\/#\/schema\/logo\/image\/"},"sameAs":["https:\/\/www.facebook.com\/portalcpnoticias\/"]},{"@type":"Person","@id":"https:\/\/cleitonpinheiro.com.br\/site\/#\/schema\/person\/8f04544e0bc40a1b68775b08360f87db","name":"Reda\u00e7\u00e3o CP","image":{"@type":"ImageObject","inLanguage":"pt-BR","@id":"https:\/\/cleitonpinheiro.com.br\/site\/#\/schema\/person\/image\/","url":"https:\/\/secure.gravatar.com\/avatar\/0bcf19cb29fdc8fc588c490c7ae1b3e174dac268586a63fbe1d1893a0f9020cd?s=96&r=g","contentUrl":"https:\/\/secure.gravatar.com\/avatar\/0bcf19cb29fdc8fc588c490c7ae1b3e174dac268586a63fbe1d1893a0f9020cd?s=96&r=g","caption":"Reda\u00e7\u00e3o CP"},"url":"https:\/\/cleitonpinheiro.com.br\/site\/author\/redacao\/"}]}},"views":158,"_links":{"self":[{"href":"https:\/\/cleitonpinheiro.com.br\/site\/wp-json\/wp\/v2\/posts\/86608","targetHints":{"allow":["GET"]}}],"collection":[{"href":"https:\/\/cleitonpinheiro.com.br\/site\/wp-json\/wp\/v2\/posts"}],"about":[{"href":"https:\/\/cleitonpinheiro.com.br\/site\/wp-json\/wp\/v2\/types\/post"}],"author":[{"embeddable":true,"href":"https:\/\/cleitonpinheiro.com.br\/site\/wp-json\/wp\/v2\/users\/13"}],"replies":[{"embeddable":true,"href":"https:\/\/cleitonpinheiro.com.br\/site\/wp-json\/wp\/v2\/comments?post=86608"}],"version-history":[{"count":1,"href":"https:\/\/cleitonpinheiro.com.br\/site\/wp-json\/wp\/v2\/posts\/86608\/revisions"}],"predecessor-version":[{"id":86611,"href":"https:\/\/cleitonpinheiro.com.br\/site\/wp-json\/wp\/v2\/posts\/86608\/revisions\/86611"}],"wp:featuredmedia":[{"embeddable":true,"href":"https:\/\/cleitonpinheiro.com.br\/site\/wp-json\/wp\/v2\/media\/86610"}],"wp:attachment":[{"href":"https:\/\/cleitonpinheiro.com.br\/site\/wp-json\/wp\/v2\/media?parent=86608"}],"wp:term":[{"taxonomy":"category","embeddable":true,"href":"https:\/\/cleitonpinheiro.com.br\/site\/wp-json\/wp\/v2\/categories?post=86608"},{"taxonomy":"post_tag","embeddable":true,"href":"https:\/\/cleitonpinheiro.com.br\/site\/wp-json\/wp\/v2\/tags?post=86608"}],"curies":[{"name":"wp","href":"https:\/\/api.w.org\/{rel}","templated":true}]}}