{"id":86612,"date":"2025-08-20T15:00:30","date_gmt":"2025-08-20T18:00:30","guid":{"rendered":"https:\/\/cleitonpinheiro.com.br\/site\/?p=86612"},"modified":"2025-08-20T15:00:36","modified_gmt":"2025-08-20T18:00:36","slug":"mundial-de-ginastica-ritmica-comeca-nesta-quarta-no-rio-de-janeiro","status":"publish","type":"post","link":"https:\/\/cleitonpinheiro.com.br\/site\/mundial-de-ginastica-ritmica-comeca-nesta-quarta-no-rio-de-janeiro\/","title":{"rendered":"Mundial de gin\u00e1stica r\u00edtmica come\u00e7a nesta quarta no Rio de Janeiro"},"content":{"rendered":"\n<p>Pela primeira vez na Am\u00e9rica do Sul, o Campeonato Mundial de gin\u00e1stica r\u00edtmica come\u00e7a nesta quarta-feira (20) na Arena Carioca 1, no Parque Ol\u00edmpico, na zona oeste do Rio de Janeiro. A 41\u00aa edi\u00e7\u00e3o da competi\u00e7\u00e3o reunir\u00e1 mais de 300 atletas de 78 pa\u00edses, entre eles o Brasil, que busca uma medalha in\u00e9dita no Mundial.<img decoding=\"async\" src=\"https:\/\/agenciabrasil.ebc.com.br\/ebc.png?id=1655005&amp;o=node\"><img decoding=\"async\" src=\"https:\/\/agenciabrasil.ebc.com.br\/ebc.gif?id=1655005&amp;o=node\"><\/p>\n\n\n\n<p>Na disputa do conjunto, a amarelinha contar\u00e1 com Nicole Pircio, Sofia Madeira, Maria Paula Caminha e Mariana Gon\u00e7alves. A equipe brasileira vive um bom momento: em julho, o quinteto conquistou medalha de ouro in\u00e9dita para o pa\u00eds no conjunto geral (soma das notas das s\u00e9ries cinco arcos e mista), na etapa da Copa do Mundo em Mil\u00e3o (It\u00e1lia). Nos Jogos de Paris,&nbsp;o conjunto brasileiro ficou na quarta posi\u00e7\u00e3o na final dos cinco arcos, resultado hist\u00f3rico da modalidade no pa\u00eds.<\/p>\n\n\n\n<figure class=\"wp-block-image\"><img decoding=\"async\" src=\"https:\/\/imagens.ebc.com.br\/P2jSVpay0H3xojrLuOdxUWMrXBI=\/754x0\/smart\/https:\/\/agenciabrasil.ebc.com.br\/sites\/default\/files\/thumbnails\/image\/2025\/08\/19\/conjunto_ginastica_ritmica_2025.jpg?itok=FIR6BGHn\" alt=\"Duda Arakaki, Nicole Pircio, Sofia Madeira, Maria Paula Caminha e Mariana Gon\u00e7alves - conjunto do brasil no Mundial de gin\u00e1tica r\u00edtmica no Rio de Janeiro, de 20 a 24 de agosto de 2025\" title=\"Divulga\u00e7\u00e3o\/CBG\"\/><\/figure>\n\n\n\n<p>Na disputa do conjunto, o Brasil ser\u00e1 representado por Duda Arakaki, Nicole Pircio, Sofia Madeira, Maria Paula Caminha e Mariana Gon\u00e7alves. Em julho, o quinteto faturou ouro na etapa da Copa do Mundo em Mil\u00e3o (It\u00e1lia)&nbsp;&#8211;&nbsp;<strong>Divulga\u00e7\u00e3o\/CBG<\/strong><\/p>\n\n\n\n<p>J\u00e1 no individual, as representantes brasileiras ser\u00e3o Geovanna Santos e B\u00e1rbara Domingos, finalista nos Jogos de Paris 2024 e a primeira campe\u00e3 do pa\u00eds no individual geral nos Jogos Pan-americanos de Lima (Peru), h\u00e1 dois anos.<\/p>\n\n\n\n<p>O p\u00fablico tamb\u00e9m poder\u00e1 conferir de perto a performance de expoentes mundiais da gin\u00e1stica r\u00edtmica, como a alem\u00e3 Darja Varfolomeev, campe\u00e3 ol\u00edmpica individual em Paris, que empilhou cinco ouros no \u00faltimo Mundial (2023). Outra refer\u00eancia \u00e9 a italiana Sofia Raffaeli, &nbsp;pentacampe\u00e3 mundial em 2022, e a ucraniana Taisiia Onofriichuk, de apenas 17 anos, campe\u00e3 europeia este ano no individual geral.<\/p>\n\n\n\n<p>O Mundial no Rio de Janeiro ter\u00e1 cinco competi\u00e7\u00f5es individuais (geral e em cada aparelho: arco, bola, ma\u00e7as e fita) e tr\u00eas do conjunto (geral, uma s\u00e9rie com um dos quatro aparelhos e uma s\u00e9rie mista). \u00a0Na quarta (20 e quinta-feira (21) ocorrer\u00e3o as classificat\u00f3rias da disputa individual; j\u00e1 a de conjuntos est\u00e1 programada para s\u00e1bado (23) \u00a0e domingo (24).<\/p>\n\n\n\n<p><strong>Quarta-feira (20)<\/strong><br>9h-12h \u2013 Gin\u00e1stica R\u00edtmica Individual \u2013 Classificat\u00f3rias arco e bola \u2013 Grupo A<br>12h-12h45 \u2013 Cerim\u00f4nia de abertura<br>12h45-15h45 \u2013 Gin\u00e1stica R\u00edtmica Individual \u2013 Classificat\u00f3rias arco e bola \u2013 Grupo B<br>16h10-19h10 \u2013 Gin\u00e1stica R\u00edtmica Individual \u2013 Classificat\u00f3rias arco e bola \u2013 Grupo C<br>19h35-22h35 \u2013 Gin\u00e1stica R\u00edtmica Individual \u2013 Classificat\u00f3rias arco e bola \u2013 Grupo D<br><br><strong>Quinta (21)<\/strong><br>9h-12h \u2013 Gin\u00e1stica R\u00edtmica Individual \u2013 Classificat\u00f3rias ma\u00e7as e fita \u2013 Grupo B<br>12h45-15h45 \u2013 Gin\u00e1stica R\u00edtmica<br><br>Individual \u2013 Classificat\u00f3rias ma\u00e7as e fita \u2013 Grupo A<br>16h10-19h10 \u2013 Gin\u00e1stica R\u00edtmica Individual \u2013 Classificat\u00f3rias ma\u00e7as e fita \u2013 Grupo D<br>19h35-22h35 \u2013 Gin\u00e1stica R\u00edtmica Individual \u2013 Classificat\u00f3rias ma\u00e7as e fita \u2013 Grupo C<br><br><strong>Sexta (22)<\/strong><br>14h30-16h40 \u2013 Gin\u00e1stica R\u00edtmica Individual \u2013 Final \u2013 Individual Geral \u2013 Grupo B (posi\u00e7\u00f5es 10 a 18)<br>17h-19h10 \u2013 Gin\u00e1stica R\u00edtmica Individual \u2013 Final \u2013 Individual Geral \u2013 Grupo A (posi\u00e7\u00f5es 1 a 9)<br><br><strong>S\u00e1bado (23)<\/strong><br>14h-16h30 \u2013 Gin\u00e1stica R\u00edtmica de Conjunto \u2013 All-around\u2013 5 fitas e 3 bolas\/2 arcos<br>17h-19h \u2013 Gin\u00e1stica R\u00edtmica de Conjunto<\/p>\n\n\n\n<p>All-around \u2013 5 fitas e 3 bolas\/2 arcos<br><br><strong>Domingo (24)&nbsp;<\/strong><br>11h-11h35 \u2013 Gin\u00e1stica R\u00edtmica Individual \u2013 Final \u2013 arco<br>11h40-12h15 \u2013 Gin\u00e1stica R\u00edtmica Individual \u2013 Final \u2013 bola<br>12h50-13h35 \u2013 Gin\u00e1stica R\u00edtmica de Conjunto \u2013 Final \u2013 5 fitas<br>14h-14h35 \u2013 Gin\u00e1stica R\u00edtmica Individual \u2013 Final \u2013 ma\u00e7as<br>14h40-15h15 \u2013 Gin\u00e1stica R\u00edtmica Individual \u2013 Final \u2013 fita<br>15h50-16h35 \u2013 Gin\u00e1stica R\u00edtmica de Conjunto \u2013 Final \u2013 3 bolas\/2 arcos<\/p>\n\n\n\n<p>Texto: Ag\u00eancia Brasil<\/p>\n","protected":false},"excerpt":{"rendered":"<p>Pela primeira vez na Am\u00e9rica do Sul, o Campeonato Mundial de gin\u00e1stica r\u00edtmica come\u00e7a nesta quarta-feira (20) na Arena Carioca 1, no Parque Ol\u00edmpico, na zona oeste do Rio de Janeiro. A 41\u00aa edi\u00e7\u00e3o da competi\u00e7\u00e3o reunir\u00e1 mais de 300 atletas de 78 pa\u00edses, entre eles o Brasil, que busca uma medalha in\u00e9dita no Mundial. [&hellip;]<\/p>\n","protected":false},"author":13,"featured_media":86613,"comment_status":"open","ping_status":"open","sticky":false,"template":"","format":"standard","meta":{"_acf_changed":false,"footnotes":""},"categories":[1,898,21],"tags":[],"class_list":["post-86612","post","type-post","status-publish","format-standard","has-post-thumbnail","hentry","category-esporte","category-manchete-segundaria","category-todas-noticias"],"acf":[],"yoast_head":"<!-- This site is optimized with the Yoast SEO plugin v24.4 - https:\/\/yoast.com\/wordpress\/plugins\/seo\/ -->\n<title>Mundial de gin\u00e1stica r\u00edtmica come\u00e7a nesta quarta no Rio de Janeiro - PORTAL DE NOT\u00cdCIAS CLEITON PINHEIRO<\/title>\n<meta name=\"robots\" content=\"index, follow, max-snippet:-1, max-image-preview:large, max-video-preview:-1\" \/>\n<link rel=\"canonical\" href=\"https:\/\/cleitonpinheiro.com.br\/site\/mundial-de-ginastica-ritmica-comeca-nesta-quarta-no-rio-de-janeiro\/\" \/>\n<meta property=\"og:locale\" content=\"pt_BR\" \/>\n<meta property=\"og:type\" content=\"article\" \/>\n<meta property=\"og:title\" content=\"Mundial de gin\u00e1stica r\u00edtmica come\u00e7a nesta quarta no Rio de Janeiro - PORTAL DE NOT\u00cdCIAS CLEITON PINHEIRO\" \/>\n<meta property=\"og:description\" content=\"Pela primeira vez na Am\u00e9rica do Sul, o Campeonato Mundial de gin\u00e1stica r\u00edtmica come\u00e7a nesta quarta-feira (20) na Arena Carioca 1, no Parque Ol\u00edmpico, na zona oeste do Rio de Janeiro. A 41\u00aa edi\u00e7\u00e3o da competi\u00e7\u00e3o reunir\u00e1 mais de 300 atletas de 78 pa\u00edses, entre eles o Brasil, que busca uma medalha in\u00e9dita no Mundial. [&hellip;]\" \/>\n<meta property=\"og:url\" content=\"https:\/\/cleitonpinheiro.com.br\/site\/mundial-de-ginastica-ritmica-comeca-nesta-quarta-no-rio-de-janeiro\/\" \/>\n<meta property=\"og:site_name\" content=\"PORTAL DE NOT\u00cdCIAS CLEITON PINHEIRO\" \/>\n<meta property=\"article:publisher\" content=\"https:\/\/www.facebook.com\/portalcpnoticias\/\" \/>\n<meta property=\"article:published_time\" content=\"2025-08-20T18:00:30+00:00\" \/>\n<meta property=\"article:modified_time\" content=\"2025-08-20T18:00:36+00:00\" \/>\n<meta property=\"og:image\" content=\"https:\/\/cleitonpinheiro.com.br\/site\/wp-content\/uploads\/2025\/08\/430818_1085835_whatsapp_image_2023_11_03_at_19.24.55_web_.webp\" \/>\n\t<meta property=\"og:image:width\" content=\"1170\" \/>\n\t<meta property=\"og:image:height\" content=\"700\" \/>\n\t<meta property=\"og:image:type\" content=\"image\/webp\" \/>\n<meta name=\"author\" content=\"Reda\u00e7\u00e3o CP\" \/>\n<meta name=\"twitter:card\" content=\"summary_large_image\" \/>\n<meta name=\"twitter:label1\" content=\"Escrito por\" \/>\n\t<meta name=\"twitter:data1\" content=\"Reda\u00e7\u00e3o CP\" \/>\n\t<meta name=\"twitter:label2\" content=\"Est. tempo de leitura\" \/>\n\t<meta name=\"twitter:data2\" content=\"4 minutos\" \/>\n<script type=\"application\/ld+json\" class=\"yoast-schema-graph\">{\"@context\":\"https:\/\/schema.org\",\"@graph\":[{\"@type\":\"Article\",\"@id\":\"https:\/\/cleitonpinheiro.com.br\/site\/mundial-de-ginastica-ritmica-comeca-nesta-quarta-no-rio-de-janeiro\/#article\",\"isPartOf\":{\"@id\":\"https:\/\/cleitonpinheiro.com.br\/site\/mundial-de-ginastica-ritmica-comeca-nesta-quarta-no-rio-de-janeiro\/\"},\"author\":{\"name\":\"Reda\u00e7\u00e3o CP\",\"@id\":\"https:\/\/cleitonpinheiro.com.br\/site\/#\/schema\/person\/8f04544e0bc40a1b68775b08360f87db\"},\"headline\":\"Mundial de gin\u00e1stica r\u00edtmica come\u00e7a nesta quarta no Rio de Janeiro\",\"datePublished\":\"2025-08-20T18:00:30+00:00\",\"dateModified\":\"2025-08-20T18:00:36+00:00\",\"mainEntityOfPage\":{\"@id\":\"https:\/\/cleitonpinheiro.com.br\/site\/mundial-de-ginastica-ritmica-comeca-nesta-quarta-no-rio-de-janeiro\/\"},\"wordCount\":631,\"commentCount\":0,\"publisher\":{\"@id\":\"https:\/\/cleitonpinheiro.com.br\/site\/#organization\"},\"image\":{\"@id\":\"https:\/\/cleitonpinheiro.com.br\/site\/mundial-de-ginastica-ritmica-comeca-nesta-quarta-no-rio-de-janeiro\/#primaryimage\"},\"thumbnailUrl\":\"https:\/\/cleitonpinheiro.com.br\/site\/wp-content\/uploads\/2025\/08\/430818_1085835_whatsapp_image_2023_11_03_at_19.24.55_web_.webp\",\"articleSection\":[\"ESPORTE\",\"MANCHETE SEGUND\u00c1RIA\",\"TODAS NOTICIAS\"],\"inLanguage\":\"pt-BR\",\"potentialAction\":[{\"@type\":\"CommentAction\",\"name\":\"Comment\",\"target\":[\"https:\/\/cleitonpinheiro.com.br\/site\/mundial-de-ginastica-ritmica-comeca-nesta-quarta-no-rio-de-janeiro\/#respond\"]}]},{\"@type\":\"WebPage\",\"@id\":\"https:\/\/cleitonpinheiro.com.br\/site\/mundial-de-ginastica-ritmica-comeca-nesta-quarta-no-rio-de-janeiro\/\",\"url\":\"https:\/\/cleitonpinheiro.com.br\/site\/mundial-de-ginastica-ritmica-comeca-nesta-quarta-no-rio-de-janeiro\/\",\"name\":\"Mundial de gin\u00e1stica r\u00edtmica come\u00e7a nesta quarta no Rio de Janeiro - PORTAL DE NOT\u00cdCIAS CLEITON PINHEIRO\",\"isPartOf\":{\"@id\":\"https:\/\/cleitonpinheiro.com.br\/site\/#website\"},\"primaryImageOfPage\":{\"@id\":\"https:\/\/cleitonpinheiro.com.br\/site\/mundial-de-ginastica-ritmica-comeca-nesta-quarta-no-rio-de-janeiro\/#primaryimage\"},\"image\":{\"@id\":\"https:\/\/cleitonpinheiro.com.br\/site\/mundial-de-ginastica-ritmica-comeca-nesta-quarta-no-rio-de-janeiro\/#primaryimage\"},\"thumbnailUrl\":\"https:\/\/cleitonpinheiro.com.br\/site\/wp-content\/uploads\/2025\/08\/430818_1085835_whatsapp_image_2023_11_03_at_19.24.55_web_.webp\",\"datePublished\":\"2025-08-20T18:00:30+00:00\",\"dateModified\":\"2025-08-20T18:00:36+00:00\",\"breadcrumb\":{\"@id\":\"https:\/\/cleitonpinheiro.com.br\/site\/mundial-de-ginastica-ritmica-comeca-nesta-quarta-no-rio-de-janeiro\/#breadcrumb\"},\"inLanguage\":\"pt-BR\",\"potentialAction\":[{\"@type\":\"ReadAction\",\"target\":[\"https:\/\/cleitonpinheiro.com.br\/site\/mundial-de-ginastica-ritmica-comeca-nesta-quarta-no-rio-de-janeiro\/\"]}]},{\"@type\":\"ImageObject\",\"inLanguage\":\"pt-BR\",\"@id\":\"https:\/\/cleitonpinheiro.com.br\/site\/mundial-de-ginastica-ritmica-comeca-nesta-quarta-no-rio-de-janeiro\/#primaryimage\",\"url\":\"https:\/\/cleitonpinheiro.com.br\/site\/wp-content\/uploads\/2025\/08\/430818_1085835_whatsapp_image_2023_11_03_at_19.24.55_web_.webp\",\"contentUrl\":\"https:\/\/cleitonpinheiro.com.br\/site\/wp-content\/uploads\/2025\/08\/430818_1085835_whatsapp_image_2023_11_03_at_19.24.55_web_.webp\",\"width\":1170,\"height\":700,\"caption\":\"\u00a9 Ricardo Bufolin\/CBG\/Direitos reservados\"},{\"@type\":\"BreadcrumbList\",\"@id\":\"https:\/\/cleitonpinheiro.com.br\/site\/mundial-de-ginastica-ritmica-comeca-nesta-quarta-no-rio-de-janeiro\/#breadcrumb\",\"itemListElement\":[{\"@type\":\"ListItem\",\"position\":1,\"name\":\"In\u00edcio\",\"item\":\"https:\/\/cleitonpinheiro.com.br\/site\/\"},{\"@type\":\"ListItem\",\"position\":2,\"name\":\"Mundial de gin\u00e1stica r\u00edtmica come\u00e7a nesta quarta no Rio de Janeiro\"}]},{\"@type\":\"WebSite\",\"@id\":\"https:\/\/cleitonpinheiro.com.br\/site\/#website\",\"url\":\"https:\/\/cleitonpinheiro.com.br\/site\/\",\"name\":\"PORTAL DE NOT\u00cdCIAS CLEITON PINHEIRO\",\"description\":\"FALANDO A VERDADE\",\"publisher\":{\"@id\":\"https:\/\/cleitonpinheiro.com.br\/site\/#organization\"},\"potentialAction\":[{\"@type\":\"SearchAction\",\"target\":{\"@type\":\"EntryPoint\",\"urlTemplate\":\"https:\/\/cleitonpinheiro.com.br\/site\/?s={search_term_string}\"},\"query-input\":{\"@type\":\"PropertyValueSpecification\",\"valueRequired\":true,\"valueName\":\"search_term_string\"}}],\"inLanguage\":\"pt-BR\"},{\"@type\":\"Organization\",\"@id\":\"https:\/\/cleitonpinheiro.com.br\/site\/#organization\",\"name\":\"CPNOT\u00cdCIAS\",\"url\":\"https:\/\/cleitonpinheiro.com.br\/site\/\",\"logo\":{\"@type\":\"ImageObject\",\"inLanguage\":\"pt-BR\",\"@id\":\"https:\/\/cleitonpinheiro.com.br\/site\/#\/schema\/logo\/image\/\",\"url\":\"https:\/\/cleitonpinheiro.com.br\/site\/wp-content\/uploads\/2022\/08\/Logo-pequena-2.png\",\"contentUrl\":\"https:\/\/cleitonpinheiro.com.br\/site\/wp-content\/uploads\/2022\/08\/Logo-pequena-2.png\",\"width\":500,\"height\":500,\"caption\":\"CPNOT\u00cdCIAS\"},\"image\":{\"@id\":\"https:\/\/cleitonpinheiro.com.br\/site\/#\/schema\/logo\/image\/\"},\"sameAs\":[\"https:\/\/www.facebook.com\/portalcpnoticias\/\"]},{\"@type\":\"Person\",\"@id\":\"https:\/\/cleitonpinheiro.com.br\/site\/#\/schema\/person\/8f04544e0bc40a1b68775b08360f87db\",\"name\":\"Reda\u00e7\u00e3o CP\",\"image\":{\"@type\":\"ImageObject\",\"inLanguage\":\"pt-BR\",\"@id\":\"https:\/\/cleitonpinheiro.com.br\/site\/#\/schema\/person\/image\/\",\"url\":\"https:\/\/secure.gravatar.com\/avatar\/0bcf19cb29fdc8fc588c490c7ae1b3e174dac268586a63fbe1d1893a0f9020cd?s=96&r=g\",\"contentUrl\":\"https:\/\/secure.gravatar.com\/avatar\/0bcf19cb29fdc8fc588c490c7ae1b3e174dac268586a63fbe1d1893a0f9020cd?s=96&r=g\",\"caption\":\"Reda\u00e7\u00e3o CP\"},\"url\":\"https:\/\/cleitonpinheiro.com.br\/site\/author\/redacao\/\"}]}<\/script>\n<!-- \/ Yoast SEO plugin. -->","yoast_head_json":{"title":"Mundial de gin\u00e1stica r\u00edtmica come\u00e7a nesta quarta no Rio de Janeiro - PORTAL DE NOT\u00cdCIAS CLEITON PINHEIRO","robots":{"index":"index","follow":"follow","max-snippet":"max-snippet:-1","max-image-preview":"max-image-preview:large","max-video-preview":"max-video-preview:-1"},"canonical":"https:\/\/cleitonpinheiro.com.br\/site\/mundial-de-ginastica-ritmica-comeca-nesta-quarta-no-rio-de-janeiro\/","og_locale":"pt_BR","og_type":"article","og_title":"Mundial de gin\u00e1stica r\u00edtmica come\u00e7a nesta quarta no Rio de Janeiro - PORTAL DE NOT\u00cdCIAS CLEITON PINHEIRO","og_description":"Pela primeira vez na Am\u00e9rica do Sul, o Campeonato Mundial de gin\u00e1stica r\u00edtmica come\u00e7a nesta quarta-feira (20) na Arena Carioca 1, no Parque Ol\u00edmpico, na zona oeste do Rio de Janeiro. A 41\u00aa edi\u00e7\u00e3o da competi\u00e7\u00e3o reunir\u00e1 mais de 300 atletas de 78 pa\u00edses, entre eles o Brasil, que busca uma medalha in\u00e9dita no Mundial. [&hellip;]","og_url":"https:\/\/cleitonpinheiro.com.br\/site\/mundial-de-ginastica-ritmica-comeca-nesta-quarta-no-rio-de-janeiro\/","og_site_name":"PORTAL DE NOT\u00cdCIAS CLEITON PINHEIRO","article_publisher":"https:\/\/www.facebook.com\/portalcpnoticias\/","article_published_time":"2025-08-20T18:00:30+00:00","article_modified_time":"2025-08-20T18:00:36+00:00","og_image":[{"width":1170,"height":700,"url":"https:\/\/cleitonpinheiro.com.br\/site\/wp-content\/uploads\/2025\/08\/430818_1085835_whatsapp_image_2023_11_03_at_19.24.55_web_.webp","type":"image\/webp"}],"author":"Reda\u00e7\u00e3o CP","twitter_card":"summary_large_image","twitter_misc":{"Escrito por":"Reda\u00e7\u00e3o CP","Est. tempo de leitura":"4 minutos"},"schema":{"@context":"https:\/\/schema.org","@graph":[{"@type":"Article","@id":"https:\/\/cleitonpinheiro.com.br\/site\/mundial-de-ginastica-ritmica-comeca-nesta-quarta-no-rio-de-janeiro\/#article","isPartOf":{"@id":"https:\/\/cleitonpinheiro.com.br\/site\/mundial-de-ginastica-ritmica-comeca-nesta-quarta-no-rio-de-janeiro\/"},"author":{"name":"Reda\u00e7\u00e3o CP","@id":"https:\/\/cleitonpinheiro.com.br\/site\/#\/schema\/person\/8f04544e0bc40a1b68775b08360f87db"},"headline":"Mundial de gin\u00e1stica r\u00edtmica come\u00e7a nesta quarta no Rio de Janeiro","datePublished":"2025-08-20T18:00:30+00:00","dateModified":"2025-08-20T18:00:36+00:00","mainEntityOfPage":{"@id":"https:\/\/cleitonpinheiro.com.br\/site\/mundial-de-ginastica-ritmica-comeca-nesta-quarta-no-rio-de-janeiro\/"},"wordCount":631,"commentCount":0,"publisher":{"@id":"https:\/\/cleitonpinheiro.com.br\/site\/#organization"},"image":{"@id":"https:\/\/cleitonpinheiro.com.br\/site\/mundial-de-ginastica-ritmica-comeca-nesta-quarta-no-rio-de-janeiro\/#primaryimage"},"thumbnailUrl":"https:\/\/cleitonpinheiro.com.br\/site\/wp-content\/uploads\/2025\/08\/430818_1085835_whatsapp_image_2023_11_03_at_19.24.55_web_.webp","articleSection":["ESPORTE","MANCHETE SEGUND\u00c1RIA","TODAS NOTICIAS"],"inLanguage":"pt-BR","potentialAction":[{"@type":"CommentAction","name":"Comment","target":["https:\/\/cleitonpinheiro.com.br\/site\/mundial-de-ginastica-ritmica-comeca-nesta-quarta-no-rio-de-janeiro\/#respond"]}]},{"@type":"WebPage","@id":"https:\/\/cleitonpinheiro.com.br\/site\/mundial-de-ginastica-ritmica-comeca-nesta-quarta-no-rio-de-janeiro\/","url":"https:\/\/cleitonpinheiro.com.br\/site\/mundial-de-ginastica-ritmica-comeca-nesta-quarta-no-rio-de-janeiro\/","name":"Mundial de gin\u00e1stica r\u00edtmica come\u00e7a nesta quarta no Rio de Janeiro - PORTAL DE NOT\u00cdCIAS CLEITON PINHEIRO","isPartOf":{"@id":"https:\/\/cleitonpinheiro.com.br\/site\/#website"},"primaryImageOfPage":{"@id":"https:\/\/cleitonpinheiro.com.br\/site\/mundial-de-ginastica-ritmica-comeca-nesta-quarta-no-rio-de-janeiro\/#primaryimage"},"image":{"@id":"https:\/\/cleitonpinheiro.com.br\/site\/mundial-de-ginastica-ritmica-comeca-nesta-quarta-no-rio-de-janeiro\/#primaryimage"},"thumbnailUrl":"https:\/\/cleitonpinheiro.com.br\/site\/wp-content\/uploads\/2025\/08\/430818_1085835_whatsapp_image_2023_11_03_at_19.24.55_web_.webp","datePublished":"2025-08-20T18:00:30+00:00","dateModified":"2025-08-20T18:00:36+00:00","breadcrumb":{"@id":"https:\/\/cleitonpinheiro.com.br\/site\/mundial-de-ginastica-ritmica-comeca-nesta-quarta-no-rio-de-janeiro\/#breadcrumb"},"inLanguage":"pt-BR","potentialAction":[{"@type":"ReadAction","target":["https:\/\/cleitonpinheiro.com.br\/site\/mundial-de-ginastica-ritmica-comeca-nesta-quarta-no-rio-de-janeiro\/"]}]},{"@type":"ImageObject","inLanguage":"pt-BR","@id":"https:\/\/cleitonpinheiro.com.br\/site\/mundial-de-ginastica-ritmica-comeca-nesta-quarta-no-rio-de-janeiro\/#primaryimage","url":"https:\/\/cleitonpinheiro.com.br\/site\/wp-content\/uploads\/2025\/08\/430818_1085835_whatsapp_image_2023_11_03_at_19.24.55_web_.webp","contentUrl":"https:\/\/cleitonpinheiro.com.br\/site\/wp-content\/uploads\/2025\/08\/430818_1085835_whatsapp_image_2023_11_03_at_19.24.55_web_.webp","width":1170,"height":700,"caption":"\u00a9 Ricardo Bufolin\/CBG\/Direitos reservados"},{"@type":"BreadcrumbList","@id":"https:\/\/cleitonpinheiro.com.br\/site\/mundial-de-ginastica-ritmica-comeca-nesta-quarta-no-rio-de-janeiro\/#breadcrumb","itemListElement":[{"@type":"ListItem","position":1,"name":"In\u00edcio","item":"https:\/\/cleitonpinheiro.com.br\/site\/"},{"@type":"ListItem","position":2,"name":"Mundial de gin\u00e1stica r\u00edtmica come\u00e7a nesta quarta no Rio de Janeiro"}]},{"@type":"WebSite","@id":"https:\/\/cleitonpinheiro.com.br\/site\/#website","url":"https:\/\/cleitonpinheiro.com.br\/site\/","name":"PORTAL DE NOT\u00cdCIAS CLEITON PINHEIRO","description":"FALANDO A VERDADE","publisher":{"@id":"https:\/\/cleitonpinheiro.com.br\/site\/#organization"},"potentialAction":[{"@type":"SearchAction","target":{"@type":"EntryPoint","urlTemplate":"https:\/\/cleitonpinheiro.com.br\/site\/?s={search_term_string}"},"query-input":{"@type":"PropertyValueSpecification","valueRequired":true,"valueName":"search_term_string"}}],"inLanguage":"pt-BR"},{"@type":"Organization","@id":"https:\/\/cleitonpinheiro.com.br\/site\/#organization","name":"CPNOT\u00cdCIAS","url":"https:\/\/cleitonpinheiro.com.br\/site\/","logo":{"@type":"ImageObject","inLanguage":"pt-BR","@id":"https:\/\/cleitonpinheiro.com.br\/site\/#\/schema\/logo\/image\/","url":"https:\/\/cleitonpinheiro.com.br\/site\/wp-content\/uploads\/2022\/08\/Logo-pequena-2.png","contentUrl":"https:\/\/cleitonpinheiro.com.br\/site\/wp-content\/uploads\/2022\/08\/Logo-pequena-2.png","width":500,"height":500,"caption":"CPNOT\u00cdCIAS"},"image":{"@id":"https:\/\/cleitonpinheiro.com.br\/site\/#\/schema\/logo\/image\/"},"sameAs":["https:\/\/www.facebook.com\/portalcpnoticias\/"]},{"@type":"Person","@id":"https:\/\/cleitonpinheiro.com.br\/site\/#\/schema\/person\/8f04544e0bc40a1b68775b08360f87db","name":"Reda\u00e7\u00e3o CP","image":{"@type":"ImageObject","inLanguage":"pt-BR","@id":"https:\/\/cleitonpinheiro.com.br\/site\/#\/schema\/person\/image\/","url":"https:\/\/secure.gravatar.com\/avatar\/0bcf19cb29fdc8fc588c490c7ae1b3e174dac268586a63fbe1d1893a0f9020cd?s=96&r=g","contentUrl":"https:\/\/secure.gravatar.com\/avatar\/0bcf19cb29fdc8fc588c490c7ae1b3e174dac268586a63fbe1d1893a0f9020cd?s=96&r=g","caption":"Reda\u00e7\u00e3o CP"},"url":"https:\/\/cleitonpinheiro.com.br\/site\/author\/redacao\/"}]}},"views":122,"_links":{"self":[{"href":"https:\/\/cleitonpinheiro.com.br\/site\/wp-json\/wp\/v2\/posts\/86612","targetHints":{"allow":["GET"]}}],"collection":[{"href":"https:\/\/cleitonpinheiro.com.br\/site\/wp-json\/wp\/v2\/posts"}],"about":[{"href":"https:\/\/cleitonpinheiro.com.br\/site\/wp-json\/wp\/v2\/types\/post"}],"author":[{"embeddable":true,"href":"https:\/\/cleitonpinheiro.com.br\/site\/wp-json\/wp\/v2\/users\/13"}],"replies":[{"embeddable":true,"href":"https:\/\/cleitonpinheiro.com.br\/site\/wp-json\/wp\/v2\/comments?post=86612"}],"version-history":[{"count":1,"href":"https:\/\/cleitonpinheiro.com.br\/site\/wp-json\/wp\/v2\/posts\/86612\/revisions"}],"predecessor-version":[{"id":86614,"href":"https:\/\/cleitonpinheiro.com.br\/site\/wp-json\/wp\/v2\/posts\/86612\/revisions\/86614"}],"wp:featuredmedia":[{"embeddable":true,"href":"https:\/\/cleitonpinheiro.com.br\/site\/wp-json\/wp\/v2\/media\/86613"}],"wp:attachment":[{"href":"https:\/\/cleitonpinheiro.com.br\/site\/wp-json\/wp\/v2\/media?parent=86612"}],"wp:term":[{"taxonomy":"category","embeddable":true,"href":"https:\/\/cleitonpinheiro.com.br\/site\/wp-json\/wp\/v2\/categories?post=86612"},{"taxonomy":"post_tag","embeddable":true,"href":"https:\/\/cleitonpinheiro.com.br\/site\/wp-json\/wp\/v2\/tags?post=86612"}],"curies":[{"name":"wp","href":"https:\/\/api.w.org\/{rel}","templated":true}]}}