{"id":86617,"date":"2025-08-20T15:08:39","date_gmt":"2025-08-20T18:08:39","guid":{"rendered":"https:\/\/cleitonpinheiro.com.br\/site\/?p=86617"},"modified":"2025-08-20T15:08:44","modified_gmt":"2025-08-20T18:08:44","slug":"prefeitura-de-palmas-promove-mutirao-de-encoleiramento-testagem-de-calazar-canino-e-vacinacao-antirrabica","status":"publish","type":"post","link":"https:\/\/cleitonpinheiro.com.br\/site\/prefeitura-de-palmas-promove-mutirao-de-encoleiramento-testagem-de-calazar-canino-e-vacinacao-antirrabica\/","title":{"rendered":"Prefeitura de Palmas promove mutir\u00e3o de encoleiramento, testagem de calazar canino e vacina\u00e7\u00e3o antirr\u00e1bica"},"content":{"rendered":"\n<figure class=\"wp-block-image size-full\"><img fetchpriority=\"high\" decoding=\"async\" width=\"800\" height=\"533\" src=\"https:\/\/cleitonpinheiro.com.br\/site\/wp-content\/uploads\/2025\/08\/Para-receber-coleira-cao-devera-ter-no-minimo-4-meses-de-idade-e-passar-pela-testagem-de-calazar-\u2013-Foto-Francisco-Barros.jpg\" alt=\"\" class=\"wp-image-86618\" srcset=\"https:\/\/cleitonpinheiro.com.br\/site\/wp-content\/uploads\/2025\/08\/Para-receber-coleira-cao-devera-ter-no-minimo-4-meses-de-idade-e-passar-pela-testagem-de-calazar-\u2013-Foto-Francisco-Barros.jpg 800w, https:\/\/cleitonpinheiro.com.br\/site\/wp-content\/uploads\/2025\/08\/Para-receber-coleira-cao-devera-ter-no-minimo-4-meses-de-idade-e-passar-pela-testagem-de-calazar-\u2013-Foto-Francisco-Barros-300x200.jpg 300w, https:\/\/cleitonpinheiro.com.br\/site\/wp-content\/uploads\/2025\/08\/Para-receber-coleira-cao-devera-ter-no-minimo-4-meses-de-idade-e-passar-pela-testagem-de-calazar-\u2013-Foto-Francisco-Barros-768x512.jpg 768w\" sizes=\"(max-width: 800px) 100vw, 800px\" \/><\/figure>\n\n\n\n<p>No pr\u00f3ximo s\u00e1bado, 23, das 8 \u00e0s 12 horas, a Prefeitura de Palmas, por meio da Secretaria Municipal da Sa\u00fade (Semus), realizar\u00e1 mutir\u00e3o para os c\u00e3ozinhos com encoleiramento e testagem para leishmaniose visceral (calazar) e vacina\u00e7\u00e3o antirr\u00e1bica para c\u00e3es e gatos. A a\u00e7\u00e3o ser\u00e1 realizada nas Unidades de Sa\u00fade da Fam\u00edlia (USFs) Santa F\u00e9, Bela Vista, Morada do Sol e Jos\u00e9 Hermes Rodrigues Damaso (Setor Sul).<\/p>\n\n\n\n<p>A iniciativa faz parte do Plano de A\u00e7\u00e3o para Intensifica\u00e7\u00e3o da Vigil\u00e2ncia e Controle da Leishmaniose Visceral (2024-2027), que visa encoleirar c\u00e3es domiciliados nas \u00e1reas de alto risco para transmiss\u00e3o da doen\u00e7a em humanos. Desta vez, o foco s\u00e3o os c\u00e3es residentes nos seguintes bairros: Bela Vista, Santa F\u00e9, Santa F\u00e9 II, Santa F\u00e9 III, Santa F\u00e9 IV, Setor Sul, Taquaralto, Setor Industrial de Taquaralto, Belo Horizonte, Maria Rosa, Palmas Sul, Vista Alegre, Morada do Sol II, Morada do Sol III, Vale do Sol, Jardim Laila, Sol Nascente, Jardim Paulista e Jardim Cana\u00e3.<\/p>\n\n\n\n<p>Para ter acesso ao servi\u00e7o, o respons\u00e1vel pelo animal dever\u00e1 levar um comprovante de resid\u00eancia atual que ateste morar nos locais citados acima. O c\u00e3o dever\u00e1 ter no m\u00ednimo 4 meses de idade para ser encoleirado e passar pela testagem. J\u00e1 para a vacina\u00e7\u00e3o antirr\u00e1bica, dispon\u00edvel para cachorros e gatos, a orienta\u00e7\u00e3o \u00e9 que tenha, no m\u00ednimo, 3 meses de vida.<\/p>\n\n\n\n<p>Texto: Fernanda Mendon\u00e7a<\/p>\n","protected":false},"excerpt":{"rendered":"<p>No pr\u00f3ximo s\u00e1bado, 23, das 8 \u00e0s 12 horas, a Prefeitura de Palmas, por meio da Secretaria Municipal da Sa\u00fade (Semus), realizar\u00e1 mutir\u00e3o para os c\u00e3ozinhos com encoleiramento e testagem para leishmaniose visceral (calazar) e vacina\u00e7\u00e3o antirr\u00e1bica para c\u00e3es e gatos. A a\u00e7\u00e3o ser\u00e1 realizada nas Unidades de Sa\u00fade da Fam\u00edlia (USFs) Santa F\u00e9, Bela [&hellip;]<\/p>\n","protected":false},"author":13,"featured_media":86618,"comment_status":"open","ping_status":"open","sticky":false,"template":"","format":"standard","meta":{"_acf_changed":false,"footnotes":""},"categories":[22,898,21],"tags":[],"class_list":["post-86617","post","type-post","status-publish","format-standard","has-post-thumbnail","hentry","category-cidades","category-manchete-segundaria","category-todas-noticias"],"acf":[],"yoast_head":"<!-- This site is optimized with the Yoast SEO plugin v24.4 - https:\/\/yoast.com\/wordpress\/plugins\/seo\/ -->\n<title>Prefeitura de Palmas promove mutir\u00e3o de encoleiramento, testagem de calazar canino e vacina\u00e7\u00e3o antirr\u00e1bica - PORTAL DE NOT\u00cdCIAS CLEITON PINHEIRO<\/title>\n<meta name=\"robots\" content=\"index, follow, max-snippet:-1, max-image-preview:large, max-video-preview:-1\" \/>\n<link rel=\"canonical\" href=\"https:\/\/cleitonpinheiro.com.br\/site\/prefeitura-de-palmas-promove-mutirao-de-encoleiramento-testagem-de-calazar-canino-e-vacinacao-antirrabica\/\" \/>\n<meta property=\"og:locale\" content=\"pt_BR\" \/>\n<meta property=\"og:type\" content=\"article\" \/>\n<meta property=\"og:title\" content=\"Prefeitura de Palmas promove mutir\u00e3o de encoleiramento, testagem de calazar canino e vacina\u00e7\u00e3o antirr\u00e1bica - PORTAL DE NOT\u00cdCIAS CLEITON PINHEIRO\" \/>\n<meta property=\"og:description\" content=\"No pr\u00f3ximo s\u00e1bado, 23, das 8 \u00e0s 12 horas, a Prefeitura de Palmas, por meio da Secretaria Municipal da Sa\u00fade (Semus), realizar\u00e1 mutir\u00e3o para os c\u00e3ozinhos com encoleiramento e testagem para leishmaniose visceral (calazar) e vacina\u00e7\u00e3o antirr\u00e1bica para c\u00e3es e gatos. A a\u00e7\u00e3o ser\u00e1 realizada nas Unidades de Sa\u00fade da Fam\u00edlia (USFs) Santa F\u00e9, Bela [&hellip;]\" \/>\n<meta property=\"og:url\" content=\"https:\/\/cleitonpinheiro.com.br\/site\/prefeitura-de-palmas-promove-mutirao-de-encoleiramento-testagem-de-calazar-canino-e-vacinacao-antirrabica\/\" \/>\n<meta property=\"og:site_name\" content=\"PORTAL DE NOT\u00cdCIAS CLEITON PINHEIRO\" \/>\n<meta property=\"article:publisher\" content=\"https:\/\/www.facebook.com\/portalcpnoticias\/\" \/>\n<meta property=\"article:published_time\" content=\"2025-08-20T18:08:39+00:00\" \/>\n<meta property=\"article:modified_time\" content=\"2025-08-20T18:08:44+00:00\" \/>\n<meta property=\"og:image\" content=\"https:\/\/cleitonpinheiro.com.br\/site\/wp-content\/uploads\/2025\/08\/Para-receber-coleira-cao-devera-ter-no-minimo-4-meses-de-idade-e-passar-pela-testagem-de-calazar-\u2013-Foto-Francisco-Barros.jpg\" \/>\n\t<meta property=\"og:image:width\" content=\"800\" \/>\n\t<meta property=\"og:image:height\" content=\"533\" \/>\n\t<meta property=\"og:image:type\" content=\"image\/jpeg\" \/>\n<meta name=\"author\" content=\"Reda\u00e7\u00e3o CP\" \/>\n<meta name=\"twitter:card\" content=\"summary_large_image\" \/>\n<meta name=\"twitter:label1\" content=\"Escrito por\" \/>\n\t<meta name=\"twitter:data1\" content=\"Reda\u00e7\u00e3o CP\" \/>\n\t<meta name=\"twitter:label2\" content=\"Est. tempo de leitura\" \/>\n\t<meta name=\"twitter:data2\" content=\"2 minutos\" \/>\n<script type=\"application\/ld+json\" class=\"yoast-schema-graph\">{\"@context\":\"https:\/\/schema.org\",\"@graph\":[{\"@type\":\"Article\",\"@id\":\"https:\/\/cleitonpinheiro.com.br\/site\/prefeitura-de-palmas-promove-mutirao-de-encoleiramento-testagem-de-calazar-canino-e-vacinacao-antirrabica\/#article\",\"isPartOf\":{\"@id\":\"https:\/\/cleitonpinheiro.com.br\/site\/prefeitura-de-palmas-promove-mutirao-de-encoleiramento-testagem-de-calazar-canino-e-vacinacao-antirrabica\/\"},\"author\":{\"name\":\"Reda\u00e7\u00e3o CP\",\"@id\":\"https:\/\/cleitonpinheiro.com.br\/site\/#\/schema\/person\/8f04544e0bc40a1b68775b08360f87db\"},\"headline\":\"Prefeitura de Palmas promove mutir\u00e3o de encoleiramento, testagem de calazar canino e vacina\u00e7\u00e3o antirr\u00e1bica\",\"datePublished\":\"2025-08-20T18:08:39+00:00\",\"dateModified\":\"2025-08-20T18:08:44+00:00\",\"mainEntityOfPage\":{\"@id\":\"https:\/\/cleitonpinheiro.com.br\/site\/prefeitura-de-palmas-promove-mutirao-de-encoleiramento-testagem-de-calazar-canino-e-vacinacao-antirrabica\/\"},\"wordCount\":264,\"commentCount\":0,\"publisher\":{\"@id\":\"https:\/\/cleitonpinheiro.com.br\/site\/#organization\"},\"image\":{\"@id\":\"https:\/\/cleitonpinheiro.com.br\/site\/prefeitura-de-palmas-promove-mutirao-de-encoleiramento-testagem-de-calazar-canino-e-vacinacao-antirrabica\/#primaryimage\"},\"thumbnailUrl\":\"https:\/\/cleitonpinheiro.com.br\/site\/wp-content\/uploads\/2025\/08\/Para-receber-coleira-cao-devera-ter-no-minimo-4-meses-de-idade-e-passar-pela-testagem-de-calazar-\u2013-Foto-Francisco-Barros.jpg\",\"articleSection\":[\"CIDADES\",\"MANCHETE SEGUND\u00c1RIA\",\"TODAS NOTICIAS\"],\"inLanguage\":\"pt-BR\",\"potentialAction\":[{\"@type\":\"CommentAction\",\"name\":\"Comment\",\"target\":[\"https:\/\/cleitonpinheiro.com.br\/site\/prefeitura-de-palmas-promove-mutirao-de-encoleiramento-testagem-de-calazar-canino-e-vacinacao-antirrabica\/#respond\"]}]},{\"@type\":\"WebPage\",\"@id\":\"https:\/\/cleitonpinheiro.com.br\/site\/prefeitura-de-palmas-promove-mutirao-de-encoleiramento-testagem-de-calazar-canino-e-vacinacao-antirrabica\/\",\"url\":\"https:\/\/cleitonpinheiro.com.br\/site\/prefeitura-de-palmas-promove-mutirao-de-encoleiramento-testagem-de-calazar-canino-e-vacinacao-antirrabica\/\",\"name\":\"Prefeitura de Palmas promove mutir\u00e3o de encoleiramento, testagem de calazar canino e vacina\u00e7\u00e3o antirr\u00e1bica - PORTAL DE NOT\u00cdCIAS CLEITON PINHEIRO\",\"isPartOf\":{\"@id\":\"https:\/\/cleitonpinheiro.com.br\/site\/#website\"},\"primaryImageOfPage\":{\"@id\":\"https:\/\/cleitonpinheiro.com.br\/site\/prefeitura-de-palmas-promove-mutirao-de-encoleiramento-testagem-de-calazar-canino-e-vacinacao-antirrabica\/#primaryimage\"},\"image\":{\"@id\":\"https:\/\/cleitonpinheiro.com.br\/site\/prefeitura-de-palmas-promove-mutirao-de-encoleiramento-testagem-de-calazar-canino-e-vacinacao-antirrabica\/#primaryimage\"},\"thumbnailUrl\":\"https:\/\/cleitonpinheiro.com.br\/site\/wp-content\/uploads\/2025\/08\/Para-receber-coleira-cao-devera-ter-no-minimo-4-meses-de-idade-e-passar-pela-testagem-de-calazar-\u2013-Foto-Francisco-Barros.jpg\",\"datePublished\":\"2025-08-20T18:08:39+00:00\",\"dateModified\":\"2025-08-20T18:08:44+00:00\",\"breadcrumb\":{\"@id\":\"https:\/\/cleitonpinheiro.com.br\/site\/prefeitura-de-palmas-promove-mutirao-de-encoleiramento-testagem-de-calazar-canino-e-vacinacao-antirrabica\/#breadcrumb\"},\"inLanguage\":\"pt-BR\",\"potentialAction\":[{\"@type\":\"ReadAction\",\"target\":[\"https:\/\/cleitonpinheiro.com.br\/site\/prefeitura-de-palmas-promove-mutirao-de-encoleiramento-testagem-de-calazar-canino-e-vacinacao-antirrabica\/\"]}]},{\"@type\":\"ImageObject\",\"inLanguage\":\"pt-BR\",\"@id\":\"https:\/\/cleitonpinheiro.com.br\/site\/prefeitura-de-palmas-promove-mutirao-de-encoleiramento-testagem-de-calazar-canino-e-vacinacao-antirrabica\/#primaryimage\",\"url\":\"https:\/\/cleitonpinheiro.com.br\/site\/wp-content\/uploads\/2025\/08\/Para-receber-coleira-cao-devera-ter-no-minimo-4-meses-de-idade-e-passar-pela-testagem-de-calazar-\u2013-Foto-Francisco-Barros.jpg\",\"contentUrl\":\"https:\/\/cleitonpinheiro.com.br\/site\/wp-content\/uploads\/2025\/08\/Para-receber-coleira-cao-devera-ter-no-minimo-4-meses-de-idade-e-passar-pela-testagem-de-calazar-\u2013-Foto-Francisco-Barros.jpg\",\"width\":800,\"height\":533},{\"@type\":\"BreadcrumbList\",\"@id\":\"https:\/\/cleitonpinheiro.com.br\/site\/prefeitura-de-palmas-promove-mutirao-de-encoleiramento-testagem-de-calazar-canino-e-vacinacao-antirrabica\/#breadcrumb\",\"itemListElement\":[{\"@type\":\"ListItem\",\"position\":1,\"name\":\"In\u00edcio\",\"item\":\"https:\/\/cleitonpinheiro.com.br\/site\/\"},{\"@type\":\"ListItem\",\"position\":2,\"name\":\"Prefeitura de Palmas promove mutir\u00e3o de encoleiramento, testagem de calazar canino e vacina\u00e7\u00e3o antirr\u00e1bica\"}]},{\"@type\":\"WebSite\",\"@id\":\"https:\/\/cleitonpinheiro.com.br\/site\/#website\",\"url\":\"https:\/\/cleitonpinheiro.com.br\/site\/\",\"name\":\"PORTAL DE NOT\u00cdCIAS CLEITON PINHEIRO\",\"description\":\"FALANDO A VERDADE\",\"publisher\":{\"@id\":\"https:\/\/cleitonpinheiro.com.br\/site\/#organization\"},\"potentialAction\":[{\"@type\":\"SearchAction\",\"target\":{\"@type\":\"EntryPoint\",\"urlTemplate\":\"https:\/\/cleitonpinheiro.com.br\/site\/?s={search_term_string}\"},\"query-input\":{\"@type\":\"PropertyValueSpecification\",\"valueRequired\":true,\"valueName\":\"search_term_string\"}}],\"inLanguage\":\"pt-BR\"},{\"@type\":\"Organization\",\"@id\":\"https:\/\/cleitonpinheiro.com.br\/site\/#organization\",\"name\":\"CPNOT\u00cdCIAS\",\"url\":\"https:\/\/cleitonpinheiro.com.br\/site\/\",\"logo\":{\"@type\":\"ImageObject\",\"inLanguage\":\"pt-BR\",\"@id\":\"https:\/\/cleitonpinheiro.com.br\/site\/#\/schema\/logo\/image\/\",\"url\":\"https:\/\/cleitonpinheiro.com.br\/site\/wp-content\/uploads\/2022\/08\/Logo-pequena-2.png\",\"contentUrl\":\"https:\/\/cleitonpinheiro.com.br\/site\/wp-content\/uploads\/2022\/08\/Logo-pequena-2.png\",\"width\":500,\"height\":500,\"caption\":\"CPNOT\u00cdCIAS\"},\"image\":{\"@id\":\"https:\/\/cleitonpinheiro.com.br\/site\/#\/schema\/logo\/image\/\"},\"sameAs\":[\"https:\/\/www.facebook.com\/portalcpnoticias\/\"]},{\"@type\":\"Person\",\"@id\":\"https:\/\/cleitonpinheiro.com.br\/site\/#\/schema\/person\/8f04544e0bc40a1b68775b08360f87db\",\"name\":\"Reda\u00e7\u00e3o CP\",\"image\":{\"@type\":\"ImageObject\",\"inLanguage\":\"pt-BR\",\"@id\":\"https:\/\/cleitonpinheiro.com.br\/site\/#\/schema\/person\/image\/\",\"url\":\"https:\/\/secure.gravatar.com\/avatar\/0bcf19cb29fdc8fc588c490c7ae1b3e174dac268586a63fbe1d1893a0f9020cd?s=96&r=g\",\"contentUrl\":\"https:\/\/secure.gravatar.com\/avatar\/0bcf19cb29fdc8fc588c490c7ae1b3e174dac268586a63fbe1d1893a0f9020cd?s=96&r=g\",\"caption\":\"Reda\u00e7\u00e3o CP\"},\"url\":\"https:\/\/cleitonpinheiro.com.br\/site\/author\/redacao\/\"}]}<\/script>\n<!-- \/ Yoast SEO plugin. -->","yoast_head_json":{"title":"Prefeitura de Palmas promove mutir\u00e3o de encoleiramento, testagem de calazar canino e vacina\u00e7\u00e3o antirr\u00e1bica - PORTAL DE NOT\u00cdCIAS CLEITON PINHEIRO","robots":{"index":"index","follow":"follow","max-snippet":"max-snippet:-1","max-image-preview":"max-image-preview:large","max-video-preview":"max-video-preview:-1"},"canonical":"https:\/\/cleitonpinheiro.com.br\/site\/prefeitura-de-palmas-promove-mutirao-de-encoleiramento-testagem-de-calazar-canino-e-vacinacao-antirrabica\/","og_locale":"pt_BR","og_type":"article","og_title":"Prefeitura de Palmas promove mutir\u00e3o de encoleiramento, testagem de calazar canino e vacina\u00e7\u00e3o antirr\u00e1bica - PORTAL DE NOT\u00cdCIAS CLEITON PINHEIRO","og_description":"No pr\u00f3ximo s\u00e1bado, 23, das 8 \u00e0s 12 horas, a Prefeitura de Palmas, por meio da Secretaria Municipal da Sa\u00fade (Semus), realizar\u00e1 mutir\u00e3o para os c\u00e3ozinhos com encoleiramento e testagem para leishmaniose visceral (calazar) e vacina\u00e7\u00e3o antirr\u00e1bica para c\u00e3es e gatos. A a\u00e7\u00e3o ser\u00e1 realizada nas Unidades de Sa\u00fade da Fam\u00edlia (USFs) Santa F\u00e9, Bela [&hellip;]","og_url":"https:\/\/cleitonpinheiro.com.br\/site\/prefeitura-de-palmas-promove-mutirao-de-encoleiramento-testagem-de-calazar-canino-e-vacinacao-antirrabica\/","og_site_name":"PORTAL DE NOT\u00cdCIAS CLEITON PINHEIRO","article_publisher":"https:\/\/www.facebook.com\/portalcpnoticias\/","article_published_time":"2025-08-20T18:08:39+00:00","article_modified_time":"2025-08-20T18:08:44+00:00","og_image":[{"width":800,"height":533,"url":"https:\/\/cleitonpinheiro.com.br\/site\/wp-content\/uploads\/2025\/08\/Para-receber-coleira-cao-devera-ter-no-minimo-4-meses-de-idade-e-passar-pela-testagem-de-calazar-\u2013-Foto-Francisco-Barros.jpg","type":"image\/jpeg"}],"author":"Reda\u00e7\u00e3o CP","twitter_card":"summary_large_image","twitter_misc":{"Escrito por":"Reda\u00e7\u00e3o CP","Est. tempo de leitura":"2 minutos"},"schema":{"@context":"https:\/\/schema.org","@graph":[{"@type":"Article","@id":"https:\/\/cleitonpinheiro.com.br\/site\/prefeitura-de-palmas-promove-mutirao-de-encoleiramento-testagem-de-calazar-canino-e-vacinacao-antirrabica\/#article","isPartOf":{"@id":"https:\/\/cleitonpinheiro.com.br\/site\/prefeitura-de-palmas-promove-mutirao-de-encoleiramento-testagem-de-calazar-canino-e-vacinacao-antirrabica\/"},"author":{"name":"Reda\u00e7\u00e3o CP","@id":"https:\/\/cleitonpinheiro.com.br\/site\/#\/schema\/person\/8f04544e0bc40a1b68775b08360f87db"},"headline":"Prefeitura de Palmas promove mutir\u00e3o de encoleiramento, testagem de calazar canino e vacina\u00e7\u00e3o antirr\u00e1bica","datePublished":"2025-08-20T18:08:39+00:00","dateModified":"2025-08-20T18:08:44+00:00","mainEntityOfPage":{"@id":"https:\/\/cleitonpinheiro.com.br\/site\/prefeitura-de-palmas-promove-mutirao-de-encoleiramento-testagem-de-calazar-canino-e-vacinacao-antirrabica\/"},"wordCount":264,"commentCount":0,"publisher":{"@id":"https:\/\/cleitonpinheiro.com.br\/site\/#organization"},"image":{"@id":"https:\/\/cleitonpinheiro.com.br\/site\/prefeitura-de-palmas-promove-mutirao-de-encoleiramento-testagem-de-calazar-canino-e-vacinacao-antirrabica\/#primaryimage"},"thumbnailUrl":"https:\/\/cleitonpinheiro.com.br\/site\/wp-content\/uploads\/2025\/08\/Para-receber-coleira-cao-devera-ter-no-minimo-4-meses-de-idade-e-passar-pela-testagem-de-calazar-\u2013-Foto-Francisco-Barros.jpg","articleSection":["CIDADES","MANCHETE SEGUND\u00c1RIA","TODAS NOTICIAS"],"inLanguage":"pt-BR","potentialAction":[{"@type":"CommentAction","name":"Comment","target":["https:\/\/cleitonpinheiro.com.br\/site\/prefeitura-de-palmas-promove-mutirao-de-encoleiramento-testagem-de-calazar-canino-e-vacinacao-antirrabica\/#respond"]}]},{"@type":"WebPage","@id":"https:\/\/cleitonpinheiro.com.br\/site\/prefeitura-de-palmas-promove-mutirao-de-encoleiramento-testagem-de-calazar-canino-e-vacinacao-antirrabica\/","url":"https:\/\/cleitonpinheiro.com.br\/site\/prefeitura-de-palmas-promove-mutirao-de-encoleiramento-testagem-de-calazar-canino-e-vacinacao-antirrabica\/","name":"Prefeitura de Palmas promove mutir\u00e3o de encoleiramento, testagem de calazar canino e vacina\u00e7\u00e3o antirr\u00e1bica - PORTAL DE NOT\u00cdCIAS CLEITON PINHEIRO","isPartOf":{"@id":"https:\/\/cleitonpinheiro.com.br\/site\/#website"},"primaryImageOfPage":{"@id":"https:\/\/cleitonpinheiro.com.br\/site\/prefeitura-de-palmas-promove-mutirao-de-encoleiramento-testagem-de-calazar-canino-e-vacinacao-antirrabica\/#primaryimage"},"image":{"@id":"https:\/\/cleitonpinheiro.com.br\/site\/prefeitura-de-palmas-promove-mutirao-de-encoleiramento-testagem-de-calazar-canino-e-vacinacao-antirrabica\/#primaryimage"},"thumbnailUrl":"https:\/\/cleitonpinheiro.com.br\/site\/wp-content\/uploads\/2025\/08\/Para-receber-coleira-cao-devera-ter-no-minimo-4-meses-de-idade-e-passar-pela-testagem-de-calazar-\u2013-Foto-Francisco-Barros.jpg","datePublished":"2025-08-20T18:08:39+00:00","dateModified":"2025-08-20T18:08:44+00:00","breadcrumb":{"@id":"https:\/\/cleitonpinheiro.com.br\/site\/prefeitura-de-palmas-promove-mutirao-de-encoleiramento-testagem-de-calazar-canino-e-vacinacao-antirrabica\/#breadcrumb"},"inLanguage":"pt-BR","potentialAction":[{"@type":"ReadAction","target":["https:\/\/cleitonpinheiro.com.br\/site\/prefeitura-de-palmas-promove-mutirao-de-encoleiramento-testagem-de-calazar-canino-e-vacinacao-antirrabica\/"]}]},{"@type":"ImageObject","inLanguage":"pt-BR","@id":"https:\/\/cleitonpinheiro.com.br\/site\/prefeitura-de-palmas-promove-mutirao-de-encoleiramento-testagem-de-calazar-canino-e-vacinacao-antirrabica\/#primaryimage","url":"https:\/\/cleitonpinheiro.com.br\/site\/wp-content\/uploads\/2025\/08\/Para-receber-coleira-cao-devera-ter-no-minimo-4-meses-de-idade-e-passar-pela-testagem-de-calazar-\u2013-Foto-Francisco-Barros.jpg","contentUrl":"https:\/\/cleitonpinheiro.com.br\/site\/wp-content\/uploads\/2025\/08\/Para-receber-coleira-cao-devera-ter-no-minimo-4-meses-de-idade-e-passar-pela-testagem-de-calazar-\u2013-Foto-Francisco-Barros.jpg","width":800,"height":533},{"@type":"BreadcrumbList","@id":"https:\/\/cleitonpinheiro.com.br\/site\/prefeitura-de-palmas-promove-mutirao-de-encoleiramento-testagem-de-calazar-canino-e-vacinacao-antirrabica\/#breadcrumb","itemListElement":[{"@type":"ListItem","position":1,"name":"In\u00edcio","item":"https:\/\/cleitonpinheiro.com.br\/site\/"},{"@type":"ListItem","position":2,"name":"Prefeitura de Palmas promove mutir\u00e3o de encoleiramento, testagem de calazar canino e vacina\u00e7\u00e3o antirr\u00e1bica"}]},{"@type":"WebSite","@id":"https:\/\/cleitonpinheiro.com.br\/site\/#website","url":"https:\/\/cleitonpinheiro.com.br\/site\/","name":"PORTAL DE NOT\u00cdCIAS CLEITON PINHEIRO","description":"FALANDO A VERDADE","publisher":{"@id":"https:\/\/cleitonpinheiro.com.br\/site\/#organization"},"potentialAction":[{"@type":"SearchAction","target":{"@type":"EntryPoint","urlTemplate":"https:\/\/cleitonpinheiro.com.br\/site\/?s={search_term_string}"},"query-input":{"@type":"PropertyValueSpecification","valueRequired":true,"valueName":"search_term_string"}}],"inLanguage":"pt-BR"},{"@type":"Organization","@id":"https:\/\/cleitonpinheiro.com.br\/site\/#organization","name":"CPNOT\u00cdCIAS","url":"https:\/\/cleitonpinheiro.com.br\/site\/","logo":{"@type":"ImageObject","inLanguage":"pt-BR","@id":"https:\/\/cleitonpinheiro.com.br\/site\/#\/schema\/logo\/image\/","url":"https:\/\/cleitonpinheiro.com.br\/site\/wp-content\/uploads\/2022\/08\/Logo-pequena-2.png","contentUrl":"https:\/\/cleitonpinheiro.com.br\/site\/wp-content\/uploads\/2022\/08\/Logo-pequena-2.png","width":500,"height":500,"caption":"CPNOT\u00cdCIAS"},"image":{"@id":"https:\/\/cleitonpinheiro.com.br\/site\/#\/schema\/logo\/image\/"},"sameAs":["https:\/\/www.facebook.com\/portalcpnoticias\/"]},{"@type":"Person","@id":"https:\/\/cleitonpinheiro.com.br\/site\/#\/schema\/person\/8f04544e0bc40a1b68775b08360f87db","name":"Reda\u00e7\u00e3o CP","image":{"@type":"ImageObject","inLanguage":"pt-BR","@id":"https:\/\/cleitonpinheiro.com.br\/site\/#\/schema\/person\/image\/","url":"https:\/\/secure.gravatar.com\/avatar\/0bcf19cb29fdc8fc588c490c7ae1b3e174dac268586a63fbe1d1893a0f9020cd?s=96&r=g","contentUrl":"https:\/\/secure.gravatar.com\/avatar\/0bcf19cb29fdc8fc588c490c7ae1b3e174dac268586a63fbe1d1893a0f9020cd?s=96&r=g","caption":"Reda\u00e7\u00e3o CP"},"url":"https:\/\/cleitonpinheiro.com.br\/site\/author\/redacao\/"}]}},"views":149,"_links":{"self":[{"href":"https:\/\/cleitonpinheiro.com.br\/site\/wp-json\/wp\/v2\/posts\/86617","targetHints":{"allow":["GET"]}}],"collection":[{"href":"https:\/\/cleitonpinheiro.com.br\/site\/wp-json\/wp\/v2\/posts"}],"about":[{"href":"https:\/\/cleitonpinheiro.com.br\/site\/wp-json\/wp\/v2\/types\/post"}],"author":[{"embeddable":true,"href":"https:\/\/cleitonpinheiro.com.br\/site\/wp-json\/wp\/v2\/users\/13"}],"replies":[{"embeddable":true,"href":"https:\/\/cleitonpinheiro.com.br\/site\/wp-json\/wp\/v2\/comments?post=86617"}],"version-history":[{"count":1,"href":"https:\/\/cleitonpinheiro.com.br\/site\/wp-json\/wp\/v2\/posts\/86617\/revisions"}],"predecessor-version":[{"id":86619,"href":"https:\/\/cleitonpinheiro.com.br\/site\/wp-json\/wp\/v2\/posts\/86617\/revisions\/86619"}],"wp:featuredmedia":[{"embeddable":true,"href":"https:\/\/cleitonpinheiro.com.br\/site\/wp-json\/wp\/v2\/media\/86618"}],"wp:attachment":[{"href":"https:\/\/cleitonpinheiro.com.br\/site\/wp-json\/wp\/v2\/media?parent=86617"}],"wp:term":[{"taxonomy":"category","embeddable":true,"href":"https:\/\/cleitonpinheiro.com.br\/site\/wp-json\/wp\/v2\/categories?post=86617"},{"taxonomy":"post_tag","embeddable":true,"href":"https:\/\/cleitonpinheiro.com.br\/site\/wp-json\/wp\/v2\/tags?post=86617"}],"curies":[{"name":"wp","href":"https:\/\/api.w.org\/{rel}","templated":true}]}}