{"id":86620,"date":"2025-08-20T15:12:02","date_gmt":"2025-08-20T18:12:02","guid":{"rendered":"https:\/\/cleitonpinheiro.com.br\/site\/?p=86620"},"modified":"2025-08-20T15:12:07","modified_gmt":"2025-08-20T18:12:07","slug":"justica-da-italia-mantem-prisao-de-carla-zambelli-diz-agu","status":"publish","type":"post","link":"https:\/\/cleitonpinheiro.com.br\/site\/justica-da-italia-mantem-prisao-de-carla-zambelli-diz-agu\/","title":{"rendered":"Justi\u00e7a da It\u00e1lia mant\u00e9m pris\u00e3o de Carla Zambelli, diz AGU"},"content":{"rendered":"\n<figure class=\"wp-block-image size-large\"><img fetchpriority=\"high\" decoding=\"async\" width=\"1024\" height=\"613\" src=\"https:\/\/cleitonpinheiro.com.br\/site\/wp-content\/uploads\/2025\/08\/lula0996-3-1024x613.webp\" alt=\"zambelli\" class=\"wp-image-86621\" srcset=\"https:\/\/cleitonpinheiro.com.br\/site\/wp-content\/uploads\/2025\/08\/lula0996-3-1024x613.webp 1024w, https:\/\/cleitonpinheiro.com.br\/site\/wp-content\/uploads\/2025\/08\/lula0996-3-300x179.webp 300w, https:\/\/cleitonpinheiro.com.br\/site\/wp-content\/uploads\/2025\/08\/lula0996-3-768x459.webp 768w, https:\/\/cleitonpinheiro.com.br\/site\/wp-content\/uploads\/2025\/08\/lula0996-3.webp 1170w\" sizes=\"(max-width: 1024px) 100vw, 1024px\" \/><figcaption class=\"wp-element-caption\">\u00a9 Lula Marques\/ Ag\u00eancia Brasil\n<\/figcaption><\/figure>\n\n\n\n<p><strong>A Advocacia-Geral da Uni\u00e3o (AGU) informou nesta ter\u00e7a-feira (19) que a Justi\u00e7a da It\u00e1lia manteve a pris\u00e3o da deputada Carla Zambelli (PL-SP).<\/strong><img decoding=\"async\" src=\"https:\/\/agenciabrasil.ebc.com.br\/ebc.png?id=1654985&amp;o=node\"><img decoding=\"async\" src=\"https:\/\/agenciabrasil.ebc.com.br\/ebc.gif?id=1654985&amp;o=node\"><\/p>\n\n\n\n<p>De acordo com o \u00f3rg\u00e3o, em audi\u00eancia realizada na quinta-feira (13), o Tribunal de Apela\u00e7\u00f5es de Roma negou pedido dos advogados para que a deputada passe a cumprir pris\u00e3o domiciliar enquanto aguarda o pedido de extradi\u00e7\u00e3o feito pelo Brasil.<\/p>\n\n\n\n<p><strong>No m\u00eas passado, Zambelli&nbsp;foi&nbsp;<a href=\"https:\/\/agenciabrasil.ebc.com.br\/politica\/noticia\/2025-07\/deputada-carla-zambelli-e-presa-da-italia\" target=\"_blank\" rel=\"noreferrer noopener\">presa na capital da It\u00e1lia<\/a>, onde tentava escapar do cumprimento de um mandado de pris\u00e3o emitido pelo ministro do Supremo Tribunal Federal (STF) Alexandre de Moraes.<\/strong><\/p>\n\n\n\n<p>Por ter dupla cidadania,&nbsp;<a href=\"https:\/\/agenciabrasil.ebc.com.br\/politica\/noticia\/2025-06\/deputada-carla-zambelli-condenada-pelo-stf-deixa-o-brasil\" target=\"_blank\" rel=\"noreferrer noopener\">Zambelli&nbsp;deixou o Brasil<\/a>, em maio deste ano, ap\u00f3s ser&nbsp;<a href=\"https:\/\/agenciabrasil.ebc.com.br\/justica\/noticia\/2025-05\/carla-zambelli-recorre-para-derrubar-condenacao-10-anos-de-prisao\" target=\"_blank\" rel=\"noreferrer noopener\">condenada<\/a>&nbsp;pelo STF a 10 anos de pris\u00e3o pela invas\u00e3o ao sistema eletr\u00f4nico do Conselho Nacional de Justi\u00e7a (CNJ), ocorrido em 2023. A deputada tamb\u00e9m ter\u00e1 que pegar R$ 2 milh\u00f5es em danos coletivos.<\/p>\n\n\n\n<p>De acordo com as investiga\u00e7\u00f5es, Zambelli&nbsp;foi a autora intelectual da invas\u00e3o para emiss\u00e3o de um mandato falso de pris\u00e3o contra Alexandre de Moraes. Segundo as investiga\u00e7\u00f5es, o hackeamento foi executado por Walter Delgatti, que tamb\u00e9m foi condenado e confirmou ter realizado o trabalho a mando da parlamentar.<\/p>\n\n\n\n<p><strong>Ap\u00f3s a fuga para a It\u00e1lia, o governo brasileiro solicitou a extradi\u00e7\u00e3o da deputada para o Brasil.&nbsp;<\/strong>O<a href=\"https:\/\/agenciabrasil.ebc.com.br\/justica\/noticia\/2025-06\/moraes-oficializa-pedido-de-extradicao-de-carla-zambelli\" target=\"_blank\" rel=\"noreferrer noopener\">&nbsp;pedido de extradi\u00e7\u00e3o<\/a>&nbsp;de Carla Zambelli&nbsp;foi oficializado no dia 11 de junho por Moraes. Em seguida, o pedido foi enviado pelo Itamaraty ao governo italiano.<\/p>\n\n\n\n<p>Na semana passada,&nbsp;<a href=\"https:\/\/agenciabrasil.ebc.com.br\/justica\/noticia\/2025-08\/nunes-vota-por-absolvicao-mas-maioria-do-stf-condena-carla-zambelli\" target=\"_blank\" rel=\"noreferrer noopener\">a maioria da Corte votou pela condena\u00e7\u00e3o<\/a>&nbsp;da deputada em outro processo em que ela \u00e9 r\u00e9 por&nbsp;porte ilegal de arma de fogo e constrangimento ilegal com emprego de arma de fogo.<\/p>\n\n\n\n<h2 class=\"wp-block-heading\">Mandato<\/h2>\n\n\n\n<p>Em junho, a C\u00e2mara dos Deputados autorizou a deputada a tirar 127 dias de licen\u00e7a n\u00e3o remunerada.&nbsp;<strong>Se a parlamentar n\u00e3o retomar o mandato ap\u00f3s o fim da&nbsp;licen\u00e7a, poder\u00e1 ser cassada por faltar \u00e0s sess\u00f5es.<\/strong><\/p>\n\n\n\n<p>Zambelli tamb\u00e9m \u00e9 alvo de&nbsp;<a href=\"https:\/\/agenciabrasil.ebc.com.br\/politica\/noticia\/2025-06\/motta-encaminha-ccj-processo-de-cassacao-de-carla-zambelli\" target=\"_blank\" rel=\"noreferrer noopener\">outro processo<\/a>&nbsp;de cassa\u00e7\u00e3o na Casa, em raz\u00e3o da condena\u00e7\u00e3o pelo caso da invas\u00e3o dos sistemas do CNJ.&nbsp; Al\u00e9m disso, a C\u00e2mara ainda n\u00e3o deliberou sobre a decreta\u00e7\u00e3o da perda do mandato em fun\u00e7\u00e3o da condena\u00e7\u00e3o pelo Supremo.&nbsp;<\/p>\n\n\n\n<p>Texto: Ag\u00eancia Brasil<\/p>\n\n\n\n<p><\/p>\n","protected":false},"excerpt":{"rendered":"<p>A Advocacia-Geral da Uni\u00e3o (AGU) informou nesta ter\u00e7a-feira (19) que a Justi\u00e7a da It\u00e1lia manteve a pris\u00e3o da deputada Carla Zambelli (PL-SP). De acordo com o \u00f3rg\u00e3o, em audi\u00eancia realizada na quinta-feira (13), o Tribunal de Apela\u00e7\u00f5es de Roma negou pedido dos advogados para que a deputada passe a cumprir pris\u00e3o domiciliar enquanto aguarda o [&hellip;]<\/p>\n","protected":false},"author":13,"featured_media":86621,"comment_status":"open","ping_status":"open","sticky":false,"template":"","format":"standard","meta":{"_acf_changed":false,"footnotes":""},"categories":[898,23,21],"tags":[],"class_list":["post-86620","post","type-post","status-publish","format-standard","has-post-thumbnail","hentry","category-manchete-segundaria","category-politica","category-todas-noticias"],"acf":[],"yoast_head":"<!-- This site is optimized with the Yoast SEO plugin v24.4 - https:\/\/yoast.com\/wordpress\/plugins\/seo\/ -->\n<title>Justi\u00e7a da It\u00e1lia mant\u00e9m pris\u00e3o de Carla Zambelli, diz AGU - PORTAL DE NOT\u00cdCIAS CLEITON PINHEIRO<\/title>\n<meta name=\"robots\" content=\"index, follow, max-snippet:-1, max-image-preview:large, max-video-preview:-1\" \/>\n<link rel=\"canonical\" href=\"https:\/\/cleitonpinheiro.com.br\/site\/justica-da-italia-mantem-prisao-de-carla-zambelli-diz-agu\/\" \/>\n<meta property=\"og:locale\" content=\"pt_BR\" \/>\n<meta property=\"og:type\" content=\"article\" \/>\n<meta property=\"og:title\" content=\"Justi\u00e7a da It\u00e1lia mant\u00e9m pris\u00e3o de Carla Zambelli, diz AGU - PORTAL DE NOT\u00cdCIAS CLEITON PINHEIRO\" \/>\n<meta property=\"og:description\" content=\"A Advocacia-Geral da Uni\u00e3o (AGU) informou nesta ter\u00e7a-feira (19) que a Justi\u00e7a da It\u00e1lia manteve a pris\u00e3o da deputada Carla Zambelli (PL-SP). De acordo com o \u00f3rg\u00e3o, em audi\u00eancia realizada na quinta-feira (13), o Tribunal de Apela\u00e7\u00f5es de Roma negou pedido dos advogados para que a deputada passe a cumprir pris\u00e3o domiciliar enquanto aguarda o [&hellip;]\" \/>\n<meta property=\"og:url\" content=\"https:\/\/cleitonpinheiro.com.br\/site\/justica-da-italia-mantem-prisao-de-carla-zambelli-diz-agu\/\" \/>\n<meta property=\"og:site_name\" content=\"PORTAL DE NOT\u00cdCIAS CLEITON PINHEIRO\" \/>\n<meta property=\"article:publisher\" content=\"https:\/\/www.facebook.com\/portalcpnoticias\/\" \/>\n<meta property=\"article:published_time\" content=\"2025-08-20T18:12:02+00:00\" \/>\n<meta property=\"article:modified_time\" content=\"2025-08-20T18:12:07+00:00\" \/>\n<meta property=\"og:image\" content=\"https:\/\/cleitonpinheiro.com.br\/site\/wp-content\/uploads\/2025\/08\/lula0996-3.webp\" \/>\n\t<meta property=\"og:image:width\" content=\"1170\" \/>\n\t<meta property=\"og:image:height\" content=\"700\" \/>\n\t<meta property=\"og:image:type\" content=\"image\/webp\" \/>\n<meta name=\"author\" content=\"Reda\u00e7\u00e3o CP\" \/>\n<meta name=\"twitter:card\" content=\"summary_large_image\" \/>\n<meta name=\"twitter:label1\" content=\"Escrito por\" \/>\n\t<meta name=\"twitter:data1\" content=\"Reda\u00e7\u00e3o CP\" \/>\n\t<meta name=\"twitter:label2\" content=\"Est. tempo de leitura\" \/>\n\t<meta name=\"twitter:data2\" content=\"3 minutos\" \/>\n<script type=\"application\/ld+json\" class=\"yoast-schema-graph\">{\"@context\":\"https:\/\/schema.org\",\"@graph\":[{\"@type\":\"Article\",\"@id\":\"https:\/\/cleitonpinheiro.com.br\/site\/justica-da-italia-mantem-prisao-de-carla-zambelli-diz-agu\/#article\",\"isPartOf\":{\"@id\":\"https:\/\/cleitonpinheiro.com.br\/site\/justica-da-italia-mantem-prisao-de-carla-zambelli-diz-agu\/\"},\"author\":{\"name\":\"Reda\u00e7\u00e3o CP\",\"@id\":\"https:\/\/cleitonpinheiro.com.br\/site\/#\/schema\/person\/8f04544e0bc40a1b68775b08360f87db\"},\"headline\":\"Justi\u00e7a da It\u00e1lia mant\u00e9m pris\u00e3o de Carla Zambelli, diz AGU\",\"datePublished\":\"2025-08-20T18:12:02+00:00\",\"dateModified\":\"2025-08-20T18:12:07+00:00\",\"mainEntityOfPage\":{\"@id\":\"https:\/\/cleitonpinheiro.com.br\/site\/justica-da-italia-mantem-prisao-de-carla-zambelli-diz-agu\/\"},\"wordCount\":431,\"commentCount\":0,\"publisher\":{\"@id\":\"https:\/\/cleitonpinheiro.com.br\/site\/#organization\"},\"image\":{\"@id\":\"https:\/\/cleitonpinheiro.com.br\/site\/justica-da-italia-mantem-prisao-de-carla-zambelli-diz-agu\/#primaryimage\"},\"thumbnailUrl\":\"https:\/\/cleitonpinheiro.com.br\/site\/wp-content\/uploads\/2025\/08\/lula0996-3.webp\",\"articleSection\":[\"MANCHETE SEGUND\u00c1RIA\",\"POL\u00cdTICA\",\"TODAS NOTICIAS\"],\"inLanguage\":\"pt-BR\",\"potentialAction\":[{\"@type\":\"CommentAction\",\"name\":\"Comment\",\"target\":[\"https:\/\/cleitonpinheiro.com.br\/site\/justica-da-italia-mantem-prisao-de-carla-zambelli-diz-agu\/#respond\"]}]},{\"@type\":\"WebPage\",\"@id\":\"https:\/\/cleitonpinheiro.com.br\/site\/justica-da-italia-mantem-prisao-de-carla-zambelli-diz-agu\/\",\"url\":\"https:\/\/cleitonpinheiro.com.br\/site\/justica-da-italia-mantem-prisao-de-carla-zambelli-diz-agu\/\",\"name\":\"Justi\u00e7a da It\u00e1lia mant\u00e9m pris\u00e3o de Carla Zambelli, diz AGU - PORTAL DE NOT\u00cdCIAS CLEITON PINHEIRO\",\"isPartOf\":{\"@id\":\"https:\/\/cleitonpinheiro.com.br\/site\/#website\"},\"primaryImageOfPage\":{\"@id\":\"https:\/\/cleitonpinheiro.com.br\/site\/justica-da-italia-mantem-prisao-de-carla-zambelli-diz-agu\/#primaryimage\"},\"image\":{\"@id\":\"https:\/\/cleitonpinheiro.com.br\/site\/justica-da-italia-mantem-prisao-de-carla-zambelli-diz-agu\/#primaryimage\"},\"thumbnailUrl\":\"https:\/\/cleitonpinheiro.com.br\/site\/wp-content\/uploads\/2025\/08\/lula0996-3.webp\",\"datePublished\":\"2025-08-20T18:12:02+00:00\",\"dateModified\":\"2025-08-20T18:12:07+00:00\",\"breadcrumb\":{\"@id\":\"https:\/\/cleitonpinheiro.com.br\/site\/justica-da-italia-mantem-prisao-de-carla-zambelli-diz-agu\/#breadcrumb\"},\"inLanguage\":\"pt-BR\",\"potentialAction\":[{\"@type\":\"ReadAction\",\"target\":[\"https:\/\/cleitonpinheiro.com.br\/site\/justica-da-italia-mantem-prisao-de-carla-zambelli-diz-agu\/\"]}]},{\"@type\":\"ImageObject\",\"inLanguage\":\"pt-BR\",\"@id\":\"https:\/\/cleitonpinheiro.com.br\/site\/justica-da-italia-mantem-prisao-de-carla-zambelli-diz-agu\/#primaryimage\",\"url\":\"https:\/\/cleitonpinheiro.com.br\/site\/wp-content\/uploads\/2025\/08\/lula0996-3.webp\",\"contentUrl\":\"https:\/\/cleitonpinheiro.com.br\/site\/wp-content\/uploads\/2025\/08\/lula0996-3.webp\",\"width\":1170,\"height\":700,\"caption\":\"\u00a9 Lula Marques\/ Ag\u00eancia Brasil\"},{\"@type\":\"BreadcrumbList\",\"@id\":\"https:\/\/cleitonpinheiro.com.br\/site\/justica-da-italia-mantem-prisao-de-carla-zambelli-diz-agu\/#breadcrumb\",\"itemListElement\":[{\"@type\":\"ListItem\",\"position\":1,\"name\":\"In\u00edcio\",\"item\":\"https:\/\/cleitonpinheiro.com.br\/site\/\"},{\"@type\":\"ListItem\",\"position\":2,\"name\":\"Justi\u00e7a da It\u00e1lia mant\u00e9m pris\u00e3o de Carla Zambelli, diz AGU\"}]},{\"@type\":\"WebSite\",\"@id\":\"https:\/\/cleitonpinheiro.com.br\/site\/#website\",\"url\":\"https:\/\/cleitonpinheiro.com.br\/site\/\",\"name\":\"PORTAL DE NOT\u00cdCIAS CLEITON PINHEIRO\",\"description\":\"FALANDO A VERDADE\",\"publisher\":{\"@id\":\"https:\/\/cleitonpinheiro.com.br\/site\/#organization\"},\"potentialAction\":[{\"@type\":\"SearchAction\",\"target\":{\"@type\":\"EntryPoint\",\"urlTemplate\":\"https:\/\/cleitonpinheiro.com.br\/site\/?s={search_term_string}\"},\"query-input\":{\"@type\":\"PropertyValueSpecification\",\"valueRequired\":true,\"valueName\":\"search_term_string\"}}],\"inLanguage\":\"pt-BR\"},{\"@type\":\"Organization\",\"@id\":\"https:\/\/cleitonpinheiro.com.br\/site\/#organization\",\"name\":\"CPNOT\u00cdCIAS\",\"url\":\"https:\/\/cleitonpinheiro.com.br\/site\/\",\"logo\":{\"@type\":\"ImageObject\",\"inLanguage\":\"pt-BR\",\"@id\":\"https:\/\/cleitonpinheiro.com.br\/site\/#\/schema\/logo\/image\/\",\"url\":\"https:\/\/cleitonpinheiro.com.br\/site\/wp-content\/uploads\/2022\/08\/Logo-pequena-2.png\",\"contentUrl\":\"https:\/\/cleitonpinheiro.com.br\/site\/wp-content\/uploads\/2022\/08\/Logo-pequena-2.png\",\"width\":500,\"height\":500,\"caption\":\"CPNOT\u00cdCIAS\"},\"image\":{\"@id\":\"https:\/\/cleitonpinheiro.com.br\/site\/#\/schema\/logo\/image\/\"},\"sameAs\":[\"https:\/\/www.facebook.com\/portalcpnoticias\/\"]},{\"@type\":\"Person\",\"@id\":\"https:\/\/cleitonpinheiro.com.br\/site\/#\/schema\/person\/8f04544e0bc40a1b68775b08360f87db\",\"name\":\"Reda\u00e7\u00e3o CP\",\"image\":{\"@type\":\"ImageObject\",\"inLanguage\":\"pt-BR\",\"@id\":\"https:\/\/cleitonpinheiro.com.br\/site\/#\/schema\/person\/image\/\",\"url\":\"https:\/\/secure.gravatar.com\/avatar\/0bcf19cb29fdc8fc588c490c7ae1b3e174dac268586a63fbe1d1893a0f9020cd?s=96&r=g\",\"contentUrl\":\"https:\/\/secure.gravatar.com\/avatar\/0bcf19cb29fdc8fc588c490c7ae1b3e174dac268586a63fbe1d1893a0f9020cd?s=96&r=g\",\"caption\":\"Reda\u00e7\u00e3o CP\"},\"url\":\"https:\/\/cleitonpinheiro.com.br\/site\/author\/redacao\/\"}]}<\/script>\n<!-- \/ Yoast SEO plugin. -->","yoast_head_json":{"title":"Justi\u00e7a da It\u00e1lia mant\u00e9m pris\u00e3o de Carla Zambelli, diz AGU - PORTAL DE NOT\u00cdCIAS CLEITON PINHEIRO","robots":{"index":"index","follow":"follow","max-snippet":"max-snippet:-1","max-image-preview":"max-image-preview:large","max-video-preview":"max-video-preview:-1"},"canonical":"https:\/\/cleitonpinheiro.com.br\/site\/justica-da-italia-mantem-prisao-de-carla-zambelli-diz-agu\/","og_locale":"pt_BR","og_type":"article","og_title":"Justi\u00e7a da It\u00e1lia mant\u00e9m pris\u00e3o de Carla Zambelli, diz AGU - PORTAL DE NOT\u00cdCIAS CLEITON PINHEIRO","og_description":"A Advocacia-Geral da Uni\u00e3o (AGU) informou nesta ter\u00e7a-feira (19) que a Justi\u00e7a da It\u00e1lia manteve a pris\u00e3o da deputada Carla Zambelli (PL-SP). De acordo com o \u00f3rg\u00e3o, em audi\u00eancia realizada na quinta-feira (13), o Tribunal de Apela\u00e7\u00f5es de Roma negou pedido dos advogados para que a deputada passe a cumprir pris\u00e3o domiciliar enquanto aguarda o [&hellip;]","og_url":"https:\/\/cleitonpinheiro.com.br\/site\/justica-da-italia-mantem-prisao-de-carla-zambelli-diz-agu\/","og_site_name":"PORTAL DE NOT\u00cdCIAS CLEITON PINHEIRO","article_publisher":"https:\/\/www.facebook.com\/portalcpnoticias\/","article_published_time":"2025-08-20T18:12:02+00:00","article_modified_time":"2025-08-20T18:12:07+00:00","og_image":[{"width":1170,"height":700,"url":"https:\/\/cleitonpinheiro.com.br\/site\/wp-content\/uploads\/2025\/08\/lula0996-3.webp","type":"image\/webp"}],"author":"Reda\u00e7\u00e3o CP","twitter_card":"summary_large_image","twitter_misc":{"Escrito por":"Reda\u00e7\u00e3o CP","Est. tempo de leitura":"3 minutos"},"schema":{"@context":"https:\/\/schema.org","@graph":[{"@type":"Article","@id":"https:\/\/cleitonpinheiro.com.br\/site\/justica-da-italia-mantem-prisao-de-carla-zambelli-diz-agu\/#article","isPartOf":{"@id":"https:\/\/cleitonpinheiro.com.br\/site\/justica-da-italia-mantem-prisao-de-carla-zambelli-diz-agu\/"},"author":{"name":"Reda\u00e7\u00e3o CP","@id":"https:\/\/cleitonpinheiro.com.br\/site\/#\/schema\/person\/8f04544e0bc40a1b68775b08360f87db"},"headline":"Justi\u00e7a da It\u00e1lia mant\u00e9m pris\u00e3o de Carla Zambelli, diz AGU","datePublished":"2025-08-20T18:12:02+00:00","dateModified":"2025-08-20T18:12:07+00:00","mainEntityOfPage":{"@id":"https:\/\/cleitonpinheiro.com.br\/site\/justica-da-italia-mantem-prisao-de-carla-zambelli-diz-agu\/"},"wordCount":431,"commentCount":0,"publisher":{"@id":"https:\/\/cleitonpinheiro.com.br\/site\/#organization"},"image":{"@id":"https:\/\/cleitonpinheiro.com.br\/site\/justica-da-italia-mantem-prisao-de-carla-zambelli-diz-agu\/#primaryimage"},"thumbnailUrl":"https:\/\/cleitonpinheiro.com.br\/site\/wp-content\/uploads\/2025\/08\/lula0996-3.webp","articleSection":["MANCHETE SEGUND\u00c1RIA","POL\u00cdTICA","TODAS NOTICIAS"],"inLanguage":"pt-BR","potentialAction":[{"@type":"CommentAction","name":"Comment","target":["https:\/\/cleitonpinheiro.com.br\/site\/justica-da-italia-mantem-prisao-de-carla-zambelli-diz-agu\/#respond"]}]},{"@type":"WebPage","@id":"https:\/\/cleitonpinheiro.com.br\/site\/justica-da-italia-mantem-prisao-de-carla-zambelli-diz-agu\/","url":"https:\/\/cleitonpinheiro.com.br\/site\/justica-da-italia-mantem-prisao-de-carla-zambelli-diz-agu\/","name":"Justi\u00e7a da It\u00e1lia mant\u00e9m pris\u00e3o de Carla Zambelli, diz AGU - PORTAL DE NOT\u00cdCIAS CLEITON PINHEIRO","isPartOf":{"@id":"https:\/\/cleitonpinheiro.com.br\/site\/#website"},"primaryImageOfPage":{"@id":"https:\/\/cleitonpinheiro.com.br\/site\/justica-da-italia-mantem-prisao-de-carla-zambelli-diz-agu\/#primaryimage"},"image":{"@id":"https:\/\/cleitonpinheiro.com.br\/site\/justica-da-italia-mantem-prisao-de-carla-zambelli-diz-agu\/#primaryimage"},"thumbnailUrl":"https:\/\/cleitonpinheiro.com.br\/site\/wp-content\/uploads\/2025\/08\/lula0996-3.webp","datePublished":"2025-08-20T18:12:02+00:00","dateModified":"2025-08-20T18:12:07+00:00","breadcrumb":{"@id":"https:\/\/cleitonpinheiro.com.br\/site\/justica-da-italia-mantem-prisao-de-carla-zambelli-diz-agu\/#breadcrumb"},"inLanguage":"pt-BR","potentialAction":[{"@type":"ReadAction","target":["https:\/\/cleitonpinheiro.com.br\/site\/justica-da-italia-mantem-prisao-de-carla-zambelli-diz-agu\/"]}]},{"@type":"ImageObject","inLanguage":"pt-BR","@id":"https:\/\/cleitonpinheiro.com.br\/site\/justica-da-italia-mantem-prisao-de-carla-zambelli-diz-agu\/#primaryimage","url":"https:\/\/cleitonpinheiro.com.br\/site\/wp-content\/uploads\/2025\/08\/lula0996-3.webp","contentUrl":"https:\/\/cleitonpinheiro.com.br\/site\/wp-content\/uploads\/2025\/08\/lula0996-3.webp","width":1170,"height":700,"caption":"\u00a9 Lula Marques\/ Ag\u00eancia Brasil"},{"@type":"BreadcrumbList","@id":"https:\/\/cleitonpinheiro.com.br\/site\/justica-da-italia-mantem-prisao-de-carla-zambelli-diz-agu\/#breadcrumb","itemListElement":[{"@type":"ListItem","position":1,"name":"In\u00edcio","item":"https:\/\/cleitonpinheiro.com.br\/site\/"},{"@type":"ListItem","position":2,"name":"Justi\u00e7a da It\u00e1lia mant\u00e9m pris\u00e3o de Carla Zambelli, diz AGU"}]},{"@type":"WebSite","@id":"https:\/\/cleitonpinheiro.com.br\/site\/#website","url":"https:\/\/cleitonpinheiro.com.br\/site\/","name":"PORTAL DE NOT\u00cdCIAS CLEITON PINHEIRO","description":"FALANDO A VERDADE","publisher":{"@id":"https:\/\/cleitonpinheiro.com.br\/site\/#organization"},"potentialAction":[{"@type":"SearchAction","target":{"@type":"EntryPoint","urlTemplate":"https:\/\/cleitonpinheiro.com.br\/site\/?s={search_term_string}"},"query-input":{"@type":"PropertyValueSpecification","valueRequired":true,"valueName":"search_term_string"}}],"inLanguage":"pt-BR"},{"@type":"Organization","@id":"https:\/\/cleitonpinheiro.com.br\/site\/#organization","name":"CPNOT\u00cdCIAS","url":"https:\/\/cleitonpinheiro.com.br\/site\/","logo":{"@type":"ImageObject","inLanguage":"pt-BR","@id":"https:\/\/cleitonpinheiro.com.br\/site\/#\/schema\/logo\/image\/","url":"https:\/\/cleitonpinheiro.com.br\/site\/wp-content\/uploads\/2022\/08\/Logo-pequena-2.png","contentUrl":"https:\/\/cleitonpinheiro.com.br\/site\/wp-content\/uploads\/2022\/08\/Logo-pequena-2.png","width":500,"height":500,"caption":"CPNOT\u00cdCIAS"},"image":{"@id":"https:\/\/cleitonpinheiro.com.br\/site\/#\/schema\/logo\/image\/"},"sameAs":["https:\/\/www.facebook.com\/portalcpnoticias\/"]},{"@type":"Person","@id":"https:\/\/cleitonpinheiro.com.br\/site\/#\/schema\/person\/8f04544e0bc40a1b68775b08360f87db","name":"Reda\u00e7\u00e3o CP","image":{"@type":"ImageObject","inLanguage":"pt-BR","@id":"https:\/\/cleitonpinheiro.com.br\/site\/#\/schema\/person\/image\/","url":"https:\/\/secure.gravatar.com\/avatar\/0bcf19cb29fdc8fc588c490c7ae1b3e174dac268586a63fbe1d1893a0f9020cd?s=96&r=g","contentUrl":"https:\/\/secure.gravatar.com\/avatar\/0bcf19cb29fdc8fc588c490c7ae1b3e174dac268586a63fbe1d1893a0f9020cd?s=96&r=g","caption":"Reda\u00e7\u00e3o CP"},"url":"https:\/\/cleitonpinheiro.com.br\/site\/author\/redacao\/"}]}},"views":132,"_links":{"self":[{"href":"https:\/\/cleitonpinheiro.com.br\/site\/wp-json\/wp\/v2\/posts\/86620","targetHints":{"allow":["GET"]}}],"collection":[{"href":"https:\/\/cleitonpinheiro.com.br\/site\/wp-json\/wp\/v2\/posts"}],"about":[{"href":"https:\/\/cleitonpinheiro.com.br\/site\/wp-json\/wp\/v2\/types\/post"}],"author":[{"embeddable":true,"href":"https:\/\/cleitonpinheiro.com.br\/site\/wp-json\/wp\/v2\/users\/13"}],"replies":[{"embeddable":true,"href":"https:\/\/cleitonpinheiro.com.br\/site\/wp-json\/wp\/v2\/comments?post=86620"}],"version-history":[{"count":1,"href":"https:\/\/cleitonpinheiro.com.br\/site\/wp-json\/wp\/v2\/posts\/86620\/revisions"}],"predecessor-version":[{"id":86622,"href":"https:\/\/cleitonpinheiro.com.br\/site\/wp-json\/wp\/v2\/posts\/86620\/revisions\/86622"}],"wp:featuredmedia":[{"embeddable":true,"href":"https:\/\/cleitonpinheiro.com.br\/site\/wp-json\/wp\/v2\/media\/86621"}],"wp:attachment":[{"href":"https:\/\/cleitonpinheiro.com.br\/site\/wp-json\/wp\/v2\/media?parent=86620"}],"wp:term":[{"taxonomy":"category","embeddable":true,"href":"https:\/\/cleitonpinheiro.com.br\/site\/wp-json\/wp\/v2\/categories?post=86620"},{"taxonomy":"post_tag","embeddable":true,"href":"https:\/\/cleitonpinheiro.com.br\/site\/wp-json\/wp\/v2\/tags?post=86620"}],"curies":[{"name":"wp","href":"https:\/\/api.w.org\/{rel}","templated":true}]}}