{"id":86624,"date":"2025-08-22T14:02:33","date_gmt":"2025-08-22T17:02:33","guid":{"rendered":"https:\/\/cleitonpinheiro.com.br\/site\/?p=86624"},"modified":"2025-08-22T14:02:38","modified_gmt":"2025-08-22T17:02:38","slug":"prefeitura-de-palmas-lanca-edital-para-ambulantes-atuarem-no-festival-gastronomico-de-taquarucu","status":"publish","type":"post","link":"https:\/\/cleitonpinheiro.com.br\/site\/prefeitura-de-palmas-lanca-edital-para-ambulantes-atuarem-no-festival-gastronomico-de-taquarucu\/","title":{"rendered":"Prefeitura de Palmas lan\u00e7a edital para ambulantes atuarem no Festival Gastron\u00f4mico de Taquaru\u00e7u"},"content":{"rendered":"\n<figure class=\"wp-block-image size-large\"><img fetchpriority=\"high\" decoding=\"async\" width=\"1024\" height=\"683\" src=\"https:\/\/cleitonpinheiro.com.br\/site\/wp-content\/uploads\/2025\/08\/Edu-Fortes-1024x683.jpg\" alt=\"\" class=\"wp-image-86625\" srcset=\"https:\/\/cleitonpinheiro.com.br\/site\/wp-content\/uploads\/2025\/08\/Edu-Fortes-1024x683.jpg 1024w, https:\/\/cleitonpinheiro.com.br\/site\/wp-content\/uploads\/2025\/08\/Edu-Fortes-300x200.jpg 300w, https:\/\/cleitonpinheiro.com.br\/site\/wp-content\/uploads\/2025\/08\/Edu-Fortes-768x512.jpg 768w, https:\/\/cleitonpinheiro.com.br\/site\/wp-content\/uploads\/2025\/08\/Edu-Fortes-1536x1024.jpg 1536w, https:\/\/cleitonpinheiro.com.br\/site\/wp-content\/uploads\/2025\/08\/Edu-Fortes.jpg 2048w\" sizes=\"(max-width: 1024px) 100vw, 1024px\" \/><figcaption class=\"wp-element-caption\">Foto: Edu Fortes<\/figcaption><\/figure>\n\n\n\n<p><br><\/p>\n\n\n\n<p>A Prefeitura de Palmas por meio da Secretaria Municipal de Desenvolvimento Econ\u00f4mico e Empreendedorismo (Sedeem), abre inscri\u00e7\u00f5es para comerciantes ambulantes participarem da Vila Gastron\u00f4mica na parte externa do 19\u00ba Festival Gastron\u00f4mico de Taquaru\u00e7u, que acontecer\u00e1 de 4 a 7 de setembro de 2025. O edital para participa\u00e7\u00e3o foi publicado no<a href=\"http:\/\/diariooficial.palmas.to.gov.br\/media\/diario\/3779-21-8-2025-21-43-29.pdf\" target=\"_blank\" rel=\"noreferrer noopener\"> Di\u00e1rio Oficial<\/a> desta quinta-feira, 21.<\/p>\n\n\n\n<p>As inscri\u00e7\u00f5es s\u00e3o gratuitas e est\u00e3o abertas para microempreendedores individuais (MEIs) que atuem no ramo de alimenta\u00e7\u00e3o e bebidas, al\u00e9m de artesanato. Os interessados dever\u00e3o se inscrever presencialmente nos dias 22 e 25 de agosto, das 13 \u00e0s 19 horas, na Casa do Empreendedor, localizada na Quadra 104 Norte (ACNE 1), Rua NE 01, no Centro de Palmas.<\/p>\n\n\n\n<p>Para garantir a participa\u00e7\u00e3o, os interessados devem apresentar os seguintes documentos: Certificado de Microempreendedor Individual (CMEI), CPF, documento de identidade, comprovante de endere\u00e7o e Certid\u00e3o Negativa de D\u00e9bito do munic\u00edpio.<\/p>\n\n\n\n<p>Ao todo, ser\u00e3o disponibilizadas 32 vagas, sendo 13 vagas para a Vila Gastron\u00f4mica de Alimenta\u00e7\u00e3o na \u00e1rea externa, seis vagas para ambulantes, quatro vagas para artesanato, duas vagas para barracas de batidas, tr\u00eas vagas para food trucks, duas vagas para vendedores de bebidas, e duas para espetinhos. Fica vedada a comercializa\u00e7\u00e3o fora da \u00e1rea delimitada pela organiza\u00e7\u00e3o do evento.<\/p>\n\n\n\n<p><strong>Sorteio<\/strong><\/p>\n\n\n\n<p>O processo de sele\u00e7\u00e3o ser\u00e1 realizado por sorteio, que ocorrer\u00e1 no dia 27 de agosto \u00e0s 15 horas, no Centro de Conven\u00e7\u00f5es Arnaud Rodrigues, e definir\u00e1 as vagas dispon\u00edveis para cada tipo de atividade. Ap\u00f3s o sorteio dos selecionados, ser\u00e3o cadastrados dois suplentes por \u00e1rea ou atividade, com o objetivo de assegurar o preenchimento das vagas em caso de desist\u00eancia.<\/p>\n\n\n\n<p>Para mais informa\u00e7\u00f5es, o interessado pode entrar em contato nos telefones (63) 3212-7330 ou WhatsApp (63) 99247-9649.<\/p>\n\n\n\n<p>Texto: Tainara Saraiva &#8211; Prefeitura de Palmas<\/p>\n\n\n\n<p><\/p>\n","protected":false},"excerpt":{"rendered":"<p>A Prefeitura de Palmas por meio da Secretaria Municipal de Desenvolvimento Econ\u00f4mico e Empreendedorismo (Sedeem), abre inscri\u00e7\u00f5es para comerciantes ambulantes participarem da Vila Gastron\u00f4mica na parte externa do 19\u00ba Festival Gastron\u00f4mico de Taquaru\u00e7u, que acontecer\u00e1 de 4 a 7 de setembro de 2025. O edital para participa\u00e7\u00e3o foi publicado no Di\u00e1rio Oficial desta quinta-feira, 21. [&hellip;]<\/p>\n","protected":false},"author":13,"featured_media":86625,"comment_status":"open","ping_status":"open","sticky":false,"template":"","format":"standard","meta":{"_acf_changed":false,"footnotes":""},"categories":[22,898,21],"tags":[],"class_list":["post-86624","post","type-post","status-publish","format-standard","has-post-thumbnail","hentry","category-cidades","category-manchete-segundaria","category-todas-noticias"],"acf":[],"yoast_head":"<!-- This site is optimized with the Yoast SEO plugin v24.4 - https:\/\/yoast.com\/wordpress\/plugins\/seo\/ -->\n<title>Prefeitura de Palmas lan\u00e7a edital para ambulantes atuarem no Festival Gastron\u00f4mico de Taquaru\u00e7u - PORTAL DE NOT\u00cdCIAS CLEITON PINHEIRO<\/title>\n<meta name=\"robots\" content=\"index, follow, max-snippet:-1, max-image-preview:large, max-video-preview:-1\" \/>\n<link rel=\"canonical\" href=\"https:\/\/cleitonpinheiro.com.br\/site\/prefeitura-de-palmas-lanca-edital-para-ambulantes-atuarem-no-festival-gastronomico-de-taquarucu\/\" \/>\n<meta property=\"og:locale\" content=\"pt_BR\" \/>\n<meta property=\"og:type\" content=\"article\" \/>\n<meta property=\"og:title\" content=\"Prefeitura de Palmas lan\u00e7a edital para ambulantes atuarem no Festival Gastron\u00f4mico de Taquaru\u00e7u - PORTAL DE NOT\u00cdCIAS CLEITON PINHEIRO\" \/>\n<meta property=\"og:description\" content=\"A Prefeitura de Palmas por meio da Secretaria Municipal de Desenvolvimento Econ\u00f4mico e Empreendedorismo (Sedeem), abre inscri\u00e7\u00f5es para comerciantes ambulantes participarem da Vila Gastron\u00f4mica na parte externa do 19\u00ba Festival Gastron\u00f4mico de Taquaru\u00e7u, que acontecer\u00e1 de 4 a 7 de setembro de 2025. O edital para participa\u00e7\u00e3o foi publicado no Di\u00e1rio Oficial desta quinta-feira, 21. [&hellip;]\" \/>\n<meta property=\"og:url\" content=\"https:\/\/cleitonpinheiro.com.br\/site\/prefeitura-de-palmas-lanca-edital-para-ambulantes-atuarem-no-festival-gastronomico-de-taquarucu\/\" \/>\n<meta property=\"og:site_name\" content=\"PORTAL DE NOT\u00cdCIAS CLEITON PINHEIRO\" \/>\n<meta property=\"article:publisher\" content=\"https:\/\/www.facebook.com\/portalcpnoticias\/\" \/>\n<meta property=\"article:published_time\" content=\"2025-08-22T17:02:33+00:00\" \/>\n<meta property=\"article:modified_time\" content=\"2025-08-22T17:02:38+00:00\" \/>\n<meta property=\"og:image\" content=\"https:\/\/cleitonpinheiro.com.br\/site\/wp-content\/uploads\/2025\/08\/Edu-Fortes.jpg\" \/>\n\t<meta property=\"og:image:width\" content=\"2048\" \/>\n\t<meta property=\"og:image:height\" content=\"1365\" \/>\n\t<meta property=\"og:image:type\" content=\"image\/jpeg\" \/>\n<meta name=\"author\" content=\"Reda\u00e7\u00e3o CP\" \/>\n<meta name=\"twitter:card\" content=\"summary_large_image\" \/>\n<meta name=\"twitter:label1\" content=\"Escrito por\" \/>\n\t<meta name=\"twitter:data1\" content=\"Reda\u00e7\u00e3o CP\" \/>\n\t<meta name=\"twitter:label2\" content=\"Est. tempo de leitura\" \/>\n\t<meta name=\"twitter:data2\" content=\"2 minutos\" \/>\n<script type=\"application\/ld+json\" class=\"yoast-schema-graph\">{\"@context\":\"https:\/\/schema.org\",\"@graph\":[{\"@type\":\"Article\",\"@id\":\"https:\/\/cleitonpinheiro.com.br\/site\/prefeitura-de-palmas-lanca-edital-para-ambulantes-atuarem-no-festival-gastronomico-de-taquarucu\/#article\",\"isPartOf\":{\"@id\":\"https:\/\/cleitonpinheiro.com.br\/site\/prefeitura-de-palmas-lanca-edital-para-ambulantes-atuarem-no-festival-gastronomico-de-taquarucu\/\"},\"author\":{\"name\":\"Reda\u00e7\u00e3o CP\",\"@id\":\"https:\/\/cleitonpinheiro.com.br\/site\/#\/schema\/person\/8f04544e0bc40a1b68775b08360f87db\"},\"headline\":\"Prefeitura de Palmas lan\u00e7a edital para ambulantes atuarem no Festival Gastron\u00f4mico de Taquaru\u00e7u\",\"datePublished\":\"2025-08-22T17:02:33+00:00\",\"dateModified\":\"2025-08-22T17:02:38+00:00\",\"mainEntityOfPage\":{\"@id\":\"https:\/\/cleitonpinheiro.com.br\/site\/prefeitura-de-palmas-lanca-edital-para-ambulantes-atuarem-no-festival-gastronomico-de-taquarucu\/\"},\"wordCount\":319,\"commentCount\":0,\"publisher\":{\"@id\":\"https:\/\/cleitonpinheiro.com.br\/site\/#organization\"},\"image\":{\"@id\":\"https:\/\/cleitonpinheiro.com.br\/site\/prefeitura-de-palmas-lanca-edital-para-ambulantes-atuarem-no-festival-gastronomico-de-taquarucu\/#primaryimage\"},\"thumbnailUrl\":\"https:\/\/cleitonpinheiro.com.br\/site\/wp-content\/uploads\/2025\/08\/Edu-Fortes.jpg\",\"articleSection\":[\"CIDADES\",\"MANCHETE SEGUND\u00c1RIA\",\"TODAS NOTICIAS\"],\"inLanguage\":\"pt-BR\",\"potentialAction\":[{\"@type\":\"CommentAction\",\"name\":\"Comment\",\"target\":[\"https:\/\/cleitonpinheiro.com.br\/site\/prefeitura-de-palmas-lanca-edital-para-ambulantes-atuarem-no-festival-gastronomico-de-taquarucu\/#respond\"]}]},{\"@type\":\"WebPage\",\"@id\":\"https:\/\/cleitonpinheiro.com.br\/site\/prefeitura-de-palmas-lanca-edital-para-ambulantes-atuarem-no-festival-gastronomico-de-taquarucu\/\",\"url\":\"https:\/\/cleitonpinheiro.com.br\/site\/prefeitura-de-palmas-lanca-edital-para-ambulantes-atuarem-no-festival-gastronomico-de-taquarucu\/\",\"name\":\"Prefeitura de Palmas lan\u00e7a edital para ambulantes atuarem no Festival Gastron\u00f4mico de Taquaru\u00e7u - PORTAL DE NOT\u00cdCIAS CLEITON PINHEIRO\",\"isPartOf\":{\"@id\":\"https:\/\/cleitonpinheiro.com.br\/site\/#website\"},\"primaryImageOfPage\":{\"@id\":\"https:\/\/cleitonpinheiro.com.br\/site\/prefeitura-de-palmas-lanca-edital-para-ambulantes-atuarem-no-festival-gastronomico-de-taquarucu\/#primaryimage\"},\"image\":{\"@id\":\"https:\/\/cleitonpinheiro.com.br\/site\/prefeitura-de-palmas-lanca-edital-para-ambulantes-atuarem-no-festival-gastronomico-de-taquarucu\/#primaryimage\"},\"thumbnailUrl\":\"https:\/\/cleitonpinheiro.com.br\/site\/wp-content\/uploads\/2025\/08\/Edu-Fortes.jpg\",\"datePublished\":\"2025-08-22T17:02:33+00:00\",\"dateModified\":\"2025-08-22T17:02:38+00:00\",\"breadcrumb\":{\"@id\":\"https:\/\/cleitonpinheiro.com.br\/site\/prefeitura-de-palmas-lanca-edital-para-ambulantes-atuarem-no-festival-gastronomico-de-taquarucu\/#breadcrumb\"},\"inLanguage\":\"pt-BR\",\"potentialAction\":[{\"@type\":\"ReadAction\",\"target\":[\"https:\/\/cleitonpinheiro.com.br\/site\/prefeitura-de-palmas-lanca-edital-para-ambulantes-atuarem-no-festival-gastronomico-de-taquarucu\/\"]}]},{\"@type\":\"ImageObject\",\"inLanguage\":\"pt-BR\",\"@id\":\"https:\/\/cleitonpinheiro.com.br\/site\/prefeitura-de-palmas-lanca-edital-para-ambulantes-atuarem-no-festival-gastronomico-de-taquarucu\/#primaryimage\",\"url\":\"https:\/\/cleitonpinheiro.com.br\/site\/wp-content\/uploads\/2025\/08\/Edu-Fortes.jpg\",\"contentUrl\":\"https:\/\/cleitonpinheiro.com.br\/site\/wp-content\/uploads\/2025\/08\/Edu-Fortes.jpg\",\"width\":2048,\"height\":1365,\"caption\":\"Foto: Edu Fortes\"},{\"@type\":\"BreadcrumbList\",\"@id\":\"https:\/\/cleitonpinheiro.com.br\/site\/prefeitura-de-palmas-lanca-edital-para-ambulantes-atuarem-no-festival-gastronomico-de-taquarucu\/#breadcrumb\",\"itemListElement\":[{\"@type\":\"ListItem\",\"position\":1,\"name\":\"In\u00edcio\",\"item\":\"https:\/\/cleitonpinheiro.com.br\/site\/\"},{\"@type\":\"ListItem\",\"position\":2,\"name\":\"Prefeitura de Palmas lan\u00e7a edital para ambulantes atuarem no Festival Gastron\u00f4mico de Taquaru\u00e7u\"}]},{\"@type\":\"WebSite\",\"@id\":\"https:\/\/cleitonpinheiro.com.br\/site\/#website\",\"url\":\"https:\/\/cleitonpinheiro.com.br\/site\/\",\"name\":\"PORTAL DE NOT\u00cdCIAS CLEITON PINHEIRO\",\"description\":\"FALANDO A VERDADE\",\"publisher\":{\"@id\":\"https:\/\/cleitonpinheiro.com.br\/site\/#organization\"},\"potentialAction\":[{\"@type\":\"SearchAction\",\"target\":{\"@type\":\"EntryPoint\",\"urlTemplate\":\"https:\/\/cleitonpinheiro.com.br\/site\/?s={search_term_string}\"},\"query-input\":{\"@type\":\"PropertyValueSpecification\",\"valueRequired\":true,\"valueName\":\"search_term_string\"}}],\"inLanguage\":\"pt-BR\"},{\"@type\":\"Organization\",\"@id\":\"https:\/\/cleitonpinheiro.com.br\/site\/#organization\",\"name\":\"CPNOT\u00cdCIAS\",\"url\":\"https:\/\/cleitonpinheiro.com.br\/site\/\",\"logo\":{\"@type\":\"ImageObject\",\"inLanguage\":\"pt-BR\",\"@id\":\"https:\/\/cleitonpinheiro.com.br\/site\/#\/schema\/logo\/image\/\",\"url\":\"https:\/\/cleitonpinheiro.com.br\/site\/wp-content\/uploads\/2022\/08\/Logo-pequena-2.png\",\"contentUrl\":\"https:\/\/cleitonpinheiro.com.br\/site\/wp-content\/uploads\/2022\/08\/Logo-pequena-2.png\",\"width\":500,\"height\":500,\"caption\":\"CPNOT\u00cdCIAS\"},\"image\":{\"@id\":\"https:\/\/cleitonpinheiro.com.br\/site\/#\/schema\/logo\/image\/\"},\"sameAs\":[\"https:\/\/www.facebook.com\/portalcpnoticias\/\"]},{\"@type\":\"Person\",\"@id\":\"https:\/\/cleitonpinheiro.com.br\/site\/#\/schema\/person\/8f04544e0bc40a1b68775b08360f87db\",\"name\":\"Reda\u00e7\u00e3o CP\",\"image\":{\"@type\":\"ImageObject\",\"inLanguage\":\"pt-BR\",\"@id\":\"https:\/\/cleitonpinheiro.com.br\/site\/#\/schema\/person\/image\/\",\"url\":\"https:\/\/secure.gravatar.com\/avatar\/0bcf19cb29fdc8fc588c490c7ae1b3e174dac268586a63fbe1d1893a0f9020cd?s=96&r=g\",\"contentUrl\":\"https:\/\/secure.gravatar.com\/avatar\/0bcf19cb29fdc8fc588c490c7ae1b3e174dac268586a63fbe1d1893a0f9020cd?s=96&r=g\",\"caption\":\"Reda\u00e7\u00e3o CP\"},\"url\":\"https:\/\/cleitonpinheiro.com.br\/site\/author\/redacao\/\"}]}<\/script>\n<!-- \/ Yoast SEO plugin. -->","yoast_head_json":{"title":"Prefeitura de Palmas lan\u00e7a edital para ambulantes atuarem no Festival Gastron\u00f4mico de Taquaru\u00e7u - PORTAL DE NOT\u00cdCIAS CLEITON PINHEIRO","robots":{"index":"index","follow":"follow","max-snippet":"max-snippet:-1","max-image-preview":"max-image-preview:large","max-video-preview":"max-video-preview:-1"},"canonical":"https:\/\/cleitonpinheiro.com.br\/site\/prefeitura-de-palmas-lanca-edital-para-ambulantes-atuarem-no-festival-gastronomico-de-taquarucu\/","og_locale":"pt_BR","og_type":"article","og_title":"Prefeitura de Palmas lan\u00e7a edital para ambulantes atuarem no Festival Gastron\u00f4mico de Taquaru\u00e7u - PORTAL DE NOT\u00cdCIAS CLEITON PINHEIRO","og_description":"A Prefeitura de Palmas por meio da Secretaria Municipal de Desenvolvimento Econ\u00f4mico e Empreendedorismo (Sedeem), abre inscri\u00e7\u00f5es para comerciantes ambulantes participarem da Vila Gastron\u00f4mica na parte externa do 19\u00ba Festival Gastron\u00f4mico de Taquaru\u00e7u, que acontecer\u00e1 de 4 a 7 de setembro de 2025. O edital para participa\u00e7\u00e3o foi publicado no Di\u00e1rio Oficial desta quinta-feira, 21. [&hellip;]","og_url":"https:\/\/cleitonpinheiro.com.br\/site\/prefeitura-de-palmas-lanca-edital-para-ambulantes-atuarem-no-festival-gastronomico-de-taquarucu\/","og_site_name":"PORTAL DE NOT\u00cdCIAS CLEITON PINHEIRO","article_publisher":"https:\/\/www.facebook.com\/portalcpnoticias\/","article_published_time":"2025-08-22T17:02:33+00:00","article_modified_time":"2025-08-22T17:02:38+00:00","og_image":[{"width":2048,"height":1365,"url":"https:\/\/cleitonpinheiro.com.br\/site\/wp-content\/uploads\/2025\/08\/Edu-Fortes.jpg","type":"image\/jpeg"}],"author":"Reda\u00e7\u00e3o CP","twitter_card":"summary_large_image","twitter_misc":{"Escrito por":"Reda\u00e7\u00e3o CP","Est. tempo de leitura":"2 minutos"},"schema":{"@context":"https:\/\/schema.org","@graph":[{"@type":"Article","@id":"https:\/\/cleitonpinheiro.com.br\/site\/prefeitura-de-palmas-lanca-edital-para-ambulantes-atuarem-no-festival-gastronomico-de-taquarucu\/#article","isPartOf":{"@id":"https:\/\/cleitonpinheiro.com.br\/site\/prefeitura-de-palmas-lanca-edital-para-ambulantes-atuarem-no-festival-gastronomico-de-taquarucu\/"},"author":{"name":"Reda\u00e7\u00e3o CP","@id":"https:\/\/cleitonpinheiro.com.br\/site\/#\/schema\/person\/8f04544e0bc40a1b68775b08360f87db"},"headline":"Prefeitura de Palmas lan\u00e7a edital para ambulantes atuarem no Festival Gastron\u00f4mico de Taquaru\u00e7u","datePublished":"2025-08-22T17:02:33+00:00","dateModified":"2025-08-22T17:02:38+00:00","mainEntityOfPage":{"@id":"https:\/\/cleitonpinheiro.com.br\/site\/prefeitura-de-palmas-lanca-edital-para-ambulantes-atuarem-no-festival-gastronomico-de-taquarucu\/"},"wordCount":319,"commentCount":0,"publisher":{"@id":"https:\/\/cleitonpinheiro.com.br\/site\/#organization"},"image":{"@id":"https:\/\/cleitonpinheiro.com.br\/site\/prefeitura-de-palmas-lanca-edital-para-ambulantes-atuarem-no-festival-gastronomico-de-taquarucu\/#primaryimage"},"thumbnailUrl":"https:\/\/cleitonpinheiro.com.br\/site\/wp-content\/uploads\/2025\/08\/Edu-Fortes.jpg","articleSection":["CIDADES","MANCHETE SEGUND\u00c1RIA","TODAS NOTICIAS"],"inLanguage":"pt-BR","potentialAction":[{"@type":"CommentAction","name":"Comment","target":["https:\/\/cleitonpinheiro.com.br\/site\/prefeitura-de-palmas-lanca-edital-para-ambulantes-atuarem-no-festival-gastronomico-de-taquarucu\/#respond"]}]},{"@type":"WebPage","@id":"https:\/\/cleitonpinheiro.com.br\/site\/prefeitura-de-palmas-lanca-edital-para-ambulantes-atuarem-no-festival-gastronomico-de-taquarucu\/","url":"https:\/\/cleitonpinheiro.com.br\/site\/prefeitura-de-palmas-lanca-edital-para-ambulantes-atuarem-no-festival-gastronomico-de-taquarucu\/","name":"Prefeitura de Palmas lan\u00e7a edital para ambulantes atuarem no Festival Gastron\u00f4mico de Taquaru\u00e7u - PORTAL DE NOT\u00cdCIAS CLEITON PINHEIRO","isPartOf":{"@id":"https:\/\/cleitonpinheiro.com.br\/site\/#website"},"primaryImageOfPage":{"@id":"https:\/\/cleitonpinheiro.com.br\/site\/prefeitura-de-palmas-lanca-edital-para-ambulantes-atuarem-no-festival-gastronomico-de-taquarucu\/#primaryimage"},"image":{"@id":"https:\/\/cleitonpinheiro.com.br\/site\/prefeitura-de-palmas-lanca-edital-para-ambulantes-atuarem-no-festival-gastronomico-de-taquarucu\/#primaryimage"},"thumbnailUrl":"https:\/\/cleitonpinheiro.com.br\/site\/wp-content\/uploads\/2025\/08\/Edu-Fortes.jpg","datePublished":"2025-08-22T17:02:33+00:00","dateModified":"2025-08-22T17:02:38+00:00","breadcrumb":{"@id":"https:\/\/cleitonpinheiro.com.br\/site\/prefeitura-de-palmas-lanca-edital-para-ambulantes-atuarem-no-festival-gastronomico-de-taquarucu\/#breadcrumb"},"inLanguage":"pt-BR","potentialAction":[{"@type":"ReadAction","target":["https:\/\/cleitonpinheiro.com.br\/site\/prefeitura-de-palmas-lanca-edital-para-ambulantes-atuarem-no-festival-gastronomico-de-taquarucu\/"]}]},{"@type":"ImageObject","inLanguage":"pt-BR","@id":"https:\/\/cleitonpinheiro.com.br\/site\/prefeitura-de-palmas-lanca-edital-para-ambulantes-atuarem-no-festival-gastronomico-de-taquarucu\/#primaryimage","url":"https:\/\/cleitonpinheiro.com.br\/site\/wp-content\/uploads\/2025\/08\/Edu-Fortes.jpg","contentUrl":"https:\/\/cleitonpinheiro.com.br\/site\/wp-content\/uploads\/2025\/08\/Edu-Fortes.jpg","width":2048,"height":1365,"caption":"Foto: Edu Fortes"},{"@type":"BreadcrumbList","@id":"https:\/\/cleitonpinheiro.com.br\/site\/prefeitura-de-palmas-lanca-edital-para-ambulantes-atuarem-no-festival-gastronomico-de-taquarucu\/#breadcrumb","itemListElement":[{"@type":"ListItem","position":1,"name":"In\u00edcio","item":"https:\/\/cleitonpinheiro.com.br\/site\/"},{"@type":"ListItem","position":2,"name":"Prefeitura de Palmas lan\u00e7a edital para ambulantes atuarem no Festival Gastron\u00f4mico de Taquaru\u00e7u"}]},{"@type":"WebSite","@id":"https:\/\/cleitonpinheiro.com.br\/site\/#website","url":"https:\/\/cleitonpinheiro.com.br\/site\/","name":"PORTAL DE NOT\u00cdCIAS CLEITON PINHEIRO","description":"FALANDO A VERDADE","publisher":{"@id":"https:\/\/cleitonpinheiro.com.br\/site\/#organization"},"potentialAction":[{"@type":"SearchAction","target":{"@type":"EntryPoint","urlTemplate":"https:\/\/cleitonpinheiro.com.br\/site\/?s={search_term_string}"},"query-input":{"@type":"PropertyValueSpecification","valueRequired":true,"valueName":"search_term_string"}}],"inLanguage":"pt-BR"},{"@type":"Organization","@id":"https:\/\/cleitonpinheiro.com.br\/site\/#organization","name":"CPNOT\u00cdCIAS","url":"https:\/\/cleitonpinheiro.com.br\/site\/","logo":{"@type":"ImageObject","inLanguage":"pt-BR","@id":"https:\/\/cleitonpinheiro.com.br\/site\/#\/schema\/logo\/image\/","url":"https:\/\/cleitonpinheiro.com.br\/site\/wp-content\/uploads\/2022\/08\/Logo-pequena-2.png","contentUrl":"https:\/\/cleitonpinheiro.com.br\/site\/wp-content\/uploads\/2022\/08\/Logo-pequena-2.png","width":500,"height":500,"caption":"CPNOT\u00cdCIAS"},"image":{"@id":"https:\/\/cleitonpinheiro.com.br\/site\/#\/schema\/logo\/image\/"},"sameAs":["https:\/\/www.facebook.com\/portalcpnoticias\/"]},{"@type":"Person","@id":"https:\/\/cleitonpinheiro.com.br\/site\/#\/schema\/person\/8f04544e0bc40a1b68775b08360f87db","name":"Reda\u00e7\u00e3o CP","image":{"@type":"ImageObject","inLanguage":"pt-BR","@id":"https:\/\/cleitonpinheiro.com.br\/site\/#\/schema\/person\/image\/","url":"https:\/\/secure.gravatar.com\/avatar\/0bcf19cb29fdc8fc588c490c7ae1b3e174dac268586a63fbe1d1893a0f9020cd?s=96&r=g","contentUrl":"https:\/\/secure.gravatar.com\/avatar\/0bcf19cb29fdc8fc588c490c7ae1b3e174dac268586a63fbe1d1893a0f9020cd?s=96&r=g","caption":"Reda\u00e7\u00e3o CP"},"url":"https:\/\/cleitonpinheiro.com.br\/site\/author\/redacao\/"}]}},"views":110,"_links":{"self":[{"href":"https:\/\/cleitonpinheiro.com.br\/site\/wp-json\/wp\/v2\/posts\/86624","targetHints":{"allow":["GET"]}}],"collection":[{"href":"https:\/\/cleitonpinheiro.com.br\/site\/wp-json\/wp\/v2\/posts"}],"about":[{"href":"https:\/\/cleitonpinheiro.com.br\/site\/wp-json\/wp\/v2\/types\/post"}],"author":[{"embeddable":true,"href":"https:\/\/cleitonpinheiro.com.br\/site\/wp-json\/wp\/v2\/users\/13"}],"replies":[{"embeddable":true,"href":"https:\/\/cleitonpinheiro.com.br\/site\/wp-json\/wp\/v2\/comments?post=86624"}],"version-history":[{"count":1,"href":"https:\/\/cleitonpinheiro.com.br\/site\/wp-json\/wp\/v2\/posts\/86624\/revisions"}],"predecessor-version":[{"id":86626,"href":"https:\/\/cleitonpinheiro.com.br\/site\/wp-json\/wp\/v2\/posts\/86624\/revisions\/86626"}],"wp:featuredmedia":[{"embeddable":true,"href":"https:\/\/cleitonpinheiro.com.br\/site\/wp-json\/wp\/v2\/media\/86625"}],"wp:attachment":[{"href":"https:\/\/cleitonpinheiro.com.br\/site\/wp-json\/wp\/v2\/media?parent=86624"}],"wp:term":[{"taxonomy":"category","embeddable":true,"href":"https:\/\/cleitonpinheiro.com.br\/site\/wp-json\/wp\/v2\/categories?post=86624"},{"taxonomy":"post_tag","embeddable":true,"href":"https:\/\/cleitonpinheiro.com.br\/site\/wp-json\/wp\/v2\/tags?post=86624"}],"curies":[{"name":"wp","href":"https:\/\/api.w.org\/{rel}","templated":true}]}}