{"id":86631,"date":"2025-08-26T11:17:06","date_gmt":"2025-08-26T14:17:06","guid":{"rendered":"https:\/\/cleitonpinheiro.com.br\/site\/?p=86631"},"modified":"2025-08-26T11:17:12","modified_gmt":"2025-08-26T14:17:12","slug":"interessados-em-participar-de-selecao-a-unidades-habitacionais-no-parque-do-ipes-deverao-atualizar-cadastro-ate-18-de-setembro","status":"publish","type":"post","link":"https:\/\/cleitonpinheiro.com.br\/site\/interessados-em-participar-de-selecao-a-unidades-habitacionais-no-parque-do-ipes-deverao-atualizar-cadastro-ate-18-de-setembro\/","title":{"rendered":"Interessados em participar de sele\u00e7\u00e3o a unidades habitacionais no Parque do Ip\u00eas dever\u00e3o atualizar cadastro at\u00e9 18 de setembro"},"content":{"rendered":"\n<figure class=\"wp-block-image size-full\"><img decoding=\"async\" src=\"https:\/\/cleitonpinheiro.com.br\/site\/wp-content\/uploads\/2024\/11\/canuto_casas_abr181219img_94484904.webp\" alt=\"\" class=\"wp-image-82476\"\/><\/figure>\n\n\n\n<p>A Prefeitura de Palmas, por meio da Secretaria Municipal de Habita\u00e7\u00e3o, est\u00e1 realizando a atualiza\u00e7\u00e3o do cadastro habitacional do Munic\u00edpio, a\u00e7\u00e3o cont\u00ednua e que pode ser realizada a qualquer tempo. Entretanto, quem for interessado em participar da sele\u00e7\u00e3o de unidade habitacional no Condom\u00ednio Parque do Ip\u00eas, em constru\u00e7\u00e3o na regi\u00e3o sul da Capital, deve atualizar ou realizar o cadastro at\u00e9 o dia 18 de setembro. O atendimento ocorre nas unidades do Resolve Palmas da Avenida JK e da regi\u00e3o sul, das 8 \u00e0s 18 horas.<\/p>\n\n\n\n<p>A medida atende \u00e0s normas da Portaria n\u00ba 738\/2024 do Minist\u00e9rio das Cidades, que estabelece crit\u00e9rios para sele\u00e7\u00e3o em programas habitacionais de interesse social. O procedimento \u00e9 voltado tanto para quem j\u00e1 possui cadastro habitacional quanto para novos interessados, garantindo que as informa\u00e7\u00f5es estejam em conformidade com os crit\u00e9rios exigidos para participa\u00e7\u00e3o em programas habitacionais de interesse social, como o Minha Casa, Minha Vida.<\/p>\n\n\n\n<p>Em processo de constru\u00e7\u00e3o no Setor Vale do Sol, o Residencial Parque dos Ip\u00eas (Ip\u00ea I, Ip\u00ea II e Ip\u00ea III) contar\u00e1 com 496 unidades habitacionais. As obras est\u00e3o or\u00e7adas em R$ 83,2 milh\u00f5es, oriundos de investimentos Minha Casa, Minha Vida, do governo federal. A previs\u00e3o de entrega \u00e9 no primeiro semestre de 2025.<\/p>\n\n\n\n<p>Segundo o secret\u00e1rio municipal de Habita\u00e7\u00e3o, Marlen Ribeiro, a atualiza\u00e7\u00e3o \u00e9 essencial para assegurar justi\u00e7a e transpar\u00eancia na sele\u00e7\u00e3o. \u201cN\u00f3s trabalhamos para que a pol\u00edtica habitacional de interesse social atenda \u00e0 popula\u00e7\u00e3o que realmente se enquadra nos crit\u00e9rios e tenha real necessidade\u201d, destacou.<\/p>\n\n\n\n<p><strong>Crit\u00e9rios de prioridade<\/strong><\/p>\n\n\n\n<p>A Portaria n\u00ba 738\/2024 determina que ter\u00e3o prioridade mulheres chefes de fam\u00edlia; pessoas negras; pessoas com defici\u00eancia; idosos; fam\u00edlias com crian\u00e7as e adolescentes; pessoas com c\u00e2ncer ou doen\u00e7a rara cr\u00f4nica e degenerativa; v\u00edtimas de viol\u00eancia dom\u00e9stica; moradores de \u00e1reas de risco; pessoas em situa\u00e7\u00e3o de rua; al\u00e9m de integrantes de povos e comunidades ind\u00edgenas e quilombolas.<\/p>\n\n\n\n<p>A atualiza\u00e7\u00e3o cadastral deve ser feita a cada 24 meses ou sempre que houver altera\u00e7\u00e3o nos dados. Informa\u00e7\u00f5es falsas ou desatualizadas podem resultar na exclus\u00e3o do candidato do processo de sele\u00e7\u00e3o.<\/p>\n\n\n\n<p><strong>Documentos necess\u00e1rios<\/strong><\/p>\n\n\n\n<p>Os interessados devem apresentar os documentos originais do titular, c\u00f4njuge e dependentes:<\/p>\n\n\n\n<ul class=\"wp-block-list\">\n<li>Documento de identifica\u00e7\u00e3o com foto (RG, CNH ou CTPS);<\/li>\n\n\n\n<li>CPF;<\/li>\n\n\n\n<li>Comprovante de estado civil;<\/li>\n\n\n\n<li>Comprovante de endere\u00e7o atualizado;<\/li>\n\n\n\n<li>Comprovante de renda;<\/li>\n\n\n\n<li>Comprovante de inscri\u00e7\u00e3o no Cad\u00danico atualizado.<\/li>\n<\/ul>\n\n\n\n<p>Para comprova\u00e7\u00e3o dos crit\u00e9rios de prioridade, tamb\u00e9m podem ser exigidos documentos adicionais, como laudos m\u00e9dicos, certid\u00f5es, declara\u00e7\u00f5es e comprovantes espec\u00edficos.<\/p>\n\n\n\n<p><strong>Servi\u00e7o<\/strong><\/p>\n\n\n\n<p><strong>O qu\u00ea<\/strong>: atualiza\u00e7\u00e3o do cadastro habitacional para sele\u00e7\u00e3o de unidade no Condom\u00ednio Parque do Ip\u00eas<br><strong>Prazo<\/strong>: at\u00e9 18 de setembro de 2025<br><strong>Quem<\/strong>: quem j\u00e1 possui cadastro e novos interessados<br><strong>Onde<\/strong>:<\/p>\n\n\n\n<ul class=\"wp-block-list\">\n<li>Resolve Palmas Centro \u2013 Avenida JK, Quadra 104 Sul<\/li>\n\n\n\n<li>Resolve Palmas Regi\u00e3o Sul \u2013 Quadra 31, Rua 11, Lotes 1-18, Taquaralto (antigo Shopping da Cidadania)<\/li>\n<\/ul>\n\n\n\n<p>Texto: Samara Martins &#8211; Prefeitura de Palmas<\/p>\n","protected":false},"excerpt":{"rendered":"<p>A Prefeitura de Palmas, por meio da Secretaria Municipal de Habita\u00e7\u00e3o, est\u00e1 realizando a atualiza\u00e7\u00e3o do cadastro habitacional do Munic\u00edpio, a\u00e7\u00e3o cont\u00ednua e que pode ser realizada a qualquer tempo. Entretanto, quem for interessado em participar da sele\u00e7\u00e3o de unidade habitacional no Condom\u00ednio Parque do Ip\u00eas, em constru\u00e7\u00e3o na regi\u00e3o sul da Capital, deve atualizar [&hellip;]<\/p>\n","protected":false},"author":13,"featured_media":0,"comment_status":"open","ping_status":"open","sticky":false,"template":"","format":"standard","meta":{"_acf_changed":false,"footnotes":""},"categories":[22,898,21],"tags":[],"class_list":["post-86631","post","type-post","status-publish","format-standard","hentry","category-cidades","category-manchete-segundaria","category-todas-noticias"],"acf":[],"yoast_head":"<!-- This site is optimized with the Yoast SEO plugin v24.4 - https:\/\/yoast.com\/wordpress\/plugins\/seo\/ -->\n<title>Interessados em participar de sele\u00e7\u00e3o a unidades habitacionais no Parque do Ip\u00eas dever\u00e3o atualizar cadastro at\u00e9 18 de setembro - PORTAL DE NOT\u00cdCIAS CLEITON PINHEIRO<\/title>\n<meta name=\"robots\" content=\"index, follow, max-snippet:-1, max-image-preview:large, max-video-preview:-1\" \/>\n<link rel=\"canonical\" href=\"https:\/\/cleitonpinheiro.com.br\/site\/interessados-em-participar-de-selecao-a-unidades-habitacionais-no-parque-do-ipes-deverao-atualizar-cadastro-ate-18-de-setembro\/\" \/>\n<meta property=\"og:locale\" content=\"pt_BR\" \/>\n<meta property=\"og:type\" content=\"article\" \/>\n<meta property=\"og:title\" content=\"Interessados em participar de sele\u00e7\u00e3o a unidades habitacionais no Parque do Ip\u00eas dever\u00e3o atualizar cadastro at\u00e9 18 de setembro - PORTAL DE NOT\u00cdCIAS CLEITON PINHEIRO\" \/>\n<meta property=\"og:description\" content=\"A Prefeitura de Palmas, por meio da Secretaria Municipal de Habita\u00e7\u00e3o, est\u00e1 realizando a atualiza\u00e7\u00e3o do cadastro habitacional do Munic\u00edpio, a\u00e7\u00e3o cont\u00ednua e que pode ser realizada a qualquer tempo. Entretanto, quem for interessado em participar da sele\u00e7\u00e3o de unidade habitacional no Condom\u00ednio Parque do Ip\u00eas, em constru\u00e7\u00e3o na regi\u00e3o sul da Capital, deve atualizar [&hellip;]\" \/>\n<meta property=\"og:url\" content=\"https:\/\/cleitonpinheiro.com.br\/site\/interessados-em-participar-de-selecao-a-unidades-habitacionais-no-parque-do-ipes-deverao-atualizar-cadastro-ate-18-de-setembro\/\" \/>\n<meta property=\"og:site_name\" content=\"PORTAL DE NOT\u00cdCIAS CLEITON PINHEIRO\" \/>\n<meta property=\"article:publisher\" content=\"https:\/\/www.facebook.com\/portalcpnoticias\/\" \/>\n<meta property=\"article:published_time\" content=\"2025-08-26T14:17:06+00:00\" \/>\n<meta property=\"article:modified_time\" content=\"2025-08-26T14:17:12+00:00\" \/>\n<meta property=\"og:image\" content=\"https:\/\/cleitonpinheiro.com.br\/site\/wp-content\/uploads\/2024\/11\/canuto_casas_abr181219img_94484904.webp\" \/>\n\t<meta property=\"og:image:width\" content=\"1170\" \/>\n\t<meta property=\"og:image:height\" content=\"700\" \/>\n\t<meta property=\"og:image:type\" content=\"image\/webp\" \/>\n<meta name=\"author\" content=\"Reda\u00e7\u00e3o CP\" \/>\n<meta name=\"twitter:card\" content=\"summary_large_image\" \/>\n<meta name=\"twitter:label1\" content=\"Escrito por\" \/>\n\t<meta name=\"twitter:data1\" content=\"Reda\u00e7\u00e3o CP\" \/>\n\t<meta name=\"twitter:label2\" content=\"Est. tempo de leitura\" \/>\n\t<meta name=\"twitter:data2\" content=\"3 minutos\" \/>\n<script type=\"application\/ld+json\" class=\"yoast-schema-graph\">{\"@context\":\"https:\/\/schema.org\",\"@graph\":[{\"@type\":\"Article\",\"@id\":\"https:\/\/cleitonpinheiro.com.br\/site\/interessados-em-participar-de-selecao-a-unidades-habitacionais-no-parque-do-ipes-deverao-atualizar-cadastro-ate-18-de-setembro\/#article\",\"isPartOf\":{\"@id\":\"https:\/\/cleitonpinheiro.com.br\/site\/interessados-em-participar-de-selecao-a-unidades-habitacionais-no-parque-do-ipes-deverao-atualizar-cadastro-ate-18-de-setembro\/\"},\"author\":{\"name\":\"Reda\u00e7\u00e3o CP\",\"@id\":\"https:\/\/cleitonpinheiro.com.br\/site\/#\/schema\/person\/8f04544e0bc40a1b68775b08360f87db\"},\"headline\":\"Interessados em participar de sele\u00e7\u00e3o a unidades habitacionais no Parque do Ip\u00eas dever\u00e3o atualizar cadastro at\u00e9 18 de setembro\",\"datePublished\":\"2025-08-26T14:17:06+00:00\",\"dateModified\":\"2025-08-26T14:17:12+00:00\",\"mainEntityOfPage\":{\"@id\":\"https:\/\/cleitonpinheiro.com.br\/site\/interessados-em-participar-de-selecao-a-unidades-habitacionais-no-parque-do-ipes-deverao-atualizar-cadastro-ate-18-de-setembro\/\"},\"wordCount\":534,\"commentCount\":0,\"publisher\":{\"@id\":\"https:\/\/cleitonpinheiro.com.br\/site\/#organization\"},\"image\":{\"@id\":\"https:\/\/cleitonpinheiro.com.br\/site\/interessados-em-participar-de-selecao-a-unidades-habitacionais-no-parque-do-ipes-deverao-atualizar-cadastro-ate-18-de-setembro\/#primaryimage\"},\"thumbnailUrl\":\"https:\/\/cleitonpinheiro.com.br\/site\/wp-content\/uploads\/2024\/11\/canuto_casas_abr181219img_94484904.webp\",\"articleSection\":[\"CIDADES\",\"MANCHETE SEGUND\u00c1RIA\",\"TODAS NOTICIAS\"],\"inLanguage\":\"pt-BR\",\"potentialAction\":[{\"@type\":\"CommentAction\",\"name\":\"Comment\",\"target\":[\"https:\/\/cleitonpinheiro.com.br\/site\/interessados-em-participar-de-selecao-a-unidades-habitacionais-no-parque-do-ipes-deverao-atualizar-cadastro-ate-18-de-setembro\/#respond\"]}]},{\"@type\":\"WebPage\",\"@id\":\"https:\/\/cleitonpinheiro.com.br\/site\/interessados-em-participar-de-selecao-a-unidades-habitacionais-no-parque-do-ipes-deverao-atualizar-cadastro-ate-18-de-setembro\/\",\"url\":\"https:\/\/cleitonpinheiro.com.br\/site\/interessados-em-participar-de-selecao-a-unidades-habitacionais-no-parque-do-ipes-deverao-atualizar-cadastro-ate-18-de-setembro\/\",\"name\":\"Interessados em participar de sele\u00e7\u00e3o a unidades habitacionais no Parque do Ip\u00eas dever\u00e3o atualizar cadastro at\u00e9 18 de setembro - PORTAL DE NOT\u00cdCIAS CLEITON PINHEIRO\",\"isPartOf\":{\"@id\":\"https:\/\/cleitonpinheiro.com.br\/site\/#website\"},\"primaryImageOfPage\":{\"@id\":\"https:\/\/cleitonpinheiro.com.br\/site\/interessados-em-participar-de-selecao-a-unidades-habitacionais-no-parque-do-ipes-deverao-atualizar-cadastro-ate-18-de-setembro\/#primaryimage\"},\"image\":{\"@id\":\"https:\/\/cleitonpinheiro.com.br\/site\/interessados-em-participar-de-selecao-a-unidades-habitacionais-no-parque-do-ipes-deverao-atualizar-cadastro-ate-18-de-setembro\/#primaryimage\"},\"thumbnailUrl\":\"https:\/\/cleitonpinheiro.com.br\/site\/wp-content\/uploads\/2024\/11\/canuto_casas_abr181219img_94484904.webp\",\"datePublished\":\"2025-08-26T14:17:06+00:00\",\"dateModified\":\"2025-08-26T14:17:12+00:00\",\"breadcrumb\":{\"@id\":\"https:\/\/cleitonpinheiro.com.br\/site\/interessados-em-participar-de-selecao-a-unidades-habitacionais-no-parque-do-ipes-deverao-atualizar-cadastro-ate-18-de-setembro\/#breadcrumb\"},\"inLanguage\":\"pt-BR\",\"potentialAction\":[{\"@type\":\"ReadAction\",\"target\":[\"https:\/\/cleitonpinheiro.com.br\/site\/interessados-em-participar-de-selecao-a-unidades-habitacionais-no-parque-do-ipes-deverao-atualizar-cadastro-ate-18-de-setembro\/\"]}]},{\"@type\":\"ImageObject\",\"inLanguage\":\"pt-BR\",\"@id\":\"https:\/\/cleitonpinheiro.com.br\/site\/interessados-em-participar-de-selecao-a-unidades-habitacionais-no-parque-do-ipes-deverao-atualizar-cadastro-ate-18-de-setembro\/#primaryimage\",\"url\":\"\",\"contentUrl\":\"\"},{\"@type\":\"BreadcrumbList\",\"@id\":\"https:\/\/cleitonpinheiro.com.br\/site\/interessados-em-participar-de-selecao-a-unidades-habitacionais-no-parque-do-ipes-deverao-atualizar-cadastro-ate-18-de-setembro\/#breadcrumb\",\"itemListElement\":[{\"@type\":\"ListItem\",\"position\":1,\"name\":\"In\u00edcio\",\"item\":\"https:\/\/cleitonpinheiro.com.br\/site\/\"},{\"@type\":\"ListItem\",\"position\":2,\"name\":\"Interessados em participar de sele\u00e7\u00e3o a unidades habitacionais no Parque do Ip\u00eas dever\u00e3o atualizar cadastro at\u00e9 18 de setembro\"}]},{\"@type\":\"WebSite\",\"@id\":\"https:\/\/cleitonpinheiro.com.br\/site\/#website\",\"url\":\"https:\/\/cleitonpinheiro.com.br\/site\/\",\"name\":\"PORTAL DE NOT\u00cdCIAS CLEITON PINHEIRO\",\"description\":\"FALANDO A VERDADE\",\"publisher\":{\"@id\":\"https:\/\/cleitonpinheiro.com.br\/site\/#organization\"},\"potentialAction\":[{\"@type\":\"SearchAction\",\"target\":{\"@type\":\"EntryPoint\",\"urlTemplate\":\"https:\/\/cleitonpinheiro.com.br\/site\/?s={search_term_string}\"},\"query-input\":{\"@type\":\"PropertyValueSpecification\",\"valueRequired\":true,\"valueName\":\"search_term_string\"}}],\"inLanguage\":\"pt-BR\"},{\"@type\":\"Organization\",\"@id\":\"https:\/\/cleitonpinheiro.com.br\/site\/#organization\",\"name\":\"CPNOT\u00cdCIAS\",\"url\":\"https:\/\/cleitonpinheiro.com.br\/site\/\",\"logo\":{\"@type\":\"ImageObject\",\"inLanguage\":\"pt-BR\",\"@id\":\"https:\/\/cleitonpinheiro.com.br\/site\/#\/schema\/logo\/image\/\",\"url\":\"https:\/\/cleitonpinheiro.com.br\/site\/wp-content\/uploads\/2022\/08\/Logo-pequena-2.png\",\"contentUrl\":\"https:\/\/cleitonpinheiro.com.br\/site\/wp-content\/uploads\/2022\/08\/Logo-pequena-2.png\",\"width\":500,\"height\":500,\"caption\":\"CPNOT\u00cdCIAS\"},\"image\":{\"@id\":\"https:\/\/cleitonpinheiro.com.br\/site\/#\/schema\/logo\/image\/\"},\"sameAs\":[\"https:\/\/www.facebook.com\/portalcpnoticias\/\"]},{\"@type\":\"Person\",\"@id\":\"https:\/\/cleitonpinheiro.com.br\/site\/#\/schema\/person\/8f04544e0bc40a1b68775b08360f87db\",\"name\":\"Reda\u00e7\u00e3o CP\",\"image\":{\"@type\":\"ImageObject\",\"inLanguage\":\"pt-BR\",\"@id\":\"https:\/\/cleitonpinheiro.com.br\/site\/#\/schema\/person\/image\/\",\"url\":\"https:\/\/secure.gravatar.com\/avatar\/0bcf19cb29fdc8fc588c490c7ae1b3e174dac268586a63fbe1d1893a0f9020cd?s=96&r=g\",\"contentUrl\":\"https:\/\/secure.gravatar.com\/avatar\/0bcf19cb29fdc8fc588c490c7ae1b3e174dac268586a63fbe1d1893a0f9020cd?s=96&r=g\",\"caption\":\"Reda\u00e7\u00e3o CP\"},\"url\":\"https:\/\/cleitonpinheiro.com.br\/site\/author\/redacao\/\"}]}<\/script>\n<!-- \/ Yoast SEO plugin. -->","yoast_head_json":{"title":"Interessados em participar de sele\u00e7\u00e3o a unidades habitacionais no Parque do Ip\u00eas dever\u00e3o atualizar cadastro at\u00e9 18 de setembro - PORTAL DE NOT\u00cdCIAS CLEITON PINHEIRO","robots":{"index":"index","follow":"follow","max-snippet":"max-snippet:-1","max-image-preview":"max-image-preview:large","max-video-preview":"max-video-preview:-1"},"canonical":"https:\/\/cleitonpinheiro.com.br\/site\/interessados-em-participar-de-selecao-a-unidades-habitacionais-no-parque-do-ipes-deverao-atualizar-cadastro-ate-18-de-setembro\/","og_locale":"pt_BR","og_type":"article","og_title":"Interessados em participar de sele\u00e7\u00e3o a unidades habitacionais no Parque do Ip\u00eas dever\u00e3o atualizar cadastro at\u00e9 18 de setembro - PORTAL DE NOT\u00cdCIAS CLEITON PINHEIRO","og_description":"A Prefeitura de Palmas, por meio da Secretaria Municipal de Habita\u00e7\u00e3o, est\u00e1 realizando a atualiza\u00e7\u00e3o do cadastro habitacional do Munic\u00edpio, a\u00e7\u00e3o cont\u00ednua e que pode ser realizada a qualquer tempo. Entretanto, quem for interessado em participar da sele\u00e7\u00e3o de unidade habitacional no Condom\u00ednio Parque do Ip\u00eas, em constru\u00e7\u00e3o na regi\u00e3o sul da Capital, deve atualizar [&hellip;]","og_url":"https:\/\/cleitonpinheiro.com.br\/site\/interessados-em-participar-de-selecao-a-unidades-habitacionais-no-parque-do-ipes-deverao-atualizar-cadastro-ate-18-de-setembro\/","og_site_name":"PORTAL DE NOT\u00cdCIAS CLEITON PINHEIRO","article_publisher":"https:\/\/www.facebook.com\/portalcpnoticias\/","article_published_time":"2025-08-26T14:17:06+00:00","article_modified_time":"2025-08-26T14:17:12+00:00","og_image":[{"width":1170,"height":700,"url":"https:\/\/cleitonpinheiro.com.br\/site\/wp-content\/uploads\/2024\/11\/canuto_casas_abr181219img_94484904.webp","type":"image\/webp"}],"author":"Reda\u00e7\u00e3o CP","twitter_card":"summary_large_image","twitter_misc":{"Escrito por":"Reda\u00e7\u00e3o CP","Est. tempo de leitura":"3 minutos"},"schema":{"@context":"https:\/\/schema.org","@graph":[{"@type":"Article","@id":"https:\/\/cleitonpinheiro.com.br\/site\/interessados-em-participar-de-selecao-a-unidades-habitacionais-no-parque-do-ipes-deverao-atualizar-cadastro-ate-18-de-setembro\/#article","isPartOf":{"@id":"https:\/\/cleitonpinheiro.com.br\/site\/interessados-em-participar-de-selecao-a-unidades-habitacionais-no-parque-do-ipes-deverao-atualizar-cadastro-ate-18-de-setembro\/"},"author":{"name":"Reda\u00e7\u00e3o CP","@id":"https:\/\/cleitonpinheiro.com.br\/site\/#\/schema\/person\/8f04544e0bc40a1b68775b08360f87db"},"headline":"Interessados em participar de sele\u00e7\u00e3o a unidades habitacionais no Parque do Ip\u00eas dever\u00e3o atualizar cadastro at\u00e9 18 de setembro","datePublished":"2025-08-26T14:17:06+00:00","dateModified":"2025-08-26T14:17:12+00:00","mainEntityOfPage":{"@id":"https:\/\/cleitonpinheiro.com.br\/site\/interessados-em-participar-de-selecao-a-unidades-habitacionais-no-parque-do-ipes-deverao-atualizar-cadastro-ate-18-de-setembro\/"},"wordCount":534,"commentCount":0,"publisher":{"@id":"https:\/\/cleitonpinheiro.com.br\/site\/#organization"},"image":{"@id":"https:\/\/cleitonpinheiro.com.br\/site\/interessados-em-participar-de-selecao-a-unidades-habitacionais-no-parque-do-ipes-deverao-atualizar-cadastro-ate-18-de-setembro\/#primaryimage"},"thumbnailUrl":"https:\/\/cleitonpinheiro.com.br\/site\/wp-content\/uploads\/2024\/11\/canuto_casas_abr181219img_94484904.webp","articleSection":["CIDADES","MANCHETE SEGUND\u00c1RIA","TODAS NOTICIAS"],"inLanguage":"pt-BR","potentialAction":[{"@type":"CommentAction","name":"Comment","target":["https:\/\/cleitonpinheiro.com.br\/site\/interessados-em-participar-de-selecao-a-unidades-habitacionais-no-parque-do-ipes-deverao-atualizar-cadastro-ate-18-de-setembro\/#respond"]}]},{"@type":"WebPage","@id":"https:\/\/cleitonpinheiro.com.br\/site\/interessados-em-participar-de-selecao-a-unidades-habitacionais-no-parque-do-ipes-deverao-atualizar-cadastro-ate-18-de-setembro\/","url":"https:\/\/cleitonpinheiro.com.br\/site\/interessados-em-participar-de-selecao-a-unidades-habitacionais-no-parque-do-ipes-deverao-atualizar-cadastro-ate-18-de-setembro\/","name":"Interessados em participar de sele\u00e7\u00e3o a unidades habitacionais no Parque do Ip\u00eas dever\u00e3o atualizar cadastro at\u00e9 18 de setembro - PORTAL DE NOT\u00cdCIAS CLEITON PINHEIRO","isPartOf":{"@id":"https:\/\/cleitonpinheiro.com.br\/site\/#website"},"primaryImageOfPage":{"@id":"https:\/\/cleitonpinheiro.com.br\/site\/interessados-em-participar-de-selecao-a-unidades-habitacionais-no-parque-do-ipes-deverao-atualizar-cadastro-ate-18-de-setembro\/#primaryimage"},"image":{"@id":"https:\/\/cleitonpinheiro.com.br\/site\/interessados-em-participar-de-selecao-a-unidades-habitacionais-no-parque-do-ipes-deverao-atualizar-cadastro-ate-18-de-setembro\/#primaryimage"},"thumbnailUrl":"https:\/\/cleitonpinheiro.com.br\/site\/wp-content\/uploads\/2024\/11\/canuto_casas_abr181219img_94484904.webp","datePublished":"2025-08-26T14:17:06+00:00","dateModified":"2025-08-26T14:17:12+00:00","breadcrumb":{"@id":"https:\/\/cleitonpinheiro.com.br\/site\/interessados-em-participar-de-selecao-a-unidades-habitacionais-no-parque-do-ipes-deverao-atualizar-cadastro-ate-18-de-setembro\/#breadcrumb"},"inLanguage":"pt-BR","potentialAction":[{"@type":"ReadAction","target":["https:\/\/cleitonpinheiro.com.br\/site\/interessados-em-participar-de-selecao-a-unidades-habitacionais-no-parque-do-ipes-deverao-atualizar-cadastro-ate-18-de-setembro\/"]}]},{"@type":"ImageObject","inLanguage":"pt-BR","@id":"https:\/\/cleitonpinheiro.com.br\/site\/interessados-em-participar-de-selecao-a-unidades-habitacionais-no-parque-do-ipes-deverao-atualizar-cadastro-ate-18-de-setembro\/#primaryimage","url":"","contentUrl":""},{"@type":"BreadcrumbList","@id":"https:\/\/cleitonpinheiro.com.br\/site\/interessados-em-participar-de-selecao-a-unidades-habitacionais-no-parque-do-ipes-deverao-atualizar-cadastro-ate-18-de-setembro\/#breadcrumb","itemListElement":[{"@type":"ListItem","position":1,"name":"In\u00edcio","item":"https:\/\/cleitonpinheiro.com.br\/site\/"},{"@type":"ListItem","position":2,"name":"Interessados em participar de sele\u00e7\u00e3o a unidades habitacionais no Parque do Ip\u00eas dever\u00e3o atualizar cadastro at\u00e9 18 de setembro"}]},{"@type":"WebSite","@id":"https:\/\/cleitonpinheiro.com.br\/site\/#website","url":"https:\/\/cleitonpinheiro.com.br\/site\/","name":"PORTAL DE NOT\u00cdCIAS CLEITON PINHEIRO","description":"FALANDO A VERDADE","publisher":{"@id":"https:\/\/cleitonpinheiro.com.br\/site\/#organization"},"potentialAction":[{"@type":"SearchAction","target":{"@type":"EntryPoint","urlTemplate":"https:\/\/cleitonpinheiro.com.br\/site\/?s={search_term_string}"},"query-input":{"@type":"PropertyValueSpecification","valueRequired":true,"valueName":"search_term_string"}}],"inLanguage":"pt-BR"},{"@type":"Organization","@id":"https:\/\/cleitonpinheiro.com.br\/site\/#organization","name":"CPNOT\u00cdCIAS","url":"https:\/\/cleitonpinheiro.com.br\/site\/","logo":{"@type":"ImageObject","inLanguage":"pt-BR","@id":"https:\/\/cleitonpinheiro.com.br\/site\/#\/schema\/logo\/image\/","url":"https:\/\/cleitonpinheiro.com.br\/site\/wp-content\/uploads\/2022\/08\/Logo-pequena-2.png","contentUrl":"https:\/\/cleitonpinheiro.com.br\/site\/wp-content\/uploads\/2022\/08\/Logo-pequena-2.png","width":500,"height":500,"caption":"CPNOT\u00cdCIAS"},"image":{"@id":"https:\/\/cleitonpinheiro.com.br\/site\/#\/schema\/logo\/image\/"},"sameAs":["https:\/\/www.facebook.com\/portalcpnoticias\/"]},{"@type":"Person","@id":"https:\/\/cleitonpinheiro.com.br\/site\/#\/schema\/person\/8f04544e0bc40a1b68775b08360f87db","name":"Reda\u00e7\u00e3o CP","image":{"@type":"ImageObject","inLanguage":"pt-BR","@id":"https:\/\/cleitonpinheiro.com.br\/site\/#\/schema\/person\/image\/","url":"https:\/\/secure.gravatar.com\/avatar\/0bcf19cb29fdc8fc588c490c7ae1b3e174dac268586a63fbe1d1893a0f9020cd?s=96&r=g","contentUrl":"https:\/\/secure.gravatar.com\/avatar\/0bcf19cb29fdc8fc588c490c7ae1b3e174dac268586a63fbe1d1893a0f9020cd?s=96&r=g","caption":"Reda\u00e7\u00e3o CP"},"url":"https:\/\/cleitonpinheiro.com.br\/site\/author\/redacao\/"}]}},"views":134,"_links":{"self":[{"href":"https:\/\/cleitonpinheiro.com.br\/site\/wp-json\/wp\/v2\/posts\/86631","targetHints":{"allow":["GET"]}}],"collection":[{"href":"https:\/\/cleitonpinheiro.com.br\/site\/wp-json\/wp\/v2\/posts"}],"about":[{"href":"https:\/\/cleitonpinheiro.com.br\/site\/wp-json\/wp\/v2\/types\/post"}],"author":[{"embeddable":true,"href":"https:\/\/cleitonpinheiro.com.br\/site\/wp-json\/wp\/v2\/users\/13"}],"replies":[{"embeddable":true,"href":"https:\/\/cleitonpinheiro.com.br\/site\/wp-json\/wp\/v2\/comments?post=86631"}],"version-history":[{"count":2,"href":"https:\/\/cleitonpinheiro.com.br\/site\/wp-json\/wp\/v2\/posts\/86631\/revisions"}],"predecessor-version":[{"id":86684,"href":"https:\/\/cleitonpinheiro.com.br\/site\/wp-json\/wp\/v2\/posts\/86631\/revisions\/86684"}],"wp:attachment":[{"href":"https:\/\/cleitonpinheiro.com.br\/site\/wp-json\/wp\/v2\/media?parent=86631"}],"wp:term":[{"taxonomy":"category","embeddable":true,"href":"https:\/\/cleitonpinheiro.com.br\/site\/wp-json\/wp\/v2\/categories?post=86631"},{"taxonomy":"post_tag","embeddable":true,"href":"https:\/\/cleitonpinheiro.com.br\/site\/wp-json\/wp\/v2\/tags?post=86631"}],"curies":[{"name":"wp","href":"https:\/\/api.w.org\/{rel}","templated":true}]}}