{"id":86652,"date":"2025-08-22T10:48:39","date_gmt":"2025-08-22T13:48:39","guid":{"rendered":"https:\/\/cleitonpinheiro.com.br\/site\/?p=86652"},"modified":"2025-08-25T10:50:48","modified_gmt":"2025-08-25T13:50:48","slug":"relatorio-da-pf-diz-que-bolsonaro-movimentou-r-305-milhoes-em-um-ano","status":"publish","type":"post","link":"https:\/\/cleitonpinheiro.com.br\/site\/relatorio-da-pf-diz-que-bolsonaro-movimentou-r-305-milhoes-em-um-ano\/","title":{"rendered":"Relat\u00f3rio da PF diz que Bolsonaro movimentou R$ 30,5 milh\u00f5es em um ano"},"content":{"rendered":"\n<figure class=\"wp-block-image size-full\"><img decoding=\"async\" src=\"https:\/\/cleitonpinheiro.com.br\/site\/wp-content\/uploads\/2023\/07\/trbr3326.jpg\" alt=\"\" class=\"wp-image-72822\"\/><figcaption class=\"wp-element-caption\">Foto: T\u00e2nia R\u00eago\/Ag\u00eancia Brasil<\/figcaption><\/figure>\n\n\n\n<p>Informa\u00e7\u00f5es do Conselho de Controle de Atividades Financeiras (Coaf) apontam que o ex-presidente Jair Bolsonaro movimentou R$ 30,5 milh\u00f5es nas suas contas banc\u00e1rias entre mar\u00e7o de 2023 e junho deste ano.<img decoding=\"async\" src=\"https:\/\/agenciabrasil.ebc.com.br\/ebc.png?id=1655392&amp;o=node\"><img decoding=\"async\" src=\"https:\/\/agenciabrasil.ebc.com.br\/ebc.gif?id=1655392&amp;o=node\"><\/p>\n\n\n\n<p>Os valores fazem parte do relat\u00f3rio de intelig\u00eancia financeira, que foi usado pela Pol\u00edcia Federal (PF) no&nbsp;<a href=\"https:\/\/agenciabrasil.ebc.com.br\/justica\/noticia\/2025-08\/pf-indicia-bolsonaro-e-eduardo-em-inquerito-sobre-sancoes-dos-eua\">inqu\u00e9rito que indiciou Bolsonaro&nbsp;<\/a>e um de seus seu filhos, o deputado federal Eduardo Bolsonaro (PL-SP), no caso do tarifa\u00e7o dos Estados Unidos contra o Brasil.<\/p>\n\n\n\n<blockquote class=\"wp-block-quote is-layout-flow wp-block-quote-is-layout-flow\">\n<p>\u201cNo per\u00edodo de 01\/03\/2023 a 07\/02\/2024, foram movimentados R$ 30.576.801,36 em cr\u00e9ditos e R$ 30.595.430,71 em d\u00e9bitos, cujos resumos por tipo de lan\u00e7amento constam nas tabelas a seguir\u201d, escreveu a PF.<\/p>\n<\/blockquote>\n\n\n\n<p>O relat\u00f3rio n\u00e3o cita ilegalidades quanto \u00e0 origem dos recursos movimentados por Bolsonaro, mas relata cerca de 50 comunica\u00e7\u00f5es de movimenta\u00e7\u00f5es at\u00edpicas envolvendo o ex-presidente e pessoas ligadas a ele, como o\u00a0filho, Eduardo, e a esposa, Michele Bolsonaro.<\/p>\n\n\n\n<p>Das 50 comunica\u00e7\u00f5es, quatro&nbsp;informaram opera\u00e7\u00f5es suspeitas em contas de Bolsonaro e outras quatro nas contas de Eduardo. Outras 42 opera\u00e7\u00f5es foram feitas em contas de terceiros.<br><br><a href=\"https:\/\/www.whatsapp.com\/channel\/0029VaoRTgrInlqYLSk59B2M\" target=\"_blank\" rel=\"noreferrer noopener\">&gt;&gt; Siga o canal da&nbsp;<strong>Ag\u00eancia Brasil<\/strong>&nbsp;no WhatsApp<\/a><\/p>\n\n\n\n<p>Segundo os investigadores, as\u00a0movimenta\u00e7\u00f5es \u201capresentam ind\u00edcios de poss\u00edveis pr\u00e1ticas de lavagem de dinheiro\u00a0ou outros il\u00edcitos, tendo os principais investigados como vinculados \u00e0s referidas movimenta\u00e7\u00f5es\u201d.<\/p>\n\n\n\n<p>Entre as opera\u00e7\u00f5es at\u00edpicas envolvendo Bolsonaro, consta o repasse de R$ 2 milh\u00f5es para bancar a&nbsp;<a href=\"https:\/\/agenciabrasil.ebc.com.br\/justica\/noticia\/2025-06\/Bolsonaro%20afirma-que-deu-R%24%202%20milh%C3%B5es-a-filho-que-est%C3%A1-nos-EUA\">estadia de Eduardo nos Estados Unidos<\/a>. A transfer\u00eancia foi feita no dia 13 de maio deste ano.<\/p>\n\n\n\n<p>O repasse j\u00e1 era de conhecimento p\u00fablico e foi confirmado pelo pr\u00f3prio Bolsonaro. O dinheiro faz parte do montante de R$ 19 milh\u00f5es recebido em doa\u00e7\u00f5es de apoiadores, via Pix, entre 2023 e 2024.<\/p>\n\n\n\n<p>O Coaf registrou outra opera\u00e7\u00e3o de R$ 2 milh\u00f5es da conta de Bolsonaro para Michele Bolsonaro.\u00a0De acordo com a PF, a quantia\u00a0<a href=\"https:\/\/agenciabrasil.ebc.com.br\/justica\/noticia\/2025-08\/bolsonaro-omitiu-transferencia-de-r-2-milhoes-michele-diz-pf\">foi omitida pelo ex-presidente<\/a>\u00a0no depoimento prestado durante as investiga\u00e7\u00f5es.<\/p>\n\n\n\n<p>No caso de Eduardo, foi encontrada uma opera\u00e7\u00e3o de c\u00e2mbio de R$ 1,6 milh\u00e3o para uma conta no banco Wells Fargo, nos Estados Unidos. A opera\u00e7\u00e3o foi realizada no dia 26 de maio deste ano.<\/p>\n\n\n\n<blockquote class=\"wp-block-quote is-layout-flow wp-block-quote-is-layout-flow\">\n<p>\u201cAdicionalmente, a empresa [corretora]declarou, na mesma comunica\u00e7\u00e3o, que o valor teria como origem uma doa\u00e7\u00e3o realizada por seu genitor, Jair Bolsonaro, conforme indicado em extrato banc\u00e1rio encaminhado \u00e0 corretora\u201d, completou o relat\u00f3rio.<\/p>\n<\/blockquote>\n\n\n\n<p>As informa\u00e7\u00f5es financeiras tamb\u00e9m apontam que Bolsonaro teve despesas de R$ 6,6 milh\u00f5es com dois escrit\u00f3rios de advocacia.\u00a0<\/p>\n\n\n\n<h2 class=\"wp-block-heading\">Defesa<\/h2>\n\n\n\n<p>A\u00a0Ag\u00eancia Brasil\u00a0entrou em contato com a defesa de Bolsonaro e aguarda retorno. O espa\u00e7o est\u00e1 aberto para manifesta\u00e7\u00e3o.\u00a0<\/p>\n\n\n\n<p>Mais cedo, os advogados do ex-presidente&nbsp;<a href=\"https:\/\/agenciabrasil.ebc.com.br\/justica\/noticia\/2025-08\/defesa-de-bolsonaro-se-diz-surpreendida-com-indiciamento\">disseram que foram&nbsp;surpreendidos&nbsp;<\/a>com o indiciamento.&nbsp;<\/p>\n\n\n\n<p>Texto: Andr\u00e9 Richter &#8211; Rep\u00f3rter da Ag\u00eancia Brasil<\/p>\n","protected":false},"excerpt":{"rendered":"<p>Informa\u00e7\u00f5es do Conselho de Controle de Atividades Financeiras (Coaf) apontam que o ex-presidente Jair Bolsonaro movimentou R$ 30,5 milh\u00f5es nas suas contas banc\u00e1rias entre mar\u00e7o de 2023 e junho deste ano. Os valores fazem parte do relat\u00f3rio de intelig\u00eancia financeira, que foi usado pela Pol\u00edcia Federal (PF) no&nbsp;inqu\u00e9rito que indiciou Bolsonaro&nbsp;e um de seus seu [&hellip;]<\/p>\n","protected":false},"author":13,"featured_media":0,"comment_status":"open","ping_status":"open","sticky":false,"template":"","format":"standard","meta":{"_acf_changed":false,"footnotes":""},"categories":[898,23,21],"tags":[],"class_list":["post-86652","post","type-post","status-publish","format-standard","hentry","category-manchete-segundaria","category-politica","category-todas-noticias"],"acf":[],"yoast_head":"<!-- This site is optimized with the Yoast SEO plugin v24.4 - https:\/\/yoast.com\/wordpress\/plugins\/seo\/ -->\n<title>Relat\u00f3rio da PF diz que Bolsonaro movimentou R$ 30,5 milh\u00f5es em um ano - PORTAL DE NOT\u00cdCIAS CLEITON PINHEIRO<\/title>\n<meta name=\"robots\" content=\"index, follow, max-snippet:-1, max-image-preview:large, max-video-preview:-1\" \/>\n<link rel=\"canonical\" href=\"https:\/\/cleitonpinheiro.com.br\/site\/relatorio-da-pf-diz-que-bolsonaro-movimentou-r-305-milhoes-em-um-ano\/\" \/>\n<meta property=\"og:locale\" content=\"pt_BR\" \/>\n<meta property=\"og:type\" content=\"article\" \/>\n<meta property=\"og:title\" content=\"Relat\u00f3rio da PF diz que Bolsonaro movimentou R$ 30,5 milh\u00f5es em um ano - PORTAL DE NOT\u00cdCIAS CLEITON PINHEIRO\" \/>\n<meta property=\"og:description\" content=\"Informa\u00e7\u00f5es do Conselho de Controle de Atividades Financeiras (Coaf) apontam que o ex-presidente Jair Bolsonaro movimentou R$ 30,5 milh\u00f5es nas suas contas banc\u00e1rias entre mar\u00e7o de 2023 e junho deste ano. Os valores fazem parte do relat\u00f3rio de intelig\u00eancia financeira, que foi usado pela Pol\u00edcia Federal (PF) no&nbsp;inqu\u00e9rito que indiciou Bolsonaro&nbsp;e um de seus seu [&hellip;]\" \/>\n<meta property=\"og:url\" content=\"https:\/\/cleitonpinheiro.com.br\/site\/relatorio-da-pf-diz-que-bolsonaro-movimentou-r-305-milhoes-em-um-ano\/\" \/>\n<meta property=\"og:site_name\" content=\"PORTAL DE NOT\u00cdCIAS CLEITON PINHEIRO\" \/>\n<meta property=\"article:publisher\" content=\"https:\/\/www.facebook.com\/portalcpnoticias\/\" \/>\n<meta property=\"article:published_time\" content=\"2025-08-22T13:48:39+00:00\" \/>\n<meta property=\"article:modified_time\" content=\"2025-08-25T13:50:48+00:00\" \/>\n<meta property=\"og:image\" content=\"https:\/\/cleitonpinheiro.com.br\/site\/wp-content\/uploads\/2023\/07\/trbr3326.jpg\" \/>\n\t<meta property=\"og:image:width\" content=\"1170\" \/>\n\t<meta property=\"og:image:height\" content=\"700\" \/>\n\t<meta property=\"og:image:type\" content=\"image\/jpeg\" \/>\n<meta name=\"author\" content=\"Reda\u00e7\u00e3o CP\" \/>\n<meta name=\"twitter:card\" content=\"summary_large_image\" \/>\n<meta name=\"twitter:label1\" content=\"Escrito por\" \/>\n\t<meta name=\"twitter:data1\" content=\"Reda\u00e7\u00e3o CP\" \/>\n\t<meta name=\"twitter:label2\" content=\"Est. tempo de leitura\" \/>\n\t<meta name=\"twitter:data2\" content=\"3 minutos\" \/>\n<script type=\"application\/ld+json\" class=\"yoast-schema-graph\">{\"@context\":\"https:\/\/schema.org\",\"@graph\":[{\"@type\":\"Article\",\"@id\":\"https:\/\/cleitonpinheiro.com.br\/site\/relatorio-da-pf-diz-que-bolsonaro-movimentou-r-305-milhoes-em-um-ano\/#article\",\"isPartOf\":{\"@id\":\"https:\/\/cleitonpinheiro.com.br\/site\/relatorio-da-pf-diz-que-bolsonaro-movimentou-r-305-milhoes-em-um-ano\/\"},\"author\":{\"name\":\"Reda\u00e7\u00e3o CP\",\"@id\":\"https:\/\/cleitonpinheiro.com.br\/site\/#\/schema\/person\/8f04544e0bc40a1b68775b08360f87db\"},\"headline\":\"Relat\u00f3rio da PF diz que Bolsonaro movimentou R$ 30,5 milh\u00f5es em um ano\",\"datePublished\":\"2025-08-22T13:48:39+00:00\",\"dateModified\":\"2025-08-25T13:50:48+00:00\",\"mainEntityOfPage\":{\"@id\":\"https:\/\/cleitonpinheiro.com.br\/site\/relatorio-da-pf-diz-que-bolsonaro-movimentou-r-305-milhoes-em-um-ano\/\"},\"wordCount\":503,\"commentCount\":0,\"publisher\":{\"@id\":\"https:\/\/cleitonpinheiro.com.br\/site\/#organization\"},\"image\":{\"@id\":\"https:\/\/cleitonpinheiro.com.br\/site\/relatorio-da-pf-diz-que-bolsonaro-movimentou-r-305-milhoes-em-um-ano\/#primaryimage\"},\"thumbnailUrl\":\"https:\/\/cleitonpinheiro.com.br\/site\/wp-content\/uploads\/2023\/07\/trbr3326.jpg\",\"articleSection\":[\"MANCHETE SEGUND\u00c1RIA\",\"POL\u00cdTICA\",\"TODAS NOTICIAS\"],\"inLanguage\":\"pt-BR\",\"potentialAction\":[{\"@type\":\"CommentAction\",\"name\":\"Comment\",\"target\":[\"https:\/\/cleitonpinheiro.com.br\/site\/relatorio-da-pf-diz-que-bolsonaro-movimentou-r-305-milhoes-em-um-ano\/#respond\"]}]},{\"@type\":\"WebPage\",\"@id\":\"https:\/\/cleitonpinheiro.com.br\/site\/relatorio-da-pf-diz-que-bolsonaro-movimentou-r-305-milhoes-em-um-ano\/\",\"url\":\"https:\/\/cleitonpinheiro.com.br\/site\/relatorio-da-pf-diz-que-bolsonaro-movimentou-r-305-milhoes-em-um-ano\/\",\"name\":\"Relat\u00f3rio da PF diz que Bolsonaro movimentou R$ 30,5 milh\u00f5es em um ano - PORTAL DE NOT\u00cdCIAS CLEITON PINHEIRO\",\"isPartOf\":{\"@id\":\"https:\/\/cleitonpinheiro.com.br\/site\/#website\"},\"primaryImageOfPage\":{\"@id\":\"https:\/\/cleitonpinheiro.com.br\/site\/relatorio-da-pf-diz-que-bolsonaro-movimentou-r-305-milhoes-em-um-ano\/#primaryimage\"},\"image\":{\"@id\":\"https:\/\/cleitonpinheiro.com.br\/site\/relatorio-da-pf-diz-que-bolsonaro-movimentou-r-305-milhoes-em-um-ano\/#primaryimage\"},\"thumbnailUrl\":\"https:\/\/cleitonpinheiro.com.br\/site\/wp-content\/uploads\/2023\/07\/trbr3326.jpg\",\"datePublished\":\"2025-08-22T13:48:39+00:00\",\"dateModified\":\"2025-08-25T13:50:48+00:00\",\"breadcrumb\":{\"@id\":\"https:\/\/cleitonpinheiro.com.br\/site\/relatorio-da-pf-diz-que-bolsonaro-movimentou-r-305-milhoes-em-um-ano\/#breadcrumb\"},\"inLanguage\":\"pt-BR\",\"potentialAction\":[{\"@type\":\"ReadAction\",\"target\":[\"https:\/\/cleitonpinheiro.com.br\/site\/relatorio-da-pf-diz-que-bolsonaro-movimentou-r-305-milhoes-em-um-ano\/\"]}]},{\"@type\":\"ImageObject\",\"inLanguage\":\"pt-BR\",\"@id\":\"https:\/\/cleitonpinheiro.com.br\/site\/relatorio-da-pf-diz-que-bolsonaro-movimentou-r-305-milhoes-em-um-ano\/#primaryimage\",\"url\":\"\",\"contentUrl\":\"\"},{\"@type\":\"BreadcrumbList\",\"@id\":\"https:\/\/cleitonpinheiro.com.br\/site\/relatorio-da-pf-diz-que-bolsonaro-movimentou-r-305-milhoes-em-um-ano\/#breadcrumb\",\"itemListElement\":[{\"@type\":\"ListItem\",\"position\":1,\"name\":\"In\u00edcio\",\"item\":\"https:\/\/cleitonpinheiro.com.br\/site\/\"},{\"@type\":\"ListItem\",\"position\":2,\"name\":\"Relat\u00f3rio da PF diz que Bolsonaro movimentou R$ 30,5 milh\u00f5es em um ano\"}]},{\"@type\":\"WebSite\",\"@id\":\"https:\/\/cleitonpinheiro.com.br\/site\/#website\",\"url\":\"https:\/\/cleitonpinheiro.com.br\/site\/\",\"name\":\"PORTAL DE NOT\u00cdCIAS CLEITON PINHEIRO\",\"description\":\"FALANDO A VERDADE\",\"publisher\":{\"@id\":\"https:\/\/cleitonpinheiro.com.br\/site\/#organization\"},\"potentialAction\":[{\"@type\":\"SearchAction\",\"target\":{\"@type\":\"EntryPoint\",\"urlTemplate\":\"https:\/\/cleitonpinheiro.com.br\/site\/?s={search_term_string}\"},\"query-input\":{\"@type\":\"PropertyValueSpecification\",\"valueRequired\":true,\"valueName\":\"search_term_string\"}}],\"inLanguage\":\"pt-BR\"},{\"@type\":\"Organization\",\"@id\":\"https:\/\/cleitonpinheiro.com.br\/site\/#organization\",\"name\":\"CPNOT\u00cdCIAS\",\"url\":\"https:\/\/cleitonpinheiro.com.br\/site\/\",\"logo\":{\"@type\":\"ImageObject\",\"inLanguage\":\"pt-BR\",\"@id\":\"https:\/\/cleitonpinheiro.com.br\/site\/#\/schema\/logo\/image\/\",\"url\":\"https:\/\/cleitonpinheiro.com.br\/site\/wp-content\/uploads\/2022\/08\/Logo-pequena-2.png\",\"contentUrl\":\"https:\/\/cleitonpinheiro.com.br\/site\/wp-content\/uploads\/2022\/08\/Logo-pequena-2.png\",\"width\":500,\"height\":500,\"caption\":\"CPNOT\u00cdCIAS\"},\"image\":{\"@id\":\"https:\/\/cleitonpinheiro.com.br\/site\/#\/schema\/logo\/image\/\"},\"sameAs\":[\"https:\/\/www.facebook.com\/portalcpnoticias\/\"]},{\"@type\":\"Person\",\"@id\":\"https:\/\/cleitonpinheiro.com.br\/site\/#\/schema\/person\/8f04544e0bc40a1b68775b08360f87db\",\"name\":\"Reda\u00e7\u00e3o CP\",\"image\":{\"@type\":\"ImageObject\",\"inLanguage\":\"pt-BR\",\"@id\":\"https:\/\/cleitonpinheiro.com.br\/site\/#\/schema\/person\/image\/\",\"url\":\"https:\/\/secure.gravatar.com\/avatar\/0bcf19cb29fdc8fc588c490c7ae1b3e174dac268586a63fbe1d1893a0f9020cd?s=96&r=g\",\"contentUrl\":\"https:\/\/secure.gravatar.com\/avatar\/0bcf19cb29fdc8fc588c490c7ae1b3e174dac268586a63fbe1d1893a0f9020cd?s=96&r=g\",\"caption\":\"Reda\u00e7\u00e3o CP\"},\"url\":\"https:\/\/cleitonpinheiro.com.br\/site\/author\/redacao\/\"}]}<\/script>\n<!-- \/ Yoast SEO plugin. -->","yoast_head_json":{"title":"Relat\u00f3rio da PF diz que Bolsonaro movimentou R$ 30,5 milh\u00f5es em um ano - PORTAL DE NOT\u00cdCIAS CLEITON PINHEIRO","robots":{"index":"index","follow":"follow","max-snippet":"max-snippet:-1","max-image-preview":"max-image-preview:large","max-video-preview":"max-video-preview:-1"},"canonical":"https:\/\/cleitonpinheiro.com.br\/site\/relatorio-da-pf-diz-que-bolsonaro-movimentou-r-305-milhoes-em-um-ano\/","og_locale":"pt_BR","og_type":"article","og_title":"Relat\u00f3rio da PF diz que Bolsonaro movimentou R$ 30,5 milh\u00f5es em um ano - PORTAL DE NOT\u00cdCIAS CLEITON PINHEIRO","og_description":"Informa\u00e7\u00f5es do Conselho de Controle de Atividades Financeiras (Coaf) apontam que o ex-presidente Jair Bolsonaro movimentou R$ 30,5 milh\u00f5es nas suas contas banc\u00e1rias entre mar\u00e7o de 2023 e junho deste ano. Os valores fazem parte do relat\u00f3rio de intelig\u00eancia financeira, que foi usado pela Pol\u00edcia Federal (PF) no&nbsp;inqu\u00e9rito que indiciou Bolsonaro&nbsp;e um de seus seu [&hellip;]","og_url":"https:\/\/cleitonpinheiro.com.br\/site\/relatorio-da-pf-diz-que-bolsonaro-movimentou-r-305-milhoes-em-um-ano\/","og_site_name":"PORTAL DE NOT\u00cdCIAS CLEITON PINHEIRO","article_publisher":"https:\/\/www.facebook.com\/portalcpnoticias\/","article_published_time":"2025-08-22T13:48:39+00:00","article_modified_time":"2025-08-25T13:50:48+00:00","og_image":[{"width":1170,"height":700,"url":"https:\/\/cleitonpinheiro.com.br\/site\/wp-content\/uploads\/2023\/07\/trbr3326.jpg","type":"image\/jpeg"}],"author":"Reda\u00e7\u00e3o CP","twitter_card":"summary_large_image","twitter_misc":{"Escrito por":"Reda\u00e7\u00e3o CP","Est. tempo de leitura":"3 minutos"},"schema":{"@context":"https:\/\/schema.org","@graph":[{"@type":"Article","@id":"https:\/\/cleitonpinheiro.com.br\/site\/relatorio-da-pf-diz-que-bolsonaro-movimentou-r-305-milhoes-em-um-ano\/#article","isPartOf":{"@id":"https:\/\/cleitonpinheiro.com.br\/site\/relatorio-da-pf-diz-que-bolsonaro-movimentou-r-305-milhoes-em-um-ano\/"},"author":{"name":"Reda\u00e7\u00e3o CP","@id":"https:\/\/cleitonpinheiro.com.br\/site\/#\/schema\/person\/8f04544e0bc40a1b68775b08360f87db"},"headline":"Relat\u00f3rio da PF diz que Bolsonaro movimentou R$ 30,5 milh\u00f5es em um ano","datePublished":"2025-08-22T13:48:39+00:00","dateModified":"2025-08-25T13:50:48+00:00","mainEntityOfPage":{"@id":"https:\/\/cleitonpinheiro.com.br\/site\/relatorio-da-pf-diz-que-bolsonaro-movimentou-r-305-milhoes-em-um-ano\/"},"wordCount":503,"commentCount":0,"publisher":{"@id":"https:\/\/cleitonpinheiro.com.br\/site\/#organization"},"image":{"@id":"https:\/\/cleitonpinheiro.com.br\/site\/relatorio-da-pf-diz-que-bolsonaro-movimentou-r-305-milhoes-em-um-ano\/#primaryimage"},"thumbnailUrl":"https:\/\/cleitonpinheiro.com.br\/site\/wp-content\/uploads\/2023\/07\/trbr3326.jpg","articleSection":["MANCHETE SEGUND\u00c1RIA","POL\u00cdTICA","TODAS NOTICIAS"],"inLanguage":"pt-BR","potentialAction":[{"@type":"CommentAction","name":"Comment","target":["https:\/\/cleitonpinheiro.com.br\/site\/relatorio-da-pf-diz-que-bolsonaro-movimentou-r-305-milhoes-em-um-ano\/#respond"]}]},{"@type":"WebPage","@id":"https:\/\/cleitonpinheiro.com.br\/site\/relatorio-da-pf-diz-que-bolsonaro-movimentou-r-305-milhoes-em-um-ano\/","url":"https:\/\/cleitonpinheiro.com.br\/site\/relatorio-da-pf-diz-que-bolsonaro-movimentou-r-305-milhoes-em-um-ano\/","name":"Relat\u00f3rio da PF diz que Bolsonaro movimentou R$ 30,5 milh\u00f5es em um ano - PORTAL DE NOT\u00cdCIAS CLEITON PINHEIRO","isPartOf":{"@id":"https:\/\/cleitonpinheiro.com.br\/site\/#website"},"primaryImageOfPage":{"@id":"https:\/\/cleitonpinheiro.com.br\/site\/relatorio-da-pf-diz-que-bolsonaro-movimentou-r-305-milhoes-em-um-ano\/#primaryimage"},"image":{"@id":"https:\/\/cleitonpinheiro.com.br\/site\/relatorio-da-pf-diz-que-bolsonaro-movimentou-r-305-milhoes-em-um-ano\/#primaryimage"},"thumbnailUrl":"https:\/\/cleitonpinheiro.com.br\/site\/wp-content\/uploads\/2023\/07\/trbr3326.jpg","datePublished":"2025-08-22T13:48:39+00:00","dateModified":"2025-08-25T13:50:48+00:00","breadcrumb":{"@id":"https:\/\/cleitonpinheiro.com.br\/site\/relatorio-da-pf-diz-que-bolsonaro-movimentou-r-305-milhoes-em-um-ano\/#breadcrumb"},"inLanguage":"pt-BR","potentialAction":[{"@type":"ReadAction","target":["https:\/\/cleitonpinheiro.com.br\/site\/relatorio-da-pf-diz-que-bolsonaro-movimentou-r-305-milhoes-em-um-ano\/"]}]},{"@type":"ImageObject","inLanguage":"pt-BR","@id":"https:\/\/cleitonpinheiro.com.br\/site\/relatorio-da-pf-diz-que-bolsonaro-movimentou-r-305-milhoes-em-um-ano\/#primaryimage","url":"","contentUrl":""},{"@type":"BreadcrumbList","@id":"https:\/\/cleitonpinheiro.com.br\/site\/relatorio-da-pf-diz-que-bolsonaro-movimentou-r-305-milhoes-em-um-ano\/#breadcrumb","itemListElement":[{"@type":"ListItem","position":1,"name":"In\u00edcio","item":"https:\/\/cleitonpinheiro.com.br\/site\/"},{"@type":"ListItem","position":2,"name":"Relat\u00f3rio da PF diz que Bolsonaro movimentou R$ 30,5 milh\u00f5es em um ano"}]},{"@type":"WebSite","@id":"https:\/\/cleitonpinheiro.com.br\/site\/#website","url":"https:\/\/cleitonpinheiro.com.br\/site\/","name":"PORTAL DE NOT\u00cdCIAS CLEITON PINHEIRO","description":"FALANDO A VERDADE","publisher":{"@id":"https:\/\/cleitonpinheiro.com.br\/site\/#organization"},"potentialAction":[{"@type":"SearchAction","target":{"@type":"EntryPoint","urlTemplate":"https:\/\/cleitonpinheiro.com.br\/site\/?s={search_term_string}"},"query-input":{"@type":"PropertyValueSpecification","valueRequired":true,"valueName":"search_term_string"}}],"inLanguage":"pt-BR"},{"@type":"Organization","@id":"https:\/\/cleitonpinheiro.com.br\/site\/#organization","name":"CPNOT\u00cdCIAS","url":"https:\/\/cleitonpinheiro.com.br\/site\/","logo":{"@type":"ImageObject","inLanguage":"pt-BR","@id":"https:\/\/cleitonpinheiro.com.br\/site\/#\/schema\/logo\/image\/","url":"https:\/\/cleitonpinheiro.com.br\/site\/wp-content\/uploads\/2022\/08\/Logo-pequena-2.png","contentUrl":"https:\/\/cleitonpinheiro.com.br\/site\/wp-content\/uploads\/2022\/08\/Logo-pequena-2.png","width":500,"height":500,"caption":"CPNOT\u00cdCIAS"},"image":{"@id":"https:\/\/cleitonpinheiro.com.br\/site\/#\/schema\/logo\/image\/"},"sameAs":["https:\/\/www.facebook.com\/portalcpnoticias\/"]},{"@type":"Person","@id":"https:\/\/cleitonpinheiro.com.br\/site\/#\/schema\/person\/8f04544e0bc40a1b68775b08360f87db","name":"Reda\u00e7\u00e3o CP","image":{"@type":"ImageObject","inLanguage":"pt-BR","@id":"https:\/\/cleitonpinheiro.com.br\/site\/#\/schema\/person\/image\/","url":"https:\/\/secure.gravatar.com\/avatar\/0bcf19cb29fdc8fc588c490c7ae1b3e174dac268586a63fbe1d1893a0f9020cd?s=96&r=g","contentUrl":"https:\/\/secure.gravatar.com\/avatar\/0bcf19cb29fdc8fc588c490c7ae1b3e174dac268586a63fbe1d1893a0f9020cd?s=96&r=g","caption":"Reda\u00e7\u00e3o CP"},"url":"https:\/\/cleitonpinheiro.com.br\/site\/author\/redacao\/"}]}},"views":102,"_links":{"self":[{"href":"https:\/\/cleitonpinheiro.com.br\/site\/wp-json\/wp\/v2\/posts\/86652","targetHints":{"allow":["GET"]}}],"collection":[{"href":"https:\/\/cleitonpinheiro.com.br\/site\/wp-json\/wp\/v2\/posts"}],"about":[{"href":"https:\/\/cleitonpinheiro.com.br\/site\/wp-json\/wp\/v2\/types\/post"}],"author":[{"embeddable":true,"href":"https:\/\/cleitonpinheiro.com.br\/site\/wp-json\/wp\/v2\/users\/13"}],"replies":[{"embeddable":true,"href":"https:\/\/cleitonpinheiro.com.br\/site\/wp-json\/wp\/v2\/comments?post=86652"}],"version-history":[{"count":1,"href":"https:\/\/cleitonpinheiro.com.br\/site\/wp-json\/wp\/v2\/posts\/86652\/revisions"}],"predecessor-version":[{"id":86653,"href":"https:\/\/cleitonpinheiro.com.br\/site\/wp-json\/wp\/v2\/posts\/86652\/revisions\/86653"}],"wp:attachment":[{"href":"https:\/\/cleitonpinheiro.com.br\/site\/wp-json\/wp\/v2\/media?parent=86652"}],"wp:term":[{"taxonomy":"category","embeddable":true,"href":"https:\/\/cleitonpinheiro.com.br\/site\/wp-json\/wp\/v2\/categories?post=86652"},{"taxonomy":"post_tag","embeddable":true,"href":"https:\/\/cleitonpinheiro.com.br\/site\/wp-json\/wp\/v2\/tags?post=86652"}],"curies":[{"name":"wp","href":"https:\/\/api.w.org\/{rel}","templated":true}]}}