{"id":86659,"date":"2025-08-26T11:29:43","date_gmt":"2025-08-26T14:29:43","guid":{"rendered":"https:\/\/cleitonpinheiro.com.br\/site\/?p=86659"},"modified":"2025-08-26T11:29:47","modified_gmt":"2025-08-26T14:29:47","slug":"mec-lanca-curso-de-180-horas-para-professores-do-ensino-medio-publico","status":"publish","type":"post","link":"https:\/\/cleitonpinheiro.com.br\/site\/mec-lanca-curso-de-180-horas-para-professores-do-ensino-medio-publico\/","title":{"rendered":"MEC lan\u00e7a curso de 180 horas para professores do ensino m\u00e9dio p\u00fablico"},"content":{"rendered":"\n<figure class=\"wp-block-image size-large\"><img fetchpriority=\"high\" decoding=\"async\" width=\"1024\" height=\"613\" src=\"https:\/\/cleitonpinheiro.com.br\/site\/wp-content\/uploads\/2023\/11\/fachada-ministerio_mcamgo_abr_100420231818-32-1024x613.jpg\" alt=\"\" class=\"wp-image-75077\" srcset=\"https:\/\/cleitonpinheiro.com.br\/site\/wp-content\/uploads\/2023\/11\/fachada-ministerio_mcamgo_abr_100420231818-32-1024x613.jpg 1024w, https:\/\/cleitonpinheiro.com.br\/site\/wp-content\/uploads\/2023\/11\/fachada-ministerio_mcamgo_abr_100420231818-32-300x179.jpg 300w, https:\/\/cleitonpinheiro.com.br\/site\/wp-content\/uploads\/2023\/11\/fachada-ministerio_mcamgo_abr_100420231818-32-768x459.jpg 768w, https:\/\/cleitonpinheiro.com.br\/site\/wp-content\/uploads\/2023\/11\/fachada-ministerio_mcamgo_abr_100420231818-32.jpg 1170w\" sizes=\"(max-width: 1024px) 100vw, 1024px\" \/><figcaption class=\"wp-element-caption\">@Marcelo Camargo\/Ag\u00eancia Brasil<\/figcaption><\/figure>\n\n\n\n<p>O Minist\u00e9rio da Educa\u00e7\u00e3o (MEC) lan\u00e7ou, nesta quinta-feira (21), o curso&nbsp;Mais Ensino M\u00e9dio&nbsp;para forma\u00e7\u00e3o de professores desta etapa do ensino b\u00e1sico.<img decoding=\"async\" src=\"https:\/\/agenciabrasil.ebc.com.br\/ebc.png?id=1655487&amp;o=node\"><img decoding=\"async\" src=\"https:\/\/agenciabrasil.ebc.com.br\/ebc.gif?id=1655487&amp;o=node\"><\/p>\n\n\n\n<p>O\u00a0curso virtual\u00a0tem dura\u00e7\u00e3o de 180 horas e j\u00e1 est\u00e1 dispon\u00edvel na\u00a0<a href=\"https:\/\/avamec.mec.gov.br\/#\/instituicao\/seb\/curso\/17759\/informacoes\" target=\"_blank\" rel=\"noreferrer noopener\">plataforma de aprendizagem Avamec<\/a>.\u00a0Para acess\u00e1-la, o interessado deve digitar o login pelo\u00a0<a href=\"https:\/\/www.gov.br\/pt-br\" target=\"_blank\" rel=\"noreferrer noopener\">portal Gov.br<\/a>, se cadastrar e informar dados pessoais, v\u00ednculos profissionais e a forma\u00e7\u00e3o acad\u00eamica.<\/p>\n\n\n\n<p>O objetivo principal&nbsp;\u00e9 melhorar a qualidade da educa\u00e7\u00e3o como um todo, por meio da transforma\u00e7\u00e3o das pr\u00e1ticas docentes e da valoriza\u00e7\u00e3o da juventude brasileira.<\/p>\n\n\n\n<p>Ao mesmo tempo, a forma\u00e7\u00e3o pretende promover uma reflex\u00e3o cr\u00edtica sobre o\u00a0curr\u00edculo e as pol\u00edticas educacionais, entre elas, a Pol\u00edtica Nacional do Ensino M\u00e9dio (Pnaem), e como adequ\u00e1-las \u00e0s realidades das escolas p\u00fablicas.<br><\/p>\n\n\n\n<h2 class=\"wp-block-heading\">O curso<\/h2>\n\n\n\n<p>A capacita\u00e7\u00e3o de docentes&nbsp;busca alinhar a teoria com a pr\u00e1tica, abordando temas relevantes e contempor\u00e2neos que impactam diretamente a vida dos estudantes e o trabalho docente.<\/p>\n\n\n\n<p><strong>O curso usa um curr\u00edculo em espiral, o que significa que ele revisita e aprofunda os temas gradualmente, evitando repeti\u00e7\u00f5es desnecess\u00e1rias.<\/strong><\/p>\n\n\n\n<p>A metodologia do curso tem como estrat\u00e9gia a forma\u00e7\u00e3o continuada e em servi\u00e7o e \u00e9 baseada em metodologias de reconhecimento, interven\u00e7\u00e3o produtiva e estudos de casos.<\/p>\n\n\n\n<h2 class=\"wp-block-heading\">Cultura digital<\/h2>\n\n\n\n<p><strong>Entre os m\u00f3dulos, h\u00e1 um voltado para a cultura digital, que capacita os educadores a aplicar a digitaliza\u00e7\u00e3o na educa\u00e7\u00e3o<\/strong>.<\/p>\n\n\n\n<p>Essa parte da forma\u00e7\u00e3o est\u00e1 alinhada \u00e0 Estrat\u00e9gia Nacional de Escolas Conectadas (Enec), preparando os docentes para usar a tecnologia para fins pedag\u00f3gicos, em sala de aula, de forma eficaz e intencional.&nbsp;<strong>O objetivo do uso efetivo das tecnologias digitais no cotidiano escolar \u00e9 aprimorar o aprendizado dos estudantes<\/strong>.<\/p>\n\n\n\n<p>Na segunda etapa, o curso se aprofunda em pr\u00e1ticas interdisciplinares e no estudo de temas relevantes para as quatro \u00e1reas do conhecimento da forma\u00e7\u00e3o geral b\u00e1sica, como&nbsp;<strong>crise clim\u00e1tica<\/strong>. Tamb\u00e9m s\u00e3o abordadas&nbsp;<strong>pautas contempor\u00e2neas, como as apostas esportivas (bets) e seus impactos econ\u00f4micos e sociais<\/strong>, entre outras.<\/p>\n\n\n\n<p><strong>O curso pode ser conclu\u00eddo em, no m\u00ednimo, 45 dias, e no m\u00e1ximo a conclus\u00e3o \u00e9 de 200 dias<\/strong>.<\/p>\n\n\n\n<h2 class=\"wp-block-heading\">Certifica\u00e7\u00e3o<\/h2>\n\n\n\n<p>A conclus\u00e3o dos m\u00f3dulos do&nbsp;Mais Ensino M\u00e9dio&nbsp;\u00e9 feita automaticamente, mediante a realiza\u00e7\u00e3o das atividades de fixa\u00e7\u00e3o que os comp\u00f5em.&nbsp;<strong>A nota m\u00ednima para aprova\u00e7\u00e3o \u00e9 de 6 pontos<\/strong>.<\/p>\n\n\n\n<p>Com o aproveitamento do participante no curso, o&nbsp;<strong>certificado de conclus\u00e3o estar\u00e1 dispon\u00edvel para&nbsp;<em>download<\/em><\/strong>, na op\u00e7\u00e3o &#8220;Certificado&#8221;, no menu do curso.<\/p>\n\n\n\n<p>H\u00e1 possibilidade de obten\u00e7\u00e3o de certificado de especializa\u00e7\u00e3o, mediante aproveitamento de estudos, pelo Centro de Educa\u00e7\u00e3o Aberta e a Dist\u00e2ncia da Universidade Federal do Piau\u00ed.<\/p>\n\n\n\n<p><strong>Saiba mais sobre o&nbsp;Mais Ensino M\u00e9dio&nbsp;<a href=\"https:\/\/avamec.mec.gov.br\/#\/instituicao\/seb\/curso\/17759\/informacoes\" target=\"_blank\" rel=\"noreferrer noopener\">aqui<\/a>.<\/strong><\/p>\n\n\n\n<h2 class=\"wp-block-heading\">Mais cursos<\/h2>\n\n\n\n<p>O Minist\u00e9rio da Educa\u00e7\u00e3o (MEC) tamb\u00e9m anunciou o lan\u00e7amento para o&nbsp;<strong>Dia do Professor, em 15 de outubro<\/strong>, de quatro novos cursos complementares, um para cada \u00e1rea do conhecimento (ci\u00eancias humanas, ci\u00eancias da natureza, matem\u00e1tica e linguagens).<\/p>\n\n\n\n<p>S\u00e3o eles:<\/p>\n\n\n\n<ul class=\"wp-block-list\">\n<li>Mais Ci\u00eancias Humanas e Sociais (Mais CHSA)<\/li>\n\n\n\n<li>Mais Ci\u00eancias da Natureza e suas Tecnologias (Mais CNT)<\/li>\n\n\n\n<li>\u00a0Mais matem\u00e1tica e suas tecnologias\u00a0<\/li>\n\n\n\n<li>Mais linguagens e suas tecnologias<\/li>\n<\/ul>\n\n\n\n<h2 class=\"wp-block-heading\">Gest\u00e3o da Escola<\/h2>\n\n\n\n<p>Em nota, a coordenadora-geral de Ensino M\u00e9dio do MEC, Valdirene Alves de Oliveira, afirmou que o curso Mais Ensino M\u00e9dio e os cursos complementares, por \u00e1rea de conhecimento, se somam ao curso de especializa\u00e7\u00e3o Gest\u00e3o da Escola P\u00fablica de Ensino M\u00e9dio (Gepem).<\/p>\n\n\n\n<p>Este \u00faltimo \u00e9 voltado para diretores e coordenadores pedag\u00f3gicos que possuam forma\u00e7\u00e3o em n\u00edvel de gradua\u00e7\u00e3o e estejam em efetiva atua\u00e7\u00e3o em escolas p\u00fablicas de ensino m\u00e9dio, vinculadas \u00e0s redes estaduais, distrital e municipais.<\/p>\n\n\n\n<blockquote class=\"wp-block-quote is-layout-flow wp-block-quote-is-layout-flow\">\n<p>\u201cEste apoio do MEC visa a forma\u00e7\u00e3o dos profissionais das redes p\u00fablicas de ensino para a implementa\u00e7\u00e3o da Pol\u00edtica Nacional de Ensino M\u00e9dio [PNAEM]\u201d, afirmou em nota a coordenadora do MEC, Valdirene Oliveira.&nbsp;<\/p>\n<\/blockquote>\n\n\n\n<p><\/p>\n","protected":false},"excerpt":{"rendered":"<p>O Minist\u00e9rio da Educa\u00e7\u00e3o (MEC) lan\u00e7ou, nesta quinta-feira (21), o curso&nbsp;Mais Ensino M\u00e9dio&nbsp;para forma\u00e7\u00e3o de professores desta etapa do ensino b\u00e1sico. O\u00a0curso virtual\u00a0tem dura\u00e7\u00e3o de 180 horas e j\u00e1 est\u00e1 dispon\u00edvel na\u00a0plataforma de aprendizagem Avamec.\u00a0Para acess\u00e1-la, o interessado deve digitar o login pelo\u00a0portal Gov.br, se cadastrar e informar dados pessoais, v\u00ednculos profissionais e a forma\u00e7\u00e3o [&hellip;]<\/p>\n","protected":false},"author":13,"featured_media":75077,"comment_status":"open","ping_status":"open","sticky":false,"template":"","format":"standard","meta":{"_acf_changed":false,"footnotes":""},"categories":[19,898,21],"tags":[],"class_list":["post-86659","post","type-post","status-publish","format-standard","has-post-thumbnail","hentry","category-brasil-mundo","category-manchete-segundaria","category-todas-noticias"],"acf":[],"yoast_head":"<!-- This site is optimized with the Yoast SEO plugin v24.4 - https:\/\/yoast.com\/wordpress\/plugins\/seo\/ -->\n<title>MEC lan\u00e7a curso de 180 horas para professores do ensino m\u00e9dio p\u00fablico - PORTAL DE NOT\u00cdCIAS CLEITON PINHEIRO<\/title>\n<meta name=\"robots\" content=\"index, follow, max-snippet:-1, max-image-preview:large, max-video-preview:-1\" \/>\n<link rel=\"canonical\" href=\"https:\/\/cleitonpinheiro.com.br\/site\/mec-lanca-curso-de-180-horas-para-professores-do-ensino-medio-publico\/\" \/>\n<meta property=\"og:locale\" content=\"pt_BR\" \/>\n<meta property=\"og:type\" content=\"article\" \/>\n<meta property=\"og:title\" content=\"MEC lan\u00e7a curso de 180 horas para professores do ensino m\u00e9dio p\u00fablico - PORTAL DE NOT\u00cdCIAS CLEITON PINHEIRO\" \/>\n<meta property=\"og:description\" content=\"O Minist\u00e9rio da Educa\u00e7\u00e3o (MEC) lan\u00e7ou, nesta quinta-feira (21), o curso&nbsp;Mais Ensino M\u00e9dio&nbsp;para forma\u00e7\u00e3o de professores desta etapa do ensino b\u00e1sico. O\u00a0curso virtual\u00a0tem dura\u00e7\u00e3o de 180 horas e j\u00e1 est\u00e1 dispon\u00edvel na\u00a0plataforma de aprendizagem Avamec.\u00a0Para acess\u00e1-la, o interessado deve digitar o login pelo\u00a0portal Gov.br, se cadastrar e informar dados pessoais, v\u00ednculos profissionais e a forma\u00e7\u00e3o [&hellip;]\" \/>\n<meta property=\"og:url\" content=\"https:\/\/cleitonpinheiro.com.br\/site\/mec-lanca-curso-de-180-horas-para-professores-do-ensino-medio-publico\/\" \/>\n<meta property=\"og:site_name\" content=\"PORTAL DE NOT\u00cdCIAS CLEITON PINHEIRO\" \/>\n<meta property=\"article:publisher\" content=\"https:\/\/www.facebook.com\/portalcpnoticias\/\" \/>\n<meta property=\"article:published_time\" content=\"2025-08-26T14:29:43+00:00\" \/>\n<meta property=\"article:modified_time\" content=\"2025-08-26T14:29:47+00:00\" \/>\n<meta property=\"og:image\" content=\"https:\/\/cleitonpinheiro.com.br\/site\/wp-content\/uploads\/2023\/11\/fachada-ministerio_mcamgo_abr_100420231818-32.jpg\" \/>\n\t<meta property=\"og:image:width\" content=\"1170\" \/>\n\t<meta property=\"og:image:height\" content=\"700\" \/>\n\t<meta property=\"og:image:type\" content=\"image\/jpeg\" \/>\n<meta name=\"author\" content=\"Reda\u00e7\u00e3o CP\" \/>\n<meta name=\"twitter:card\" content=\"summary_large_image\" \/>\n<meta name=\"twitter:label1\" content=\"Escrito por\" \/>\n\t<meta name=\"twitter:data1\" content=\"Reda\u00e7\u00e3o CP\" \/>\n\t<meta name=\"twitter:label2\" content=\"Est. tempo de leitura\" \/>\n\t<meta name=\"twitter:data2\" content=\"4 minutos\" \/>\n<script type=\"application\/ld+json\" class=\"yoast-schema-graph\">{\"@context\":\"https:\/\/schema.org\",\"@graph\":[{\"@type\":\"Article\",\"@id\":\"https:\/\/cleitonpinheiro.com.br\/site\/mec-lanca-curso-de-180-horas-para-professores-do-ensino-medio-publico\/#article\",\"isPartOf\":{\"@id\":\"https:\/\/cleitonpinheiro.com.br\/site\/mec-lanca-curso-de-180-horas-para-professores-do-ensino-medio-publico\/\"},\"author\":{\"name\":\"Reda\u00e7\u00e3o CP\",\"@id\":\"https:\/\/cleitonpinheiro.com.br\/site\/#\/schema\/person\/8f04544e0bc40a1b68775b08360f87db\"},\"headline\":\"MEC lan\u00e7a curso de 180 horas para professores do ensino m\u00e9dio p\u00fablico\",\"datePublished\":\"2025-08-26T14:29:43+00:00\",\"dateModified\":\"2025-08-26T14:29:47+00:00\",\"mainEntityOfPage\":{\"@id\":\"https:\/\/cleitonpinheiro.com.br\/site\/mec-lanca-curso-de-180-horas-para-professores-do-ensino-medio-publico\/\"},\"wordCount\":722,\"commentCount\":0,\"publisher\":{\"@id\":\"https:\/\/cleitonpinheiro.com.br\/site\/#organization\"},\"image\":{\"@id\":\"https:\/\/cleitonpinheiro.com.br\/site\/mec-lanca-curso-de-180-horas-para-professores-do-ensino-medio-publico\/#primaryimage\"},\"thumbnailUrl\":\"https:\/\/cleitonpinheiro.com.br\/site\/wp-content\/uploads\/2023\/11\/fachada-ministerio_mcamgo_abr_100420231818-32.jpg\",\"articleSection\":[\"BRASIL \/ MUNDO\",\"MANCHETE SEGUND\u00c1RIA\",\"TODAS NOTICIAS\"],\"inLanguage\":\"pt-BR\",\"potentialAction\":[{\"@type\":\"CommentAction\",\"name\":\"Comment\",\"target\":[\"https:\/\/cleitonpinheiro.com.br\/site\/mec-lanca-curso-de-180-horas-para-professores-do-ensino-medio-publico\/#respond\"]}]},{\"@type\":\"WebPage\",\"@id\":\"https:\/\/cleitonpinheiro.com.br\/site\/mec-lanca-curso-de-180-horas-para-professores-do-ensino-medio-publico\/\",\"url\":\"https:\/\/cleitonpinheiro.com.br\/site\/mec-lanca-curso-de-180-horas-para-professores-do-ensino-medio-publico\/\",\"name\":\"MEC lan\u00e7a curso de 180 horas para professores do ensino m\u00e9dio p\u00fablico - PORTAL DE NOT\u00cdCIAS CLEITON PINHEIRO\",\"isPartOf\":{\"@id\":\"https:\/\/cleitonpinheiro.com.br\/site\/#website\"},\"primaryImageOfPage\":{\"@id\":\"https:\/\/cleitonpinheiro.com.br\/site\/mec-lanca-curso-de-180-horas-para-professores-do-ensino-medio-publico\/#primaryimage\"},\"image\":{\"@id\":\"https:\/\/cleitonpinheiro.com.br\/site\/mec-lanca-curso-de-180-horas-para-professores-do-ensino-medio-publico\/#primaryimage\"},\"thumbnailUrl\":\"https:\/\/cleitonpinheiro.com.br\/site\/wp-content\/uploads\/2023\/11\/fachada-ministerio_mcamgo_abr_100420231818-32.jpg\",\"datePublished\":\"2025-08-26T14:29:43+00:00\",\"dateModified\":\"2025-08-26T14:29:47+00:00\",\"breadcrumb\":{\"@id\":\"https:\/\/cleitonpinheiro.com.br\/site\/mec-lanca-curso-de-180-horas-para-professores-do-ensino-medio-publico\/#breadcrumb\"},\"inLanguage\":\"pt-BR\",\"potentialAction\":[{\"@type\":\"ReadAction\",\"target\":[\"https:\/\/cleitonpinheiro.com.br\/site\/mec-lanca-curso-de-180-horas-para-professores-do-ensino-medio-publico\/\"]}]},{\"@type\":\"ImageObject\",\"inLanguage\":\"pt-BR\",\"@id\":\"https:\/\/cleitonpinheiro.com.br\/site\/mec-lanca-curso-de-180-horas-para-professores-do-ensino-medio-publico\/#primaryimage\",\"url\":\"https:\/\/cleitonpinheiro.com.br\/site\/wp-content\/uploads\/2023\/11\/fachada-ministerio_mcamgo_abr_100420231818-32.jpg\",\"contentUrl\":\"https:\/\/cleitonpinheiro.com.br\/site\/wp-content\/uploads\/2023\/11\/fachada-ministerio_mcamgo_abr_100420231818-32.jpg\",\"width\":1170,\"height\":700,\"caption\":\"MEC oferece R$ 9,4 bi atrav\u00e9s do Fundo Nacional de Desenvolvimento - Foto: Marcelo Camargo\/Ag\u00eancia Brasil\"},{\"@type\":\"BreadcrumbList\",\"@id\":\"https:\/\/cleitonpinheiro.com.br\/site\/mec-lanca-curso-de-180-horas-para-professores-do-ensino-medio-publico\/#breadcrumb\",\"itemListElement\":[{\"@type\":\"ListItem\",\"position\":1,\"name\":\"In\u00edcio\",\"item\":\"https:\/\/cleitonpinheiro.com.br\/site\/\"},{\"@type\":\"ListItem\",\"position\":2,\"name\":\"MEC lan\u00e7a curso de 180 horas para professores do ensino m\u00e9dio p\u00fablico\"}]},{\"@type\":\"WebSite\",\"@id\":\"https:\/\/cleitonpinheiro.com.br\/site\/#website\",\"url\":\"https:\/\/cleitonpinheiro.com.br\/site\/\",\"name\":\"PORTAL DE NOT\u00cdCIAS CLEITON PINHEIRO\",\"description\":\"FALANDO A VERDADE\",\"publisher\":{\"@id\":\"https:\/\/cleitonpinheiro.com.br\/site\/#organization\"},\"potentialAction\":[{\"@type\":\"SearchAction\",\"target\":{\"@type\":\"EntryPoint\",\"urlTemplate\":\"https:\/\/cleitonpinheiro.com.br\/site\/?s={search_term_string}\"},\"query-input\":{\"@type\":\"PropertyValueSpecification\",\"valueRequired\":true,\"valueName\":\"search_term_string\"}}],\"inLanguage\":\"pt-BR\"},{\"@type\":\"Organization\",\"@id\":\"https:\/\/cleitonpinheiro.com.br\/site\/#organization\",\"name\":\"CPNOT\u00cdCIAS\",\"url\":\"https:\/\/cleitonpinheiro.com.br\/site\/\",\"logo\":{\"@type\":\"ImageObject\",\"inLanguage\":\"pt-BR\",\"@id\":\"https:\/\/cleitonpinheiro.com.br\/site\/#\/schema\/logo\/image\/\",\"url\":\"https:\/\/cleitonpinheiro.com.br\/site\/wp-content\/uploads\/2022\/08\/Logo-pequena-2.png\",\"contentUrl\":\"https:\/\/cleitonpinheiro.com.br\/site\/wp-content\/uploads\/2022\/08\/Logo-pequena-2.png\",\"width\":500,\"height\":500,\"caption\":\"CPNOT\u00cdCIAS\"},\"image\":{\"@id\":\"https:\/\/cleitonpinheiro.com.br\/site\/#\/schema\/logo\/image\/\"},\"sameAs\":[\"https:\/\/www.facebook.com\/portalcpnoticias\/\"]},{\"@type\":\"Person\",\"@id\":\"https:\/\/cleitonpinheiro.com.br\/site\/#\/schema\/person\/8f04544e0bc40a1b68775b08360f87db\",\"name\":\"Reda\u00e7\u00e3o CP\",\"image\":{\"@type\":\"ImageObject\",\"inLanguage\":\"pt-BR\",\"@id\":\"https:\/\/cleitonpinheiro.com.br\/site\/#\/schema\/person\/image\/\",\"url\":\"https:\/\/secure.gravatar.com\/avatar\/0bcf19cb29fdc8fc588c490c7ae1b3e174dac268586a63fbe1d1893a0f9020cd?s=96&r=g\",\"contentUrl\":\"https:\/\/secure.gravatar.com\/avatar\/0bcf19cb29fdc8fc588c490c7ae1b3e174dac268586a63fbe1d1893a0f9020cd?s=96&r=g\",\"caption\":\"Reda\u00e7\u00e3o CP\"},\"url\":\"https:\/\/cleitonpinheiro.com.br\/site\/author\/redacao\/\"}]}<\/script>\n<!-- \/ Yoast SEO plugin. -->","yoast_head_json":{"title":"MEC lan\u00e7a curso de 180 horas para professores do ensino m\u00e9dio p\u00fablico - PORTAL DE NOT\u00cdCIAS CLEITON PINHEIRO","robots":{"index":"index","follow":"follow","max-snippet":"max-snippet:-1","max-image-preview":"max-image-preview:large","max-video-preview":"max-video-preview:-1"},"canonical":"https:\/\/cleitonpinheiro.com.br\/site\/mec-lanca-curso-de-180-horas-para-professores-do-ensino-medio-publico\/","og_locale":"pt_BR","og_type":"article","og_title":"MEC lan\u00e7a curso de 180 horas para professores do ensino m\u00e9dio p\u00fablico - PORTAL DE NOT\u00cdCIAS CLEITON PINHEIRO","og_description":"O Minist\u00e9rio da Educa\u00e7\u00e3o (MEC) lan\u00e7ou, nesta quinta-feira (21), o curso&nbsp;Mais Ensino M\u00e9dio&nbsp;para forma\u00e7\u00e3o de professores desta etapa do ensino b\u00e1sico. O\u00a0curso virtual\u00a0tem dura\u00e7\u00e3o de 180 horas e j\u00e1 est\u00e1 dispon\u00edvel na\u00a0plataforma de aprendizagem Avamec.\u00a0Para acess\u00e1-la, o interessado deve digitar o login pelo\u00a0portal Gov.br, se cadastrar e informar dados pessoais, v\u00ednculos profissionais e a forma\u00e7\u00e3o [&hellip;]","og_url":"https:\/\/cleitonpinheiro.com.br\/site\/mec-lanca-curso-de-180-horas-para-professores-do-ensino-medio-publico\/","og_site_name":"PORTAL DE NOT\u00cdCIAS CLEITON PINHEIRO","article_publisher":"https:\/\/www.facebook.com\/portalcpnoticias\/","article_published_time":"2025-08-26T14:29:43+00:00","article_modified_time":"2025-08-26T14:29:47+00:00","og_image":[{"width":1170,"height":700,"url":"https:\/\/cleitonpinheiro.com.br\/site\/wp-content\/uploads\/2023\/11\/fachada-ministerio_mcamgo_abr_100420231818-32.jpg","type":"image\/jpeg"}],"author":"Reda\u00e7\u00e3o CP","twitter_card":"summary_large_image","twitter_misc":{"Escrito por":"Reda\u00e7\u00e3o CP","Est. tempo de leitura":"4 minutos"},"schema":{"@context":"https:\/\/schema.org","@graph":[{"@type":"Article","@id":"https:\/\/cleitonpinheiro.com.br\/site\/mec-lanca-curso-de-180-horas-para-professores-do-ensino-medio-publico\/#article","isPartOf":{"@id":"https:\/\/cleitonpinheiro.com.br\/site\/mec-lanca-curso-de-180-horas-para-professores-do-ensino-medio-publico\/"},"author":{"name":"Reda\u00e7\u00e3o CP","@id":"https:\/\/cleitonpinheiro.com.br\/site\/#\/schema\/person\/8f04544e0bc40a1b68775b08360f87db"},"headline":"MEC lan\u00e7a curso de 180 horas para professores do ensino m\u00e9dio p\u00fablico","datePublished":"2025-08-26T14:29:43+00:00","dateModified":"2025-08-26T14:29:47+00:00","mainEntityOfPage":{"@id":"https:\/\/cleitonpinheiro.com.br\/site\/mec-lanca-curso-de-180-horas-para-professores-do-ensino-medio-publico\/"},"wordCount":722,"commentCount":0,"publisher":{"@id":"https:\/\/cleitonpinheiro.com.br\/site\/#organization"},"image":{"@id":"https:\/\/cleitonpinheiro.com.br\/site\/mec-lanca-curso-de-180-horas-para-professores-do-ensino-medio-publico\/#primaryimage"},"thumbnailUrl":"https:\/\/cleitonpinheiro.com.br\/site\/wp-content\/uploads\/2023\/11\/fachada-ministerio_mcamgo_abr_100420231818-32.jpg","articleSection":["BRASIL \/ MUNDO","MANCHETE SEGUND\u00c1RIA","TODAS NOTICIAS"],"inLanguage":"pt-BR","potentialAction":[{"@type":"CommentAction","name":"Comment","target":["https:\/\/cleitonpinheiro.com.br\/site\/mec-lanca-curso-de-180-horas-para-professores-do-ensino-medio-publico\/#respond"]}]},{"@type":"WebPage","@id":"https:\/\/cleitonpinheiro.com.br\/site\/mec-lanca-curso-de-180-horas-para-professores-do-ensino-medio-publico\/","url":"https:\/\/cleitonpinheiro.com.br\/site\/mec-lanca-curso-de-180-horas-para-professores-do-ensino-medio-publico\/","name":"MEC lan\u00e7a curso de 180 horas para professores do ensino m\u00e9dio p\u00fablico - PORTAL DE NOT\u00cdCIAS CLEITON PINHEIRO","isPartOf":{"@id":"https:\/\/cleitonpinheiro.com.br\/site\/#website"},"primaryImageOfPage":{"@id":"https:\/\/cleitonpinheiro.com.br\/site\/mec-lanca-curso-de-180-horas-para-professores-do-ensino-medio-publico\/#primaryimage"},"image":{"@id":"https:\/\/cleitonpinheiro.com.br\/site\/mec-lanca-curso-de-180-horas-para-professores-do-ensino-medio-publico\/#primaryimage"},"thumbnailUrl":"https:\/\/cleitonpinheiro.com.br\/site\/wp-content\/uploads\/2023\/11\/fachada-ministerio_mcamgo_abr_100420231818-32.jpg","datePublished":"2025-08-26T14:29:43+00:00","dateModified":"2025-08-26T14:29:47+00:00","breadcrumb":{"@id":"https:\/\/cleitonpinheiro.com.br\/site\/mec-lanca-curso-de-180-horas-para-professores-do-ensino-medio-publico\/#breadcrumb"},"inLanguage":"pt-BR","potentialAction":[{"@type":"ReadAction","target":["https:\/\/cleitonpinheiro.com.br\/site\/mec-lanca-curso-de-180-horas-para-professores-do-ensino-medio-publico\/"]}]},{"@type":"ImageObject","inLanguage":"pt-BR","@id":"https:\/\/cleitonpinheiro.com.br\/site\/mec-lanca-curso-de-180-horas-para-professores-do-ensino-medio-publico\/#primaryimage","url":"https:\/\/cleitonpinheiro.com.br\/site\/wp-content\/uploads\/2023\/11\/fachada-ministerio_mcamgo_abr_100420231818-32.jpg","contentUrl":"https:\/\/cleitonpinheiro.com.br\/site\/wp-content\/uploads\/2023\/11\/fachada-ministerio_mcamgo_abr_100420231818-32.jpg","width":1170,"height":700,"caption":"MEC oferece R$ 9,4 bi atrav\u00e9s do Fundo Nacional de Desenvolvimento - Foto: Marcelo Camargo\/Ag\u00eancia Brasil"},{"@type":"BreadcrumbList","@id":"https:\/\/cleitonpinheiro.com.br\/site\/mec-lanca-curso-de-180-horas-para-professores-do-ensino-medio-publico\/#breadcrumb","itemListElement":[{"@type":"ListItem","position":1,"name":"In\u00edcio","item":"https:\/\/cleitonpinheiro.com.br\/site\/"},{"@type":"ListItem","position":2,"name":"MEC lan\u00e7a curso de 180 horas para professores do ensino m\u00e9dio p\u00fablico"}]},{"@type":"WebSite","@id":"https:\/\/cleitonpinheiro.com.br\/site\/#website","url":"https:\/\/cleitonpinheiro.com.br\/site\/","name":"PORTAL DE NOT\u00cdCIAS CLEITON PINHEIRO","description":"FALANDO A VERDADE","publisher":{"@id":"https:\/\/cleitonpinheiro.com.br\/site\/#organization"},"potentialAction":[{"@type":"SearchAction","target":{"@type":"EntryPoint","urlTemplate":"https:\/\/cleitonpinheiro.com.br\/site\/?s={search_term_string}"},"query-input":{"@type":"PropertyValueSpecification","valueRequired":true,"valueName":"search_term_string"}}],"inLanguage":"pt-BR"},{"@type":"Organization","@id":"https:\/\/cleitonpinheiro.com.br\/site\/#organization","name":"CPNOT\u00cdCIAS","url":"https:\/\/cleitonpinheiro.com.br\/site\/","logo":{"@type":"ImageObject","inLanguage":"pt-BR","@id":"https:\/\/cleitonpinheiro.com.br\/site\/#\/schema\/logo\/image\/","url":"https:\/\/cleitonpinheiro.com.br\/site\/wp-content\/uploads\/2022\/08\/Logo-pequena-2.png","contentUrl":"https:\/\/cleitonpinheiro.com.br\/site\/wp-content\/uploads\/2022\/08\/Logo-pequena-2.png","width":500,"height":500,"caption":"CPNOT\u00cdCIAS"},"image":{"@id":"https:\/\/cleitonpinheiro.com.br\/site\/#\/schema\/logo\/image\/"},"sameAs":["https:\/\/www.facebook.com\/portalcpnoticias\/"]},{"@type":"Person","@id":"https:\/\/cleitonpinheiro.com.br\/site\/#\/schema\/person\/8f04544e0bc40a1b68775b08360f87db","name":"Reda\u00e7\u00e3o CP","image":{"@type":"ImageObject","inLanguage":"pt-BR","@id":"https:\/\/cleitonpinheiro.com.br\/site\/#\/schema\/person\/image\/","url":"https:\/\/secure.gravatar.com\/avatar\/0bcf19cb29fdc8fc588c490c7ae1b3e174dac268586a63fbe1d1893a0f9020cd?s=96&r=g","contentUrl":"https:\/\/secure.gravatar.com\/avatar\/0bcf19cb29fdc8fc588c490c7ae1b3e174dac268586a63fbe1d1893a0f9020cd?s=96&r=g","caption":"Reda\u00e7\u00e3o CP"},"url":"https:\/\/cleitonpinheiro.com.br\/site\/author\/redacao\/"}]}},"views":121,"_links":{"self":[{"href":"https:\/\/cleitonpinheiro.com.br\/site\/wp-json\/wp\/v2\/posts\/86659","targetHints":{"allow":["GET"]}}],"collection":[{"href":"https:\/\/cleitonpinheiro.com.br\/site\/wp-json\/wp\/v2\/posts"}],"about":[{"href":"https:\/\/cleitonpinheiro.com.br\/site\/wp-json\/wp\/v2\/types\/post"}],"author":[{"embeddable":true,"href":"https:\/\/cleitonpinheiro.com.br\/site\/wp-json\/wp\/v2\/users\/13"}],"replies":[{"embeddable":true,"href":"https:\/\/cleitonpinheiro.com.br\/site\/wp-json\/wp\/v2\/comments?post=86659"}],"version-history":[{"count":1,"href":"https:\/\/cleitonpinheiro.com.br\/site\/wp-json\/wp\/v2\/posts\/86659\/revisions"}],"predecessor-version":[{"id":86660,"href":"https:\/\/cleitonpinheiro.com.br\/site\/wp-json\/wp\/v2\/posts\/86659\/revisions\/86660"}],"wp:featuredmedia":[{"embeddable":true,"href":"https:\/\/cleitonpinheiro.com.br\/site\/wp-json\/wp\/v2\/media\/75077"}],"wp:attachment":[{"href":"https:\/\/cleitonpinheiro.com.br\/site\/wp-json\/wp\/v2\/media?parent=86659"}],"wp:term":[{"taxonomy":"category","embeddable":true,"href":"https:\/\/cleitonpinheiro.com.br\/site\/wp-json\/wp\/v2\/categories?post=86659"},{"taxonomy":"post_tag","embeddable":true,"href":"https:\/\/cleitonpinheiro.com.br\/site\/wp-json\/wp\/v2\/tags?post=86659"}],"curies":[{"name":"wp","href":"https:\/\/api.w.org\/{rel}","templated":true}]}}