{"id":86661,"date":"2025-08-23T11:04:38","date_gmt":"2025-08-23T14:04:38","guid":{"rendered":"https:\/\/cleitonpinheiro.com.br\/site\/?p=86661"},"modified":"2025-08-25T11:07:26","modified_gmt":"2025-08-25T14:07:26","slug":"com-47-paises-confirmados-cop-anuncia-forca-tarefa-para-acomodacoes","status":"publish","type":"post","link":"https:\/\/cleitonpinheiro.com.br\/site\/com-47-paises-confirmados-cop-anuncia-forca-tarefa-para-acomodacoes\/","title":{"rendered":"Com 47 pa\u00edses confirmados, COP anuncia for\u00e7a-tarefa para acomoda\u00e7\u00f5es"},"content":{"rendered":"\n<figure class=\"wp-block-image size-large\"><img fetchpriority=\"high\" decoding=\"async\" width=\"1024\" height=\"613\" src=\"https:\/\/cleitonpinheiro.com.br\/site\/wp-content\/uploads\/2025\/08\/whatsapp_image_2025-04-24_at_20.55.31-1024x613.webp\" alt=\"\" class=\"wp-image-86662\" srcset=\"https:\/\/cleitonpinheiro.com.br\/site\/wp-content\/uploads\/2025\/08\/whatsapp_image_2025-04-24_at_20.55.31-1024x613.webp 1024w, https:\/\/cleitonpinheiro.com.br\/site\/wp-content\/uploads\/2025\/08\/whatsapp_image_2025-04-24_at_20.55.31-300x179.webp 300w, https:\/\/cleitonpinheiro.com.br\/site\/wp-content\/uploads\/2025\/08\/whatsapp_image_2025-04-24_at_20.55.31-768x459.webp 768w, https:\/\/cleitonpinheiro.com.br\/site\/wp-content\/uploads\/2025\/08\/whatsapp_image_2025-04-24_at_20.55.31.webp 1170w\" sizes=\"(max-width: 1024px) 100vw, 1024px\" \/><figcaption class=\"wp-element-caption\">\u00a9 Fabiola Sinimb\u00fa\/Ag\u00eancia Brasil\n<\/figcaption><\/figure>\n\n\n\n<p>Uma for\u00e7a-tarefa para tentar solucionar a crise gerada pelos altos pre\u00e7os na oferta de hospedagens para novembro, em Bel\u00e9m (PA), foi anunciada pela secretaria extraordin\u00e1ria e presid\u00eancia da Confer\u00eancia das Na\u00e7\u00f5es Unidas sobre Mudan\u00e7as Clim\u00e1ticas (COP30), nesta sexta-feira (22).<img decoding=\"async\" src=\"https:\/\/agenciabrasil.ebc.com.br\/ebc.png?id=1655511&amp;o=node\"><img decoding=\"async\" src=\"https:\/\/agenciabrasil.ebc.com.br\/ebc.gif?id=1655511&amp;o=node\"><\/p>\n\n\n\n<blockquote class=\"wp-block-quote is-layout-flow wp-block-quote-is-layout-flow\">\n<p>\u201cN\u00f3s estamos atentos e conscientes das preocupa\u00e7\u00f5es dos pa\u00edses, n\u00f3s precisamos naturalmente que todos os pa\u00edses consigam vir para a COP, consigam resolver seus problemas de acomoda\u00e7\u00e3o, ent\u00e3o n\u00f3s anunciamos uma for\u00e7a-tarefa\u201d, declarou o presidente da COP30, embaixador Andr\u00e9 Correa do Lago.<\/p>\n<\/blockquote>\n\n\n\n<p>O trabalho ser\u00e1 inicialmente concentrado na oferta aos 72 pa\u00edses integrantes dos grupos dos Pequenos Estados Insulares em Desenvolvimento (SIDS, na sigla em ingl\u00eas) e Pa\u00edses Menos Desenvolvidos (LDCs, na sigla em ingl\u00eas), para posteriormente ser estendido \u00e0s demais delega\u00e7\u00f5es.<\/p>\n\n\n\n<p>De acordo com Valter Correia, secret\u00e1rio extraordin\u00e1rio da COP30,\u00a0at\u00e9 o momento, 47 delega\u00e7\u00f5es confirmaram a participa\u00e7\u00e3o com o pagamento das reservas de hospedagem, sendo 39 por meio da plataforma oficial e oito (Arabia Saudita, Egito, Espanha, Jap\u00e3o, Noruega, Portugal, Rep\u00fablica Democr\u00e1tica do Congo e Singapura) negociadas diretamente com a rede hoteleira ou outras plataformas.<\/p>\n\n\n\n<p>As informa\u00e7\u00f5es foram divulgadas ap\u00f3s uma reuni\u00e3o com o Bureau da Conven\u00e7\u00e3o-Quadro das Na\u00e7\u00f5es Unidas sobre Mudan\u00e7a do Clima (UNFCCC), na qual alguns pa\u00edses apresentaram questionamentos sobre a organiza\u00e7\u00e3o para a confer\u00eancia global.<\/p>\n\n\n\n<p><strong><a href=\"https:\/\/agenciabrasil.ebc.com.br\/meio-ambiente\/noticia\/2025-08\/buscas-de-brasileiros-sobre-cop30-na-internet-crescem-440-em-agosto\" target=\"_blank\" rel=\"noreferrer noopener\">&gt;&gt; Buscas de brasileiros sobre COP30 na internet crescem 440% em agosto<\/a><\/strong><\/p>\n\n\n\n<h2 class=\"wp-block-heading\">Subs\u00eddio<\/h2>\n\n\n\n<p>Um dos pontos apresentados pelos pa\u00edses foi a solicita\u00e7\u00e3o de pagamento de um subs\u00eddio brasileiro para hospedagem das delega\u00e7\u00f5es, mas a secret\u00e1ria-executiva da Casa Civil da Presid\u00eancia da Rep\u00fablica, Miriam Belchior, descartou essa possibilidade.<\/p>\n\n\n\n<blockquote class=\"wp-block-quote is-layout-flow wp-block-quote-is-layout-flow\">\n<p>\u201cN\u00e3o h\u00e1 como subsidiar delega\u00e7\u00f5es de pa\u00edses, inclusive delega\u00e7\u00f5es de pa\u00edses mais ricos que o Brasil\u201d.<\/p>\n<\/blockquote>\n\n\n\n<figure class=\"wp-block-image\"><img decoding=\"async\" src=\"https:\/\/imagens.ebc.com.br\/XaImsethWslQaoOfT9-RYPXO0Qc=\/463x0\/smart\/https:\/\/agenciabrasil.ebc.com.br\/sites\/default\/files\/thumbnails\/image\/2024\/05\/29\/lula-anuncio-rs2_mcamgo_abr_29052024-7.jpg?itok=siBY5o0k\" alt=\"Bras\u00edlia (DF), 29\/05\/2024 - A secret\u00e1ria executiva da Casa Civil, Miriam Belchior, durante an\u00fancio de novas medidas de apoio \u00e0 popula\u00e7\u00e3o e \u00e0 reconstru\u00e7\u00e3o do Rio Grande do Sul. Foto: Marcelo Camargo\/Ag\u00eancia Brasil\" title=\"Marcelo Camargo\/Ag\u00eancia Brasil\"\/><\/figure>\n\n\n\n<h6 class=\"wp-block-heading\">A secret\u00e1ria executiva da Casa Civil, Miriam Belchior, descarta subs\u00eddio.&nbsp;<strong>Foto: Marcelo Camargo\/Arquivo Ag\u00eancia Brasil<\/strong><\/h6>\n\n\n\n<p>A secret\u00e1ria refor\u00e7ou que todos os demais planos operacionais de seguran\u00e7a, sa\u00fade e transporte est\u00e3o alinhados ao andamento esperado pela Organiza\u00e7\u00e3o das Na\u00e7\u00f5es Unidas (ONU) e a expectativa \u00e9 que a parte de acomoda\u00e7\u00e3o seja resolvida por meio desse esfor\u00e7o que atuar\u00e1 com cada um dos 190 pa\u00edses que demonstraram interesse em participar.<\/p>\n\n\n\n<p>\u201cN\u00f3s acreditamos que boa parte dos pa\u00edses estava esperando essa reuni\u00e3o para seguir para o passo seguinte das reservas, ent\u00e3o a gente acredita que com esses encontros bilaterais que faremos a gente vai conseguir destravar esse primeiro lote de reservas e a confirma\u00e7\u00e3o dos pa\u00edses\u201d.<\/p>\n\n\n\n<p>Segundo os organizadores, alguns ajustes ser\u00e3o promovidos imediatamente para assentar as demandas \u00e0 oferta da plataforma da COP30, como o desmembramento de blocos de acomoda\u00e7\u00e3o que cubram per\u00edodos menores de di\u00e1rias.<br><br><a href=\"https:\/\/www.whatsapp.com\/channel\/0029VaoRTgrInlqYLSk59B2M\" target=\"_blank\" rel=\"noreferrer noopener\">&gt;&gt; Siga o canal da&nbsp;<strong>Ag\u00eancia Brasil<\/strong>&nbsp;no WhatsApp<\/a><\/p>\n\n\n\n<h2 class=\"wp-block-heading\">Navios<\/h2>\n\n\n\n<p>Miriam Belchior esclareceu ainda que o governo fez a contrata\u00e7\u00e3o de&nbsp;transatl\u00e2nticos para o per\u00edodo oficial da COP30, mas caso haja extens\u00e3o do per\u00edodo de negocia\u00e7\u00f5es, as delega\u00e7\u00f5es em navios ser\u00e3o remanejadas para a rede hoteleira&nbsp;dispon\u00edvel.<\/p>\n\n\n\n<p>\u201cEntendemos que os cinco primeiros dias da COP ser\u00e3o o pico de acomoda\u00e7\u00f5es, depois, a tend\u00eancia \u00e9 diminuir\u201d, diz.<\/p>\n","protected":false},"excerpt":{"rendered":"<p>Uma for\u00e7a-tarefa para tentar solucionar a crise gerada pelos altos pre\u00e7os na oferta de hospedagens para novembro, em Bel\u00e9m (PA), foi anunciada pela secretaria extraordin\u00e1ria e presid\u00eancia da Confer\u00eancia das Na\u00e7\u00f5es Unidas sobre Mudan\u00e7as Clim\u00e1ticas (COP30), nesta sexta-feira (22). \u201cN\u00f3s estamos atentos e conscientes das preocupa\u00e7\u00f5es dos pa\u00edses, n\u00f3s precisamos naturalmente que todos os pa\u00edses [&hellip;]<\/p>\n","protected":false},"author":13,"featured_media":86662,"comment_status":"open","ping_status":"open","sticky":false,"template":"","format":"standard","meta":{"_acf_changed":false,"footnotes":""},"categories":[19,898,21],"tags":[],"class_list":["post-86661","post","type-post","status-publish","format-standard","has-post-thumbnail","hentry","category-brasil-mundo","category-manchete-segundaria","category-todas-noticias"],"acf":[],"yoast_head":"<!-- This site is optimized with the Yoast SEO plugin v24.4 - https:\/\/yoast.com\/wordpress\/plugins\/seo\/ -->\n<title>Com 47 pa\u00edses confirmados, COP anuncia for\u00e7a-tarefa para acomoda\u00e7\u00f5es - PORTAL DE NOT\u00cdCIAS CLEITON PINHEIRO<\/title>\n<meta name=\"robots\" content=\"index, follow, max-snippet:-1, max-image-preview:large, max-video-preview:-1\" \/>\n<link rel=\"canonical\" href=\"https:\/\/cleitonpinheiro.com.br\/site\/com-47-paises-confirmados-cop-anuncia-forca-tarefa-para-acomodacoes\/\" \/>\n<meta property=\"og:locale\" content=\"pt_BR\" \/>\n<meta property=\"og:type\" content=\"article\" \/>\n<meta property=\"og:title\" content=\"Com 47 pa\u00edses confirmados, COP anuncia for\u00e7a-tarefa para acomoda\u00e7\u00f5es - PORTAL DE NOT\u00cdCIAS CLEITON PINHEIRO\" \/>\n<meta property=\"og:description\" content=\"Uma for\u00e7a-tarefa para tentar solucionar a crise gerada pelos altos pre\u00e7os na oferta de hospedagens para novembro, em Bel\u00e9m (PA), foi anunciada pela secretaria extraordin\u00e1ria e presid\u00eancia da Confer\u00eancia das Na\u00e7\u00f5es Unidas sobre Mudan\u00e7as Clim\u00e1ticas (COP30), nesta sexta-feira (22). \u201cN\u00f3s estamos atentos e conscientes das preocupa\u00e7\u00f5es dos pa\u00edses, n\u00f3s precisamos naturalmente que todos os pa\u00edses [&hellip;]\" \/>\n<meta property=\"og:url\" content=\"https:\/\/cleitonpinheiro.com.br\/site\/com-47-paises-confirmados-cop-anuncia-forca-tarefa-para-acomodacoes\/\" \/>\n<meta property=\"og:site_name\" content=\"PORTAL DE NOT\u00cdCIAS CLEITON PINHEIRO\" \/>\n<meta property=\"article:publisher\" content=\"https:\/\/www.facebook.com\/portalcpnoticias\/\" \/>\n<meta property=\"article:published_time\" content=\"2025-08-23T14:04:38+00:00\" \/>\n<meta property=\"article:modified_time\" content=\"2025-08-25T14:07:26+00:00\" \/>\n<meta property=\"og:image\" content=\"https:\/\/cleitonpinheiro.com.br\/site\/wp-content\/uploads\/2025\/08\/whatsapp_image_2025-04-24_at_20.55.31.webp\" \/>\n\t<meta property=\"og:image:width\" content=\"1170\" \/>\n\t<meta property=\"og:image:height\" content=\"700\" \/>\n\t<meta property=\"og:image:type\" content=\"image\/webp\" \/>\n<meta name=\"author\" content=\"Reda\u00e7\u00e3o CP\" \/>\n<meta name=\"twitter:card\" content=\"summary_large_image\" \/>\n<meta name=\"twitter:label1\" content=\"Escrito por\" \/>\n\t<meta name=\"twitter:data1\" content=\"Reda\u00e7\u00e3o CP\" \/>\n\t<meta name=\"twitter:label2\" content=\"Est. tempo de leitura\" \/>\n\t<meta name=\"twitter:data2\" content=\"4 minutos\" \/>\n<script type=\"application\/ld+json\" class=\"yoast-schema-graph\">{\"@context\":\"https:\/\/schema.org\",\"@graph\":[{\"@type\":\"Article\",\"@id\":\"https:\/\/cleitonpinheiro.com.br\/site\/com-47-paises-confirmados-cop-anuncia-forca-tarefa-para-acomodacoes\/#article\",\"isPartOf\":{\"@id\":\"https:\/\/cleitonpinheiro.com.br\/site\/com-47-paises-confirmados-cop-anuncia-forca-tarefa-para-acomodacoes\/\"},\"author\":{\"name\":\"Reda\u00e7\u00e3o CP\",\"@id\":\"https:\/\/cleitonpinheiro.com.br\/site\/#\/schema\/person\/8f04544e0bc40a1b68775b08360f87db\"},\"headline\":\"Com 47 pa\u00edses confirmados, COP anuncia for\u00e7a-tarefa para acomoda\u00e7\u00f5es\",\"datePublished\":\"2025-08-23T14:04:38+00:00\",\"dateModified\":\"2025-08-25T14:07:26+00:00\",\"mainEntityOfPage\":{\"@id\":\"https:\/\/cleitonpinheiro.com.br\/site\/com-47-paises-confirmados-cop-anuncia-forca-tarefa-para-acomodacoes\/\"},\"wordCount\":585,\"commentCount\":0,\"publisher\":{\"@id\":\"https:\/\/cleitonpinheiro.com.br\/site\/#organization\"},\"image\":{\"@id\":\"https:\/\/cleitonpinheiro.com.br\/site\/com-47-paises-confirmados-cop-anuncia-forca-tarefa-para-acomodacoes\/#primaryimage\"},\"thumbnailUrl\":\"https:\/\/cleitonpinheiro.com.br\/site\/wp-content\/uploads\/2025\/08\/whatsapp_image_2025-04-24_at_20.55.31.webp\",\"articleSection\":[\"BRASIL \/ MUNDO\",\"MANCHETE SEGUND\u00c1RIA\",\"TODAS NOTICIAS\"],\"inLanguage\":\"pt-BR\",\"potentialAction\":[{\"@type\":\"CommentAction\",\"name\":\"Comment\",\"target\":[\"https:\/\/cleitonpinheiro.com.br\/site\/com-47-paises-confirmados-cop-anuncia-forca-tarefa-para-acomodacoes\/#respond\"]}]},{\"@type\":\"WebPage\",\"@id\":\"https:\/\/cleitonpinheiro.com.br\/site\/com-47-paises-confirmados-cop-anuncia-forca-tarefa-para-acomodacoes\/\",\"url\":\"https:\/\/cleitonpinheiro.com.br\/site\/com-47-paises-confirmados-cop-anuncia-forca-tarefa-para-acomodacoes\/\",\"name\":\"Com 47 pa\u00edses confirmados, COP anuncia for\u00e7a-tarefa para acomoda\u00e7\u00f5es - PORTAL DE NOT\u00cdCIAS CLEITON PINHEIRO\",\"isPartOf\":{\"@id\":\"https:\/\/cleitonpinheiro.com.br\/site\/#website\"},\"primaryImageOfPage\":{\"@id\":\"https:\/\/cleitonpinheiro.com.br\/site\/com-47-paises-confirmados-cop-anuncia-forca-tarefa-para-acomodacoes\/#primaryimage\"},\"image\":{\"@id\":\"https:\/\/cleitonpinheiro.com.br\/site\/com-47-paises-confirmados-cop-anuncia-forca-tarefa-para-acomodacoes\/#primaryimage\"},\"thumbnailUrl\":\"https:\/\/cleitonpinheiro.com.br\/site\/wp-content\/uploads\/2025\/08\/whatsapp_image_2025-04-24_at_20.55.31.webp\",\"datePublished\":\"2025-08-23T14:04:38+00:00\",\"dateModified\":\"2025-08-25T14:07:26+00:00\",\"breadcrumb\":{\"@id\":\"https:\/\/cleitonpinheiro.com.br\/site\/com-47-paises-confirmados-cop-anuncia-forca-tarefa-para-acomodacoes\/#breadcrumb\"},\"inLanguage\":\"pt-BR\",\"potentialAction\":[{\"@type\":\"ReadAction\",\"target\":[\"https:\/\/cleitonpinheiro.com.br\/site\/com-47-paises-confirmados-cop-anuncia-forca-tarefa-para-acomodacoes\/\"]}]},{\"@type\":\"ImageObject\",\"inLanguage\":\"pt-BR\",\"@id\":\"https:\/\/cleitonpinheiro.com.br\/site\/com-47-paises-confirmados-cop-anuncia-forca-tarefa-para-acomodacoes\/#primaryimage\",\"url\":\"https:\/\/cleitonpinheiro.com.br\/site\/wp-content\/uploads\/2025\/08\/whatsapp_image_2025-04-24_at_20.55.31.webp\",\"contentUrl\":\"https:\/\/cleitonpinheiro.com.br\/site\/wp-content\/uploads\/2025\/08\/whatsapp_image_2025-04-24_at_20.55.31.webp\",\"width\":1170,\"height\":700,\"caption\":\"\u00a9 Fabiola Sinimb\u00fa\/Ag\u00eancia Brasil\"},{\"@type\":\"BreadcrumbList\",\"@id\":\"https:\/\/cleitonpinheiro.com.br\/site\/com-47-paises-confirmados-cop-anuncia-forca-tarefa-para-acomodacoes\/#breadcrumb\",\"itemListElement\":[{\"@type\":\"ListItem\",\"position\":1,\"name\":\"In\u00edcio\",\"item\":\"https:\/\/cleitonpinheiro.com.br\/site\/\"},{\"@type\":\"ListItem\",\"position\":2,\"name\":\"Com 47 pa\u00edses confirmados, COP anuncia for\u00e7a-tarefa para acomoda\u00e7\u00f5es\"}]},{\"@type\":\"WebSite\",\"@id\":\"https:\/\/cleitonpinheiro.com.br\/site\/#website\",\"url\":\"https:\/\/cleitonpinheiro.com.br\/site\/\",\"name\":\"PORTAL DE NOT\u00cdCIAS CLEITON PINHEIRO\",\"description\":\"FALANDO A VERDADE\",\"publisher\":{\"@id\":\"https:\/\/cleitonpinheiro.com.br\/site\/#organization\"},\"potentialAction\":[{\"@type\":\"SearchAction\",\"target\":{\"@type\":\"EntryPoint\",\"urlTemplate\":\"https:\/\/cleitonpinheiro.com.br\/site\/?s={search_term_string}\"},\"query-input\":{\"@type\":\"PropertyValueSpecification\",\"valueRequired\":true,\"valueName\":\"search_term_string\"}}],\"inLanguage\":\"pt-BR\"},{\"@type\":\"Organization\",\"@id\":\"https:\/\/cleitonpinheiro.com.br\/site\/#organization\",\"name\":\"CPNOT\u00cdCIAS\",\"url\":\"https:\/\/cleitonpinheiro.com.br\/site\/\",\"logo\":{\"@type\":\"ImageObject\",\"inLanguage\":\"pt-BR\",\"@id\":\"https:\/\/cleitonpinheiro.com.br\/site\/#\/schema\/logo\/image\/\",\"url\":\"https:\/\/cleitonpinheiro.com.br\/site\/wp-content\/uploads\/2022\/08\/Logo-pequena-2.png\",\"contentUrl\":\"https:\/\/cleitonpinheiro.com.br\/site\/wp-content\/uploads\/2022\/08\/Logo-pequena-2.png\",\"width\":500,\"height\":500,\"caption\":\"CPNOT\u00cdCIAS\"},\"image\":{\"@id\":\"https:\/\/cleitonpinheiro.com.br\/site\/#\/schema\/logo\/image\/\"},\"sameAs\":[\"https:\/\/www.facebook.com\/portalcpnoticias\/\"]},{\"@type\":\"Person\",\"@id\":\"https:\/\/cleitonpinheiro.com.br\/site\/#\/schema\/person\/8f04544e0bc40a1b68775b08360f87db\",\"name\":\"Reda\u00e7\u00e3o CP\",\"image\":{\"@type\":\"ImageObject\",\"inLanguage\":\"pt-BR\",\"@id\":\"https:\/\/cleitonpinheiro.com.br\/site\/#\/schema\/person\/image\/\",\"url\":\"https:\/\/secure.gravatar.com\/avatar\/0bcf19cb29fdc8fc588c490c7ae1b3e174dac268586a63fbe1d1893a0f9020cd?s=96&r=g\",\"contentUrl\":\"https:\/\/secure.gravatar.com\/avatar\/0bcf19cb29fdc8fc588c490c7ae1b3e174dac268586a63fbe1d1893a0f9020cd?s=96&r=g\",\"caption\":\"Reda\u00e7\u00e3o CP\"},\"url\":\"https:\/\/cleitonpinheiro.com.br\/site\/author\/redacao\/\"}]}<\/script>\n<!-- \/ Yoast SEO plugin. -->","yoast_head_json":{"title":"Com 47 pa\u00edses confirmados, COP anuncia for\u00e7a-tarefa para acomoda\u00e7\u00f5es - PORTAL DE NOT\u00cdCIAS CLEITON PINHEIRO","robots":{"index":"index","follow":"follow","max-snippet":"max-snippet:-1","max-image-preview":"max-image-preview:large","max-video-preview":"max-video-preview:-1"},"canonical":"https:\/\/cleitonpinheiro.com.br\/site\/com-47-paises-confirmados-cop-anuncia-forca-tarefa-para-acomodacoes\/","og_locale":"pt_BR","og_type":"article","og_title":"Com 47 pa\u00edses confirmados, COP anuncia for\u00e7a-tarefa para acomoda\u00e7\u00f5es - PORTAL DE NOT\u00cdCIAS CLEITON PINHEIRO","og_description":"Uma for\u00e7a-tarefa para tentar solucionar a crise gerada pelos altos pre\u00e7os na oferta de hospedagens para novembro, em Bel\u00e9m (PA), foi anunciada pela secretaria extraordin\u00e1ria e presid\u00eancia da Confer\u00eancia das Na\u00e7\u00f5es Unidas sobre Mudan\u00e7as Clim\u00e1ticas (COP30), nesta sexta-feira (22). \u201cN\u00f3s estamos atentos e conscientes das preocupa\u00e7\u00f5es dos pa\u00edses, n\u00f3s precisamos naturalmente que todos os pa\u00edses [&hellip;]","og_url":"https:\/\/cleitonpinheiro.com.br\/site\/com-47-paises-confirmados-cop-anuncia-forca-tarefa-para-acomodacoes\/","og_site_name":"PORTAL DE NOT\u00cdCIAS CLEITON PINHEIRO","article_publisher":"https:\/\/www.facebook.com\/portalcpnoticias\/","article_published_time":"2025-08-23T14:04:38+00:00","article_modified_time":"2025-08-25T14:07:26+00:00","og_image":[{"width":1170,"height":700,"url":"https:\/\/cleitonpinheiro.com.br\/site\/wp-content\/uploads\/2025\/08\/whatsapp_image_2025-04-24_at_20.55.31.webp","type":"image\/webp"}],"author":"Reda\u00e7\u00e3o CP","twitter_card":"summary_large_image","twitter_misc":{"Escrito por":"Reda\u00e7\u00e3o CP","Est. tempo de leitura":"4 minutos"},"schema":{"@context":"https:\/\/schema.org","@graph":[{"@type":"Article","@id":"https:\/\/cleitonpinheiro.com.br\/site\/com-47-paises-confirmados-cop-anuncia-forca-tarefa-para-acomodacoes\/#article","isPartOf":{"@id":"https:\/\/cleitonpinheiro.com.br\/site\/com-47-paises-confirmados-cop-anuncia-forca-tarefa-para-acomodacoes\/"},"author":{"name":"Reda\u00e7\u00e3o CP","@id":"https:\/\/cleitonpinheiro.com.br\/site\/#\/schema\/person\/8f04544e0bc40a1b68775b08360f87db"},"headline":"Com 47 pa\u00edses confirmados, COP anuncia for\u00e7a-tarefa para acomoda\u00e7\u00f5es","datePublished":"2025-08-23T14:04:38+00:00","dateModified":"2025-08-25T14:07:26+00:00","mainEntityOfPage":{"@id":"https:\/\/cleitonpinheiro.com.br\/site\/com-47-paises-confirmados-cop-anuncia-forca-tarefa-para-acomodacoes\/"},"wordCount":585,"commentCount":0,"publisher":{"@id":"https:\/\/cleitonpinheiro.com.br\/site\/#organization"},"image":{"@id":"https:\/\/cleitonpinheiro.com.br\/site\/com-47-paises-confirmados-cop-anuncia-forca-tarefa-para-acomodacoes\/#primaryimage"},"thumbnailUrl":"https:\/\/cleitonpinheiro.com.br\/site\/wp-content\/uploads\/2025\/08\/whatsapp_image_2025-04-24_at_20.55.31.webp","articleSection":["BRASIL \/ MUNDO","MANCHETE SEGUND\u00c1RIA","TODAS NOTICIAS"],"inLanguage":"pt-BR","potentialAction":[{"@type":"CommentAction","name":"Comment","target":["https:\/\/cleitonpinheiro.com.br\/site\/com-47-paises-confirmados-cop-anuncia-forca-tarefa-para-acomodacoes\/#respond"]}]},{"@type":"WebPage","@id":"https:\/\/cleitonpinheiro.com.br\/site\/com-47-paises-confirmados-cop-anuncia-forca-tarefa-para-acomodacoes\/","url":"https:\/\/cleitonpinheiro.com.br\/site\/com-47-paises-confirmados-cop-anuncia-forca-tarefa-para-acomodacoes\/","name":"Com 47 pa\u00edses confirmados, COP anuncia for\u00e7a-tarefa para acomoda\u00e7\u00f5es - PORTAL DE NOT\u00cdCIAS CLEITON PINHEIRO","isPartOf":{"@id":"https:\/\/cleitonpinheiro.com.br\/site\/#website"},"primaryImageOfPage":{"@id":"https:\/\/cleitonpinheiro.com.br\/site\/com-47-paises-confirmados-cop-anuncia-forca-tarefa-para-acomodacoes\/#primaryimage"},"image":{"@id":"https:\/\/cleitonpinheiro.com.br\/site\/com-47-paises-confirmados-cop-anuncia-forca-tarefa-para-acomodacoes\/#primaryimage"},"thumbnailUrl":"https:\/\/cleitonpinheiro.com.br\/site\/wp-content\/uploads\/2025\/08\/whatsapp_image_2025-04-24_at_20.55.31.webp","datePublished":"2025-08-23T14:04:38+00:00","dateModified":"2025-08-25T14:07:26+00:00","breadcrumb":{"@id":"https:\/\/cleitonpinheiro.com.br\/site\/com-47-paises-confirmados-cop-anuncia-forca-tarefa-para-acomodacoes\/#breadcrumb"},"inLanguage":"pt-BR","potentialAction":[{"@type":"ReadAction","target":["https:\/\/cleitonpinheiro.com.br\/site\/com-47-paises-confirmados-cop-anuncia-forca-tarefa-para-acomodacoes\/"]}]},{"@type":"ImageObject","inLanguage":"pt-BR","@id":"https:\/\/cleitonpinheiro.com.br\/site\/com-47-paises-confirmados-cop-anuncia-forca-tarefa-para-acomodacoes\/#primaryimage","url":"https:\/\/cleitonpinheiro.com.br\/site\/wp-content\/uploads\/2025\/08\/whatsapp_image_2025-04-24_at_20.55.31.webp","contentUrl":"https:\/\/cleitonpinheiro.com.br\/site\/wp-content\/uploads\/2025\/08\/whatsapp_image_2025-04-24_at_20.55.31.webp","width":1170,"height":700,"caption":"\u00a9 Fabiola Sinimb\u00fa\/Ag\u00eancia Brasil"},{"@type":"BreadcrumbList","@id":"https:\/\/cleitonpinheiro.com.br\/site\/com-47-paises-confirmados-cop-anuncia-forca-tarefa-para-acomodacoes\/#breadcrumb","itemListElement":[{"@type":"ListItem","position":1,"name":"In\u00edcio","item":"https:\/\/cleitonpinheiro.com.br\/site\/"},{"@type":"ListItem","position":2,"name":"Com 47 pa\u00edses confirmados, COP anuncia for\u00e7a-tarefa para acomoda\u00e7\u00f5es"}]},{"@type":"WebSite","@id":"https:\/\/cleitonpinheiro.com.br\/site\/#website","url":"https:\/\/cleitonpinheiro.com.br\/site\/","name":"PORTAL DE NOT\u00cdCIAS CLEITON PINHEIRO","description":"FALANDO A VERDADE","publisher":{"@id":"https:\/\/cleitonpinheiro.com.br\/site\/#organization"},"potentialAction":[{"@type":"SearchAction","target":{"@type":"EntryPoint","urlTemplate":"https:\/\/cleitonpinheiro.com.br\/site\/?s={search_term_string}"},"query-input":{"@type":"PropertyValueSpecification","valueRequired":true,"valueName":"search_term_string"}}],"inLanguage":"pt-BR"},{"@type":"Organization","@id":"https:\/\/cleitonpinheiro.com.br\/site\/#organization","name":"CPNOT\u00cdCIAS","url":"https:\/\/cleitonpinheiro.com.br\/site\/","logo":{"@type":"ImageObject","inLanguage":"pt-BR","@id":"https:\/\/cleitonpinheiro.com.br\/site\/#\/schema\/logo\/image\/","url":"https:\/\/cleitonpinheiro.com.br\/site\/wp-content\/uploads\/2022\/08\/Logo-pequena-2.png","contentUrl":"https:\/\/cleitonpinheiro.com.br\/site\/wp-content\/uploads\/2022\/08\/Logo-pequena-2.png","width":500,"height":500,"caption":"CPNOT\u00cdCIAS"},"image":{"@id":"https:\/\/cleitonpinheiro.com.br\/site\/#\/schema\/logo\/image\/"},"sameAs":["https:\/\/www.facebook.com\/portalcpnoticias\/"]},{"@type":"Person","@id":"https:\/\/cleitonpinheiro.com.br\/site\/#\/schema\/person\/8f04544e0bc40a1b68775b08360f87db","name":"Reda\u00e7\u00e3o CP","image":{"@type":"ImageObject","inLanguage":"pt-BR","@id":"https:\/\/cleitonpinheiro.com.br\/site\/#\/schema\/person\/image\/","url":"https:\/\/secure.gravatar.com\/avatar\/0bcf19cb29fdc8fc588c490c7ae1b3e174dac268586a63fbe1d1893a0f9020cd?s=96&r=g","contentUrl":"https:\/\/secure.gravatar.com\/avatar\/0bcf19cb29fdc8fc588c490c7ae1b3e174dac268586a63fbe1d1893a0f9020cd?s=96&r=g","caption":"Reda\u00e7\u00e3o CP"},"url":"https:\/\/cleitonpinheiro.com.br\/site\/author\/redacao\/"}]}},"views":80,"_links":{"self":[{"href":"https:\/\/cleitonpinheiro.com.br\/site\/wp-json\/wp\/v2\/posts\/86661","targetHints":{"allow":["GET"]}}],"collection":[{"href":"https:\/\/cleitonpinheiro.com.br\/site\/wp-json\/wp\/v2\/posts"}],"about":[{"href":"https:\/\/cleitonpinheiro.com.br\/site\/wp-json\/wp\/v2\/types\/post"}],"author":[{"embeddable":true,"href":"https:\/\/cleitonpinheiro.com.br\/site\/wp-json\/wp\/v2\/users\/13"}],"replies":[{"embeddable":true,"href":"https:\/\/cleitonpinheiro.com.br\/site\/wp-json\/wp\/v2\/comments?post=86661"}],"version-history":[{"count":1,"href":"https:\/\/cleitonpinheiro.com.br\/site\/wp-json\/wp\/v2\/posts\/86661\/revisions"}],"predecessor-version":[{"id":86663,"href":"https:\/\/cleitonpinheiro.com.br\/site\/wp-json\/wp\/v2\/posts\/86661\/revisions\/86663"}],"wp:featuredmedia":[{"embeddable":true,"href":"https:\/\/cleitonpinheiro.com.br\/site\/wp-json\/wp\/v2\/media\/86662"}],"wp:attachment":[{"href":"https:\/\/cleitonpinheiro.com.br\/site\/wp-json\/wp\/v2\/media?parent=86661"}],"wp:term":[{"taxonomy":"category","embeddable":true,"href":"https:\/\/cleitonpinheiro.com.br\/site\/wp-json\/wp\/v2\/categories?post=86661"},{"taxonomy":"post_tag","embeddable":true,"href":"https:\/\/cleitonpinheiro.com.br\/site\/wp-json\/wp\/v2\/tags?post=86661"}],"curies":[{"name":"wp","href":"https:\/\/api.w.org\/{rel}","templated":true}]}}