{"id":86667,"date":"2025-08-23T11:12:17","date_gmt":"2025-08-23T14:12:17","guid":{"rendered":"https:\/\/cleitonpinheiro.com.br\/site\/?p=86667"},"modified":"2025-08-25T11:18:49","modified_gmt":"2025-08-25T14:18:49","slug":"por-9-votos-a-2-zambelli-e-condenada-pela-segunda-vez-no-stf","status":"publish","type":"post","link":"https:\/\/cleitonpinheiro.com.br\/site\/por-9-votos-a-2-zambelli-e-condenada-pela-segunda-vez-no-stf\/","title":{"rendered":"Por 9 votos a 2, Zambelli \u00e9 condenada pela segunda vez no STF\u00a0"},"content":{"rendered":"\n<figure class=\"wp-block-image size-large\"><img fetchpriority=\"high\" decoding=\"async\" width=\"1024\" height=\"613\" src=\"https:\/\/cleitonpinheiro.com.br\/site\/wp-content\/uploads\/2025\/08\/lula0996-3-1024x613.webp\" alt=\"zambelli\" class=\"wp-image-86621\" srcset=\"https:\/\/cleitonpinheiro.com.br\/site\/wp-content\/uploads\/2025\/08\/lula0996-3-1024x613.webp 1024w, https:\/\/cleitonpinheiro.com.br\/site\/wp-content\/uploads\/2025\/08\/lula0996-3-300x179.webp 300w, https:\/\/cleitonpinheiro.com.br\/site\/wp-content\/uploads\/2025\/08\/lula0996-3-768x459.webp 768w, https:\/\/cleitonpinheiro.com.br\/site\/wp-content\/uploads\/2025\/08\/lula0996-3.webp 1170w\" sizes=\"(max-width: 1024px) 100vw, 1024px\" \/><figcaption class=\"wp-element-caption\">\u00a9 Lula Marques\/ Ag\u00eancia Brasil\n<\/figcaption><\/figure>\n\n\n\n<p>Por 9 votos a 2, o Supremo Tribunal Federal (STF) decidiu nesta sexta-feira (22) condenar a deputada federal licenciada Carla Zambelli (PL-SP) a cinco anos e tr\u00eas meses de pris\u00e3o pelos crimes de porte ilegal de arma de fogo e constrangimento ilegal com emprego de arma de fogo.<img decoding=\"async\" src=\"https:\/\/agenciabrasil.ebc.com.br\/ebc.png?id=1655573&amp;o=node\"><img decoding=\"async\" src=\"https:\/\/agenciabrasil.ebc.com.br\/ebc.gif?id=1655573&amp;o=node\"><\/p>\n\n\n\n<p>A Corte finalizou o julgamento virtual da a\u00e7\u00e3o penal na qual a parlamentar \u00e9 r\u00e9 pelo epis\u00f3dio em que ela sacou uma arma de fogo e perseguiu o jornalista Luan Ara\u00fajo \u00e0s v\u00e9speras do segundo turno das elei\u00e7\u00f5es de 2022. A persegui\u00e7\u00e3o come\u00e7ou ap\u00f3s Zambelli e Luan trocarem provoca\u00e7\u00f5es durante um ato pol\u00edtico no bairro dos Jardins, em S\u00e3o Paulo.<\/p>\n\n\n\n<p>Prevaleceu no julgamento\u00a0o voto proferido pelo relator, ministro Gilmar Mendes.\u00a0O entendimento foi seguido pelos ministros Alexandre de Moraes, C\u00e1rmen L\u00facia, Fl\u00e1vio Dino, Cristiano Zanin, Dias Toffoli, Edson Fachin, Luiz Fux e Lu\u00eds Roberto Barroso.<\/p>\n\n\n\n<p>Nunes Marques e Andr\u00e9 Mendon\u00e7a n\u00e3o seguiram o relator e apresentaram diverg\u00eancias.<\/p>\n\n\n\n<p>Marques votou pela absolvi\u00e7\u00e3o quanto ao crime de porte ilegal de arma de fogo e desclassificou o crime de constrangimento ilegal para exerc\u00edcio arbitr\u00e1rio das pr\u00f3prias raz\u00f5es. Com o entendimento, a pena est\u00e1 prescrita.&nbsp;<\/p>\n\n\n\n<p>Mendon\u00e7a absolveu a deputada do crime de porte ilegal de arma de fogo e condenou Zambelli a oito meses de pris\u00e3o em regime aberto por constrangimento ilegal.<\/p>\n\n\n\n<p>A execu\u00e7\u00e3o da condena\u00e7\u00e3o n\u00e3o \u00e9 imediata porque ainda cabe recurso ao pr\u00f3prio Supremo.<\/p>\n\n\n\n<h2 class=\"wp-block-heading\">Pris\u00e3o<\/h2>\n\n\n\n<p>Esta \u00e9 a segunda condena\u00e7\u00e3o de Zambelli no Supremo.\u00a0No m\u00eas passado,\u00a0<a href=\"https:\/\/agenciabrasil.ebc.com.br\/justica\/noticia\/2025-07\/entenda-situacao-de-carla-zambelli-apos-prisao-na-italia\">ela foi presa na capital da It\u00e1lia<\/a>, onde tentava escapar do cumprimento de um mandado de pris\u00e3o emitido pelo ministro Alexandre de Moraes.<\/p>\n\n\n\n<p>Por ter dupla cidadania, Zambelli deixou o Brasil, em maio deste ano, ap\u00f3s ser condenada pelo STF a 10 anos de pris\u00e3o pela invas\u00e3o ao sistema eletr\u00f4nico do Conselho Nacional de Justi\u00e7a (CNJ), ocorrido em 2023. A deputada tamb\u00e9m ter\u00e1 que pagar R$ 2 milh\u00f5es em danos coletivos.<\/p>\n\n\n\n<p>De acordo com as investiga\u00e7\u00f5es, Zambelli foi a autora intelectual da invas\u00e3o para emiss\u00e3o de um mandato falso de pris\u00e3o contra Alexandre de Moraes. Segundo as investiga\u00e7\u00f5es, o hackeamento foi executado por Walter Delgatti, que tamb\u00e9m foi condenado e confirmou ter realizado o trabalho a mando da parlamentar.<\/p>\n\n\n\n<p>Ap\u00f3s a fuga para a It\u00e1lia, o governo brasileiro solicitou a extradi\u00e7\u00e3o da deputada para o Brasil. O pedido de extradi\u00e7\u00e3o de Carla Zambelli foi oficializado no dia 11 de junho pelo ministro. Em seguida, o pedido foi enviado pelo Itamaraty ao governo italiano.&nbsp;<\/p>\n\n\n\n<h2 class=\"wp-block-heading\">Defesa<\/h2>\n\n\n\n<p>Em nota \u00e0 imprensa, o advogado F\u00e1bio Pagnozzi declarou que Zambelli manifesta \u201csurpresa e profundo desacordo\u201d com a condena\u00e7\u00e3o.<\/p>\n\n\n\n<p>Segundo a defesa, a condena\u00e7\u00e3o ser\u00e1 \u201cfirmemente contestada\u201d por violar princ\u00edpios b\u00e1sicos do devido processo legal e revelar \u201cinterpreta\u00e7\u00e3o extensiva e arbitr\u00e1ria da compet\u00eancia da Suprema Corte\u201d.<\/p>\n\n\n\n<blockquote class=\"wp-block-quote is-layout-flow wp-block-quote-is-layout-flow\">\n<p>\u201cA deputada reafirma sua inoc\u00eancia e que \u00e9 v\u00edtima de persegui\u00e7\u00e3o pol\u00edtica, justo \u00e0s v\u00e9speras de seu pedido de extradi\u00e7\u00e3o, em um julgamento recorde\u201d, disse o advogado.<\/p>\n\n\n\n<p>Texto: Andr\u00e9 Richter &#8211; Rep\u00f3rter da Ag\u00eancia Brasil<br><\/p>\n<\/blockquote>\n","protected":false},"excerpt":{"rendered":"<p>Por 9 votos a 2, o Supremo Tribunal Federal (STF) decidiu nesta sexta-feira (22) condenar a deputada federal licenciada Carla Zambelli (PL-SP) a cinco anos e tr\u00eas meses de pris\u00e3o pelos crimes de porte ilegal de arma de fogo e constrangimento ilegal com emprego de arma de fogo. A Corte finalizou o julgamento virtual da [&hellip;]<\/p>\n","protected":false},"author":13,"featured_media":86621,"comment_status":"open","ping_status":"open","sticky":false,"template":"","format":"standard","meta":{"_acf_changed":false,"footnotes":""},"categories":[898,23,21],"tags":[],"class_list":["post-86667","post","type-post","status-publish","format-standard","has-post-thumbnail","hentry","category-manchete-segundaria","category-politica","category-todas-noticias"],"acf":[],"yoast_head":"<!-- This site is optimized with the Yoast SEO plugin v24.4 - https:\/\/yoast.com\/wordpress\/plugins\/seo\/ -->\n<title>Por 9 votos a 2, Zambelli \u00e9 condenada pela segunda vez no STF\u00a0 - PORTAL DE NOT\u00cdCIAS CLEITON PINHEIRO<\/title>\n<meta name=\"robots\" content=\"index, follow, max-snippet:-1, max-image-preview:large, max-video-preview:-1\" \/>\n<link rel=\"canonical\" href=\"https:\/\/cleitonpinheiro.com.br\/site\/por-9-votos-a-2-zambelli-e-condenada-pela-segunda-vez-no-stf\/\" \/>\n<meta property=\"og:locale\" content=\"pt_BR\" \/>\n<meta property=\"og:type\" content=\"article\" \/>\n<meta property=\"og:title\" content=\"Por 9 votos a 2, Zambelli \u00e9 condenada pela segunda vez no STF\u00a0 - PORTAL DE NOT\u00cdCIAS CLEITON PINHEIRO\" \/>\n<meta property=\"og:description\" content=\"Por 9 votos a 2, o Supremo Tribunal Federal (STF) decidiu nesta sexta-feira (22) condenar a deputada federal licenciada Carla Zambelli (PL-SP) a cinco anos e tr\u00eas meses de pris\u00e3o pelos crimes de porte ilegal de arma de fogo e constrangimento ilegal com emprego de arma de fogo. A Corte finalizou o julgamento virtual da [&hellip;]\" \/>\n<meta property=\"og:url\" content=\"https:\/\/cleitonpinheiro.com.br\/site\/por-9-votos-a-2-zambelli-e-condenada-pela-segunda-vez-no-stf\/\" \/>\n<meta property=\"og:site_name\" content=\"PORTAL DE NOT\u00cdCIAS CLEITON PINHEIRO\" \/>\n<meta property=\"article:publisher\" content=\"https:\/\/www.facebook.com\/portalcpnoticias\/\" \/>\n<meta property=\"article:published_time\" content=\"2025-08-23T14:12:17+00:00\" \/>\n<meta property=\"article:modified_time\" content=\"2025-08-25T14:18:49+00:00\" \/>\n<meta property=\"og:image\" content=\"https:\/\/cleitonpinheiro.com.br\/site\/wp-content\/uploads\/2025\/08\/lula0996-3.webp\" \/>\n\t<meta property=\"og:image:width\" content=\"1170\" \/>\n\t<meta property=\"og:image:height\" content=\"700\" \/>\n\t<meta property=\"og:image:type\" content=\"image\/webp\" \/>\n<meta name=\"author\" content=\"Reda\u00e7\u00e3o CP\" \/>\n<meta name=\"twitter:card\" content=\"summary_large_image\" \/>\n<meta name=\"twitter:label1\" content=\"Escrito por\" \/>\n\t<meta name=\"twitter:data1\" content=\"Reda\u00e7\u00e3o CP\" \/>\n\t<meta name=\"twitter:label2\" content=\"Est. tempo de leitura\" \/>\n\t<meta name=\"twitter:data2\" content=\"4 minutos\" \/>\n<script type=\"application\/ld+json\" class=\"yoast-schema-graph\">{\"@context\":\"https:\/\/schema.org\",\"@graph\":[{\"@type\":\"Article\",\"@id\":\"https:\/\/cleitonpinheiro.com.br\/site\/por-9-votos-a-2-zambelli-e-condenada-pela-segunda-vez-no-stf\/#article\",\"isPartOf\":{\"@id\":\"https:\/\/cleitonpinheiro.com.br\/site\/por-9-votos-a-2-zambelli-e-condenada-pela-segunda-vez-no-stf\/\"},\"author\":{\"name\":\"Reda\u00e7\u00e3o CP\",\"@id\":\"https:\/\/cleitonpinheiro.com.br\/site\/#\/schema\/person\/8f04544e0bc40a1b68775b08360f87db\"},\"headline\":\"Por 9 votos a 2, Zambelli \u00e9 condenada pela segunda vez no STF\u00a0\",\"datePublished\":\"2025-08-23T14:12:17+00:00\",\"dateModified\":\"2025-08-25T14:18:49+00:00\",\"mainEntityOfPage\":{\"@id\":\"https:\/\/cleitonpinheiro.com.br\/site\/por-9-votos-a-2-zambelli-e-condenada-pela-segunda-vez-no-stf\/\"},\"wordCount\":562,\"commentCount\":0,\"publisher\":{\"@id\":\"https:\/\/cleitonpinheiro.com.br\/site\/#organization\"},\"image\":{\"@id\":\"https:\/\/cleitonpinheiro.com.br\/site\/por-9-votos-a-2-zambelli-e-condenada-pela-segunda-vez-no-stf\/#primaryimage\"},\"thumbnailUrl\":\"https:\/\/cleitonpinheiro.com.br\/site\/wp-content\/uploads\/2025\/08\/lula0996-3.webp\",\"articleSection\":[\"MANCHETE SEGUND\u00c1RIA\",\"POL\u00cdTICA\",\"TODAS NOTICIAS\"],\"inLanguage\":\"pt-BR\",\"potentialAction\":[{\"@type\":\"CommentAction\",\"name\":\"Comment\",\"target\":[\"https:\/\/cleitonpinheiro.com.br\/site\/por-9-votos-a-2-zambelli-e-condenada-pela-segunda-vez-no-stf\/#respond\"]}]},{\"@type\":\"WebPage\",\"@id\":\"https:\/\/cleitonpinheiro.com.br\/site\/por-9-votos-a-2-zambelli-e-condenada-pela-segunda-vez-no-stf\/\",\"url\":\"https:\/\/cleitonpinheiro.com.br\/site\/por-9-votos-a-2-zambelli-e-condenada-pela-segunda-vez-no-stf\/\",\"name\":\"Por 9 votos a 2, Zambelli \u00e9 condenada pela segunda vez no STF\u00a0 - PORTAL DE NOT\u00cdCIAS CLEITON PINHEIRO\",\"isPartOf\":{\"@id\":\"https:\/\/cleitonpinheiro.com.br\/site\/#website\"},\"primaryImageOfPage\":{\"@id\":\"https:\/\/cleitonpinheiro.com.br\/site\/por-9-votos-a-2-zambelli-e-condenada-pela-segunda-vez-no-stf\/#primaryimage\"},\"image\":{\"@id\":\"https:\/\/cleitonpinheiro.com.br\/site\/por-9-votos-a-2-zambelli-e-condenada-pela-segunda-vez-no-stf\/#primaryimage\"},\"thumbnailUrl\":\"https:\/\/cleitonpinheiro.com.br\/site\/wp-content\/uploads\/2025\/08\/lula0996-3.webp\",\"datePublished\":\"2025-08-23T14:12:17+00:00\",\"dateModified\":\"2025-08-25T14:18:49+00:00\",\"breadcrumb\":{\"@id\":\"https:\/\/cleitonpinheiro.com.br\/site\/por-9-votos-a-2-zambelli-e-condenada-pela-segunda-vez-no-stf\/#breadcrumb\"},\"inLanguage\":\"pt-BR\",\"potentialAction\":[{\"@type\":\"ReadAction\",\"target\":[\"https:\/\/cleitonpinheiro.com.br\/site\/por-9-votos-a-2-zambelli-e-condenada-pela-segunda-vez-no-stf\/\"]}]},{\"@type\":\"ImageObject\",\"inLanguage\":\"pt-BR\",\"@id\":\"https:\/\/cleitonpinheiro.com.br\/site\/por-9-votos-a-2-zambelli-e-condenada-pela-segunda-vez-no-stf\/#primaryimage\",\"url\":\"https:\/\/cleitonpinheiro.com.br\/site\/wp-content\/uploads\/2025\/08\/lula0996-3.webp\",\"contentUrl\":\"https:\/\/cleitonpinheiro.com.br\/site\/wp-content\/uploads\/2025\/08\/lula0996-3.webp\",\"width\":1170,\"height\":700,\"caption\":\"\u00a9 Lula Marques\/ Ag\u00eancia Brasil\"},{\"@type\":\"BreadcrumbList\",\"@id\":\"https:\/\/cleitonpinheiro.com.br\/site\/por-9-votos-a-2-zambelli-e-condenada-pela-segunda-vez-no-stf\/#breadcrumb\",\"itemListElement\":[{\"@type\":\"ListItem\",\"position\":1,\"name\":\"In\u00edcio\",\"item\":\"https:\/\/cleitonpinheiro.com.br\/site\/\"},{\"@type\":\"ListItem\",\"position\":2,\"name\":\"Por 9 votos a 2, Zambelli \u00e9 condenada pela segunda vez no STF\u00a0\"}]},{\"@type\":\"WebSite\",\"@id\":\"https:\/\/cleitonpinheiro.com.br\/site\/#website\",\"url\":\"https:\/\/cleitonpinheiro.com.br\/site\/\",\"name\":\"PORTAL DE NOT\u00cdCIAS CLEITON PINHEIRO\",\"description\":\"FALANDO A VERDADE\",\"publisher\":{\"@id\":\"https:\/\/cleitonpinheiro.com.br\/site\/#organization\"},\"potentialAction\":[{\"@type\":\"SearchAction\",\"target\":{\"@type\":\"EntryPoint\",\"urlTemplate\":\"https:\/\/cleitonpinheiro.com.br\/site\/?s={search_term_string}\"},\"query-input\":{\"@type\":\"PropertyValueSpecification\",\"valueRequired\":true,\"valueName\":\"search_term_string\"}}],\"inLanguage\":\"pt-BR\"},{\"@type\":\"Organization\",\"@id\":\"https:\/\/cleitonpinheiro.com.br\/site\/#organization\",\"name\":\"CPNOT\u00cdCIAS\",\"url\":\"https:\/\/cleitonpinheiro.com.br\/site\/\",\"logo\":{\"@type\":\"ImageObject\",\"inLanguage\":\"pt-BR\",\"@id\":\"https:\/\/cleitonpinheiro.com.br\/site\/#\/schema\/logo\/image\/\",\"url\":\"https:\/\/cleitonpinheiro.com.br\/site\/wp-content\/uploads\/2022\/08\/Logo-pequena-2.png\",\"contentUrl\":\"https:\/\/cleitonpinheiro.com.br\/site\/wp-content\/uploads\/2022\/08\/Logo-pequena-2.png\",\"width\":500,\"height\":500,\"caption\":\"CPNOT\u00cdCIAS\"},\"image\":{\"@id\":\"https:\/\/cleitonpinheiro.com.br\/site\/#\/schema\/logo\/image\/\"},\"sameAs\":[\"https:\/\/www.facebook.com\/portalcpnoticias\/\"]},{\"@type\":\"Person\",\"@id\":\"https:\/\/cleitonpinheiro.com.br\/site\/#\/schema\/person\/8f04544e0bc40a1b68775b08360f87db\",\"name\":\"Reda\u00e7\u00e3o CP\",\"image\":{\"@type\":\"ImageObject\",\"inLanguage\":\"pt-BR\",\"@id\":\"https:\/\/cleitonpinheiro.com.br\/site\/#\/schema\/person\/image\/\",\"url\":\"https:\/\/secure.gravatar.com\/avatar\/0bcf19cb29fdc8fc588c490c7ae1b3e174dac268586a63fbe1d1893a0f9020cd?s=96&r=g\",\"contentUrl\":\"https:\/\/secure.gravatar.com\/avatar\/0bcf19cb29fdc8fc588c490c7ae1b3e174dac268586a63fbe1d1893a0f9020cd?s=96&r=g\",\"caption\":\"Reda\u00e7\u00e3o CP\"},\"url\":\"https:\/\/cleitonpinheiro.com.br\/site\/author\/redacao\/\"}]}<\/script>\n<!-- \/ Yoast SEO plugin. -->","yoast_head_json":{"title":"Por 9 votos a 2, Zambelli \u00e9 condenada pela segunda vez no STF\u00a0 - PORTAL DE NOT\u00cdCIAS CLEITON PINHEIRO","robots":{"index":"index","follow":"follow","max-snippet":"max-snippet:-1","max-image-preview":"max-image-preview:large","max-video-preview":"max-video-preview:-1"},"canonical":"https:\/\/cleitonpinheiro.com.br\/site\/por-9-votos-a-2-zambelli-e-condenada-pela-segunda-vez-no-stf\/","og_locale":"pt_BR","og_type":"article","og_title":"Por 9 votos a 2, Zambelli \u00e9 condenada pela segunda vez no STF\u00a0 - PORTAL DE NOT\u00cdCIAS CLEITON PINHEIRO","og_description":"Por 9 votos a 2, o Supremo Tribunal Federal (STF) decidiu nesta sexta-feira (22) condenar a deputada federal licenciada Carla Zambelli (PL-SP) a cinco anos e tr\u00eas meses de pris\u00e3o pelos crimes de porte ilegal de arma de fogo e constrangimento ilegal com emprego de arma de fogo. A Corte finalizou o julgamento virtual da [&hellip;]","og_url":"https:\/\/cleitonpinheiro.com.br\/site\/por-9-votos-a-2-zambelli-e-condenada-pela-segunda-vez-no-stf\/","og_site_name":"PORTAL DE NOT\u00cdCIAS CLEITON PINHEIRO","article_publisher":"https:\/\/www.facebook.com\/portalcpnoticias\/","article_published_time":"2025-08-23T14:12:17+00:00","article_modified_time":"2025-08-25T14:18:49+00:00","og_image":[{"width":1170,"height":700,"url":"https:\/\/cleitonpinheiro.com.br\/site\/wp-content\/uploads\/2025\/08\/lula0996-3.webp","type":"image\/webp"}],"author":"Reda\u00e7\u00e3o CP","twitter_card":"summary_large_image","twitter_misc":{"Escrito por":"Reda\u00e7\u00e3o CP","Est. tempo de leitura":"4 minutos"},"schema":{"@context":"https:\/\/schema.org","@graph":[{"@type":"Article","@id":"https:\/\/cleitonpinheiro.com.br\/site\/por-9-votos-a-2-zambelli-e-condenada-pela-segunda-vez-no-stf\/#article","isPartOf":{"@id":"https:\/\/cleitonpinheiro.com.br\/site\/por-9-votos-a-2-zambelli-e-condenada-pela-segunda-vez-no-stf\/"},"author":{"name":"Reda\u00e7\u00e3o CP","@id":"https:\/\/cleitonpinheiro.com.br\/site\/#\/schema\/person\/8f04544e0bc40a1b68775b08360f87db"},"headline":"Por 9 votos a 2, Zambelli \u00e9 condenada pela segunda vez no STF\u00a0","datePublished":"2025-08-23T14:12:17+00:00","dateModified":"2025-08-25T14:18:49+00:00","mainEntityOfPage":{"@id":"https:\/\/cleitonpinheiro.com.br\/site\/por-9-votos-a-2-zambelli-e-condenada-pela-segunda-vez-no-stf\/"},"wordCount":562,"commentCount":0,"publisher":{"@id":"https:\/\/cleitonpinheiro.com.br\/site\/#organization"},"image":{"@id":"https:\/\/cleitonpinheiro.com.br\/site\/por-9-votos-a-2-zambelli-e-condenada-pela-segunda-vez-no-stf\/#primaryimage"},"thumbnailUrl":"https:\/\/cleitonpinheiro.com.br\/site\/wp-content\/uploads\/2025\/08\/lula0996-3.webp","articleSection":["MANCHETE SEGUND\u00c1RIA","POL\u00cdTICA","TODAS NOTICIAS"],"inLanguage":"pt-BR","potentialAction":[{"@type":"CommentAction","name":"Comment","target":["https:\/\/cleitonpinheiro.com.br\/site\/por-9-votos-a-2-zambelli-e-condenada-pela-segunda-vez-no-stf\/#respond"]}]},{"@type":"WebPage","@id":"https:\/\/cleitonpinheiro.com.br\/site\/por-9-votos-a-2-zambelli-e-condenada-pela-segunda-vez-no-stf\/","url":"https:\/\/cleitonpinheiro.com.br\/site\/por-9-votos-a-2-zambelli-e-condenada-pela-segunda-vez-no-stf\/","name":"Por 9 votos a 2, Zambelli \u00e9 condenada pela segunda vez no STF\u00a0 - PORTAL DE NOT\u00cdCIAS CLEITON PINHEIRO","isPartOf":{"@id":"https:\/\/cleitonpinheiro.com.br\/site\/#website"},"primaryImageOfPage":{"@id":"https:\/\/cleitonpinheiro.com.br\/site\/por-9-votos-a-2-zambelli-e-condenada-pela-segunda-vez-no-stf\/#primaryimage"},"image":{"@id":"https:\/\/cleitonpinheiro.com.br\/site\/por-9-votos-a-2-zambelli-e-condenada-pela-segunda-vez-no-stf\/#primaryimage"},"thumbnailUrl":"https:\/\/cleitonpinheiro.com.br\/site\/wp-content\/uploads\/2025\/08\/lula0996-3.webp","datePublished":"2025-08-23T14:12:17+00:00","dateModified":"2025-08-25T14:18:49+00:00","breadcrumb":{"@id":"https:\/\/cleitonpinheiro.com.br\/site\/por-9-votos-a-2-zambelli-e-condenada-pela-segunda-vez-no-stf\/#breadcrumb"},"inLanguage":"pt-BR","potentialAction":[{"@type":"ReadAction","target":["https:\/\/cleitonpinheiro.com.br\/site\/por-9-votos-a-2-zambelli-e-condenada-pela-segunda-vez-no-stf\/"]}]},{"@type":"ImageObject","inLanguage":"pt-BR","@id":"https:\/\/cleitonpinheiro.com.br\/site\/por-9-votos-a-2-zambelli-e-condenada-pela-segunda-vez-no-stf\/#primaryimage","url":"https:\/\/cleitonpinheiro.com.br\/site\/wp-content\/uploads\/2025\/08\/lula0996-3.webp","contentUrl":"https:\/\/cleitonpinheiro.com.br\/site\/wp-content\/uploads\/2025\/08\/lula0996-3.webp","width":1170,"height":700,"caption":"\u00a9 Lula Marques\/ Ag\u00eancia Brasil"},{"@type":"BreadcrumbList","@id":"https:\/\/cleitonpinheiro.com.br\/site\/por-9-votos-a-2-zambelli-e-condenada-pela-segunda-vez-no-stf\/#breadcrumb","itemListElement":[{"@type":"ListItem","position":1,"name":"In\u00edcio","item":"https:\/\/cleitonpinheiro.com.br\/site\/"},{"@type":"ListItem","position":2,"name":"Por 9 votos a 2, Zambelli \u00e9 condenada pela segunda vez no STF\u00a0"}]},{"@type":"WebSite","@id":"https:\/\/cleitonpinheiro.com.br\/site\/#website","url":"https:\/\/cleitonpinheiro.com.br\/site\/","name":"PORTAL DE NOT\u00cdCIAS CLEITON PINHEIRO","description":"FALANDO A VERDADE","publisher":{"@id":"https:\/\/cleitonpinheiro.com.br\/site\/#organization"},"potentialAction":[{"@type":"SearchAction","target":{"@type":"EntryPoint","urlTemplate":"https:\/\/cleitonpinheiro.com.br\/site\/?s={search_term_string}"},"query-input":{"@type":"PropertyValueSpecification","valueRequired":true,"valueName":"search_term_string"}}],"inLanguage":"pt-BR"},{"@type":"Organization","@id":"https:\/\/cleitonpinheiro.com.br\/site\/#organization","name":"CPNOT\u00cdCIAS","url":"https:\/\/cleitonpinheiro.com.br\/site\/","logo":{"@type":"ImageObject","inLanguage":"pt-BR","@id":"https:\/\/cleitonpinheiro.com.br\/site\/#\/schema\/logo\/image\/","url":"https:\/\/cleitonpinheiro.com.br\/site\/wp-content\/uploads\/2022\/08\/Logo-pequena-2.png","contentUrl":"https:\/\/cleitonpinheiro.com.br\/site\/wp-content\/uploads\/2022\/08\/Logo-pequena-2.png","width":500,"height":500,"caption":"CPNOT\u00cdCIAS"},"image":{"@id":"https:\/\/cleitonpinheiro.com.br\/site\/#\/schema\/logo\/image\/"},"sameAs":["https:\/\/www.facebook.com\/portalcpnoticias\/"]},{"@type":"Person","@id":"https:\/\/cleitonpinheiro.com.br\/site\/#\/schema\/person\/8f04544e0bc40a1b68775b08360f87db","name":"Reda\u00e7\u00e3o CP","image":{"@type":"ImageObject","inLanguage":"pt-BR","@id":"https:\/\/cleitonpinheiro.com.br\/site\/#\/schema\/person\/image\/","url":"https:\/\/secure.gravatar.com\/avatar\/0bcf19cb29fdc8fc588c490c7ae1b3e174dac268586a63fbe1d1893a0f9020cd?s=96&r=g","contentUrl":"https:\/\/secure.gravatar.com\/avatar\/0bcf19cb29fdc8fc588c490c7ae1b3e174dac268586a63fbe1d1893a0f9020cd?s=96&r=g","caption":"Reda\u00e7\u00e3o CP"},"url":"https:\/\/cleitonpinheiro.com.br\/site\/author\/redacao\/"}]}},"views":117,"_links":{"self":[{"href":"https:\/\/cleitonpinheiro.com.br\/site\/wp-json\/wp\/v2\/posts\/86667","targetHints":{"allow":["GET"]}}],"collection":[{"href":"https:\/\/cleitonpinheiro.com.br\/site\/wp-json\/wp\/v2\/posts"}],"about":[{"href":"https:\/\/cleitonpinheiro.com.br\/site\/wp-json\/wp\/v2\/types\/post"}],"author":[{"embeddable":true,"href":"https:\/\/cleitonpinheiro.com.br\/site\/wp-json\/wp\/v2\/users\/13"}],"replies":[{"embeddable":true,"href":"https:\/\/cleitonpinheiro.com.br\/site\/wp-json\/wp\/v2\/comments?post=86667"}],"version-history":[{"count":1,"href":"https:\/\/cleitonpinheiro.com.br\/site\/wp-json\/wp\/v2\/posts\/86667\/revisions"}],"predecessor-version":[{"id":86668,"href":"https:\/\/cleitonpinheiro.com.br\/site\/wp-json\/wp\/v2\/posts\/86667\/revisions\/86668"}],"wp:featuredmedia":[{"embeddable":true,"href":"https:\/\/cleitonpinheiro.com.br\/site\/wp-json\/wp\/v2\/media\/86621"}],"wp:attachment":[{"href":"https:\/\/cleitonpinheiro.com.br\/site\/wp-json\/wp\/v2\/media?parent=86667"}],"wp:term":[{"taxonomy":"category","embeddable":true,"href":"https:\/\/cleitonpinheiro.com.br\/site\/wp-json\/wp\/v2\/categories?post=86667"},{"taxonomy":"post_tag","embeddable":true,"href":"https:\/\/cleitonpinheiro.com.br\/site\/wp-json\/wp\/v2\/tags?post=86667"}],"curies":[{"name":"wp","href":"https:\/\/api.w.org\/{rel}","templated":true}]}}